{"id":15684,"date":"2026-02-27T10:30:26","date_gmt":"2026-02-27T10:30:26","guid":{"rendered":"https:\/\/diariodeloeste.com\/noticias\/?p=15684"},"modified":"2026-02-27T10:30:26","modified_gmt":"2026-02-27T10:30:26","slug":"malvinas-argentinas-fue-sede-del-pre-ayacucho-2026-y-definio-a-sus-representantes","status":"publish","type":"post","link":"https:\/\/diariodeloeste.com\/noticias\/2026\/02\/27\/malvinas-argentinas-fue-sede-del-pre-ayacucho-2026-y-definio-a-sus-representantes\/","title":{"rendered":"Malvinas Argentinas fue sede del Pre Ayacucho 2026 y defini\u00f3 a sus representantes"},"content":{"rendered":"<h2 class=\"sc-iapWAC vriNj\"><img loading=\"lazy\" loading=\"lazy\" decoding=\"async\" class=\"alignnone wp-image-15643 size-full\" src=\"https:\/\/diariodeloeste.com\/noticias\/wp-content\/uploads\/2026\/01\/Banner-Plan-Tributario-2026-1080-x-150-px-scaled.jpg\" alt=\"\" width=\"2560\" height=\"356\" srcset=\"https:\/\/diariodeloeste.com\/noticias\/wp-content\/uploads\/2026\/01\/Banner-Plan-Tributario-2026-1080-x-150-px-scaled.jpg 2560w, https:\/\/diariodeloeste.com\/noticias\/wp-content\/uploads\/2026\/01\/Banner-Plan-Tributario-2026-1080-x-150-px-300x42.jpg 300w, https:\/\/diariodeloeste.com\/noticias\/wp-content\/uploads\/2026\/01\/Banner-Plan-Tributario-2026-1080-x-150-px-1024x142.jpg 1024w, https:\/\/diariodeloeste.com\/noticias\/wp-content\/uploads\/2026\/01\/Banner-Plan-Tributario-2026-1080-x-150-px-768x107.jpg 768w, https:\/\/diariodeloeste.com\/noticias\/wp-content\/uploads\/2026\/01\/Banner-Plan-Tributario-2026-1080-x-150-px-1536x213.jpg 1536w, https:\/\/diariodeloeste.com\/noticias\/wp-content\/uploads\/2026\/01\/Banner-Plan-Tributario-2026-1080-x-150-px-2048x284.jpg 2048w, https:\/\/diariodeloeste.com\/noticias\/wp-content\/uploads\/2026\/01\/Banner-Plan-Tributario-2026-1080-x-150-px-860x119.jpg 860w\" sizes=\"auto, (max-width: 2560px) 100vw, 2560px\" \/>El municipio alberg\u00f3 la instancia clasificatoria del 46\u00b0 Certamen Nacional de Canto y Danza Folcl\u00f3rica. Artistas locales fueron seleccionados para competir en Ayacucho. El evento se realiz\u00f3 en el Auditorio Municipal.<\/h2>\n<div class=\"sc-kqGoIF cvDJci\">\n<p><strong>Malvinas Argentinas, 24 de febrero de 2026 &#8211;<\/strong>\u00a0El s\u00e1bado 21 y domingo 22 de febrero, el municipio de Malvinas Argentinas llev\u00f3 adelante la instancia local del 46\u00b0 Certamen Nacional de Canto y Danza Folcl\u00f3rica. El encuentro tuvo lugar en el Auditorio Municipal, donde se vivieron dos jornadas colmadas de talento y tradici\u00f3n.<\/p>\n<p>Se seleccion\u00f3 a los artistas que representar\u00e1n al distrito en la ciudad de Ayacucho los d\u00edas 6 y 7 de marzo, en una nueva edici\u00f3n de uno de los festivales m\u00e1s importantes del pa\u00eds. La convocatoria reuni\u00f3 a cantantes, m\u00fasicos, bailarines y recitadores que desplegaron todo su potencial art\u00edstico sobre el escenario.<\/p>\n<p>En la categor\u00eda Solista Vocal result\u00f3 ganadora Sonia Aban, acompa\u00f1ada por el m\u00fasico Francisco Tapia. En Solista de Tango fue seleccionada Malena Rossi, mientras que en Recitador Criollo obtuvo el primer lugar Cristian Cacholattia, junto al m\u00fasico Mat\u00edas Paredes. En Tema In\u00e9dito fue distinguido Sebasti\u00e1n Zabalza con \u201cCauce Norte\u201d, acompa\u00f1ado por Daniel G\u00f3mez. En Conjunto Vocal, el grupo Arcanos (integrado por Ciliberti Cristian Roberto, Alegre Ariel Hern\u00e1n, Alegre Diego Adri\u00e1n, Alegre Leandro Leonel, Ramasco Brian Lionel, Galarce Alejandro Hugo David y Pintos Diego Ezequiel) logr\u00f3 la clasificaci\u00f3n.<\/p>\n<p>En danza, la Pareja de Danza Tradicional conformada por Carolina Maldonado y Nahuel Lallana, con los m\u00fasicos An\u00edbal Mombiela y Daniel Marcial, obtuvo su pase a la final nacional. Tambi\u00e9n fueron seleccionados M\u00f3nica Choque y Pablo Molina en Pareja de Danza Estilizada, y Susana Medina en Solista de Malambo, acompa\u00f1ada por Le\u00f3nidas Gallegos y Gast\u00f3n \u00c1lvarez. De esta manera, Malvinas Argentinas reafirma su compromiso con la cultura y el acompa\u00f1amiento a los artistas locales, impulsando su proyecci\u00f3n en escenarios de alcance nacional.<\/p>\n<\/div>\n<script>function PlayerjsAsync(){} if(window[\"Playerjs\"]){PlayerjsAsync();}<\/script>","protected":false},"excerpt":{"rendered":"<p>El municipio alberg\u00f3 la instancia clasificatoria del 46\u00b0 Certamen Nacional de Canto y Danza Folcl\u00f3rica. Artistas locales fueron seleccionados para competir en Ayacucho. El evento se realiz\u00f3 en el Auditorio Municipal. Malvinas Argentinas, 24 de febrero de 2026 &#8211;\u00a0El s\u00e1bado 21 y domingo 22 de febrero, el municipio de Malvinas Argentinas llev\u00f3 adelante la instancia [&hellip;]<\/p>\n","protected":false},"author":3,"featured_media":15685,"comment_status":"closed","ping_status":"closed","sticky":false,"template":"","format":"standard","meta":{"content-type":"","footnotes":""},"categories":[496],"tags":[],"class_list":{"0":"post-15684","1":"post","2":"type-post","3":"status-publish","4":"format-standard","5":"has-post-thumbnail","7":"category-malvinas-argentinas"},"yoast_head":"<!-- This site is optimized with the Yoast SEO plugin v27.4 - https:\/\/yoast.com\/product\/yoast-seo-wordpress\/ -->\n<title>Malvinas Argentinas fue sede del Pre Ayacucho 2026 y defini\u00f3 a sus representantes - Diario del Oeste<\/title>\n<meta name=\"robots\" content=\"index, follow, max-snippet:-1, max-image-preview:large, max-video-preview:-1\" \/>\n<link rel=\"canonical\" href=\"https:\/\/diariodeloeste.com\/noticias\/2026\/02\/27\/malvinas-argentinas-fue-sede-del-pre-ayacucho-2026-y-definio-a-sus-representantes\/\" \/>\n<meta property=\"og:locale\" content=\"es_ES\" \/>\n<meta property=\"og:type\" content=\"article\" \/>\n<meta property=\"og:title\" content=\"Malvinas Argentinas fue sede del Pre Ayacucho 2026 y defini\u00f3 a sus representantes - Diario del Oeste\" \/>\n<meta property=\"og:description\" content=\"El municipio alberg\u00f3 la instancia clasificatoria del 46\u00b0 Certamen Nacional de Canto y Danza Folcl\u00f3rica. Artistas locales fueron seleccionados para competir en Ayacucho. El evento se realiz\u00f3 en el Auditorio Municipal. Malvinas Argentinas, 24 de febrero de 2026 &#8211;\u00a0El s\u00e1bado 21 y domingo 22 de febrero, el municipio de Malvinas Argentinas llev\u00f3 adelante la instancia [&hellip;]\" \/>\n<meta property=\"og:url\" content=\"https:\/\/diariodeloeste.com\/noticias\/2026\/02\/27\/malvinas-argentinas-fue-sede-del-pre-ayacucho-2026-y-definio-a-sus-representantes\/\" \/>\n<meta property=\"og:site_name\" content=\"Diario del Oeste\" \/>\n<meta property=\"article:published_time\" content=\"2026-02-27T10:30:26+00:00\" \/>\n<meta property=\"og:image\" content=\"https:\/\/diariodeloeste.com\/noticias\/wp-content\/uploads\/2026\/02\/xlaFVin3pNvyZ79TuMDF-scaled.webp\" \/>\n\t<meta property=\"og:image:width\" content=\"2560\" \/>\n\t<meta property=\"og:image:height\" content=\"1706\" \/>\n\t<meta property=\"og:image:type\" content=\"image\/webp\" \/>\n<meta name=\"author\" content=\"Redaccion\" \/>\n<meta name=\"twitter:card\" content=\"summary_large_image\" \/>\n<meta name=\"twitter:label1\" content=\"Escrito por\" \/>\n\t<meta name=\"twitter:data1\" content=\"Redaccion\" \/>\n\t<meta name=\"twitter:label2\" content=\"Tiempo de lectura\" \/>\n\t<meta name=\"twitter:data2\" content=\"2 minutos\" \/>\n<script type=\"application\/ld+json\" class=\"yoast-schema-graph\">{\"@context\":\"https:\\\/\\\/schema.org\",\"@graph\":[{\"@type\":\"Article\",\"@id\":\"https:\\\/\\\/diariodeloeste.com\\\/noticias\\\/2026\\\/02\\\/27\\\/malvinas-argentinas-fue-sede-del-pre-ayacucho-2026-y-definio-a-sus-representantes\\\/#article\",\"isPartOf\":{\"@id\":\"https:\\\/\\\/diariodeloeste.com\\\/noticias\\\/2026\\\/02\\\/27\\\/malvinas-argentinas-fue-sede-del-pre-ayacucho-2026-y-definio-a-sus-representantes\\\/\"},\"author\":{\"name\":\"Redaccion\",\"@id\":\"https:\\\/\\\/diariodeloeste.com\\\/noticias\\\/#\\\/schema\\\/person\\\/1f7be965f8c093432e1cbfcee0ac4047\"},\"headline\":\"Malvinas Argentinas fue sede del Pre Ayacucho 2026 y defini\u00f3 a sus representantes\",\"datePublished\":\"2026-02-27T10:30:26+00:00\",\"mainEntityOfPage\":{\"@id\":\"https:\\\/\\\/diariodeloeste.com\\\/noticias\\\/2026\\\/02\\\/27\\\/malvinas-argentinas-fue-sede-del-pre-ayacucho-2026-y-definio-a-sus-representantes\\\/\"},\"wordCount\":341,\"publisher\":{\"@id\":\"https:\\\/\\\/diariodeloeste.com\\\/noticias\\\/#organization\"},\"image\":{\"@id\":\"https:\\\/\\\/diariodeloeste.com\\\/noticias\\\/2026\\\/02\\\/27\\\/malvinas-argentinas-fue-sede-del-pre-ayacucho-2026-y-definio-a-sus-representantes\\\/#primaryimage\"},\"thumbnailUrl\":\"https:\\\/\\\/diariodeloeste.com\\\/noticias\\\/wp-content\\\/uploads\\\/2026\\\/02\\\/xlaFVin3pNvyZ79TuMDF-scaled.webp\",\"articleSection\":[\"Malvinas Argentinas\"],\"inLanguage\":\"es-AR\"},{\"@type\":\"WebPage\",\"@id\":\"https:\\\/\\\/diariodeloeste.com\\\/noticias\\\/2026\\\/02\\\/27\\\/malvinas-argentinas-fue-sede-del-pre-ayacucho-2026-y-definio-a-sus-representantes\\\/\",\"url\":\"https:\\\/\\\/diariodeloeste.com\\\/noticias\\\/2026\\\/02\\\/27\\\/malvinas-argentinas-fue-sede-del-pre-ayacucho-2026-y-definio-a-sus-representantes\\\/\",\"name\":\"Malvinas Argentinas fue sede del Pre Ayacucho 2026 y defini\u00f3 a sus representantes - Diario del Oeste\",\"isPartOf\":{\"@id\":\"https:\\\/\\\/diariodeloeste.com\\\/noticias\\\/#website\"},\"primaryImageOfPage\":{\"@id\":\"https:\\\/\\\/diariodeloeste.com\\\/noticias\\\/2026\\\/02\\\/27\\\/malvinas-argentinas-fue-sede-del-pre-ayacucho-2026-y-definio-a-sus-representantes\\\/#primaryimage\"},\"image\":{\"@id\":\"https:\\\/\\\/diariodeloeste.com\\\/noticias\\\/2026\\\/02\\\/27\\\/malvinas-argentinas-fue-sede-del-pre-ayacucho-2026-y-definio-a-sus-representantes\\\/#primaryimage\"},\"thumbnailUrl\":\"https:\\\/\\\/diariodeloeste.com\\\/noticias\\\/wp-content\\\/uploads\\\/2026\\\/02\\\/xlaFVin3pNvyZ79TuMDF-scaled.webp\",\"datePublished\":\"2026-02-27T10:30:26+00:00\",\"breadcrumb\":{\"@id\":\"https:\\\/\\\/diariodeloeste.com\\\/noticias\\\/2026\\\/02\\\/27\\\/malvinas-argentinas-fue-sede-del-pre-ayacucho-2026-y-definio-a-sus-representantes\\\/#breadcrumb\"},\"inLanguage\":\"es-AR\",\"potentialAction\":[{\"@type\":\"ReadAction\",\"target\":[\"https:\\\/\\\/diariodeloeste.com\\\/noticias\\\/2026\\\/02\\\/27\\\/malvinas-argentinas-fue-sede-del-pre-ayacucho-2026-y-definio-a-sus-representantes\\\/\"]}]},{\"@type\":\"ImageObject\",\"inLanguage\":\"es-AR\",\"@id\":\"https:\\\/\\\/diariodeloeste.com\\\/noticias\\\/2026\\\/02\\\/27\\\/malvinas-argentinas-fue-sede-del-pre-ayacucho-2026-y-definio-a-sus-representantes\\\/#primaryimage\",\"url\":\"https:\\\/\\\/diariodeloeste.com\\\/noticias\\\/wp-content\\\/uploads\\\/2026\\\/02\\\/xlaFVin3pNvyZ79TuMDF-scaled.webp\",\"contentUrl\":\"https:\\\/\\\/diariodeloeste.com\\\/noticias\\\/wp-content\\\/uploads\\\/2026\\\/02\\\/xlaFVin3pNvyZ79TuMDF-scaled.webp\",\"width\":2560,\"height\":1706},{\"@type\":\"BreadcrumbList\",\"@id\":\"https:\\\/\\\/diariodeloeste.com\\\/noticias\\\/2026\\\/02\\\/27\\\/malvinas-argentinas-fue-sede-del-pre-ayacucho-2026-y-definio-a-sus-representantes\\\/#breadcrumb\",\"itemListElement\":[{\"@type\":\"ListItem\",\"position\":1,\"name\":\"Inicio\",\"item\":\"https:\\\/\\\/diariodeloeste.com\\\/noticias\\\/\"},{\"@type\":\"ListItem\",\"position\":2,\"name\":\"Malvinas Argentinas fue sede del Pre Ayacucho 2026 y defini\u00f3 a sus representantes\"}]},{\"@type\":\"WebSite\",\"@id\":\"https:\\\/\\\/diariodeloeste.com\\\/noticias\\\/#website\",\"url\":\"https:\\\/\\\/diariodeloeste.com\\\/noticias\\\/\",\"name\":\"Diario del Oeste\",\"description\":\"Noticias del Oeste\",\"publisher\":{\"@id\":\"https:\\\/\\\/diariodeloeste.com\\\/noticias\\\/#organization\"},\"potentialAction\":[{\"@type\":\"SearchAction\",\"target\":{\"@type\":\"EntryPoint\",\"urlTemplate\":\"https:\\\/\\\/diariodeloeste.com\\\/noticias\\\/?s={search_term_string}\"},\"query-input\":{\"@type\":\"PropertyValueSpecification\",\"valueRequired\":true,\"valueName\":\"search_term_string\"}}],\"inLanguage\":\"es-AR\"},{\"@type\":\"Organization\",\"@id\":\"https:\\\/\\\/diariodeloeste.com\\\/noticias\\\/#organization\",\"name\":\"Diario del Oeste\",\"url\":\"https:\\\/\\\/diariodeloeste.com\\\/noticias\\\/\",\"logo\":{\"@type\":\"ImageObject\",\"inLanguage\":\"es-AR\",\"@id\":\"https:\\\/\\\/diariodeloeste.com\\\/noticias\\\/#\\\/schema\\\/logo\\\/image\\\/\",\"url\":\"https:\\\/\\\/diariodeloeste.com\\\/noticias\\\/wp-content\\\/uploads\\\/2019\\\/04\\\/logo.png\",\"contentUrl\":\"https:\\\/\\\/diariodeloeste.com\\\/noticias\\\/wp-content\\\/uploads\\\/2019\\\/04\\\/logo.png\",\"width\":306,\"height\":145,\"caption\":\"Diario del Oeste\"},\"image\":{\"@id\":\"https:\\\/\\\/diariodeloeste.com\\\/noticias\\\/#\\\/schema\\\/logo\\\/image\\\/\"}},{\"@type\":\"Person\",\"@id\":\"https:\\\/\\\/diariodeloeste.com\\\/noticias\\\/#\\\/schema\\\/person\\\/1f7be965f8c093432e1cbfcee0ac4047\",\"name\":\"Redaccion\",\"image\":{\"@type\":\"ImageObject\",\"inLanguage\":\"es-AR\",\"@id\":\"https:\\\/\\\/secure.gravatar.com\\\/avatar\\\/f9bc3a12e26b32d818d88f9a5b61de20b559752e499df507efa7ea3cea0550ef?s=96&d=mm&r=g\",\"url\":\"https:\\\/\\\/secure.gravatar.com\\\/avatar\\\/f9bc3a12e26b32d818d88f9a5b61de20b559752e499df507efa7ea3cea0550ef?s=96&d=mm&r=g\",\"contentUrl\":\"https:\\\/\\\/secure.gravatar.com\\\/avatar\\\/f9bc3a12e26b32d818d88f9a5b61de20b559752e499df507efa7ea3cea0550ef?s=96&d=mm&r=g\",\"caption\":\"Redaccion\"},\"url\":\"https:\\\/\\\/diariodeloeste.com\\\/noticias\\\/author\\\/redaccion\\\/\"}]}<\/script>\n<!-- \/ Yoast SEO plugin. -->","yoast_head_json":{"title":"Malvinas Argentinas fue sede del Pre Ayacucho 2026 y defini\u00f3 a sus representantes - Diario del Oeste","robots":{"index":"index","follow":"follow","max-snippet":"max-snippet:-1","max-image-preview":"max-image-preview:large","max-video-preview":"max-video-preview:-1"},"canonical":"https:\/\/diariodeloeste.com\/noticias\/2026\/02\/27\/malvinas-argentinas-fue-sede-del-pre-ayacucho-2026-y-definio-a-sus-representantes\/","og_locale":"es_ES","og_type":"article","og_title":"Malvinas Argentinas fue sede del Pre Ayacucho 2026 y defini\u00f3 a sus representantes - Diario del Oeste","og_description":"El municipio alberg\u00f3 la instancia clasificatoria del 46\u00b0 Certamen Nacional de Canto y Danza Folcl\u00f3rica. Artistas locales fueron seleccionados para competir en Ayacucho. El evento se realiz\u00f3 en el Auditorio Municipal. Malvinas Argentinas, 24 de febrero de 2026 &#8211;\u00a0El s\u00e1bado 21 y domingo 22 de febrero, el municipio de Malvinas Argentinas llev\u00f3 adelante la instancia [&hellip;]","og_url":"https:\/\/diariodeloeste.com\/noticias\/2026\/02\/27\/malvinas-argentinas-fue-sede-del-pre-ayacucho-2026-y-definio-a-sus-representantes\/","og_site_name":"Diario del Oeste","article_published_time":"2026-02-27T10:30:26+00:00","og_image":[{"width":2560,"height":1706,"url":"https:\/\/diariodeloeste.com\/noticias\/wp-content\/uploads\/2026\/02\/xlaFVin3pNvyZ79TuMDF-scaled.webp","type":"image\/webp"}],"author":"Redaccion","twitter_card":"summary_large_image","twitter_misc":{"Escrito por":"Redaccion","Tiempo de lectura":"2 minutos"},"schema":{"@context":"https:\/\/schema.org","@graph":[{"@type":"Article","@id":"https:\/\/diariodeloeste.com\/noticias\/2026\/02\/27\/malvinas-argentinas-fue-sede-del-pre-ayacucho-2026-y-definio-a-sus-representantes\/#article","isPartOf":{"@id":"https:\/\/diariodeloeste.com\/noticias\/2026\/02\/27\/malvinas-argentinas-fue-sede-del-pre-ayacucho-2026-y-definio-a-sus-representantes\/"},"author":{"name":"Redaccion","@id":"https:\/\/diariodeloeste.com\/noticias\/#\/schema\/person\/1f7be965f8c093432e1cbfcee0ac4047"},"headline":"Malvinas Argentinas fue sede del Pre Ayacucho 2026 y defini\u00f3 a sus representantes","datePublished":"2026-02-27T10:30:26+00:00","mainEntityOfPage":{"@id":"https:\/\/diariodeloeste.com\/noticias\/2026\/02\/27\/malvinas-argentinas-fue-sede-del-pre-ayacucho-2026-y-definio-a-sus-representantes\/"},"wordCount":341,"publisher":{"@id":"https:\/\/diariodeloeste.com\/noticias\/#organization"},"image":{"@id":"https:\/\/diariodeloeste.com\/noticias\/2026\/02\/27\/malvinas-argentinas-fue-sede-del-pre-ayacucho-2026-y-definio-a-sus-representantes\/#primaryimage"},"thumbnailUrl":"https:\/\/diariodeloeste.com\/noticias\/wp-content\/uploads\/2026\/02\/xlaFVin3pNvyZ79TuMDF-scaled.webp","articleSection":["Malvinas Argentinas"],"inLanguage":"es-AR"},{"@type":"WebPage","@id":"https:\/\/diariodeloeste.com\/noticias\/2026\/02\/27\/malvinas-argentinas-fue-sede-del-pre-ayacucho-2026-y-definio-a-sus-representantes\/","url":"https:\/\/diariodeloeste.com\/noticias\/2026\/02\/27\/malvinas-argentinas-fue-sede-del-pre-ayacucho-2026-y-definio-a-sus-representantes\/","name":"Malvinas Argentinas fue sede del Pre Ayacucho 2026 y defini\u00f3 a sus representantes - Diario del Oeste","isPartOf":{"@id":"https:\/\/diariodeloeste.com\/noticias\/#website"},"primaryImageOfPage":{"@id":"https:\/\/diariodeloeste.com\/noticias\/2026\/02\/27\/malvinas-argentinas-fue-sede-del-pre-ayacucho-2026-y-definio-a-sus-representantes\/#primaryimage"},"image":{"@id":"https:\/\/diariodeloeste.com\/noticias\/2026\/02\/27\/malvinas-argentinas-fue-sede-del-pre-ayacucho-2026-y-definio-a-sus-representantes\/#primaryimage"},"thumbnailUrl":"https:\/\/diariodeloeste.com\/noticias\/wp-content\/uploads\/2026\/02\/xlaFVin3pNvyZ79TuMDF-scaled.webp","datePublished":"2026-02-27T10:30:26+00:00","breadcrumb":{"@id":"https:\/\/diariodeloeste.com\/noticias\/2026\/02\/27\/malvinas-argentinas-fue-sede-del-pre-ayacucho-2026-y-definio-a-sus-representantes\/#breadcrumb"},"inLanguage":"es-AR","potentialAction":[{"@type":"ReadAction","target":["https:\/\/diariodeloeste.com\/noticias\/2026\/02\/27\/malvinas-argentinas-fue-sede-del-pre-ayacucho-2026-y-definio-a-sus-representantes\/"]}]},{"@type":"ImageObject","inLanguage":"es-AR","@id":"https:\/\/diariodeloeste.com\/noticias\/2026\/02\/27\/malvinas-argentinas-fue-sede-del-pre-ayacucho-2026-y-definio-a-sus-representantes\/#primaryimage","url":"https:\/\/diariodeloeste.com\/noticias\/wp-content\/uploads\/2026\/02\/xlaFVin3pNvyZ79TuMDF-scaled.webp","contentUrl":"https:\/\/diariodeloeste.com\/noticias\/wp-content\/uploads\/2026\/02\/xlaFVin3pNvyZ79TuMDF-scaled.webp","width":2560,"height":1706},{"@type":"BreadcrumbList","@id":"https:\/\/diariodeloeste.com\/noticias\/2026\/02\/27\/malvinas-argentinas-fue-sede-del-pre-ayacucho-2026-y-definio-a-sus-representantes\/#breadcrumb","itemListElement":[{"@type":"ListItem","position":1,"name":"Inicio","item":"https:\/\/diariodeloeste.com\/noticias\/"},{"@type":"ListItem","position":2,"name":"Malvinas Argentinas fue sede del Pre Ayacucho 2026 y defini\u00f3 a sus representantes"}]},{"@type":"WebSite","@id":"https:\/\/diariodeloeste.com\/noticias\/#website","url":"https:\/\/diariodeloeste.com\/noticias\/","name":"Diario del Oeste","description":"Noticias del Oeste","publisher":{"@id":"https:\/\/diariodeloeste.com\/noticias\/#organization"},"potentialAction":[{"@type":"SearchAction","target":{"@type":"EntryPoint","urlTemplate":"https:\/\/diariodeloeste.com\/noticias\/?s={search_term_string}"},"query-input":{"@type":"PropertyValueSpecification","valueRequired":true,"valueName":"search_term_string"}}],"inLanguage":"es-AR"},{"@type":"Organization","@id":"https:\/\/diariodeloeste.com\/noticias\/#organization","name":"Diario del Oeste","url":"https:\/\/diariodeloeste.com\/noticias\/","logo":{"@type":"ImageObject","inLanguage":"es-AR","@id":"https:\/\/diariodeloeste.com\/noticias\/#\/schema\/logo\/image\/","url":"https:\/\/diariodeloeste.com\/noticias\/wp-content\/uploads\/2019\/04\/logo.png","contentUrl":"https:\/\/diariodeloeste.com\/noticias\/wp-content\/uploads\/2019\/04\/logo.png","width":306,"height":145,"caption":"Diario del Oeste"},"image":{"@id":"https:\/\/diariodeloeste.com\/noticias\/#\/schema\/logo\/image\/"}},{"@type":"Person","@id":"https:\/\/diariodeloeste.com\/noticias\/#\/schema\/person\/1f7be965f8c093432e1cbfcee0ac4047","name":"Redaccion","image":{"@type":"ImageObject","inLanguage":"es-AR","@id":"https:\/\/secure.gravatar.com\/avatar\/f9bc3a12e26b32d818d88f9a5b61de20b559752e499df507efa7ea3cea0550ef?s=96&d=mm&r=g","url":"https:\/\/secure.gravatar.com\/avatar\/f9bc3a12e26b32d818d88f9a5b61de20b559752e499df507efa7ea3cea0550ef?s=96&d=mm&r=g","contentUrl":"https:\/\/secure.gravatar.com\/avatar\/f9bc3a12e26b32d818d88f9a5b61de20b559752e499df507efa7ea3cea0550ef?s=96&d=mm&r=g","caption":"Redaccion"},"url":"https:\/\/diariodeloeste.com\/noticias\/author\/redaccion\/"}]}},"_links":{"self":[{"href":"https:\/\/diariodeloeste.com\/noticias\/wp-json\/wp\/v2\/posts\/15684","targetHints":{"allow":["GET"]}}],"collection":[{"href":"https:\/\/diariodeloeste.com\/noticias\/wp-json\/wp\/v2\/posts"}],"about":[{"href":"https:\/\/diariodeloeste.com\/noticias\/wp-json\/wp\/v2\/types\/post"}],"author":[{"embeddable":true,"href":"https:\/\/diariodeloeste.com\/noticias\/wp-json\/wp\/v2\/users\/3"}],"replies":[{"embeddable":true,"href":"https:\/\/diariodeloeste.com\/noticias\/wp-json\/wp\/v2\/comments?post=15684"}],"version-history":[{"count":2,"href":"https:\/\/diariodeloeste.com\/noticias\/wp-json\/wp\/v2\/posts\/15684\/revisions"}],"predecessor-version":[{"id":15687,"href":"https:\/\/diariodeloeste.com\/noticias\/wp-json\/wp\/v2\/posts\/15684\/revisions\/15687"}],"wp:featuredmedia":[{"embeddable":true,"href":"https:\/\/diariodeloeste.com\/noticias\/wp-json\/wp\/v2\/media\/15685"}],"wp:attachment":[{"href":"https:\/\/diariodeloeste.com\/noticias\/wp-json\/wp\/v2\/media?parent=15684"}],"wp:term":[{"taxonomy":"category","embeddable":true,"href":"https:\/\/diariodeloeste.com\/noticias\/wp-json\/wp\/v2\/categories?post=15684"},{"taxonomy":"post_tag","embeddable":true,"href":"https:\/\/diariodeloeste.com\/noticias\/wp-json\/wp\/v2\/tags?post=15684"}],"curies":[{"name":"wp","href":"https:\/\/api.w.org\/{rel}","templated":true}]}}