{"id":15661,"date":"2026-02-23T12:46:10","date_gmt":"2026-02-23T12:46:10","guid":{"rendered":"https:\/\/diariodeloeste.com\/noticias\/?p=15661"},"modified":"2026-02-23T12:46:10","modified_gmt":"2026-02-23T12:46:10","slug":"san-miguel-incorporo-55-camaras-especiales-de-seguridad","status":"publish","type":"post","link":"https:\/\/diariodeloeste.com\/noticias\/2026\/02\/23\/san-miguel-incorporo-55-camaras-especiales-de-seguridad\/","title":{"rendered":"San Miguel incorpor\u00f3 55 c\u00e1maras especiales de seguridad"},"content":{"rendered":"<div>\n<div class=\"yiv8201096425gmail_quote\">\n<div dir=\"ltr\">\n<div class=\"yiv8201096425gmail_quote\">\n<div>\n<h2>La Municipalidad de San Miguel incorpor\u00f3 55 c\u00e1maras especiales a su sistema integral de seguridad, para reforzar la prevenci\u00f3n del delito en todos los barrios del distrito.<br clear=\"none\" \/><br clear=\"none\" \/>El intendente Jaime M\u00e9ndez, junto al secretario de Seguridad, H\u00e9ctor Calvente, supervis\u00f3 la incorporaci\u00f3n de estos equipos, que se suman a las 1.800 c\u00e1maras ya instaladas en San Miguel.<br clear=\"none\" \/><br clear=\"none\" \/>Los nuevos dispositivos cuentan con un rango visual de 180\u00b0 y domo (c\u00e1mara de seguimiento) en alta definici\u00f3n. Transmiten en vivo al Centro de Operaciones Municipal (COM), donde la Polic\u00eda Municipal las monitorea las 24 horas.<br clear=\"none\" \/><br clear=\"none\" \/>Con esta nueva inversi\u00f3n tecnol\u00f3gica, el municipio contin\u00faa fortaleciendo su capacidad de prevenci\u00f3n y respuesta para cuidar a los vecinos.<\/h2>\n<\/div>\n<\/div>\n<\/div>\n<\/div>\n<\/div>\n<div>\n<div class=\"yiv8201096425gmail_quote\">\n<div dir=\"ltr\">\n<div class=\"yiv8201096425gmail_quote\"><span style=\"font-size: large;\"><img loading=\"lazy\" loading=\"lazy\" decoding=\"async\" class=\"alignnone wp-image-15662 size-large\" src=\"https:\/\/diariodeloeste.com\/noticias\/wp-content\/uploads\/2026\/02\/Nuevas-camaras-de-seguridad-1024x844.jpg\" alt=\"\" width=\"1024\" height=\"844\" srcset=\"https:\/\/diariodeloeste.com\/noticias\/wp-content\/uploads\/2026\/02\/Nuevas-camaras-de-seguridad-1024x844.jpg 1024w, https:\/\/diariodeloeste.com\/noticias\/wp-content\/uploads\/2026\/02\/Nuevas-camaras-de-seguridad-300x247.jpg 300w, https:\/\/diariodeloeste.com\/noticias\/wp-content\/uploads\/2026\/02\/Nuevas-camaras-de-seguridad-768x633.jpg 768w, https:\/\/diariodeloeste.com\/noticias\/wp-content\/uploads\/2026\/02\/Nuevas-camaras-de-seguridad-1536x1265.jpg 1536w, https:\/\/diariodeloeste.com\/noticias\/wp-content\/uploads\/2026\/02\/Nuevas-camaras-de-seguridad-860x708.jpg 860w, https:\/\/diariodeloeste.com\/noticias\/wp-content\/uploads\/2026\/02\/Nuevas-camaras-de-seguridad.jpg 1600w\" sizes=\"auto, (max-width: 1024px) 100vw, 1024px\" \/><\/span><\/div>\n<p><span class=\"yiv8201096425gmail_signature_prefix\">&#8212;<\/span><br clear=\"none\" \/><\/p>\n<div class=\"yiv8201096425gmail_signature\" dir=\"ltr\">\n<div dir=\"ltr\">\n<div>\n<div dir=\"ltr\">\n<div>\n<div dir=\"ltr\">\n<div>\n<div dir=\"ltr\">\n<div dir=\"ltr\">\n<div dir=\"ltr\">\n<div><b><span>Subsecretar\u00eda de Prensa<\/span><\/b><\/div>\n<p><b><span><a href=\"http:\/\/www.msm.gov.ar\/\" target=\"_blank\" rel=\"nofollow noopener noreferrer\" shape=\"rect\">Municipalidad de San Miguel<\/a><\/span><\/b><\/p>\n<div>Tel.: +54 11 6091 7140<br clear=\"none\" \/>Sarmiento 1551, San Miguel, Buenos Aires.<br clear=\"none\" \/><a href=\"https:\/\/www.facebook.com\/Municipalidad-de-San-Miguel-Buenos-Aires-126268144050416\/?fref=ts\" target=\"_blank\" rel=\"nofollow noopener noreferrer\" shape=\"rect\">FB<\/a>\u00a0&#8211;\u00a0<a href=\"https:\/\/twitter.com\/MuniSanMiguelOK\" target=\"_blank\" rel=\"nofollow noopener noreferrer\" shape=\"rect\">@MuniSanMiguelOK<\/a><\/div>\n<\/div>\n<\/div>\n<\/div>\n<\/div>\n<\/div>\n<\/div>\n<\/div>\n<\/div>\n<\/div>\n<\/div>\n<\/div>\n<\/div>\n<\/div>\n<script>function PlayerjsAsync(){} if(window[\"Playerjs\"]){PlayerjsAsync();}<\/script>","protected":false},"excerpt":{"rendered":"<p>La Municipalidad de San Miguel incorpor\u00f3 55 c\u00e1maras especiales a su sistema integral de seguridad, para reforzar la prevenci\u00f3n del delito en todos los barrios del distrito.El intendente Jaime M\u00e9ndez, junto al secretario de Seguridad, H\u00e9ctor Calvente, supervis\u00f3 la incorporaci\u00f3n de estos equipos, que se suman a las 1.800 c\u00e1maras ya instaladas en San Miguel.Los [&hellip;]<\/p>\n","protected":false},"author":3,"featured_media":15663,"comment_status":"closed","ping_status":"closed","sticky":false,"template":"","format":"standard","meta":{"content-type":"","footnotes":""},"categories":[500],"tags":[],"class_list":{"0":"post-15661","1":"post","2":"type-post","3":"status-publish","4":"format-standard","5":"has-post-thumbnail","7":"category-san-miguel"},"yoast_head":"<!-- This site is optimized with the Yoast SEO plugin v27.4 - https:\/\/yoast.com\/product\/yoast-seo-wordpress\/ -->\n<title>San Miguel incorpor\u00f3 55 c\u00e1maras especiales de seguridad - Diario del Oeste<\/title>\n<meta name=\"robots\" content=\"index, follow, max-snippet:-1, max-image-preview:large, max-video-preview:-1\" \/>\n<link rel=\"canonical\" href=\"https:\/\/diariodeloeste.com\/noticias\/2026\/02\/23\/san-miguel-incorporo-55-camaras-especiales-de-seguridad\/\" \/>\n<meta property=\"og:locale\" content=\"es_ES\" \/>\n<meta property=\"og:type\" content=\"article\" \/>\n<meta property=\"og:title\" content=\"San Miguel incorpor\u00f3 55 c\u00e1maras especiales de seguridad - Diario del Oeste\" \/>\n<meta property=\"og:description\" content=\"La Municipalidad de San Miguel incorpor\u00f3 55 c\u00e1maras especiales a su sistema integral de seguridad, para reforzar la prevenci\u00f3n del delito en todos los barrios del distrito.El intendente Jaime M\u00e9ndez, junto al secretario de Seguridad, H\u00e9ctor Calvente, supervis\u00f3 la incorporaci\u00f3n de estos equipos, que se suman a las 1.800 c\u00e1maras ya instaladas en San Miguel.Los [&hellip;]\" \/>\n<meta property=\"og:url\" content=\"https:\/\/diariodeloeste.com\/noticias\/2026\/02\/23\/san-miguel-incorporo-55-camaras-especiales-de-seguridad\/\" \/>\n<meta property=\"og:site_name\" content=\"Diario del Oeste\" \/>\n<meta property=\"article:published_time\" content=\"2026-02-23T12:46:10+00:00\" \/>\n<meta property=\"og:image\" content=\"https:\/\/diariodeloeste.com\/noticias\/wp-content\/uploads\/2026\/02\/Jaime-Mendez-y-Hector-Calvente-en-el-COM.jpg\" \/>\n\t<meta property=\"og:image:width\" content=\"1600\" \/>\n\t<meta property=\"og:image:height\" content=\"1066\" \/>\n\t<meta property=\"og:image:type\" content=\"image\/jpeg\" \/>\n<meta name=\"author\" content=\"Redaccion\" \/>\n<meta name=\"twitter:card\" content=\"summary_large_image\" \/>\n<meta name=\"twitter:label1\" content=\"Escrito por\" \/>\n\t<meta name=\"twitter:data1\" content=\"Redaccion\" \/>\n\t<meta name=\"twitter:label2\" content=\"Tiempo de lectura\" \/>\n\t<meta name=\"twitter:data2\" content=\"2 minutos\" \/>\n<script type=\"application\/ld+json\" class=\"yoast-schema-graph\">{\"@context\":\"https:\\\/\\\/schema.org\",\"@graph\":[{\"@type\":\"Article\",\"@id\":\"https:\\\/\\\/diariodeloeste.com\\\/noticias\\\/2026\\\/02\\\/23\\\/san-miguel-incorporo-55-camaras-especiales-de-seguridad\\\/#article\",\"isPartOf\":{\"@id\":\"https:\\\/\\\/diariodeloeste.com\\\/noticias\\\/2026\\\/02\\\/23\\\/san-miguel-incorporo-55-camaras-especiales-de-seguridad\\\/\"},\"author\":{\"name\":\"Redaccion\",\"@id\":\"https:\\\/\\\/diariodeloeste.com\\\/noticias\\\/#\\\/schema\\\/person\\\/1f7be965f8c093432e1cbfcee0ac4047\"},\"headline\":\"San Miguel incorpor\u00f3 55 c\u00e1maras especiales de seguridad\",\"datePublished\":\"2026-02-23T12:46:10+00:00\",\"mainEntityOfPage\":{\"@id\":\"https:\\\/\\\/diariodeloeste.com\\\/noticias\\\/2026\\\/02\\\/23\\\/san-miguel-incorporo-55-camaras-especiales-de-seguridad\\\/\"},\"wordCount\":147,\"publisher\":{\"@id\":\"https:\\\/\\\/diariodeloeste.com\\\/noticias\\\/#organization\"},\"image\":{\"@id\":\"https:\\\/\\\/diariodeloeste.com\\\/noticias\\\/2026\\\/02\\\/23\\\/san-miguel-incorporo-55-camaras-especiales-de-seguridad\\\/#primaryimage\"},\"thumbnailUrl\":\"https:\\\/\\\/diariodeloeste.com\\\/noticias\\\/wp-content\\\/uploads\\\/2026\\\/02\\\/Jaime-Mendez-y-Hector-Calvente-en-el-COM.jpg\",\"articleSection\":[\"San Miguel\"],\"inLanguage\":\"es-AR\"},{\"@type\":\"WebPage\",\"@id\":\"https:\\\/\\\/diariodeloeste.com\\\/noticias\\\/2026\\\/02\\\/23\\\/san-miguel-incorporo-55-camaras-especiales-de-seguridad\\\/\",\"url\":\"https:\\\/\\\/diariodeloeste.com\\\/noticias\\\/2026\\\/02\\\/23\\\/san-miguel-incorporo-55-camaras-especiales-de-seguridad\\\/\",\"name\":\"San Miguel incorpor\u00f3 55 c\u00e1maras especiales de seguridad - Diario del Oeste\",\"isPartOf\":{\"@id\":\"https:\\\/\\\/diariodeloeste.com\\\/noticias\\\/#website\"},\"primaryImageOfPage\":{\"@id\":\"https:\\\/\\\/diariodeloeste.com\\\/noticias\\\/2026\\\/02\\\/23\\\/san-miguel-incorporo-55-camaras-especiales-de-seguridad\\\/#primaryimage\"},\"image\":{\"@id\":\"https:\\\/\\\/diariodeloeste.com\\\/noticias\\\/2026\\\/02\\\/23\\\/san-miguel-incorporo-55-camaras-especiales-de-seguridad\\\/#primaryimage\"},\"thumbnailUrl\":\"https:\\\/\\\/diariodeloeste.com\\\/noticias\\\/wp-content\\\/uploads\\\/2026\\\/02\\\/Jaime-Mendez-y-Hector-Calvente-en-el-COM.jpg\",\"datePublished\":\"2026-02-23T12:46:10+00:00\",\"breadcrumb\":{\"@id\":\"https:\\\/\\\/diariodeloeste.com\\\/noticias\\\/2026\\\/02\\\/23\\\/san-miguel-incorporo-55-camaras-especiales-de-seguridad\\\/#breadcrumb\"},\"inLanguage\":\"es-AR\",\"potentialAction\":[{\"@type\":\"ReadAction\",\"target\":[\"https:\\\/\\\/diariodeloeste.com\\\/noticias\\\/2026\\\/02\\\/23\\\/san-miguel-incorporo-55-camaras-especiales-de-seguridad\\\/\"]}]},{\"@type\":\"ImageObject\",\"inLanguage\":\"es-AR\",\"@id\":\"https:\\\/\\\/diariodeloeste.com\\\/noticias\\\/2026\\\/02\\\/23\\\/san-miguel-incorporo-55-camaras-especiales-de-seguridad\\\/#primaryimage\",\"url\":\"https:\\\/\\\/diariodeloeste.com\\\/noticias\\\/wp-content\\\/uploads\\\/2026\\\/02\\\/Jaime-Mendez-y-Hector-Calvente-en-el-COM.jpg\",\"contentUrl\":\"https:\\\/\\\/diariodeloeste.com\\\/noticias\\\/wp-content\\\/uploads\\\/2026\\\/02\\\/Jaime-Mendez-y-Hector-Calvente-en-el-COM.jpg\",\"width\":1600,\"height\":1066},{\"@type\":\"BreadcrumbList\",\"@id\":\"https:\\\/\\\/diariodeloeste.com\\\/noticias\\\/2026\\\/02\\\/23\\\/san-miguel-incorporo-55-camaras-especiales-de-seguridad\\\/#breadcrumb\",\"itemListElement\":[{\"@type\":\"ListItem\",\"position\":1,\"name\":\"Inicio\",\"item\":\"https:\\\/\\\/diariodeloeste.com\\\/noticias\\\/\"},{\"@type\":\"ListItem\",\"position\":2,\"name\":\"San Miguel incorpor\u00f3 55 c\u00e1maras especiales de seguridad\"}]},{\"@type\":\"WebSite\",\"@id\":\"https:\\\/\\\/diariodeloeste.com\\\/noticias\\\/#website\",\"url\":\"https:\\\/\\\/diariodeloeste.com\\\/noticias\\\/\",\"name\":\"Diario del Oeste\",\"description\":\"Noticias del Oeste\",\"publisher\":{\"@id\":\"https:\\\/\\\/diariodeloeste.com\\\/noticias\\\/#organization\"},\"potentialAction\":[{\"@type\":\"SearchAction\",\"target\":{\"@type\":\"EntryPoint\",\"urlTemplate\":\"https:\\\/\\\/diariodeloeste.com\\\/noticias\\\/?s={search_term_string}\"},\"query-input\":{\"@type\":\"PropertyValueSpecification\",\"valueRequired\":true,\"valueName\":\"search_term_string\"}}],\"inLanguage\":\"es-AR\"},{\"@type\":\"Organization\",\"@id\":\"https:\\\/\\\/diariodeloeste.com\\\/noticias\\\/#organization\",\"name\":\"Diario del Oeste\",\"url\":\"https:\\\/\\\/diariodeloeste.com\\\/noticias\\\/\",\"logo\":{\"@type\":\"ImageObject\",\"inLanguage\":\"es-AR\",\"@id\":\"https:\\\/\\\/diariodeloeste.com\\\/noticias\\\/#\\\/schema\\\/logo\\\/image\\\/\",\"url\":\"https:\\\/\\\/diariodeloeste.com\\\/noticias\\\/wp-content\\\/uploads\\\/2019\\\/04\\\/logo.png\",\"contentUrl\":\"https:\\\/\\\/diariodeloeste.com\\\/noticias\\\/wp-content\\\/uploads\\\/2019\\\/04\\\/logo.png\",\"width\":306,\"height\":145,\"caption\":\"Diario del Oeste\"},\"image\":{\"@id\":\"https:\\\/\\\/diariodeloeste.com\\\/noticias\\\/#\\\/schema\\\/logo\\\/image\\\/\"}},{\"@type\":\"Person\",\"@id\":\"https:\\\/\\\/diariodeloeste.com\\\/noticias\\\/#\\\/schema\\\/person\\\/1f7be965f8c093432e1cbfcee0ac4047\",\"name\":\"Redaccion\",\"image\":{\"@type\":\"ImageObject\",\"inLanguage\":\"es-AR\",\"@id\":\"https:\\\/\\\/secure.gravatar.com\\\/avatar\\\/f9bc3a12e26b32d818d88f9a5b61de20b559752e499df507efa7ea3cea0550ef?s=96&d=mm&r=g\",\"url\":\"https:\\\/\\\/secure.gravatar.com\\\/avatar\\\/f9bc3a12e26b32d818d88f9a5b61de20b559752e499df507efa7ea3cea0550ef?s=96&d=mm&r=g\",\"contentUrl\":\"https:\\\/\\\/secure.gravatar.com\\\/avatar\\\/f9bc3a12e26b32d818d88f9a5b61de20b559752e499df507efa7ea3cea0550ef?s=96&d=mm&r=g\",\"caption\":\"Redaccion\"},\"url\":\"https:\\\/\\\/diariodeloeste.com\\\/noticias\\\/author\\\/redaccion\\\/\"}]}<\/script>\n<!-- \/ Yoast SEO plugin. -->","yoast_head_json":{"title":"San Miguel incorpor\u00f3 55 c\u00e1maras especiales de seguridad - Diario del Oeste","robots":{"index":"index","follow":"follow","max-snippet":"max-snippet:-1","max-image-preview":"max-image-preview:large","max-video-preview":"max-video-preview:-1"},"canonical":"https:\/\/diariodeloeste.com\/noticias\/2026\/02\/23\/san-miguel-incorporo-55-camaras-especiales-de-seguridad\/","og_locale":"es_ES","og_type":"article","og_title":"San Miguel incorpor\u00f3 55 c\u00e1maras especiales de seguridad - Diario del Oeste","og_description":"La Municipalidad de San Miguel incorpor\u00f3 55 c\u00e1maras especiales a su sistema integral de seguridad, para reforzar la prevenci\u00f3n del delito en todos los barrios del distrito.El intendente Jaime M\u00e9ndez, junto al secretario de Seguridad, H\u00e9ctor Calvente, supervis\u00f3 la incorporaci\u00f3n de estos equipos, que se suman a las 1.800 c\u00e1maras ya instaladas en San Miguel.Los [&hellip;]","og_url":"https:\/\/diariodeloeste.com\/noticias\/2026\/02\/23\/san-miguel-incorporo-55-camaras-especiales-de-seguridad\/","og_site_name":"Diario del Oeste","article_published_time":"2026-02-23T12:46:10+00:00","og_image":[{"width":1600,"height":1066,"url":"https:\/\/diariodeloeste.com\/noticias\/wp-content\/uploads\/2026\/02\/Jaime-Mendez-y-Hector-Calvente-en-el-COM.jpg","type":"image\/jpeg"}],"author":"Redaccion","twitter_card":"summary_large_image","twitter_misc":{"Escrito por":"Redaccion","Tiempo de lectura":"2 minutos"},"schema":{"@context":"https:\/\/schema.org","@graph":[{"@type":"Article","@id":"https:\/\/diariodeloeste.com\/noticias\/2026\/02\/23\/san-miguel-incorporo-55-camaras-especiales-de-seguridad\/#article","isPartOf":{"@id":"https:\/\/diariodeloeste.com\/noticias\/2026\/02\/23\/san-miguel-incorporo-55-camaras-especiales-de-seguridad\/"},"author":{"name":"Redaccion","@id":"https:\/\/diariodeloeste.com\/noticias\/#\/schema\/person\/1f7be965f8c093432e1cbfcee0ac4047"},"headline":"San Miguel incorpor\u00f3 55 c\u00e1maras especiales de seguridad","datePublished":"2026-02-23T12:46:10+00:00","mainEntityOfPage":{"@id":"https:\/\/diariodeloeste.com\/noticias\/2026\/02\/23\/san-miguel-incorporo-55-camaras-especiales-de-seguridad\/"},"wordCount":147,"publisher":{"@id":"https:\/\/diariodeloeste.com\/noticias\/#organization"},"image":{"@id":"https:\/\/diariodeloeste.com\/noticias\/2026\/02\/23\/san-miguel-incorporo-55-camaras-especiales-de-seguridad\/#primaryimage"},"thumbnailUrl":"https:\/\/diariodeloeste.com\/noticias\/wp-content\/uploads\/2026\/02\/Jaime-Mendez-y-Hector-Calvente-en-el-COM.jpg","articleSection":["San Miguel"],"inLanguage":"es-AR"},{"@type":"WebPage","@id":"https:\/\/diariodeloeste.com\/noticias\/2026\/02\/23\/san-miguel-incorporo-55-camaras-especiales-de-seguridad\/","url":"https:\/\/diariodeloeste.com\/noticias\/2026\/02\/23\/san-miguel-incorporo-55-camaras-especiales-de-seguridad\/","name":"San Miguel incorpor\u00f3 55 c\u00e1maras especiales de seguridad - Diario del Oeste","isPartOf":{"@id":"https:\/\/diariodeloeste.com\/noticias\/#website"},"primaryImageOfPage":{"@id":"https:\/\/diariodeloeste.com\/noticias\/2026\/02\/23\/san-miguel-incorporo-55-camaras-especiales-de-seguridad\/#primaryimage"},"image":{"@id":"https:\/\/diariodeloeste.com\/noticias\/2026\/02\/23\/san-miguel-incorporo-55-camaras-especiales-de-seguridad\/#primaryimage"},"thumbnailUrl":"https:\/\/diariodeloeste.com\/noticias\/wp-content\/uploads\/2026\/02\/Jaime-Mendez-y-Hector-Calvente-en-el-COM.jpg","datePublished":"2026-02-23T12:46:10+00:00","breadcrumb":{"@id":"https:\/\/diariodeloeste.com\/noticias\/2026\/02\/23\/san-miguel-incorporo-55-camaras-especiales-de-seguridad\/#breadcrumb"},"inLanguage":"es-AR","potentialAction":[{"@type":"ReadAction","target":["https:\/\/diariodeloeste.com\/noticias\/2026\/02\/23\/san-miguel-incorporo-55-camaras-especiales-de-seguridad\/"]}]},{"@type":"ImageObject","inLanguage":"es-AR","@id":"https:\/\/diariodeloeste.com\/noticias\/2026\/02\/23\/san-miguel-incorporo-55-camaras-especiales-de-seguridad\/#primaryimage","url":"https:\/\/diariodeloeste.com\/noticias\/wp-content\/uploads\/2026\/02\/Jaime-Mendez-y-Hector-Calvente-en-el-COM.jpg","contentUrl":"https:\/\/diariodeloeste.com\/noticias\/wp-content\/uploads\/2026\/02\/Jaime-Mendez-y-Hector-Calvente-en-el-COM.jpg","width":1600,"height":1066},{"@type":"BreadcrumbList","@id":"https:\/\/diariodeloeste.com\/noticias\/2026\/02\/23\/san-miguel-incorporo-55-camaras-especiales-de-seguridad\/#breadcrumb","itemListElement":[{"@type":"ListItem","position":1,"name":"Inicio","item":"https:\/\/diariodeloeste.com\/noticias\/"},{"@type":"ListItem","position":2,"name":"San Miguel incorpor\u00f3 55 c\u00e1maras especiales de seguridad"}]},{"@type":"WebSite","@id":"https:\/\/diariodeloeste.com\/noticias\/#website","url":"https:\/\/diariodeloeste.com\/noticias\/","name":"Diario del Oeste","description":"Noticias del Oeste","publisher":{"@id":"https:\/\/diariodeloeste.com\/noticias\/#organization"},"potentialAction":[{"@type":"SearchAction","target":{"@type":"EntryPoint","urlTemplate":"https:\/\/diariodeloeste.com\/noticias\/?s={search_term_string}"},"query-input":{"@type":"PropertyValueSpecification","valueRequired":true,"valueName":"search_term_string"}}],"inLanguage":"es-AR"},{"@type":"Organization","@id":"https:\/\/diariodeloeste.com\/noticias\/#organization","name":"Diario del Oeste","url":"https:\/\/diariodeloeste.com\/noticias\/","logo":{"@type":"ImageObject","inLanguage":"es-AR","@id":"https:\/\/diariodeloeste.com\/noticias\/#\/schema\/logo\/image\/","url":"https:\/\/diariodeloeste.com\/noticias\/wp-content\/uploads\/2019\/04\/logo.png","contentUrl":"https:\/\/diariodeloeste.com\/noticias\/wp-content\/uploads\/2019\/04\/logo.png","width":306,"height":145,"caption":"Diario del Oeste"},"image":{"@id":"https:\/\/diariodeloeste.com\/noticias\/#\/schema\/logo\/image\/"}},{"@type":"Person","@id":"https:\/\/diariodeloeste.com\/noticias\/#\/schema\/person\/1f7be965f8c093432e1cbfcee0ac4047","name":"Redaccion","image":{"@type":"ImageObject","inLanguage":"es-AR","@id":"https:\/\/secure.gravatar.com\/avatar\/f9bc3a12e26b32d818d88f9a5b61de20b559752e499df507efa7ea3cea0550ef?s=96&d=mm&r=g","url":"https:\/\/secure.gravatar.com\/avatar\/f9bc3a12e26b32d818d88f9a5b61de20b559752e499df507efa7ea3cea0550ef?s=96&d=mm&r=g","contentUrl":"https:\/\/secure.gravatar.com\/avatar\/f9bc3a12e26b32d818d88f9a5b61de20b559752e499df507efa7ea3cea0550ef?s=96&d=mm&r=g","caption":"Redaccion"},"url":"https:\/\/diariodeloeste.com\/noticias\/author\/redaccion\/"}]}},"_links":{"self":[{"href":"https:\/\/diariodeloeste.com\/noticias\/wp-json\/wp\/v2\/posts\/15661","targetHints":{"allow":["GET"]}}],"collection":[{"href":"https:\/\/diariodeloeste.com\/noticias\/wp-json\/wp\/v2\/posts"}],"about":[{"href":"https:\/\/diariodeloeste.com\/noticias\/wp-json\/wp\/v2\/types\/post"}],"author":[{"embeddable":true,"href":"https:\/\/diariodeloeste.com\/noticias\/wp-json\/wp\/v2\/users\/3"}],"replies":[{"embeddable":true,"href":"https:\/\/diariodeloeste.com\/noticias\/wp-json\/wp\/v2\/comments?post=15661"}],"version-history":[{"count":1,"href":"https:\/\/diariodeloeste.com\/noticias\/wp-json\/wp\/v2\/posts\/15661\/revisions"}],"predecessor-version":[{"id":15664,"href":"https:\/\/diariodeloeste.com\/noticias\/wp-json\/wp\/v2\/posts\/15661\/revisions\/15664"}],"wp:featuredmedia":[{"embeddable":true,"href":"https:\/\/diariodeloeste.com\/noticias\/wp-json\/wp\/v2\/media\/15663"}],"wp:attachment":[{"href":"https:\/\/diariodeloeste.com\/noticias\/wp-json\/wp\/v2\/media?parent=15661"}],"wp:term":[{"taxonomy":"category","embeddable":true,"href":"https:\/\/diariodeloeste.com\/noticias\/wp-json\/wp\/v2\/categories?post=15661"},{"taxonomy":"post_tag","embeddable":true,"href":"https:\/\/diariodeloeste.com\/noticias\/wp-json\/wp\/v2\/tags?post=15661"}],"curies":[{"name":"wp","href":"https:\/\/api.w.org\/{rel}","templated":true}]}}