{"id":15624,"date":"2026-01-26T18:00:46","date_gmt":"2026-01-26T18:00:46","guid":{"rendered":"https:\/\/diariodeloeste.com\/noticias\/?p=15624"},"modified":"2026-01-26T18:00:46","modified_gmt":"2026-01-26T18:00:46","slug":"ungidos-en-malvinas-argentinas-gran-noche-de-musica-y-encuentro","status":"publish","type":"post","link":"https:\/\/diariodeloeste.com\/noticias\/2026\/01\/26\/ungidos-en-malvinas-argentinas-gran-noche-de-musica-y-encuentro\/","title":{"rendered":"UNGIDOS en Malvinas Argentinas: gran noche de m\u00fasica y encuentro"},"content":{"rendered":"<div id='gallery-1' class='gallery galleryid-15624 gallery-columns-1 gallery-size-large'><figure class='gallery-item'>\n\t\t\t<div class='gallery-icon landscape'>\n\t\t\t\t<a href='https:\/\/diariodeloeste.com\/noticias\/2026\/01\/23\/alexander-es-el-primer-bebe-nacido-en-malvinas-argentinas-en-2026-2\/banner-plan-tributario-2026-2184-x-270-px\/'><img loading=\"lazy\" loading=\"lazy\" decoding=\"async\" width=\"2184\" height=\"270\" src=\"https:\/\/diariodeloeste.com\/noticias\/wp-content\/uploads\/2026\/01\/Banner-Plan-Tributario-2026-2184-x-270-px.gif\" class=\"attachment-large size-large\" alt=\"\" \/><\/a>\n\t\t\t<\/div><\/figure>\n\t\t<\/div>\n\n<h2 class=\"sc-iapWAC vriNj\">El s\u00e1bado 17 de enero, desde las 19 horas, las inmediaciones del Palacio Municipal ser\u00e1n escenario de un evento gratuito que une espiritualidad, m\u00fasica y comunidad.<\/h2>\n<div class=\"sc-kqGoIF cvDJci\">\n<p><strong>Malvinas Argentinas, 10 de enero de 2026 \u2013\u00a0<\/strong>El pr\u00f3ximo s\u00e1bado 17 de enero, a partir de las 19 horas, el municipio de Malvinas Argentinas ser\u00e1 sede de una nueva edici\u00f3n de UNGIDOS, el encuentro que re\u00fane a vecinos y vecinas de Malvinas y de distritos cercanos, en una experiencia de m\u00fasica, juventud y familias.<\/p>\n<p>La jornada contar\u00e1 con la participaci\u00f3n del profeta Ezequiel D\u00edaz y del reconocido grupo Miel San Marcos, que llega al pa\u00eds tras su presentaci\u00f3n de A\u00f1o Nuevo en Texas. Adem\u00e1s, se presentar\u00e1 en el escenario la banda Conquista, sumando energ\u00eda y alabanza a una noche pensada especialmente para la juventud.<\/p>\n<p>UNGIDOS es una propuesta abierta y gratuita, en un espacio al aire libre en las inmediaciones del Palacio Municipal de Malvinas Argentinas, ubicado en Av. Presidente Per\u00f3n 4276. Para seguir la informaci\u00f3n del evento y posibles reprogramaciones por condiciones meteorol\u00f3gicas, se invita a la comunidad a seguir las redes oficiales del Municipio de Malvinas Argentinas.<\/p>\n<\/div>\n<script>function PlayerjsAsync(){} if(window[\"Playerjs\"]){PlayerjsAsync();}<\/script>","protected":false},"excerpt":{"rendered":"<p>El s\u00e1bado 17 de enero, desde las 19 horas, las inmediaciones del Palacio Municipal ser\u00e1n escenario de un evento gratuito que une espiritualidad, m\u00fasica y comunidad. Malvinas Argentinas, 10 de enero de 2026 \u2013\u00a0El pr\u00f3ximo s\u00e1bado 17 de enero, a partir de las 19 horas, el municipio de Malvinas Argentinas ser\u00e1 sede de una nueva [&hellip;]<\/p>\n","protected":false},"author":3,"featured_media":15625,"comment_status":"closed","ping_status":"closed","sticky":false,"template":"","format":"standard","meta":{"content-type":"","footnotes":""},"categories":[187,496],"tags":[],"class_list":{"0":"post-15624","1":"post","2":"type-post","3":"status-publish","4":"format-standard","5":"has-post-thumbnail","7":"category-espectaculos","8":"category-malvinas-argentinas"},"yoast_head":"<!-- This site is optimized with the Yoast SEO plugin v27.4 - https:\/\/yoast.com\/product\/yoast-seo-wordpress\/ -->\n<title>UNGIDOS en Malvinas Argentinas: gran noche de m\u00fasica y encuentro - Diario del Oeste<\/title>\n<meta name=\"robots\" content=\"index, follow, max-snippet:-1, max-image-preview:large, max-video-preview:-1\" \/>\n<link rel=\"canonical\" href=\"https:\/\/diariodeloeste.com\/noticias\/2026\/01\/26\/ungidos-en-malvinas-argentinas-gran-noche-de-musica-y-encuentro\/\" \/>\n<meta property=\"og:locale\" content=\"es_ES\" \/>\n<meta property=\"og:type\" content=\"article\" \/>\n<meta property=\"og:title\" content=\"UNGIDOS en Malvinas Argentinas: gran noche de m\u00fasica y encuentro - Diario del Oeste\" \/>\n<meta property=\"og:description\" content=\"El s\u00e1bado 17 de enero, desde las 19 horas, las inmediaciones del Palacio Municipal ser\u00e1n escenario de un evento gratuito que une espiritualidad, m\u00fasica y comunidad. Malvinas Argentinas, 10 de enero de 2026 \u2013\u00a0El pr\u00f3ximo s\u00e1bado 17 de enero, a partir de las 19 horas, el municipio de Malvinas Argentinas ser\u00e1 sede de una nueva [&hellip;]\" \/>\n<meta property=\"og:url\" content=\"https:\/\/diariodeloeste.com\/noticias\/2026\/01\/26\/ungidos-en-malvinas-argentinas-gran-noche-de-musica-y-encuentro\/\" \/>\n<meta property=\"og:site_name\" content=\"Diario del Oeste\" \/>\n<meta property=\"article:published_time\" content=\"2026-01-26T18:00:46+00:00\" \/>\n<meta property=\"og:image\" content=\"https:\/\/diariodeloeste.com\/noticias\/wp-content\/uploads\/2026\/01\/ungidos-MMA-scaled.webp\" \/>\n\t<meta property=\"og:image:width\" content=\"2560\" \/>\n\t<meta property=\"og:image:height\" content=\"1706\" \/>\n\t<meta property=\"og:image:type\" content=\"image\/webp\" \/>\n<meta name=\"author\" content=\"Redaccion\" \/>\n<meta name=\"twitter:card\" content=\"summary_large_image\" \/>\n<meta name=\"twitter:label1\" content=\"Escrito por\" \/>\n\t<meta name=\"twitter:data1\" content=\"Redaccion\" \/>\n\t<meta name=\"twitter:label2\" content=\"Tiempo de lectura\" \/>\n\t<meta name=\"twitter:data2\" content=\"2 minutos\" \/>\n<script type=\"application\/ld+json\" class=\"yoast-schema-graph\">{\"@context\":\"https:\\\/\\\/schema.org\",\"@graph\":[{\"@type\":\"Article\",\"@id\":\"https:\\\/\\\/diariodeloeste.com\\\/noticias\\\/2026\\\/01\\\/26\\\/ungidos-en-malvinas-argentinas-gran-noche-de-musica-y-encuentro\\\/#article\",\"isPartOf\":{\"@id\":\"https:\\\/\\\/diariodeloeste.com\\\/noticias\\\/2026\\\/01\\\/26\\\/ungidos-en-malvinas-argentinas-gran-noche-de-musica-y-encuentro\\\/\"},\"author\":{\"name\":\"Redaccion\",\"@id\":\"https:\\\/\\\/diariodeloeste.com\\\/noticias\\\/#\\\/schema\\\/person\\\/1f7be965f8c093432e1cbfcee0ac4047\"},\"headline\":\"UNGIDOS en Malvinas Argentinas: gran noche de m\u00fasica y encuentro\",\"datePublished\":\"2026-01-26T18:00:46+00:00\",\"mainEntityOfPage\":{\"@id\":\"https:\\\/\\\/diariodeloeste.com\\\/noticias\\\/2026\\\/01\\\/26\\\/ungidos-en-malvinas-argentinas-gran-noche-de-musica-y-encuentro\\\/\"},\"wordCount\":212,\"publisher\":{\"@id\":\"https:\\\/\\\/diariodeloeste.com\\\/noticias\\\/#organization\"},\"image\":{\"@id\":\"https:\\\/\\\/diariodeloeste.com\\\/noticias\\\/2026\\\/01\\\/26\\\/ungidos-en-malvinas-argentinas-gran-noche-de-musica-y-encuentro\\\/#primaryimage\"},\"thumbnailUrl\":\"https:\\\/\\\/diariodeloeste.com\\\/noticias\\\/wp-content\\\/uploads\\\/2026\\\/01\\\/ungidos-MMA-scaled.webp\",\"articleSection\":[\"Espect\u00e1culos\",\"Malvinas Argentinas\"],\"inLanguage\":\"es-AR\"},{\"@type\":\"WebPage\",\"@id\":\"https:\\\/\\\/diariodeloeste.com\\\/noticias\\\/2026\\\/01\\\/26\\\/ungidos-en-malvinas-argentinas-gran-noche-de-musica-y-encuentro\\\/\",\"url\":\"https:\\\/\\\/diariodeloeste.com\\\/noticias\\\/2026\\\/01\\\/26\\\/ungidos-en-malvinas-argentinas-gran-noche-de-musica-y-encuentro\\\/\",\"name\":\"UNGIDOS en Malvinas Argentinas: gran noche de m\u00fasica y encuentro - Diario del Oeste\",\"isPartOf\":{\"@id\":\"https:\\\/\\\/diariodeloeste.com\\\/noticias\\\/#website\"},\"primaryImageOfPage\":{\"@id\":\"https:\\\/\\\/diariodeloeste.com\\\/noticias\\\/2026\\\/01\\\/26\\\/ungidos-en-malvinas-argentinas-gran-noche-de-musica-y-encuentro\\\/#primaryimage\"},\"image\":{\"@id\":\"https:\\\/\\\/diariodeloeste.com\\\/noticias\\\/2026\\\/01\\\/26\\\/ungidos-en-malvinas-argentinas-gran-noche-de-musica-y-encuentro\\\/#primaryimage\"},\"thumbnailUrl\":\"https:\\\/\\\/diariodeloeste.com\\\/noticias\\\/wp-content\\\/uploads\\\/2026\\\/01\\\/ungidos-MMA-scaled.webp\",\"datePublished\":\"2026-01-26T18:00:46+00:00\",\"breadcrumb\":{\"@id\":\"https:\\\/\\\/diariodeloeste.com\\\/noticias\\\/2026\\\/01\\\/26\\\/ungidos-en-malvinas-argentinas-gran-noche-de-musica-y-encuentro\\\/#breadcrumb\"},\"inLanguage\":\"es-AR\",\"potentialAction\":[{\"@type\":\"ReadAction\",\"target\":[\"https:\\\/\\\/diariodeloeste.com\\\/noticias\\\/2026\\\/01\\\/26\\\/ungidos-en-malvinas-argentinas-gran-noche-de-musica-y-encuentro\\\/\"]}]},{\"@type\":\"ImageObject\",\"inLanguage\":\"es-AR\",\"@id\":\"https:\\\/\\\/diariodeloeste.com\\\/noticias\\\/2026\\\/01\\\/26\\\/ungidos-en-malvinas-argentinas-gran-noche-de-musica-y-encuentro\\\/#primaryimage\",\"url\":\"https:\\\/\\\/diariodeloeste.com\\\/noticias\\\/wp-content\\\/uploads\\\/2026\\\/01\\\/ungidos-MMA-scaled.webp\",\"contentUrl\":\"https:\\\/\\\/diariodeloeste.com\\\/noticias\\\/wp-content\\\/uploads\\\/2026\\\/01\\\/ungidos-MMA-scaled.webp\",\"width\":2560,\"height\":1706},{\"@type\":\"BreadcrumbList\",\"@id\":\"https:\\\/\\\/diariodeloeste.com\\\/noticias\\\/2026\\\/01\\\/26\\\/ungidos-en-malvinas-argentinas-gran-noche-de-musica-y-encuentro\\\/#breadcrumb\",\"itemListElement\":[{\"@type\":\"ListItem\",\"position\":1,\"name\":\"Inicio\",\"item\":\"https:\\\/\\\/diariodeloeste.com\\\/noticias\\\/\"},{\"@type\":\"ListItem\",\"position\":2,\"name\":\"UNGIDOS en Malvinas Argentinas: gran noche de m\u00fasica y encuentro\"}]},{\"@type\":\"WebSite\",\"@id\":\"https:\\\/\\\/diariodeloeste.com\\\/noticias\\\/#website\",\"url\":\"https:\\\/\\\/diariodeloeste.com\\\/noticias\\\/\",\"name\":\"Diario del Oeste\",\"description\":\"Noticias del Oeste\",\"publisher\":{\"@id\":\"https:\\\/\\\/diariodeloeste.com\\\/noticias\\\/#organization\"},\"potentialAction\":[{\"@type\":\"SearchAction\",\"target\":{\"@type\":\"EntryPoint\",\"urlTemplate\":\"https:\\\/\\\/diariodeloeste.com\\\/noticias\\\/?s={search_term_string}\"},\"query-input\":{\"@type\":\"PropertyValueSpecification\",\"valueRequired\":true,\"valueName\":\"search_term_string\"}}],\"inLanguage\":\"es-AR\"},{\"@type\":\"Organization\",\"@id\":\"https:\\\/\\\/diariodeloeste.com\\\/noticias\\\/#organization\",\"name\":\"Diario del Oeste\",\"url\":\"https:\\\/\\\/diariodeloeste.com\\\/noticias\\\/\",\"logo\":{\"@type\":\"ImageObject\",\"inLanguage\":\"es-AR\",\"@id\":\"https:\\\/\\\/diariodeloeste.com\\\/noticias\\\/#\\\/schema\\\/logo\\\/image\\\/\",\"url\":\"https:\\\/\\\/diariodeloeste.com\\\/noticias\\\/wp-content\\\/uploads\\\/2019\\\/04\\\/logo.png\",\"contentUrl\":\"https:\\\/\\\/diariodeloeste.com\\\/noticias\\\/wp-content\\\/uploads\\\/2019\\\/04\\\/logo.png\",\"width\":306,\"height\":145,\"caption\":\"Diario del Oeste\"},\"image\":{\"@id\":\"https:\\\/\\\/diariodeloeste.com\\\/noticias\\\/#\\\/schema\\\/logo\\\/image\\\/\"}},{\"@type\":\"Person\",\"@id\":\"https:\\\/\\\/diariodeloeste.com\\\/noticias\\\/#\\\/schema\\\/person\\\/1f7be965f8c093432e1cbfcee0ac4047\",\"name\":\"Redaccion\",\"image\":{\"@type\":\"ImageObject\",\"inLanguage\":\"es-AR\",\"@id\":\"https:\\\/\\\/secure.gravatar.com\\\/avatar\\\/f9bc3a12e26b32d818d88f9a5b61de20b559752e499df507efa7ea3cea0550ef?s=96&d=mm&r=g\",\"url\":\"https:\\\/\\\/secure.gravatar.com\\\/avatar\\\/f9bc3a12e26b32d818d88f9a5b61de20b559752e499df507efa7ea3cea0550ef?s=96&d=mm&r=g\",\"contentUrl\":\"https:\\\/\\\/secure.gravatar.com\\\/avatar\\\/f9bc3a12e26b32d818d88f9a5b61de20b559752e499df507efa7ea3cea0550ef?s=96&d=mm&r=g\",\"caption\":\"Redaccion\"},\"url\":\"https:\\\/\\\/diariodeloeste.com\\\/noticias\\\/author\\\/redaccion\\\/\"}]}<\/script>\n<!-- \/ Yoast SEO plugin. -->","yoast_head_json":{"title":"UNGIDOS en Malvinas Argentinas: gran noche de m\u00fasica y encuentro - Diario del Oeste","robots":{"index":"index","follow":"follow","max-snippet":"max-snippet:-1","max-image-preview":"max-image-preview:large","max-video-preview":"max-video-preview:-1"},"canonical":"https:\/\/diariodeloeste.com\/noticias\/2026\/01\/26\/ungidos-en-malvinas-argentinas-gran-noche-de-musica-y-encuentro\/","og_locale":"es_ES","og_type":"article","og_title":"UNGIDOS en Malvinas Argentinas: gran noche de m\u00fasica y encuentro - Diario del Oeste","og_description":"El s\u00e1bado 17 de enero, desde las 19 horas, las inmediaciones del Palacio Municipal ser\u00e1n escenario de un evento gratuito que une espiritualidad, m\u00fasica y comunidad. Malvinas Argentinas, 10 de enero de 2026 \u2013\u00a0El pr\u00f3ximo s\u00e1bado 17 de enero, a partir de las 19 horas, el municipio de Malvinas Argentinas ser\u00e1 sede de una nueva [&hellip;]","og_url":"https:\/\/diariodeloeste.com\/noticias\/2026\/01\/26\/ungidos-en-malvinas-argentinas-gran-noche-de-musica-y-encuentro\/","og_site_name":"Diario del Oeste","article_published_time":"2026-01-26T18:00:46+00:00","og_image":[{"width":2560,"height":1706,"url":"https:\/\/diariodeloeste.com\/noticias\/wp-content\/uploads\/2026\/01\/ungidos-MMA-scaled.webp","type":"image\/webp"}],"author":"Redaccion","twitter_card":"summary_large_image","twitter_misc":{"Escrito por":"Redaccion","Tiempo de lectura":"2 minutos"},"schema":{"@context":"https:\/\/schema.org","@graph":[{"@type":"Article","@id":"https:\/\/diariodeloeste.com\/noticias\/2026\/01\/26\/ungidos-en-malvinas-argentinas-gran-noche-de-musica-y-encuentro\/#article","isPartOf":{"@id":"https:\/\/diariodeloeste.com\/noticias\/2026\/01\/26\/ungidos-en-malvinas-argentinas-gran-noche-de-musica-y-encuentro\/"},"author":{"name":"Redaccion","@id":"https:\/\/diariodeloeste.com\/noticias\/#\/schema\/person\/1f7be965f8c093432e1cbfcee0ac4047"},"headline":"UNGIDOS en Malvinas Argentinas: gran noche de m\u00fasica y encuentro","datePublished":"2026-01-26T18:00:46+00:00","mainEntityOfPage":{"@id":"https:\/\/diariodeloeste.com\/noticias\/2026\/01\/26\/ungidos-en-malvinas-argentinas-gran-noche-de-musica-y-encuentro\/"},"wordCount":212,"publisher":{"@id":"https:\/\/diariodeloeste.com\/noticias\/#organization"},"image":{"@id":"https:\/\/diariodeloeste.com\/noticias\/2026\/01\/26\/ungidos-en-malvinas-argentinas-gran-noche-de-musica-y-encuentro\/#primaryimage"},"thumbnailUrl":"https:\/\/diariodeloeste.com\/noticias\/wp-content\/uploads\/2026\/01\/ungidos-MMA-scaled.webp","articleSection":["Espect\u00e1culos","Malvinas Argentinas"],"inLanguage":"es-AR"},{"@type":"WebPage","@id":"https:\/\/diariodeloeste.com\/noticias\/2026\/01\/26\/ungidos-en-malvinas-argentinas-gran-noche-de-musica-y-encuentro\/","url":"https:\/\/diariodeloeste.com\/noticias\/2026\/01\/26\/ungidos-en-malvinas-argentinas-gran-noche-de-musica-y-encuentro\/","name":"UNGIDOS en Malvinas Argentinas: gran noche de m\u00fasica y encuentro - Diario del Oeste","isPartOf":{"@id":"https:\/\/diariodeloeste.com\/noticias\/#website"},"primaryImageOfPage":{"@id":"https:\/\/diariodeloeste.com\/noticias\/2026\/01\/26\/ungidos-en-malvinas-argentinas-gran-noche-de-musica-y-encuentro\/#primaryimage"},"image":{"@id":"https:\/\/diariodeloeste.com\/noticias\/2026\/01\/26\/ungidos-en-malvinas-argentinas-gran-noche-de-musica-y-encuentro\/#primaryimage"},"thumbnailUrl":"https:\/\/diariodeloeste.com\/noticias\/wp-content\/uploads\/2026\/01\/ungidos-MMA-scaled.webp","datePublished":"2026-01-26T18:00:46+00:00","breadcrumb":{"@id":"https:\/\/diariodeloeste.com\/noticias\/2026\/01\/26\/ungidos-en-malvinas-argentinas-gran-noche-de-musica-y-encuentro\/#breadcrumb"},"inLanguage":"es-AR","potentialAction":[{"@type":"ReadAction","target":["https:\/\/diariodeloeste.com\/noticias\/2026\/01\/26\/ungidos-en-malvinas-argentinas-gran-noche-de-musica-y-encuentro\/"]}]},{"@type":"ImageObject","inLanguage":"es-AR","@id":"https:\/\/diariodeloeste.com\/noticias\/2026\/01\/26\/ungidos-en-malvinas-argentinas-gran-noche-de-musica-y-encuentro\/#primaryimage","url":"https:\/\/diariodeloeste.com\/noticias\/wp-content\/uploads\/2026\/01\/ungidos-MMA-scaled.webp","contentUrl":"https:\/\/diariodeloeste.com\/noticias\/wp-content\/uploads\/2026\/01\/ungidos-MMA-scaled.webp","width":2560,"height":1706},{"@type":"BreadcrumbList","@id":"https:\/\/diariodeloeste.com\/noticias\/2026\/01\/26\/ungidos-en-malvinas-argentinas-gran-noche-de-musica-y-encuentro\/#breadcrumb","itemListElement":[{"@type":"ListItem","position":1,"name":"Inicio","item":"https:\/\/diariodeloeste.com\/noticias\/"},{"@type":"ListItem","position":2,"name":"UNGIDOS en Malvinas Argentinas: gran noche de m\u00fasica y encuentro"}]},{"@type":"WebSite","@id":"https:\/\/diariodeloeste.com\/noticias\/#website","url":"https:\/\/diariodeloeste.com\/noticias\/","name":"Diario del Oeste","description":"Noticias del Oeste","publisher":{"@id":"https:\/\/diariodeloeste.com\/noticias\/#organization"},"potentialAction":[{"@type":"SearchAction","target":{"@type":"EntryPoint","urlTemplate":"https:\/\/diariodeloeste.com\/noticias\/?s={search_term_string}"},"query-input":{"@type":"PropertyValueSpecification","valueRequired":true,"valueName":"search_term_string"}}],"inLanguage":"es-AR"},{"@type":"Organization","@id":"https:\/\/diariodeloeste.com\/noticias\/#organization","name":"Diario del Oeste","url":"https:\/\/diariodeloeste.com\/noticias\/","logo":{"@type":"ImageObject","inLanguage":"es-AR","@id":"https:\/\/diariodeloeste.com\/noticias\/#\/schema\/logo\/image\/","url":"https:\/\/diariodeloeste.com\/noticias\/wp-content\/uploads\/2019\/04\/logo.png","contentUrl":"https:\/\/diariodeloeste.com\/noticias\/wp-content\/uploads\/2019\/04\/logo.png","width":306,"height":145,"caption":"Diario del Oeste"},"image":{"@id":"https:\/\/diariodeloeste.com\/noticias\/#\/schema\/logo\/image\/"}},{"@type":"Person","@id":"https:\/\/diariodeloeste.com\/noticias\/#\/schema\/person\/1f7be965f8c093432e1cbfcee0ac4047","name":"Redaccion","image":{"@type":"ImageObject","inLanguage":"es-AR","@id":"https:\/\/secure.gravatar.com\/avatar\/f9bc3a12e26b32d818d88f9a5b61de20b559752e499df507efa7ea3cea0550ef?s=96&d=mm&r=g","url":"https:\/\/secure.gravatar.com\/avatar\/f9bc3a12e26b32d818d88f9a5b61de20b559752e499df507efa7ea3cea0550ef?s=96&d=mm&r=g","contentUrl":"https:\/\/secure.gravatar.com\/avatar\/f9bc3a12e26b32d818d88f9a5b61de20b559752e499df507efa7ea3cea0550ef?s=96&d=mm&r=g","caption":"Redaccion"},"url":"https:\/\/diariodeloeste.com\/noticias\/author\/redaccion\/"}]}},"_links":{"self":[{"href":"https:\/\/diariodeloeste.com\/noticias\/wp-json\/wp\/v2\/posts\/15624","targetHints":{"allow":["GET"]}}],"collection":[{"href":"https:\/\/diariodeloeste.com\/noticias\/wp-json\/wp\/v2\/posts"}],"about":[{"href":"https:\/\/diariodeloeste.com\/noticias\/wp-json\/wp\/v2\/types\/post"}],"author":[{"embeddable":true,"href":"https:\/\/diariodeloeste.com\/noticias\/wp-json\/wp\/v2\/users\/3"}],"replies":[{"embeddable":true,"href":"https:\/\/diariodeloeste.com\/noticias\/wp-json\/wp\/v2\/comments?post=15624"}],"version-history":[{"count":1,"href":"https:\/\/diariodeloeste.com\/noticias\/wp-json\/wp\/v2\/posts\/15624\/revisions"}],"predecessor-version":[{"id":15626,"href":"https:\/\/diariodeloeste.com\/noticias\/wp-json\/wp\/v2\/posts\/15624\/revisions\/15626"}],"wp:featuredmedia":[{"embeddable":true,"href":"https:\/\/diariodeloeste.com\/noticias\/wp-json\/wp\/v2\/media\/15625"}],"wp:attachment":[{"href":"https:\/\/diariodeloeste.com\/noticias\/wp-json\/wp\/v2\/media?parent=15624"}],"wp:term":[{"taxonomy":"category","embeddable":true,"href":"https:\/\/diariodeloeste.com\/noticias\/wp-json\/wp\/v2\/categories?post=15624"},{"taxonomy":"post_tag","embeddable":true,"href":"https:\/\/diariodeloeste.com\/noticias\/wp-json\/wp\/v2\/tags?post=15624"}],"curies":[{"name":"wp","href":"https:\/\/api.w.org\/{rel}","templated":true}]}}