{"id":15605,"date":"2026-01-23T20:01:26","date_gmt":"2026-01-23T20:01:26","guid":{"rendered":"https:\/\/diariodeloeste.com\/noticias\/?p=15605"},"modified":"2026-01-23T20:01:26","modified_gmt":"2026-01-23T20:01:26","slug":"alexander-es-el-primer-bebe-nacido-en-malvinas-argentinas-en-2026-2","status":"publish","type":"post","link":"https:\/\/diariodeloeste.com\/noticias\/2026\/01\/23\/alexander-es-el-primer-bebe-nacido-en-malvinas-argentinas-en-2026-2\/","title":{"rendered":"Alexander es el primer beb\u00e9 nacido en Malvinas Argentinas en 2026"},"content":{"rendered":"<div><img loading=\"lazy\" loading=\"lazy\" decoding=\"async\" class=\"alignnone wp-image-15607 size-full\" src=\"https:\/\/diariodeloeste.com\/noticias\/wp-content\/uploads\/2026\/01\/Banner-Plan-Tributario-2026-2184-x-270-px.gif\" alt=\"\" width=\"2184\" height=\"270\" \/><\/div>\n<h2 class=\"sc-iapWAC vriNj\">Naci\u00f3 a las 2:38 de la madrugada del 1\u00ba de enero en la maternidad municipal \u201cMar\u00eda Eva Duarte de Per\u00f3n\u201d. Su mam\u00e1, Claudia, y el reci\u00e9n nacido, se encuentran en perfecto estado de salud.<\/h2>\n<div class=\"sc-kqGoIF cvDJci\">\n<p><strong>Ciudad de Ing. Pablo Nogu\u00e9s, 2 de enero de 2026 \u2013<\/strong>\u00a0Luego de los festejos por la llegada del nuevo a\u00f1o, se conoci\u00f3 la noticia m\u00e1s esperada: el primer nacimiento malvinense de 2026. A las 2:38 de la madrugada del 1\u00ba de enero, en la maternidad municipal \u201cMar\u00eda Eva Duarte de Per\u00f3n\u201d, naci\u00f3 Alexander Romero, llenando de alegr\u00eda el inicio del a\u00f1o.<\/p>\n<p>Su mam\u00e1, Claudia Noem\u00ed Cabrera (de 36 a\u00f1os de edad), y el peque\u00f1o Alexander se encuentran en perfecto estado de salud. El reci\u00e9n nacido midi\u00f3 51 cent\u00edmetros y contin\u00faa siendo acompa\u00f1ado y atendido por el equipo de profesionales de la maternidad municipal.<\/p>\n<p>La familia, oriunda de la ciudad de Los Polvorines, recibi\u00f3 el cari\u00f1o de otras mam\u00e1s y familias, que dejaron c\u00e1lidos mensajes en las redes sociales del municipio, donde se public\u00f3 la foto que anunciaba el primer nacimiento del a\u00f1o en Malvinas Argentinas. En ellos, destacaron el compromiso, la dedicaci\u00f3n y el amor con los que m\u00e9dicos\/as, obstetras, parteros\/as y enfermeros\/as acompa\u00f1an cada nacimiento en la maternidad local.<\/p>\n<p>La llegada del primer beb\u00e9 del a\u00f1o es una buena noticia para Malvinas Argentinas y refleja, una vez m\u00e1s, el v\u00ednculo cercano entre el sistema de salud municipal y su comunidad.<\/p>\n<p>#LeoNardini #LuisVivona #MunicipalidaddemalvinasArgentinas<\/p>\n<\/div>\n<script>function PlayerjsAsync(){} if(window[\"Playerjs\"]){PlayerjsAsync();}<\/script>","protected":false},"excerpt":{"rendered":"<p>Naci\u00f3 a las 2:38 de la madrugada del 1\u00ba de enero en la maternidad municipal \u201cMar\u00eda Eva Duarte de Per\u00f3n\u201d. Su mam\u00e1, Claudia, y el reci\u00e9n nacido, se encuentran en perfecto estado de salud. Ciudad de Ing. Pablo Nogu\u00e9s, 2 de enero de 2026 \u2013\u00a0Luego de los festejos por la llegada del nuevo a\u00f1o, se [&hellip;]<\/p>\n","protected":false},"author":3,"featured_media":15606,"comment_status":"closed","ping_status":"closed","sticky":false,"template":"","format":"standard","meta":{"content-type":"","footnotes":""},"categories":[188],"tags":[],"class_list":{"0":"post-15605","1":"post","2":"type-post","3":"status-publish","4":"format-standard","5":"has-post-thumbnail","7":"category-salud"},"yoast_head":"<!-- This site is optimized with the Yoast SEO plugin v27.4 - https:\/\/yoast.com\/product\/yoast-seo-wordpress\/ -->\n<title>Alexander es el primer beb\u00e9 nacido en Malvinas Argentinas en 2026 - Diario del Oeste<\/title>\n<meta name=\"robots\" content=\"index, follow, max-snippet:-1, max-image-preview:large, max-video-preview:-1\" \/>\n<link rel=\"canonical\" href=\"https:\/\/diariodeloeste.com\/noticias\/2026\/01\/23\/alexander-es-el-primer-bebe-nacido-en-malvinas-argentinas-en-2026-2\/\" \/>\n<meta property=\"og:locale\" content=\"es_ES\" \/>\n<meta property=\"og:type\" content=\"article\" \/>\n<meta property=\"og:title\" content=\"Alexander es el primer beb\u00e9 nacido en Malvinas Argentinas en 2026 - Diario del Oeste\" \/>\n<meta property=\"og:description\" content=\"Naci\u00f3 a las 2:38 de la madrugada del 1\u00ba de enero en la maternidad municipal \u201cMar\u00eda Eva Duarte de Per\u00f3n\u201d. Su mam\u00e1, Claudia, y el reci\u00e9n nacido, se encuentran en perfecto estado de salud. Ciudad de Ing. Pablo Nogu\u00e9s, 2 de enero de 2026 \u2013\u00a0Luego de los festejos por la llegada del nuevo a\u00f1o, se [&hellip;]\" \/>\n<meta property=\"og:url\" content=\"https:\/\/diariodeloeste.com\/noticias\/2026\/01\/23\/alexander-es-el-primer-bebe-nacido-en-malvinas-argentinas-en-2026-2\/\" \/>\n<meta property=\"og:site_name\" content=\"Diario del Oeste\" \/>\n<meta property=\"article:published_time\" content=\"2026-01-23T20:01:26+00:00\" \/>\n<meta property=\"og:image\" content=\"https:\/\/diariodeloeste.com\/noticias\/wp-content\/uploads\/2026\/01\/alex-2-scaled.webp\" \/>\n\t<meta property=\"og:image:width\" content=\"2560\" \/>\n\t<meta property=\"og:image:height\" content=\"1706\" \/>\n\t<meta property=\"og:image:type\" content=\"image\/webp\" \/>\n<meta name=\"author\" content=\"Redaccion\" \/>\n<meta name=\"twitter:card\" content=\"summary_large_image\" \/>\n<meta name=\"twitter:label1\" content=\"Escrito por\" \/>\n\t<meta name=\"twitter:data1\" content=\"Redaccion\" \/>\n\t<meta name=\"twitter:label2\" content=\"Tiempo de lectura\" \/>\n\t<meta name=\"twitter:data2\" content=\"2 minutos\" \/>\n<script type=\"application\/ld+json\" class=\"yoast-schema-graph\">{\"@context\":\"https:\\\/\\\/schema.org\",\"@graph\":[{\"@type\":\"Article\",\"@id\":\"https:\\\/\\\/diariodeloeste.com\\\/noticias\\\/2026\\\/01\\\/23\\\/alexander-es-el-primer-bebe-nacido-en-malvinas-argentinas-en-2026-2\\\/#article\",\"isPartOf\":{\"@id\":\"https:\\\/\\\/diariodeloeste.com\\\/noticias\\\/2026\\\/01\\\/23\\\/alexander-es-el-primer-bebe-nacido-en-malvinas-argentinas-en-2026-2\\\/\"},\"author\":{\"name\":\"Redaccion\",\"@id\":\"https:\\\/\\\/diariodeloeste.com\\\/noticias\\\/#\\\/schema\\\/person\\\/1f7be965f8c093432e1cbfcee0ac4047\"},\"headline\":\"Alexander es el primer beb\u00e9 nacido en Malvinas Argentinas en 2026\",\"datePublished\":\"2026-01-23T20:01:26+00:00\",\"mainEntityOfPage\":{\"@id\":\"https:\\\/\\\/diariodeloeste.com\\\/noticias\\\/2026\\\/01\\\/23\\\/alexander-es-el-primer-bebe-nacido-en-malvinas-argentinas-en-2026-2\\\/\"},\"wordCount\":268,\"publisher\":{\"@id\":\"https:\\\/\\\/diariodeloeste.com\\\/noticias\\\/#organization\"},\"image\":{\"@id\":\"https:\\\/\\\/diariodeloeste.com\\\/noticias\\\/2026\\\/01\\\/23\\\/alexander-es-el-primer-bebe-nacido-en-malvinas-argentinas-en-2026-2\\\/#primaryimage\"},\"thumbnailUrl\":\"https:\\\/\\\/diariodeloeste.com\\\/noticias\\\/wp-content\\\/uploads\\\/2026\\\/01\\\/alex-2-scaled.webp\",\"articleSection\":[\"Salud\"],\"inLanguage\":\"es-AR\"},{\"@type\":\"WebPage\",\"@id\":\"https:\\\/\\\/diariodeloeste.com\\\/noticias\\\/2026\\\/01\\\/23\\\/alexander-es-el-primer-bebe-nacido-en-malvinas-argentinas-en-2026-2\\\/\",\"url\":\"https:\\\/\\\/diariodeloeste.com\\\/noticias\\\/2026\\\/01\\\/23\\\/alexander-es-el-primer-bebe-nacido-en-malvinas-argentinas-en-2026-2\\\/\",\"name\":\"Alexander es el primer beb\u00e9 nacido en Malvinas Argentinas en 2026 - Diario del Oeste\",\"isPartOf\":{\"@id\":\"https:\\\/\\\/diariodeloeste.com\\\/noticias\\\/#website\"},\"primaryImageOfPage\":{\"@id\":\"https:\\\/\\\/diariodeloeste.com\\\/noticias\\\/2026\\\/01\\\/23\\\/alexander-es-el-primer-bebe-nacido-en-malvinas-argentinas-en-2026-2\\\/#primaryimage\"},\"image\":{\"@id\":\"https:\\\/\\\/diariodeloeste.com\\\/noticias\\\/2026\\\/01\\\/23\\\/alexander-es-el-primer-bebe-nacido-en-malvinas-argentinas-en-2026-2\\\/#primaryimage\"},\"thumbnailUrl\":\"https:\\\/\\\/diariodeloeste.com\\\/noticias\\\/wp-content\\\/uploads\\\/2026\\\/01\\\/alex-2-scaled.webp\",\"datePublished\":\"2026-01-23T20:01:26+00:00\",\"breadcrumb\":{\"@id\":\"https:\\\/\\\/diariodeloeste.com\\\/noticias\\\/2026\\\/01\\\/23\\\/alexander-es-el-primer-bebe-nacido-en-malvinas-argentinas-en-2026-2\\\/#breadcrumb\"},\"inLanguage\":\"es-AR\",\"potentialAction\":[{\"@type\":\"ReadAction\",\"target\":[\"https:\\\/\\\/diariodeloeste.com\\\/noticias\\\/2026\\\/01\\\/23\\\/alexander-es-el-primer-bebe-nacido-en-malvinas-argentinas-en-2026-2\\\/\"]}]},{\"@type\":\"ImageObject\",\"inLanguage\":\"es-AR\",\"@id\":\"https:\\\/\\\/diariodeloeste.com\\\/noticias\\\/2026\\\/01\\\/23\\\/alexander-es-el-primer-bebe-nacido-en-malvinas-argentinas-en-2026-2\\\/#primaryimage\",\"url\":\"https:\\\/\\\/diariodeloeste.com\\\/noticias\\\/wp-content\\\/uploads\\\/2026\\\/01\\\/alex-2-scaled.webp\",\"contentUrl\":\"https:\\\/\\\/diariodeloeste.com\\\/noticias\\\/wp-content\\\/uploads\\\/2026\\\/01\\\/alex-2-scaled.webp\",\"width\":2560,\"height\":1706},{\"@type\":\"BreadcrumbList\",\"@id\":\"https:\\\/\\\/diariodeloeste.com\\\/noticias\\\/2026\\\/01\\\/23\\\/alexander-es-el-primer-bebe-nacido-en-malvinas-argentinas-en-2026-2\\\/#breadcrumb\",\"itemListElement\":[{\"@type\":\"ListItem\",\"position\":1,\"name\":\"Inicio\",\"item\":\"https:\\\/\\\/diariodeloeste.com\\\/noticias\\\/\"},{\"@type\":\"ListItem\",\"position\":2,\"name\":\"Alexander es el primer beb\u00e9 nacido en Malvinas Argentinas en 2026\"}]},{\"@type\":\"WebSite\",\"@id\":\"https:\\\/\\\/diariodeloeste.com\\\/noticias\\\/#website\",\"url\":\"https:\\\/\\\/diariodeloeste.com\\\/noticias\\\/\",\"name\":\"Diario del Oeste\",\"description\":\"Noticias del Oeste\",\"publisher\":{\"@id\":\"https:\\\/\\\/diariodeloeste.com\\\/noticias\\\/#organization\"},\"potentialAction\":[{\"@type\":\"SearchAction\",\"target\":{\"@type\":\"EntryPoint\",\"urlTemplate\":\"https:\\\/\\\/diariodeloeste.com\\\/noticias\\\/?s={search_term_string}\"},\"query-input\":{\"@type\":\"PropertyValueSpecification\",\"valueRequired\":true,\"valueName\":\"search_term_string\"}}],\"inLanguage\":\"es-AR\"},{\"@type\":\"Organization\",\"@id\":\"https:\\\/\\\/diariodeloeste.com\\\/noticias\\\/#organization\",\"name\":\"Diario del Oeste\",\"url\":\"https:\\\/\\\/diariodeloeste.com\\\/noticias\\\/\",\"logo\":{\"@type\":\"ImageObject\",\"inLanguage\":\"es-AR\",\"@id\":\"https:\\\/\\\/diariodeloeste.com\\\/noticias\\\/#\\\/schema\\\/logo\\\/image\\\/\",\"url\":\"https:\\\/\\\/diariodeloeste.com\\\/noticias\\\/wp-content\\\/uploads\\\/2019\\\/04\\\/logo.png\",\"contentUrl\":\"https:\\\/\\\/diariodeloeste.com\\\/noticias\\\/wp-content\\\/uploads\\\/2019\\\/04\\\/logo.png\",\"width\":306,\"height\":145,\"caption\":\"Diario del Oeste\"},\"image\":{\"@id\":\"https:\\\/\\\/diariodeloeste.com\\\/noticias\\\/#\\\/schema\\\/logo\\\/image\\\/\"}},{\"@type\":\"Person\",\"@id\":\"https:\\\/\\\/diariodeloeste.com\\\/noticias\\\/#\\\/schema\\\/person\\\/1f7be965f8c093432e1cbfcee0ac4047\",\"name\":\"Redaccion\",\"image\":{\"@type\":\"ImageObject\",\"inLanguage\":\"es-AR\",\"@id\":\"https:\\\/\\\/secure.gravatar.com\\\/avatar\\\/f9bc3a12e26b32d818d88f9a5b61de20b559752e499df507efa7ea3cea0550ef?s=96&d=mm&r=g\",\"url\":\"https:\\\/\\\/secure.gravatar.com\\\/avatar\\\/f9bc3a12e26b32d818d88f9a5b61de20b559752e499df507efa7ea3cea0550ef?s=96&d=mm&r=g\",\"contentUrl\":\"https:\\\/\\\/secure.gravatar.com\\\/avatar\\\/f9bc3a12e26b32d818d88f9a5b61de20b559752e499df507efa7ea3cea0550ef?s=96&d=mm&r=g\",\"caption\":\"Redaccion\"},\"url\":\"https:\\\/\\\/diariodeloeste.com\\\/noticias\\\/author\\\/redaccion\\\/\"}]}<\/script>\n<!-- \/ Yoast SEO plugin. -->","yoast_head_json":{"title":"Alexander es el primer beb\u00e9 nacido en Malvinas Argentinas en 2026 - Diario del Oeste","robots":{"index":"index","follow":"follow","max-snippet":"max-snippet:-1","max-image-preview":"max-image-preview:large","max-video-preview":"max-video-preview:-1"},"canonical":"https:\/\/diariodeloeste.com\/noticias\/2026\/01\/23\/alexander-es-el-primer-bebe-nacido-en-malvinas-argentinas-en-2026-2\/","og_locale":"es_ES","og_type":"article","og_title":"Alexander es el primer beb\u00e9 nacido en Malvinas Argentinas en 2026 - Diario del Oeste","og_description":"Naci\u00f3 a las 2:38 de la madrugada del 1\u00ba de enero en la maternidad municipal \u201cMar\u00eda Eva Duarte de Per\u00f3n\u201d. Su mam\u00e1, Claudia, y el reci\u00e9n nacido, se encuentran en perfecto estado de salud. Ciudad de Ing. Pablo Nogu\u00e9s, 2 de enero de 2026 \u2013\u00a0Luego de los festejos por la llegada del nuevo a\u00f1o, se [&hellip;]","og_url":"https:\/\/diariodeloeste.com\/noticias\/2026\/01\/23\/alexander-es-el-primer-bebe-nacido-en-malvinas-argentinas-en-2026-2\/","og_site_name":"Diario del Oeste","article_published_time":"2026-01-23T20:01:26+00:00","og_image":[{"width":2560,"height":1706,"url":"https:\/\/diariodeloeste.com\/noticias\/wp-content\/uploads\/2026\/01\/alex-2-scaled.webp","type":"image\/webp"}],"author":"Redaccion","twitter_card":"summary_large_image","twitter_misc":{"Escrito por":"Redaccion","Tiempo de lectura":"2 minutos"},"schema":{"@context":"https:\/\/schema.org","@graph":[{"@type":"Article","@id":"https:\/\/diariodeloeste.com\/noticias\/2026\/01\/23\/alexander-es-el-primer-bebe-nacido-en-malvinas-argentinas-en-2026-2\/#article","isPartOf":{"@id":"https:\/\/diariodeloeste.com\/noticias\/2026\/01\/23\/alexander-es-el-primer-bebe-nacido-en-malvinas-argentinas-en-2026-2\/"},"author":{"name":"Redaccion","@id":"https:\/\/diariodeloeste.com\/noticias\/#\/schema\/person\/1f7be965f8c093432e1cbfcee0ac4047"},"headline":"Alexander es el primer beb\u00e9 nacido en Malvinas Argentinas en 2026","datePublished":"2026-01-23T20:01:26+00:00","mainEntityOfPage":{"@id":"https:\/\/diariodeloeste.com\/noticias\/2026\/01\/23\/alexander-es-el-primer-bebe-nacido-en-malvinas-argentinas-en-2026-2\/"},"wordCount":268,"publisher":{"@id":"https:\/\/diariodeloeste.com\/noticias\/#organization"},"image":{"@id":"https:\/\/diariodeloeste.com\/noticias\/2026\/01\/23\/alexander-es-el-primer-bebe-nacido-en-malvinas-argentinas-en-2026-2\/#primaryimage"},"thumbnailUrl":"https:\/\/diariodeloeste.com\/noticias\/wp-content\/uploads\/2026\/01\/alex-2-scaled.webp","articleSection":["Salud"],"inLanguage":"es-AR"},{"@type":"WebPage","@id":"https:\/\/diariodeloeste.com\/noticias\/2026\/01\/23\/alexander-es-el-primer-bebe-nacido-en-malvinas-argentinas-en-2026-2\/","url":"https:\/\/diariodeloeste.com\/noticias\/2026\/01\/23\/alexander-es-el-primer-bebe-nacido-en-malvinas-argentinas-en-2026-2\/","name":"Alexander es el primer beb\u00e9 nacido en Malvinas Argentinas en 2026 - Diario del Oeste","isPartOf":{"@id":"https:\/\/diariodeloeste.com\/noticias\/#website"},"primaryImageOfPage":{"@id":"https:\/\/diariodeloeste.com\/noticias\/2026\/01\/23\/alexander-es-el-primer-bebe-nacido-en-malvinas-argentinas-en-2026-2\/#primaryimage"},"image":{"@id":"https:\/\/diariodeloeste.com\/noticias\/2026\/01\/23\/alexander-es-el-primer-bebe-nacido-en-malvinas-argentinas-en-2026-2\/#primaryimage"},"thumbnailUrl":"https:\/\/diariodeloeste.com\/noticias\/wp-content\/uploads\/2026\/01\/alex-2-scaled.webp","datePublished":"2026-01-23T20:01:26+00:00","breadcrumb":{"@id":"https:\/\/diariodeloeste.com\/noticias\/2026\/01\/23\/alexander-es-el-primer-bebe-nacido-en-malvinas-argentinas-en-2026-2\/#breadcrumb"},"inLanguage":"es-AR","potentialAction":[{"@type":"ReadAction","target":["https:\/\/diariodeloeste.com\/noticias\/2026\/01\/23\/alexander-es-el-primer-bebe-nacido-en-malvinas-argentinas-en-2026-2\/"]}]},{"@type":"ImageObject","inLanguage":"es-AR","@id":"https:\/\/diariodeloeste.com\/noticias\/2026\/01\/23\/alexander-es-el-primer-bebe-nacido-en-malvinas-argentinas-en-2026-2\/#primaryimage","url":"https:\/\/diariodeloeste.com\/noticias\/wp-content\/uploads\/2026\/01\/alex-2-scaled.webp","contentUrl":"https:\/\/diariodeloeste.com\/noticias\/wp-content\/uploads\/2026\/01\/alex-2-scaled.webp","width":2560,"height":1706},{"@type":"BreadcrumbList","@id":"https:\/\/diariodeloeste.com\/noticias\/2026\/01\/23\/alexander-es-el-primer-bebe-nacido-en-malvinas-argentinas-en-2026-2\/#breadcrumb","itemListElement":[{"@type":"ListItem","position":1,"name":"Inicio","item":"https:\/\/diariodeloeste.com\/noticias\/"},{"@type":"ListItem","position":2,"name":"Alexander es el primer beb\u00e9 nacido en Malvinas Argentinas en 2026"}]},{"@type":"WebSite","@id":"https:\/\/diariodeloeste.com\/noticias\/#website","url":"https:\/\/diariodeloeste.com\/noticias\/","name":"Diario del Oeste","description":"Noticias del Oeste","publisher":{"@id":"https:\/\/diariodeloeste.com\/noticias\/#organization"},"potentialAction":[{"@type":"SearchAction","target":{"@type":"EntryPoint","urlTemplate":"https:\/\/diariodeloeste.com\/noticias\/?s={search_term_string}"},"query-input":{"@type":"PropertyValueSpecification","valueRequired":true,"valueName":"search_term_string"}}],"inLanguage":"es-AR"},{"@type":"Organization","@id":"https:\/\/diariodeloeste.com\/noticias\/#organization","name":"Diario del Oeste","url":"https:\/\/diariodeloeste.com\/noticias\/","logo":{"@type":"ImageObject","inLanguage":"es-AR","@id":"https:\/\/diariodeloeste.com\/noticias\/#\/schema\/logo\/image\/","url":"https:\/\/diariodeloeste.com\/noticias\/wp-content\/uploads\/2019\/04\/logo.png","contentUrl":"https:\/\/diariodeloeste.com\/noticias\/wp-content\/uploads\/2019\/04\/logo.png","width":306,"height":145,"caption":"Diario del Oeste"},"image":{"@id":"https:\/\/diariodeloeste.com\/noticias\/#\/schema\/logo\/image\/"}},{"@type":"Person","@id":"https:\/\/diariodeloeste.com\/noticias\/#\/schema\/person\/1f7be965f8c093432e1cbfcee0ac4047","name":"Redaccion","image":{"@type":"ImageObject","inLanguage":"es-AR","@id":"https:\/\/secure.gravatar.com\/avatar\/f9bc3a12e26b32d818d88f9a5b61de20b559752e499df507efa7ea3cea0550ef?s=96&d=mm&r=g","url":"https:\/\/secure.gravatar.com\/avatar\/f9bc3a12e26b32d818d88f9a5b61de20b559752e499df507efa7ea3cea0550ef?s=96&d=mm&r=g","contentUrl":"https:\/\/secure.gravatar.com\/avatar\/f9bc3a12e26b32d818d88f9a5b61de20b559752e499df507efa7ea3cea0550ef?s=96&d=mm&r=g","caption":"Redaccion"},"url":"https:\/\/diariodeloeste.com\/noticias\/author\/redaccion\/"}]}},"_links":{"self":[{"href":"https:\/\/diariodeloeste.com\/noticias\/wp-json\/wp\/v2\/posts\/15605","targetHints":{"allow":["GET"]}}],"collection":[{"href":"https:\/\/diariodeloeste.com\/noticias\/wp-json\/wp\/v2\/posts"}],"about":[{"href":"https:\/\/diariodeloeste.com\/noticias\/wp-json\/wp\/v2\/types\/post"}],"author":[{"embeddable":true,"href":"https:\/\/diariodeloeste.com\/noticias\/wp-json\/wp\/v2\/users\/3"}],"replies":[{"embeddable":true,"href":"https:\/\/diariodeloeste.com\/noticias\/wp-json\/wp\/v2\/comments?post=15605"}],"version-history":[{"count":1,"href":"https:\/\/diariodeloeste.com\/noticias\/wp-json\/wp\/v2\/posts\/15605\/revisions"}],"predecessor-version":[{"id":15608,"href":"https:\/\/diariodeloeste.com\/noticias\/wp-json\/wp\/v2\/posts\/15605\/revisions\/15608"}],"wp:featuredmedia":[{"embeddable":true,"href":"https:\/\/diariodeloeste.com\/noticias\/wp-json\/wp\/v2\/media\/15606"}],"wp:attachment":[{"href":"https:\/\/diariodeloeste.com\/noticias\/wp-json\/wp\/v2\/media?parent=15605"}],"wp:term":[{"taxonomy":"category","embeddable":true,"href":"https:\/\/diariodeloeste.com\/noticias\/wp-json\/wp\/v2\/categories?post=15605"},{"taxonomy":"post_tag","embeddable":true,"href":"https:\/\/diariodeloeste.com\/noticias\/wp-json\/wp\/v2\/tags?post=15605"}],"curies":[{"name":"wp","href":"https:\/\/api.w.org\/{rel}","templated":true}]}}