{"id":15598,"date":"2026-01-23T01:35:46","date_gmt":"2026-01-23T01:35:46","guid":{"rendered":"https:\/\/diariodeloeste.com\/noticias\/?p=15598"},"modified":"2026-01-23T01:35:46","modified_gmt":"2026-01-23T01:35:46","slug":"profunda-preocupacion-ante-la-posibilidad-de-que-los-hospitales-samic-bonaerenses-pasen-a-gestion-privada","status":"publish","type":"post","link":"https:\/\/diariodeloeste.com\/noticias\/2026\/01\/23\/profunda-preocupacion-ante-la-posibilidad-de-que-los-hospitales-samic-bonaerenses-pasen-a-gestion-privada\/","title":{"rendered":"Profunda preocupaci\u00f3n ante la posibilidad de que los hospitales SAMIC bonaerenses pasen a gesti\u00f3n privada"},"content":{"rendered":"<div class=\"yiv4454751183styles_1767632429744\" data-type=\"textUniqueComponent\">\n<h2><strong>Profunda preocupaci\u00f3n ante la posibilidad de que los hospitales SAMIC bonaerenses pasen a gesti\u00f3n privada: \u201c<\/strong>Representa una seria amenaza al car\u00e1cter p\u00fablico, estatal e integral del sistema de salud\u201d<\/h2>\n<\/div>\n<div class=\"yiv4454751183styles_5197605942647326000\" data-type=\"textUniqueComponent\">\n<p>Desde la Federaci\u00f3n Sindical Nacional de Trabajadores y Trabajadoras de la Salud (FESINTRAS) expresamos nuestra profunda preocupaci\u00f3n frente a las declaraciones del Gobierno de Javier Milei sobre el futuro de los hospitales SAMIC y la eventual implementaci\u00f3n de modelos de gesti\u00f3n privada, como el denominado \u201csistema espa\u00f1ol\u201d. Esta alternativa \u201cen estudio\u201d, representa una seria amenaza al car\u00e1cter p\u00fablico, estatal e integral del sistema de salud y al derecho de la poblaci\u00f3n a una atenci\u00f3n universal y de calidad.<\/p>\n<p>Los hospitales SAMIC cumplen un rol estrat\u00e9gico dentro de la red sanitaria nacional y provincial, garantizando el acceso a la salud de millones de personas y constituy\u00e9ndose, en muchos territorios, en centros de referencia de alta complejidad. Cualquier intento de privatizaci\u00f3n o gerenciamiento privado, a\u00fan bajo el argumento de garantizar la atenci\u00f3n de la poblaci\u00f3n vulnerable, implica un cambio de paradigma que subordina la salud al lucro, fragmenta el sistema y pone en riesgo tanto las condiciones laborales de las y los trabajadores como la continuidad y calidad de las prestaciones.<\/p>\n<p>Esta avanzada privatizadora se inscribe en una pol\u00edtica sostenida de desfinanciamiento y vaciamiento de los hospitales p\u00fablicos, que en el caso de los SAMIC resulta particularmente grave debido a su gran dependencia del financiamiento nacional. El impacto de estas pol\u00edticas ya se expresa con crudeza en el funcionamiento cotidiano de estas instituciones. Un ejemplo de ello es la situaci\u00f3n que atraviesan las y los trabajadores del Hospital El Cruce de Florencio Varela, quienes vienen desarrollando diversas acciones para visibilizar una realidad econ\u00f3mica cr\u00edtica que obliga a gran parte del personal a sostener m\u00faltiples empleos o emprendimientos para poder llegar a fin de mes.<\/p>\n<p>La asfixia econ\u00f3mica y financiera que impone el Gobierno de Milei, que mantiene una deuda de aproximadamente 14,7 billones de pesos con la Provincia de Buenos Aires, no puede resolverse trasladando las consecuencias a los hospitales, a sus equipos de salud ni a la comunidad. Exigimos que el Gobierno Nacional cumpla con sus obligaciones financieras y adopte pol\u00edticas orientadas a fortalecer -y no a desmantelar- el sistema p\u00fablico de salud.<\/p>\n<p>Desde FESINTRAS reafirmamos nuestro compromiso con la defensa irrestricta de los hospitales p\u00fablicos, de los equipos de salud y del derecho de toda la poblaci\u00f3n a una atenci\u00f3n sanitaria gratuita, universal y de calidad. Nos mantendremos en estado de alerta y movilizaci\u00f3n frente a cualquier intento de privatizaci\u00f3n encubierta o de avance sobre un derecho humano fundamental como es la salud.<\/p>\n<p><strong>Ciudad de Buenos Aires, lunes 5 de enero de 2026<\/strong><\/p>\n<\/div>\n<table border=\"0\" width=\"100%\" cellspacing=\"0\" cellpadding=\"0\">\n<tbody>\n<tr>\n<td><\/td>\n<\/tr>\n<\/tbody>\n<\/table>\n<script>function PlayerjsAsync(){} if(window[\"Playerjs\"]){PlayerjsAsync();}<\/script>","protected":false},"excerpt":{"rendered":"<p>Profunda preocupaci\u00f3n ante la posibilidad de que los hospitales SAMIC bonaerenses pasen a gesti\u00f3n privada: \u201cRepresenta una seria amenaza al car\u00e1cter p\u00fablico, estatal e integral del sistema de salud\u201d Desde la Federaci\u00f3n Sindical Nacional de Trabajadores y Trabajadoras de la Salud (FESINTRAS) expresamos nuestra profunda preocupaci\u00f3n frente a las declaraciones del Gobierno de Javier Milei [&hellip;]<\/p>\n","protected":false},"author":3,"featured_media":15599,"comment_status":"closed","ping_status":"closed","sticky":false,"template":"","format":"standard","meta":{"content-type":"","footnotes":""},"categories":[12,188],"tags":[],"class_list":{"0":"post-15598","1":"post","2":"type-post","3":"status-publish","4":"format-standard","5":"has-post-thumbnail","7":"category-gremios","8":"category-salud"},"yoast_head":"<!-- This site is optimized with the Yoast SEO plugin v27.4 - https:\/\/yoast.com\/product\/yoast-seo-wordpress\/ -->\n<title>Profunda preocupaci\u00f3n ante la posibilidad de que los hospitales SAMIC bonaerenses pasen a gesti\u00f3n privada - Diario del Oeste<\/title>\n<meta name=\"robots\" content=\"index, follow, max-snippet:-1, max-image-preview:large, max-video-preview:-1\" \/>\n<link rel=\"canonical\" href=\"https:\/\/diariodeloeste.com\/noticias\/2026\/01\/23\/profunda-preocupacion-ante-la-posibilidad-de-que-los-hospitales-samic-bonaerenses-pasen-a-gestion-privada\/\" \/>\n<meta property=\"og:locale\" content=\"es_ES\" \/>\n<meta property=\"og:type\" content=\"article\" \/>\n<meta property=\"og:title\" content=\"Profunda preocupaci\u00f3n ante la posibilidad de que los hospitales SAMIC bonaerenses pasen a gesti\u00f3n privada - Diario del Oeste\" \/>\n<meta property=\"og:description\" content=\"Profunda preocupaci\u00f3n ante la posibilidad de que los hospitales SAMIC bonaerenses pasen a gesti\u00f3n privada: \u201cRepresenta una seria amenaza al car\u00e1cter p\u00fablico, estatal e integral del sistema de salud\u201d Desde la Federaci\u00f3n Sindical Nacional de Trabajadores y Trabajadoras de la Salud (FESINTRAS) expresamos nuestra profunda preocupaci\u00f3n frente a las declaraciones del Gobierno de Javier Milei [&hellip;]\" \/>\n<meta property=\"og:url\" content=\"https:\/\/diariodeloeste.com\/noticias\/2026\/01\/23\/profunda-preocupacion-ante-la-posibilidad-de-que-los-hospitales-samic-bonaerenses-pasen-a-gestion-privada\/\" \/>\n<meta property=\"og:site_name\" content=\"Diario del Oeste\" \/>\n<meta property=\"article:published_time\" content=\"2026-01-23T01:35:46+00:00\" \/>\n<meta property=\"og:image\" content=\"https:\/\/diariodeloeste.com\/noticias\/wp-content\/uploads\/2026\/01\/fesintras-2.jpg\" \/>\n\t<meta property=\"og:image:width\" content=\"1280\" \/>\n\t<meta property=\"og:image:height\" content=\"779\" \/>\n\t<meta property=\"og:image:type\" content=\"image\/jpeg\" \/>\n<meta name=\"author\" content=\"Redaccion\" \/>\n<meta name=\"twitter:card\" content=\"summary_large_image\" \/>\n<meta name=\"twitter:label1\" content=\"Escrito por\" \/>\n\t<meta name=\"twitter:data1\" content=\"Redaccion\" \/>\n\t<meta name=\"twitter:label2\" content=\"Tiempo de lectura\" \/>\n\t<meta name=\"twitter:data2\" content=\"3 minutos\" \/>\n<script type=\"application\/ld+json\" class=\"yoast-schema-graph\">{\"@context\":\"https:\\\/\\\/schema.org\",\"@graph\":[{\"@type\":\"Article\",\"@id\":\"https:\\\/\\\/diariodeloeste.com\\\/noticias\\\/2026\\\/01\\\/23\\\/profunda-preocupacion-ante-la-posibilidad-de-que-los-hospitales-samic-bonaerenses-pasen-a-gestion-privada\\\/#article\",\"isPartOf\":{\"@id\":\"https:\\\/\\\/diariodeloeste.com\\\/noticias\\\/2026\\\/01\\\/23\\\/profunda-preocupacion-ante-la-posibilidad-de-que-los-hospitales-samic-bonaerenses-pasen-a-gestion-privada\\\/\"},\"author\":{\"name\":\"Redaccion\",\"@id\":\"https:\\\/\\\/diariodeloeste.com\\\/noticias\\\/#\\\/schema\\\/person\\\/1f7be965f8c093432e1cbfcee0ac4047\"},\"headline\":\"Profunda preocupaci\u00f3n ante la posibilidad de que los hospitales SAMIC bonaerenses pasen a gesti\u00f3n privada\",\"datePublished\":\"2026-01-23T01:35:46+00:00\",\"mainEntityOfPage\":{\"@id\":\"https:\\\/\\\/diariodeloeste.com\\\/noticias\\\/2026\\\/01\\\/23\\\/profunda-preocupacion-ante-la-posibilidad-de-que-los-hospitales-samic-bonaerenses-pasen-a-gestion-privada\\\/\"},\"wordCount\":490,\"publisher\":{\"@id\":\"https:\\\/\\\/diariodeloeste.com\\\/noticias\\\/#organization\"},\"image\":{\"@id\":\"https:\\\/\\\/diariodeloeste.com\\\/noticias\\\/2026\\\/01\\\/23\\\/profunda-preocupacion-ante-la-posibilidad-de-que-los-hospitales-samic-bonaerenses-pasen-a-gestion-privada\\\/#primaryimage\"},\"thumbnailUrl\":\"https:\\\/\\\/diariodeloeste.com\\\/noticias\\\/wp-content\\\/uploads\\\/2026\\\/01\\\/fesintras-2.jpg\",\"articleSection\":[\"Gremios\",\"Salud\"],\"inLanguage\":\"es-AR\"},{\"@type\":\"WebPage\",\"@id\":\"https:\\\/\\\/diariodeloeste.com\\\/noticias\\\/2026\\\/01\\\/23\\\/profunda-preocupacion-ante-la-posibilidad-de-que-los-hospitales-samic-bonaerenses-pasen-a-gestion-privada\\\/\",\"url\":\"https:\\\/\\\/diariodeloeste.com\\\/noticias\\\/2026\\\/01\\\/23\\\/profunda-preocupacion-ante-la-posibilidad-de-que-los-hospitales-samic-bonaerenses-pasen-a-gestion-privada\\\/\",\"name\":\"Profunda preocupaci\u00f3n ante la posibilidad de que los hospitales SAMIC bonaerenses pasen a gesti\u00f3n privada - Diario del Oeste\",\"isPartOf\":{\"@id\":\"https:\\\/\\\/diariodeloeste.com\\\/noticias\\\/#website\"},\"primaryImageOfPage\":{\"@id\":\"https:\\\/\\\/diariodeloeste.com\\\/noticias\\\/2026\\\/01\\\/23\\\/profunda-preocupacion-ante-la-posibilidad-de-que-los-hospitales-samic-bonaerenses-pasen-a-gestion-privada\\\/#primaryimage\"},\"image\":{\"@id\":\"https:\\\/\\\/diariodeloeste.com\\\/noticias\\\/2026\\\/01\\\/23\\\/profunda-preocupacion-ante-la-posibilidad-de-que-los-hospitales-samic-bonaerenses-pasen-a-gestion-privada\\\/#primaryimage\"},\"thumbnailUrl\":\"https:\\\/\\\/diariodeloeste.com\\\/noticias\\\/wp-content\\\/uploads\\\/2026\\\/01\\\/fesintras-2.jpg\",\"datePublished\":\"2026-01-23T01:35:46+00:00\",\"breadcrumb\":{\"@id\":\"https:\\\/\\\/diariodeloeste.com\\\/noticias\\\/2026\\\/01\\\/23\\\/profunda-preocupacion-ante-la-posibilidad-de-que-los-hospitales-samic-bonaerenses-pasen-a-gestion-privada\\\/#breadcrumb\"},\"inLanguage\":\"es-AR\",\"potentialAction\":[{\"@type\":\"ReadAction\",\"target\":[\"https:\\\/\\\/diariodeloeste.com\\\/noticias\\\/2026\\\/01\\\/23\\\/profunda-preocupacion-ante-la-posibilidad-de-que-los-hospitales-samic-bonaerenses-pasen-a-gestion-privada\\\/\"]}]},{\"@type\":\"ImageObject\",\"inLanguage\":\"es-AR\",\"@id\":\"https:\\\/\\\/diariodeloeste.com\\\/noticias\\\/2026\\\/01\\\/23\\\/profunda-preocupacion-ante-la-posibilidad-de-que-los-hospitales-samic-bonaerenses-pasen-a-gestion-privada\\\/#primaryimage\",\"url\":\"https:\\\/\\\/diariodeloeste.com\\\/noticias\\\/wp-content\\\/uploads\\\/2026\\\/01\\\/fesintras-2.jpg\",\"contentUrl\":\"https:\\\/\\\/diariodeloeste.com\\\/noticias\\\/wp-content\\\/uploads\\\/2026\\\/01\\\/fesintras-2.jpg\",\"width\":1280,\"height\":779},{\"@type\":\"BreadcrumbList\",\"@id\":\"https:\\\/\\\/diariodeloeste.com\\\/noticias\\\/2026\\\/01\\\/23\\\/profunda-preocupacion-ante-la-posibilidad-de-que-los-hospitales-samic-bonaerenses-pasen-a-gestion-privada\\\/#breadcrumb\",\"itemListElement\":[{\"@type\":\"ListItem\",\"position\":1,\"name\":\"Inicio\",\"item\":\"https:\\\/\\\/diariodeloeste.com\\\/noticias\\\/\"},{\"@type\":\"ListItem\",\"position\":2,\"name\":\"Profunda preocupaci\u00f3n ante la posibilidad de que los hospitales SAMIC bonaerenses pasen a gesti\u00f3n privada\"}]},{\"@type\":\"WebSite\",\"@id\":\"https:\\\/\\\/diariodeloeste.com\\\/noticias\\\/#website\",\"url\":\"https:\\\/\\\/diariodeloeste.com\\\/noticias\\\/\",\"name\":\"Diario del Oeste\",\"description\":\"Noticias del Oeste\",\"publisher\":{\"@id\":\"https:\\\/\\\/diariodeloeste.com\\\/noticias\\\/#organization\"},\"potentialAction\":[{\"@type\":\"SearchAction\",\"target\":{\"@type\":\"EntryPoint\",\"urlTemplate\":\"https:\\\/\\\/diariodeloeste.com\\\/noticias\\\/?s={search_term_string}\"},\"query-input\":{\"@type\":\"PropertyValueSpecification\",\"valueRequired\":true,\"valueName\":\"search_term_string\"}}],\"inLanguage\":\"es-AR\"},{\"@type\":\"Organization\",\"@id\":\"https:\\\/\\\/diariodeloeste.com\\\/noticias\\\/#organization\",\"name\":\"Diario del Oeste\",\"url\":\"https:\\\/\\\/diariodeloeste.com\\\/noticias\\\/\",\"logo\":{\"@type\":\"ImageObject\",\"inLanguage\":\"es-AR\",\"@id\":\"https:\\\/\\\/diariodeloeste.com\\\/noticias\\\/#\\\/schema\\\/logo\\\/image\\\/\",\"url\":\"https:\\\/\\\/diariodeloeste.com\\\/noticias\\\/wp-content\\\/uploads\\\/2019\\\/04\\\/logo.png\",\"contentUrl\":\"https:\\\/\\\/diariodeloeste.com\\\/noticias\\\/wp-content\\\/uploads\\\/2019\\\/04\\\/logo.png\",\"width\":306,\"height\":145,\"caption\":\"Diario del Oeste\"},\"image\":{\"@id\":\"https:\\\/\\\/diariodeloeste.com\\\/noticias\\\/#\\\/schema\\\/logo\\\/image\\\/\"}},{\"@type\":\"Person\",\"@id\":\"https:\\\/\\\/diariodeloeste.com\\\/noticias\\\/#\\\/schema\\\/person\\\/1f7be965f8c093432e1cbfcee0ac4047\",\"name\":\"Redaccion\",\"image\":{\"@type\":\"ImageObject\",\"inLanguage\":\"es-AR\",\"@id\":\"https:\\\/\\\/secure.gravatar.com\\\/avatar\\\/f9bc3a12e26b32d818d88f9a5b61de20b559752e499df507efa7ea3cea0550ef?s=96&d=mm&r=g\",\"url\":\"https:\\\/\\\/secure.gravatar.com\\\/avatar\\\/f9bc3a12e26b32d818d88f9a5b61de20b559752e499df507efa7ea3cea0550ef?s=96&d=mm&r=g\",\"contentUrl\":\"https:\\\/\\\/secure.gravatar.com\\\/avatar\\\/f9bc3a12e26b32d818d88f9a5b61de20b559752e499df507efa7ea3cea0550ef?s=96&d=mm&r=g\",\"caption\":\"Redaccion\"},\"url\":\"https:\\\/\\\/diariodeloeste.com\\\/noticias\\\/author\\\/redaccion\\\/\"}]}<\/script>\n<!-- \/ Yoast SEO plugin. -->","yoast_head_json":{"title":"Profunda preocupaci\u00f3n ante la posibilidad de que los hospitales SAMIC bonaerenses pasen a gesti\u00f3n privada - Diario del Oeste","robots":{"index":"index","follow":"follow","max-snippet":"max-snippet:-1","max-image-preview":"max-image-preview:large","max-video-preview":"max-video-preview:-1"},"canonical":"https:\/\/diariodeloeste.com\/noticias\/2026\/01\/23\/profunda-preocupacion-ante-la-posibilidad-de-que-los-hospitales-samic-bonaerenses-pasen-a-gestion-privada\/","og_locale":"es_ES","og_type":"article","og_title":"Profunda preocupaci\u00f3n ante la posibilidad de que los hospitales SAMIC bonaerenses pasen a gesti\u00f3n privada - Diario del Oeste","og_description":"Profunda preocupaci\u00f3n ante la posibilidad de que los hospitales SAMIC bonaerenses pasen a gesti\u00f3n privada: \u201cRepresenta una seria amenaza al car\u00e1cter p\u00fablico, estatal e integral del sistema de salud\u201d Desde la Federaci\u00f3n Sindical Nacional de Trabajadores y Trabajadoras de la Salud (FESINTRAS) expresamos nuestra profunda preocupaci\u00f3n frente a las declaraciones del Gobierno de Javier Milei [&hellip;]","og_url":"https:\/\/diariodeloeste.com\/noticias\/2026\/01\/23\/profunda-preocupacion-ante-la-posibilidad-de-que-los-hospitales-samic-bonaerenses-pasen-a-gestion-privada\/","og_site_name":"Diario del Oeste","article_published_time":"2026-01-23T01:35:46+00:00","og_image":[{"width":1280,"height":779,"url":"https:\/\/diariodeloeste.com\/noticias\/wp-content\/uploads\/2026\/01\/fesintras-2.jpg","type":"image\/jpeg"}],"author":"Redaccion","twitter_card":"summary_large_image","twitter_misc":{"Escrito por":"Redaccion","Tiempo de lectura":"3 minutos"},"schema":{"@context":"https:\/\/schema.org","@graph":[{"@type":"Article","@id":"https:\/\/diariodeloeste.com\/noticias\/2026\/01\/23\/profunda-preocupacion-ante-la-posibilidad-de-que-los-hospitales-samic-bonaerenses-pasen-a-gestion-privada\/#article","isPartOf":{"@id":"https:\/\/diariodeloeste.com\/noticias\/2026\/01\/23\/profunda-preocupacion-ante-la-posibilidad-de-que-los-hospitales-samic-bonaerenses-pasen-a-gestion-privada\/"},"author":{"name":"Redaccion","@id":"https:\/\/diariodeloeste.com\/noticias\/#\/schema\/person\/1f7be965f8c093432e1cbfcee0ac4047"},"headline":"Profunda preocupaci\u00f3n ante la posibilidad de que los hospitales SAMIC bonaerenses pasen a gesti\u00f3n privada","datePublished":"2026-01-23T01:35:46+00:00","mainEntityOfPage":{"@id":"https:\/\/diariodeloeste.com\/noticias\/2026\/01\/23\/profunda-preocupacion-ante-la-posibilidad-de-que-los-hospitales-samic-bonaerenses-pasen-a-gestion-privada\/"},"wordCount":490,"publisher":{"@id":"https:\/\/diariodeloeste.com\/noticias\/#organization"},"image":{"@id":"https:\/\/diariodeloeste.com\/noticias\/2026\/01\/23\/profunda-preocupacion-ante-la-posibilidad-de-que-los-hospitales-samic-bonaerenses-pasen-a-gestion-privada\/#primaryimage"},"thumbnailUrl":"https:\/\/diariodeloeste.com\/noticias\/wp-content\/uploads\/2026\/01\/fesintras-2.jpg","articleSection":["Gremios","Salud"],"inLanguage":"es-AR"},{"@type":"WebPage","@id":"https:\/\/diariodeloeste.com\/noticias\/2026\/01\/23\/profunda-preocupacion-ante-la-posibilidad-de-que-los-hospitales-samic-bonaerenses-pasen-a-gestion-privada\/","url":"https:\/\/diariodeloeste.com\/noticias\/2026\/01\/23\/profunda-preocupacion-ante-la-posibilidad-de-que-los-hospitales-samic-bonaerenses-pasen-a-gestion-privada\/","name":"Profunda preocupaci\u00f3n ante la posibilidad de que los hospitales SAMIC bonaerenses pasen a gesti\u00f3n privada - Diario del Oeste","isPartOf":{"@id":"https:\/\/diariodeloeste.com\/noticias\/#website"},"primaryImageOfPage":{"@id":"https:\/\/diariodeloeste.com\/noticias\/2026\/01\/23\/profunda-preocupacion-ante-la-posibilidad-de-que-los-hospitales-samic-bonaerenses-pasen-a-gestion-privada\/#primaryimage"},"image":{"@id":"https:\/\/diariodeloeste.com\/noticias\/2026\/01\/23\/profunda-preocupacion-ante-la-posibilidad-de-que-los-hospitales-samic-bonaerenses-pasen-a-gestion-privada\/#primaryimage"},"thumbnailUrl":"https:\/\/diariodeloeste.com\/noticias\/wp-content\/uploads\/2026\/01\/fesintras-2.jpg","datePublished":"2026-01-23T01:35:46+00:00","breadcrumb":{"@id":"https:\/\/diariodeloeste.com\/noticias\/2026\/01\/23\/profunda-preocupacion-ante-la-posibilidad-de-que-los-hospitales-samic-bonaerenses-pasen-a-gestion-privada\/#breadcrumb"},"inLanguage":"es-AR","potentialAction":[{"@type":"ReadAction","target":["https:\/\/diariodeloeste.com\/noticias\/2026\/01\/23\/profunda-preocupacion-ante-la-posibilidad-de-que-los-hospitales-samic-bonaerenses-pasen-a-gestion-privada\/"]}]},{"@type":"ImageObject","inLanguage":"es-AR","@id":"https:\/\/diariodeloeste.com\/noticias\/2026\/01\/23\/profunda-preocupacion-ante-la-posibilidad-de-que-los-hospitales-samic-bonaerenses-pasen-a-gestion-privada\/#primaryimage","url":"https:\/\/diariodeloeste.com\/noticias\/wp-content\/uploads\/2026\/01\/fesintras-2.jpg","contentUrl":"https:\/\/diariodeloeste.com\/noticias\/wp-content\/uploads\/2026\/01\/fesintras-2.jpg","width":1280,"height":779},{"@type":"BreadcrumbList","@id":"https:\/\/diariodeloeste.com\/noticias\/2026\/01\/23\/profunda-preocupacion-ante-la-posibilidad-de-que-los-hospitales-samic-bonaerenses-pasen-a-gestion-privada\/#breadcrumb","itemListElement":[{"@type":"ListItem","position":1,"name":"Inicio","item":"https:\/\/diariodeloeste.com\/noticias\/"},{"@type":"ListItem","position":2,"name":"Profunda preocupaci\u00f3n ante la posibilidad de que los hospitales SAMIC bonaerenses pasen a gesti\u00f3n privada"}]},{"@type":"WebSite","@id":"https:\/\/diariodeloeste.com\/noticias\/#website","url":"https:\/\/diariodeloeste.com\/noticias\/","name":"Diario del Oeste","description":"Noticias del Oeste","publisher":{"@id":"https:\/\/diariodeloeste.com\/noticias\/#organization"},"potentialAction":[{"@type":"SearchAction","target":{"@type":"EntryPoint","urlTemplate":"https:\/\/diariodeloeste.com\/noticias\/?s={search_term_string}"},"query-input":{"@type":"PropertyValueSpecification","valueRequired":true,"valueName":"search_term_string"}}],"inLanguage":"es-AR"},{"@type":"Organization","@id":"https:\/\/diariodeloeste.com\/noticias\/#organization","name":"Diario del Oeste","url":"https:\/\/diariodeloeste.com\/noticias\/","logo":{"@type":"ImageObject","inLanguage":"es-AR","@id":"https:\/\/diariodeloeste.com\/noticias\/#\/schema\/logo\/image\/","url":"https:\/\/diariodeloeste.com\/noticias\/wp-content\/uploads\/2019\/04\/logo.png","contentUrl":"https:\/\/diariodeloeste.com\/noticias\/wp-content\/uploads\/2019\/04\/logo.png","width":306,"height":145,"caption":"Diario del Oeste"},"image":{"@id":"https:\/\/diariodeloeste.com\/noticias\/#\/schema\/logo\/image\/"}},{"@type":"Person","@id":"https:\/\/diariodeloeste.com\/noticias\/#\/schema\/person\/1f7be965f8c093432e1cbfcee0ac4047","name":"Redaccion","image":{"@type":"ImageObject","inLanguage":"es-AR","@id":"https:\/\/secure.gravatar.com\/avatar\/f9bc3a12e26b32d818d88f9a5b61de20b559752e499df507efa7ea3cea0550ef?s=96&d=mm&r=g","url":"https:\/\/secure.gravatar.com\/avatar\/f9bc3a12e26b32d818d88f9a5b61de20b559752e499df507efa7ea3cea0550ef?s=96&d=mm&r=g","contentUrl":"https:\/\/secure.gravatar.com\/avatar\/f9bc3a12e26b32d818d88f9a5b61de20b559752e499df507efa7ea3cea0550ef?s=96&d=mm&r=g","caption":"Redaccion"},"url":"https:\/\/diariodeloeste.com\/noticias\/author\/redaccion\/"}]}},"_links":{"self":[{"href":"https:\/\/diariodeloeste.com\/noticias\/wp-json\/wp\/v2\/posts\/15598","targetHints":{"allow":["GET"]}}],"collection":[{"href":"https:\/\/diariodeloeste.com\/noticias\/wp-json\/wp\/v2\/posts"}],"about":[{"href":"https:\/\/diariodeloeste.com\/noticias\/wp-json\/wp\/v2\/types\/post"}],"author":[{"embeddable":true,"href":"https:\/\/diariodeloeste.com\/noticias\/wp-json\/wp\/v2\/users\/3"}],"replies":[{"embeddable":true,"href":"https:\/\/diariodeloeste.com\/noticias\/wp-json\/wp\/v2\/comments?post=15598"}],"version-history":[{"count":1,"href":"https:\/\/diariodeloeste.com\/noticias\/wp-json\/wp\/v2\/posts\/15598\/revisions"}],"predecessor-version":[{"id":15600,"href":"https:\/\/diariodeloeste.com\/noticias\/wp-json\/wp\/v2\/posts\/15598\/revisions\/15600"}],"wp:featuredmedia":[{"embeddable":true,"href":"https:\/\/diariodeloeste.com\/noticias\/wp-json\/wp\/v2\/media\/15599"}],"wp:attachment":[{"href":"https:\/\/diariodeloeste.com\/noticias\/wp-json\/wp\/v2\/media?parent=15598"}],"wp:term":[{"taxonomy":"category","embeddable":true,"href":"https:\/\/diariodeloeste.com\/noticias\/wp-json\/wp\/v2\/categories?post=15598"},{"taxonomy":"post_tag","embeddable":true,"href":"https:\/\/diariodeloeste.com\/noticias\/wp-json\/wp\/v2\/tags?post=15598"}],"curies":[{"name":"wp","href":"https:\/\/api.w.org\/{rel}","templated":true}]}}