{"id":15532,"date":"2025-12-15T14:34:48","date_gmt":"2025-12-15T14:34:48","guid":{"rendered":"https:\/\/diariodeloeste.com\/noticias\/?p=15532"},"modified":"2025-12-15T14:34:48","modified_gmt":"2025-12-15T14:34:48","slug":"nardini-terminamos-el-ano-con-el-mismo-impulso-con-el-que-empezamos","status":"publish","type":"post","link":"https:\/\/diariodeloeste.com\/noticias\/2025\/12\/15\/nardini-terminamos-el-ano-con-el-mismo-impulso-con-el-que-empezamos\/","title":{"rendered":"Nardini: \u201cTerminamos el a\u00f1o con el mismo impulso con el que empezamos\u201d"},"content":{"rendered":"<h2 class=\"sc-iapWAC vriNj\">Acompa\u00f1ados de decenas de vecinos, Nardini y Correa inauguraron y habilitaron dos obras en el barrio La Loma. Un encuentro que incluy\u00f3 mucho m\u00e1s que promesas cumplidas: empanadas, emoci\u00f3n y esperanza renovada.<\/h2>\n<div class=\"sc-kqGoIF cvDJci\">\n<p dir=\"ltr\"><strong>Ciudad de Ing. Adolfo Sourdeaux, 11 de diciembre de 2025 &#8211;<\/strong>\u00a0A pocos d\u00edas de finalizar el a\u00f1o, el intendente Leo Nardini y la secretaria general Noe Correa inauguraron una nueva obra de pavimentaci\u00f3n e hidr\u00e1ulica en el barrio La Loma. Durante la recorrida, Nardini destac\u00f3: \u201cTerminamos el a\u00f1o con el mismo impulso con el que lo empezamos\u201d.<\/p>\n<p dir=\"ltr\">\n<p dir=\"ltr\">Junto a decenas de vecinos, las autoridades recorrieron las dos cuadras intervenidas, que abarcan desde la intersecci\u00f3n de Pelagio Luna y Mara\u00f1\u00f3n hasta Pelagio Luna y Prado. La obra, ejecutada por la Secretar\u00eda de Obras P\u00fablicas y Planificaci\u00f3n Urbana, comprendi\u00f3 1.350 metros cuadrados de pavimento de hormig\u00f3n y la construcci\u00f3n de sumideros para el desagote de aguas de lluvia, mejorando la infraestructura y poniendo en valor el barrio y sus espacios p\u00fablicos.<\/p>\n<p dir=\"ltr\">\n<p dir=\"ltr\">M\u00e1s tarde, visitaron y habilitaron la obra recientemente finalizada en Pasaje Arrieta y P\u00edo XII, tambi\u00e9n en Ing. Adolfo Sourdeaux. Esta intervenci\u00f3n, de 1.630 metros cuadrados de calzada de hormig\u00f3n, fue solicitada y llevada adelante por la Secretar\u00eda General y la Subsecretar\u00eda de Servicios, con mano de obra de cuadrillas municipales y materiales producidos en la hormigonera local. All\u00ed, los vecinos recibieron a las autoridades con un agasajo de empanadas, prometidas al comenzar los trabajos. Guillermo Paz, vecino del barrio, expres\u00f3 emocionado: \u201cNos cambia la vida, ahora se van a modernizar las casas tambi\u00e9n, estamos muy agradecidos. Promesa cumplida por promesa cumplida\u201d.<\/p>\n<p dir=\"ltr\">\n<p dir=\"ltr\">El intendente subray\u00f3 la importancia de estas obras para los vecinos de larga trayectoria en el barrio: \u201cMucha gente mayor, que vive hace 60, 50 o 40 a\u00f1os, pensaba que nunca iba a tener accesibilidad. Nos ven trabajando, avanzando, y entienden que no somos todos iguales: hay un municipio que planifica, que avanza y que trabaja. Eso es Malvinas, es el compromiso que tenemos\u201d.<\/p>\n<p dir=\"ltr\">\n<p dir=\"ltr\">Ambas obras, ubicadas a cinco cuadras de distancia entre s\u00ed, est\u00e1n destinadas a mejorar significativamente la vida cotidiana de las y los vecinos de la zona. Los trabajos permiten una mejor accesibilidad a servicios p\u00fablicos, optimizan la circulaci\u00f3n vehicular y peatonal, y contribuyen a disminuir enfermedades asociadas al polvo o al estancamiento de agua. Adem\u00e1s, ponen en valor el espacio p\u00fablico para el disfrute seguro de la comunidad.<\/p>\n<p dir=\"ltr\">\n<p dir=\"ltr\">Nardini concluy\u00f3: \u201cLos vecinos ven que las obras se inician y se culminan, que hay funcionarios comprometidos que ponen el coraz\u00f3n en su lugar, que es el lugar donde viven y se renuevan las esperanzas en una pol\u00edtica seria, que trabaja y que tiene la convicci\u00f3n de avanzar\u201d, y concluy\u00f3: \u201cAs\u00ed vamos a arrancar el 2026: con la misma impronta, el mismo sacrificio, la misma voluntad y las mismas ganas de llevar a Malvinas a un futuro mejor\u201d.<\/p>\n<\/div>\n<script>function PlayerjsAsync(){} if(window[\"Playerjs\"]){PlayerjsAsync();}<\/script>","protected":false},"excerpt":{"rendered":"<p>Acompa\u00f1ados de decenas de vecinos, Nardini y Correa inauguraron y habilitaron dos obras en el barrio La Loma. Un encuentro que incluy\u00f3 mucho m\u00e1s que promesas cumplidas: empanadas, emoci\u00f3n y esperanza renovada. Ciudad de Ing. Adolfo Sourdeaux, 11 de diciembre de 2025 &#8211;\u00a0A pocos d\u00edas de finalizar el a\u00f1o, el intendente Leo Nardini y la [&hellip;]<\/p>\n","protected":false},"author":3,"featured_media":15533,"comment_status":"closed","ping_status":"closed","sticky":false,"template":"","format":"standard","meta":{"content-type":"","footnotes":""},"categories":[496],"tags":[],"class_list":{"0":"post-15532","1":"post","2":"type-post","3":"status-publish","4":"format-standard","5":"has-post-thumbnail","7":"category-malvinas-argentinas"},"yoast_head":"<!-- This site is optimized with the Yoast SEO plugin v27.4 - https:\/\/yoast.com\/product\/yoast-seo-wordpress\/ -->\n<title>Nardini: \u201cTerminamos el a\u00f1o con el mismo impulso con el que empezamos\u201d - Diario del Oeste<\/title>\n<meta name=\"robots\" content=\"index, follow, max-snippet:-1, max-image-preview:large, max-video-preview:-1\" \/>\n<link rel=\"canonical\" href=\"https:\/\/diariodeloeste.com\/noticias\/2025\/12\/15\/nardini-terminamos-el-ano-con-el-mismo-impulso-con-el-que-empezamos\/\" \/>\n<meta property=\"og:locale\" content=\"es_ES\" \/>\n<meta property=\"og:type\" content=\"article\" \/>\n<meta property=\"og:title\" content=\"Nardini: \u201cTerminamos el a\u00f1o con el mismo impulso con el que empezamos\u201d - Diario del Oeste\" \/>\n<meta property=\"og:description\" content=\"Acompa\u00f1ados de decenas de vecinos, Nardini y Correa inauguraron y habilitaron dos obras en el barrio La Loma. Un encuentro que incluy\u00f3 mucho m\u00e1s que promesas cumplidas: empanadas, emoci\u00f3n y esperanza renovada. Ciudad de Ing. Adolfo Sourdeaux, 11 de diciembre de 2025 &#8211;\u00a0A pocos d\u00edas de finalizar el a\u00f1o, el intendente Leo Nardini y la [&hellip;]\" \/>\n<meta property=\"og:url\" content=\"https:\/\/diariodeloeste.com\/noticias\/2025\/12\/15\/nardini-terminamos-el-ano-con-el-mismo-impulso-con-el-que-empezamos\/\" \/>\n<meta property=\"og:site_name\" content=\"Diario del Oeste\" \/>\n<meta property=\"article:published_time\" content=\"2025-12-15T14:34:48+00:00\" \/>\n<meta property=\"og:image\" content=\"https:\/\/diariodeloeste.com\/noticias\/wp-content\/uploads\/2025\/12\/IGF8apMhrMrSlcNko7Wp-scaled.webp\" \/>\n\t<meta property=\"og:image:width\" content=\"2560\" \/>\n\t<meta property=\"og:image:height\" content=\"1706\" \/>\n\t<meta property=\"og:image:type\" content=\"image\/webp\" \/>\n<meta name=\"author\" content=\"Redaccion\" \/>\n<meta name=\"twitter:card\" content=\"summary_large_image\" \/>\n<meta name=\"twitter:label1\" content=\"Escrito por\" \/>\n\t<meta name=\"twitter:data1\" content=\"Redaccion\" \/>\n\t<meta name=\"twitter:label2\" content=\"Tiempo de lectura\" \/>\n\t<meta name=\"twitter:data2\" content=\"3 minutos\" \/>\n<script type=\"application\/ld+json\" class=\"yoast-schema-graph\">{\"@context\":\"https:\\\/\\\/schema.org\",\"@graph\":[{\"@type\":\"Article\",\"@id\":\"https:\\\/\\\/diariodeloeste.com\\\/noticias\\\/2025\\\/12\\\/15\\\/nardini-terminamos-el-ano-con-el-mismo-impulso-con-el-que-empezamos\\\/#article\",\"isPartOf\":{\"@id\":\"https:\\\/\\\/diariodeloeste.com\\\/noticias\\\/2025\\\/12\\\/15\\\/nardini-terminamos-el-ano-con-el-mismo-impulso-con-el-que-empezamos\\\/\"},\"author\":{\"name\":\"Redaccion\",\"@id\":\"https:\\\/\\\/diariodeloeste.com\\\/noticias\\\/#\\\/schema\\\/person\\\/1f7be965f8c093432e1cbfcee0ac4047\"},\"headline\":\"Nardini: \u201cTerminamos el a\u00f1o con el mismo impulso con el que empezamos\u201d\",\"datePublished\":\"2025-12-15T14:34:48+00:00\",\"mainEntityOfPage\":{\"@id\":\"https:\\\/\\\/diariodeloeste.com\\\/noticias\\\/2025\\\/12\\\/15\\\/nardini-terminamos-el-ano-con-el-mismo-impulso-con-el-que-empezamos\\\/\"},\"wordCount\":512,\"publisher\":{\"@id\":\"https:\\\/\\\/diariodeloeste.com\\\/noticias\\\/#organization\"},\"image\":{\"@id\":\"https:\\\/\\\/diariodeloeste.com\\\/noticias\\\/2025\\\/12\\\/15\\\/nardini-terminamos-el-ano-con-el-mismo-impulso-con-el-que-empezamos\\\/#primaryimage\"},\"thumbnailUrl\":\"https:\\\/\\\/diariodeloeste.com\\\/noticias\\\/wp-content\\\/uploads\\\/2025\\\/12\\\/IGF8apMhrMrSlcNko7Wp-scaled.webp\",\"articleSection\":[\"Malvinas Argentinas\"],\"inLanguage\":\"es-AR\"},{\"@type\":\"WebPage\",\"@id\":\"https:\\\/\\\/diariodeloeste.com\\\/noticias\\\/2025\\\/12\\\/15\\\/nardini-terminamos-el-ano-con-el-mismo-impulso-con-el-que-empezamos\\\/\",\"url\":\"https:\\\/\\\/diariodeloeste.com\\\/noticias\\\/2025\\\/12\\\/15\\\/nardini-terminamos-el-ano-con-el-mismo-impulso-con-el-que-empezamos\\\/\",\"name\":\"Nardini: \u201cTerminamos el a\u00f1o con el mismo impulso con el que empezamos\u201d - Diario del Oeste\",\"isPartOf\":{\"@id\":\"https:\\\/\\\/diariodeloeste.com\\\/noticias\\\/#website\"},\"primaryImageOfPage\":{\"@id\":\"https:\\\/\\\/diariodeloeste.com\\\/noticias\\\/2025\\\/12\\\/15\\\/nardini-terminamos-el-ano-con-el-mismo-impulso-con-el-que-empezamos\\\/#primaryimage\"},\"image\":{\"@id\":\"https:\\\/\\\/diariodeloeste.com\\\/noticias\\\/2025\\\/12\\\/15\\\/nardini-terminamos-el-ano-con-el-mismo-impulso-con-el-que-empezamos\\\/#primaryimage\"},\"thumbnailUrl\":\"https:\\\/\\\/diariodeloeste.com\\\/noticias\\\/wp-content\\\/uploads\\\/2025\\\/12\\\/IGF8apMhrMrSlcNko7Wp-scaled.webp\",\"datePublished\":\"2025-12-15T14:34:48+00:00\",\"breadcrumb\":{\"@id\":\"https:\\\/\\\/diariodeloeste.com\\\/noticias\\\/2025\\\/12\\\/15\\\/nardini-terminamos-el-ano-con-el-mismo-impulso-con-el-que-empezamos\\\/#breadcrumb\"},\"inLanguage\":\"es-AR\",\"potentialAction\":[{\"@type\":\"ReadAction\",\"target\":[\"https:\\\/\\\/diariodeloeste.com\\\/noticias\\\/2025\\\/12\\\/15\\\/nardini-terminamos-el-ano-con-el-mismo-impulso-con-el-que-empezamos\\\/\"]}]},{\"@type\":\"ImageObject\",\"inLanguage\":\"es-AR\",\"@id\":\"https:\\\/\\\/diariodeloeste.com\\\/noticias\\\/2025\\\/12\\\/15\\\/nardini-terminamos-el-ano-con-el-mismo-impulso-con-el-que-empezamos\\\/#primaryimage\",\"url\":\"https:\\\/\\\/diariodeloeste.com\\\/noticias\\\/wp-content\\\/uploads\\\/2025\\\/12\\\/IGF8apMhrMrSlcNko7Wp-scaled.webp\",\"contentUrl\":\"https:\\\/\\\/diariodeloeste.com\\\/noticias\\\/wp-content\\\/uploads\\\/2025\\\/12\\\/IGF8apMhrMrSlcNko7Wp-scaled.webp\",\"width\":2560,\"height\":1706},{\"@type\":\"BreadcrumbList\",\"@id\":\"https:\\\/\\\/diariodeloeste.com\\\/noticias\\\/2025\\\/12\\\/15\\\/nardini-terminamos-el-ano-con-el-mismo-impulso-con-el-que-empezamos\\\/#breadcrumb\",\"itemListElement\":[{\"@type\":\"ListItem\",\"position\":1,\"name\":\"Inicio\",\"item\":\"https:\\\/\\\/diariodeloeste.com\\\/noticias\\\/\"},{\"@type\":\"ListItem\",\"position\":2,\"name\":\"Nardini: \u201cTerminamos el a\u00f1o con el mismo impulso con el que empezamos\u201d\"}]},{\"@type\":\"WebSite\",\"@id\":\"https:\\\/\\\/diariodeloeste.com\\\/noticias\\\/#website\",\"url\":\"https:\\\/\\\/diariodeloeste.com\\\/noticias\\\/\",\"name\":\"Diario del Oeste\",\"description\":\"Noticias del Oeste\",\"publisher\":{\"@id\":\"https:\\\/\\\/diariodeloeste.com\\\/noticias\\\/#organization\"},\"potentialAction\":[{\"@type\":\"SearchAction\",\"target\":{\"@type\":\"EntryPoint\",\"urlTemplate\":\"https:\\\/\\\/diariodeloeste.com\\\/noticias\\\/?s={search_term_string}\"},\"query-input\":{\"@type\":\"PropertyValueSpecification\",\"valueRequired\":true,\"valueName\":\"search_term_string\"}}],\"inLanguage\":\"es-AR\"},{\"@type\":\"Organization\",\"@id\":\"https:\\\/\\\/diariodeloeste.com\\\/noticias\\\/#organization\",\"name\":\"Diario del Oeste\",\"url\":\"https:\\\/\\\/diariodeloeste.com\\\/noticias\\\/\",\"logo\":{\"@type\":\"ImageObject\",\"inLanguage\":\"es-AR\",\"@id\":\"https:\\\/\\\/diariodeloeste.com\\\/noticias\\\/#\\\/schema\\\/logo\\\/image\\\/\",\"url\":\"https:\\\/\\\/diariodeloeste.com\\\/noticias\\\/wp-content\\\/uploads\\\/2019\\\/04\\\/logo.png\",\"contentUrl\":\"https:\\\/\\\/diariodeloeste.com\\\/noticias\\\/wp-content\\\/uploads\\\/2019\\\/04\\\/logo.png\",\"width\":306,\"height\":145,\"caption\":\"Diario del Oeste\"},\"image\":{\"@id\":\"https:\\\/\\\/diariodeloeste.com\\\/noticias\\\/#\\\/schema\\\/logo\\\/image\\\/\"}},{\"@type\":\"Person\",\"@id\":\"https:\\\/\\\/diariodeloeste.com\\\/noticias\\\/#\\\/schema\\\/person\\\/1f7be965f8c093432e1cbfcee0ac4047\",\"name\":\"Redaccion\",\"image\":{\"@type\":\"ImageObject\",\"inLanguage\":\"es-AR\",\"@id\":\"https:\\\/\\\/secure.gravatar.com\\\/avatar\\\/f9bc3a12e26b32d818d88f9a5b61de20b559752e499df507efa7ea3cea0550ef?s=96&d=mm&r=g\",\"url\":\"https:\\\/\\\/secure.gravatar.com\\\/avatar\\\/f9bc3a12e26b32d818d88f9a5b61de20b559752e499df507efa7ea3cea0550ef?s=96&d=mm&r=g\",\"contentUrl\":\"https:\\\/\\\/secure.gravatar.com\\\/avatar\\\/f9bc3a12e26b32d818d88f9a5b61de20b559752e499df507efa7ea3cea0550ef?s=96&d=mm&r=g\",\"caption\":\"Redaccion\"},\"url\":\"https:\\\/\\\/diariodeloeste.com\\\/noticias\\\/author\\\/redaccion\\\/\"}]}<\/script>\n<!-- \/ Yoast SEO plugin. -->","yoast_head_json":{"title":"Nardini: \u201cTerminamos el a\u00f1o con el mismo impulso con el que empezamos\u201d - Diario del Oeste","robots":{"index":"index","follow":"follow","max-snippet":"max-snippet:-1","max-image-preview":"max-image-preview:large","max-video-preview":"max-video-preview:-1"},"canonical":"https:\/\/diariodeloeste.com\/noticias\/2025\/12\/15\/nardini-terminamos-el-ano-con-el-mismo-impulso-con-el-que-empezamos\/","og_locale":"es_ES","og_type":"article","og_title":"Nardini: \u201cTerminamos el a\u00f1o con el mismo impulso con el que empezamos\u201d - Diario del Oeste","og_description":"Acompa\u00f1ados de decenas de vecinos, Nardini y Correa inauguraron y habilitaron dos obras en el barrio La Loma. Un encuentro que incluy\u00f3 mucho m\u00e1s que promesas cumplidas: empanadas, emoci\u00f3n y esperanza renovada. Ciudad de Ing. Adolfo Sourdeaux, 11 de diciembre de 2025 &#8211;\u00a0A pocos d\u00edas de finalizar el a\u00f1o, el intendente Leo Nardini y la [&hellip;]","og_url":"https:\/\/diariodeloeste.com\/noticias\/2025\/12\/15\/nardini-terminamos-el-ano-con-el-mismo-impulso-con-el-que-empezamos\/","og_site_name":"Diario del Oeste","article_published_time":"2025-12-15T14:34:48+00:00","og_image":[{"width":2560,"height":1706,"url":"https:\/\/diariodeloeste.com\/noticias\/wp-content\/uploads\/2025\/12\/IGF8apMhrMrSlcNko7Wp-scaled.webp","type":"image\/webp"}],"author":"Redaccion","twitter_card":"summary_large_image","twitter_misc":{"Escrito por":"Redaccion","Tiempo de lectura":"3 minutos"},"schema":{"@context":"https:\/\/schema.org","@graph":[{"@type":"Article","@id":"https:\/\/diariodeloeste.com\/noticias\/2025\/12\/15\/nardini-terminamos-el-ano-con-el-mismo-impulso-con-el-que-empezamos\/#article","isPartOf":{"@id":"https:\/\/diariodeloeste.com\/noticias\/2025\/12\/15\/nardini-terminamos-el-ano-con-el-mismo-impulso-con-el-que-empezamos\/"},"author":{"name":"Redaccion","@id":"https:\/\/diariodeloeste.com\/noticias\/#\/schema\/person\/1f7be965f8c093432e1cbfcee0ac4047"},"headline":"Nardini: \u201cTerminamos el a\u00f1o con el mismo impulso con el que empezamos\u201d","datePublished":"2025-12-15T14:34:48+00:00","mainEntityOfPage":{"@id":"https:\/\/diariodeloeste.com\/noticias\/2025\/12\/15\/nardini-terminamos-el-ano-con-el-mismo-impulso-con-el-que-empezamos\/"},"wordCount":512,"publisher":{"@id":"https:\/\/diariodeloeste.com\/noticias\/#organization"},"image":{"@id":"https:\/\/diariodeloeste.com\/noticias\/2025\/12\/15\/nardini-terminamos-el-ano-con-el-mismo-impulso-con-el-que-empezamos\/#primaryimage"},"thumbnailUrl":"https:\/\/diariodeloeste.com\/noticias\/wp-content\/uploads\/2025\/12\/IGF8apMhrMrSlcNko7Wp-scaled.webp","articleSection":["Malvinas Argentinas"],"inLanguage":"es-AR"},{"@type":"WebPage","@id":"https:\/\/diariodeloeste.com\/noticias\/2025\/12\/15\/nardini-terminamos-el-ano-con-el-mismo-impulso-con-el-que-empezamos\/","url":"https:\/\/diariodeloeste.com\/noticias\/2025\/12\/15\/nardini-terminamos-el-ano-con-el-mismo-impulso-con-el-que-empezamos\/","name":"Nardini: \u201cTerminamos el a\u00f1o con el mismo impulso con el que empezamos\u201d - Diario del Oeste","isPartOf":{"@id":"https:\/\/diariodeloeste.com\/noticias\/#website"},"primaryImageOfPage":{"@id":"https:\/\/diariodeloeste.com\/noticias\/2025\/12\/15\/nardini-terminamos-el-ano-con-el-mismo-impulso-con-el-que-empezamos\/#primaryimage"},"image":{"@id":"https:\/\/diariodeloeste.com\/noticias\/2025\/12\/15\/nardini-terminamos-el-ano-con-el-mismo-impulso-con-el-que-empezamos\/#primaryimage"},"thumbnailUrl":"https:\/\/diariodeloeste.com\/noticias\/wp-content\/uploads\/2025\/12\/IGF8apMhrMrSlcNko7Wp-scaled.webp","datePublished":"2025-12-15T14:34:48+00:00","breadcrumb":{"@id":"https:\/\/diariodeloeste.com\/noticias\/2025\/12\/15\/nardini-terminamos-el-ano-con-el-mismo-impulso-con-el-que-empezamos\/#breadcrumb"},"inLanguage":"es-AR","potentialAction":[{"@type":"ReadAction","target":["https:\/\/diariodeloeste.com\/noticias\/2025\/12\/15\/nardini-terminamos-el-ano-con-el-mismo-impulso-con-el-que-empezamos\/"]}]},{"@type":"ImageObject","inLanguage":"es-AR","@id":"https:\/\/diariodeloeste.com\/noticias\/2025\/12\/15\/nardini-terminamos-el-ano-con-el-mismo-impulso-con-el-que-empezamos\/#primaryimage","url":"https:\/\/diariodeloeste.com\/noticias\/wp-content\/uploads\/2025\/12\/IGF8apMhrMrSlcNko7Wp-scaled.webp","contentUrl":"https:\/\/diariodeloeste.com\/noticias\/wp-content\/uploads\/2025\/12\/IGF8apMhrMrSlcNko7Wp-scaled.webp","width":2560,"height":1706},{"@type":"BreadcrumbList","@id":"https:\/\/diariodeloeste.com\/noticias\/2025\/12\/15\/nardini-terminamos-el-ano-con-el-mismo-impulso-con-el-que-empezamos\/#breadcrumb","itemListElement":[{"@type":"ListItem","position":1,"name":"Inicio","item":"https:\/\/diariodeloeste.com\/noticias\/"},{"@type":"ListItem","position":2,"name":"Nardini: \u201cTerminamos el a\u00f1o con el mismo impulso con el que empezamos\u201d"}]},{"@type":"WebSite","@id":"https:\/\/diariodeloeste.com\/noticias\/#website","url":"https:\/\/diariodeloeste.com\/noticias\/","name":"Diario del Oeste","description":"Noticias del Oeste","publisher":{"@id":"https:\/\/diariodeloeste.com\/noticias\/#organization"},"potentialAction":[{"@type":"SearchAction","target":{"@type":"EntryPoint","urlTemplate":"https:\/\/diariodeloeste.com\/noticias\/?s={search_term_string}"},"query-input":{"@type":"PropertyValueSpecification","valueRequired":true,"valueName":"search_term_string"}}],"inLanguage":"es-AR"},{"@type":"Organization","@id":"https:\/\/diariodeloeste.com\/noticias\/#organization","name":"Diario del Oeste","url":"https:\/\/diariodeloeste.com\/noticias\/","logo":{"@type":"ImageObject","inLanguage":"es-AR","@id":"https:\/\/diariodeloeste.com\/noticias\/#\/schema\/logo\/image\/","url":"https:\/\/diariodeloeste.com\/noticias\/wp-content\/uploads\/2019\/04\/logo.png","contentUrl":"https:\/\/diariodeloeste.com\/noticias\/wp-content\/uploads\/2019\/04\/logo.png","width":306,"height":145,"caption":"Diario del Oeste"},"image":{"@id":"https:\/\/diariodeloeste.com\/noticias\/#\/schema\/logo\/image\/"}},{"@type":"Person","@id":"https:\/\/diariodeloeste.com\/noticias\/#\/schema\/person\/1f7be965f8c093432e1cbfcee0ac4047","name":"Redaccion","image":{"@type":"ImageObject","inLanguage":"es-AR","@id":"https:\/\/secure.gravatar.com\/avatar\/f9bc3a12e26b32d818d88f9a5b61de20b559752e499df507efa7ea3cea0550ef?s=96&d=mm&r=g","url":"https:\/\/secure.gravatar.com\/avatar\/f9bc3a12e26b32d818d88f9a5b61de20b559752e499df507efa7ea3cea0550ef?s=96&d=mm&r=g","contentUrl":"https:\/\/secure.gravatar.com\/avatar\/f9bc3a12e26b32d818d88f9a5b61de20b559752e499df507efa7ea3cea0550ef?s=96&d=mm&r=g","caption":"Redaccion"},"url":"https:\/\/diariodeloeste.com\/noticias\/author\/redaccion\/"}]}},"_links":{"self":[{"href":"https:\/\/diariodeloeste.com\/noticias\/wp-json\/wp\/v2\/posts\/15532","targetHints":{"allow":["GET"]}}],"collection":[{"href":"https:\/\/diariodeloeste.com\/noticias\/wp-json\/wp\/v2\/posts"}],"about":[{"href":"https:\/\/diariodeloeste.com\/noticias\/wp-json\/wp\/v2\/types\/post"}],"author":[{"embeddable":true,"href":"https:\/\/diariodeloeste.com\/noticias\/wp-json\/wp\/v2\/users\/3"}],"replies":[{"embeddable":true,"href":"https:\/\/diariodeloeste.com\/noticias\/wp-json\/wp\/v2\/comments?post=15532"}],"version-history":[{"count":1,"href":"https:\/\/diariodeloeste.com\/noticias\/wp-json\/wp\/v2\/posts\/15532\/revisions"}],"predecessor-version":[{"id":15534,"href":"https:\/\/diariodeloeste.com\/noticias\/wp-json\/wp\/v2\/posts\/15532\/revisions\/15534"}],"wp:featuredmedia":[{"embeddable":true,"href":"https:\/\/diariodeloeste.com\/noticias\/wp-json\/wp\/v2\/media\/15533"}],"wp:attachment":[{"href":"https:\/\/diariodeloeste.com\/noticias\/wp-json\/wp\/v2\/media?parent=15532"}],"wp:term":[{"taxonomy":"category","embeddable":true,"href":"https:\/\/diariodeloeste.com\/noticias\/wp-json\/wp\/v2\/categories?post=15532"},{"taxonomy":"post_tag","embeddable":true,"href":"https:\/\/diariodeloeste.com\/noticias\/wp-json\/wp\/v2\/tags?post=15532"}],"curies":[{"name":"wp","href":"https:\/\/api.w.org\/{rel}","templated":true}]}}