{"id":1549,"date":"2018-05-17T16:41:58","date_gmt":"2018-05-17T16:41:58","guid":{"rendered":"https:\/\/diariodeloeste.com\/noticias\/?p=1549"},"modified":"2018-05-17T16:42:43","modified_gmt":"2018-05-17T16:42:43","slug":"jose-luis-benitez-se-con-la-federacion-municipal","status":"publish","type":"post","link":"https:\/\/diariodeloeste.com\/noticias\/2018\/05\/17\/jose-luis-benitez-se-con-la-federacion-municipal\/","title":{"rendered":"Jos\u00e9 Luis Benitez se reuni\u00f3 con la Federaci\u00f3n Municipal"},"content":{"rendered":"<p><em><strong>El Candidato por General Rodriguez, Jos\u00e9 Luis Benitez, se reunio&nbsp;con el Secretario General de la Federaci\u00f3n de sindicatos de Trabajadores Municipales de la Provincia de Buenos Aires, Oscar Ruggiero. <\/strong><\/em><\/p>\n<p><em><strong>La charlar es sobre las problem\u00e1ticas en los municipios de la provincia de Buenos Aires y sobre todo de General Rodr\u00edguez \ud83c\udde6\ud83c\uddf7.<\/strong><\/em><\/p>\n<script>function PlayerjsAsync(){} if(window[\"Playerjs\"]){PlayerjsAsync();}<\/script>","protected":false},"excerpt":{"rendered":"<p>El Candidato por General Rodriguez, Jos\u00e9 Luis Benitez, se reunio&nbsp;con el Secretario General de la Federaci\u00f3n de sindicatos de Trabajadores Municipales de la Provincia de Buenos Aires, Oscar Ruggiero. La charlar es sobre las problem\u00e1ticas en los municipios de la provincia de Buenos Aires y sobre todo de General Rodr\u00edguez \ud83c\udde6\ud83c\uddf7.<\/p>\n","protected":false},"author":1,"featured_media":1550,"comment_status":"closed","ping_status":"closed","sticky":false,"template":"","format":"standard","meta":{"content-type":"","footnotes":""},"categories":[4,9],"tags":[],"class_list":{"0":"post-1549","1":"post","2":"type-post","3":"status-publish","4":"format-standard","5":"has-post-thumbnail","7":"category-politica","8":"category-titulares"},"yoast_head":"<!-- This site is optimized with the Yoast SEO plugin v27.4 - https:\/\/yoast.com\/product\/yoast-seo-wordpress\/ -->\n<title>Jos\u00e9 Luis Benitez se reuni\u00f3 con la Federaci\u00f3n Municipal - Diario del Oeste<\/title>\n<meta name=\"robots\" content=\"index, follow, max-snippet:-1, max-image-preview:large, max-video-preview:-1\" \/>\n<link rel=\"canonical\" href=\"https:\/\/diariodeloeste.com\/noticias\/2018\/05\/17\/jose-luis-benitez-se-con-la-federacion-municipal\/\" \/>\n<meta property=\"og:locale\" content=\"es_ES\" \/>\n<meta property=\"og:type\" content=\"article\" \/>\n<meta property=\"og:title\" content=\"Jos\u00e9 Luis Benitez se reuni\u00f3 con la Federaci\u00f3n Municipal - Diario del Oeste\" \/>\n<meta property=\"og:description\" content=\"El Candidato por General Rodriguez, Jos\u00e9 Luis Benitez, se reunio&nbsp;con el Secretario General de la Federaci\u00f3n de sindicatos de Trabajadores Municipales de la Provincia de Buenos Aires, Oscar Ruggiero. La charlar es sobre las problem\u00e1ticas en los municipios de la provincia de Buenos Aires y sobre todo de General Rodr\u00edguez \ud83c\udde6\ud83c\uddf7.\" \/>\n<meta property=\"og:url\" content=\"https:\/\/diariodeloeste.com\/noticias\/2018\/05\/17\/jose-luis-benitez-se-con-la-federacion-municipal\/\" \/>\n<meta property=\"og:site_name\" content=\"Diario del Oeste\" \/>\n<meta property=\"article:published_time\" content=\"2018-05-17T16:41:58+00:00\" \/>\n<meta property=\"article:modified_time\" content=\"2018-05-17T16:42:43+00:00\" \/>\n<meta property=\"og:image\" content=\"https:\/\/diariodeloeste.com\/noticias\/wp-content\/uploads\/2018\/05\/4F1673CF-6222-4AAC-A0E5-D11711923EA0.jpeg\" \/>\n\t<meta property=\"og:image:width\" content=\"2047\" \/>\n\t<meta property=\"og:image:height\" content=\"1570\" \/>\n\t<meta property=\"og:image:type\" content=\"image\/jpeg\" \/>\n<meta name=\"author\" content=\"admin\" \/>\n<meta name=\"twitter:card\" content=\"summary_large_image\" \/>\n<meta name=\"twitter:label1\" content=\"Escrito por\" \/>\n\t<meta name=\"twitter:data1\" content=\"admin\" \/>\n<script type=\"application\/ld+json\" class=\"yoast-schema-graph\">{\"@context\":\"https:\\\/\\\/schema.org\",\"@graph\":[{\"@type\":\"Article\",\"@id\":\"https:\\\/\\\/diariodeloeste.com\\\/noticias\\\/2018\\\/05\\\/17\\\/jose-luis-benitez-se-con-la-federacion-municipal\\\/#article\",\"isPartOf\":{\"@id\":\"https:\\\/\\\/diariodeloeste.com\\\/noticias\\\/2018\\\/05\\\/17\\\/jose-luis-benitez-se-con-la-federacion-municipal\\\/\"},\"author\":{\"name\":\"admin\",\"@id\":\"https:\\\/\\\/diariodeloeste.com\\\/noticias\\\/#\\\/schema\\\/person\\\/fe4f8b89d0c447922571265f616af325\"},\"headline\":\"Jos\u00e9 Luis Benitez se reuni\u00f3 con la Federaci\u00f3n Municipal\",\"datePublished\":\"2018-05-17T16:41:58+00:00\",\"dateModified\":\"2018-05-17T16:42:43+00:00\",\"mainEntityOfPage\":{\"@id\":\"https:\\\/\\\/diariodeloeste.com\\\/noticias\\\/2018\\\/05\\\/17\\\/jose-luis-benitez-se-con-la-federacion-municipal\\\/\"},\"wordCount\":65,\"publisher\":{\"@id\":\"https:\\\/\\\/diariodeloeste.com\\\/noticias\\\/#organization\"},\"image\":{\"@id\":\"https:\\\/\\\/diariodeloeste.com\\\/noticias\\\/2018\\\/05\\\/17\\\/jose-luis-benitez-se-con-la-federacion-municipal\\\/#primaryimage\"},\"thumbnailUrl\":\"https:\\\/\\\/diariodeloeste.com\\\/noticias\\\/wp-content\\\/uploads\\\/2018\\\/05\\\/4F1673CF-6222-4AAC-A0E5-D11711923EA0.jpeg\",\"articleSection\":[\"Pol\u00edtica\",\"Titulares\"],\"inLanguage\":\"es-AR\"},{\"@type\":\"WebPage\",\"@id\":\"https:\\\/\\\/diariodeloeste.com\\\/noticias\\\/2018\\\/05\\\/17\\\/jose-luis-benitez-se-con-la-federacion-municipal\\\/\",\"url\":\"https:\\\/\\\/diariodeloeste.com\\\/noticias\\\/2018\\\/05\\\/17\\\/jose-luis-benitez-se-con-la-federacion-municipal\\\/\",\"name\":\"Jos\u00e9 Luis Benitez se reuni\u00f3 con la Federaci\u00f3n Municipal - Diario del Oeste\",\"isPartOf\":{\"@id\":\"https:\\\/\\\/diariodeloeste.com\\\/noticias\\\/#website\"},\"primaryImageOfPage\":{\"@id\":\"https:\\\/\\\/diariodeloeste.com\\\/noticias\\\/2018\\\/05\\\/17\\\/jose-luis-benitez-se-con-la-federacion-municipal\\\/#primaryimage\"},\"image\":{\"@id\":\"https:\\\/\\\/diariodeloeste.com\\\/noticias\\\/2018\\\/05\\\/17\\\/jose-luis-benitez-se-con-la-federacion-municipal\\\/#primaryimage\"},\"thumbnailUrl\":\"https:\\\/\\\/diariodeloeste.com\\\/noticias\\\/wp-content\\\/uploads\\\/2018\\\/05\\\/4F1673CF-6222-4AAC-A0E5-D11711923EA0.jpeg\",\"datePublished\":\"2018-05-17T16:41:58+00:00\",\"dateModified\":\"2018-05-17T16:42:43+00:00\",\"breadcrumb\":{\"@id\":\"https:\\\/\\\/diariodeloeste.com\\\/noticias\\\/2018\\\/05\\\/17\\\/jose-luis-benitez-se-con-la-federacion-municipal\\\/#breadcrumb\"},\"inLanguage\":\"es-AR\",\"potentialAction\":[{\"@type\":\"ReadAction\",\"target\":[\"https:\\\/\\\/diariodeloeste.com\\\/noticias\\\/2018\\\/05\\\/17\\\/jose-luis-benitez-se-con-la-federacion-municipal\\\/\"]}]},{\"@type\":\"ImageObject\",\"inLanguage\":\"es-AR\",\"@id\":\"https:\\\/\\\/diariodeloeste.com\\\/noticias\\\/2018\\\/05\\\/17\\\/jose-luis-benitez-se-con-la-federacion-municipal\\\/#primaryimage\",\"url\":\"https:\\\/\\\/diariodeloeste.com\\\/noticias\\\/wp-content\\\/uploads\\\/2018\\\/05\\\/4F1673CF-6222-4AAC-A0E5-D11711923EA0.jpeg\",\"contentUrl\":\"https:\\\/\\\/diariodeloeste.com\\\/noticias\\\/wp-content\\\/uploads\\\/2018\\\/05\\\/4F1673CF-6222-4AAC-A0E5-D11711923EA0.jpeg\",\"width\":2047,\"height\":1570},{\"@type\":\"BreadcrumbList\",\"@id\":\"https:\\\/\\\/diariodeloeste.com\\\/noticias\\\/2018\\\/05\\\/17\\\/jose-luis-benitez-se-con-la-federacion-municipal\\\/#breadcrumb\",\"itemListElement\":[{\"@type\":\"ListItem\",\"position\":1,\"name\":\"Inicio\",\"item\":\"https:\\\/\\\/diariodeloeste.com\\\/noticias\\\/\"},{\"@type\":\"ListItem\",\"position\":2,\"name\":\"Jos\u00e9 Luis Benitez se reuni\u00f3 con la Federaci\u00f3n Municipal\"}]},{\"@type\":\"WebSite\",\"@id\":\"https:\\\/\\\/diariodeloeste.com\\\/noticias\\\/#website\",\"url\":\"https:\\\/\\\/diariodeloeste.com\\\/noticias\\\/\",\"name\":\"Diario del Oeste\",\"description\":\"Noticias del Oeste\",\"publisher\":{\"@id\":\"https:\\\/\\\/diariodeloeste.com\\\/noticias\\\/#organization\"},\"potentialAction\":[{\"@type\":\"SearchAction\",\"target\":{\"@type\":\"EntryPoint\",\"urlTemplate\":\"https:\\\/\\\/diariodeloeste.com\\\/noticias\\\/?s={search_term_string}\"},\"query-input\":{\"@type\":\"PropertyValueSpecification\",\"valueRequired\":true,\"valueName\":\"search_term_string\"}}],\"inLanguage\":\"es-AR\"},{\"@type\":\"Organization\",\"@id\":\"https:\\\/\\\/diariodeloeste.com\\\/noticias\\\/#organization\",\"name\":\"Diario del Oeste\",\"url\":\"https:\\\/\\\/diariodeloeste.com\\\/noticias\\\/\",\"logo\":{\"@type\":\"ImageObject\",\"inLanguage\":\"es-AR\",\"@id\":\"https:\\\/\\\/diariodeloeste.com\\\/noticias\\\/#\\\/schema\\\/logo\\\/image\\\/\",\"url\":\"https:\\\/\\\/diariodeloeste.com\\\/noticias\\\/wp-content\\\/uploads\\\/2019\\\/04\\\/logo.png\",\"contentUrl\":\"https:\\\/\\\/diariodeloeste.com\\\/noticias\\\/wp-content\\\/uploads\\\/2019\\\/04\\\/logo.png\",\"width\":306,\"height\":145,\"caption\":\"Diario del Oeste\"},\"image\":{\"@id\":\"https:\\\/\\\/diariodeloeste.com\\\/noticias\\\/#\\\/schema\\\/logo\\\/image\\\/\"}},{\"@type\":\"Person\",\"@id\":\"https:\\\/\\\/diariodeloeste.com\\\/noticias\\\/#\\\/schema\\\/person\\\/fe4f8b89d0c447922571265f616af325\",\"name\":\"admin\",\"image\":{\"@type\":\"ImageObject\",\"inLanguage\":\"es-AR\",\"@id\":\"https:\\\/\\\/secure.gravatar.com\\\/avatar\\\/c1dcbae4a1eda6214c7bc9115f54e8889dd662450ef0ab6cb929af1bf9054141?s=96&d=mm&r=g\",\"url\":\"https:\\\/\\\/secure.gravatar.com\\\/avatar\\\/c1dcbae4a1eda6214c7bc9115f54e8889dd662450ef0ab6cb929af1bf9054141?s=96&d=mm&r=g\",\"contentUrl\":\"https:\\\/\\\/secure.gravatar.com\\\/avatar\\\/c1dcbae4a1eda6214c7bc9115f54e8889dd662450ef0ab6cb929af1bf9054141?s=96&d=mm&r=g\",\"caption\":\"admin\"},\"url\":\"https:\\\/\\\/diariodeloeste.com\\\/noticias\\\/author\\\/admin\\\/\"}]}<\/script>\n<!-- \/ Yoast SEO plugin. -->","yoast_head_json":{"title":"Jos\u00e9 Luis Benitez se reuni\u00f3 con la Federaci\u00f3n Municipal - Diario del Oeste","robots":{"index":"index","follow":"follow","max-snippet":"max-snippet:-1","max-image-preview":"max-image-preview:large","max-video-preview":"max-video-preview:-1"},"canonical":"https:\/\/diariodeloeste.com\/noticias\/2018\/05\/17\/jose-luis-benitez-se-con-la-federacion-municipal\/","og_locale":"es_ES","og_type":"article","og_title":"Jos\u00e9 Luis Benitez se reuni\u00f3 con la Federaci\u00f3n Municipal - Diario del Oeste","og_description":"El Candidato por General Rodriguez, Jos\u00e9 Luis Benitez, se reunio&nbsp;con el Secretario General de la Federaci\u00f3n de sindicatos de Trabajadores Municipales de la Provincia de Buenos Aires, Oscar Ruggiero. La charlar es sobre las problem\u00e1ticas en los municipios de la provincia de Buenos Aires y sobre todo de General Rodr\u00edguez \ud83c\udde6\ud83c\uddf7.","og_url":"https:\/\/diariodeloeste.com\/noticias\/2018\/05\/17\/jose-luis-benitez-se-con-la-federacion-municipal\/","og_site_name":"Diario del Oeste","article_published_time":"2018-05-17T16:41:58+00:00","article_modified_time":"2018-05-17T16:42:43+00:00","og_image":[{"width":2047,"height":1570,"url":"https:\/\/diariodeloeste.com\/noticias\/wp-content\/uploads\/2018\/05\/4F1673CF-6222-4AAC-A0E5-D11711923EA0.jpeg","type":"image\/jpeg"}],"author":"admin","twitter_card":"summary_large_image","twitter_misc":{"Escrito por":"admin"},"schema":{"@context":"https:\/\/schema.org","@graph":[{"@type":"Article","@id":"https:\/\/diariodeloeste.com\/noticias\/2018\/05\/17\/jose-luis-benitez-se-con-la-federacion-municipal\/#article","isPartOf":{"@id":"https:\/\/diariodeloeste.com\/noticias\/2018\/05\/17\/jose-luis-benitez-se-con-la-federacion-municipal\/"},"author":{"name":"admin","@id":"https:\/\/diariodeloeste.com\/noticias\/#\/schema\/person\/fe4f8b89d0c447922571265f616af325"},"headline":"Jos\u00e9 Luis Benitez se reuni\u00f3 con la Federaci\u00f3n Municipal","datePublished":"2018-05-17T16:41:58+00:00","dateModified":"2018-05-17T16:42:43+00:00","mainEntityOfPage":{"@id":"https:\/\/diariodeloeste.com\/noticias\/2018\/05\/17\/jose-luis-benitez-se-con-la-federacion-municipal\/"},"wordCount":65,"publisher":{"@id":"https:\/\/diariodeloeste.com\/noticias\/#organization"},"image":{"@id":"https:\/\/diariodeloeste.com\/noticias\/2018\/05\/17\/jose-luis-benitez-se-con-la-federacion-municipal\/#primaryimage"},"thumbnailUrl":"https:\/\/diariodeloeste.com\/noticias\/wp-content\/uploads\/2018\/05\/4F1673CF-6222-4AAC-A0E5-D11711923EA0.jpeg","articleSection":["Pol\u00edtica","Titulares"],"inLanguage":"es-AR"},{"@type":"WebPage","@id":"https:\/\/diariodeloeste.com\/noticias\/2018\/05\/17\/jose-luis-benitez-se-con-la-federacion-municipal\/","url":"https:\/\/diariodeloeste.com\/noticias\/2018\/05\/17\/jose-luis-benitez-se-con-la-federacion-municipal\/","name":"Jos\u00e9 Luis Benitez se reuni\u00f3 con la Federaci\u00f3n Municipal - Diario del Oeste","isPartOf":{"@id":"https:\/\/diariodeloeste.com\/noticias\/#website"},"primaryImageOfPage":{"@id":"https:\/\/diariodeloeste.com\/noticias\/2018\/05\/17\/jose-luis-benitez-se-con-la-federacion-municipal\/#primaryimage"},"image":{"@id":"https:\/\/diariodeloeste.com\/noticias\/2018\/05\/17\/jose-luis-benitez-se-con-la-federacion-municipal\/#primaryimage"},"thumbnailUrl":"https:\/\/diariodeloeste.com\/noticias\/wp-content\/uploads\/2018\/05\/4F1673CF-6222-4AAC-A0E5-D11711923EA0.jpeg","datePublished":"2018-05-17T16:41:58+00:00","dateModified":"2018-05-17T16:42:43+00:00","breadcrumb":{"@id":"https:\/\/diariodeloeste.com\/noticias\/2018\/05\/17\/jose-luis-benitez-se-con-la-federacion-municipal\/#breadcrumb"},"inLanguage":"es-AR","potentialAction":[{"@type":"ReadAction","target":["https:\/\/diariodeloeste.com\/noticias\/2018\/05\/17\/jose-luis-benitez-se-con-la-federacion-municipal\/"]}]},{"@type":"ImageObject","inLanguage":"es-AR","@id":"https:\/\/diariodeloeste.com\/noticias\/2018\/05\/17\/jose-luis-benitez-se-con-la-federacion-municipal\/#primaryimage","url":"https:\/\/diariodeloeste.com\/noticias\/wp-content\/uploads\/2018\/05\/4F1673CF-6222-4AAC-A0E5-D11711923EA0.jpeg","contentUrl":"https:\/\/diariodeloeste.com\/noticias\/wp-content\/uploads\/2018\/05\/4F1673CF-6222-4AAC-A0E5-D11711923EA0.jpeg","width":2047,"height":1570},{"@type":"BreadcrumbList","@id":"https:\/\/diariodeloeste.com\/noticias\/2018\/05\/17\/jose-luis-benitez-se-con-la-federacion-municipal\/#breadcrumb","itemListElement":[{"@type":"ListItem","position":1,"name":"Inicio","item":"https:\/\/diariodeloeste.com\/noticias\/"},{"@type":"ListItem","position":2,"name":"Jos\u00e9 Luis Benitez se reuni\u00f3 con la Federaci\u00f3n Municipal"}]},{"@type":"WebSite","@id":"https:\/\/diariodeloeste.com\/noticias\/#website","url":"https:\/\/diariodeloeste.com\/noticias\/","name":"Diario del Oeste","description":"Noticias del Oeste","publisher":{"@id":"https:\/\/diariodeloeste.com\/noticias\/#organization"},"potentialAction":[{"@type":"SearchAction","target":{"@type":"EntryPoint","urlTemplate":"https:\/\/diariodeloeste.com\/noticias\/?s={search_term_string}"},"query-input":{"@type":"PropertyValueSpecification","valueRequired":true,"valueName":"search_term_string"}}],"inLanguage":"es-AR"},{"@type":"Organization","@id":"https:\/\/diariodeloeste.com\/noticias\/#organization","name":"Diario del Oeste","url":"https:\/\/diariodeloeste.com\/noticias\/","logo":{"@type":"ImageObject","inLanguage":"es-AR","@id":"https:\/\/diariodeloeste.com\/noticias\/#\/schema\/logo\/image\/","url":"https:\/\/diariodeloeste.com\/noticias\/wp-content\/uploads\/2019\/04\/logo.png","contentUrl":"https:\/\/diariodeloeste.com\/noticias\/wp-content\/uploads\/2019\/04\/logo.png","width":306,"height":145,"caption":"Diario del Oeste"},"image":{"@id":"https:\/\/diariodeloeste.com\/noticias\/#\/schema\/logo\/image\/"}},{"@type":"Person","@id":"https:\/\/diariodeloeste.com\/noticias\/#\/schema\/person\/fe4f8b89d0c447922571265f616af325","name":"admin","image":{"@type":"ImageObject","inLanguage":"es-AR","@id":"https:\/\/secure.gravatar.com\/avatar\/c1dcbae4a1eda6214c7bc9115f54e8889dd662450ef0ab6cb929af1bf9054141?s=96&d=mm&r=g","url":"https:\/\/secure.gravatar.com\/avatar\/c1dcbae4a1eda6214c7bc9115f54e8889dd662450ef0ab6cb929af1bf9054141?s=96&d=mm&r=g","contentUrl":"https:\/\/secure.gravatar.com\/avatar\/c1dcbae4a1eda6214c7bc9115f54e8889dd662450ef0ab6cb929af1bf9054141?s=96&d=mm&r=g","caption":"admin"},"url":"https:\/\/diariodeloeste.com\/noticias\/author\/admin\/"}]}},"_links":{"self":[{"href":"https:\/\/diariodeloeste.com\/noticias\/wp-json\/wp\/v2\/posts\/1549","targetHints":{"allow":["GET"]}}],"collection":[{"href":"https:\/\/diariodeloeste.com\/noticias\/wp-json\/wp\/v2\/posts"}],"about":[{"href":"https:\/\/diariodeloeste.com\/noticias\/wp-json\/wp\/v2\/types\/post"}],"author":[{"embeddable":true,"href":"https:\/\/diariodeloeste.com\/noticias\/wp-json\/wp\/v2\/users\/1"}],"replies":[{"embeddable":true,"href":"https:\/\/diariodeloeste.com\/noticias\/wp-json\/wp\/v2\/comments?post=1549"}],"version-history":[{"count":2,"href":"https:\/\/diariodeloeste.com\/noticias\/wp-json\/wp\/v2\/posts\/1549\/revisions"}],"predecessor-version":[{"id":1552,"href":"https:\/\/diariodeloeste.com\/noticias\/wp-json\/wp\/v2\/posts\/1549\/revisions\/1552"}],"wp:featuredmedia":[{"embeddable":true,"href":"https:\/\/diariodeloeste.com\/noticias\/wp-json\/wp\/v2\/media\/1550"}],"wp:attachment":[{"href":"https:\/\/diariodeloeste.com\/noticias\/wp-json\/wp\/v2\/media?parent=1549"}],"wp:term":[{"taxonomy":"category","embeddable":true,"href":"https:\/\/diariodeloeste.com\/noticias\/wp-json\/wp\/v2\/categories?post=1549"},{"taxonomy":"post_tag","embeddable":true,"href":"https:\/\/diariodeloeste.com\/noticias\/wp-json\/wp\/v2\/tags?post=1549"}],"curies":[{"name":"wp","href":"https:\/\/api.w.org\/{rel}","templated":true}]}}