{"id":15460,"date":"2025-11-18T18:39:39","date_gmt":"2025-11-18T18:39:39","guid":{"rendered":"https:\/\/diariodeloeste.com\/noticias\/?p=15460"},"modified":"2025-11-18T18:39:39","modified_gmt":"2025-11-18T18:39:39","slug":"inicio-una-gran-obra-de-repavimentacion-en-la-ruta-provincial-n24-ex-ruta-197","status":"publish","type":"post","link":"https:\/\/diariodeloeste.com\/noticias\/2025\/11\/18\/inicio-una-gran-obra-de-repavimentacion-en-la-ruta-provincial-n24-ex-ruta-197\/","title":{"rendered":"Inici\u00f3 una gran obra de repavimentaci\u00f3n en la Ruta Provincial N\u00b024 (ex Ruta 197)"},"content":{"rendered":"<div class=\"sc-bVVIoq gblIVi\">\n<div class=\"sc-ktPPKK iRTrgP\"><img decoding=\"async\" src=\"https:\/\/bk.malvinasargentinas.gob.ar\/storage\/posts\/November2025\/gZ2ngBYoxA159kJfm8wQ.webp\" alt=\"Inici\u00f3 una gran obra de repavimentaci\u00f3n en la  Ruta Provincial N\u00b024 (ex Ruta 197)\" \/><\/div>\n<\/div>\n<div class=\"sc-eBHhsj gdXLGE\">\n<div class=\"sc-lnPyaJ jJIapU\">\n<div class=\"sc-iapWAC vriNj\">El municipio de Malvinas Argentinas, gracias a un convenio con la Direcci\u00f3n de Vialidad de la provincia de Buenos Aires, lleva adelante la ejecuci\u00f3n de la reparaci\u00f3n integral de una de las avenidas m\u00e1s transitadas del distrito para mejorar la circulaci\u00f3n, la seguridad y la conectividad.<\/div>\n<div class=\"sc-kqGoIF cvDJci\">\n<p dir=\"ltr\"><strong>Malvinas Argentinas, 10 de noviembre de 2025 \u2013\u00a0<\/strong>Comenz\u00f3 la obra de repavimentaci\u00f3n de la Ruta Provincial N\u00b023, Av. del Sesquicentenario (ex Ruta N\u00b0 197), una intervenci\u00f3n clave para mejorar la circulaci\u00f3n vehicular en una de las arterias principales que atraviesa el distrito. El proyecto se desarrolla a trav\u00e9s de un convenio entre el municipio de Malvinas Argentinas y la Direcci\u00f3n de Vialidad de la provincia de Buenos Aires. El Municipio ejecuta la obra y Vialidad aporta el financiamiento. La misma contempla la repavimentaci\u00f3n completa del tramo que va desde la Ruta Provincial N\u00b0 8 hasta la Av. del Libertador Gral. San Mart\u00edn, en el l\u00edmite con el partido de Tigre, donde la traza lo requiera.<\/p>\n<p dir=\"ltr\">\n<p dir=\"ltr\">En esta primera etapa, se trabaja sobre el sector comprendido entre Batalla de Chacabuco y Paso de los Patos. Por este motivo, la mano hacia Panamericana se utilizar\u00e1 para el tr\u00e1nsito en ambos sentidos durante aproximadamente 30 d\u00edas, mientras duren los trabajos.<\/p>\n<p dir=\"ltr\">\n<p dir=\"ltr\">El plazo total de la obra es de 180 d\u00edas, a partir de su inicio el 3 de noviembre. Adem\u00e1s de la reconstrucci\u00f3n de las losas de hormig\u00f3n, se colocar\u00e1 nueva se\u00f1al\u00e9tica para optimizar la seguridad y accesibilidad de la avenida.<\/p>\n<p dir=\"ltr\">\n<p dir=\"ltr\">Esta repavimentaci\u00f3n representa una gran mejora para la conectividad y el tr\u00e1nsito del distrito, ya que la Av. del Sesquicentenario presentaba un notable deterioro por su alto flujo vehicular diario.<\/p>\n<\/div>\n<\/div>\n<\/div>\n<script>function PlayerjsAsync(){} if(window[\"Playerjs\"]){PlayerjsAsync();}<\/script>","protected":false},"excerpt":{"rendered":"<p>El municipio de Malvinas Argentinas, gracias a un convenio con la Direcci\u00f3n de Vialidad de la provincia de Buenos Aires, lleva adelante la ejecuci\u00f3n de la reparaci\u00f3n integral de una de las avenidas m\u00e1s transitadas del distrito para mejorar la circulaci\u00f3n, la seguridad y la conectividad. Malvinas Argentinas, 10 de noviembre de 2025 \u2013\u00a0Comenz\u00f3 la [&hellip;]<\/p>\n","protected":false},"author":3,"featured_media":15461,"comment_status":"closed","ping_status":"closed","sticky":false,"template":"","format":"standard","meta":{"content-type":"","footnotes":""},"categories":[496],"tags":[],"class_list":{"0":"post-15460","1":"post","2":"type-post","3":"status-publish","4":"format-standard","5":"has-post-thumbnail","7":"category-malvinas-argentinas"},"yoast_head":"<!-- This site is optimized with the Yoast SEO plugin v27.4 - https:\/\/yoast.com\/product\/yoast-seo-wordpress\/ -->\n<title>Inici\u00f3 una gran obra de repavimentaci\u00f3n en la Ruta Provincial N\u00b024 (ex Ruta 197) - Diario del Oeste<\/title>\n<meta name=\"robots\" content=\"index, follow, max-snippet:-1, max-image-preview:large, max-video-preview:-1\" \/>\n<link rel=\"canonical\" href=\"https:\/\/diariodeloeste.com\/noticias\/2025\/11\/18\/inicio-una-gran-obra-de-repavimentacion-en-la-ruta-provincial-n24-ex-ruta-197\/\" \/>\n<meta property=\"og:locale\" content=\"es_ES\" \/>\n<meta property=\"og:type\" content=\"article\" \/>\n<meta property=\"og:title\" content=\"Inici\u00f3 una gran obra de repavimentaci\u00f3n en la Ruta Provincial N\u00b024 (ex Ruta 197) - Diario del Oeste\" \/>\n<meta property=\"og:description\" content=\"El municipio de Malvinas Argentinas, gracias a un convenio con la Direcci\u00f3n de Vialidad de la provincia de Buenos Aires, lleva adelante la ejecuci\u00f3n de la reparaci\u00f3n integral de una de las avenidas m\u00e1s transitadas del distrito para mejorar la circulaci\u00f3n, la seguridad y la conectividad. Malvinas Argentinas, 10 de noviembre de 2025 \u2013\u00a0Comenz\u00f3 la [&hellip;]\" \/>\n<meta property=\"og:url\" content=\"https:\/\/diariodeloeste.com\/noticias\/2025\/11\/18\/inicio-una-gran-obra-de-repavimentacion-en-la-ruta-provincial-n24-ex-ruta-197\/\" \/>\n<meta property=\"og:site_name\" content=\"Diario del Oeste\" \/>\n<meta property=\"article:published_time\" content=\"2025-11-18T18:39:39+00:00\" \/>\n<meta property=\"og:image\" content=\"https:\/\/diariodeloeste.com\/noticias\/wp-content\/uploads\/2025\/11\/gZ2ngBYoxA159kJfm8wQ-scaled.webp\" \/>\n\t<meta property=\"og:image:width\" content=\"2560\" \/>\n\t<meta property=\"og:image:height\" content=\"1706\" \/>\n\t<meta property=\"og:image:type\" content=\"image\/webp\" \/>\n<meta name=\"author\" content=\"Redaccion\" \/>\n<meta name=\"twitter:card\" content=\"summary_large_image\" \/>\n<meta name=\"twitter:label1\" content=\"Escrito por\" \/>\n\t<meta name=\"twitter:data1\" content=\"Redaccion\" \/>\n\t<meta name=\"twitter:label2\" content=\"Tiempo de lectura\" \/>\n\t<meta name=\"twitter:data2\" content=\"2 minutos\" \/>\n<script type=\"application\/ld+json\" class=\"yoast-schema-graph\">{\"@context\":\"https:\\\/\\\/schema.org\",\"@graph\":[{\"@type\":\"Article\",\"@id\":\"https:\\\/\\\/diariodeloeste.com\\\/noticias\\\/2025\\\/11\\\/18\\\/inicio-una-gran-obra-de-repavimentacion-en-la-ruta-provincial-n24-ex-ruta-197\\\/#article\",\"isPartOf\":{\"@id\":\"https:\\\/\\\/diariodeloeste.com\\\/noticias\\\/2025\\\/11\\\/18\\\/inicio-una-gran-obra-de-repavimentacion-en-la-ruta-provincial-n24-ex-ruta-197\\\/\"},\"author\":{\"name\":\"Redaccion\",\"@id\":\"https:\\\/\\\/diariodeloeste.com\\\/noticias\\\/#\\\/schema\\\/person\\\/1f7be965f8c093432e1cbfcee0ac4047\"},\"headline\":\"Inici\u00f3 una gran obra de repavimentaci\u00f3n en la Ruta Provincial N\u00b024 (ex Ruta 197)\",\"datePublished\":\"2025-11-18T18:39:39+00:00\",\"mainEntityOfPage\":{\"@id\":\"https:\\\/\\\/diariodeloeste.com\\\/noticias\\\/2025\\\/11\\\/18\\\/inicio-una-gran-obra-de-repavimentacion-en-la-ruta-provincial-n24-ex-ruta-197\\\/\"},\"wordCount\":304,\"publisher\":{\"@id\":\"https:\\\/\\\/diariodeloeste.com\\\/noticias\\\/#organization\"},\"image\":{\"@id\":\"https:\\\/\\\/diariodeloeste.com\\\/noticias\\\/2025\\\/11\\\/18\\\/inicio-una-gran-obra-de-repavimentacion-en-la-ruta-provincial-n24-ex-ruta-197\\\/#primaryimage\"},\"thumbnailUrl\":\"https:\\\/\\\/diariodeloeste.com\\\/noticias\\\/wp-content\\\/uploads\\\/2025\\\/11\\\/gZ2ngBYoxA159kJfm8wQ-scaled.webp\",\"articleSection\":[\"Malvinas Argentinas\"],\"inLanguage\":\"es-AR\"},{\"@type\":\"WebPage\",\"@id\":\"https:\\\/\\\/diariodeloeste.com\\\/noticias\\\/2025\\\/11\\\/18\\\/inicio-una-gran-obra-de-repavimentacion-en-la-ruta-provincial-n24-ex-ruta-197\\\/\",\"url\":\"https:\\\/\\\/diariodeloeste.com\\\/noticias\\\/2025\\\/11\\\/18\\\/inicio-una-gran-obra-de-repavimentacion-en-la-ruta-provincial-n24-ex-ruta-197\\\/\",\"name\":\"Inici\u00f3 una gran obra de repavimentaci\u00f3n en la Ruta Provincial N\u00b024 (ex Ruta 197) - Diario del Oeste\",\"isPartOf\":{\"@id\":\"https:\\\/\\\/diariodeloeste.com\\\/noticias\\\/#website\"},\"primaryImageOfPage\":{\"@id\":\"https:\\\/\\\/diariodeloeste.com\\\/noticias\\\/2025\\\/11\\\/18\\\/inicio-una-gran-obra-de-repavimentacion-en-la-ruta-provincial-n24-ex-ruta-197\\\/#primaryimage\"},\"image\":{\"@id\":\"https:\\\/\\\/diariodeloeste.com\\\/noticias\\\/2025\\\/11\\\/18\\\/inicio-una-gran-obra-de-repavimentacion-en-la-ruta-provincial-n24-ex-ruta-197\\\/#primaryimage\"},\"thumbnailUrl\":\"https:\\\/\\\/diariodeloeste.com\\\/noticias\\\/wp-content\\\/uploads\\\/2025\\\/11\\\/gZ2ngBYoxA159kJfm8wQ-scaled.webp\",\"datePublished\":\"2025-11-18T18:39:39+00:00\",\"breadcrumb\":{\"@id\":\"https:\\\/\\\/diariodeloeste.com\\\/noticias\\\/2025\\\/11\\\/18\\\/inicio-una-gran-obra-de-repavimentacion-en-la-ruta-provincial-n24-ex-ruta-197\\\/#breadcrumb\"},\"inLanguage\":\"es-AR\",\"potentialAction\":[{\"@type\":\"ReadAction\",\"target\":[\"https:\\\/\\\/diariodeloeste.com\\\/noticias\\\/2025\\\/11\\\/18\\\/inicio-una-gran-obra-de-repavimentacion-en-la-ruta-provincial-n24-ex-ruta-197\\\/\"]}]},{\"@type\":\"ImageObject\",\"inLanguage\":\"es-AR\",\"@id\":\"https:\\\/\\\/diariodeloeste.com\\\/noticias\\\/2025\\\/11\\\/18\\\/inicio-una-gran-obra-de-repavimentacion-en-la-ruta-provincial-n24-ex-ruta-197\\\/#primaryimage\",\"url\":\"https:\\\/\\\/diariodeloeste.com\\\/noticias\\\/wp-content\\\/uploads\\\/2025\\\/11\\\/gZ2ngBYoxA159kJfm8wQ-scaled.webp\",\"contentUrl\":\"https:\\\/\\\/diariodeloeste.com\\\/noticias\\\/wp-content\\\/uploads\\\/2025\\\/11\\\/gZ2ngBYoxA159kJfm8wQ-scaled.webp\",\"width\":2560,\"height\":1706},{\"@type\":\"BreadcrumbList\",\"@id\":\"https:\\\/\\\/diariodeloeste.com\\\/noticias\\\/2025\\\/11\\\/18\\\/inicio-una-gran-obra-de-repavimentacion-en-la-ruta-provincial-n24-ex-ruta-197\\\/#breadcrumb\",\"itemListElement\":[{\"@type\":\"ListItem\",\"position\":1,\"name\":\"Inicio\",\"item\":\"https:\\\/\\\/diariodeloeste.com\\\/noticias\\\/\"},{\"@type\":\"ListItem\",\"position\":2,\"name\":\"Inici\u00f3 una gran obra de repavimentaci\u00f3n en la Ruta Provincial N\u00b024 (ex Ruta 197)\"}]},{\"@type\":\"WebSite\",\"@id\":\"https:\\\/\\\/diariodeloeste.com\\\/noticias\\\/#website\",\"url\":\"https:\\\/\\\/diariodeloeste.com\\\/noticias\\\/\",\"name\":\"Diario del Oeste\",\"description\":\"Noticias del Oeste\",\"publisher\":{\"@id\":\"https:\\\/\\\/diariodeloeste.com\\\/noticias\\\/#organization\"},\"potentialAction\":[{\"@type\":\"SearchAction\",\"target\":{\"@type\":\"EntryPoint\",\"urlTemplate\":\"https:\\\/\\\/diariodeloeste.com\\\/noticias\\\/?s={search_term_string}\"},\"query-input\":{\"@type\":\"PropertyValueSpecification\",\"valueRequired\":true,\"valueName\":\"search_term_string\"}}],\"inLanguage\":\"es-AR\"},{\"@type\":\"Organization\",\"@id\":\"https:\\\/\\\/diariodeloeste.com\\\/noticias\\\/#organization\",\"name\":\"Diario del Oeste\",\"url\":\"https:\\\/\\\/diariodeloeste.com\\\/noticias\\\/\",\"logo\":{\"@type\":\"ImageObject\",\"inLanguage\":\"es-AR\",\"@id\":\"https:\\\/\\\/diariodeloeste.com\\\/noticias\\\/#\\\/schema\\\/logo\\\/image\\\/\",\"url\":\"https:\\\/\\\/diariodeloeste.com\\\/noticias\\\/wp-content\\\/uploads\\\/2019\\\/04\\\/logo.png\",\"contentUrl\":\"https:\\\/\\\/diariodeloeste.com\\\/noticias\\\/wp-content\\\/uploads\\\/2019\\\/04\\\/logo.png\",\"width\":306,\"height\":145,\"caption\":\"Diario del Oeste\"},\"image\":{\"@id\":\"https:\\\/\\\/diariodeloeste.com\\\/noticias\\\/#\\\/schema\\\/logo\\\/image\\\/\"}},{\"@type\":\"Person\",\"@id\":\"https:\\\/\\\/diariodeloeste.com\\\/noticias\\\/#\\\/schema\\\/person\\\/1f7be965f8c093432e1cbfcee0ac4047\",\"name\":\"Redaccion\",\"image\":{\"@type\":\"ImageObject\",\"inLanguage\":\"es-AR\",\"@id\":\"https:\\\/\\\/secure.gravatar.com\\\/avatar\\\/f9bc3a12e26b32d818d88f9a5b61de20b559752e499df507efa7ea3cea0550ef?s=96&d=mm&r=g\",\"url\":\"https:\\\/\\\/secure.gravatar.com\\\/avatar\\\/f9bc3a12e26b32d818d88f9a5b61de20b559752e499df507efa7ea3cea0550ef?s=96&d=mm&r=g\",\"contentUrl\":\"https:\\\/\\\/secure.gravatar.com\\\/avatar\\\/f9bc3a12e26b32d818d88f9a5b61de20b559752e499df507efa7ea3cea0550ef?s=96&d=mm&r=g\",\"caption\":\"Redaccion\"},\"url\":\"https:\\\/\\\/diariodeloeste.com\\\/noticias\\\/author\\\/redaccion\\\/\"}]}<\/script>\n<!-- \/ Yoast SEO plugin. -->","yoast_head_json":{"title":"Inici\u00f3 una gran obra de repavimentaci\u00f3n en la Ruta Provincial N\u00b024 (ex Ruta 197) - Diario del Oeste","robots":{"index":"index","follow":"follow","max-snippet":"max-snippet:-1","max-image-preview":"max-image-preview:large","max-video-preview":"max-video-preview:-1"},"canonical":"https:\/\/diariodeloeste.com\/noticias\/2025\/11\/18\/inicio-una-gran-obra-de-repavimentacion-en-la-ruta-provincial-n24-ex-ruta-197\/","og_locale":"es_ES","og_type":"article","og_title":"Inici\u00f3 una gran obra de repavimentaci\u00f3n en la Ruta Provincial N\u00b024 (ex Ruta 197) - Diario del Oeste","og_description":"El municipio de Malvinas Argentinas, gracias a un convenio con la Direcci\u00f3n de Vialidad de la provincia de Buenos Aires, lleva adelante la ejecuci\u00f3n de la reparaci\u00f3n integral de una de las avenidas m\u00e1s transitadas del distrito para mejorar la circulaci\u00f3n, la seguridad y la conectividad. Malvinas Argentinas, 10 de noviembre de 2025 \u2013\u00a0Comenz\u00f3 la [&hellip;]","og_url":"https:\/\/diariodeloeste.com\/noticias\/2025\/11\/18\/inicio-una-gran-obra-de-repavimentacion-en-la-ruta-provincial-n24-ex-ruta-197\/","og_site_name":"Diario del Oeste","article_published_time":"2025-11-18T18:39:39+00:00","og_image":[{"width":2560,"height":1706,"url":"https:\/\/diariodeloeste.com\/noticias\/wp-content\/uploads\/2025\/11\/gZ2ngBYoxA159kJfm8wQ-scaled.webp","type":"image\/webp"}],"author":"Redaccion","twitter_card":"summary_large_image","twitter_misc":{"Escrito por":"Redaccion","Tiempo de lectura":"2 minutos"},"schema":{"@context":"https:\/\/schema.org","@graph":[{"@type":"Article","@id":"https:\/\/diariodeloeste.com\/noticias\/2025\/11\/18\/inicio-una-gran-obra-de-repavimentacion-en-la-ruta-provincial-n24-ex-ruta-197\/#article","isPartOf":{"@id":"https:\/\/diariodeloeste.com\/noticias\/2025\/11\/18\/inicio-una-gran-obra-de-repavimentacion-en-la-ruta-provincial-n24-ex-ruta-197\/"},"author":{"name":"Redaccion","@id":"https:\/\/diariodeloeste.com\/noticias\/#\/schema\/person\/1f7be965f8c093432e1cbfcee0ac4047"},"headline":"Inici\u00f3 una gran obra de repavimentaci\u00f3n en la Ruta Provincial N\u00b024 (ex Ruta 197)","datePublished":"2025-11-18T18:39:39+00:00","mainEntityOfPage":{"@id":"https:\/\/diariodeloeste.com\/noticias\/2025\/11\/18\/inicio-una-gran-obra-de-repavimentacion-en-la-ruta-provincial-n24-ex-ruta-197\/"},"wordCount":304,"publisher":{"@id":"https:\/\/diariodeloeste.com\/noticias\/#organization"},"image":{"@id":"https:\/\/diariodeloeste.com\/noticias\/2025\/11\/18\/inicio-una-gran-obra-de-repavimentacion-en-la-ruta-provincial-n24-ex-ruta-197\/#primaryimage"},"thumbnailUrl":"https:\/\/diariodeloeste.com\/noticias\/wp-content\/uploads\/2025\/11\/gZ2ngBYoxA159kJfm8wQ-scaled.webp","articleSection":["Malvinas Argentinas"],"inLanguage":"es-AR"},{"@type":"WebPage","@id":"https:\/\/diariodeloeste.com\/noticias\/2025\/11\/18\/inicio-una-gran-obra-de-repavimentacion-en-la-ruta-provincial-n24-ex-ruta-197\/","url":"https:\/\/diariodeloeste.com\/noticias\/2025\/11\/18\/inicio-una-gran-obra-de-repavimentacion-en-la-ruta-provincial-n24-ex-ruta-197\/","name":"Inici\u00f3 una gran obra de repavimentaci\u00f3n en la Ruta Provincial N\u00b024 (ex Ruta 197) - Diario del Oeste","isPartOf":{"@id":"https:\/\/diariodeloeste.com\/noticias\/#website"},"primaryImageOfPage":{"@id":"https:\/\/diariodeloeste.com\/noticias\/2025\/11\/18\/inicio-una-gran-obra-de-repavimentacion-en-la-ruta-provincial-n24-ex-ruta-197\/#primaryimage"},"image":{"@id":"https:\/\/diariodeloeste.com\/noticias\/2025\/11\/18\/inicio-una-gran-obra-de-repavimentacion-en-la-ruta-provincial-n24-ex-ruta-197\/#primaryimage"},"thumbnailUrl":"https:\/\/diariodeloeste.com\/noticias\/wp-content\/uploads\/2025\/11\/gZ2ngBYoxA159kJfm8wQ-scaled.webp","datePublished":"2025-11-18T18:39:39+00:00","breadcrumb":{"@id":"https:\/\/diariodeloeste.com\/noticias\/2025\/11\/18\/inicio-una-gran-obra-de-repavimentacion-en-la-ruta-provincial-n24-ex-ruta-197\/#breadcrumb"},"inLanguage":"es-AR","potentialAction":[{"@type":"ReadAction","target":["https:\/\/diariodeloeste.com\/noticias\/2025\/11\/18\/inicio-una-gran-obra-de-repavimentacion-en-la-ruta-provincial-n24-ex-ruta-197\/"]}]},{"@type":"ImageObject","inLanguage":"es-AR","@id":"https:\/\/diariodeloeste.com\/noticias\/2025\/11\/18\/inicio-una-gran-obra-de-repavimentacion-en-la-ruta-provincial-n24-ex-ruta-197\/#primaryimage","url":"https:\/\/diariodeloeste.com\/noticias\/wp-content\/uploads\/2025\/11\/gZ2ngBYoxA159kJfm8wQ-scaled.webp","contentUrl":"https:\/\/diariodeloeste.com\/noticias\/wp-content\/uploads\/2025\/11\/gZ2ngBYoxA159kJfm8wQ-scaled.webp","width":2560,"height":1706},{"@type":"BreadcrumbList","@id":"https:\/\/diariodeloeste.com\/noticias\/2025\/11\/18\/inicio-una-gran-obra-de-repavimentacion-en-la-ruta-provincial-n24-ex-ruta-197\/#breadcrumb","itemListElement":[{"@type":"ListItem","position":1,"name":"Inicio","item":"https:\/\/diariodeloeste.com\/noticias\/"},{"@type":"ListItem","position":2,"name":"Inici\u00f3 una gran obra de repavimentaci\u00f3n en la Ruta Provincial N\u00b024 (ex Ruta 197)"}]},{"@type":"WebSite","@id":"https:\/\/diariodeloeste.com\/noticias\/#website","url":"https:\/\/diariodeloeste.com\/noticias\/","name":"Diario del Oeste","description":"Noticias del Oeste","publisher":{"@id":"https:\/\/diariodeloeste.com\/noticias\/#organization"},"potentialAction":[{"@type":"SearchAction","target":{"@type":"EntryPoint","urlTemplate":"https:\/\/diariodeloeste.com\/noticias\/?s={search_term_string}"},"query-input":{"@type":"PropertyValueSpecification","valueRequired":true,"valueName":"search_term_string"}}],"inLanguage":"es-AR"},{"@type":"Organization","@id":"https:\/\/diariodeloeste.com\/noticias\/#organization","name":"Diario del Oeste","url":"https:\/\/diariodeloeste.com\/noticias\/","logo":{"@type":"ImageObject","inLanguage":"es-AR","@id":"https:\/\/diariodeloeste.com\/noticias\/#\/schema\/logo\/image\/","url":"https:\/\/diariodeloeste.com\/noticias\/wp-content\/uploads\/2019\/04\/logo.png","contentUrl":"https:\/\/diariodeloeste.com\/noticias\/wp-content\/uploads\/2019\/04\/logo.png","width":306,"height":145,"caption":"Diario del Oeste"},"image":{"@id":"https:\/\/diariodeloeste.com\/noticias\/#\/schema\/logo\/image\/"}},{"@type":"Person","@id":"https:\/\/diariodeloeste.com\/noticias\/#\/schema\/person\/1f7be965f8c093432e1cbfcee0ac4047","name":"Redaccion","image":{"@type":"ImageObject","inLanguage":"es-AR","@id":"https:\/\/secure.gravatar.com\/avatar\/f9bc3a12e26b32d818d88f9a5b61de20b559752e499df507efa7ea3cea0550ef?s=96&d=mm&r=g","url":"https:\/\/secure.gravatar.com\/avatar\/f9bc3a12e26b32d818d88f9a5b61de20b559752e499df507efa7ea3cea0550ef?s=96&d=mm&r=g","contentUrl":"https:\/\/secure.gravatar.com\/avatar\/f9bc3a12e26b32d818d88f9a5b61de20b559752e499df507efa7ea3cea0550ef?s=96&d=mm&r=g","caption":"Redaccion"},"url":"https:\/\/diariodeloeste.com\/noticias\/author\/redaccion\/"}]}},"_links":{"self":[{"href":"https:\/\/diariodeloeste.com\/noticias\/wp-json\/wp\/v2\/posts\/15460","targetHints":{"allow":["GET"]}}],"collection":[{"href":"https:\/\/diariodeloeste.com\/noticias\/wp-json\/wp\/v2\/posts"}],"about":[{"href":"https:\/\/diariodeloeste.com\/noticias\/wp-json\/wp\/v2\/types\/post"}],"author":[{"embeddable":true,"href":"https:\/\/diariodeloeste.com\/noticias\/wp-json\/wp\/v2\/users\/3"}],"replies":[{"embeddable":true,"href":"https:\/\/diariodeloeste.com\/noticias\/wp-json\/wp\/v2\/comments?post=15460"}],"version-history":[{"count":1,"href":"https:\/\/diariodeloeste.com\/noticias\/wp-json\/wp\/v2\/posts\/15460\/revisions"}],"predecessor-version":[{"id":15462,"href":"https:\/\/diariodeloeste.com\/noticias\/wp-json\/wp\/v2\/posts\/15460\/revisions\/15462"}],"wp:featuredmedia":[{"embeddable":true,"href":"https:\/\/diariodeloeste.com\/noticias\/wp-json\/wp\/v2\/media\/15461"}],"wp:attachment":[{"href":"https:\/\/diariodeloeste.com\/noticias\/wp-json\/wp\/v2\/media?parent=15460"}],"wp:term":[{"taxonomy":"category","embeddable":true,"href":"https:\/\/diariodeloeste.com\/noticias\/wp-json\/wp\/v2\/categories?post=15460"},{"taxonomy":"post_tag","embeddable":true,"href":"https:\/\/diariodeloeste.com\/noticias\/wp-json\/wp\/v2\/tags?post=15460"}],"curies":[{"name":"wp","href":"https:\/\/api.w.org\/{rel}","templated":true}]}}