{"id":15374,"date":"2025-10-24T02:27:03","date_gmt":"2025-10-24T02:27:03","guid":{"rendered":"https:\/\/diariodeloeste.com\/noticias\/?p=15374"},"modified":"2025-10-24T02:27:03","modified_gmt":"2025-10-24T02:27:03","slug":"nardini-reunio-a-comerciantes-y-vecinos-en-el-nuevo-centro-civico-tierras-altas","status":"publish","type":"post","link":"https:\/\/diariodeloeste.com\/noticias\/2025\/10\/24\/nardini-reunio-a-comerciantes-y-vecinos-en-el-nuevo-centro-civico-tierras-altas\/","title":{"rendered":"Nardini reuni\u00f3 a comerciantes y vecinos en el nuevo Centro C\u00edvico Tierras Altas"},"content":{"rendered":"<h2>En una zona transformada por el municipio de Malvinas Argentinas con arterias semipeatonales y un nuevo espacio de encuentro para tr\u00e1mites y servicios municipales, el intendente, como cierre de esta etapa de la campa\u00f1a electoral, dialog\u00f3 con la comunidad de la zona sobre el desarrollo que genera la obra p\u00fablica en esta ciudad.<\/h2>\n<div id='gallery-1' class='gallery galleryid-15374 gallery-columns-4 gallery-size-large'><figure class='gallery-item'>\n\t\t\t<div class='gallery-icon landscape'>\n\t\t\t\t<a href='https:\/\/diariodeloeste.com\/noticias\/2025\/10\/24\/nardini-reunio-a-comerciantes-y-vecinos-en-el-nuevo-centro-civico-tierras-altas\/whatsapp-image-2025-10-23-at-9-43-50-pm-1\/'><img loading=\"lazy\" loading=\"lazy\" decoding=\"async\" width=\"1024\" height=\"682\" src=\"https:\/\/diariodeloeste.com\/noticias\/wp-content\/uploads\/2025\/10\/WhatsApp-Image-2025-10-23-at-9.43.50-PM-1-1024x682.jpeg\" class=\"attachment-large size-large\" alt=\"\" \/><\/a>\n\t\t\t<\/div><\/figure><figure class='gallery-item'>\n\t\t\t<div class='gallery-icon landscape'>\n\t\t\t\t<a href='https:\/\/diariodeloeste.com\/noticias\/2025\/10\/24\/nardini-reunio-a-comerciantes-y-vecinos-en-el-nuevo-centro-civico-tierras-altas\/whatsapp-image-2025-10-23-at-9-43-50-pm\/'><img loading=\"lazy\" loading=\"lazy\" decoding=\"async\" width=\"1024\" height=\"682\" src=\"https:\/\/diariodeloeste.com\/noticias\/wp-content\/uploads\/2025\/10\/WhatsApp-Image-2025-10-23-at-9.43.50-PM-1024x682.jpeg\" class=\"attachment-large size-large\" alt=\"\" \/><\/a>\n\t\t\t<\/div><\/figure><figure class='gallery-item'>\n\t\t\t<div class='gallery-icon landscape'>\n\t\t\t\t<a href='https:\/\/diariodeloeste.com\/noticias\/2025\/10\/24\/nardini-reunio-a-comerciantes-y-vecinos-en-el-nuevo-centro-civico-tierras-altas\/whatsapp-image-2025-10-23-at-9-43-49-pm-1\/'><img loading=\"lazy\" loading=\"lazy\" decoding=\"async\" width=\"1024\" height=\"683\" src=\"https:\/\/diariodeloeste.com\/noticias\/wp-content\/uploads\/2025\/10\/WhatsApp-Image-2025-10-23-at-9.43.49-PM-1-1024x683.jpeg\" class=\"attachment-large size-large\" alt=\"\" \/><\/a>\n\t\t\t<\/div><\/figure><figure class='gallery-item'>\n\t\t\t<div class='gallery-icon landscape'>\n\t\t\t\t<a href='https:\/\/diariodeloeste.com\/noticias\/2025\/10\/24\/nardini-reunio-a-comerciantes-y-vecinos-en-el-nuevo-centro-civico-tierras-altas\/whatsapp-image-2025-10-23-at-9-43-49-pm\/'><img loading=\"lazy\" loading=\"lazy\" decoding=\"async\" width=\"1024\" height=\"683\" src=\"https:\/\/diariodeloeste.com\/noticias\/wp-content\/uploads\/2025\/10\/WhatsApp-Image-2025-10-23-at-9.43.49-PM-1024x683.jpeg\" class=\"attachment-large size-large\" alt=\"\" \/><\/a>\n\t\t\t<\/div><\/figure>\n\t\t<\/div>\n\n<p>Ciudad de Tierras Altas, 23 de octubre de 2025 &#8211; El intendente Leo Nardini comparti\u00f3 una jornada con comerciantes y vecinos del centro de la ciudad que vieron transformada la zona c\u00e9ntrica comercial con obras de mejoramiento asf\u00e1ltico que incluyen pavimentos de alta densidad, nuevas luminarias, espacios reforestados y el nuevo edificio del Centro C\u00edvico, desarrollado en un antiguo espacio comercial reformado y puesto en valor por el Municipio de Malvinas Argentinas.<\/p>\n<p>El encuentro se llev\u00f3 adelante sobre la calle Juan Francisco Segu\u00ed al 2999, a metros de la estaci\u00f3n del ferrocarril Belgrano Norte, donde funciona el nuevo Centro C\u00edvico desarrollado por la Secretar\u00eda de Obras P\u00fablicas y Planificaci\u00f3n Urbana y ya funciona como espacio de atenci\u00f3n para tr\u00e1mites municipales, recepci\u00f3n de sugerencias y reclamos, y punto de encuentro para actividades culturales y comunitarias. Adem\u00e1s, contar\u00e1 con atenci\u00f3n de personal capacitado para resolver inquietudes, brindar informaci\u00f3n y realizar tr\u00e1mites de manera accesible y \u00e1gil.<\/p>\n<p>\u201cContinuamos con la visi\u00f3n de acercar el Estado a la gente. Que tengan la posibilidad de tener un lugar lindo, no solamente para hacer un tr\u00e1mite, sino tambi\u00e9n para hacer su sugerencia, queja, y que haya personal humano y profesional para recepcionar esas inquietudes\u201d, expres\u00f3 Nardini. Y agreg\u00f3: \u201cEsto nos permite planificar una posible o futura soluci\u00f3n en base a lo que nos importa, que es nuestra responsabilidad. La buena administraci\u00f3n nos permite seguir en un sendero de planificaci\u00f3n continua, pero el factor humano nos da eso: no perder la esencia, poder escucharnos, empatizar\u201d.<\/p>\n<p>Tambi\u00e9n participaron del evento el vicepresidente primero del Senado bonaerense, Luis Vivona; la secretaria general, Noe Correa; la secretaria de Gobierno y Monitoreo Institucional, Lic. Mar\u00eda Luj\u00e1n Salgado; junto a autoridades locales, provinciales y representantes de instituciones y organizaciones intermedias. La jornada incluy\u00f3 propuestas art\u00edsticas como pintura en vivo de la artista pl\u00e1stica Laura Bonazzola en la fachada del edificio, la interpretaci\u00f3n de la violinista Roc\u00edo Quiroga, integrante de la Orquesta Municipal, la danza de Lalo y Sebasti\u00e1n, y la presencia de una estatua viviente que recre\u00f3 al gaucho argentino.<\/p>\n<p>En su mensaje, el intendente destac\u00f3 el valor de la obra p\u00fablica como motor de transformaci\u00f3n: \u201cLo que hacemos en cada uno de los barrios donde llevamos adelante una obra p\u00fablica, como lo hacemos en cada uno de los lugares para generar m\u00e1s conectividad. Todo eso es gracias a la paciencia de la gente, gracias al acompa\u00f1amiento, gracias a ser vecinos de bien\u201d.<\/p>\n<p>El encuentro cerr\u00f3 con una invitaci\u00f3n a seguir construyendo un mejor municipio desde lo colectivo: \u201cLes pido que no entren en esa discusi\u00f3n que a la que nos quieren llevar y hacernos pelear entre argentinos y argentinas, que nada tiene que ver con lo que nosotros tratamos de promover todos los d\u00edas. Queremos una Tierras Altas mejor, queremos un Malvinas mejor, que queremos una provincia pujante y que queremos una Argentina floreciente. Y de la \u00fanica manera que lo vamos a hacer, desde abajo para arriba, es tratando de transformar las cosas. Junto a las instituciones intermedias, junto a todos aquellos que forjaron nuestras ciudades. Los que pusieron las primeras l\u00e1mparas porque no hab\u00eda luz, los primeros ladrillos para que el tren pudiera parar y pudieron hacer que mucha gente pudiera ir a trabajar a una f\u00e1brica, que los chicos pudieran ir de a poco a estudiar\u201d. y concluy\u00f3: \u201cEl esfuerzo siempre vale, gracias a todos aquellos que forjaron nuestro presente y siguen confiando en el esfuerzo colectivo para poder lograr un futuro mejor\u201d.<\/p>\n<script>function PlayerjsAsync(){} if(window[\"Playerjs\"]){PlayerjsAsync();}<\/script>","protected":false},"excerpt":{"rendered":"<p>En una zona transformada por el municipio de Malvinas Argentinas con arterias semipeatonales y un nuevo espacio de encuentro para tr\u00e1mites y servicios municipales, el intendente, como cierre de esta etapa de la campa\u00f1a electoral, dialog\u00f3 con la comunidad de la zona sobre el desarrollo que genera la obra p\u00fablica en esta ciudad. Ciudad de [&hellip;]<\/p>\n","protected":false},"author":3,"featured_media":15375,"comment_status":"closed","ping_status":"closed","sticky":false,"template":"","format":"standard","meta":{"content-type":"","footnotes":""},"categories":[496],"tags":[],"class_list":{"0":"post-15374","1":"post","2":"type-post","3":"status-publish","4":"format-standard","5":"has-post-thumbnail","7":"category-malvinas-argentinas"},"yoast_head":"<!-- This site is optimized with the Yoast SEO plugin v27.4 - https:\/\/yoast.com\/product\/yoast-seo-wordpress\/ -->\n<title>Nardini reuni\u00f3 a comerciantes y vecinos en el nuevo Centro C\u00edvico Tierras Altas - Diario del Oeste<\/title>\n<meta name=\"robots\" content=\"index, follow, max-snippet:-1, max-image-preview:large, max-video-preview:-1\" \/>\n<link rel=\"canonical\" href=\"https:\/\/diariodeloeste.com\/noticias\/2025\/10\/24\/nardini-reunio-a-comerciantes-y-vecinos-en-el-nuevo-centro-civico-tierras-altas\/\" \/>\n<meta property=\"og:locale\" content=\"es_ES\" \/>\n<meta property=\"og:type\" content=\"article\" \/>\n<meta property=\"og:title\" content=\"Nardini reuni\u00f3 a comerciantes y vecinos en el nuevo Centro C\u00edvico Tierras Altas - Diario del Oeste\" \/>\n<meta property=\"og:description\" content=\"En una zona transformada por el municipio de Malvinas Argentinas con arterias semipeatonales y un nuevo espacio de encuentro para tr\u00e1mites y servicios municipales, el intendente, como cierre de esta etapa de la campa\u00f1a electoral, dialog\u00f3 con la comunidad de la zona sobre el desarrollo que genera la obra p\u00fablica en esta ciudad. Ciudad de [&hellip;]\" \/>\n<meta property=\"og:url\" content=\"https:\/\/diariodeloeste.com\/noticias\/2025\/10\/24\/nardini-reunio-a-comerciantes-y-vecinos-en-el-nuevo-centro-civico-tierras-altas\/\" \/>\n<meta property=\"og:site_name\" content=\"Diario del Oeste\" \/>\n<meta property=\"article:published_time\" content=\"2025-10-24T02:27:03+00:00\" \/>\n<meta property=\"og:image\" content=\"https:\/\/diariodeloeste.com\/noticias\/wp-content\/uploads\/2025\/10\/WhatsApp-Image-2025-10-23-at-9.43.50-PM-2.jpeg\" \/>\n\t<meta property=\"og:image:width\" content=\"1280\" \/>\n\t<meta property=\"og:image:height\" content=\"853\" \/>\n\t<meta property=\"og:image:type\" content=\"image\/jpeg\" \/>\n<meta name=\"author\" content=\"Redaccion\" \/>\n<meta name=\"twitter:card\" content=\"summary_large_image\" \/>\n<meta name=\"twitter:label1\" content=\"Escrito por\" \/>\n\t<meta name=\"twitter:data1\" content=\"Redaccion\" \/>\n\t<meta name=\"twitter:label2\" content=\"Tiempo de lectura\" \/>\n\t<meta name=\"twitter:data2\" content=\"4 minutos\" \/>\n<script type=\"application\/ld+json\" class=\"yoast-schema-graph\">{\"@context\":\"https:\\\/\\\/schema.org\",\"@graph\":[{\"@type\":\"Article\",\"@id\":\"https:\\\/\\\/diariodeloeste.com\\\/noticias\\\/2025\\\/10\\\/24\\\/nardini-reunio-a-comerciantes-y-vecinos-en-el-nuevo-centro-civico-tierras-altas\\\/#article\",\"isPartOf\":{\"@id\":\"https:\\\/\\\/diariodeloeste.com\\\/noticias\\\/2025\\\/10\\\/24\\\/nardini-reunio-a-comerciantes-y-vecinos-en-el-nuevo-centro-civico-tierras-altas\\\/\"},\"author\":{\"name\":\"Redaccion\",\"@id\":\"https:\\\/\\\/diariodeloeste.com\\\/noticias\\\/#\\\/schema\\\/person\\\/1f7be965f8c093432e1cbfcee0ac4047\"},\"headline\":\"Nardini reuni\u00f3 a comerciantes y vecinos en el nuevo Centro C\u00edvico Tierras Altas\",\"datePublished\":\"2025-10-24T02:27:03+00:00\",\"mainEntityOfPage\":{\"@id\":\"https:\\\/\\\/diariodeloeste.com\\\/noticias\\\/2025\\\/10\\\/24\\\/nardini-reunio-a-comerciantes-y-vecinos-en-el-nuevo-centro-civico-tierras-altas\\\/\"},\"wordCount\":687,\"publisher\":{\"@id\":\"https:\\\/\\\/diariodeloeste.com\\\/noticias\\\/#organization\"},\"image\":{\"@id\":\"https:\\\/\\\/diariodeloeste.com\\\/noticias\\\/2025\\\/10\\\/24\\\/nardini-reunio-a-comerciantes-y-vecinos-en-el-nuevo-centro-civico-tierras-altas\\\/#primaryimage\"},\"thumbnailUrl\":\"https:\\\/\\\/diariodeloeste.com\\\/noticias\\\/wp-content\\\/uploads\\\/2025\\\/10\\\/WhatsApp-Image-2025-10-23-at-9.43.50-PM-2.jpeg\",\"articleSection\":[\"Malvinas Argentinas\"],\"inLanguage\":\"es-AR\"},{\"@type\":\"WebPage\",\"@id\":\"https:\\\/\\\/diariodeloeste.com\\\/noticias\\\/2025\\\/10\\\/24\\\/nardini-reunio-a-comerciantes-y-vecinos-en-el-nuevo-centro-civico-tierras-altas\\\/\",\"url\":\"https:\\\/\\\/diariodeloeste.com\\\/noticias\\\/2025\\\/10\\\/24\\\/nardini-reunio-a-comerciantes-y-vecinos-en-el-nuevo-centro-civico-tierras-altas\\\/\",\"name\":\"Nardini reuni\u00f3 a comerciantes y vecinos en el nuevo Centro C\u00edvico Tierras Altas - Diario del Oeste\",\"isPartOf\":{\"@id\":\"https:\\\/\\\/diariodeloeste.com\\\/noticias\\\/#website\"},\"primaryImageOfPage\":{\"@id\":\"https:\\\/\\\/diariodeloeste.com\\\/noticias\\\/2025\\\/10\\\/24\\\/nardini-reunio-a-comerciantes-y-vecinos-en-el-nuevo-centro-civico-tierras-altas\\\/#primaryimage\"},\"image\":{\"@id\":\"https:\\\/\\\/diariodeloeste.com\\\/noticias\\\/2025\\\/10\\\/24\\\/nardini-reunio-a-comerciantes-y-vecinos-en-el-nuevo-centro-civico-tierras-altas\\\/#primaryimage\"},\"thumbnailUrl\":\"https:\\\/\\\/diariodeloeste.com\\\/noticias\\\/wp-content\\\/uploads\\\/2025\\\/10\\\/WhatsApp-Image-2025-10-23-at-9.43.50-PM-2.jpeg\",\"datePublished\":\"2025-10-24T02:27:03+00:00\",\"breadcrumb\":{\"@id\":\"https:\\\/\\\/diariodeloeste.com\\\/noticias\\\/2025\\\/10\\\/24\\\/nardini-reunio-a-comerciantes-y-vecinos-en-el-nuevo-centro-civico-tierras-altas\\\/#breadcrumb\"},\"inLanguage\":\"es-AR\",\"potentialAction\":[{\"@type\":\"ReadAction\",\"target\":[\"https:\\\/\\\/diariodeloeste.com\\\/noticias\\\/2025\\\/10\\\/24\\\/nardini-reunio-a-comerciantes-y-vecinos-en-el-nuevo-centro-civico-tierras-altas\\\/\"]}]},{\"@type\":\"ImageObject\",\"inLanguage\":\"es-AR\",\"@id\":\"https:\\\/\\\/diariodeloeste.com\\\/noticias\\\/2025\\\/10\\\/24\\\/nardini-reunio-a-comerciantes-y-vecinos-en-el-nuevo-centro-civico-tierras-altas\\\/#primaryimage\",\"url\":\"https:\\\/\\\/diariodeloeste.com\\\/noticias\\\/wp-content\\\/uploads\\\/2025\\\/10\\\/WhatsApp-Image-2025-10-23-at-9.43.50-PM-2.jpeg\",\"contentUrl\":\"https:\\\/\\\/diariodeloeste.com\\\/noticias\\\/wp-content\\\/uploads\\\/2025\\\/10\\\/WhatsApp-Image-2025-10-23-at-9.43.50-PM-2.jpeg\",\"width\":1280,\"height\":853},{\"@type\":\"BreadcrumbList\",\"@id\":\"https:\\\/\\\/diariodeloeste.com\\\/noticias\\\/2025\\\/10\\\/24\\\/nardini-reunio-a-comerciantes-y-vecinos-en-el-nuevo-centro-civico-tierras-altas\\\/#breadcrumb\",\"itemListElement\":[{\"@type\":\"ListItem\",\"position\":1,\"name\":\"Inicio\",\"item\":\"https:\\\/\\\/diariodeloeste.com\\\/noticias\\\/\"},{\"@type\":\"ListItem\",\"position\":2,\"name\":\"Nardini reuni\u00f3 a comerciantes y vecinos en el nuevo Centro C\u00edvico Tierras Altas\"}]},{\"@type\":\"WebSite\",\"@id\":\"https:\\\/\\\/diariodeloeste.com\\\/noticias\\\/#website\",\"url\":\"https:\\\/\\\/diariodeloeste.com\\\/noticias\\\/\",\"name\":\"Diario del Oeste\",\"description\":\"Noticias del Oeste\",\"publisher\":{\"@id\":\"https:\\\/\\\/diariodeloeste.com\\\/noticias\\\/#organization\"},\"potentialAction\":[{\"@type\":\"SearchAction\",\"target\":{\"@type\":\"EntryPoint\",\"urlTemplate\":\"https:\\\/\\\/diariodeloeste.com\\\/noticias\\\/?s={search_term_string}\"},\"query-input\":{\"@type\":\"PropertyValueSpecification\",\"valueRequired\":true,\"valueName\":\"search_term_string\"}}],\"inLanguage\":\"es-AR\"},{\"@type\":\"Organization\",\"@id\":\"https:\\\/\\\/diariodeloeste.com\\\/noticias\\\/#organization\",\"name\":\"Diario del Oeste\",\"url\":\"https:\\\/\\\/diariodeloeste.com\\\/noticias\\\/\",\"logo\":{\"@type\":\"ImageObject\",\"inLanguage\":\"es-AR\",\"@id\":\"https:\\\/\\\/diariodeloeste.com\\\/noticias\\\/#\\\/schema\\\/logo\\\/image\\\/\",\"url\":\"https:\\\/\\\/diariodeloeste.com\\\/noticias\\\/wp-content\\\/uploads\\\/2019\\\/04\\\/logo.png\",\"contentUrl\":\"https:\\\/\\\/diariodeloeste.com\\\/noticias\\\/wp-content\\\/uploads\\\/2019\\\/04\\\/logo.png\",\"width\":306,\"height\":145,\"caption\":\"Diario del Oeste\"},\"image\":{\"@id\":\"https:\\\/\\\/diariodeloeste.com\\\/noticias\\\/#\\\/schema\\\/logo\\\/image\\\/\"}},{\"@type\":\"Person\",\"@id\":\"https:\\\/\\\/diariodeloeste.com\\\/noticias\\\/#\\\/schema\\\/person\\\/1f7be965f8c093432e1cbfcee0ac4047\",\"name\":\"Redaccion\",\"image\":{\"@type\":\"ImageObject\",\"inLanguage\":\"es-AR\",\"@id\":\"https:\\\/\\\/secure.gravatar.com\\\/avatar\\\/f9bc3a12e26b32d818d88f9a5b61de20b559752e499df507efa7ea3cea0550ef?s=96&d=mm&r=g\",\"url\":\"https:\\\/\\\/secure.gravatar.com\\\/avatar\\\/f9bc3a12e26b32d818d88f9a5b61de20b559752e499df507efa7ea3cea0550ef?s=96&d=mm&r=g\",\"contentUrl\":\"https:\\\/\\\/secure.gravatar.com\\\/avatar\\\/f9bc3a12e26b32d818d88f9a5b61de20b559752e499df507efa7ea3cea0550ef?s=96&d=mm&r=g\",\"caption\":\"Redaccion\"},\"url\":\"https:\\\/\\\/diariodeloeste.com\\\/noticias\\\/author\\\/redaccion\\\/\"}]}<\/script>\n<!-- \/ Yoast SEO plugin. -->","yoast_head_json":{"title":"Nardini reuni\u00f3 a comerciantes y vecinos en el nuevo Centro C\u00edvico Tierras Altas - Diario del Oeste","robots":{"index":"index","follow":"follow","max-snippet":"max-snippet:-1","max-image-preview":"max-image-preview:large","max-video-preview":"max-video-preview:-1"},"canonical":"https:\/\/diariodeloeste.com\/noticias\/2025\/10\/24\/nardini-reunio-a-comerciantes-y-vecinos-en-el-nuevo-centro-civico-tierras-altas\/","og_locale":"es_ES","og_type":"article","og_title":"Nardini reuni\u00f3 a comerciantes y vecinos en el nuevo Centro C\u00edvico Tierras Altas - Diario del Oeste","og_description":"En una zona transformada por el municipio de Malvinas Argentinas con arterias semipeatonales y un nuevo espacio de encuentro para tr\u00e1mites y servicios municipales, el intendente, como cierre de esta etapa de la campa\u00f1a electoral, dialog\u00f3 con la comunidad de la zona sobre el desarrollo que genera la obra p\u00fablica en esta ciudad. Ciudad de [&hellip;]","og_url":"https:\/\/diariodeloeste.com\/noticias\/2025\/10\/24\/nardini-reunio-a-comerciantes-y-vecinos-en-el-nuevo-centro-civico-tierras-altas\/","og_site_name":"Diario del Oeste","article_published_time":"2025-10-24T02:27:03+00:00","og_image":[{"width":1280,"height":853,"url":"https:\/\/diariodeloeste.com\/noticias\/wp-content\/uploads\/2025\/10\/WhatsApp-Image-2025-10-23-at-9.43.50-PM-2.jpeg","type":"image\/jpeg"}],"author":"Redaccion","twitter_card":"summary_large_image","twitter_misc":{"Escrito por":"Redaccion","Tiempo de lectura":"4 minutos"},"schema":{"@context":"https:\/\/schema.org","@graph":[{"@type":"Article","@id":"https:\/\/diariodeloeste.com\/noticias\/2025\/10\/24\/nardini-reunio-a-comerciantes-y-vecinos-en-el-nuevo-centro-civico-tierras-altas\/#article","isPartOf":{"@id":"https:\/\/diariodeloeste.com\/noticias\/2025\/10\/24\/nardini-reunio-a-comerciantes-y-vecinos-en-el-nuevo-centro-civico-tierras-altas\/"},"author":{"name":"Redaccion","@id":"https:\/\/diariodeloeste.com\/noticias\/#\/schema\/person\/1f7be965f8c093432e1cbfcee0ac4047"},"headline":"Nardini reuni\u00f3 a comerciantes y vecinos en el nuevo Centro C\u00edvico Tierras Altas","datePublished":"2025-10-24T02:27:03+00:00","mainEntityOfPage":{"@id":"https:\/\/diariodeloeste.com\/noticias\/2025\/10\/24\/nardini-reunio-a-comerciantes-y-vecinos-en-el-nuevo-centro-civico-tierras-altas\/"},"wordCount":687,"publisher":{"@id":"https:\/\/diariodeloeste.com\/noticias\/#organization"},"image":{"@id":"https:\/\/diariodeloeste.com\/noticias\/2025\/10\/24\/nardini-reunio-a-comerciantes-y-vecinos-en-el-nuevo-centro-civico-tierras-altas\/#primaryimage"},"thumbnailUrl":"https:\/\/diariodeloeste.com\/noticias\/wp-content\/uploads\/2025\/10\/WhatsApp-Image-2025-10-23-at-9.43.50-PM-2.jpeg","articleSection":["Malvinas Argentinas"],"inLanguage":"es-AR"},{"@type":"WebPage","@id":"https:\/\/diariodeloeste.com\/noticias\/2025\/10\/24\/nardini-reunio-a-comerciantes-y-vecinos-en-el-nuevo-centro-civico-tierras-altas\/","url":"https:\/\/diariodeloeste.com\/noticias\/2025\/10\/24\/nardini-reunio-a-comerciantes-y-vecinos-en-el-nuevo-centro-civico-tierras-altas\/","name":"Nardini reuni\u00f3 a comerciantes y vecinos en el nuevo Centro C\u00edvico Tierras Altas - Diario del Oeste","isPartOf":{"@id":"https:\/\/diariodeloeste.com\/noticias\/#website"},"primaryImageOfPage":{"@id":"https:\/\/diariodeloeste.com\/noticias\/2025\/10\/24\/nardini-reunio-a-comerciantes-y-vecinos-en-el-nuevo-centro-civico-tierras-altas\/#primaryimage"},"image":{"@id":"https:\/\/diariodeloeste.com\/noticias\/2025\/10\/24\/nardini-reunio-a-comerciantes-y-vecinos-en-el-nuevo-centro-civico-tierras-altas\/#primaryimage"},"thumbnailUrl":"https:\/\/diariodeloeste.com\/noticias\/wp-content\/uploads\/2025\/10\/WhatsApp-Image-2025-10-23-at-9.43.50-PM-2.jpeg","datePublished":"2025-10-24T02:27:03+00:00","breadcrumb":{"@id":"https:\/\/diariodeloeste.com\/noticias\/2025\/10\/24\/nardini-reunio-a-comerciantes-y-vecinos-en-el-nuevo-centro-civico-tierras-altas\/#breadcrumb"},"inLanguage":"es-AR","potentialAction":[{"@type":"ReadAction","target":["https:\/\/diariodeloeste.com\/noticias\/2025\/10\/24\/nardini-reunio-a-comerciantes-y-vecinos-en-el-nuevo-centro-civico-tierras-altas\/"]}]},{"@type":"ImageObject","inLanguage":"es-AR","@id":"https:\/\/diariodeloeste.com\/noticias\/2025\/10\/24\/nardini-reunio-a-comerciantes-y-vecinos-en-el-nuevo-centro-civico-tierras-altas\/#primaryimage","url":"https:\/\/diariodeloeste.com\/noticias\/wp-content\/uploads\/2025\/10\/WhatsApp-Image-2025-10-23-at-9.43.50-PM-2.jpeg","contentUrl":"https:\/\/diariodeloeste.com\/noticias\/wp-content\/uploads\/2025\/10\/WhatsApp-Image-2025-10-23-at-9.43.50-PM-2.jpeg","width":1280,"height":853},{"@type":"BreadcrumbList","@id":"https:\/\/diariodeloeste.com\/noticias\/2025\/10\/24\/nardini-reunio-a-comerciantes-y-vecinos-en-el-nuevo-centro-civico-tierras-altas\/#breadcrumb","itemListElement":[{"@type":"ListItem","position":1,"name":"Inicio","item":"https:\/\/diariodeloeste.com\/noticias\/"},{"@type":"ListItem","position":2,"name":"Nardini reuni\u00f3 a comerciantes y vecinos en el nuevo Centro C\u00edvico Tierras Altas"}]},{"@type":"WebSite","@id":"https:\/\/diariodeloeste.com\/noticias\/#website","url":"https:\/\/diariodeloeste.com\/noticias\/","name":"Diario del Oeste","description":"Noticias del Oeste","publisher":{"@id":"https:\/\/diariodeloeste.com\/noticias\/#organization"},"potentialAction":[{"@type":"SearchAction","target":{"@type":"EntryPoint","urlTemplate":"https:\/\/diariodeloeste.com\/noticias\/?s={search_term_string}"},"query-input":{"@type":"PropertyValueSpecification","valueRequired":true,"valueName":"search_term_string"}}],"inLanguage":"es-AR"},{"@type":"Organization","@id":"https:\/\/diariodeloeste.com\/noticias\/#organization","name":"Diario del Oeste","url":"https:\/\/diariodeloeste.com\/noticias\/","logo":{"@type":"ImageObject","inLanguage":"es-AR","@id":"https:\/\/diariodeloeste.com\/noticias\/#\/schema\/logo\/image\/","url":"https:\/\/diariodeloeste.com\/noticias\/wp-content\/uploads\/2019\/04\/logo.png","contentUrl":"https:\/\/diariodeloeste.com\/noticias\/wp-content\/uploads\/2019\/04\/logo.png","width":306,"height":145,"caption":"Diario del Oeste"},"image":{"@id":"https:\/\/diariodeloeste.com\/noticias\/#\/schema\/logo\/image\/"}},{"@type":"Person","@id":"https:\/\/diariodeloeste.com\/noticias\/#\/schema\/person\/1f7be965f8c093432e1cbfcee0ac4047","name":"Redaccion","image":{"@type":"ImageObject","inLanguage":"es-AR","@id":"https:\/\/secure.gravatar.com\/avatar\/f9bc3a12e26b32d818d88f9a5b61de20b559752e499df507efa7ea3cea0550ef?s=96&d=mm&r=g","url":"https:\/\/secure.gravatar.com\/avatar\/f9bc3a12e26b32d818d88f9a5b61de20b559752e499df507efa7ea3cea0550ef?s=96&d=mm&r=g","contentUrl":"https:\/\/secure.gravatar.com\/avatar\/f9bc3a12e26b32d818d88f9a5b61de20b559752e499df507efa7ea3cea0550ef?s=96&d=mm&r=g","caption":"Redaccion"},"url":"https:\/\/diariodeloeste.com\/noticias\/author\/redaccion\/"}]}},"_links":{"self":[{"href":"https:\/\/diariodeloeste.com\/noticias\/wp-json\/wp\/v2\/posts\/15374","targetHints":{"allow":["GET"]}}],"collection":[{"href":"https:\/\/diariodeloeste.com\/noticias\/wp-json\/wp\/v2\/posts"}],"about":[{"href":"https:\/\/diariodeloeste.com\/noticias\/wp-json\/wp\/v2\/types\/post"}],"author":[{"embeddable":true,"href":"https:\/\/diariodeloeste.com\/noticias\/wp-json\/wp\/v2\/users\/3"}],"replies":[{"embeddable":true,"href":"https:\/\/diariodeloeste.com\/noticias\/wp-json\/wp\/v2\/comments?post=15374"}],"version-history":[{"count":1,"href":"https:\/\/diariodeloeste.com\/noticias\/wp-json\/wp\/v2\/posts\/15374\/revisions"}],"predecessor-version":[{"id":15380,"href":"https:\/\/diariodeloeste.com\/noticias\/wp-json\/wp\/v2\/posts\/15374\/revisions\/15380"}],"wp:featuredmedia":[{"embeddable":true,"href":"https:\/\/diariodeloeste.com\/noticias\/wp-json\/wp\/v2\/media\/15375"}],"wp:attachment":[{"href":"https:\/\/diariodeloeste.com\/noticias\/wp-json\/wp\/v2\/media?parent=15374"}],"wp:term":[{"taxonomy":"category","embeddable":true,"href":"https:\/\/diariodeloeste.com\/noticias\/wp-json\/wp\/v2\/categories?post=15374"},{"taxonomy":"post_tag","embeddable":true,"href":"https:\/\/diariodeloeste.com\/noticias\/wp-json\/wp\/v2\/tags?post=15374"}],"curies":[{"name":"wp","href":"https:\/\/api.w.org\/{rel}","templated":true}]}}