{"id":15358,"date":"2025-10-22T22:25:11","date_gmt":"2025-10-22T22:25:11","guid":{"rendered":"https:\/\/diariodeloeste.com\/noticias\/?p=15358"},"modified":"2025-10-22T22:25:11","modified_gmt":"2025-10-22T22:25:11","slug":"taller-de-enfermeria-legal-en-el-hospital-ruben-caporaletti-de-jose-c-paz","status":"publish","type":"post","link":"https:\/\/diariodeloeste.com\/noticias\/2025\/10\/22\/taller-de-enfermeria-legal-en-el-hospital-ruben-caporaletti-de-jose-c-paz\/","title":{"rendered":"TALLER DE ENFERMER\u00cdA LEGAL EN EL HOSPITAL RUB\u00c9N CAPORALETTI DE JOS\u00c9 C. PAZ"},"content":{"rendered":"<div class=\"x14z9mp xat24cr x1lziwak x1vvkbs xtlvy1s x126k92a\">\n<h2 dir=\"auto\">Te mostramos las fotos del taller de Enfermer\u00eda Legal que se llev\u00f3 a cabo en el Hospital Caporaletti, ubicado en<span class=\"html-span xexx8yu xyri2b x18d9i69 x1c1uobl x1hl2dhg x16tdsg8 x1vvkbs x3nfvp2 x1j61x8r x1fcty0u xdj266r xat24cr xm2jcoa x1mpyi22 xxymvpz xlup9mm x1kky2od\"><img loading=\"lazy\" loading=\"lazy\" decoding=\"async\" class=\"xz74otr x15mokao x1ga7v0g x16uus16 xbiv7yw\" src=\"https:\/\/static.xx.fbcdn.net\/images\/emoji.php\/v9\/t2d\/1\/16\/1f4cd.png\" alt=\"\ud83d\udccd\" width=\"16\" height=\"16\" \/><\/span> Av. Croacia 2312, <span class=\"html-span xdj266r x14z9mp xat24cr x1lziwak xexx8yu xyri2b x18d9i69 x1c1uobl x1hl2dhg x16tdsg8 x1vvkbs\"><a class=\"x1i10hfl xjbqb8w x1ejq31n x18oe1m7 x1sy0etr xstzfhl x972fbf x10w94by x1qhh985 x14e42zd x9f619 x1ypdohk xt0psk2 x3ct3a4 xdj266r x14z9mp xat24cr x1lziwak xexx8yu xyri2b x18d9i69 x1c1uobl x16tdsg8 x1hl2dhg xggy1nq x1a2a7pz xkrqix3 x1sur9pj x1fey0fg x1s688f\" tabindex=\"0\" role=\"link\" href=\"https:\/\/www.facebook.com\/hashtag\/jos%C3%A9cpaz?__eep__=6&amp;__cft__[0]=AZV3aK2c5795iJrFpvU07OwAZX91Dq9DqyqOdxood-D8HWhDeRaVShptGeMHTXXkt_u9coIi1FOwB2Bg-9pCefU73bHNdwb7wseQptQx3pL-EK2y4xWwx-s2IzG77SrCBodjtj4OCIPC9ZfxtbkNwedINe2HgRf9XLcgKuf8CdoGmg&amp;__tn__=*NK-R\">#Jos\u00e9CPaz<\/a><\/span><\/h2>\n<div dir=\"auto\"><\/div>\n<\/div>\n<div class=\"x14z9mp xat24cr x1lziwak x1vvkbs xtlvy1s x126k92a\">\n<div dir=\"auto\">El taller cont\u00f3 con la presencia de la Dra \u00c1ngeles Pareo, abogada especializada en temas de salud, para el personal de enfermer\u00eda de dicho Hospital.<\/div>\n<div dir=\"auto\">\n<div id='gallery-1' class='gallery galleryid-15358 gallery-columns-1 gallery-size-full'><figure class='gallery-item'>\n\t\t\t<div class='gallery-icon landscape'>\n\t\t\t\t<a href='https:\/\/diariodeloeste.com\/noticias\/2025\/10\/22\/taller-de-enfermeria-legal-en-el-hospital-ruben-caporaletti-de-jose-c-paz\/568473310_1133215932331353_1683048277569081471_n\/'><img loading=\"lazy\" loading=\"lazy\" decoding=\"async\" width=\"1600\" height=\"1200\" src=\"https:\/\/diariodeloeste.com\/noticias\/wp-content\/uploads\/2025\/10\/568473310_1133215932331353_1683048277569081471_n.jpg\" class=\"attachment-full size-full\" alt=\"\" \/><\/a>\n\t\t\t<\/div><\/figure>\n\t\t<\/div>\n\n<\/div>\n<\/div>\n<script>function PlayerjsAsync(){} if(window[\"Playerjs\"]){PlayerjsAsync();}<\/script>","protected":false},"excerpt":{"rendered":"<p>Te mostramos las fotos del taller de Enfermer\u00eda Legal que se llev\u00f3 a cabo en el Hospital Caporaletti, ubicado en Av. Croacia 2312, #Jos\u00e9CPaz El taller cont\u00f3 con la presencia de la Dra \u00c1ngeles Pareo, abogada especializada en temas de salud, para el personal de enfermer\u00eda de dicho Hospital.<\/p>\n","protected":false},"author":3,"featured_media":15359,"comment_status":"closed","ping_status":"closed","sticky":false,"template":"","format":"standard","meta":{"content-type":"","footnotes":""},"categories":[188],"tags":[],"class_list":{"0":"post-15358","1":"post","2":"type-post","3":"status-publish","4":"format-standard","5":"has-post-thumbnail","7":"category-salud"},"yoast_head":"<!-- This site is optimized with the Yoast SEO plugin v27.4 - https:\/\/yoast.com\/product\/yoast-seo-wordpress\/ -->\n<title>TALLER DE ENFERMER\u00cdA LEGAL EN EL HOSPITAL RUB\u00c9N CAPORALETTI DE JOS\u00c9 C. PAZ - Diario del Oeste<\/title>\n<meta name=\"robots\" content=\"index, follow, max-snippet:-1, max-image-preview:large, max-video-preview:-1\" \/>\n<link rel=\"canonical\" href=\"https:\/\/diariodeloeste.com\/noticias\/2025\/10\/22\/taller-de-enfermeria-legal-en-el-hospital-ruben-caporaletti-de-jose-c-paz\/\" \/>\n<meta property=\"og:locale\" content=\"es_ES\" \/>\n<meta property=\"og:type\" content=\"article\" \/>\n<meta property=\"og:title\" content=\"TALLER DE ENFERMER\u00cdA LEGAL EN EL HOSPITAL RUB\u00c9N CAPORALETTI DE JOS\u00c9 C. PAZ - Diario del Oeste\" \/>\n<meta property=\"og:description\" content=\"Te mostramos las fotos del taller de Enfermer\u00eda Legal que se llev\u00f3 a cabo en el Hospital Caporaletti, ubicado en Av. Croacia 2312, #Jos\u00e9CPaz El taller cont\u00f3 con la presencia de la Dra \u00c1ngeles Pareo, abogada especializada en temas de salud, para el personal de enfermer\u00eda de dicho Hospital.\" \/>\n<meta property=\"og:url\" content=\"https:\/\/diariodeloeste.com\/noticias\/2025\/10\/22\/taller-de-enfermeria-legal-en-el-hospital-ruben-caporaletti-de-jose-c-paz\/\" \/>\n<meta property=\"og:site_name\" content=\"Diario del Oeste\" \/>\n<meta property=\"article:published_time\" content=\"2025-10-22T22:25:11+00:00\" \/>\n<meta property=\"og:image\" content=\"https:\/\/diariodeloeste.com\/noticias\/wp-content\/uploads\/2025\/10\/566218815_1133215928998020_2083075175757940004_n.jpg\" \/>\n\t<meta property=\"og:image:width\" content=\"1280\" \/>\n\t<meta property=\"og:image:height\" content=\"963\" \/>\n\t<meta property=\"og:image:type\" content=\"image\/jpeg\" \/>\n<meta name=\"author\" content=\"Redaccion\" \/>\n<meta name=\"twitter:card\" content=\"summary_large_image\" \/>\n<meta name=\"twitter:label1\" content=\"Escrito por\" \/>\n\t<meta name=\"twitter:data1\" content=\"Redaccion\" \/>\n\t<meta name=\"twitter:label2\" content=\"Tiempo de lectura\" \/>\n\t<meta name=\"twitter:data2\" content=\"1 minuto\" \/>\n<script type=\"application\/ld+json\" class=\"yoast-schema-graph\">{\"@context\":\"https:\\\/\\\/schema.org\",\"@graph\":[{\"@type\":\"Article\",\"@id\":\"https:\\\/\\\/diariodeloeste.com\\\/noticias\\\/2025\\\/10\\\/22\\\/taller-de-enfermeria-legal-en-el-hospital-ruben-caporaletti-de-jose-c-paz\\\/#article\",\"isPartOf\":{\"@id\":\"https:\\\/\\\/diariodeloeste.com\\\/noticias\\\/2025\\\/10\\\/22\\\/taller-de-enfermeria-legal-en-el-hospital-ruben-caporaletti-de-jose-c-paz\\\/\"},\"author\":{\"name\":\"Redaccion\",\"@id\":\"https:\\\/\\\/diariodeloeste.com\\\/noticias\\\/#\\\/schema\\\/person\\\/1f7be965f8c093432e1cbfcee0ac4047\"},\"headline\":\"TALLER DE ENFERMER\u00cdA LEGAL EN EL HOSPITAL RUB\u00c9N CAPORALETTI DE JOS\u00c9 C. PAZ\",\"datePublished\":\"2025-10-22T22:25:11+00:00\",\"mainEntityOfPage\":{\"@id\":\"https:\\\/\\\/diariodeloeste.com\\\/noticias\\\/2025\\\/10\\\/22\\\/taller-de-enfermeria-legal-en-el-hospital-ruben-caporaletti-de-jose-c-paz\\\/\"},\"wordCount\":71,\"publisher\":{\"@id\":\"https:\\\/\\\/diariodeloeste.com\\\/noticias\\\/#organization\"},\"image\":{\"@id\":\"https:\\\/\\\/diariodeloeste.com\\\/noticias\\\/2025\\\/10\\\/22\\\/taller-de-enfermeria-legal-en-el-hospital-ruben-caporaletti-de-jose-c-paz\\\/#primaryimage\"},\"thumbnailUrl\":\"https:\\\/\\\/diariodeloeste.com\\\/noticias\\\/wp-content\\\/uploads\\\/2025\\\/10\\\/566218815_1133215928998020_2083075175757940004_n.jpg\",\"articleSection\":[\"Salud\"],\"inLanguage\":\"es-AR\"},{\"@type\":\"WebPage\",\"@id\":\"https:\\\/\\\/diariodeloeste.com\\\/noticias\\\/2025\\\/10\\\/22\\\/taller-de-enfermeria-legal-en-el-hospital-ruben-caporaletti-de-jose-c-paz\\\/\",\"url\":\"https:\\\/\\\/diariodeloeste.com\\\/noticias\\\/2025\\\/10\\\/22\\\/taller-de-enfermeria-legal-en-el-hospital-ruben-caporaletti-de-jose-c-paz\\\/\",\"name\":\"TALLER DE ENFERMER\u00cdA LEGAL EN EL HOSPITAL RUB\u00c9N CAPORALETTI DE JOS\u00c9 C. PAZ - Diario del Oeste\",\"isPartOf\":{\"@id\":\"https:\\\/\\\/diariodeloeste.com\\\/noticias\\\/#website\"},\"primaryImageOfPage\":{\"@id\":\"https:\\\/\\\/diariodeloeste.com\\\/noticias\\\/2025\\\/10\\\/22\\\/taller-de-enfermeria-legal-en-el-hospital-ruben-caporaletti-de-jose-c-paz\\\/#primaryimage\"},\"image\":{\"@id\":\"https:\\\/\\\/diariodeloeste.com\\\/noticias\\\/2025\\\/10\\\/22\\\/taller-de-enfermeria-legal-en-el-hospital-ruben-caporaletti-de-jose-c-paz\\\/#primaryimage\"},\"thumbnailUrl\":\"https:\\\/\\\/diariodeloeste.com\\\/noticias\\\/wp-content\\\/uploads\\\/2025\\\/10\\\/566218815_1133215928998020_2083075175757940004_n.jpg\",\"datePublished\":\"2025-10-22T22:25:11+00:00\",\"breadcrumb\":{\"@id\":\"https:\\\/\\\/diariodeloeste.com\\\/noticias\\\/2025\\\/10\\\/22\\\/taller-de-enfermeria-legal-en-el-hospital-ruben-caporaletti-de-jose-c-paz\\\/#breadcrumb\"},\"inLanguage\":\"es-AR\",\"potentialAction\":[{\"@type\":\"ReadAction\",\"target\":[\"https:\\\/\\\/diariodeloeste.com\\\/noticias\\\/2025\\\/10\\\/22\\\/taller-de-enfermeria-legal-en-el-hospital-ruben-caporaletti-de-jose-c-paz\\\/\"]}]},{\"@type\":\"ImageObject\",\"inLanguage\":\"es-AR\",\"@id\":\"https:\\\/\\\/diariodeloeste.com\\\/noticias\\\/2025\\\/10\\\/22\\\/taller-de-enfermeria-legal-en-el-hospital-ruben-caporaletti-de-jose-c-paz\\\/#primaryimage\",\"url\":\"https:\\\/\\\/diariodeloeste.com\\\/noticias\\\/wp-content\\\/uploads\\\/2025\\\/10\\\/566218815_1133215928998020_2083075175757940004_n.jpg\",\"contentUrl\":\"https:\\\/\\\/diariodeloeste.com\\\/noticias\\\/wp-content\\\/uploads\\\/2025\\\/10\\\/566218815_1133215928998020_2083075175757940004_n.jpg\",\"width\":1280,\"height\":963},{\"@type\":\"BreadcrumbList\",\"@id\":\"https:\\\/\\\/diariodeloeste.com\\\/noticias\\\/2025\\\/10\\\/22\\\/taller-de-enfermeria-legal-en-el-hospital-ruben-caporaletti-de-jose-c-paz\\\/#breadcrumb\",\"itemListElement\":[{\"@type\":\"ListItem\",\"position\":1,\"name\":\"Inicio\",\"item\":\"https:\\\/\\\/diariodeloeste.com\\\/noticias\\\/\"},{\"@type\":\"ListItem\",\"position\":2,\"name\":\"TALLER DE ENFERMER\u00cdA LEGAL EN EL HOSPITAL RUB\u00c9N CAPORALETTI DE JOS\u00c9 C. PAZ\"}]},{\"@type\":\"WebSite\",\"@id\":\"https:\\\/\\\/diariodeloeste.com\\\/noticias\\\/#website\",\"url\":\"https:\\\/\\\/diariodeloeste.com\\\/noticias\\\/\",\"name\":\"Diario del Oeste\",\"description\":\"Noticias del Oeste\",\"publisher\":{\"@id\":\"https:\\\/\\\/diariodeloeste.com\\\/noticias\\\/#organization\"},\"potentialAction\":[{\"@type\":\"SearchAction\",\"target\":{\"@type\":\"EntryPoint\",\"urlTemplate\":\"https:\\\/\\\/diariodeloeste.com\\\/noticias\\\/?s={search_term_string}\"},\"query-input\":{\"@type\":\"PropertyValueSpecification\",\"valueRequired\":true,\"valueName\":\"search_term_string\"}}],\"inLanguage\":\"es-AR\"},{\"@type\":\"Organization\",\"@id\":\"https:\\\/\\\/diariodeloeste.com\\\/noticias\\\/#organization\",\"name\":\"Diario del Oeste\",\"url\":\"https:\\\/\\\/diariodeloeste.com\\\/noticias\\\/\",\"logo\":{\"@type\":\"ImageObject\",\"inLanguage\":\"es-AR\",\"@id\":\"https:\\\/\\\/diariodeloeste.com\\\/noticias\\\/#\\\/schema\\\/logo\\\/image\\\/\",\"url\":\"https:\\\/\\\/diariodeloeste.com\\\/noticias\\\/wp-content\\\/uploads\\\/2019\\\/04\\\/logo.png\",\"contentUrl\":\"https:\\\/\\\/diariodeloeste.com\\\/noticias\\\/wp-content\\\/uploads\\\/2019\\\/04\\\/logo.png\",\"width\":306,\"height\":145,\"caption\":\"Diario del Oeste\"},\"image\":{\"@id\":\"https:\\\/\\\/diariodeloeste.com\\\/noticias\\\/#\\\/schema\\\/logo\\\/image\\\/\"}},{\"@type\":\"Person\",\"@id\":\"https:\\\/\\\/diariodeloeste.com\\\/noticias\\\/#\\\/schema\\\/person\\\/1f7be965f8c093432e1cbfcee0ac4047\",\"name\":\"Redaccion\",\"image\":{\"@type\":\"ImageObject\",\"inLanguage\":\"es-AR\",\"@id\":\"https:\\\/\\\/secure.gravatar.com\\\/avatar\\\/f9bc3a12e26b32d818d88f9a5b61de20b559752e499df507efa7ea3cea0550ef?s=96&d=mm&r=g\",\"url\":\"https:\\\/\\\/secure.gravatar.com\\\/avatar\\\/f9bc3a12e26b32d818d88f9a5b61de20b559752e499df507efa7ea3cea0550ef?s=96&d=mm&r=g\",\"contentUrl\":\"https:\\\/\\\/secure.gravatar.com\\\/avatar\\\/f9bc3a12e26b32d818d88f9a5b61de20b559752e499df507efa7ea3cea0550ef?s=96&d=mm&r=g\",\"caption\":\"Redaccion\"},\"url\":\"https:\\\/\\\/diariodeloeste.com\\\/noticias\\\/author\\\/redaccion\\\/\"}]}<\/script>\n<!-- \/ Yoast SEO plugin. -->","yoast_head_json":{"title":"TALLER DE ENFERMER\u00cdA LEGAL EN EL HOSPITAL RUB\u00c9N CAPORALETTI DE JOS\u00c9 C. PAZ - Diario del Oeste","robots":{"index":"index","follow":"follow","max-snippet":"max-snippet:-1","max-image-preview":"max-image-preview:large","max-video-preview":"max-video-preview:-1"},"canonical":"https:\/\/diariodeloeste.com\/noticias\/2025\/10\/22\/taller-de-enfermeria-legal-en-el-hospital-ruben-caporaletti-de-jose-c-paz\/","og_locale":"es_ES","og_type":"article","og_title":"TALLER DE ENFERMER\u00cdA LEGAL EN EL HOSPITAL RUB\u00c9N CAPORALETTI DE JOS\u00c9 C. PAZ - Diario del Oeste","og_description":"Te mostramos las fotos del taller de Enfermer\u00eda Legal que se llev\u00f3 a cabo en el Hospital Caporaletti, ubicado en Av. Croacia 2312, #Jos\u00e9CPaz El taller cont\u00f3 con la presencia de la Dra \u00c1ngeles Pareo, abogada especializada en temas de salud, para el personal de enfermer\u00eda de dicho Hospital.","og_url":"https:\/\/diariodeloeste.com\/noticias\/2025\/10\/22\/taller-de-enfermeria-legal-en-el-hospital-ruben-caporaletti-de-jose-c-paz\/","og_site_name":"Diario del Oeste","article_published_time":"2025-10-22T22:25:11+00:00","og_image":[{"width":1280,"height":963,"url":"https:\/\/diariodeloeste.com\/noticias\/wp-content\/uploads\/2025\/10\/566218815_1133215928998020_2083075175757940004_n.jpg","type":"image\/jpeg"}],"author":"Redaccion","twitter_card":"summary_large_image","twitter_misc":{"Escrito por":"Redaccion","Tiempo de lectura":"1 minuto"},"schema":{"@context":"https:\/\/schema.org","@graph":[{"@type":"Article","@id":"https:\/\/diariodeloeste.com\/noticias\/2025\/10\/22\/taller-de-enfermeria-legal-en-el-hospital-ruben-caporaletti-de-jose-c-paz\/#article","isPartOf":{"@id":"https:\/\/diariodeloeste.com\/noticias\/2025\/10\/22\/taller-de-enfermeria-legal-en-el-hospital-ruben-caporaletti-de-jose-c-paz\/"},"author":{"name":"Redaccion","@id":"https:\/\/diariodeloeste.com\/noticias\/#\/schema\/person\/1f7be965f8c093432e1cbfcee0ac4047"},"headline":"TALLER DE ENFERMER\u00cdA LEGAL EN EL HOSPITAL RUB\u00c9N CAPORALETTI DE JOS\u00c9 C. PAZ","datePublished":"2025-10-22T22:25:11+00:00","mainEntityOfPage":{"@id":"https:\/\/diariodeloeste.com\/noticias\/2025\/10\/22\/taller-de-enfermeria-legal-en-el-hospital-ruben-caporaletti-de-jose-c-paz\/"},"wordCount":71,"publisher":{"@id":"https:\/\/diariodeloeste.com\/noticias\/#organization"},"image":{"@id":"https:\/\/diariodeloeste.com\/noticias\/2025\/10\/22\/taller-de-enfermeria-legal-en-el-hospital-ruben-caporaletti-de-jose-c-paz\/#primaryimage"},"thumbnailUrl":"https:\/\/diariodeloeste.com\/noticias\/wp-content\/uploads\/2025\/10\/566218815_1133215928998020_2083075175757940004_n.jpg","articleSection":["Salud"],"inLanguage":"es-AR"},{"@type":"WebPage","@id":"https:\/\/diariodeloeste.com\/noticias\/2025\/10\/22\/taller-de-enfermeria-legal-en-el-hospital-ruben-caporaletti-de-jose-c-paz\/","url":"https:\/\/diariodeloeste.com\/noticias\/2025\/10\/22\/taller-de-enfermeria-legal-en-el-hospital-ruben-caporaletti-de-jose-c-paz\/","name":"TALLER DE ENFERMER\u00cdA LEGAL EN EL HOSPITAL RUB\u00c9N CAPORALETTI DE JOS\u00c9 C. PAZ - Diario del Oeste","isPartOf":{"@id":"https:\/\/diariodeloeste.com\/noticias\/#website"},"primaryImageOfPage":{"@id":"https:\/\/diariodeloeste.com\/noticias\/2025\/10\/22\/taller-de-enfermeria-legal-en-el-hospital-ruben-caporaletti-de-jose-c-paz\/#primaryimage"},"image":{"@id":"https:\/\/diariodeloeste.com\/noticias\/2025\/10\/22\/taller-de-enfermeria-legal-en-el-hospital-ruben-caporaletti-de-jose-c-paz\/#primaryimage"},"thumbnailUrl":"https:\/\/diariodeloeste.com\/noticias\/wp-content\/uploads\/2025\/10\/566218815_1133215928998020_2083075175757940004_n.jpg","datePublished":"2025-10-22T22:25:11+00:00","breadcrumb":{"@id":"https:\/\/diariodeloeste.com\/noticias\/2025\/10\/22\/taller-de-enfermeria-legal-en-el-hospital-ruben-caporaletti-de-jose-c-paz\/#breadcrumb"},"inLanguage":"es-AR","potentialAction":[{"@type":"ReadAction","target":["https:\/\/diariodeloeste.com\/noticias\/2025\/10\/22\/taller-de-enfermeria-legal-en-el-hospital-ruben-caporaletti-de-jose-c-paz\/"]}]},{"@type":"ImageObject","inLanguage":"es-AR","@id":"https:\/\/diariodeloeste.com\/noticias\/2025\/10\/22\/taller-de-enfermeria-legal-en-el-hospital-ruben-caporaletti-de-jose-c-paz\/#primaryimage","url":"https:\/\/diariodeloeste.com\/noticias\/wp-content\/uploads\/2025\/10\/566218815_1133215928998020_2083075175757940004_n.jpg","contentUrl":"https:\/\/diariodeloeste.com\/noticias\/wp-content\/uploads\/2025\/10\/566218815_1133215928998020_2083075175757940004_n.jpg","width":1280,"height":963},{"@type":"BreadcrumbList","@id":"https:\/\/diariodeloeste.com\/noticias\/2025\/10\/22\/taller-de-enfermeria-legal-en-el-hospital-ruben-caporaletti-de-jose-c-paz\/#breadcrumb","itemListElement":[{"@type":"ListItem","position":1,"name":"Inicio","item":"https:\/\/diariodeloeste.com\/noticias\/"},{"@type":"ListItem","position":2,"name":"TALLER DE ENFERMER\u00cdA LEGAL EN EL HOSPITAL RUB\u00c9N CAPORALETTI DE JOS\u00c9 C. PAZ"}]},{"@type":"WebSite","@id":"https:\/\/diariodeloeste.com\/noticias\/#website","url":"https:\/\/diariodeloeste.com\/noticias\/","name":"Diario del Oeste","description":"Noticias del Oeste","publisher":{"@id":"https:\/\/diariodeloeste.com\/noticias\/#organization"},"potentialAction":[{"@type":"SearchAction","target":{"@type":"EntryPoint","urlTemplate":"https:\/\/diariodeloeste.com\/noticias\/?s={search_term_string}"},"query-input":{"@type":"PropertyValueSpecification","valueRequired":true,"valueName":"search_term_string"}}],"inLanguage":"es-AR"},{"@type":"Organization","@id":"https:\/\/diariodeloeste.com\/noticias\/#organization","name":"Diario del Oeste","url":"https:\/\/diariodeloeste.com\/noticias\/","logo":{"@type":"ImageObject","inLanguage":"es-AR","@id":"https:\/\/diariodeloeste.com\/noticias\/#\/schema\/logo\/image\/","url":"https:\/\/diariodeloeste.com\/noticias\/wp-content\/uploads\/2019\/04\/logo.png","contentUrl":"https:\/\/diariodeloeste.com\/noticias\/wp-content\/uploads\/2019\/04\/logo.png","width":306,"height":145,"caption":"Diario del Oeste"},"image":{"@id":"https:\/\/diariodeloeste.com\/noticias\/#\/schema\/logo\/image\/"}},{"@type":"Person","@id":"https:\/\/diariodeloeste.com\/noticias\/#\/schema\/person\/1f7be965f8c093432e1cbfcee0ac4047","name":"Redaccion","image":{"@type":"ImageObject","inLanguage":"es-AR","@id":"https:\/\/secure.gravatar.com\/avatar\/f9bc3a12e26b32d818d88f9a5b61de20b559752e499df507efa7ea3cea0550ef?s=96&d=mm&r=g","url":"https:\/\/secure.gravatar.com\/avatar\/f9bc3a12e26b32d818d88f9a5b61de20b559752e499df507efa7ea3cea0550ef?s=96&d=mm&r=g","contentUrl":"https:\/\/secure.gravatar.com\/avatar\/f9bc3a12e26b32d818d88f9a5b61de20b559752e499df507efa7ea3cea0550ef?s=96&d=mm&r=g","caption":"Redaccion"},"url":"https:\/\/diariodeloeste.com\/noticias\/author\/redaccion\/"}]}},"_links":{"self":[{"href":"https:\/\/diariodeloeste.com\/noticias\/wp-json\/wp\/v2\/posts\/15358","targetHints":{"allow":["GET"]}}],"collection":[{"href":"https:\/\/diariodeloeste.com\/noticias\/wp-json\/wp\/v2\/posts"}],"about":[{"href":"https:\/\/diariodeloeste.com\/noticias\/wp-json\/wp\/v2\/types\/post"}],"author":[{"embeddable":true,"href":"https:\/\/diariodeloeste.com\/noticias\/wp-json\/wp\/v2\/users\/3"}],"replies":[{"embeddable":true,"href":"https:\/\/diariodeloeste.com\/noticias\/wp-json\/wp\/v2\/comments?post=15358"}],"version-history":[{"count":1,"href":"https:\/\/diariodeloeste.com\/noticias\/wp-json\/wp\/v2\/posts\/15358\/revisions"}],"predecessor-version":[{"id":15361,"href":"https:\/\/diariodeloeste.com\/noticias\/wp-json\/wp\/v2\/posts\/15358\/revisions\/15361"}],"wp:featuredmedia":[{"embeddable":true,"href":"https:\/\/diariodeloeste.com\/noticias\/wp-json\/wp\/v2\/media\/15359"}],"wp:attachment":[{"href":"https:\/\/diariodeloeste.com\/noticias\/wp-json\/wp\/v2\/media?parent=15358"}],"wp:term":[{"taxonomy":"category","embeddable":true,"href":"https:\/\/diariodeloeste.com\/noticias\/wp-json\/wp\/v2\/categories?post=15358"},{"taxonomy":"post_tag","embeddable":true,"href":"https:\/\/diariodeloeste.com\/noticias\/wp-json\/wp\/v2\/tags?post=15358"}],"curies":[{"name":"wp","href":"https:\/\/api.w.org\/{rel}","templated":true}]}}