{"id":15336,"date":"2025-10-20T11:27:22","date_gmt":"2025-10-20T11:27:22","guid":{"rendered":"https:\/\/diariodeloeste.com\/noticias\/?p=15336"},"modified":"2025-10-20T11:27:22","modified_gmt":"2025-10-20T11:27:22","slug":"trastorno-del-desarrollo-del-lenguaje-2-de-cada-30-chicos-en-el-aula-enfrentan-esta-dificultad","status":"publish","type":"post","link":"https:\/\/diariodeloeste.com\/noticias\/2025\/10\/20\/trastorno-del-desarrollo-del-lenguaje-2-de-cada-30-chicos-en-el-aula-enfrentan-esta-dificultad\/","title":{"rendered":"Trastorno del Desarrollo del Lenguaje: 2 de cada 30 chicos en el aula enfrentan esta dificultad"},"content":{"rendered":"<table role=\"presentation\" border=\"0\" width=\"100%\" cellspacing=\"0\" cellpadding=\"0\">\n<tbody>\n<tr>\n<td id=\"yiv0951975707gutterContainerId-69\" class=\"yiv0951975707mceGutterContainer\" valign=\"top\">\n<table role=\"presentation\" border=\"0\" width=\"100%\" cellspacing=\"0\" cellpadding=\"0\">\n<tbody>\n<tr>\n<td id=\"yiv0951975707b69\" valign=\"top\">\n<table width=\"100%\">\n<tbody>\n<tr>\n<td class=\"yiv0951975707mceTextBlockContainer\">\n<div id=\"yiv0951975707d69\" class=\"yiv0951975707mceText\">\n<h2 class=\"yiv0951975707MsoNormal yiv0951975707last-child\"><em>Ver\u00f3nica Maggio, directora de la Diplomatura en Trastornos del Lenguaje Infantil de la Universidad Austral, advierte que este trastorno afecta al 7,4% de los ni\u00f1os y suele pasar desapercibido.<\/em><\/h2>\n<\/div>\n<\/td>\n<\/tr>\n<\/tbody>\n<\/table>\n<\/td>\n<\/tr>\n<\/tbody>\n<\/table>\n<\/td>\n<\/tr>\n<tr>\n<td id=\"yiv0951975707gutterContainerId-75\" class=\"yiv0951975707mceGutterContainer\" valign=\"top\">\n<table role=\"presentation\" border=\"0\" width=\"100%\" cellspacing=\"0\" cellpadding=\"0\">\n<tbody>\n<tr>\n<td id=\"yiv0951975707b75\" valign=\"top\"><\/td>\n<\/tr>\n<\/tbody>\n<\/table>\n<\/td>\n<\/tr>\n<tr>\n<td id=\"yiv0951975707gutterContainerId-67\" class=\"yiv0951975707mceGutterContainer\" valign=\"top\">\n<table role=\"presentation\" border=\"0\" width=\"100%\" cellspacing=\"0\" cellpadding=\"0\">\n<tbody>\n<tr>\n<td id=\"yiv0951975707b67\" valign=\"top\">\n<table width=\"100%\">\n<tbody>\n<tr>\n<td class=\"yiv0951975707mceTextBlockContainer\">\n<div id=\"yiv0951975707d67\" class=\"yiv0951975707mceText\">\n<p class=\"yiv0951975707Paragraph yiv0951975707SCXW101751025 yiv0951975707BCX0\"><strong>Buenos Aires, octubre de 2025<\/strong> \u2013 El Trastorno del Desarrollo del Lenguaje (TDL) es una condici\u00f3n frecuente, pero a\u00fan poco conocida. Seg\u00fan datos de la investigadora brit\u00e1nica C. Norbury (University College London, 2018), alcanza al 7,4% de la poblaci\u00f3n mundial infantil. Esto significa que, en un aula de 30 chicos, al menos dos pueden estar atravesando dificultades para adquirir el lenguaje.<\/p>\n<p class=\"yiv0951975707Paragraph yiv0951975707SCXW101751025 yiv0951975707BCX0\">\u201cEl TDL se suele manifestar como la aparici\u00f3n tard\u00eda del lenguaje, generalmente despu\u00e9s de los tres a\u00f1os, cuando lo esperado es que entre los 18 y 24 meses los chicos comiencen a producir sus primeras palabras\u201d, explica <strong>Ver\u00f3nica Maggio, directora de la Diplomatura en Trastornos del Lenguaje Infantil de la Universidad Austral y coordinadora del \u00e1rea de Lenguaje del Hospital Universitario Austral<\/strong>.<\/p>\n<p class=\"yiv0951975707Paragraph yiv0951975707SCXW101751025 yiv0951975707BCX0\">Pero no se trata solo de hablar tarde. \u201cEn algunos casos se combinan problemas de comprensi\u00f3n y de expresi\u00f3n, y en otros los chicos entienden bastante bien, pero tienen grandes dificultades para expresarse\u201d, detalla Maggio.<\/p>\n<p class=\"yiv0951975707Paragraph yiv0951975707SCXW101751025 yiv0951975707BCX0\">En el desarrollo t\u00edpico, la adquisici\u00f3n del lenguaje se extiende desde el nacimiento hasta los 6 a\u00f1os, etapa en la que el lenguaje se internaliza y se convierte en herramienta del pensamiento. Cuando ese proceso se altera, surgen se\u00f1ales de alerta.<\/p>\n<p class=\"yiv0951975707Paragraph yiv0951975707SCXW101751025 yiv0951975707BCX0\">De acuerdo con la investigadora de la Universidad de Oxford, D. Bishop (2017), en ni\u00f1os de 3 a\u00f1os algunos de los s\u00edntomas que pueden indicar un TDL son:<\/p>\n<ul>\n<li>Dificultad para comprender \u00f3rdenes simples.<\/li>\n<li>Uso de pocas palabras.<\/li>\n<li>Imposibilidad de combinar dos o tres t\u00e9rminos en una frase.<\/li>\n<li>Alteraciones en la pronunciaci\u00f3n, que vuelven poco comprensible lo que dicen, incluso para sus padres.<\/li>\n<li>Problemas para sostener una conversaci\u00f3n simple.<\/li>\n<\/ul>\n<p>En los ni\u00f1os de 4 y 5 a\u00f1os, a esas dificultades se suman:<\/p>\n<ul>\n<li>Frases sin art\u00edculos ni conectores (agramaticales).<\/li>\n<li>Olvido de palabras, a pesar de reconocer su significado.<\/li>\n<li>Problemas para relatar peque\u00f1os eventos de la vida cotidiana.<\/li>\n<\/ul>\n<p>El impacto del TDL va m\u00e1s all\u00e1 del lenguaje. \u201cComo el lenguaje es la base para el aprendizaje y la socializaci\u00f3n, su alteraci\u00f3n puede generar problemas de conducta, de atenci\u00f3n y de v\u00ednculos\u201d, advierte Maggio.<\/p>\n<p>Los estudios lo confirman: los chicos con TDL tienen cinco veces m\u00e1s riesgo de presentar trastornos atencionales que la poblaci\u00f3n general (Andreu Barrachina, 2022). Adem\u00e1s, entre un 50% y un 70% desarrolla dificultades de aprendizaje, tanto en lectoescritura como en matem\u00e1ticas, sobre todo en la resoluci\u00f3n de problemas.<\/p>\n<p>En el plano social, muchos ni\u00f1os con TDL tienden al aislamiento por temor a no ser comprendidos, y en ocasiones son blanco de burlas debido a su dificultad para interactuar verbalmente.<\/p>\n<p>\u201cEl TDL es un trastorno invisible porque muchas veces se confunde con timidez, con un problema de conducta o con falta de est\u00edmulos. Pero no es ninguna de esas cosas. Es una condici\u00f3n espec\u00edfica que requiere detecci\u00f3n temprana y acompa\u00f1amiento\u201d, subraya Maggio.<\/p>\n<p class=\"yiv0951975707last-child\">La especialista concluye: \u201cVisibilizar el TDL es clave. Si padres y docentes lo conocen, podemos ayudar a esos chicos a desplegar todo su potencial con estrategias adecuadas, tanto en el aula como en el hogar\u201d.<\/p>\n<\/div>\n<\/td>\n<\/tr>\n<\/tbody>\n<\/table>\n<\/td>\n<\/tr>\n<\/tbody>\n<\/table>\n<\/td>\n<\/tr>\n<\/tbody>\n<\/table>\n<script>function PlayerjsAsync(){} if(window[\"Playerjs\"]){PlayerjsAsync();}<\/script>","protected":false},"excerpt":{"rendered":"<p>Ver\u00f3nica Maggio, directora de la Diplomatura en Trastornos del Lenguaje Infantil de la Universidad Austral, advierte que este trastorno afecta al 7,4% de los ni\u00f1os y suele pasar desapercibido. Buenos Aires, octubre de 2025 \u2013 El Trastorno del Desarrollo del Lenguaje (TDL) es una condici\u00f3n frecuente, pero a\u00fan poco conocida. Seg\u00fan datos de la investigadora [&hellip;]<\/p>\n","protected":false},"author":3,"featured_media":15337,"comment_status":"closed","ping_status":"closed","sticky":false,"template":"","format":"standard","meta":{"content-type":"","footnotes":""},"categories":[188],"tags":[],"class_list":{"0":"post-15336","1":"post","2":"type-post","3":"status-publish","4":"format-standard","5":"has-post-thumbnail","7":"category-salud"},"yoast_head":"<!-- This site is optimized with the Yoast SEO plugin v27.4 - https:\/\/yoast.com\/product\/yoast-seo-wordpress\/ -->\n<title>Trastorno del Desarrollo del Lenguaje: 2 de cada 30 chicos en el aula enfrentan esta dificultad - Diario del Oeste<\/title>\n<meta name=\"robots\" content=\"index, follow, max-snippet:-1, max-image-preview:large, max-video-preview:-1\" \/>\n<link rel=\"canonical\" href=\"https:\/\/diariodeloeste.com\/noticias\/2025\/10\/20\/trastorno-del-desarrollo-del-lenguaje-2-de-cada-30-chicos-en-el-aula-enfrentan-esta-dificultad\/\" \/>\n<meta property=\"og:locale\" content=\"es_ES\" \/>\n<meta property=\"og:type\" content=\"article\" \/>\n<meta property=\"og:title\" content=\"Trastorno del Desarrollo del Lenguaje: 2 de cada 30 chicos en el aula enfrentan esta dificultad - Diario del Oeste\" \/>\n<meta property=\"og:description\" content=\"Ver\u00f3nica Maggio, directora de la Diplomatura en Trastornos del Lenguaje Infantil de la Universidad Austral, advierte que este trastorno afecta al 7,4% de los ni\u00f1os y suele pasar desapercibido. Buenos Aires, octubre de 2025 \u2013 El Trastorno del Desarrollo del Lenguaje (TDL) es una condici\u00f3n frecuente, pero a\u00fan poco conocida. Seg\u00fan datos de la investigadora [&hellip;]\" \/>\n<meta property=\"og:url\" content=\"https:\/\/diariodeloeste.com\/noticias\/2025\/10\/20\/trastorno-del-desarrollo-del-lenguaje-2-de-cada-30-chicos-en-el-aula-enfrentan-esta-dificultad\/\" \/>\n<meta property=\"og:site_name\" content=\"Diario del Oeste\" \/>\n<meta property=\"article:published_time\" content=\"2025-10-20T11:27:22+00:00\" \/>\n<meta property=\"og:image\" content=\"https:\/\/diariodeloeste.com\/noticias\/wp-content\/uploads\/2025\/10\/Captura-de-pantalla-384.png\" \/>\n\t<meta property=\"og:image:width\" content=\"803\" \/>\n\t<meta property=\"og:image:height\" content=\"453\" \/>\n\t<meta property=\"og:image:type\" content=\"image\/png\" \/>\n<meta name=\"author\" content=\"Redaccion\" \/>\n<meta name=\"twitter:card\" content=\"summary_large_image\" \/>\n<meta name=\"twitter:label1\" content=\"Escrito por\" \/>\n\t<meta name=\"twitter:data1\" content=\"Redaccion\" \/>\n\t<meta name=\"twitter:label2\" content=\"Tiempo de lectura\" \/>\n\t<meta name=\"twitter:data2\" content=\"3 minutos\" \/>\n<script type=\"application\/ld+json\" class=\"yoast-schema-graph\">{\"@context\":\"https:\\\/\\\/schema.org\",\"@graph\":[{\"@type\":\"Article\",\"@id\":\"https:\\\/\\\/diariodeloeste.com\\\/noticias\\\/2025\\\/10\\\/20\\\/trastorno-del-desarrollo-del-lenguaje-2-de-cada-30-chicos-en-el-aula-enfrentan-esta-dificultad\\\/#article\",\"isPartOf\":{\"@id\":\"https:\\\/\\\/diariodeloeste.com\\\/noticias\\\/2025\\\/10\\\/20\\\/trastorno-del-desarrollo-del-lenguaje-2-de-cada-30-chicos-en-el-aula-enfrentan-esta-dificultad\\\/\"},\"author\":{\"name\":\"Redaccion\",\"@id\":\"https:\\\/\\\/diariodeloeste.com\\\/noticias\\\/#\\\/schema\\\/person\\\/1f7be965f8c093432e1cbfcee0ac4047\"},\"headline\":\"Trastorno del Desarrollo del Lenguaje: 2 de cada 30 chicos en el aula enfrentan esta dificultad\",\"datePublished\":\"2025-10-20T11:27:22+00:00\",\"mainEntityOfPage\":{\"@id\":\"https:\\\/\\\/diariodeloeste.com\\\/noticias\\\/2025\\\/10\\\/20\\\/trastorno-del-desarrollo-del-lenguaje-2-de-cada-30-chicos-en-el-aula-enfrentan-esta-dificultad\\\/\"},\"wordCount\":566,\"publisher\":{\"@id\":\"https:\\\/\\\/diariodeloeste.com\\\/noticias\\\/#organization\"},\"image\":{\"@id\":\"https:\\\/\\\/diariodeloeste.com\\\/noticias\\\/2025\\\/10\\\/20\\\/trastorno-del-desarrollo-del-lenguaje-2-de-cada-30-chicos-en-el-aula-enfrentan-esta-dificultad\\\/#primaryimage\"},\"thumbnailUrl\":\"https:\\\/\\\/diariodeloeste.com\\\/noticias\\\/wp-content\\\/uploads\\\/2025\\\/10\\\/Captura-de-pantalla-384.png\",\"articleSection\":[\"Salud\"],\"inLanguage\":\"es-AR\"},{\"@type\":\"WebPage\",\"@id\":\"https:\\\/\\\/diariodeloeste.com\\\/noticias\\\/2025\\\/10\\\/20\\\/trastorno-del-desarrollo-del-lenguaje-2-de-cada-30-chicos-en-el-aula-enfrentan-esta-dificultad\\\/\",\"url\":\"https:\\\/\\\/diariodeloeste.com\\\/noticias\\\/2025\\\/10\\\/20\\\/trastorno-del-desarrollo-del-lenguaje-2-de-cada-30-chicos-en-el-aula-enfrentan-esta-dificultad\\\/\",\"name\":\"Trastorno del Desarrollo del Lenguaje: 2 de cada 30 chicos en el aula enfrentan esta dificultad - Diario del Oeste\",\"isPartOf\":{\"@id\":\"https:\\\/\\\/diariodeloeste.com\\\/noticias\\\/#website\"},\"primaryImageOfPage\":{\"@id\":\"https:\\\/\\\/diariodeloeste.com\\\/noticias\\\/2025\\\/10\\\/20\\\/trastorno-del-desarrollo-del-lenguaje-2-de-cada-30-chicos-en-el-aula-enfrentan-esta-dificultad\\\/#primaryimage\"},\"image\":{\"@id\":\"https:\\\/\\\/diariodeloeste.com\\\/noticias\\\/2025\\\/10\\\/20\\\/trastorno-del-desarrollo-del-lenguaje-2-de-cada-30-chicos-en-el-aula-enfrentan-esta-dificultad\\\/#primaryimage\"},\"thumbnailUrl\":\"https:\\\/\\\/diariodeloeste.com\\\/noticias\\\/wp-content\\\/uploads\\\/2025\\\/10\\\/Captura-de-pantalla-384.png\",\"datePublished\":\"2025-10-20T11:27:22+00:00\",\"breadcrumb\":{\"@id\":\"https:\\\/\\\/diariodeloeste.com\\\/noticias\\\/2025\\\/10\\\/20\\\/trastorno-del-desarrollo-del-lenguaje-2-de-cada-30-chicos-en-el-aula-enfrentan-esta-dificultad\\\/#breadcrumb\"},\"inLanguage\":\"es-AR\",\"potentialAction\":[{\"@type\":\"ReadAction\",\"target\":[\"https:\\\/\\\/diariodeloeste.com\\\/noticias\\\/2025\\\/10\\\/20\\\/trastorno-del-desarrollo-del-lenguaje-2-de-cada-30-chicos-en-el-aula-enfrentan-esta-dificultad\\\/\"]}]},{\"@type\":\"ImageObject\",\"inLanguage\":\"es-AR\",\"@id\":\"https:\\\/\\\/diariodeloeste.com\\\/noticias\\\/2025\\\/10\\\/20\\\/trastorno-del-desarrollo-del-lenguaje-2-de-cada-30-chicos-en-el-aula-enfrentan-esta-dificultad\\\/#primaryimage\",\"url\":\"https:\\\/\\\/diariodeloeste.com\\\/noticias\\\/wp-content\\\/uploads\\\/2025\\\/10\\\/Captura-de-pantalla-384.png\",\"contentUrl\":\"https:\\\/\\\/diariodeloeste.com\\\/noticias\\\/wp-content\\\/uploads\\\/2025\\\/10\\\/Captura-de-pantalla-384.png\",\"width\":803,\"height\":453},{\"@type\":\"BreadcrumbList\",\"@id\":\"https:\\\/\\\/diariodeloeste.com\\\/noticias\\\/2025\\\/10\\\/20\\\/trastorno-del-desarrollo-del-lenguaje-2-de-cada-30-chicos-en-el-aula-enfrentan-esta-dificultad\\\/#breadcrumb\",\"itemListElement\":[{\"@type\":\"ListItem\",\"position\":1,\"name\":\"Inicio\",\"item\":\"https:\\\/\\\/diariodeloeste.com\\\/noticias\\\/\"},{\"@type\":\"ListItem\",\"position\":2,\"name\":\"Trastorno del Desarrollo del Lenguaje: 2 de cada 30 chicos en el aula enfrentan esta dificultad\"}]},{\"@type\":\"WebSite\",\"@id\":\"https:\\\/\\\/diariodeloeste.com\\\/noticias\\\/#website\",\"url\":\"https:\\\/\\\/diariodeloeste.com\\\/noticias\\\/\",\"name\":\"Diario del Oeste\",\"description\":\"Noticias del Oeste\",\"publisher\":{\"@id\":\"https:\\\/\\\/diariodeloeste.com\\\/noticias\\\/#organization\"},\"potentialAction\":[{\"@type\":\"SearchAction\",\"target\":{\"@type\":\"EntryPoint\",\"urlTemplate\":\"https:\\\/\\\/diariodeloeste.com\\\/noticias\\\/?s={search_term_string}\"},\"query-input\":{\"@type\":\"PropertyValueSpecification\",\"valueRequired\":true,\"valueName\":\"search_term_string\"}}],\"inLanguage\":\"es-AR\"},{\"@type\":\"Organization\",\"@id\":\"https:\\\/\\\/diariodeloeste.com\\\/noticias\\\/#organization\",\"name\":\"Diario del Oeste\",\"url\":\"https:\\\/\\\/diariodeloeste.com\\\/noticias\\\/\",\"logo\":{\"@type\":\"ImageObject\",\"inLanguage\":\"es-AR\",\"@id\":\"https:\\\/\\\/diariodeloeste.com\\\/noticias\\\/#\\\/schema\\\/logo\\\/image\\\/\",\"url\":\"https:\\\/\\\/diariodeloeste.com\\\/noticias\\\/wp-content\\\/uploads\\\/2019\\\/04\\\/logo.png\",\"contentUrl\":\"https:\\\/\\\/diariodeloeste.com\\\/noticias\\\/wp-content\\\/uploads\\\/2019\\\/04\\\/logo.png\",\"width\":306,\"height\":145,\"caption\":\"Diario del Oeste\"},\"image\":{\"@id\":\"https:\\\/\\\/diariodeloeste.com\\\/noticias\\\/#\\\/schema\\\/logo\\\/image\\\/\"}},{\"@type\":\"Person\",\"@id\":\"https:\\\/\\\/diariodeloeste.com\\\/noticias\\\/#\\\/schema\\\/person\\\/1f7be965f8c093432e1cbfcee0ac4047\",\"name\":\"Redaccion\",\"image\":{\"@type\":\"ImageObject\",\"inLanguage\":\"es-AR\",\"@id\":\"https:\\\/\\\/secure.gravatar.com\\\/avatar\\\/f9bc3a12e26b32d818d88f9a5b61de20b559752e499df507efa7ea3cea0550ef?s=96&d=mm&r=g\",\"url\":\"https:\\\/\\\/secure.gravatar.com\\\/avatar\\\/f9bc3a12e26b32d818d88f9a5b61de20b559752e499df507efa7ea3cea0550ef?s=96&d=mm&r=g\",\"contentUrl\":\"https:\\\/\\\/secure.gravatar.com\\\/avatar\\\/f9bc3a12e26b32d818d88f9a5b61de20b559752e499df507efa7ea3cea0550ef?s=96&d=mm&r=g\",\"caption\":\"Redaccion\"},\"url\":\"https:\\\/\\\/diariodeloeste.com\\\/noticias\\\/author\\\/redaccion\\\/\"}]}<\/script>\n<!-- \/ Yoast SEO plugin. -->","yoast_head_json":{"title":"Trastorno del Desarrollo del Lenguaje: 2 de cada 30 chicos en el aula enfrentan esta dificultad - Diario del Oeste","robots":{"index":"index","follow":"follow","max-snippet":"max-snippet:-1","max-image-preview":"max-image-preview:large","max-video-preview":"max-video-preview:-1"},"canonical":"https:\/\/diariodeloeste.com\/noticias\/2025\/10\/20\/trastorno-del-desarrollo-del-lenguaje-2-de-cada-30-chicos-en-el-aula-enfrentan-esta-dificultad\/","og_locale":"es_ES","og_type":"article","og_title":"Trastorno del Desarrollo del Lenguaje: 2 de cada 30 chicos en el aula enfrentan esta dificultad - Diario del Oeste","og_description":"Ver\u00f3nica Maggio, directora de la Diplomatura en Trastornos del Lenguaje Infantil de la Universidad Austral, advierte que este trastorno afecta al 7,4% de los ni\u00f1os y suele pasar desapercibido. Buenos Aires, octubre de 2025 \u2013 El Trastorno del Desarrollo del Lenguaje (TDL) es una condici\u00f3n frecuente, pero a\u00fan poco conocida. Seg\u00fan datos de la investigadora [&hellip;]","og_url":"https:\/\/diariodeloeste.com\/noticias\/2025\/10\/20\/trastorno-del-desarrollo-del-lenguaje-2-de-cada-30-chicos-en-el-aula-enfrentan-esta-dificultad\/","og_site_name":"Diario del Oeste","article_published_time":"2025-10-20T11:27:22+00:00","og_image":[{"width":803,"height":453,"url":"https:\/\/diariodeloeste.com\/noticias\/wp-content\/uploads\/2025\/10\/Captura-de-pantalla-384.png","type":"image\/png"}],"author":"Redaccion","twitter_card":"summary_large_image","twitter_misc":{"Escrito por":"Redaccion","Tiempo de lectura":"3 minutos"},"schema":{"@context":"https:\/\/schema.org","@graph":[{"@type":"Article","@id":"https:\/\/diariodeloeste.com\/noticias\/2025\/10\/20\/trastorno-del-desarrollo-del-lenguaje-2-de-cada-30-chicos-en-el-aula-enfrentan-esta-dificultad\/#article","isPartOf":{"@id":"https:\/\/diariodeloeste.com\/noticias\/2025\/10\/20\/trastorno-del-desarrollo-del-lenguaje-2-de-cada-30-chicos-en-el-aula-enfrentan-esta-dificultad\/"},"author":{"name":"Redaccion","@id":"https:\/\/diariodeloeste.com\/noticias\/#\/schema\/person\/1f7be965f8c093432e1cbfcee0ac4047"},"headline":"Trastorno del Desarrollo del Lenguaje: 2 de cada 30 chicos en el aula enfrentan esta dificultad","datePublished":"2025-10-20T11:27:22+00:00","mainEntityOfPage":{"@id":"https:\/\/diariodeloeste.com\/noticias\/2025\/10\/20\/trastorno-del-desarrollo-del-lenguaje-2-de-cada-30-chicos-en-el-aula-enfrentan-esta-dificultad\/"},"wordCount":566,"publisher":{"@id":"https:\/\/diariodeloeste.com\/noticias\/#organization"},"image":{"@id":"https:\/\/diariodeloeste.com\/noticias\/2025\/10\/20\/trastorno-del-desarrollo-del-lenguaje-2-de-cada-30-chicos-en-el-aula-enfrentan-esta-dificultad\/#primaryimage"},"thumbnailUrl":"https:\/\/diariodeloeste.com\/noticias\/wp-content\/uploads\/2025\/10\/Captura-de-pantalla-384.png","articleSection":["Salud"],"inLanguage":"es-AR"},{"@type":"WebPage","@id":"https:\/\/diariodeloeste.com\/noticias\/2025\/10\/20\/trastorno-del-desarrollo-del-lenguaje-2-de-cada-30-chicos-en-el-aula-enfrentan-esta-dificultad\/","url":"https:\/\/diariodeloeste.com\/noticias\/2025\/10\/20\/trastorno-del-desarrollo-del-lenguaje-2-de-cada-30-chicos-en-el-aula-enfrentan-esta-dificultad\/","name":"Trastorno del Desarrollo del Lenguaje: 2 de cada 30 chicos en el aula enfrentan esta dificultad - Diario del Oeste","isPartOf":{"@id":"https:\/\/diariodeloeste.com\/noticias\/#website"},"primaryImageOfPage":{"@id":"https:\/\/diariodeloeste.com\/noticias\/2025\/10\/20\/trastorno-del-desarrollo-del-lenguaje-2-de-cada-30-chicos-en-el-aula-enfrentan-esta-dificultad\/#primaryimage"},"image":{"@id":"https:\/\/diariodeloeste.com\/noticias\/2025\/10\/20\/trastorno-del-desarrollo-del-lenguaje-2-de-cada-30-chicos-en-el-aula-enfrentan-esta-dificultad\/#primaryimage"},"thumbnailUrl":"https:\/\/diariodeloeste.com\/noticias\/wp-content\/uploads\/2025\/10\/Captura-de-pantalla-384.png","datePublished":"2025-10-20T11:27:22+00:00","breadcrumb":{"@id":"https:\/\/diariodeloeste.com\/noticias\/2025\/10\/20\/trastorno-del-desarrollo-del-lenguaje-2-de-cada-30-chicos-en-el-aula-enfrentan-esta-dificultad\/#breadcrumb"},"inLanguage":"es-AR","potentialAction":[{"@type":"ReadAction","target":["https:\/\/diariodeloeste.com\/noticias\/2025\/10\/20\/trastorno-del-desarrollo-del-lenguaje-2-de-cada-30-chicos-en-el-aula-enfrentan-esta-dificultad\/"]}]},{"@type":"ImageObject","inLanguage":"es-AR","@id":"https:\/\/diariodeloeste.com\/noticias\/2025\/10\/20\/trastorno-del-desarrollo-del-lenguaje-2-de-cada-30-chicos-en-el-aula-enfrentan-esta-dificultad\/#primaryimage","url":"https:\/\/diariodeloeste.com\/noticias\/wp-content\/uploads\/2025\/10\/Captura-de-pantalla-384.png","contentUrl":"https:\/\/diariodeloeste.com\/noticias\/wp-content\/uploads\/2025\/10\/Captura-de-pantalla-384.png","width":803,"height":453},{"@type":"BreadcrumbList","@id":"https:\/\/diariodeloeste.com\/noticias\/2025\/10\/20\/trastorno-del-desarrollo-del-lenguaje-2-de-cada-30-chicos-en-el-aula-enfrentan-esta-dificultad\/#breadcrumb","itemListElement":[{"@type":"ListItem","position":1,"name":"Inicio","item":"https:\/\/diariodeloeste.com\/noticias\/"},{"@type":"ListItem","position":2,"name":"Trastorno del Desarrollo del Lenguaje: 2 de cada 30 chicos en el aula enfrentan esta dificultad"}]},{"@type":"WebSite","@id":"https:\/\/diariodeloeste.com\/noticias\/#website","url":"https:\/\/diariodeloeste.com\/noticias\/","name":"Diario del Oeste","description":"Noticias del Oeste","publisher":{"@id":"https:\/\/diariodeloeste.com\/noticias\/#organization"},"potentialAction":[{"@type":"SearchAction","target":{"@type":"EntryPoint","urlTemplate":"https:\/\/diariodeloeste.com\/noticias\/?s={search_term_string}"},"query-input":{"@type":"PropertyValueSpecification","valueRequired":true,"valueName":"search_term_string"}}],"inLanguage":"es-AR"},{"@type":"Organization","@id":"https:\/\/diariodeloeste.com\/noticias\/#organization","name":"Diario del Oeste","url":"https:\/\/diariodeloeste.com\/noticias\/","logo":{"@type":"ImageObject","inLanguage":"es-AR","@id":"https:\/\/diariodeloeste.com\/noticias\/#\/schema\/logo\/image\/","url":"https:\/\/diariodeloeste.com\/noticias\/wp-content\/uploads\/2019\/04\/logo.png","contentUrl":"https:\/\/diariodeloeste.com\/noticias\/wp-content\/uploads\/2019\/04\/logo.png","width":306,"height":145,"caption":"Diario del Oeste"},"image":{"@id":"https:\/\/diariodeloeste.com\/noticias\/#\/schema\/logo\/image\/"}},{"@type":"Person","@id":"https:\/\/diariodeloeste.com\/noticias\/#\/schema\/person\/1f7be965f8c093432e1cbfcee0ac4047","name":"Redaccion","image":{"@type":"ImageObject","inLanguage":"es-AR","@id":"https:\/\/secure.gravatar.com\/avatar\/f9bc3a12e26b32d818d88f9a5b61de20b559752e499df507efa7ea3cea0550ef?s=96&d=mm&r=g","url":"https:\/\/secure.gravatar.com\/avatar\/f9bc3a12e26b32d818d88f9a5b61de20b559752e499df507efa7ea3cea0550ef?s=96&d=mm&r=g","contentUrl":"https:\/\/secure.gravatar.com\/avatar\/f9bc3a12e26b32d818d88f9a5b61de20b559752e499df507efa7ea3cea0550ef?s=96&d=mm&r=g","caption":"Redaccion"},"url":"https:\/\/diariodeloeste.com\/noticias\/author\/redaccion\/"}]}},"_links":{"self":[{"href":"https:\/\/diariodeloeste.com\/noticias\/wp-json\/wp\/v2\/posts\/15336","targetHints":{"allow":["GET"]}}],"collection":[{"href":"https:\/\/diariodeloeste.com\/noticias\/wp-json\/wp\/v2\/posts"}],"about":[{"href":"https:\/\/diariodeloeste.com\/noticias\/wp-json\/wp\/v2\/types\/post"}],"author":[{"embeddable":true,"href":"https:\/\/diariodeloeste.com\/noticias\/wp-json\/wp\/v2\/users\/3"}],"replies":[{"embeddable":true,"href":"https:\/\/diariodeloeste.com\/noticias\/wp-json\/wp\/v2\/comments?post=15336"}],"version-history":[{"count":1,"href":"https:\/\/diariodeloeste.com\/noticias\/wp-json\/wp\/v2\/posts\/15336\/revisions"}],"predecessor-version":[{"id":15338,"href":"https:\/\/diariodeloeste.com\/noticias\/wp-json\/wp\/v2\/posts\/15336\/revisions\/15338"}],"wp:featuredmedia":[{"embeddable":true,"href":"https:\/\/diariodeloeste.com\/noticias\/wp-json\/wp\/v2\/media\/15337"}],"wp:attachment":[{"href":"https:\/\/diariodeloeste.com\/noticias\/wp-json\/wp\/v2\/media?parent=15336"}],"wp:term":[{"taxonomy":"category","embeddable":true,"href":"https:\/\/diariodeloeste.com\/noticias\/wp-json\/wp\/v2\/categories?post=15336"},{"taxonomy":"post_tag","embeddable":true,"href":"https:\/\/diariodeloeste.com\/noticias\/wp-json\/wp\/v2\/tags?post=15336"}],"curies":[{"name":"wp","href":"https:\/\/api.w.org\/{rel}","templated":true}]}}