{"id":15330,"date":"2025-10-20T10:40:48","date_gmt":"2025-10-20T10:40:48","guid":{"rendered":"https:\/\/diariodeloeste.com\/noticias\/?p=15330"},"modified":"2025-10-20T10:40:48","modified_gmt":"2025-10-20T10:40:48","slug":"nardini-compartio-junto-a-teresa-garcia-una-jornada-de-compromiso-y-militancia","status":"publish","type":"post","link":"https:\/\/diariodeloeste.com\/noticias\/2025\/10\/20\/nardini-compartio-junto-a-teresa-garcia-una-jornada-de-compromiso-y-militancia\/","title":{"rendered":"Nardini comparti\u00f3 junto a Teresa Garc\u00eda una jornada de compromiso y militancia"},"content":{"rendered":"<div id='gallery-1' class='gallery galleryid-15330 gallery-columns-3 gallery-size-large'><figure class='gallery-item'>\n\t\t\t<div class='gallery-icon landscape'>\n\t\t\t\t<a href='https:\/\/diariodeloeste.com\/noticias\/2025\/10\/20\/nardini-compartio-junto-a-teresa-garcia-una-jornada-de-compromiso-y-militancia\/whatsapp-image-2025-10-19-at-6-48-25-pm\/'><img loading=\"lazy\" loading=\"lazy\" decoding=\"async\" width=\"1024\" height=\"683\" src=\"https:\/\/diariodeloeste.com\/noticias\/wp-content\/uploads\/2025\/10\/WhatsApp-Image-2025-10-19-at-6.48.25-PM-1024x683.jpeg\" class=\"attachment-large size-large\" alt=\"\" \/><\/a>\n\t\t\t<\/div><\/figure><figure class='gallery-item'>\n\t\t\t<div class='gallery-icon landscape'>\n\t\t\t\t<a href='https:\/\/diariodeloeste.com\/noticias\/2025\/10\/20\/nardini-compartio-junto-a-teresa-garcia-una-jornada-de-compromiso-y-militancia\/whatsapp-image-2025-10-19-at-6-48-26-pm-2\/'><img loading=\"lazy\" loading=\"lazy\" decoding=\"async\" width=\"1024\" height=\"683\" src=\"https:\/\/diariodeloeste.com\/noticias\/wp-content\/uploads\/2025\/10\/WhatsApp-Image-2025-10-19-at-6.48.26-PM-2-1024x683.jpeg\" class=\"attachment-large size-large\" alt=\"\" \/><\/a>\n\t\t\t<\/div><\/figure><figure class='gallery-item'>\n\t\t\t<div class='gallery-icon landscape'>\n\t\t\t\t<a href='https:\/\/diariodeloeste.com\/noticias\/2025\/10\/20\/nardini-compartio-junto-a-teresa-garcia-una-jornada-de-compromiso-y-militancia\/whatsapp-image-2025-10-19-at-6-48-26-pm\/'><img loading=\"lazy\" loading=\"lazy\" decoding=\"async\" width=\"1024\" height=\"683\" src=\"https:\/\/diariodeloeste.com\/noticias\/wp-content\/uploads\/2025\/10\/WhatsApp-Image-2025-10-19-at-6.48.26-PM-1024x683.jpeg\" class=\"attachment-large size-large\" alt=\"\" \/><\/a>\n\t\t\t<\/div><\/figure>\n\t\t<\/div>\n\n<p>Ciudad de Malvinas Argentinas, 18 de octubre de 2025 &#8211; En una tarde colmada de actividades en el coraz\u00f3n de Malvinas Argentinas, el intendente Leo Nardini, y la candidata a diputada nacional por Fuerza Patria, Teresa Garc\u00eda, junto al vicepresidente primero del Senado bonaerense, Luis Vivona y la secretaria general del municipio, Noe Correa, compartieron una jornada que combin\u00f3 el reconocimiento al trabajo comunitario con la formaci\u00f3n pol\u00edtica de cara a las elecciones del pr\u00f3ximo 26 de octubre.<\/p>\n<p>Durante las primeras horas de la tarde, los funcionarios recorrieron la 2da Exposici\u00f3n de ONG\u2019s en las inmediaciones del Palacio Municipal, donde compartieron un sinf\u00edn de actividades y muestras con representantes de organizaciones intermedias como: centros de jubilados, clubes, organizaciones barriales y espacios de formaci\u00f3n. \u201cEs muy importante articular con quienes ayudan al pr\u00f3jimo, transmiten valores y construyen redes de contenci\u00f3n en un momento tan dif\u00edcil para el pa\u00eds y la provincia\u201d, expres\u00f3 Nardini. La muestra permiti\u00f3 visibilizar el trabajo conjunto entre el Estado local y la sociedad civil, en \u00e1reas como deporte, cultura, educaci\u00f3n y asistencia social.<\/p>\n<p>M\u00e1s tarde, en las inmediaciones del Galp\u00f3n de Juventud del Predio Municipal, se desarroll\u00f3 un encuentro con la juventud militante, centrado en la capacitaci\u00f3n sobre el nuevo sistema de votaci\u00f3n con Boleta \u00danica en Papel (BUP) y en el llamado a fortalecer el compromiso pol\u00edtico frente al contexto nacional.<\/p>\n<p>\u201cTodos sabemos la situaci\u00f3n que atraviesa la provincia de Buenos Aires y las dificultades de los embates que todos los que integran el peronismo, el kirchnerismo y los que se sienten parte del campo nacional y popular\u201d, se\u00f1al\u00f3 Nardini, y agreg\u00f3: &#8220;Esta elecci\u00f3n es diferente en la forma de votar, no en lo que defendemos. La \u00fanica forma de votar en defensa propia es elegir el s\u00e9ptimo casillero, con la banderita celeste y blanca\u201d. En esta l\u00ednea Garc\u00eda expres\u00f3: \u201cEl sistema es simple, pero hay que estar atentos. No se puede dejar a ning\u00fan votante que se vaya de la fila porque no sabe c\u00f3mo votar. Todo tiene que propender a que la gente vote, con paciencia y civilidad\u201d.<\/p>\n<p>Ambos dirigentes coincidieron en destacar la urgencia de esta elecci\u00f3n frente a la constante vulneraci\u00f3n de derechos que sufre la sociedad argentina y a las consecuencias de las reformas exigidas por el Fondo Monetario Internacional. En ese sentido Nardini remarc\u00f3 que ganar la elecci\u00f3n \u201ces la \u00fanica posibilidad de ponerle un freno a esta gente, y eso se hace en la C\u00e1mara de Diputados y en la C\u00e1mara de Senadores\u201d. Por su parte, Garc\u00eda sostuvo: \u201cLa reforma previsional y laboral son graves porque afectan directamente a jubilados y trabajadores. Solo se ha podido poner freno cuando los bloques legislativos se plantaron y dijeron: hasta ac\u00e1\u201d. En este sentido, llamaron a los j\u00f3venes militantes presentes a hacer \u201cun esfuercito m\u00e1s\u201d y a explicar el funcionamiento a cada persona que se presente con dudas sobre el nuevo sistema de votaci\u00f3n.<\/p>\n<p>Tambi\u00e9n valoraron el trabajo territorial del distrito, destacando el v\u00ednculo entre gesti\u00f3n, comunidad y resultados. \u201cEste ha sido el mejor municipio en el resultado electoral de toda la provincia. No es casualidad: es producto del esfuerzo y el trabajo\u201d, se\u00f1al\u00f3 Garc\u00eda. \u201cMalvinas Argentinas es un ejemplo de lo que se puede lograr cuando hay esfuerzo y trabajo. Leo es un intendente querido por su comunidad, y eso no se simula: se construye todos los d\u00edas. Yo veo en \u00e9l un futuro brillante, y estoy convencida de que muchos vamos a acompa\u00f1arlo con todo el coraz\u00f3n\u201d.<\/p>\n<p>La jornada cerr\u00f3 con un mensaje de unidad, pertenencia y responsabilidad hist\u00f3rica. \u201cQue Malvinas vuelva a ser el orgullo de Fuerza Patria, del peronismo de la provincia de Buenos Aires, en este 26 de octubre, para darle un triunfo hist\u00f3rico que colabore a ponerle un l\u00edmite a este presidente que vulnera todos los derechos de los y las argentinas.\u201d, expres\u00f3 Nardini y concluy\u00f3: \u201cY como nos ense\u00f1\u00f3 nuestra querida Cristina Fern\u00e1ndez de Kirchner, a quien pude abrazar ayer en el D\u00eda de la Lealtad, que no hay que permitir que nos sigan avasallando con decisiones que van en contra de nuestra soberan\u00eda nacional, en contra de nuestra independencia econ\u00f3mica, y en contra de la vida de cada uno y cada una de las argentinas\u201d.<\/p>\n<script>function PlayerjsAsync(){} if(window[\"Playerjs\"]){PlayerjsAsync();}<\/script>","protected":false},"excerpt":{"rendered":"<p>Ciudad de Malvinas Argentinas, 18 de octubre de 2025 &#8211; En una tarde colmada de actividades en el coraz\u00f3n de Malvinas Argentinas, el intendente Leo Nardini, y la candidata a diputada nacional por Fuerza Patria, Teresa Garc\u00eda, junto al vicepresidente primero del Senado bonaerense, Luis Vivona y la secretaria general del municipio, Noe Correa, compartieron [&hellip;]<\/p>\n","protected":false},"author":3,"featured_media":15333,"comment_status":"closed","ping_status":"closed","sticky":false,"template":"","format":"standard","meta":{"content-type":"","footnotes":""},"categories":[4],"tags":[],"class_list":{"0":"post-15330","1":"post","2":"type-post","3":"status-publish","4":"format-standard","5":"has-post-thumbnail","7":"category-politica"},"yoast_head":"<!-- This site is optimized with the Yoast SEO plugin v27.4 - https:\/\/yoast.com\/product\/yoast-seo-wordpress\/ -->\n<title>Nardini comparti\u00f3 junto a Teresa Garc\u00eda una jornada de compromiso y militancia - Diario del Oeste<\/title>\n<meta name=\"robots\" content=\"index, follow, max-snippet:-1, max-image-preview:large, max-video-preview:-1\" \/>\n<link rel=\"canonical\" href=\"https:\/\/diariodeloeste.com\/noticias\/2025\/10\/20\/nardini-compartio-junto-a-teresa-garcia-una-jornada-de-compromiso-y-militancia\/\" \/>\n<meta property=\"og:locale\" content=\"es_ES\" \/>\n<meta property=\"og:type\" content=\"article\" \/>\n<meta property=\"og:title\" content=\"Nardini comparti\u00f3 junto a Teresa Garc\u00eda una jornada de compromiso y militancia - Diario del Oeste\" \/>\n<meta property=\"og:description\" content=\"Ciudad de Malvinas Argentinas, 18 de octubre de 2025 &#8211; En una tarde colmada de actividades en el coraz\u00f3n de Malvinas Argentinas, el intendente Leo Nardini, y la candidata a diputada nacional por Fuerza Patria, Teresa Garc\u00eda, junto al vicepresidente primero del Senado bonaerense, Luis Vivona y la secretaria general del municipio, Noe Correa, compartieron [&hellip;]\" \/>\n<meta property=\"og:url\" content=\"https:\/\/diariodeloeste.com\/noticias\/2025\/10\/20\/nardini-compartio-junto-a-teresa-garcia-una-jornada-de-compromiso-y-militancia\/\" \/>\n<meta property=\"og:site_name\" content=\"Diario del Oeste\" \/>\n<meta property=\"article:published_time\" content=\"2025-10-20T10:40:48+00:00\" \/>\n<meta property=\"og:image\" content=\"https:\/\/diariodeloeste.com\/noticias\/wp-content\/uploads\/2025\/10\/WhatsApp-Image-2025-10-19-at-6.48.26-PM-1.jpeg\" \/>\n\t<meta property=\"og:image:width\" content=\"1080\" \/>\n\t<meta property=\"og:image:height\" content=\"720\" \/>\n\t<meta property=\"og:image:type\" content=\"image\/jpeg\" \/>\n<meta name=\"author\" content=\"Redaccion\" \/>\n<meta name=\"twitter:card\" content=\"summary_large_image\" \/>\n<meta name=\"twitter:label1\" content=\"Escrito por\" \/>\n\t<meta name=\"twitter:data1\" content=\"Redaccion\" \/>\n\t<meta name=\"twitter:label2\" content=\"Tiempo de lectura\" \/>\n\t<meta name=\"twitter:data2\" content=\"4 minutos\" \/>\n<script type=\"application\/ld+json\" class=\"yoast-schema-graph\">{\"@context\":\"https:\\\/\\\/schema.org\",\"@graph\":[{\"@type\":\"Article\",\"@id\":\"https:\\\/\\\/diariodeloeste.com\\\/noticias\\\/2025\\\/10\\\/20\\\/nardini-compartio-junto-a-teresa-garcia-una-jornada-de-compromiso-y-militancia\\\/#article\",\"isPartOf\":{\"@id\":\"https:\\\/\\\/diariodeloeste.com\\\/noticias\\\/2025\\\/10\\\/20\\\/nardini-compartio-junto-a-teresa-garcia-una-jornada-de-compromiso-y-militancia\\\/\"},\"author\":{\"name\":\"Redaccion\",\"@id\":\"https:\\\/\\\/diariodeloeste.com\\\/noticias\\\/#\\\/schema\\\/person\\\/1f7be965f8c093432e1cbfcee0ac4047\"},\"headline\":\"Nardini comparti\u00f3 junto a Teresa Garc\u00eda una jornada de compromiso y militancia\",\"datePublished\":\"2025-10-20T10:40:48+00:00\",\"mainEntityOfPage\":{\"@id\":\"https:\\\/\\\/diariodeloeste.com\\\/noticias\\\/2025\\\/10\\\/20\\\/nardini-compartio-junto-a-teresa-garcia-una-jornada-de-compromiso-y-militancia\\\/\"},\"wordCount\":765,\"publisher\":{\"@id\":\"https:\\\/\\\/diariodeloeste.com\\\/noticias\\\/#organization\"},\"image\":{\"@id\":\"https:\\\/\\\/diariodeloeste.com\\\/noticias\\\/2025\\\/10\\\/20\\\/nardini-compartio-junto-a-teresa-garcia-una-jornada-de-compromiso-y-militancia\\\/#primaryimage\"},\"thumbnailUrl\":\"https:\\\/\\\/diariodeloeste.com\\\/noticias\\\/wp-content\\\/uploads\\\/2025\\\/10\\\/WhatsApp-Image-2025-10-19-at-6.48.26-PM-1.jpeg\",\"articleSection\":[\"Pol\u00edtica\"],\"inLanguage\":\"es-AR\"},{\"@type\":\"WebPage\",\"@id\":\"https:\\\/\\\/diariodeloeste.com\\\/noticias\\\/2025\\\/10\\\/20\\\/nardini-compartio-junto-a-teresa-garcia-una-jornada-de-compromiso-y-militancia\\\/\",\"url\":\"https:\\\/\\\/diariodeloeste.com\\\/noticias\\\/2025\\\/10\\\/20\\\/nardini-compartio-junto-a-teresa-garcia-una-jornada-de-compromiso-y-militancia\\\/\",\"name\":\"Nardini comparti\u00f3 junto a Teresa Garc\u00eda una jornada de compromiso y militancia - Diario del Oeste\",\"isPartOf\":{\"@id\":\"https:\\\/\\\/diariodeloeste.com\\\/noticias\\\/#website\"},\"primaryImageOfPage\":{\"@id\":\"https:\\\/\\\/diariodeloeste.com\\\/noticias\\\/2025\\\/10\\\/20\\\/nardini-compartio-junto-a-teresa-garcia-una-jornada-de-compromiso-y-militancia\\\/#primaryimage\"},\"image\":{\"@id\":\"https:\\\/\\\/diariodeloeste.com\\\/noticias\\\/2025\\\/10\\\/20\\\/nardini-compartio-junto-a-teresa-garcia-una-jornada-de-compromiso-y-militancia\\\/#primaryimage\"},\"thumbnailUrl\":\"https:\\\/\\\/diariodeloeste.com\\\/noticias\\\/wp-content\\\/uploads\\\/2025\\\/10\\\/WhatsApp-Image-2025-10-19-at-6.48.26-PM-1.jpeg\",\"datePublished\":\"2025-10-20T10:40:48+00:00\",\"breadcrumb\":{\"@id\":\"https:\\\/\\\/diariodeloeste.com\\\/noticias\\\/2025\\\/10\\\/20\\\/nardini-compartio-junto-a-teresa-garcia-una-jornada-de-compromiso-y-militancia\\\/#breadcrumb\"},\"inLanguage\":\"es-AR\",\"potentialAction\":[{\"@type\":\"ReadAction\",\"target\":[\"https:\\\/\\\/diariodeloeste.com\\\/noticias\\\/2025\\\/10\\\/20\\\/nardini-compartio-junto-a-teresa-garcia-una-jornada-de-compromiso-y-militancia\\\/\"]}]},{\"@type\":\"ImageObject\",\"inLanguage\":\"es-AR\",\"@id\":\"https:\\\/\\\/diariodeloeste.com\\\/noticias\\\/2025\\\/10\\\/20\\\/nardini-compartio-junto-a-teresa-garcia-una-jornada-de-compromiso-y-militancia\\\/#primaryimage\",\"url\":\"https:\\\/\\\/diariodeloeste.com\\\/noticias\\\/wp-content\\\/uploads\\\/2025\\\/10\\\/WhatsApp-Image-2025-10-19-at-6.48.26-PM-1.jpeg\",\"contentUrl\":\"https:\\\/\\\/diariodeloeste.com\\\/noticias\\\/wp-content\\\/uploads\\\/2025\\\/10\\\/WhatsApp-Image-2025-10-19-at-6.48.26-PM-1.jpeg\",\"width\":1080,\"height\":720},{\"@type\":\"BreadcrumbList\",\"@id\":\"https:\\\/\\\/diariodeloeste.com\\\/noticias\\\/2025\\\/10\\\/20\\\/nardini-compartio-junto-a-teresa-garcia-una-jornada-de-compromiso-y-militancia\\\/#breadcrumb\",\"itemListElement\":[{\"@type\":\"ListItem\",\"position\":1,\"name\":\"Inicio\",\"item\":\"https:\\\/\\\/diariodeloeste.com\\\/noticias\\\/\"},{\"@type\":\"ListItem\",\"position\":2,\"name\":\"Nardini comparti\u00f3 junto a Teresa Garc\u00eda una jornada de compromiso y militancia\"}]},{\"@type\":\"WebSite\",\"@id\":\"https:\\\/\\\/diariodeloeste.com\\\/noticias\\\/#website\",\"url\":\"https:\\\/\\\/diariodeloeste.com\\\/noticias\\\/\",\"name\":\"Diario del Oeste\",\"description\":\"Noticias del Oeste\",\"publisher\":{\"@id\":\"https:\\\/\\\/diariodeloeste.com\\\/noticias\\\/#organization\"},\"potentialAction\":[{\"@type\":\"SearchAction\",\"target\":{\"@type\":\"EntryPoint\",\"urlTemplate\":\"https:\\\/\\\/diariodeloeste.com\\\/noticias\\\/?s={search_term_string}\"},\"query-input\":{\"@type\":\"PropertyValueSpecification\",\"valueRequired\":true,\"valueName\":\"search_term_string\"}}],\"inLanguage\":\"es-AR\"},{\"@type\":\"Organization\",\"@id\":\"https:\\\/\\\/diariodeloeste.com\\\/noticias\\\/#organization\",\"name\":\"Diario del Oeste\",\"url\":\"https:\\\/\\\/diariodeloeste.com\\\/noticias\\\/\",\"logo\":{\"@type\":\"ImageObject\",\"inLanguage\":\"es-AR\",\"@id\":\"https:\\\/\\\/diariodeloeste.com\\\/noticias\\\/#\\\/schema\\\/logo\\\/image\\\/\",\"url\":\"https:\\\/\\\/diariodeloeste.com\\\/noticias\\\/wp-content\\\/uploads\\\/2019\\\/04\\\/logo.png\",\"contentUrl\":\"https:\\\/\\\/diariodeloeste.com\\\/noticias\\\/wp-content\\\/uploads\\\/2019\\\/04\\\/logo.png\",\"width\":306,\"height\":145,\"caption\":\"Diario del Oeste\"},\"image\":{\"@id\":\"https:\\\/\\\/diariodeloeste.com\\\/noticias\\\/#\\\/schema\\\/logo\\\/image\\\/\"}},{\"@type\":\"Person\",\"@id\":\"https:\\\/\\\/diariodeloeste.com\\\/noticias\\\/#\\\/schema\\\/person\\\/1f7be965f8c093432e1cbfcee0ac4047\",\"name\":\"Redaccion\",\"image\":{\"@type\":\"ImageObject\",\"inLanguage\":\"es-AR\",\"@id\":\"https:\\\/\\\/secure.gravatar.com\\\/avatar\\\/f9bc3a12e26b32d818d88f9a5b61de20b559752e499df507efa7ea3cea0550ef?s=96&d=mm&r=g\",\"url\":\"https:\\\/\\\/secure.gravatar.com\\\/avatar\\\/f9bc3a12e26b32d818d88f9a5b61de20b559752e499df507efa7ea3cea0550ef?s=96&d=mm&r=g\",\"contentUrl\":\"https:\\\/\\\/secure.gravatar.com\\\/avatar\\\/f9bc3a12e26b32d818d88f9a5b61de20b559752e499df507efa7ea3cea0550ef?s=96&d=mm&r=g\",\"caption\":\"Redaccion\"},\"url\":\"https:\\\/\\\/diariodeloeste.com\\\/noticias\\\/author\\\/redaccion\\\/\"}]}<\/script>\n<!-- \/ Yoast SEO plugin. -->","yoast_head_json":{"title":"Nardini comparti\u00f3 junto a Teresa Garc\u00eda una jornada de compromiso y militancia - Diario del Oeste","robots":{"index":"index","follow":"follow","max-snippet":"max-snippet:-1","max-image-preview":"max-image-preview:large","max-video-preview":"max-video-preview:-1"},"canonical":"https:\/\/diariodeloeste.com\/noticias\/2025\/10\/20\/nardini-compartio-junto-a-teresa-garcia-una-jornada-de-compromiso-y-militancia\/","og_locale":"es_ES","og_type":"article","og_title":"Nardini comparti\u00f3 junto a Teresa Garc\u00eda una jornada de compromiso y militancia - Diario del Oeste","og_description":"Ciudad de Malvinas Argentinas, 18 de octubre de 2025 &#8211; En una tarde colmada de actividades en el coraz\u00f3n de Malvinas Argentinas, el intendente Leo Nardini, y la candidata a diputada nacional por Fuerza Patria, Teresa Garc\u00eda, junto al vicepresidente primero del Senado bonaerense, Luis Vivona y la secretaria general del municipio, Noe Correa, compartieron [&hellip;]","og_url":"https:\/\/diariodeloeste.com\/noticias\/2025\/10\/20\/nardini-compartio-junto-a-teresa-garcia-una-jornada-de-compromiso-y-militancia\/","og_site_name":"Diario del Oeste","article_published_time":"2025-10-20T10:40:48+00:00","og_image":[{"width":1080,"height":720,"url":"https:\/\/diariodeloeste.com\/noticias\/wp-content\/uploads\/2025\/10\/WhatsApp-Image-2025-10-19-at-6.48.26-PM-1.jpeg","type":"image\/jpeg"}],"author":"Redaccion","twitter_card":"summary_large_image","twitter_misc":{"Escrito por":"Redaccion","Tiempo de lectura":"4 minutos"},"schema":{"@context":"https:\/\/schema.org","@graph":[{"@type":"Article","@id":"https:\/\/diariodeloeste.com\/noticias\/2025\/10\/20\/nardini-compartio-junto-a-teresa-garcia-una-jornada-de-compromiso-y-militancia\/#article","isPartOf":{"@id":"https:\/\/diariodeloeste.com\/noticias\/2025\/10\/20\/nardini-compartio-junto-a-teresa-garcia-una-jornada-de-compromiso-y-militancia\/"},"author":{"name":"Redaccion","@id":"https:\/\/diariodeloeste.com\/noticias\/#\/schema\/person\/1f7be965f8c093432e1cbfcee0ac4047"},"headline":"Nardini comparti\u00f3 junto a Teresa Garc\u00eda una jornada de compromiso y militancia","datePublished":"2025-10-20T10:40:48+00:00","mainEntityOfPage":{"@id":"https:\/\/diariodeloeste.com\/noticias\/2025\/10\/20\/nardini-compartio-junto-a-teresa-garcia-una-jornada-de-compromiso-y-militancia\/"},"wordCount":765,"publisher":{"@id":"https:\/\/diariodeloeste.com\/noticias\/#organization"},"image":{"@id":"https:\/\/diariodeloeste.com\/noticias\/2025\/10\/20\/nardini-compartio-junto-a-teresa-garcia-una-jornada-de-compromiso-y-militancia\/#primaryimage"},"thumbnailUrl":"https:\/\/diariodeloeste.com\/noticias\/wp-content\/uploads\/2025\/10\/WhatsApp-Image-2025-10-19-at-6.48.26-PM-1.jpeg","articleSection":["Pol\u00edtica"],"inLanguage":"es-AR"},{"@type":"WebPage","@id":"https:\/\/diariodeloeste.com\/noticias\/2025\/10\/20\/nardini-compartio-junto-a-teresa-garcia-una-jornada-de-compromiso-y-militancia\/","url":"https:\/\/diariodeloeste.com\/noticias\/2025\/10\/20\/nardini-compartio-junto-a-teresa-garcia-una-jornada-de-compromiso-y-militancia\/","name":"Nardini comparti\u00f3 junto a Teresa Garc\u00eda una jornada de compromiso y militancia - Diario del Oeste","isPartOf":{"@id":"https:\/\/diariodeloeste.com\/noticias\/#website"},"primaryImageOfPage":{"@id":"https:\/\/diariodeloeste.com\/noticias\/2025\/10\/20\/nardini-compartio-junto-a-teresa-garcia-una-jornada-de-compromiso-y-militancia\/#primaryimage"},"image":{"@id":"https:\/\/diariodeloeste.com\/noticias\/2025\/10\/20\/nardini-compartio-junto-a-teresa-garcia-una-jornada-de-compromiso-y-militancia\/#primaryimage"},"thumbnailUrl":"https:\/\/diariodeloeste.com\/noticias\/wp-content\/uploads\/2025\/10\/WhatsApp-Image-2025-10-19-at-6.48.26-PM-1.jpeg","datePublished":"2025-10-20T10:40:48+00:00","breadcrumb":{"@id":"https:\/\/diariodeloeste.com\/noticias\/2025\/10\/20\/nardini-compartio-junto-a-teresa-garcia-una-jornada-de-compromiso-y-militancia\/#breadcrumb"},"inLanguage":"es-AR","potentialAction":[{"@type":"ReadAction","target":["https:\/\/diariodeloeste.com\/noticias\/2025\/10\/20\/nardini-compartio-junto-a-teresa-garcia-una-jornada-de-compromiso-y-militancia\/"]}]},{"@type":"ImageObject","inLanguage":"es-AR","@id":"https:\/\/diariodeloeste.com\/noticias\/2025\/10\/20\/nardini-compartio-junto-a-teresa-garcia-una-jornada-de-compromiso-y-militancia\/#primaryimage","url":"https:\/\/diariodeloeste.com\/noticias\/wp-content\/uploads\/2025\/10\/WhatsApp-Image-2025-10-19-at-6.48.26-PM-1.jpeg","contentUrl":"https:\/\/diariodeloeste.com\/noticias\/wp-content\/uploads\/2025\/10\/WhatsApp-Image-2025-10-19-at-6.48.26-PM-1.jpeg","width":1080,"height":720},{"@type":"BreadcrumbList","@id":"https:\/\/diariodeloeste.com\/noticias\/2025\/10\/20\/nardini-compartio-junto-a-teresa-garcia-una-jornada-de-compromiso-y-militancia\/#breadcrumb","itemListElement":[{"@type":"ListItem","position":1,"name":"Inicio","item":"https:\/\/diariodeloeste.com\/noticias\/"},{"@type":"ListItem","position":2,"name":"Nardini comparti\u00f3 junto a Teresa Garc\u00eda una jornada de compromiso y militancia"}]},{"@type":"WebSite","@id":"https:\/\/diariodeloeste.com\/noticias\/#website","url":"https:\/\/diariodeloeste.com\/noticias\/","name":"Diario del Oeste","description":"Noticias del Oeste","publisher":{"@id":"https:\/\/diariodeloeste.com\/noticias\/#organization"},"potentialAction":[{"@type":"SearchAction","target":{"@type":"EntryPoint","urlTemplate":"https:\/\/diariodeloeste.com\/noticias\/?s={search_term_string}"},"query-input":{"@type":"PropertyValueSpecification","valueRequired":true,"valueName":"search_term_string"}}],"inLanguage":"es-AR"},{"@type":"Organization","@id":"https:\/\/diariodeloeste.com\/noticias\/#organization","name":"Diario del Oeste","url":"https:\/\/diariodeloeste.com\/noticias\/","logo":{"@type":"ImageObject","inLanguage":"es-AR","@id":"https:\/\/diariodeloeste.com\/noticias\/#\/schema\/logo\/image\/","url":"https:\/\/diariodeloeste.com\/noticias\/wp-content\/uploads\/2019\/04\/logo.png","contentUrl":"https:\/\/diariodeloeste.com\/noticias\/wp-content\/uploads\/2019\/04\/logo.png","width":306,"height":145,"caption":"Diario del Oeste"},"image":{"@id":"https:\/\/diariodeloeste.com\/noticias\/#\/schema\/logo\/image\/"}},{"@type":"Person","@id":"https:\/\/diariodeloeste.com\/noticias\/#\/schema\/person\/1f7be965f8c093432e1cbfcee0ac4047","name":"Redaccion","image":{"@type":"ImageObject","inLanguage":"es-AR","@id":"https:\/\/secure.gravatar.com\/avatar\/f9bc3a12e26b32d818d88f9a5b61de20b559752e499df507efa7ea3cea0550ef?s=96&d=mm&r=g","url":"https:\/\/secure.gravatar.com\/avatar\/f9bc3a12e26b32d818d88f9a5b61de20b559752e499df507efa7ea3cea0550ef?s=96&d=mm&r=g","contentUrl":"https:\/\/secure.gravatar.com\/avatar\/f9bc3a12e26b32d818d88f9a5b61de20b559752e499df507efa7ea3cea0550ef?s=96&d=mm&r=g","caption":"Redaccion"},"url":"https:\/\/diariodeloeste.com\/noticias\/author\/redaccion\/"}]}},"_links":{"self":[{"href":"https:\/\/diariodeloeste.com\/noticias\/wp-json\/wp\/v2\/posts\/15330","targetHints":{"allow":["GET"]}}],"collection":[{"href":"https:\/\/diariodeloeste.com\/noticias\/wp-json\/wp\/v2\/posts"}],"about":[{"href":"https:\/\/diariodeloeste.com\/noticias\/wp-json\/wp\/v2\/types\/post"}],"author":[{"embeddable":true,"href":"https:\/\/diariodeloeste.com\/noticias\/wp-json\/wp\/v2\/users\/3"}],"replies":[{"embeddable":true,"href":"https:\/\/diariodeloeste.com\/noticias\/wp-json\/wp\/v2\/comments?post=15330"}],"version-history":[{"count":1,"href":"https:\/\/diariodeloeste.com\/noticias\/wp-json\/wp\/v2\/posts\/15330\/revisions"}],"predecessor-version":[{"id":15335,"href":"https:\/\/diariodeloeste.com\/noticias\/wp-json\/wp\/v2\/posts\/15330\/revisions\/15335"}],"wp:featuredmedia":[{"embeddable":true,"href":"https:\/\/diariodeloeste.com\/noticias\/wp-json\/wp\/v2\/media\/15333"}],"wp:attachment":[{"href":"https:\/\/diariodeloeste.com\/noticias\/wp-json\/wp\/v2\/media?parent=15330"}],"wp:term":[{"taxonomy":"category","embeddable":true,"href":"https:\/\/diariodeloeste.com\/noticias\/wp-json\/wp\/v2\/categories?post=15330"},{"taxonomy":"post_tag","embeddable":true,"href":"https:\/\/diariodeloeste.com\/noticias\/wp-json\/wp\/v2\/tags?post=15330"}],"curies":[{"name":"wp","href":"https:\/\/api.w.org\/{rel}","templated":true}]}}