{"id":15304,"date":"2025-10-13T16:56:07","date_gmt":"2025-10-13T16:56:07","guid":{"rendered":"https:\/\/diariodeloeste.com\/noticias\/?p=15304"},"modified":"2025-10-13T16:56:34","modified_gmt":"2025-10-13T16:56:34","slug":"15304","status":"publish","type":"post","link":"https:\/\/diariodeloeste.com\/noticias\/2025\/10\/13\/15304\/","title":{"rendered":"Club Vicentinos sali\u00f3 campe\u00f3n de la Primera &#8220;C&#8221; y ascendi\u00f3 a la Primera &#8220;B&#8221;"},"content":{"rendered":"<h2>Con un gran triunfo de Vicentinos sobre Liceo Militar 27 a 8, gener\u00f3 la fiesta de salir campeones de la primera &#8220;C&#8221; y ascenso a la Primera &#8220;B&#8221; de la URBA.<\/h2>\n<p>Fiesta en el barrio Manuelita donde el local gan\u00f3 y pudo ascender a la categor\u00eda supuerior de primera &#8220;B&#8221;,<br \/>\nCampeones y Ascenso a la primera B de la URBA, restando una fecha donde terminar\u00e1 el torneo visitando a SITAS.<\/p>\n<div class=\"xdj266r x14z9mp xat24cr x1lziwak x1vvkbs x126k92a\">\n<div dir=\"auto\">VICENTINOS CAMPE\u00d3N<\/div>\n<\/div>\n<div class=\"x14z9mp xat24cr x1lziwak x1vvkbs xtlvy1s x126k92a\">\n<div dir=\"auto\">\u00a1Hoy se festeja en San Miguel!, con mucha alegr\u00eda Vicentinos sali\u00f3 campe\u00f3n de Primera C y ascendi\u00f3 a la Primera B de la URBA. Estuvimos acompa\u00f1ando este nuevo gran paso del club desde nuestro medio tanto en Rugby como en Hockey.<\/div>\n<\/div>\n<div class=\"x14z9mp xat24cr x1lziwak x1vvkbs xtlvy1s x126k92a\">\n<div dir=\"auto\">Gran trabajo de todos , jugadores de PS, cuerpo t\u00e9cnico, directivos, todos los que trabajan desde escuelita hasta m19 y las familias que acompa\u00f1an siempre expreso uno de los coach @leomontenegrocoach, muchos son los que con un gran esfuerzo aportaron para este logro tan importante en la vida del Club, tan solo en 12 a\u00f1os.<\/div>\n<div dir=\"auto\">Triunfo de Vicentinos sobre Liceo Militar 27 a 8, gener\u00f3 la fiesta, salir campeones de la primera &#8220;C&#8221; y ascenso a la Primera &#8220;B&#8221; de la URBA.<\/div>\n<div dir=\"auto\">\n<div style=\"width: 478px;\" class=\"wp-video\"><video class=\"wp-video-shortcode\" id=\"video-15304-1\" width=\"478\" height=\"850\" preload=\"metadata\" controls=\"controls\"><source type=\"video\/mp4\" src=\"https:\/\/diariodeloeste.com\/noticias\/wp-content\/uploads\/2025\/10\/WhatsApp-Video-2025-10-13-at-9.41.15-AM.mp4?_=1\" \/><a href=\"https:\/\/diariodeloeste.com\/noticias\/wp-content\/uploads\/2025\/10\/WhatsApp-Video-2025-10-13-at-9.41.15-AM.mp4\">https:\/\/diariodeloeste.com\/noticias\/wp-content\/uploads\/2025\/10\/WhatsApp-Video-2025-10-13-at-9.41.15-AM.mp4<\/a><\/video><\/div>\n<div style=\"width: 478px;\" class=\"wp-video\"><video class=\"wp-video-shortcode\" id=\"video-15304-2\" width=\"478\" height=\"850\" preload=\"metadata\" controls=\"controls\"><source type=\"video\/mp4\" src=\"https:\/\/diariodeloeste.com\/noticias\/wp-content\/uploads\/2025\/10\/WhatsApp-Video-2025-10-13-at-9.41.30-AM.mp4?_=2\" \/><a href=\"https:\/\/diariodeloeste.com\/noticias\/wp-content\/uploads\/2025\/10\/WhatsApp-Video-2025-10-13-at-9.41.30-AM.mp4\">https:\/\/diariodeloeste.com\/noticias\/wp-content\/uploads\/2025\/10\/WhatsApp-Video-2025-10-13-at-9.41.30-AM.mp4<\/a><\/video><\/div>\n<div style=\"width: 478px;\" class=\"wp-video\"><video class=\"wp-video-shortcode\" id=\"video-15304-3\" width=\"478\" height=\"850\" preload=\"metadata\" controls=\"controls\"><source type=\"video\/mp4\" src=\"https:\/\/diariodeloeste.com\/noticias\/wp-content\/uploads\/2025\/10\/WhatsApp-Video-2025-10-13-at-9.45.58-AM.mp4?_=3\" \/><a href=\"https:\/\/diariodeloeste.com\/noticias\/wp-content\/uploads\/2025\/10\/WhatsApp-Video-2025-10-13-at-9.45.58-AM.mp4\">https:\/\/diariodeloeste.com\/noticias\/wp-content\/uploads\/2025\/10\/WhatsApp-Video-2025-10-13-at-9.45.58-AM.mp4<\/a><\/video><\/div>\n<\/div>\n<\/div>\n<script>function PlayerjsAsync(){} if(window[\"Playerjs\"]){PlayerjsAsync();}<\/script>","protected":false},"excerpt":{"rendered":"<p>Con un gran triunfo de Vicentinos sobre Liceo Militar 27 a 8, gener\u00f3 la fiesta de salir campeones de la primera &#8220;C&#8221; y ascenso a la Primera &#8220;B&#8221; de la URBA. Fiesta en el barrio Manuelita donde el local gan\u00f3 y pudo ascender a la categor\u00eda supuerior de primera &#8220;B&#8221;, Campeones y Ascenso a la [&hellip;]<\/p>\n","protected":false},"author":3,"featured_media":15308,"comment_status":"closed","ping_status":"closed","sticky":false,"template":"","format":"standard","meta":{"content-type":"","footnotes":""},"categories":[6],"tags":[],"class_list":{"0":"post-15304","1":"post","2":"type-post","3":"status-publish","4":"format-standard","5":"has-post-thumbnail","7":"category-deportes"},"yoast_head":"<!-- This site is optimized with the Yoast SEO plugin v27.4 - https:\/\/yoast.com\/product\/yoast-seo-wordpress\/ -->\n<title>Club Vicentinos sali\u00f3 campe\u00f3n de la Primera &quot;C&quot; y ascendi\u00f3 a la Primera &quot;B&quot; - Diario del Oeste<\/title>\n<meta name=\"robots\" content=\"index, follow, max-snippet:-1, max-image-preview:large, max-video-preview:-1\" \/>\n<link rel=\"canonical\" href=\"https:\/\/diariodeloeste.com\/noticias\/2025\/10\/13\/15304\/\" \/>\n<meta property=\"og:locale\" content=\"es_ES\" \/>\n<meta property=\"og:type\" content=\"article\" \/>\n<meta property=\"og:title\" content=\"Club Vicentinos sali\u00f3 campe\u00f3n de la Primera &quot;C&quot; y ascendi\u00f3 a la Primera &quot;B&quot; - Diario del Oeste\" \/>\n<meta property=\"og:description\" content=\"Con un gran triunfo de Vicentinos sobre Liceo Militar 27 a 8, gener\u00f3 la fiesta de salir campeones de la primera &#8220;C&#8221; y ascenso a la Primera &#8220;B&#8221; de la URBA. Fiesta en el barrio Manuelita donde el local gan\u00f3 y pudo ascender a la categor\u00eda supuerior de primera &#8220;B&#8221;, Campeones y Ascenso a la [&hellip;]\" \/>\n<meta property=\"og:url\" content=\"https:\/\/diariodeloeste.com\/noticias\/2025\/10\/13\/15304\/\" \/>\n<meta property=\"og:site_name\" content=\"Diario del Oeste\" \/>\n<meta property=\"article:published_time\" content=\"2025-10-13T16:56:07+00:00\" \/>\n<meta property=\"article:modified_time\" content=\"2025-10-13T16:56:34+00:00\" \/>\n<meta property=\"og:image\" content=\"https:\/\/diariodeloeste.com\/noticias\/wp-content\/uploads\/2025\/10\/WhatsApp-Image-2025-10-13-at-12.51.54-PM.jpeg\" \/>\n\t<meta property=\"og:image:width\" content=\"1080\" \/>\n\t<meta property=\"og:image:height\" content=\"948\" \/>\n\t<meta property=\"og:image:type\" content=\"image\/jpeg\" \/>\n<meta name=\"author\" content=\"Redaccion\" \/>\n<meta name=\"twitter:card\" content=\"summary_large_image\" \/>\n<meta name=\"twitter:label1\" content=\"Escrito por\" \/>\n\t<meta name=\"twitter:data1\" content=\"Redaccion\" \/>\n\t<meta name=\"twitter:label2\" content=\"Tiempo de lectura\" \/>\n\t<meta name=\"twitter:data2\" content=\"2 minutos\" \/>\n<script type=\"application\/ld+json\" class=\"yoast-schema-graph\">{\"@context\":\"https:\\\/\\\/schema.org\",\"@graph\":[{\"@type\":\"Article\",\"@id\":\"https:\\\/\\\/diariodeloeste.com\\\/noticias\\\/2025\\\/10\\\/13\\\/15304\\\/#article\",\"isPartOf\":{\"@id\":\"https:\\\/\\\/diariodeloeste.com\\\/noticias\\\/2025\\\/10\\\/13\\\/15304\\\/\"},\"author\":{\"name\":\"Redaccion\",\"@id\":\"https:\\\/\\\/diariodeloeste.com\\\/noticias\\\/#\\\/schema\\\/person\\\/1f7be965f8c093432e1cbfcee0ac4047\"},\"headline\":\"Club Vicentinos sali\u00f3 campe\u00f3n de la Primera &#8220;C&#8221; y ascendi\u00f3 a la Primera &#8220;B&#8221;\",\"datePublished\":\"2025-10-13T16:56:07+00:00\",\"dateModified\":\"2025-10-13T16:56:34+00:00\",\"mainEntityOfPage\":{\"@id\":\"https:\\\/\\\/diariodeloeste.com\\\/noticias\\\/2025\\\/10\\\/13\\\/15304\\\/\"},\"wordCount\":263,\"publisher\":{\"@id\":\"https:\\\/\\\/diariodeloeste.com\\\/noticias\\\/#organization\"},\"image\":{\"@id\":\"https:\\\/\\\/diariodeloeste.com\\\/noticias\\\/2025\\\/10\\\/13\\\/15304\\\/#primaryimage\"},\"thumbnailUrl\":\"https:\\\/\\\/diariodeloeste.com\\\/noticias\\\/wp-content\\\/uploads\\\/2025\\\/10\\\/WhatsApp-Image-2025-10-13-at-12.51.54-PM.jpeg\",\"articleSection\":[\"Deportes\"],\"inLanguage\":\"es-AR\"},{\"@type\":\"WebPage\",\"@id\":\"https:\\\/\\\/diariodeloeste.com\\\/noticias\\\/2025\\\/10\\\/13\\\/15304\\\/\",\"url\":\"https:\\\/\\\/diariodeloeste.com\\\/noticias\\\/2025\\\/10\\\/13\\\/15304\\\/\",\"name\":\"Club Vicentinos sali\u00f3 campe\u00f3n de la Primera \\\"C\\\" y ascendi\u00f3 a la Primera \\\"B\\\" - Diario del Oeste\",\"isPartOf\":{\"@id\":\"https:\\\/\\\/diariodeloeste.com\\\/noticias\\\/#website\"},\"primaryImageOfPage\":{\"@id\":\"https:\\\/\\\/diariodeloeste.com\\\/noticias\\\/2025\\\/10\\\/13\\\/15304\\\/#primaryimage\"},\"image\":{\"@id\":\"https:\\\/\\\/diariodeloeste.com\\\/noticias\\\/2025\\\/10\\\/13\\\/15304\\\/#primaryimage\"},\"thumbnailUrl\":\"https:\\\/\\\/diariodeloeste.com\\\/noticias\\\/wp-content\\\/uploads\\\/2025\\\/10\\\/WhatsApp-Image-2025-10-13-at-12.51.54-PM.jpeg\",\"datePublished\":\"2025-10-13T16:56:07+00:00\",\"dateModified\":\"2025-10-13T16:56:34+00:00\",\"breadcrumb\":{\"@id\":\"https:\\\/\\\/diariodeloeste.com\\\/noticias\\\/2025\\\/10\\\/13\\\/15304\\\/#breadcrumb\"},\"inLanguage\":\"es-AR\",\"potentialAction\":[{\"@type\":\"ReadAction\",\"target\":[\"https:\\\/\\\/diariodeloeste.com\\\/noticias\\\/2025\\\/10\\\/13\\\/15304\\\/\"]}]},{\"@type\":\"ImageObject\",\"inLanguage\":\"es-AR\",\"@id\":\"https:\\\/\\\/diariodeloeste.com\\\/noticias\\\/2025\\\/10\\\/13\\\/15304\\\/#primaryimage\",\"url\":\"https:\\\/\\\/diariodeloeste.com\\\/noticias\\\/wp-content\\\/uploads\\\/2025\\\/10\\\/WhatsApp-Image-2025-10-13-at-12.51.54-PM.jpeg\",\"contentUrl\":\"https:\\\/\\\/diariodeloeste.com\\\/noticias\\\/wp-content\\\/uploads\\\/2025\\\/10\\\/WhatsApp-Image-2025-10-13-at-12.51.54-PM.jpeg\",\"width\":1080,\"height\":948},{\"@type\":\"BreadcrumbList\",\"@id\":\"https:\\\/\\\/diariodeloeste.com\\\/noticias\\\/2025\\\/10\\\/13\\\/15304\\\/#breadcrumb\",\"itemListElement\":[{\"@type\":\"ListItem\",\"position\":1,\"name\":\"Inicio\",\"item\":\"https:\\\/\\\/diariodeloeste.com\\\/noticias\\\/\"},{\"@type\":\"ListItem\",\"position\":2,\"name\":\"Club Vicentinos sali\u00f3 campe\u00f3n de la Primera &#8220;C&#8221; y ascendi\u00f3 a la Primera &#8220;B&#8221;\"}]},{\"@type\":\"WebSite\",\"@id\":\"https:\\\/\\\/diariodeloeste.com\\\/noticias\\\/#website\",\"url\":\"https:\\\/\\\/diariodeloeste.com\\\/noticias\\\/\",\"name\":\"Diario del Oeste\",\"description\":\"Noticias del Oeste\",\"publisher\":{\"@id\":\"https:\\\/\\\/diariodeloeste.com\\\/noticias\\\/#organization\"},\"potentialAction\":[{\"@type\":\"SearchAction\",\"target\":{\"@type\":\"EntryPoint\",\"urlTemplate\":\"https:\\\/\\\/diariodeloeste.com\\\/noticias\\\/?s={search_term_string}\"},\"query-input\":{\"@type\":\"PropertyValueSpecification\",\"valueRequired\":true,\"valueName\":\"search_term_string\"}}],\"inLanguage\":\"es-AR\"},{\"@type\":\"Organization\",\"@id\":\"https:\\\/\\\/diariodeloeste.com\\\/noticias\\\/#organization\",\"name\":\"Diario del Oeste\",\"url\":\"https:\\\/\\\/diariodeloeste.com\\\/noticias\\\/\",\"logo\":{\"@type\":\"ImageObject\",\"inLanguage\":\"es-AR\",\"@id\":\"https:\\\/\\\/diariodeloeste.com\\\/noticias\\\/#\\\/schema\\\/logo\\\/image\\\/\",\"url\":\"https:\\\/\\\/diariodeloeste.com\\\/noticias\\\/wp-content\\\/uploads\\\/2019\\\/04\\\/logo.png\",\"contentUrl\":\"https:\\\/\\\/diariodeloeste.com\\\/noticias\\\/wp-content\\\/uploads\\\/2019\\\/04\\\/logo.png\",\"width\":306,\"height\":145,\"caption\":\"Diario del Oeste\"},\"image\":{\"@id\":\"https:\\\/\\\/diariodeloeste.com\\\/noticias\\\/#\\\/schema\\\/logo\\\/image\\\/\"}},{\"@type\":\"Person\",\"@id\":\"https:\\\/\\\/diariodeloeste.com\\\/noticias\\\/#\\\/schema\\\/person\\\/1f7be965f8c093432e1cbfcee0ac4047\",\"name\":\"Redaccion\",\"image\":{\"@type\":\"ImageObject\",\"inLanguage\":\"es-AR\",\"@id\":\"https:\\\/\\\/secure.gravatar.com\\\/avatar\\\/f9bc3a12e26b32d818d88f9a5b61de20b559752e499df507efa7ea3cea0550ef?s=96&d=mm&r=g\",\"url\":\"https:\\\/\\\/secure.gravatar.com\\\/avatar\\\/f9bc3a12e26b32d818d88f9a5b61de20b559752e499df507efa7ea3cea0550ef?s=96&d=mm&r=g\",\"contentUrl\":\"https:\\\/\\\/secure.gravatar.com\\\/avatar\\\/f9bc3a12e26b32d818d88f9a5b61de20b559752e499df507efa7ea3cea0550ef?s=96&d=mm&r=g\",\"caption\":\"Redaccion\"},\"url\":\"https:\\\/\\\/diariodeloeste.com\\\/noticias\\\/author\\\/redaccion\\\/\"}]}<\/script>\n<!-- \/ Yoast SEO plugin. -->","yoast_head_json":{"title":"Club Vicentinos sali\u00f3 campe\u00f3n de la Primera \"C\" y ascendi\u00f3 a la Primera \"B\" - Diario del Oeste","robots":{"index":"index","follow":"follow","max-snippet":"max-snippet:-1","max-image-preview":"max-image-preview:large","max-video-preview":"max-video-preview:-1"},"canonical":"https:\/\/diariodeloeste.com\/noticias\/2025\/10\/13\/15304\/","og_locale":"es_ES","og_type":"article","og_title":"Club Vicentinos sali\u00f3 campe\u00f3n de la Primera \"C\" y ascendi\u00f3 a la Primera \"B\" - Diario del Oeste","og_description":"Con un gran triunfo de Vicentinos sobre Liceo Militar 27 a 8, gener\u00f3 la fiesta de salir campeones de la primera &#8220;C&#8221; y ascenso a la Primera &#8220;B&#8221; de la URBA. Fiesta en el barrio Manuelita donde el local gan\u00f3 y pudo ascender a la categor\u00eda supuerior de primera &#8220;B&#8221;, Campeones y Ascenso a la [&hellip;]","og_url":"https:\/\/diariodeloeste.com\/noticias\/2025\/10\/13\/15304\/","og_site_name":"Diario del Oeste","article_published_time":"2025-10-13T16:56:07+00:00","article_modified_time":"2025-10-13T16:56:34+00:00","og_image":[{"width":1080,"height":948,"url":"https:\/\/diariodeloeste.com\/noticias\/wp-content\/uploads\/2025\/10\/WhatsApp-Image-2025-10-13-at-12.51.54-PM.jpeg","type":"image\/jpeg"}],"author":"Redaccion","twitter_card":"summary_large_image","twitter_misc":{"Escrito por":"Redaccion","Tiempo de lectura":"2 minutos"},"schema":{"@context":"https:\/\/schema.org","@graph":[{"@type":"Article","@id":"https:\/\/diariodeloeste.com\/noticias\/2025\/10\/13\/15304\/#article","isPartOf":{"@id":"https:\/\/diariodeloeste.com\/noticias\/2025\/10\/13\/15304\/"},"author":{"name":"Redaccion","@id":"https:\/\/diariodeloeste.com\/noticias\/#\/schema\/person\/1f7be965f8c093432e1cbfcee0ac4047"},"headline":"Club Vicentinos sali\u00f3 campe\u00f3n de la Primera &#8220;C&#8221; y ascendi\u00f3 a la Primera &#8220;B&#8221;","datePublished":"2025-10-13T16:56:07+00:00","dateModified":"2025-10-13T16:56:34+00:00","mainEntityOfPage":{"@id":"https:\/\/diariodeloeste.com\/noticias\/2025\/10\/13\/15304\/"},"wordCount":263,"publisher":{"@id":"https:\/\/diariodeloeste.com\/noticias\/#organization"},"image":{"@id":"https:\/\/diariodeloeste.com\/noticias\/2025\/10\/13\/15304\/#primaryimage"},"thumbnailUrl":"https:\/\/diariodeloeste.com\/noticias\/wp-content\/uploads\/2025\/10\/WhatsApp-Image-2025-10-13-at-12.51.54-PM.jpeg","articleSection":["Deportes"],"inLanguage":"es-AR"},{"@type":"WebPage","@id":"https:\/\/diariodeloeste.com\/noticias\/2025\/10\/13\/15304\/","url":"https:\/\/diariodeloeste.com\/noticias\/2025\/10\/13\/15304\/","name":"Club Vicentinos sali\u00f3 campe\u00f3n de la Primera \"C\" y ascendi\u00f3 a la Primera \"B\" - Diario del Oeste","isPartOf":{"@id":"https:\/\/diariodeloeste.com\/noticias\/#website"},"primaryImageOfPage":{"@id":"https:\/\/diariodeloeste.com\/noticias\/2025\/10\/13\/15304\/#primaryimage"},"image":{"@id":"https:\/\/diariodeloeste.com\/noticias\/2025\/10\/13\/15304\/#primaryimage"},"thumbnailUrl":"https:\/\/diariodeloeste.com\/noticias\/wp-content\/uploads\/2025\/10\/WhatsApp-Image-2025-10-13-at-12.51.54-PM.jpeg","datePublished":"2025-10-13T16:56:07+00:00","dateModified":"2025-10-13T16:56:34+00:00","breadcrumb":{"@id":"https:\/\/diariodeloeste.com\/noticias\/2025\/10\/13\/15304\/#breadcrumb"},"inLanguage":"es-AR","potentialAction":[{"@type":"ReadAction","target":["https:\/\/diariodeloeste.com\/noticias\/2025\/10\/13\/15304\/"]}]},{"@type":"ImageObject","inLanguage":"es-AR","@id":"https:\/\/diariodeloeste.com\/noticias\/2025\/10\/13\/15304\/#primaryimage","url":"https:\/\/diariodeloeste.com\/noticias\/wp-content\/uploads\/2025\/10\/WhatsApp-Image-2025-10-13-at-12.51.54-PM.jpeg","contentUrl":"https:\/\/diariodeloeste.com\/noticias\/wp-content\/uploads\/2025\/10\/WhatsApp-Image-2025-10-13-at-12.51.54-PM.jpeg","width":1080,"height":948},{"@type":"BreadcrumbList","@id":"https:\/\/diariodeloeste.com\/noticias\/2025\/10\/13\/15304\/#breadcrumb","itemListElement":[{"@type":"ListItem","position":1,"name":"Inicio","item":"https:\/\/diariodeloeste.com\/noticias\/"},{"@type":"ListItem","position":2,"name":"Club Vicentinos sali\u00f3 campe\u00f3n de la Primera &#8220;C&#8221; y ascendi\u00f3 a la Primera &#8220;B&#8221;"}]},{"@type":"WebSite","@id":"https:\/\/diariodeloeste.com\/noticias\/#website","url":"https:\/\/diariodeloeste.com\/noticias\/","name":"Diario del Oeste","description":"Noticias del Oeste","publisher":{"@id":"https:\/\/diariodeloeste.com\/noticias\/#organization"},"potentialAction":[{"@type":"SearchAction","target":{"@type":"EntryPoint","urlTemplate":"https:\/\/diariodeloeste.com\/noticias\/?s={search_term_string}"},"query-input":{"@type":"PropertyValueSpecification","valueRequired":true,"valueName":"search_term_string"}}],"inLanguage":"es-AR"},{"@type":"Organization","@id":"https:\/\/diariodeloeste.com\/noticias\/#organization","name":"Diario del Oeste","url":"https:\/\/diariodeloeste.com\/noticias\/","logo":{"@type":"ImageObject","inLanguage":"es-AR","@id":"https:\/\/diariodeloeste.com\/noticias\/#\/schema\/logo\/image\/","url":"https:\/\/diariodeloeste.com\/noticias\/wp-content\/uploads\/2019\/04\/logo.png","contentUrl":"https:\/\/diariodeloeste.com\/noticias\/wp-content\/uploads\/2019\/04\/logo.png","width":306,"height":145,"caption":"Diario del Oeste"},"image":{"@id":"https:\/\/diariodeloeste.com\/noticias\/#\/schema\/logo\/image\/"}},{"@type":"Person","@id":"https:\/\/diariodeloeste.com\/noticias\/#\/schema\/person\/1f7be965f8c093432e1cbfcee0ac4047","name":"Redaccion","image":{"@type":"ImageObject","inLanguage":"es-AR","@id":"https:\/\/secure.gravatar.com\/avatar\/f9bc3a12e26b32d818d88f9a5b61de20b559752e499df507efa7ea3cea0550ef?s=96&d=mm&r=g","url":"https:\/\/secure.gravatar.com\/avatar\/f9bc3a12e26b32d818d88f9a5b61de20b559752e499df507efa7ea3cea0550ef?s=96&d=mm&r=g","contentUrl":"https:\/\/secure.gravatar.com\/avatar\/f9bc3a12e26b32d818d88f9a5b61de20b559752e499df507efa7ea3cea0550ef?s=96&d=mm&r=g","caption":"Redaccion"},"url":"https:\/\/diariodeloeste.com\/noticias\/author\/redaccion\/"}]}},"_links":{"self":[{"href":"https:\/\/diariodeloeste.com\/noticias\/wp-json\/wp\/v2\/posts\/15304","targetHints":{"allow":["GET"]}}],"collection":[{"href":"https:\/\/diariodeloeste.com\/noticias\/wp-json\/wp\/v2\/posts"}],"about":[{"href":"https:\/\/diariodeloeste.com\/noticias\/wp-json\/wp\/v2\/types\/post"}],"author":[{"embeddable":true,"href":"https:\/\/diariodeloeste.com\/noticias\/wp-json\/wp\/v2\/users\/3"}],"replies":[{"embeddable":true,"href":"https:\/\/diariodeloeste.com\/noticias\/wp-json\/wp\/v2\/comments?post=15304"}],"version-history":[{"count":2,"href":"https:\/\/diariodeloeste.com\/noticias\/wp-json\/wp\/v2\/posts\/15304\/revisions"}],"predecessor-version":[{"id":15310,"href":"https:\/\/diariodeloeste.com\/noticias\/wp-json\/wp\/v2\/posts\/15304\/revisions\/15310"}],"wp:featuredmedia":[{"embeddable":true,"href":"https:\/\/diariodeloeste.com\/noticias\/wp-json\/wp\/v2\/media\/15308"}],"wp:attachment":[{"href":"https:\/\/diariodeloeste.com\/noticias\/wp-json\/wp\/v2\/media?parent=15304"}],"wp:term":[{"taxonomy":"category","embeddable":true,"href":"https:\/\/diariodeloeste.com\/noticias\/wp-json\/wp\/v2\/categories?post=15304"},{"taxonomy":"post_tag","embeddable":true,"href":"https:\/\/diariodeloeste.com\/noticias\/wp-json\/wp\/v2\/tags?post=15304"}],"curies":[{"name":"wp","href":"https:\/\/api.w.org\/{rel}","templated":true}]}}