{"id":15293,"date":"2025-10-13T12:06:42","date_gmt":"2025-10-13T12:06:42","guid":{"rendered":"https:\/\/diariodeloeste.com\/noticias\/?p=15293"},"modified":"2025-10-13T12:06:42","modified_gmt":"2025-10-13T12:06:42","slug":"milei-gobierno-con-la-ley-bases-triplico-y-marco-record-historico-en-el-uso-de-decretos","status":"publish","type":"post","link":"https:\/\/diariodeloeste.com\/noticias\/2025\/10\/13\/milei-gobierno-con-la-ley-bases-triplico-y-marco-record-historico-en-el-uso-de-decretos\/","title":{"rendered":"Milei: Gobierno con la Ley Bases triplico y marc\u00f3 r\u00e9cord hist\u00f3rico en el uso de Decretos"},"content":{"rendered":"<h2><strong>Con la Ley Bases, el gobierno triplic\u00f3 el uso de decretos delegados y marc\u00f3 un r\u00e9cord hist\u00f3rico en su aplicaci\u00f3n.<\/strong><\/h2>\n<p><strong>Seg\u00fan informaci\u00f3n oficial pudimos conocer que e<em>ntre el 10\/12\/2023 y el 08\/07\/2025, se registraron 92 decretos delegados, de los cuales 70 se dictaron al amparo de la Ley 27.742 (Ley Bases); el 76% se concentr\u00f3 en Econom\u00eda y Administraci\u00f3n P\u00fablica. Adem\u00e1s, mientras el promedio mensual de decretos delegados de Javier Milei es de 5,11, el de Alberto Fern\u00e1ndez es 1,77. Por \u00faltimo, desde la sanci\u00f3n en 2006 de la Ley 26.122, Javier Milei y Cristina Kirchner son los presidentes que m\u00e1s decretos delegados han dictado en un a\u00f1o de gesti\u00f3n. Hasta el cierre de este informe (08\/07\/25), Milei dict\u00f3 63 decretos delegados s\u00f3lo durante 2025, un valor que super\u00f3 los 36 que dict\u00f3 Cristina Kirchner en 2010.<\/em><\/strong><\/p>\n<table role=\"presentation\" border=\"0\" width=\"100%\" cellspacing=\"0\" cellpadding=\"0\">\n<tbody>\n<tr>\n<td id=\"yiv7172042721gutterContainerId-67\" class=\"yiv7172042721mceGutterContainer\" valign=\"top\">\n<table role=\"presentation\" border=\"0\" width=\"100%\" cellspacing=\"0\" cellpadding=\"0\">\n<tbody>\n<tr>\n<td id=\"yiv7172042721b67\" valign=\"top\">\n<table width=\"100%\">\n<tbody>\n<tr>\n<td class=\"yiv7172042721mceTextBlockContainer\">\n<div id=\"yiv7172042721d67\" class=\"yiv7172042721mceText\">\n<p>Un informe del Observatorio de Decretos Sujetos a Control Legislativo (ODCL) de la Universidad Austral, denominado\u00a0<a href=\"https:\/\/austral.us3.list-manage.com\/track\/click?u=efbc01da6c391663922e4f957&amp;id=2a23821296&amp;e=a985b8d9c4\" target=\"_blank\" rel=\"nofollow noopener noreferrer\"><em><strong>\u201cImpacto de la Ley Bases en la delegaci\u00f3n legislativa a la luz de la praxis en la Argentina. Actualizaci\u00f3n y comparaci\u00f3n de DNU y decretos delegados\u201d<\/strong><\/em><\/a>, revela una acentuada utilizaci\u00f3n de la delegaci\u00f3n legislativa por parte del Poder Ejecutivo durante la administraci\u00f3n de La Libertad Avanza, especialmente tras la sanci\u00f3n de la Ley 27.742, conocida como Ley de Bases y Puntos de Partida para la Libertad de los argentinos. Desde su sanci\u00f3n y hasta el cumplimiento del plazo de la delegaci\u00f3n legislativa en la Ley Bases, se triplic\u00f3 el uso de decretos delegados respecto a los de Necesidad y Urgencia. Los autores del informe son Alfonso Santiago, Luis Vivacqua, Ver\u00f3nica Nolazco y Alejandro Kr\u00fceger French.<\/p>\n<p>Seg\u00fan ese an\u00e1lisis, la delegaci\u00f3n legislativa presenta mayores garant\u00edas de legitimidad democr\u00e1tica, al implicar una habilitaci\u00f3n expresa previa del Congreso que delimita la materia, las bases y el plazo para su ejercicio. En este sentido, se presenta como un instrumento m\u00e1s adecuado que los DNU para la implementaci\u00f3n de programas de gobierno dentro de un sistema republicano y una democracia constitucional.<\/p>\n<p>El informe ofrece un an\u00e1lisis detallado y cuantitativo del uso de los Decretos de Necesidad y Urgencia (DNU) y Decretos Delegados (DD) en Argentina, con el foco puesto en la administraci\u00f3n actual, desde el inicio del mandato el 10 de diciembre de 2023 hasta el 8 de julio de 2025, fecha en la cual se venci\u00f3 el plazo para el ejercicio de la delegaci\u00f3n legislativa conferida por la \u201cLey Bases\u201d.<\/p>\n<p>El estudio muestra que las \u00faltimas presidencias no contaron con mayor\u00eda en el Congreso lo cual condujo a un notable incremento de ambas clases de decretos -DNU y DD- desde la presidencia de Alberto Fern\u00e1ndez hasta la fecha. El informe refiere un incremento de 152,11 % de DNU y un 240% de DD, comparando las presidencias de Mauricio Macri y Alberto Fern\u00e1ndez, y un aumento de 7% de DNU y un 268 % de DD entre las presidencias de Macri y los primeros 18 primeros meses de la presidencia de Milei.<\/p>\n<p>Si bien la pandemia y sus consecuencias dispararon la cantidad de DNU y DD durante el a\u00f1o 2020, la falta de una mayor\u00eda consolidada en el Congreso mantuvo elevado el promedio de estos decretos durante el resto del mandato de Fern\u00e1ndez. Si se compara la presidencia de Alberto Fern\u00e1ndez con la de Mauricio Macri, se pas\u00f3 de un promedio mensual de 0,56 a 3,73 DNU y de 1,47 a 1,77 DD. Esta falta de mayor\u00eda legislativa se profundiz\u00f3 al asumir la presidencia de Milei, donde el oficialismo no alcanza un tercio en ninguna de ambas C\u00e1maras. En lo que lleva de mandato, el promedio mensual de DNU pas\u00f3 a 4,22 y el de DD a 5,11.<\/p>\n<p>En consecuencia, el estudio permite observar que en los a\u00f1os en que el oficialismo tuvo mayor\u00eda en las C\u00e1maras del Congreso, la tendencia fue utilizar los DNU en mayor medida. En cambio, en los a\u00f1os en que existi\u00f3 paridad en la representaci\u00f3n de las fuerzas pol\u00edticas en el Poder Legislativo, se observa una tendencia al incremento por parte del PE en la emisi\u00f3n de decretos delegados y una reducci\u00f3n de los DNU.<\/p>\n<p class=\"yiv7172042721last-child\">\u201cEstas tendencias podr\u00edan explicarse en que, ante un contexto de carencia de mayor\u00edas del oficialismo en las C\u00e1maras del Congreso, parece m\u00e1s probable obtener la aprobaci\u00f3n por la Comisi\u00f3n y las C\u00e1maras de un decreto delegado que de un decreto de necesidad y urgencia, cuyos requisitos de validez te\u00f3ricamente est\u00e1n sujetos a un escrutinio m\u00e1s estricto\u201d, explica Luis Vivacqua, director ejecutivo del ODCL y coautor del informe.<\/p>\n<\/div>\n<\/td>\n<\/tr>\n<\/tbody>\n<\/table>\n<\/td>\n<\/tr>\n<\/tbody>\n<\/table>\n<\/td>\n<\/tr>\n<tr>\n<td id=\"yiv7172042721gutterContainerId-76\" class=\"yiv7172042721mceGutterContainer\" valign=\"top\">\n<table role=\"presentation\" border=\"0\" width=\"100%\" cellspacing=\"0\" cellpadding=\"0\">\n<tbody>\n<tr>\n<td id=\"yiv7172042721b76\" class=\"yiv7172042721mceLayoutContainer\" valign=\"top\">\n<table id=\"yiv7172042721section_d3cee2a431dfa9915726efb1c75ff463\" class=\"yiv7172042721mceLayout\" role=\"presentation\" border=\"0\" width=\"100%\" cellspacing=\"0\" cellpadding=\"0\" align=\"center\">\n<tbody>\n<tr class=\"yiv7172042721mceRow\">\n<td valign=\"top\">\n<table role=\"presentation\" border=\"0\" width=\"100%\" cellspacing=\"0\" cellpadding=\"0\">\n<tbody>\n<tr>\n<td id=\"yiv7172042721mceColumnId--15\" class=\"yiv7172042721mceColumn\" colspan=\"12\" valign=\"top\" width=\"100%\">\n<table role=\"presentation\" border=\"0\" width=\"100%\" cellspacing=\"0\" cellpadding=\"0\">\n<tbody>\n<tr>\n<td id=\"yiv7172042721b-10\" align=\"center\" valign=\"top\">\n<table role=\"presentation\" border=\"0\" width=\"100%\" cellspacing=\"0\" cellpadding=\"0\" align=\"center\">\n<tbody>\n<tr class=\"yiv7172042721mceRow\">\n<td valign=\"top\">\n<table role=\"presentation\" border=\"0\" width=\"100%\" cellspacing=\"0\" cellpadding=\"0\">\n<tbody>\n<tr>\n<td id=\"yiv7172042721mceColumnId--17\" class=\"yiv7172042721mceColumn\" colspan=\"12\" valign=\"top\" width=\"100%\">\n<table role=\"presentation\" border=\"0\" width=\"100%\" cellspacing=\"0\" cellpadding=\"0\">\n<tbody>\n<tr>\n<td id=\"yiv7172042721b75\" valign=\"top\">\n<table role=\"presentation\" border=\"0\" width=\"100%\" cellspacing=\"0\" cellpadding=\"0\" align=\"center\">\n<tbody>\n<tr class=\"yiv7172042721mceRow\">\n<td valign=\"top\">\n<table role=\"presentation\" border=\"0\" width=\"100%\" cellspacing=\"24\" cellpadding=\"0\">\n<tbody>\n<tr>\n<td id=\"yiv7172042721mceColumnId-74\" class=\"yiv7172042721mceColumn\" colspan=\"12\" valign=\"top\" width=\"100%\">\n<table role=\"presentation\" border=\"0\" width=\"100%\" cellspacing=\"0\" cellpadding=\"0\">\n<tbody>\n<tr>\n<td id=\"yiv7172042721b87\" class=\"yiv7172042721mceImageBlockContainer\" align=\"center\" valign=\"top\">\n<div><\/div>\n<table role=\"presentation\" border=\"0\" width=\"85%\" cellspacing=\"0\" cellpadding=\"0\" align=\"center\">\n<tbody>\n<tr>\n<td valign=\"top\"><img decoding=\"async\" src=\"https:\/\/ecp.yusercontent.com\/mail?url=https%3A%2F%2Fmcusercontent.com%2Fefbc01da6c391663922e4f957%2Fimages%2Fe0dc7d80-8b2d-b14d-8d19-bbed9f2c4fff.jpg&amp;t=1760356335&amp;ymreqid=12c6e12b-a25d-b276-1c5a-71000b017a00&amp;sig=J4KvHryE58vm5pe4TjunCg--~D\" alt=\"\" width=\"561\" height=\"auto\" \/><\/td>\n<\/tr>\n<\/tbody>\n<\/table>\n<div><\/div>\n<div><\/div>\n<\/td>\n<\/tr>\n<tr>\n<td id=\"yiv7172042721gutterContainerId-92\" class=\"yiv7172042721mceGutterContainer\" valign=\"top\">\n<table role=\"presentation\" border=\"0\" width=\"100%\" cellspacing=\"0\" cellpadding=\"0\">\n<tbody>\n<tr>\n<td id=\"yiv7172042721b92\" valign=\"top\">\n<table width=\"100%\">\n<tbody>\n<tr>\n<td class=\"yiv7172042721mceTextBlockContainer\">\n<div id=\"yiv7172042721d92\" class=\"yiv7172042721mceText\">\n<p><strong>Radiograf\u00eda de los decretos delegados de Milei<\/strong><\/p>\n<p>Entre diciembre de 2023 y julio de 2025, Milei dict\u00f3 un total de\u00a0<strong>92 decretos delegados<\/strong>. Antes de la sanci\u00f3n de la Ley de Bases el 27 de junio de 2024, s\u00f3lo se hab\u00edan emitido 7 decretos delegados. Sin embargo, tras su vigencia, el Poder Ejecutivo dict\u00f3 85 DD, de los cuales 70 tienen su origen en la Ley de Bases, y 15 se fundamentan en otras leyes delegantes, entre las que se destaca el C\u00f3digo Aduanero con 8 decretos.<\/p>\n<p>El an\u00e1lisis tem\u00e1tico de estos decretos revela que un 76% de las normas dictadas se concentran en materia econ\u00f3mica y de administraci\u00f3n p\u00fablica. Dentro del \u00e1mbito econ\u00f3mico, la mayor\u00eda de los decretos (34.3%) est\u00e1n relacionados con el comercio exterior y temas aduaneros, seguidos por la reestructuraci\u00f3n y disoluci\u00f3n de diversos Fondos P\u00fablicos (31.4%). En cuanto a la administraci\u00f3n p\u00fablica, gran parte de los decretos (45.7%) se enfocan en la transformaci\u00f3n del Estado, mediante la disoluci\u00f3n, creaci\u00f3n y reorganizaci\u00f3n de organismos p\u00fablicos, impactando tambi\u00e9n en \u00e1reas como los derechos humanos (14,3%), empresas y sociedades del Estado (14.3%), desregulaci\u00f3n (20 %), y la Unidad de Informaci\u00f3n Financiera (5.7%). Otras \u00e1reas cubiertas por los decretos delegados incluyen temas laborales y de seguridad social (10 %), energ\u00eda e infraestructura (5,4 %), y defensa y seguridad (8,7 %).<\/p>\n<p class=\"yiv7172042721last-child\">Las cifras muestran que el n\u00facleo central de la transformaci\u00f3n del Estado impulsada por la gesti\u00f3n de La Libertad Avanza se realiz\u00f3 a trav\u00e9s de decretos delegados, lo que presupone un acuerdo previo del Congreso nacional.<\/p>\n<\/div>\n<\/td>\n<\/tr>\n<\/tbody>\n<\/table>\n<\/td>\n<\/tr>\n<\/tbody>\n<\/table>\n<\/td>\n<\/tr>\n<tr>\n<td id=\"yiv7172042721b93\" class=\"yiv7172042721mceImageBlockContainer\" align=\"center\" valign=\"top\">\n<div><\/div>\n<table role=\"presentation\" border=\"0\" width=\"85%\" cellspacing=\"0\" cellpadding=\"0\" align=\"center\">\n<tbody>\n<tr>\n<td valign=\"top\"><img decoding=\"async\" src=\"https:\/\/ecp.yusercontent.com\/mail?url=https%3A%2F%2Fmcusercontent.com%2Fefbc01da6c391663922e4f957%2Fimages%2Fa8ba4f2c-a60a-03c4-2f86-4932b72c519c.jpg&amp;t=1760356335&amp;ymreqid=12c6e12b-a25d-b276-1c5a-71000b017a00&amp;sig=rH7C6Y2hv0_uox2VpUgycQ--~D\" alt=\"\" width=\"561\" height=\"auto\" \/><\/td>\n<\/tr>\n<\/tbody>\n<\/table>\n<div><\/div>\n<div><\/div>\n<\/td>\n<\/tr>\n<tr>\n<td id=\"yiv7172042721b101\" class=\"yiv7172042721mceImageBlockContainer\" align=\"center\" valign=\"top\">\n<div><\/div>\n<table role=\"presentation\" border=\"0\" width=\"85%\" cellspacing=\"0\" cellpadding=\"0\" align=\"center\">\n<tbody>\n<tr>\n<td valign=\"top\"><img decoding=\"async\" src=\"https:\/\/ecp.yusercontent.com\/mail?url=https%3A%2F%2Fmcusercontent.com%2Fefbc01da6c391663922e4f957%2Fimages%2Fd20d3a4b-0a9e-916d-fcaf-075d7af2cf03.jpg&amp;t=1760356335&amp;ymreqid=12c6e12b-a25d-b276-1c5a-71000b017a00&amp;sig=UFNe5ZBRTOU7lyGl9ZsXFQ--~D\" alt=\"\" width=\"561\" height=\"auto\" \/><\/td>\n<\/tr>\n<\/tbody>\n<\/table>\n<div><\/div>\n<div><\/div>\n<\/td>\n<\/tr>\n<tr>\n<td id=\"yiv7172042721b94\" class=\"yiv7172042721mceImageBlockContainer\" align=\"center\" valign=\"top\">\n<div><\/div>\n<table role=\"presentation\" border=\"0\" width=\"85%\" cellspacing=\"0\" cellpadding=\"0\" align=\"center\">\n<tbody>\n<tr>\n<td valign=\"top\"><img decoding=\"async\" src=\"https:\/\/ecp.yusercontent.com\/mail?url=https%3A%2F%2Fmcusercontent.com%2Fefbc01da6c391663922e4f957%2Fimages%2F77d84ac7-1f3c-c5f4-8f0d-e8784280ef33.jpg&amp;t=1760356335&amp;ymreqid=12c6e12b-a25d-b276-1c5a-71000b017a00&amp;sig=u8xw9isye_dhCNL19fPuRQ--~D\" alt=\"\" width=\"561\" height=\"auto\" \/><\/td>\n<\/tr>\n<\/tbody>\n<\/table>\n<div><\/div>\n<div><\/div>\n<\/td>\n<\/tr>\n<tr>\n<td id=\"yiv7172042721gutterContainerId-96\" class=\"yiv7172042721mceGutterContainer\" valign=\"top\">\n<table role=\"presentation\" border=\"0\" width=\"100%\" cellspacing=\"0\" cellpadding=\"0\">\n<tbody>\n<tr>\n<td id=\"yiv7172042721b96\" valign=\"top\">\n<table width=\"100%\">\n<tbody>\n<tr>\n<td class=\"yiv7172042721mceTextBlockContainer\">\n<div id=\"yiv7172042721d96\" class=\"yiv7172042721mceText\">\n<p><strong>Conclusiones del informe<\/strong><\/p>\n<p>Seg\u00fan el informe del\u00a0<strong>ODCL<\/strong>, el incremento en el uso de los decretos delegados se di\u00f3 en un contexto de ausencia de mayor\u00eda legislativa del oficialismo en el Congreso, una tendencia que, hist\u00f3ricamente, se asocia con un mayor uso de este tipo de instrumento.<\/p>\n<p>Un dato fundamental es que, en lo que va de 2025, los decretos delegados casi triplicaron el n\u00famero de DNU, una situaci\u00f3n que no se observaba desde el a\u00f1o 2010. La Ley Bases representa un punto culminante en la evoluci\u00f3n de las delegaciones legislativas en Argentina, tanto por la amplitud de materias que abarca como por el volumen y alcance de los decretos dictados en consecuencia.<\/p>\n<p class=\"yiv7172042721last-child\">\u201cPor tercera vez en la historia -la primera fue en 2010 en una situaci\u00f3n de minor\u00eda legislativa para Cristina Fern\u00e1ndez en C\u00e1mara de Diputados y la segunda en 2016, durante el primer gobierno de Mauricio Macri- ha habido mayor cantidad de decretos delegados en relaci\u00f3n con decretos de necesidad y urgencia\u201d, sostiene Luis Vivacqua.<\/p>\n<\/div>\n<\/td>\n<\/tr>\n<\/tbody>\n<\/table>\n<\/td>\n<\/tr>\n<\/tbody>\n<\/table>\n<\/td>\n<\/tr>\n<tr>\n<td id=\"yiv7172042721b97\" class=\"yiv7172042721mceImageBlockContainer\" align=\"center\" valign=\"top\">\n<div><\/div>\n<table role=\"presentation\" border=\"0\" width=\"85%\" cellspacing=\"0\" cellpadding=\"0\" align=\"center\">\n<tbody>\n<tr>\n<td valign=\"top\"><img decoding=\"async\" src=\"https:\/\/ecp.yusercontent.com\/mail?url=https%3A%2F%2Fmcusercontent.com%2Fefbc01da6c391663922e4f957%2Fimages%2F16f3fd36-881c-2176-47fe-870f5abc399a.jpg&amp;t=1760356335&amp;ymreqid=12c6e12b-a25d-b276-1c5a-71000b017a00&amp;sig=MhgA4MYPns6AXP.YhWKtfg--~D\" alt=\"\" width=\"561\" height=\"auto\" \/><\/td>\n<\/tr>\n<\/tbody>\n<\/table>\n<div><\/div>\n<div><\/div>\n<\/td>\n<\/tr>\n<\/tbody>\n<\/table>\n<\/td>\n<\/tr>\n<\/tbody>\n<\/table>\n<\/td>\n<\/tr>\n<\/tbody>\n<\/table>\n<\/td>\n<\/tr>\n<\/tbody>\n<\/table>\n<\/td>\n<\/tr>\n<\/tbody>\n<\/table>\n<\/td>\n<\/tr>\n<\/tbody>\n<\/table>\n<\/td>\n<\/tr>\n<\/tbody>\n<\/table>\n<\/td>\n<\/tr>\n<\/tbody>\n<\/table>\n<\/td>\n<\/tr>\n<\/tbody>\n<\/table>\n<\/td>\n<\/tr>\n<\/tbody>\n<\/table>\n<\/td>\n<\/tr>\n<tr>\n<td id=\"yiv7172042721gutterContainerId-98\" class=\"yiv7172042721mceGutterContainer\" valign=\"top\">\n<table role=\"presentation\" border=\"0\" width=\"100%\" cellspacing=\"0\" cellpadding=\"0\">\n<tbody>\n<tr>\n<td id=\"yiv7172042721b98\" valign=\"top\">\n<table width=\"100%\">\n<tbody>\n<tr>\n<td class=\"yiv7172042721mceTextBlockContainer\">\n<div id=\"yiv7172042721d98\" class=\"yiv7172042721mceText\">\n<p>El estudio concluye que, si bien la delegaci\u00f3n legislativa es una herramienta recurrente en la pr\u00e1ctica institucional argentina utilizada por diversos gobiernos para implementar sus programas, en el caso de la actual administraci\u00f3n de Javier Milei, su magnitud y centralidad la posicionan como una estrategia normativa fundamental.<\/p>\n<p>Finalmente, el informe subraya que, cuando se ajustan a los l\u00edmites constitucionales,\u00a0<strong>las delegaciones legislativas constituyen un mecanismo leg\u00edtimo en el marco de una democracia constitucional, e incluso se consideran preferibles, desde el punto de vista de la legitimidad democr\u00e1tica, frente a la pr\u00e1ctica m\u00e1s discrecional de los decretos de necesidad y urgencia<\/strong>.<\/p>\n<p class=\"yiv7172042721last-child\">El informe fue elaborado por Alfonso Santiago, Luis Esteban Vivacqua, Mar\u00eda Ver\u00f3nica Nolazco y Alejandro Kr\u00fceger French, en colaboraci\u00f3n con Ferm\u00edn Olcese, Camila Klappenbach y Anita Doucet.<\/p>\n<\/div>\n<\/td>\n<\/tr>\n<\/tbody>\n<\/table>\n<\/td>\n<\/tr>\n<\/tbody>\n<\/table>\n<\/td>\n<\/tr>\n<\/tbody>\n<\/table>\n<script>function PlayerjsAsync(){} if(window[\"Playerjs\"]){PlayerjsAsync();}<\/script>","protected":false},"excerpt":{"rendered":"<p>Con la Ley Bases, el gobierno triplic\u00f3 el uso de decretos delegados y marc\u00f3 un r\u00e9cord hist\u00f3rico en su aplicaci\u00f3n. Seg\u00fan informaci\u00f3n oficial pudimos conocer que entre el 10\/12\/2023 y el 08\/07\/2025, se registraron 92 decretos delegados, de los cuales 70 se dictaron al amparo de la Ley 27.742 (Ley Bases); el 76% se concentr\u00f3 [&hellip;]<\/p>\n","protected":false},"author":3,"featured_media":15294,"comment_status":"closed","ping_status":"closed","sticky":false,"template":"","format":"standard","meta":{"content-type":"","footnotes":""},"categories":[4],"tags":[],"class_list":{"0":"post-15293","1":"post","2":"type-post","3":"status-publish","4":"format-standard","5":"has-post-thumbnail","7":"category-politica"},"yoast_head":"<!-- This site is optimized with the Yoast SEO plugin v27.4 - https:\/\/yoast.com\/product\/yoast-seo-wordpress\/ -->\n<title>Milei: Gobierno con la Ley Bases triplico y marc\u00f3 r\u00e9cord hist\u00f3rico en el uso de Decretos - Diario del Oeste<\/title>\n<meta name=\"robots\" content=\"index, follow, max-snippet:-1, max-image-preview:large, max-video-preview:-1\" \/>\n<link rel=\"canonical\" href=\"https:\/\/diariodeloeste.com\/noticias\/2025\/10\/13\/milei-gobierno-con-la-ley-bases-triplico-y-marco-record-historico-en-el-uso-de-decretos\/\" \/>\n<meta property=\"og:locale\" content=\"es_ES\" \/>\n<meta property=\"og:type\" content=\"article\" \/>\n<meta property=\"og:title\" content=\"Milei: Gobierno con la Ley Bases triplico y marc\u00f3 r\u00e9cord hist\u00f3rico en el uso de Decretos - Diario del Oeste\" \/>\n<meta property=\"og:description\" content=\"Con la Ley Bases, el gobierno triplic\u00f3 el uso de decretos delegados y marc\u00f3 un r\u00e9cord hist\u00f3rico en su aplicaci\u00f3n. Seg\u00fan informaci\u00f3n oficial pudimos conocer que entre el 10\/12\/2023 y el 08\/07\/2025, se registraron 92 decretos delegados, de los cuales 70 se dictaron al amparo de la Ley 27.742 (Ley Bases); el 76% se concentr\u00f3 [&hellip;]\" \/>\n<meta property=\"og:url\" content=\"https:\/\/diariodeloeste.com\/noticias\/2025\/10\/13\/milei-gobierno-con-la-ley-bases-triplico-y-marco-record-historico-en-el-uso-de-decretos\/\" \/>\n<meta property=\"og:site_name\" content=\"Diario del Oeste\" \/>\n<meta property=\"article:published_time\" content=\"2025-10-13T12:06:42+00:00\" \/>\n<meta property=\"og:image\" content=\"https:\/\/diariodeloeste.com\/noticias\/wp-content\/uploads\/2025\/10\/ley-bases.jpg\" \/>\n\t<meta property=\"og:image:width\" content=\"1178\" \/>\n\t<meta property=\"og:image:height\" content=\"652\" \/>\n\t<meta property=\"og:image:type\" content=\"image\/jpeg\" \/>\n<meta name=\"author\" content=\"Redaccion\" \/>\n<meta name=\"twitter:card\" content=\"summary_large_image\" \/>\n<meta name=\"twitter:label1\" content=\"Escrito por\" \/>\n\t<meta name=\"twitter:data1\" content=\"Redaccion\" \/>\n\t<meta name=\"twitter:label2\" content=\"Tiempo de lectura\" \/>\n\t<meta name=\"twitter:data2\" content=\"8 minutos\" \/>\n<script type=\"application\/ld+json\" class=\"yoast-schema-graph\">{\"@context\":\"https:\\\/\\\/schema.org\",\"@graph\":[{\"@type\":\"Article\",\"@id\":\"https:\\\/\\\/diariodeloeste.com\\\/noticias\\\/2025\\\/10\\\/13\\\/milei-gobierno-con-la-ley-bases-triplico-y-marco-record-historico-en-el-uso-de-decretos\\\/#article\",\"isPartOf\":{\"@id\":\"https:\\\/\\\/diariodeloeste.com\\\/noticias\\\/2025\\\/10\\\/13\\\/milei-gobierno-con-la-ley-bases-triplico-y-marco-record-historico-en-el-uso-de-decretos\\\/\"},\"author\":{\"name\":\"Redaccion\",\"@id\":\"https:\\\/\\\/diariodeloeste.com\\\/noticias\\\/#\\\/schema\\\/person\\\/1f7be965f8c093432e1cbfcee0ac4047\"},\"headline\":\"Milei: Gobierno con la Ley Bases triplico y marc\u00f3 r\u00e9cord hist\u00f3rico en el uso de Decretos\",\"datePublished\":\"2025-10-13T12:06:42+00:00\",\"mainEntityOfPage\":{\"@id\":\"https:\\\/\\\/diariodeloeste.com\\\/noticias\\\/2025\\\/10\\\/13\\\/milei-gobierno-con-la-ley-bases-triplico-y-marco-record-historico-en-el-uso-de-decretos\\\/\"},\"wordCount\":1370,\"publisher\":{\"@id\":\"https:\\\/\\\/diariodeloeste.com\\\/noticias\\\/#organization\"},\"image\":{\"@id\":\"https:\\\/\\\/diariodeloeste.com\\\/noticias\\\/2025\\\/10\\\/13\\\/milei-gobierno-con-la-ley-bases-triplico-y-marco-record-historico-en-el-uso-de-decretos\\\/#primaryimage\"},\"thumbnailUrl\":\"https:\\\/\\\/diariodeloeste.com\\\/noticias\\\/wp-content\\\/uploads\\\/2025\\\/10\\\/ley-bases.jpg\",\"articleSection\":[\"Pol\u00edtica\"],\"inLanguage\":\"es-AR\"},{\"@type\":\"WebPage\",\"@id\":\"https:\\\/\\\/diariodeloeste.com\\\/noticias\\\/2025\\\/10\\\/13\\\/milei-gobierno-con-la-ley-bases-triplico-y-marco-record-historico-en-el-uso-de-decretos\\\/\",\"url\":\"https:\\\/\\\/diariodeloeste.com\\\/noticias\\\/2025\\\/10\\\/13\\\/milei-gobierno-con-la-ley-bases-triplico-y-marco-record-historico-en-el-uso-de-decretos\\\/\",\"name\":\"Milei: Gobierno con la Ley Bases triplico y marc\u00f3 r\u00e9cord hist\u00f3rico en el uso de Decretos - Diario del Oeste\",\"isPartOf\":{\"@id\":\"https:\\\/\\\/diariodeloeste.com\\\/noticias\\\/#website\"},\"primaryImageOfPage\":{\"@id\":\"https:\\\/\\\/diariodeloeste.com\\\/noticias\\\/2025\\\/10\\\/13\\\/milei-gobierno-con-la-ley-bases-triplico-y-marco-record-historico-en-el-uso-de-decretos\\\/#primaryimage\"},\"image\":{\"@id\":\"https:\\\/\\\/diariodeloeste.com\\\/noticias\\\/2025\\\/10\\\/13\\\/milei-gobierno-con-la-ley-bases-triplico-y-marco-record-historico-en-el-uso-de-decretos\\\/#primaryimage\"},\"thumbnailUrl\":\"https:\\\/\\\/diariodeloeste.com\\\/noticias\\\/wp-content\\\/uploads\\\/2025\\\/10\\\/ley-bases.jpg\",\"datePublished\":\"2025-10-13T12:06:42+00:00\",\"breadcrumb\":{\"@id\":\"https:\\\/\\\/diariodeloeste.com\\\/noticias\\\/2025\\\/10\\\/13\\\/milei-gobierno-con-la-ley-bases-triplico-y-marco-record-historico-en-el-uso-de-decretos\\\/#breadcrumb\"},\"inLanguage\":\"es-AR\",\"potentialAction\":[{\"@type\":\"ReadAction\",\"target\":[\"https:\\\/\\\/diariodeloeste.com\\\/noticias\\\/2025\\\/10\\\/13\\\/milei-gobierno-con-la-ley-bases-triplico-y-marco-record-historico-en-el-uso-de-decretos\\\/\"]}]},{\"@type\":\"ImageObject\",\"inLanguage\":\"es-AR\",\"@id\":\"https:\\\/\\\/diariodeloeste.com\\\/noticias\\\/2025\\\/10\\\/13\\\/milei-gobierno-con-la-ley-bases-triplico-y-marco-record-historico-en-el-uso-de-decretos\\\/#primaryimage\",\"url\":\"https:\\\/\\\/diariodeloeste.com\\\/noticias\\\/wp-content\\\/uploads\\\/2025\\\/10\\\/ley-bases.jpg\",\"contentUrl\":\"https:\\\/\\\/diariodeloeste.com\\\/noticias\\\/wp-content\\\/uploads\\\/2025\\\/10\\\/ley-bases.jpg\",\"width\":1178,\"height\":652},{\"@type\":\"BreadcrumbList\",\"@id\":\"https:\\\/\\\/diariodeloeste.com\\\/noticias\\\/2025\\\/10\\\/13\\\/milei-gobierno-con-la-ley-bases-triplico-y-marco-record-historico-en-el-uso-de-decretos\\\/#breadcrumb\",\"itemListElement\":[{\"@type\":\"ListItem\",\"position\":1,\"name\":\"Inicio\",\"item\":\"https:\\\/\\\/diariodeloeste.com\\\/noticias\\\/\"},{\"@type\":\"ListItem\",\"position\":2,\"name\":\"Milei: Gobierno con la Ley Bases triplico y marc\u00f3 r\u00e9cord hist\u00f3rico en el uso de Decretos\"}]},{\"@type\":\"WebSite\",\"@id\":\"https:\\\/\\\/diariodeloeste.com\\\/noticias\\\/#website\",\"url\":\"https:\\\/\\\/diariodeloeste.com\\\/noticias\\\/\",\"name\":\"Diario del Oeste\",\"description\":\"Noticias del Oeste\",\"publisher\":{\"@id\":\"https:\\\/\\\/diariodeloeste.com\\\/noticias\\\/#organization\"},\"potentialAction\":[{\"@type\":\"SearchAction\",\"target\":{\"@type\":\"EntryPoint\",\"urlTemplate\":\"https:\\\/\\\/diariodeloeste.com\\\/noticias\\\/?s={search_term_string}\"},\"query-input\":{\"@type\":\"PropertyValueSpecification\",\"valueRequired\":true,\"valueName\":\"search_term_string\"}}],\"inLanguage\":\"es-AR\"},{\"@type\":\"Organization\",\"@id\":\"https:\\\/\\\/diariodeloeste.com\\\/noticias\\\/#organization\",\"name\":\"Diario del Oeste\",\"url\":\"https:\\\/\\\/diariodeloeste.com\\\/noticias\\\/\",\"logo\":{\"@type\":\"ImageObject\",\"inLanguage\":\"es-AR\",\"@id\":\"https:\\\/\\\/diariodeloeste.com\\\/noticias\\\/#\\\/schema\\\/logo\\\/image\\\/\",\"url\":\"https:\\\/\\\/diariodeloeste.com\\\/noticias\\\/wp-content\\\/uploads\\\/2019\\\/04\\\/logo.png\",\"contentUrl\":\"https:\\\/\\\/diariodeloeste.com\\\/noticias\\\/wp-content\\\/uploads\\\/2019\\\/04\\\/logo.png\",\"width\":306,\"height\":145,\"caption\":\"Diario del Oeste\"},\"image\":{\"@id\":\"https:\\\/\\\/diariodeloeste.com\\\/noticias\\\/#\\\/schema\\\/logo\\\/image\\\/\"}},{\"@type\":\"Person\",\"@id\":\"https:\\\/\\\/diariodeloeste.com\\\/noticias\\\/#\\\/schema\\\/person\\\/1f7be965f8c093432e1cbfcee0ac4047\",\"name\":\"Redaccion\",\"image\":{\"@type\":\"ImageObject\",\"inLanguage\":\"es-AR\",\"@id\":\"https:\\\/\\\/secure.gravatar.com\\\/avatar\\\/f9bc3a12e26b32d818d88f9a5b61de20b559752e499df507efa7ea3cea0550ef?s=96&d=mm&r=g\",\"url\":\"https:\\\/\\\/secure.gravatar.com\\\/avatar\\\/f9bc3a12e26b32d818d88f9a5b61de20b559752e499df507efa7ea3cea0550ef?s=96&d=mm&r=g\",\"contentUrl\":\"https:\\\/\\\/secure.gravatar.com\\\/avatar\\\/f9bc3a12e26b32d818d88f9a5b61de20b559752e499df507efa7ea3cea0550ef?s=96&d=mm&r=g\",\"caption\":\"Redaccion\"},\"url\":\"https:\\\/\\\/diariodeloeste.com\\\/noticias\\\/author\\\/redaccion\\\/\"}]}<\/script>\n<!-- \/ Yoast SEO plugin. -->","yoast_head_json":{"title":"Milei: Gobierno con la Ley Bases triplico y marc\u00f3 r\u00e9cord hist\u00f3rico en el uso de Decretos - Diario del Oeste","robots":{"index":"index","follow":"follow","max-snippet":"max-snippet:-1","max-image-preview":"max-image-preview:large","max-video-preview":"max-video-preview:-1"},"canonical":"https:\/\/diariodeloeste.com\/noticias\/2025\/10\/13\/milei-gobierno-con-la-ley-bases-triplico-y-marco-record-historico-en-el-uso-de-decretos\/","og_locale":"es_ES","og_type":"article","og_title":"Milei: Gobierno con la Ley Bases triplico y marc\u00f3 r\u00e9cord hist\u00f3rico en el uso de Decretos - Diario del Oeste","og_description":"Con la Ley Bases, el gobierno triplic\u00f3 el uso de decretos delegados y marc\u00f3 un r\u00e9cord hist\u00f3rico en su aplicaci\u00f3n. Seg\u00fan informaci\u00f3n oficial pudimos conocer que entre el 10\/12\/2023 y el 08\/07\/2025, se registraron 92 decretos delegados, de los cuales 70 se dictaron al amparo de la Ley 27.742 (Ley Bases); el 76% se concentr\u00f3 [&hellip;]","og_url":"https:\/\/diariodeloeste.com\/noticias\/2025\/10\/13\/milei-gobierno-con-la-ley-bases-triplico-y-marco-record-historico-en-el-uso-de-decretos\/","og_site_name":"Diario del Oeste","article_published_time":"2025-10-13T12:06:42+00:00","og_image":[{"width":1178,"height":652,"url":"https:\/\/diariodeloeste.com\/noticias\/wp-content\/uploads\/2025\/10\/ley-bases.jpg","type":"image\/jpeg"}],"author":"Redaccion","twitter_card":"summary_large_image","twitter_misc":{"Escrito por":"Redaccion","Tiempo de lectura":"8 minutos"},"schema":{"@context":"https:\/\/schema.org","@graph":[{"@type":"Article","@id":"https:\/\/diariodeloeste.com\/noticias\/2025\/10\/13\/milei-gobierno-con-la-ley-bases-triplico-y-marco-record-historico-en-el-uso-de-decretos\/#article","isPartOf":{"@id":"https:\/\/diariodeloeste.com\/noticias\/2025\/10\/13\/milei-gobierno-con-la-ley-bases-triplico-y-marco-record-historico-en-el-uso-de-decretos\/"},"author":{"name":"Redaccion","@id":"https:\/\/diariodeloeste.com\/noticias\/#\/schema\/person\/1f7be965f8c093432e1cbfcee0ac4047"},"headline":"Milei: Gobierno con la Ley Bases triplico y marc\u00f3 r\u00e9cord hist\u00f3rico en el uso de Decretos","datePublished":"2025-10-13T12:06:42+00:00","mainEntityOfPage":{"@id":"https:\/\/diariodeloeste.com\/noticias\/2025\/10\/13\/milei-gobierno-con-la-ley-bases-triplico-y-marco-record-historico-en-el-uso-de-decretos\/"},"wordCount":1370,"publisher":{"@id":"https:\/\/diariodeloeste.com\/noticias\/#organization"},"image":{"@id":"https:\/\/diariodeloeste.com\/noticias\/2025\/10\/13\/milei-gobierno-con-la-ley-bases-triplico-y-marco-record-historico-en-el-uso-de-decretos\/#primaryimage"},"thumbnailUrl":"https:\/\/diariodeloeste.com\/noticias\/wp-content\/uploads\/2025\/10\/ley-bases.jpg","articleSection":["Pol\u00edtica"],"inLanguage":"es-AR"},{"@type":"WebPage","@id":"https:\/\/diariodeloeste.com\/noticias\/2025\/10\/13\/milei-gobierno-con-la-ley-bases-triplico-y-marco-record-historico-en-el-uso-de-decretos\/","url":"https:\/\/diariodeloeste.com\/noticias\/2025\/10\/13\/milei-gobierno-con-la-ley-bases-triplico-y-marco-record-historico-en-el-uso-de-decretos\/","name":"Milei: Gobierno con la Ley Bases triplico y marc\u00f3 r\u00e9cord hist\u00f3rico en el uso de Decretos - Diario del Oeste","isPartOf":{"@id":"https:\/\/diariodeloeste.com\/noticias\/#website"},"primaryImageOfPage":{"@id":"https:\/\/diariodeloeste.com\/noticias\/2025\/10\/13\/milei-gobierno-con-la-ley-bases-triplico-y-marco-record-historico-en-el-uso-de-decretos\/#primaryimage"},"image":{"@id":"https:\/\/diariodeloeste.com\/noticias\/2025\/10\/13\/milei-gobierno-con-la-ley-bases-triplico-y-marco-record-historico-en-el-uso-de-decretos\/#primaryimage"},"thumbnailUrl":"https:\/\/diariodeloeste.com\/noticias\/wp-content\/uploads\/2025\/10\/ley-bases.jpg","datePublished":"2025-10-13T12:06:42+00:00","breadcrumb":{"@id":"https:\/\/diariodeloeste.com\/noticias\/2025\/10\/13\/milei-gobierno-con-la-ley-bases-triplico-y-marco-record-historico-en-el-uso-de-decretos\/#breadcrumb"},"inLanguage":"es-AR","potentialAction":[{"@type":"ReadAction","target":["https:\/\/diariodeloeste.com\/noticias\/2025\/10\/13\/milei-gobierno-con-la-ley-bases-triplico-y-marco-record-historico-en-el-uso-de-decretos\/"]}]},{"@type":"ImageObject","inLanguage":"es-AR","@id":"https:\/\/diariodeloeste.com\/noticias\/2025\/10\/13\/milei-gobierno-con-la-ley-bases-triplico-y-marco-record-historico-en-el-uso-de-decretos\/#primaryimage","url":"https:\/\/diariodeloeste.com\/noticias\/wp-content\/uploads\/2025\/10\/ley-bases.jpg","contentUrl":"https:\/\/diariodeloeste.com\/noticias\/wp-content\/uploads\/2025\/10\/ley-bases.jpg","width":1178,"height":652},{"@type":"BreadcrumbList","@id":"https:\/\/diariodeloeste.com\/noticias\/2025\/10\/13\/milei-gobierno-con-la-ley-bases-triplico-y-marco-record-historico-en-el-uso-de-decretos\/#breadcrumb","itemListElement":[{"@type":"ListItem","position":1,"name":"Inicio","item":"https:\/\/diariodeloeste.com\/noticias\/"},{"@type":"ListItem","position":2,"name":"Milei: Gobierno con la Ley Bases triplico y marc\u00f3 r\u00e9cord hist\u00f3rico en el uso de Decretos"}]},{"@type":"WebSite","@id":"https:\/\/diariodeloeste.com\/noticias\/#website","url":"https:\/\/diariodeloeste.com\/noticias\/","name":"Diario del Oeste","description":"Noticias del Oeste","publisher":{"@id":"https:\/\/diariodeloeste.com\/noticias\/#organization"},"potentialAction":[{"@type":"SearchAction","target":{"@type":"EntryPoint","urlTemplate":"https:\/\/diariodeloeste.com\/noticias\/?s={search_term_string}"},"query-input":{"@type":"PropertyValueSpecification","valueRequired":true,"valueName":"search_term_string"}}],"inLanguage":"es-AR"},{"@type":"Organization","@id":"https:\/\/diariodeloeste.com\/noticias\/#organization","name":"Diario del Oeste","url":"https:\/\/diariodeloeste.com\/noticias\/","logo":{"@type":"ImageObject","inLanguage":"es-AR","@id":"https:\/\/diariodeloeste.com\/noticias\/#\/schema\/logo\/image\/","url":"https:\/\/diariodeloeste.com\/noticias\/wp-content\/uploads\/2019\/04\/logo.png","contentUrl":"https:\/\/diariodeloeste.com\/noticias\/wp-content\/uploads\/2019\/04\/logo.png","width":306,"height":145,"caption":"Diario del Oeste"},"image":{"@id":"https:\/\/diariodeloeste.com\/noticias\/#\/schema\/logo\/image\/"}},{"@type":"Person","@id":"https:\/\/diariodeloeste.com\/noticias\/#\/schema\/person\/1f7be965f8c093432e1cbfcee0ac4047","name":"Redaccion","image":{"@type":"ImageObject","inLanguage":"es-AR","@id":"https:\/\/secure.gravatar.com\/avatar\/f9bc3a12e26b32d818d88f9a5b61de20b559752e499df507efa7ea3cea0550ef?s=96&d=mm&r=g","url":"https:\/\/secure.gravatar.com\/avatar\/f9bc3a12e26b32d818d88f9a5b61de20b559752e499df507efa7ea3cea0550ef?s=96&d=mm&r=g","contentUrl":"https:\/\/secure.gravatar.com\/avatar\/f9bc3a12e26b32d818d88f9a5b61de20b559752e499df507efa7ea3cea0550ef?s=96&d=mm&r=g","caption":"Redaccion"},"url":"https:\/\/diariodeloeste.com\/noticias\/author\/redaccion\/"}]}},"_links":{"self":[{"href":"https:\/\/diariodeloeste.com\/noticias\/wp-json\/wp\/v2\/posts\/15293","targetHints":{"allow":["GET"]}}],"collection":[{"href":"https:\/\/diariodeloeste.com\/noticias\/wp-json\/wp\/v2\/posts"}],"about":[{"href":"https:\/\/diariodeloeste.com\/noticias\/wp-json\/wp\/v2\/types\/post"}],"author":[{"embeddable":true,"href":"https:\/\/diariodeloeste.com\/noticias\/wp-json\/wp\/v2\/users\/3"}],"replies":[{"embeddable":true,"href":"https:\/\/diariodeloeste.com\/noticias\/wp-json\/wp\/v2\/comments?post=15293"}],"version-history":[{"count":1,"href":"https:\/\/diariodeloeste.com\/noticias\/wp-json\/wp\/v2\/posts\/15293\/revisions"}],"predecessor-version":[{"id":15295,"href":"https:\/\/diariodeloeste.com\/noticias\/wp-json\/wp\/v2\/posts\/15293\/revisions\/15295"}],"wp:featuredmedia":[{"embeddable":true,"href":"https:\/\/diariodeloeste.com\/noticias\/wp-json\/wp\/v2\/media\/15294"}],"wp:attachment":[{"href":"https:\/\/diariodeloeste.com\/noticias\/wp-json\/wp\/v2\/media?parent=15293"}],"wp:term":[{"taxonomy":"category","embeddable":true,"href":"https:\/\/diariodeloeste.com\/noticias\/wp-json\/wp\/v2\/categories?post=15293"},{"taxonomy":"post_tag","embeddable":true,"href":"https:\/\/diariodeloeste.com\/noticias\/wp-json\/wp\/v2\/tags?post=15293"}],"curies":[{"name":"wp","href":"https:\/\/api.w.org\/{rel}","templated":true}]}}