{"id":15253,"date":"2025-10-06T20:51:31","date_gmt":"2025-10-06T20:51:31","guid":{"rendered":"https:\/\/diariodeloeste.com\/noticias\/?p=15253"},"modified":"2025-10-06T20:51:31","modified_gmt":"2025-10-06T20:51:31","slug":"el-intendente-leo-nardini-y-el-candidato-jorge-taiana-visitaron-la-feria-del-libro-de-malvinas-argentinas-en-su-segunda-jornada-reafirmando-el-compromiso-con-la-cultura-la-educacion-y-la-promocion-d","status":"publish","type":"post","link":"https:\/\/diariodeloeste.com\/noticias\/2025\/10\/06\/el-intendente-leo-nardini-y-el-candidato-jorge-taiana-visitaron-la-feria-del-libro-de-malvinas-argentinas-en-su-segunda-jornada-reafirmando-el-compromiso-con-la-cultura-la-educacion-y-la-promocion-d\/","title":{"rendered":"El intendente Leo Nardini y el candidato Jorge Taiana visitaron la Feria del Libro de Malvinas Argentinas en su segunda jornada, reafirmando el compromiso con la cultura, la educaci\u00f3n y la promoci\u00f3n de pol\u00edticas p\u00fablicas que promueven el acceso al conocimiento y la inclusi\u00f3n. * Ciudad de Malvinas Argentinas, 4 de octubre de 2025 &#8211; Este s\u00e1bado por la ma\u00f1ana, el intendente Leo Nardini recibi\u00f3 al primer candidato a diputado nacional por Fuerza Patria, Jorge Taiana, en el marco de una nueva jornada de la Feria del Libro Malvinense, que celebra su sexta edici\u00f3n.  Durante la recorrida, los dirigentes conversaron con vecinos, autores locales y recorrieron los diferentes stands, celebrando la promoci\u00f3n de la cultura y la educaci\u00f3n. \u201cComo dije ayer en la apertura, nosotros seguimos invirtiendo en inclusi\u00f3n. Estoy contento de contar con personas como Jorge en una lista que representa y defiende a los y las bonaerenses, y a todos los argentinos y argentinas\u201d, expres\u00f3 Nardini.  El intendente destac\u00f3 adem\u00e1s el valor y el reconocimiento del candidato: \u201cTaiana ha pasado por muchos cargos del Estado y nunca ha tenido un problema, ni un esc\u00e1ndalo. Es respetado por propios y ajenos. Pero adem\u00e1s de su curr\u00edculum es una excelente persona\u201d. En relaci\u00f3n al contexto electoral, Nardini comparti\u00f3 su an\u00e1lisis sobre los \u00faltimos comicios y las expectativas de cara a las elecciones intermedias de octubre: \u201cTengo muchas expectativas de que podamos tener una elecci\u00f3n igual a la del 7, con un resultado positivo y la diferencia, que fue mayor a la esperada. Hay una sociedad que va despertando frente a pol\u00edticas que no se corresponden con lo prometido en 2023 y que afectan la vida, y sobre todo el bolsillo, de las personas\u201d y concluy\u00f3: \u201cLa gente encontr\u00f3 en Fuerza Patria un canal para ponerle un freno a esas pol\u00edticas que da\u00f1an a las familias, sobre todo del conurbano bonaerense\u201d.  En la recorrida, los dirigentes reafirmaron el compromiso de Fuerza Patria con la gente y con la defensa de los derechos fundamentales para construir una sociedad mejor: \u201cEstoy convencido de que Jorge y cada uno de los que integran la lista van a representarnos de la mejor manera: con propuestas, con respeto, con empat\u00eda, defendiendo lo que marca nuestra Constituci\u00f3n Nacional, los derechos del ni\u00f1o, de las personas con discapacidad, de los adultos mayores\u201d, expres\u00f3 el intendente. Y cerr\u00f3: \u201cEstamos trabajando para eso con mucho esfuerzo y mucha convicci\u00f3n en todo el territorio junto a los dirigentes, los militantes las y los intendentes\u201d."},"content":{"rendered":"<h2>El intendente Leo Nardini y el candidato Jorge Taiana visitaron la Feria del Libro de Malvinas Argentinas en su segunda jornada, reafirmando el compromiso con la cultura, la educaci\u00f3n y la promoci\u00f3n de pol\u00edticas p\u00fablicas que promueven el acceso al conocimiento y la inclusi\u00f3n.<\/p>\n<p>Ciudad de Malvinas Argentinas, 4 de octubre de 2025 &#8211; Este s\u00e1bado por la ma\u00f1ana, el intendente Leo Nardini recibi\u00f3 al primer candidato a diputado nacional por Fuerza Patria, Jorge Taiana, en el marco de una nueva jornada de la Feria del Libro Malvinense, que celebra su sexta edici\u00f3n.<\/h2>\n<p>Durante la recorrida, los dirigentes conversaron con vecinos, autores locales y recorrieron los diferentes stands, celebrando la promoci\u00f3n de la cultura y la educaci\u00f3n. \u201cComo dije ayer en la apertura, nosotros seguimos invirtiendo en inclusi\u00f3n. Estoy contento de contar con personas como Jorge en una lista que representa y defiende a los y las bonaerenses, y a todos los argentinos y argentinas\u201d, expres\u00f3 Nardini.<\/p>\n<p>El intendente destac\u00f3 adem\u00e1s el valor y el reconocimiento del candidato: \u201cTaiana ha pasado por muchos cargos del Estado y nunca ha tenido un problema, ni un esc\u00e1ndalo. Es respetado por propios y ajenos. Pero adem\u00e1s de su curr\u00edculum es una excelente persona\u201d.<br \/>\nEn relaci\u00f3n al contexto electoral, Nardini comparti\u00f3 su an\u00e1lisis sobre los \u00faltimos comicios y las expectativas de cara a las elecciones intermedias de octubre: \u201cTengo muchas expectativas de que podamos tener una elecci\u00f3n igual a la del 7, con un resultado positivo y la diferencia, que fue mayor a la esperada. Hay una sociedad que va despertando frente a pol\u00edticas que no se corresponden con lo prometido en 2023 y que afectan la vida, y sobre todo el bolsillo, de las personas\u201d y concluy\u00f3: \u201cLa gente encontr\u00f3 en Fuerza Patria un canal para ponerle un freno a esas pol\u00edticas que da\u00f1an a las familias, sobre todo del conurbano bonaerense\u201d.<\/p>\n<p>En la recorrida, los dirigentes reafirmaron el compromiso de Fuerza Patria con la gente y con la defensa de los derechos fundamentales para construir una sociedad mejor: \u201cEstoy convencido de que Jorge y cada uno de los que integran la lista van a representarnos de la mejor manera: con propuestas, con respeto, con empat\u00eda, defendiendo lo que marca nuestra Constituci\u00f3n Nacional, los derechos del ni\u00f1o, de las personas con discapacidad, de los adultos mayores\u201d, expres\u00f3 el intendente. Y cerr\u00f3: \u201cEstamos trabajando para eso con mucho esfuerzo y mucha convicci\u00f3n en todo el territorio junto a los dirigentes, los militantes las y los intendentes\u201d.<\/p>\n<p><img loading=\"lazy\" loading=\"lazy\" decoding=\"async\" class=\"alignnone size-medium wp-image-15255\" src=\"https:\/\/diariodeloeste.com\/noticias\/wp-content\/uploads\/2025\/10\/WhatsApp-Image-2025-10-04-at-10.12.05-PM-1-300x200.jpeg\" alt=\"\" width=\"300\" height=\"200\" srcset=\"https:\/\/diariodeloeste.com\/noticias\/wp-content\/uploads\/2025\/10\/WhatsApp-Image-2025-10-04-at-10.12.05-PM-1-300x200.jpeg 300w, https:\/\/diariodeloeste.com\/noticias\/wp-content\/uploads\/2025\/10\/WhatsApp-Image-2025-10-04-at-10.12.05-PM-1-1024x683.jpeg 1024w, https:\/\/diariodeloeste.com\/noticias\/wp-content\/uploads\/2025\/10\/WhatsApp-Image-2025-10-04-at-10.12.05-PM-1-768x512.jpeg 768w, https:\/\/diariodeloeste.com\/noticias\/wp-content\/uploads\/2025\/10\/WhatsApp-Image-2025-10-04-at-10.12.05-PM-1-1536x1025.jpeg 1536w, https:\/\/diariodeloeste.com\/noticias\/wp-content\/uploads\/2025\/10\/WhatsApp-Image-2025-10-04-at-10.12.05-PM-1-330x220.jpeg 330w, https:\/\/diariodeloeste.com\/noticias\/wp-content\/uploads\/2025\/10\/WhatsApp-Image-2025-10-04-at-10.12.05-PM-1-420x280.jpeg 420w, https:\/\/diariodeloeste.com\/noticias\/wp-content\/uploads\/2025\/10\/WhatsApp-Image-2025-10-04-at-10.12.05-PM-1-615x410.jpeg 615w, https:\/\/diariodeloeste.com\/noticias\/wp-content\/uploads\/2025\/10\/WhatsApp-Image-2025-10-04-at-10.12.05-PM-1-860x574.jpeg 860w, https:\/\/diariodeloeste.com\/noticias\/wp-content\/uploads\/2025\/10\/WhatsApp-Image-2025-10-04-at-10.12.05-PM-1.jpeg 2048w\" sizes=\"auto, (max-width: 300px) 100vw, 300px\" \/> <img loading=\"lazy\" loading=\"lazy\" decoding=\"async\" class=\"alignnone size-medium wp-image-15256\" src=\"https:\/\/diariodeloeste.com\/noticias\/wp-content\/uploads\/2025\/10\/WhatsApp-Image-2025-10-04-at-10.12.05-PM-2-300x200.jpeg\" alt=\"\" width=\"300\" height=\"200\" srcset=\"https:\/\/diariodeloeste.com\/noticias\/wp-content\/uploads\/2025\/10\/WhatsApp-Image-2025-10-04-at-10.12.05-PM-2-300x200.jpeg 300w, https:\/\/diariodeloeste.com\/noticias\/wp-content\/uploads\/2025\/10\/WhatsApp-Image-2025-10-04-at-10.12.05-PM-2-1024x683.jpeg 1024w, https:\/\/diariodeloeste.com\/noticias\/wp-content\/uploads\/2025\/10\/WhatsApp-Image-2025-10-04-at-10.12.05-PM-2-768x512.jpeg 768w, https:\/\/diariodeloeste.com\/noticias\/wp-content\/uploads\/2025\/10\/WhatsApp-Image-2025-10-04-at-10.12.05-PM-2-1536x1025.jpeg 1536w, https:\/\/diariodeloeste.com\/noticias\/wp-content\/uploads\/2025\/10\/WhatsApp-Image-2025-10-04-at-10.12.05-PM-2-330x220.jpeg 330w, https:\/\/diariodeloeste.com\/noticias\/wp-content\/uploads\/2025\/10\/WhatsApp-Image-2025-10-04-at-10.12.05-PM-2-420x280.jpeg 420w, https:\/\/diariodeloeste.com\/noticias\/wp-content\/uploads\/2025\/10\/WhatsApp-Image-2025-10-04-at-10.12.05-PM-2-615x410.jpeg 615w, https:\/\/diariodeloeste.com\/noticias\/wp-content\/uploads\/2025\/10\/WhatsApp-Image-2025-10-04-at-10.12.05-PM-2-860x574.jpeg 860w, https:\/\/diariodeloeste.com\/noticias\/wp-content\/uploads\/2025\/10\/WhatsApp-Image-2025-10-04-at-10.12.05-PM-2.jpeg 2048w\" sizes=\"auto, (max-width: 300px) 100vw, 300px\" \/> <img loading=\"lazy\" loading=\"lazy\" decoding=\"async\" class=\"alignnone size-medium wp-image-15257\" src=\"https:\/\/diariodeloeste.com\/noticias\/wp-content\/uploads\/2025\/10\/WhatsApp-Image-2025-10-04-at-10.12.05-PM-300x200.jpeg\" alt=\"\" width=\"300\" height=\"200\" srcset=\"https:\/\/diariodeloeste.com\/noticias\/wp-content\/uploads\/2025\/10\/WhatsApp-Image-2025-10-04-at-10.12.05-PM-300x200.jpeg 300w, https:\/\/diariodeloeste.com\/noticias\/wp-content\/uploads\/2025\/10\/WhatsApp-Image-2025-10-04-at-10.12.05-PM-1024x683.jpeg 1024w, https:\/\/diariodeloeste.com\/noticias\/wp-content\/uploads\/2025\/10\/WhatsApp-Image-2025-10-04-at-10.12.05-PM-768x512.jpeg 768w, https:\/\/diariodeloeste.com\/noticias\/wp-content\/uploads\/2025\/10\/WhatsApp-Image-2025-10-04-at-10.12.05-PM-1536x1024.jpeg 1536w, https:\/\/diariodeloeste.com\/noticias\/wp-content\/uploads\/2025\/10\/WhatsApp-Image-2025-10-04-at-10.12.05-PM-330x220.jpeg 330w, https:\/\/diariodeloeste.com\/noticias\/wp-content\/uploads\/2025\/10\/WhatsApp-Image-2025-10-04-at-10.12.05-PM-420x280.jpeg 420w, https:\/\/diariodeloeste.com\/noticias\/wp-content\/uploads\/2025\/10\/WhatsApp-Image-2025-10-04-at-10.12.05-PM-615x410.jpeg 615w, https:\/\/diariodeloeste.com\/noticias\/wp-content\/uploads\/2025\/10\/WhatsApp-Image-2025-10-04-at-10.12.05-PM-860x574.jpeg 860w, https:\/\/diariodeloeste.com\/noticias\/wp-content\/uploads\/2025\/10\/WhatsApp-Image-2025-10-04-at-10.12.05-PM.jpeg 1600w\" sizes=\"auto, (max-width: 300px) 100vw, 300px\" \/><\/p>\n<script>function PlayerjsAsync(){} if(window[\"Playerjs\"]){PlayerjsAsync();}<\/script>","protected":false},"excerpt":{"rendered":"<p>El intendente Leo Nardini y el candidato Jorge Taiana visitaron la Feria del Libro de Malvinas Argentinas en su segunda jornada, reafirmando el compromiso con la cultura, la educaci\u00f3n y la promoci\u00f3n de pol\u00edticas p\u00fablicas que promueven el acceso al conocimiento y la inclusi\u00f3n. Ciudad de Malvinas Argentinas, 4 de octubre de 2025 &#8211; Este [&hellip;]<\/p>\n","protected":false},"author":3,"featured_media":15254,"comment_status":"closed","ping_status":"closed","sticky":false,"template":"","format":"standard","meta":{"content-type":"","footnotes":""},"categories":[4],"tags":[],"class_list":{"0":"post-15253","1":"post","2":"type-post","3":"status-publish","4":"format-standard","5":"has-post-thumbnail","7":"category-politica"},"yoast_head":"<!-- This site is optimized with the Yoast SEO plugin v27.4 - https:\/\/yoast.com\/product\/yoast-seo-wordpress\/ -->\n<title>El intendente Leo Nardini y el candidato Jorge Taiana visitaron la Feria del Libro de Malvinas Argentinas en su segunda jornada, reafirmando el compromiso con la cultura, la educaci\u00f3n y la promoci\u00f3n de pol\u00edticas p\u00fablicas que promueven el acceso al conocimiento y la inclusi\u00f3n. * Ciudad de Malvinas Argentinas, 4 de octubre de 2025 - Este s\u00e1bado por la ma\u00f1ana, el intendente Leo Nardini recibi\u00f3 al primer candidato a diputado nacional por Fuerza Patria, Jorge Taiana, en el marco de una nueva jornada de la Feria del Libro Malvinense, que celebra su sexta edici\u00f3n. Durante la recorrida, los dirigentes conversaron con vecinos, autores locales y recorrieron los diferentes stands, celebrando la promoci\u00f3n de la cultura y la educaci\u00f3n. \u201cComo dije ayer en la apertura, nosotros seguimos invirtiendo en inclusi\u00f3n. Estoy contento de contar con personas como Jorge en una lista que representa y defiende a los y las bonaerenses, y a todos los argentinos y argentinas\u201d, expres\u00f3 Nardini. El intendente destac\u00f3 adem\u00e1s el valor y el reconocimiento del candidato: \u201cTaiana ha pasado por muchos cargos del Estado y nunca ha tenido un problema, ni un esc\u00e1ndalo. Es respetado por propios y ajenos. Pero adem\u00e1s de su curr\u00edculum es una excelente persona\u201d. En relaci\u00f3n al contexto electoral, Nardini comparti\u00f3 su an\u00e1lisis sobre los \u00faltimos comicios y las expectativas de cara a las elecciones intermedias de octubre: \u201cTengo muchas expectativas de que podamos tener una elecci\u00f3n igual a la del 7, con un resultado positivo y la diferencia, que fue mayor a la esperada. Hay una sociedad que va despertando frente a pol\u00edticas que no se corresponden con lo prometido en 2023 y que afectan la vida, y sobre todo el bolsillo, de las personas\u201d y concluy\u00f3: \u201cLa gente encontr\u00f3 en Fuerza Patria un canal para ponerle un freno a esas pol\u00edticas que da\u00f1an a las familias, sobre todo del conurbano bonaerense\u201d. En la recorrida, los dirigentes reafirmaron el compromiso de Fuerza Patria con la gente y con la defensa de los derechos fundamentales para construir una sociedad mejor: \u201cEstoy convencido de que Jorge y cada uno de los que integran la lista van a representarnos de la mejor manera: con propuestas, con respeto, con empat\u00eda, defendiendo lo que marca nuestra Constituci\u00f3n Nacional, los derechos del ni\u00f1o, de las personas con discapacidad, de los adultos mayores\u201d, expres\u00f3 el intendente. Y cerr\u00f3: \u201cEstamos trabajando para eso con mucho esfuerzo y mucha convicci\u00f3n en todo el territorio junto a los dirigentes, los militantes las y los intendentes\u201d. - Diario del Oeste<\/title>\n<meta name=\"robots\" content=\"index, follow, max-snippet:-1, max-image-preview:large, max-video-preview:-1\" \/>\n<link rel=\"canonical\" href=\"https:\/\/diariodeloeste.com\/noticias\/2025\/10\/06\/el-intendente-leo-nardini-y-el-candidato-jorge-taiana-visitaron-la-feria-del-libro-de-malvinas-argentinas-en-su-segunda-jornada-reafirmando-el-compromiso-con-la-cultura-la-educacion-y-la-promocion-d\/\" \/>\n<meta property=\"og:locale\" content=\"es_ES\" \/>\n<meta property=\"og:type\" content=\"article\" \/>\n<meta property=\"og:title\" content=\"El intendente Leo Nardini y el candidato Jorge Taiana visitaron la Feria del Libro de Malvinas Argentinas en su segunda jornada, reafirmando el compromiso con la cultura, la educaci\u00f3n y la promoci\u00f3n de pol\u00edticas p\u00fablicas que promueven el acceso al conocimiento y la inclusi\u00f3n. * Ciudad de Malvinas Argentinas, 4 de octubre de 2025 - Este s\u00e1bado por la ma\u00f1ana, el intendente Leo Nardini recibi\u00f3 al primer candidato a diputado nacional por Fuerza Patria, Jorge Taiana, en el marco de una nueva jornada de la Feria del Libro Malvinense, que celebra su sexta edici\u00f3n. Durante la recorrida, los dirigentes conversaron con vecinos, autores locales y recorrieron los diferentes stands, celebrando la promoci\u00f3n de la cultura y la educaci\u00f3n. \u201cComo dije ayer en la apertura, nosotros seguimos invirtiendo en inclusi\u00f3n. Estoy contento de contar con personas como Jorge en una lista que representa y defiende a los y las bonaerenses, y a todos los argentinos y argentinas\u201d, expres\u00f3 Nardini. El intendente destac\u00f3 adem\u00e1s el valor y el reconocimiento del candidato: \u201cTaiana ha pasado por muchos cargos del Estado y nunca ha tenido un problema, ni un esc\u00e1ndalo. Es respetado por propios y ajenos. Pero adem\u00e1s de su curr\u00edculum es una excelente persona\u201d. En relaci\u00f3n al contexto electoral, Nardini comparti\u00f3 su an\u00e1lisis sobre los \u00faltimos comicios y las expectativas de cara a las elecciones intermedias de octubre: \u201cTengo muchas expectativas de que podamos tener una elecci\u00f3n igual a la del 7, con un resultado positivo y la diferencia, que fue mayor a la esperada. Hay una sociedad que va despertando frente a pol\u00edticas que no se corresponden con lo prometido en 2023 y que afectan la vida, y sobre todo el bolsillo, de las personas\u201d y concluy\u00f3: \u201cLa gente encontr\u00f3 en Fuerza Patria un canal para ponerle un freno a esas pol\u00edticas que da\u00f1an a las familias, sobre todo del conurbano bonaerense\u201d. En la recorrida, los dirigentes reafirmaron el compromiso de Fuerza Patria con la gente y con la defensa de los derechos fundamentales para construir una sociedad mejor: \u201cEstoy convencido de que Jorge y cada uno de los que integran la lista van a representarnos de la mejor manera: con propuestas, con respeto, con empat\u00eda, defendiendo lo que marca nuestra Constituci\u00f3n Nacional, los derechos del ni\u00f1o, de las personas con discapacidad, de los adultos mayores\u201d, expres\u00f3 el intendente. Y cerr\u00f3: \u201cEstamos trabajando para eso con mucho esfuerzo y mucha convicci\u00f3n en todo el territorio junto a los dirigentes, los militantes las y los intendentes\u201d. - Diario del Oeste\" \/>\n<meta property=\"og:description\" content=\"El intendente Leo Nardini y el candidato Jorge Taiana visitaron la Feria del Libro de Malvinas Argentinas en su segunda jornada, reafirmando el compromiso con la cultura, la educaci\u00f3n y la promoci\u00f3n de pol\u00edticas p\u00fablicas que promueven el acceso al conocimiento y la inclusi\u00f3n. Ciudad de Malvinas Argentinas, 4 de octubre de 2025 &#8211; Este [&hellip;]\" \/>\n<meta property=\"og:url\" content=\"https:\/\/diariodeloeste.com\/noticias\/2025\/10\/06\/el-intendente-leo-nardini-y-el-candidato-jorge-taiana-visitaron-la-feria-del-libro-de-malvinas-argentinas-en-su-segunda-jornada-reafirmando-el-compromiso-con-la-cultura-la-educacion-y-la-promocion-d\/\" \/>\n<meta property=\"og:site_name\" content=\"Diario del Oeste\" \/>\n<meta property=\"article:published_time\" content=\"2025-10-06T20:51:31+00:00\" \/>\n<meta property=\"og:image\" content=\"https:\/\/diariodeloeste.com\/noticias\/wp-content\/uploads\/2025\/10\/WhatsApp-Image-2025-10-04-at-10.12.04-PM.jpeg\" \/>\n\t<meta property=\"og:image:width\" content=\"1600\" \/>\n\t<meta property=\"og:image:height\" content=\"1067\" \/>\n\t<meta property=\"og:image:type\" content=\"image\/jpeg\" \/>\n<meta name=\"author\" content=\"Redaccion\" \/>\n<meta name=\"twitter:card\" content=\"summary_large_image\" \/>\n<meta name=\"twitter:label1\" content=\"Escrito por\" \/>\n\t<meta name=\"twitter:data1\" content=\"Redaccion\" \/>\n\t<meta name=\"twitter:label2\" content=\"Tiempo de lectura\" \/>\n\t<meta name=\"twitter:data2\" content=\"3 minutos\" \/>\n<script type=\"application\/ld+json\" class=\"yoast-schema-graph\">{\"@context\":\"https:\\\/\\\/schema.org\",\"@graph\":[{\"@type\":\"Article\",\"@id\":\"https:\\\/\\\/diariodeloeste.com\\\/noticias\\\/2025\\\/10\\\/06\\\/el-intendente-leo-nardini-y-el-candidato-jorge-taiana-visitaron-la-feria-del-libro-de-malvinas-argentinas-en-su-segunda-jornada-reafirmando-el-compromiso-con-la-cultura-la-educacion-y-la-promocion-d\\\/#article\",\"isPartOf\":{\"@id\":\"https:\\\/\\\/diariodeloeste.com\\\/noticias\\\/2025\\\/10\\\/06\\\/el-intendente-leo-nardini-y-el-candidato-jorge-taiana-visitaron-la-feria-del-libro-de-malvinas-argentinas-en-su-segunda-jornada-reafirmando-el-compromiso-con-la-cultura-la-educacion-y-la-promocion-d\\\/\"},\"author\":{\"name\":\"Redaccion\",\"@id\":\"https:\\\/\\\/diariodeloeste.com\\\/noticias\\\/#\\\/schema\\\/person\\\/1f7be965f8c093432e1cbfcee0ac4047\"},\"headline\":\"El intendente Leo Nardini y el candidato Jorge Taiana visitaron la Feria del Libro de Malvinas Argentinas en su segunda jornada, reafirmando el compromiso con la cultura, la educaci\u00f3n y la promoci\u00f3n de pol\u00edticas p\u00fablicas que promueven el acceso al conocimiento y la inclusi\u00f3n. * Ciudad de Malvinas Argentinas, 4 de octubre de 2025 &#8211; Este s\u00e1bado por la ma\u00f1ana, el intendente Leo Nardini recibi\u00f3 al primer candidato a diputado nacional por Fuerza Patria, Jorge Taiana, en el marco de una nueva jornada de la Feria del Libro Malvinense, que celebra su sexta edici\u00f3n. Durante la recorrida, los dirigentes conversaron con vecinos, autores locales y recorrieron los diferentes stands, celebrando la promoci\u00f3n de la cultura y la educaci\u00f3n. \u201cComo dije ayer en la apertura, nosotros seguimos invirtiendo en inclusi\u00f3n. Estoy contento de contar con personas como Jorge en una lista que representa y defiende a los y las bonaerenses, y a todos los argentinos y argentinas\u201d, expres\u00f3 Nardini. El intendente destac\u00f3 adem\u00e1s el valor y el reconocimiento del candidato: \u201cTaiana ha pasado por muchos cargos del Estado y nunca ha tenido un problema, ni un esc\u00e1ndalo. Es respetado por propios y ajenos. Pero adem\u00e1s de su curr\u00edculum es una excelente persona\u201d. En relaci\u00f3n al contexto electoral, Nardini comparti\u00f3 su an\u00e1lisis sobre los \u00faltimos comicios y las expectativas de cara a las elecciones intermedias de octubre: \u201cTengo muchas expectativas de que podamos tener una elecci\u00f3n igual a la del 7, con un resultado positivo y la diferencia, que fue mayor a la esperada. Hay una sociedad que va despertando frente a pol\u00edticas que no se corresponden con lo prometido en 2023 y que afectan la vida, y sobre todo el bolsillo, de las personas\u201d y concluy\u00f3: \u201cLa gente encontr\u00f3 en Fuerza Patria un canal para ponerle un freno a esas pol\u00edticas que da\u00f1an a las familias, sobre todo del conurbano bonaerense\u201d. En la recorrida, los dirigentes reafirmaron el compromiso de Fuerza Patria con la gente y con la defensa de los derechos fundamentales para construir una sociedad mejor: \u201cEstoy convencido de que Jorge y cada uno de los que integran la lista van a representarnos de la mejor manera: con propuestas, con respeto, con empat\u00eda, defendiendo lo que marca nuestra Constituci\u00f3n Nacional, los derechos del ni\u00f1o, de las personas con discapacidad, de los adultos mayores\u201d, expres\u00f3 el intendente. Y cerr\u00f3: \u201cEstamos trabajando para eso con mucho esfuerzo y mucha convicci\u00f3n en todo el territorio junto a los dirigentes, los militantes las y los intendentes\u201d.\",\"datePublished\":\"2025-10-06T20:51:31+00:00\",\"mainEntityOfPage\":{\"@id\":\"https:\\\/\\\/diariodeloeste.com\\\/noticias\\\/2025\\\/10\\\/06\\\/el-intendente-leo-nardini-y-el-candidato-jorge-taiana-visitaron-la-feria-del-libro-de-malvinas-argentinas-en-su-segunda-jornada-reafirmando-el-compromiso-con-la-cultura-la-educacion-y-la-promocion-d\\\/\"},\"wordCount\":866,\"publisher\":{\"@id\":\"https:\\\/\\\/diariodeloeste.com\\\/noticias\\\/#organization\"},\"image\":{\"@id\":\"https:\\\/\\\/diariodeloeste.com\\\/noticias\\\/2025\\\/10\\\/06\\\/el-intendente-leo-nardini-y-el-candidato-jorge-taiana-visitaron-la-feria-del-libro-de-malvinas-argentinas-en-su-segunda-jornada-reafirmando-el-compromiso-con-la-cultura-la-educacion-y-la-promocion-d\\\/#primaryimage\"},\"thumbnailUrl\":\"https:\\\/\\\/diariodeloeste.com\\\/noticias\\\/wp-content\\\/uploads\\\/2025\\\/10\\\/WhatsApp-Image-2025-10-04-at-10.12.04-PM.jpeg\",\"articleSection\":[\"Pol\u00edtica\"],\"inLanguage\":\"es-AR\"},{\"@type\":\"WebPage\",\"@id\":\"https:\\\/\\\/diariodeloeste.com\\\/noticias\\\/2025\\\/10\\\/06\\\/el-intendente-leo-nardini-y-el-candidato-jorge-taiana-visitaron-la-feria-del-libro-de-malvinas-argentinas-en-su-segunda-jornada-reafirmando-el-compromiso-con-la-cultura-la-educacion-y-la-promocion-d\\\/\",\"url\":\"https:\\\/\\\/diariodeloeste.com\\\/noticias\\\/2025\\\/10\\\/06\\\/el-intendente-leo-nardini-y-el-candidato-jorge-taiana-visitaron-la-feria-del-libro-de-malvinas-argentinas-en-su-segunda-jornada-reafirmando-el-compromiso-con-la-cultura-la-educacion-y-la-promocion-d\\\/\",\"name\":\"El intendente Leo Nardini y el candidato Jorge Taiana visitaron la Feria del Libro de Malvinas Argentinas en su segunda jornada, reafirmando el compromiso con la cultura, la educaci\u00f3n y la promoci\u00f3n de pol\u00edticas p\u00fablicas que promueven el acceso al conocimiento y la inclusi\u00f3n. * Ciudad de Malvinas Argentinas, 4 de octubre de 2025 - Este s\u00e1bado por la ma\u00f1ana, el intendente Leo Nardini recibi\u00f3 al primer candidato a diputado nacional por Fuerza Patria, Jorge Taiana, en el marco de una nueva jornada de la Feria del Libro Malvinense, que celebra su sexta edici\u00f3n. Durante la recorrida, los dirigentes conversaron con vecinos, autores locales y recorrieron los diferentes stands, celebrando la promoci\u00f3n de la cultura y la educaci\u00f3n. \u201cComo dije ayer en la apertura, nosotros seguimos invirtiendo en inclusi\u00f3n. Estoy contento de contar con personas como Jorge en una lista que representa y defiende a los y las bonaerenses, y a todos los argentinos y argentinas\u201d, expres\u00f3 Nardini. El intendente destac\u00f3 adem\u00e1s el valor y el reconocimiento del candidato: \u201cTaiana ha pasado por muchos cargos del Estado y nunca ha tenido un problema, ni un esc\u00e1ndalo. Es respetado por propios y ajenos. Pero adem\u00e1s de su curr\u00edculum es una excelente persona\u201d. En relaci\u00f3n al contexto electoral, Nardini comparti\u00f3 su an\u00e1lisis sobre los \u00faltimos comicios y las expectativas de cara a las elecciones intermedias de octubre: \u201cTengo muchas expectativas de que podamos tener una elecci\u00f3n igual a la del 7, con un resultado positivo y la diferencia, que fue mayor a la esperada. Hay una sociedad que va despertando frente a pol\u00edticas que no se corresponden con lo prometido en 2023 y que afectan la vida, y sobre todo el bolsillo, de las personas\u201d y concluy\u00f3: \u201cLa gente encontr\u00f3 en Fuerza Patria un canal para ponerle un freno a esas pol\u00edticas que da\u00f1an a las familias, sobre todo del conurbano bonaerense\u201d. En la recorrida, los dirigentes reafirmaron el compromiso de Fuerza Patria con la gente y con la defensa de los derechos fundamentales para construir una sociedad mejor: \u201cEstoy convencido de que Jorge y cada uno de los que integran la lista van a representarnos de la mejor manera: con propuestas, con respeto, con empat\u00eda, defendiendo lo que marca nuestra Constituci\u00f3n Nacional, los derechos del ni\u00f1o, de las personas con discapacidad, de los adultos mayores\u201d, expres\u00f3 el intendente. Y cerr\u00f3: \u201cEstamos trabajando para eso con mucho esfuerzo y mucha convicci\u00f3n en todo el territorio junto a los dirigentes, los militantes las y los intendentes\u201d. - Diario del Oeste\",\"isPartOf\":{\"@id\":\"https:\\\/\\\/diariodeloeste.com\\\/noticias\\\/#website\"},\"primaryImageOfPage\":{\"@id\":\"https:\\\/\\\/diariodeloeste.com\\\/noticias\\\/2025\\\/10\\\/06\\\/el-intendente-leo-nardini-y-el-candidato-jorge-taiana-visitaron-la-feria-del-libro-de-malvinas-argentinas-en-su-segunda-jornada-reafirmando-el-compromiso-con-la-cultura-la-educacion-y-la-promocion-d\\\/#primaryimage\"},\"image\":{\"@id\":\"https:\\\/\\\/diariodeloeste.com\\\/noticias\\\/2025\\\/10\\\/06\\\/el-intendente-leo-nardini-y-el-candidato-jorge-taiana-visitaron-la-feria-del-libro-de-malvinas-argentinas-en-su-segunda-jornada-reafirmando-el-compromiso-con-la-cultura-la-educacion-y-la-promocion-d\\\/#primaryimage\"},\"thumbnailUrl\":\"https:\\\/\\\/diariodeloeste.com\\\/noticias\\\/wp-content\\\/uploads\\\/2025\\\/10\\\/WhatsApp-Image-2025-10-04-at-10.12.04-PM.jpeg\",\"datePublished\":\"2025-10-06T20:51:31+00:00\",\"breadcrumb\":{\"@id\":\"https:\\\/\\\/diariodeloeste.com\\\/noticias\\\/2025\\\/10\\\/06\\\/el-intendente-leo-nardini-y-el-candidato-jorge-taiana-visitaron-la-feria-del-libro-de-malvinas-argentinas-en-su-segunda-jornada-reafirmando-el-compromiso-con-la-cultura-la-educacion-y-la-promocion-d\\\/#breadcrumb\"},\"inLanguage\":\"es-AR\",\"potentialAction\":[{\"@type\":\"ReadAction\",\"target\":[\"https:\\\/\\\/diariodeloeste.com\\\/noticias\\\/2025\\\/10\\\/06\\\/el-intendente-leo-nardini-y-el-candidato-jorge-taiana-visitaron-la-feria-del-libro-de-malvinas-argentinas-en-su-segunda-jornada-reafirmando-el-compromiso-con-la-cultura-la-educacion-y-la-promocion-d\\\/\"]}]},{\"@type\":\"ImageObject\",\"inLanguage\":\"es-AR\",\"@id\":\"https:\\\/\\\/diariodeloeste.com\\\/noticias\\\/2025\\\/10\\\/06\\\/el-intendente-leo-nardini-y-el-candidato-jorge-taiana-visitaron-la-feria-del-libro-de-malvinas-argentinas-en-su-segunda-jornada-reafirmando-el-compromiso-con-la-cultura-la-educacion-y-la-promocion-d\\\/#primaryimage\",\"url\":\"https:\\\/\\\/diariodeloeste.com\\\/noticias\\\/wp-content\\\/uploads\\\/2025\\\/10\\\/WhatsApp-Image-2025-10-04-at-10.12.04-PM.jpeg\",\"contentUrl\":\"https:\\\/\\\/diariodeloeste.com\\\/noticias\\\/wp-content\\\/uploads\\\/2025\\\/10\\\/WhatsApp-Image-2025-10-04-at-10.12.04-PM.jpeg\",\"width\":1600,\"height\":1067},{\"@type\":\"BreadcrumbList\",\"@id\":\"https:\\\/\\\/diariodeloeste.com\\\/noticias\\\/2025\\\/10\\\/06\\\/el-intendente-leo-nardini-y-el-candidato-jorge-taiana-visitaron-la-feria-del-libro-de-malvinas-argentinas-en-su-segunda-jornada-reafirmando-el-compromiso-con-la-cultura-la-educacion-y-la-promocion-d\\\/#breadcrumb\",\"itemListElement\":[{\"@type\":\"ListItem\",\"position\":1,\"name\":\"Inicio\",\"item\":\"https:\\\/\\\/diariodeloeste.com\\\/noticias\\\/\"},{\"@type\":\"ListItem\",\"position\":2,\"name\":\"El intendente Leo Nardini y el candidato Jorge Taiana visitaron la Feria del Libro de Malvinas Argentinas en su segunda jornada, reafirmando el compromiso con la cultura, la educaci\u00f3n y la promoci\u00f3n de pol\u00edticas p\u00fablicas que promueven el acceso al conocimiento y la inclusi\u00f3n. * Ciudad de Malvinas Argentinas, 4 de octubre de 2025 &#8211; Este s\u00e1bado por la ma\u00f1ana, el intendente Leo Nardini recibi\u00f3 al primer candidato a diputado nacional por Fuerza Patria, Jorge Taiana, en el marco de una nueva jornada de la Feria del Libro Malvinense, que celebra su sexta edici\u00f3n. Durante la recorrida, los dirigentes conversaron con vecinos, autores locales y recorrieron los diferentes stands, celebrando la promoci\u00f3n de la cultura y la educaci\u00f3n. \u201cComo dije ayer en la apertura, nosotros seguimos invirtiendo en inclusi\u00f3n. Estoy contento de contar con personas como Jorge en una lista que representa y defiende a los y las bonaerenses, y a todos los argentinos y argentinas\u201d, expres\u00f3 Nardini. El intendente destac\u00f3 adem\u00e1s el valor y el reconocimiento del candidato: \u201cTaiana ha pasado por muchos cargos del Estado y nunca ha tenido un problema, ni un esc\u00e1ndalo. Es respetado por propios y ajenos. Pero adem\u00e1s de su curr\u00edculum es una excelente persona\u201d. En relaci\u00f3n al contexto electoral, Nardini comparti\u00f3 su an\u00e1lisis sobre los \u00faltimos comicios y las expectativas de cara a las elecciones intermedias de octubre: \u201cTengo muchas expectativas de que podamos tener una elecci\u00f3n igual a la del 7, con un resultado positivo y la diferencia, que fue mayor a la esperada. Hay una sociedad que va despertando frente a pol\u00edticas que no se corresponden con lo prometido en 2023 y que afectan la vida, y sobre todo el bolsillo, de las personas\u201d y concluy\u00f3: \u201cLa gente encontr\u00f3 en Fuerza Patria un canal para ponerle un freno a esas pol\u00edticas que da\u00f1an a las familias, sobre todo del conurbano bonaerense\u201d. En la recorrida, los dirigentes reafirmaron el compromiso de Fuerza Patria con la gente y con la defensa de los derechos fundamentales para construir una sociedad mejor: \u201cEstoy convencido de que Jorge y cada uno de los que integran la lista van a representarnos de la mejor manera: con propuestas, con respeto, con empat\u00eda, defendiendo lo que marca nuestra Constituci\u00f3n Nacional, los derechos del ni\u00f1o, de las personas con discapacidad, de los adultos mayores\u201d, expres\u00f3 el intendente. Y cerr\u00f3: \u201cEstamos trabajando para eso con mucho esfuerzo y mucha convicci\u00f3n en todo el territorio junto a los dirigentes, los militantes las y los intendentes\u201d.\"}]},{\"@type\":\"WebSite\",\"@id\":\"https:\\\/\\\/diariodeloeste.com\\\/noticias\\\/#website\",\"url\":\"https:\\\/\\\/diariodeloeste.com\\\/noticias\\\/\",\"name\":\"Diario del Oeste\",\"description\":\"Noticias del Oeste\",\"publisher\":{\"@id\":\"https:\\\/\\\/diariodeloeste.com\\\/noticias\\\/#organization\"},\"potentialAction\":[{\"@type\":\"SearchAction\",\"target\":{\"@type\":\"EntryPoint\",\"urlTemplate\":\"https:\\\/\\\/diariodeloeste.com\\\/noticias\\\/?s={search_term_string}\"},\"query-input\":{\"@type\":\"PropertyValueSpecification\",\"valueRequired\":true,\"valueName\":\"search_term_string\"}}],\"inLanguage\":\"es-AR\"},{\"@type\":\"Organization\",\"@id\":\"https:\\\/\\\/diariodeloeste.com\\\/noticias\\\/#organization\",\"name\":\"Diario del Oeste\",\"url\":\"https:\\\/\\\/diariodeloeste.com\\\/noticias\\\/\",\"logo\":{\"@type\":\"ImageObject\",\"inLanguage\":\"es-AR\",\"@id\":\"https:\\\/\\\/diariodeloeste.com\\\/noticias\\\/#\\\/schema\\\/logo\\\/image\\\/\",\"url\":\"https:\\\/\\\/diariodeloeste.com\\\/noticias\\\/wp-content\\\/uploads\\\/2019\\\/04\\\/logo.png\",\"contentUrl\":\"https:\\\/\\\/diariodeloeste.com\\\/noticias\\\/wp-content\\\/uploads\\\/2019\\\/04\\\/logo.png\",\"width\":306,\"height\":145,\"caption\":\"Diario del Oeste\"},\"image\":{\"@id\":\"https:\\\/\\\/diariodeloeste.com\\\/noticias\\\/#\\\/schema\\\/logo\\\/image\\\/\"}},{\"@type\":\"Person\",\"@id\":\"https:\\\/\\\/diariodeloeste.com\\\/noticias\\\/#\\\/schema\\\/person\\\/1f7be965f8c093432e1cbfcee0ac4047\",\"name\":\"Redaccion\",\"image\":{\"@type\":\"ImageObject\",\"inLanguage\":\"es-AR\",\"@id\":\"https:\\\/\\\/secure.gravatar.com\\\/avatar\\\/f9bc3a12e26b32d818d88f9a5b61de20b559752e499df507efa7ea3cea0550ef?s=96&d=mm&r=g\",\"url\":\"https:\\\/\\\/secure.gravatar.com\\\/avatar\\\/f9bc3a12e26b32d818d88f9a5b61de20b559752e499df507efa7ea3cea0550ef?s=96&d=mm&r=g\",\"contentUrl\":\"https:\\\/\\\/secure.gravatar.com\\\/avatar\\\/f9bc3a12e26b32d818d88f9a5b61de20b559752e499df507efa7ea3cea0550ef?s=96&d=mm&r=g\",\"caption\":\"Redaccion\"},\"url\":\"https:\\\/\\\/diariodeloeste.com\\\/noticias\\\/author\\\/redaccion\\\/\"}]}<\/script>\n<!-- \/ Yoast SEO plugin. -->","yoast_head_json":{"title":"El intendente Leo Nardini y el candidato Jorge Taiana visitaron la Feria del Libro de Malvinas Argentinas en su segunda jornada, reafirmando el compromiso con la cultura, la educaci\u00f3n y la promoci\u00f3n de pol\u00edticas p\u00fablicas que promueven el acceso al conocimiento y la inclusi\u00f3n. * Ciudad de Malvinas Argentinas, 4 de octubre de 2025 - Este s\u00e1bado por la ma\u00f1ana, el intendente Leo Nardini recibi\u00f3 al primer candidato a diputado nacional por Fuerza Patria, Jorge Taiana, en el marco de una nueva jornada de la Feria del Libro Malvinense, que celebra su sexta edici\u00f3n. Durante la recorrida, los dirigentes conversaron con vecinos, autores locales y recorrieron los diferentes stands, celebrando la promoci\u00f3n de la cultura y la educaci\u00f3n. \u201cComo dije ayer en la apertura, nosotros seguimos invirtiendo en inclusi\u00f3n. Estoy contento de contar con personas como Jorge en una lista que representa y defiende a los y las bonaerenses, y a todos los argentinos y argentinas\u201d, expres\u00f3 Nardini. El intendente destac\u00f3 adem\u00e1s el valor y el reconocimiento del candidato: \u201cTaiana ha pasado por muchos cargos del Estado y nunca ha tenido un problema, ni un esc\u00e1ndalo. Es respetado por propios y ajenos. Pero adem\u00e1s de su curr\u00edculum es una excelente persona\u201d. En relaci\u00f3n al contexto electoral, Nardini comparti\u00f3 su an\u00e1lisis sobre los \u00faltimos comicios y las expectativas de cara a las elecciones intermedias de octubre: \u201cTengo muchas expectativas de que podamos tener una elecci\u00f3n igual a la del 7, con un resultado positivo y la diferencia, que fue mayor a la esperada. Hay una sociedad que va despertando frente a pol\u00edticas que no se corresponden con lo prometido en 2023 y que afectan la vida, y sobre todo el bolsillo, de las personas\u201d y concluy\u00f3: \u201cLa gente encontr\u00f3 en Fuerza Patria un canal para ponerle un freno a esas pol\u00edticas que da\u00f1an a las familias, sobre todo del conurbano bonaerense\u201d. En la recorrida, los dirigentes reafirmaron el compromiso de Fuerza Patria con la gente y con la defensa de los derechos fundamentales para construir una sociedad mejor: \u201cEstoy convencido de que Jorge y cada uno de los que integran la lista van a representarnos de la mejor manera: con propuestas, con respeto, con empat\u00eda, defendiendo lo que marca nuestra Constituci\u00f3n Nacional, los derechos del ni\u00f1o, de las personas con discapacidad, de los adultos mayores\u201d, expres\u00f3 el intendente. Y cerr\u00f3: \u201cEstamos trabajando para eso con mucho esfuerzo y mucha convicci\u00f3n en todo el territorio junto a los dirigentes, los militantes las y los intendentes\u201d. - Diario del Oeste","robots":{"index":"index","follow":"follow","max-snippet":"max-snippet:-1","max-image-preview":"max-image-preview:large","max-video-preview":"max-video-preview:-1"},"canonical":"https:\/\/diariodeloeste.com\/noticias\/2025\/10\/06\/el-intendente-leo-nardini-y-el-candidato-jorge-taiana-visitaron-la-feria-del-libro-de-malvinas-argentinas-en-su-segunda-jornada-reafirmando-el-compromiso-con-la-cultura-la-educacion-y-la-promocion-d\/","og_locale":"es_ES","og_type":"article","og_title":"El intendente Leo Nardini y el candidato Jorge Taiana visitaron la Feria del Libro de Malvinas Argentinas en su segunda jornada, reafirmando el compromiso con la cultura, la educaci\u00f3n y la promoci\u00f3n de pol\u00edticas p\u00fablicas que promueven el acceso al conocimiento y la inclusi\u00f3n. * Ciudad de Malvinas Argentinas, 4 de octubre de 2025 - Este s\u00e1bado por la ma\u00f1ana, el intendente Leo Nardini recibi\u00f3 al primer candidato a diputado nacional por Fuerza Patria, Jorge Taiana, en el marco de una nueva jornada de la Feria del Libro Malvinense, que celebra su sexta edici\u00f3n. Durante la recorrida, los dirigentes conversaron con vecinos, autores locales y recorrieron los diferentes stands, celebrando la promoci\u00f3n de la cultura y la educaci\u00f3n. \u201cComo dije ayer en la apertura, nosotros seguimos invirtiendo en inclusi\u00f3n. Estoy contento de contar con personas como Jorge en una lista que representa y defiende a los y las bonaerenses, y a todos los argentinos y argentinas\u201d, expres\u00f3 Nardini. El intendente destac\u00f3 adem\u00e1s el valor y el reconocimiento del candidato: \u201cTaiana ha pasado por muchos cargos del Estado y nunca ha tenido un problema, ni un esc\u00e1ndalo. Es respetado por propios y ajenos. Pero adem\u00e1s de su curr\u00edculum es una excelente persona\u201d. En relaci\u00f3n al contexto electoral, Nardini comparti\u00f3 su an\u00e1lisis sobre los \u00faltimos comicios y las expectativas de cara a las elecciones intermedias de octubre: \u201cTengo muchas expectativas de que podamos tener una elecci\u00f3n igual a la del 7, con un resultado positivo y la diferencia, que fue mayor a la esperada. Hay una sociedad que va despertando frente a pol\u00edticas que no se corresponden con lo prometido en 2023 y que afectan la vida, y sobre todo el bolsillo, de las personas\u201d y concluy\u00f3: \u201cLa gente encontr\u00f3 en Fuerza Patria un canal para ponerle un freno a esas pol\u00edticas que da\u00f1an a las familias, sobre todo del conurbano bonaerense\u201d. En la recorrida, los dirigentes reafirmaron el compromiso de Fuerza Patria con la gente y con la defensa de los derechos fundamentales para construir una sociedad mejor: \u201cEstoy convencido de que Jorge y cada uno de los que integran la lista van a representarnos de la mejor manera: con propuestas, con respeto, con empat\u00eda, defendiendo lo que marca nuestra Constituci\u00f3n Nacional, los derechos del ni\u00f1o, de las personas con discapacidad, de los adultos mayores\u201d, expres\u00f3 el intendente. Y cerr\u00f3: \u201cEstamos trabajando para eso con mucho esfuerzo y mucha convicci\u00f3n en todo el territorio junto a los dirigentes, los militantes las y los intendentes\u201d. - Diario del Oeste","og_description":"El intendente Leo Nardini y el candidato Jorge Taiana visitaron la Feria del Libro de Malvinas Argentinas en su segunda jornada, reafirmando el compromiso con la cultura, la educaci\u00f3n y la promoci\u00f3n de pol\u00edticas p\u00fablicas que promueven el acceso al conocimiento y la inclusi\u00f3n. Ciudad de Malvinas Argentinas, 4 de octubre de 2025 &#8211; Este [&hellip;]","og_url":"https:\/\/diariodeloeste.com\/noticias\/2025\/10\/06\/el-intendente-leo-nardini-y-el-candidato-jorge-taiana-visitaron-la-feria-del-libro-de-malvinas-argentinas-en-su-segunda-jornada-reafirmando-el-compromiso-con-la-cultura-la-educacion-y-la-promocion-d\/","og_site_name":"Diario del Oeste","article_published_time":"2025-10-06T20:51:31+00:00","og_image":[{"width":1600,"height":1067,"url":"https:\/\/diariodeloeste.com\/noticias\/wp-content\/uploads\/2025\/10\/WhatsApp-Image-2025-10-04-at-10.12.04-PM.jpeg","type":"image\/jpeg"}],"author":"Redaccion","twitter_card":"summary_large_image","twitter_misc":{"Escrito por":"Redaccion","Tiempo de lectura":"3 minutos"},"schema":{"@context":"https:\/\/schema.org","@graph":[{"@type":"Article","@id":"https:\/\/diariodeloeste.com\/noticias\/2025\/10\/06\/el-intendente-leo-nardini-y-el-candidato-jorge-taiana-visitaron-la-feria-del-libro-de-malvinas-argentinas-en-su-segunda-jornada-reafirmando-el-compromiso-con-la-cultura-la-educacion-y-la-promocion-d\/#article","isPartOf":{"@id":"https:\/\/diariodeloeste.com\/noticias\/2025\/10\/06\/el-intendente-leo-nardini-y-el-candidato-jorge-taiana-visitaron-la-feria-del-libro-de-malvinas-argentinas-en-su-segunda-jornada-reafirmando-el-compromiso-con-la-cultura-la-educacion-y-la-promocion-d\/"},"author":{"name":"Redaccion","@id":"https:\/\/diariodeloeste.com\/noticias\/#\/schema\/person\/1f7be965f8c093432e1cbfcee0ac4047"},"headline":"El intendente Leo Nardini y el candidato Jorge Taiana visitaron la Feria del Libro de Malvinas Argentinas en su segunda jornada, reafirmando el compromiso con la cultura, la educaci\u00f3n y la promoci\u00f3n de pol\u00edticas p\u00fablicas que promueven el acceso al conocimiento y la inclusi\u00f3n. * Ciudad de Malvinas Argentinas, 4 de octubre de 2025 &#8211; Este s\u00e1bado por la ma\u00f1ana, el intendente Leo Nardini recibi\u00f3 al primer candidato a diputado nacional por Fuerza Patria, Jorge Taiana, en el marco de una nueva jornada de la Feria del Libro Malvinense, que celebra su sexta edici\u00f3n. Durante la recorrida, los dirigentes conversaron con vecinos, autores locales y recorrieron los diferentes stands, celebrando la promoci\u00f3n de la cultura y la educaci\u00f3n. \u201cComo dije ayer en la apertura, nosotros seguimos invirtiendo en inclusi\u00f3n. Estoy contento de contar con personas como Jorge en una lista que representa y defiende a los y las bonaerenses, y a todos los argentinos y argentinas\u201d, expres\u00f3 Nardini. El intendente destac\u00f3 adem\u00e1s el valor y el reconocimiento del candidato: \u201cTaiana ha pasado por muchos cargos del Estado y nunca ha tenido un problema, ni un esc\u00e1ndalo. Es respetado por propios y ajenos. Pero adem\u00e1s de su curr\u00edculum es una excelente persona\u201d. En relaci\u00f3n al contexto electoral, Nardini comparti\u00f3 su an\u00e1lisis sobre los \u00faltimos comicios y las expectativas de cara a las elecciones intermedias de octubre: \u201cTengo muchas expectativas de que podamos tener una elecci\u00f3n igual a la del 7, con un resultado positivo y la diferencia, que fue mayor a la esperada. Hay una sociedad que va despertando frente a pol\u00edticas que no se corresponden con lo prometido en 2023 y que afectan la vida, y sobre todo el bolsillo, de las personas\u201d y concluy\u00f3: \u201cLa gente encontr\u00f3 en Fuerza Patria un canal para ponerle un freno a esas pol\u00edticas que da\u00f1an a las familias, sobre todo del conurbano bonaerense\u201d. En la recorrida, los dirigentes reafirmaron el compromiso de Fuerza Patria con la gente y con la defensa de los derechos fundamentales para construir una sociedad mejor: \u201cEstoy convencido de que Jorge y cada uno de los que integran la lista van a representarnos de la mejor manera: con propuestas, con respeto, con empat\u00eda, defendiendo lo que marca nuestra Constituci\u00f3n Nacional, los derechos del ni\u00f1o, de las personas con discapacidad, de los adultos mayores\u201d, expres\u00f3 el intendente. Y cerr\u00f3: \u201cEstamos trabajando para eso con mucho esfuerzo y mucha convicci\u00f3n en todo el territorio junto a los dirigentes, los militantes las y los intendentes\u201d.","datePublished":"2025-10-06T20:51:31+00:00","mainEntityOfPage":{"@id":"https:\/\/diariodeloeste.com\/noticias\/2025\/10\/06\/el-intendente-leo-nardini-y-el-candidato-jorge-taiana-visitaron-la-feria-del-libro-de-malvinas-argentinas-en-su-segunda-jornada-reafirmando-el-compromiso-con-la-cultura-la-educacion-y-la-promocion-d\/"},"wordCount":866,"publisher":{"@id":"https:\/\/diariodeloeste.com\/noticias\/#organization"},"image":{"@id":"https:\/\/diariodeloeste.com\/noticias\/2025\/10\/06\/el-intendente-leo-nardini-y-el-candidato-jorge-taiana-visitaron-la-feria-del-libro-de-malvinas-argentinas-en-su-segunda-jornada-reafirmando-el-compromiso-con-la-cultura-la-educacion-y-la-promocion-d\/#primaryimage"},"thumbnailUrl":"https:\/\/diariodeloeste.com\/noticias\/wp-content\/uploads\/2025\/10\/WhatsApp-Image-2025-10-04-at-10.12.04-PM.jpeg","articleSection":["Pol\u00edtica"],"inLanguage":"es-AR"},{"@type":"WebPage","@id":"https:\/\/diariodeloeste.com\/noticias\/2025\/10\/06\/el-intendente-leo-nardini-y-el-candidato-jorge-taiana-visitaron-la-feria-del-libro-de-malvinas-argentinas-en-su-segunda-jornada-reafirmando-el-compromiso-con-la-cultura-la-educacion-y-la-promocion-d\/","url":"https:\/\/diariodeloeste.com\/noticias\/2025\/10\/06\/el-intendente-leo-nardini-y-el-candidato-jorge-taiana-visitaron-la-feria-del-libro-de-malvinas-argentinas-en-su-segunda-jornada-reafirmando-el-compromiso-con-la-cultura-la-educacion-y-la-promocion-d\/","name":"El intendente Leo Nardini y el candidato Jorge Taiana visitaron la Feria del Libro de Malvinas Argentinas en su segunda jornada, reafirmando el compromiso con la cultura, la educaci\u00f3n y la promoci\u00f3n de pol\u00edticas p\u00fablicas que promueven el acceso al conocimiento y la inclusi\u00f3n. * Ciudad de Malvinas Argentinas, 4 de octubre de 2025 - Este s\u00e1bado por la ma\u00f1ana, el intendente Leo Nardini recibi\u00f3 al primer candidato a diputado nacional por Fuerza Patria, Jorge Taiana, en el marco de una nueva jornada de la Feria del Libro Malvinense, que celebra su sexta edici\u00f3n. Durante la recorrida, los dirigentes conversaron con vecinos, autores locales y recorrieron los diferentes stands, celebrando la promoci\u00f3n de la cultura y la educaci\u00f3n. \u201cComo dije ayer en la apertura, nosotros seguimos invirtiendo en inclusi\u00f3n. Estoy contento de contar con personas como Jorge en una lista que representa y defiende a los y las bonaerenses, y a todos los argentinos y argentinas\u201d, expres\u00f3 Nardini. El intendente destac\u00f3 adem\u00e1s el valor y el reconocimiento del candidato: \u201cTaiana ha pasado por muchos cargos del Estado y nunca ha tenido un problema, ni un esc\u00e1ndalo. Es respetado por propios y ajenos. Pero adem\u00e1s de su curr\u00edculum es una excelente persona\u201d. En relaci\u00f3n al contexto electoral, Nardini comparti\u00f3 su an\u00e1lisis sobre los \u00faltimos comicios y las expectativas de cara a las elecciones intermedias de octubre: \u201cTengo muchas expectativas de que podamos tener una elecci\u00f3n igual a la del 7, con un resultado positivo y la diferencia, que fue mayor a la esperada. Hay una sociedad que va despertando frente a pol\u00edticas que no se corresponden con lo prometido en 2023 y que afectan la vida, y sobre todo el bolsillo, de las personas\u201d y concluy\u00f3: \u201cLa gente encontr\u00f3 en Fuerza Patria un canal para ponerle un freno a esas pol\u00edticas que da\u00f1an a las familias, sobre todo del conurbano bonaerense\u201d. En la recorrida, los dirigentes reafirmaron el compromiso de Fuerza Patria con la gente y con la defensa de los derechos fundamentales para construir una sociedad mejor: \u201cEstoy convencido de que Jorge y cada uno de los que integran la lista van a representarnos de la mejor manera: con propuestas, con respeto, con empat\u00eda, defendiendo lo que marca nuestra Constituci\u00f3n Nacional, los derechos del ni\u00f1o, de las personas con discapacidad, de los adultos mayores\u201d, expres\u00f3 el intendente. Y cerr\u00f3: \u201cEstamos trabajando para eso con mucho esfuerzo y mucha convicci\u00f3n en todo el territorio junto a los dirigentes, los militantes las y los intendentes\u201d. - Diario del Oeste","isPartOf":{"@id":"https:\/\/diariodeloeste.com\/noticias\/#website"},"primaryImageOfPage":{"@id":"https:\/\/diariodeloeste.com\/noticias\/2025\/10\/06\/el-intendente-leo-nardini-y-el-candidato-jorge-taiana-visitaron-la-feria-del-libro-de-malvinas-argentinas-en-su-segunda-jornada-reafirmando-el-compromiso-con-la-cultura-la-educacion-y-la-promocion-d\/#primaryimage"},"image":{"@id":"https:\/\/diariodeloeste.com\/noticias\/2025\/10\/06\/el-intendente-leo-nardini-y-el-candidato-jorge-taiana-visitaron-la-feria-del-libro-de-malvinas-argentinas-en-su-segunda-jornada-reafirmando-el-compromiso-con-la-cultura-la-educacion-y-la-promocion-d\/#primaryimage"},"thumbnailUrl":"https:\/\/diariodeloeste.com\/noticias\/wp-content\/uploads\/2025\/10\/WhatsApp-Image-2025-10-04-at-10.12.04-PM.jpeg","datePublished":"2025-10-06T20:51:31+00:00","breadcrumb":{"@id":"https:\/\/diariodeloeste.com\/noticias\/2025\/10\/06\/el-intendente-leo-nardini-y-el-candidato-jorge-taiana-visitaron-la-feria-del-libro-de-malvinas-argentinas-en-su-segunda-jornada-reafirmando-el-compromiso-con-la-cultura-la-educacion-y-la-promocion-d\/#breadcrumb"},"inLanguage":"es-AR","potentialAction":[{"@type":"ReadAction","target":["https:\/\/diariodeloeste.com\/noticias\/2025\/10\/06\/el-intendente-leo-nardini-y-el-candidato-jorge-taiana-visitaron-la-feria-del-libro-de-malvinas-argentinas-en-su-segunda-jornada-reafirmando-el-compromiso-con-la-cultura-la-educacion-y-la-promocion-d\/"]}]},{"@type":"ImageObject","inLanguage":"es-AR","@id":"https:\/\/diariodeloeste.com\/noticias\/2025\/10\/06\/el-intendente-leo-nardini-y-el-candidato-jorge-taiana-visitaron-la-feria-del-libro-de-malvinas-argentinas-en-su-segunda-jornada-reafirmando-el-compromiso-con-la-cultura-la-educacion-y-la-promocion-d\/#primaryimage","url":"https:\/\/diariodeloeste.com\/noticias\/wp-content\/uploads\/2025\/10\/WhatsApp-Image-2025-10-04-at-10.12.04-PM.jpeg","contentUrl":"https:\/\/diariodeloeste.com\/noticias\/wp-content\/uploads\/2025\/10\/WhatsApp-Image-2025-10-04-at-10.12.04-PM.jpeg","width":1600,"height":1067},{"@type":"BreadcrumbList","@id":"https:\/\/diariodeloeste.com\/noticias\/2025\/10\/06\/el-intendente-leo-nardini-y-el-candidato-jorge-taiana-visitaron-la-feria-del-libro-de-malvinas-argentinas-en-su-segunda-jornada-reafirmando-el-compromiso-con-la-cultura-la-educacion-y-la-promocion-d\/#breadcrumb","itemListElement":[{"@type":"ListItem","position":1,"name":"Inicio","item":"https:\/\/diariodeloeste.com\/noticias\/"},{"@type":"ListItem","position":2,"name":"El intendente Leo Nardini y el candidato Jorge Taiana visitaron la Feria del Libro de Malvinas Argentinas en su segunda jornada, reafirmando el compromiso con la cultura, la educaci\u00f3n y la promoci\u00f3n de pol\u00edticas p\u00fablicas que promueven el acceso al conocimiento y la inclusi\u00f3n. * Ciudad de Malvinas Argentinas, 4 de octubre de 2025 &#8211; Este s\u00e1bado por la ma\u00f1ana, el intendente Leo Nardini recibi\u00f3 al primer candidato a diputado nacional por Fuerza Patria, Jorge Taiana, en el marco de una nueva jornada de la Feria del Libro Malvinense, que celebra su sexta edici\u00f3n. Durante la recorrida, los dirigentes conversaron con vecinos, autores locales y recorrieron los diferentes stands, celebrando la promoci\u00f3n de la cultura y la educaci\u00f3n. \u201cComo dije ayer en la apertura, nosotros seguimos invirtiendo en inclusi\u00f3n. Estoy contento de contar con personas como Jorge en una lista que representa y defiende a los y las bonaerenses, y a todos los argentinos y argentinas\u201d, expres\u00f3 Nardini. El intendente destac\u00f3 adem\u00e1s el valor y el reconocimiento del candidato: \u201cTaiana ha pasado por muchos cargos del Estado y nunca ha tenido un problema, ni un esc\u00e1ndalo. Es respetado por propios y ajenos. Pero adem\u00e1s de su curr\u00edculum es una excelente persona\u201d. En relaci\u00f3n al contexto electoral, Nardini comparti\u00f3 su an\u00e1lisis sobre los \u00faltimos comicios y las expectativas de cara a las elecciones intermedias de octubre: \u201cTengo muchas expectativas de que podamos tener una elecci\u00f3n igual a la del 7, con un resultado positivo y la diferencia, que fue mayor a la esperada. Hay una sociedad que va despertando frente a pol\u00edticas que no se corresponden con lo prometido en 2023 y que afectan la vida, y sobre todo el bolsillo, de las personas\u201d y concluy\u00f3: \u201cLa gente encontr\u00f3 en Fuerza Patria un canal para ponerle un freno a esas pol\u00edticas que da\u00f1an a las familias, sobre todo del conurbano bonaerense\u201d. En la recorrida, los dirigentes reafirmaron el compromiso de Fuerza Patria con la gente y con la defensa de los derechos fundamentales para construir una sociedad mejor: \u201cEstoy convencido de que Jorge y cada uno de los que integran la lista van a representarnos de la mejor manera: con propuestas, con respeto, con empat\u00eda, defendiendo lo que marca nuestra Constituci\u00f3n Nacional, los derechos del ni\u00f1o, de las personas con discapacidad, de los adultos mayores\u201d, expres\u00f3 el intendente. Y cerr\u00f3: \u201cEstamos trabajando para eso con mucho esfuerzo y mucha convicci\u00f3n en todo el territorio junto a los dirigentes, los militantes las y los intendentes\u201d."}]},{"@type":"WebSite","@id":"https:\/\/diariodeloeste.com\/noticias\/#website","url":"https:\/\/diariodeloeste.com\/noticias\/","name":"Diario del Oeste","description":"Noticias del Oeste","publisher":{"@id":"https:\/\/diariodeloeste.com\/noticias\/#organization"},"potentialAction":[{"@type":"SearchAction","target":{"@type":"EntryPoint","urlTemplate":"https:\/\/diariodeloeste.com\/noticias\/?s={search_term_string}"},"query-input":{"@type":"PropertyValueSpecification","valueRequired":true,"valueName":"search_term_string"}}],"inLanguage":"es-AR"},{"@type":"Organization","@id":"https:\/\/diariodeloeste.com\/noticias\/#organization","name":"Diario del Oeste","url":"https:\/\/diariodeloeste.com\/noticias\/","logo":{"@type":"ImageObject","inLanguage":"es-AR","@id":"https:\/\/diariodeloeste.com\/noticias\/#\/schema\/logo\/image\/","url":"https:\/\/diariodeloeste.com\/noticias\/wp-content\/uploads\/2019\/04\/logo.png","contentUrl":"https:\/\/diariodeloeste.com\/noticias\/wp-content\/uploads\/2019\/04\/logo.png","width":306,"height":145,"caption":"Diario del Oeste"},"image":{"@id":"https:\/\/diariodeloeste.com\/noticias\/#\/schema\/logo\/image\/"}},{"@type":"Person","@id":"https:\/\/diariodeloeste.com\/noticias\/#\/schema\/person\/1f7be965f8c093432e1cbfcee0ac4047","name":"Redaccion","image":{"@type":"ImageObject","inLanguage":"es-AR","@id":"https:\/\/secure.gravatar.com\/avatar\/f9bc3a12e26b32d818d88f9a5b61de20b559752e499df507efa7ea3cea0550ef?s=96&d=mm&r=g","url":"https:\/\/secure.gravatar.com\/avatar\/f9bc3a12e26b32d818d88f9a5b61de20b559752e499df507efa7ea3cea0550ef?s=96&d=mm&r=g","contentUrl":"https:\/\/secure.gravatar.com\/avatar\/f9bc3a12e26b32d818d88f9a5b61de20b559752e499df507efa7ea3cea0550ef?s=96&d=mm&r=g","caption":"Redaccion"},"url":"https:\/\/diariodeloeste.com\/noticias\/author\/redaccion\/"}]}},"_links":{"self":[{"href":"https:\/\/diariodeloeste.com\/noticias\/wp-json\/wp\/v2\/posts\/15253","targetHints":{"allow":["GET"]}}],"collection":[{"href":"https:\/\/diariodeloeste.com\/noticias\/wp-json\/wp\/v2\/posts"}],"about":[{"href":"https:\/\/diariodeloeste.com\/noticias\/wp-json\/wp\/v2\/types\/post"}],"author":[{"embeddable":true,"href":"https:\/\/diariodeloeste.com\/noticias\/wp-json\/wp\/v2\/users\/3"}],"replies":[{"embeddable":true,"href":"https:\/\/diariodeloeste.com\/noticias\/wp-json\/wp\/v2\/comments?post=15253"}],"version-history":[{"count":1,"href":"https:\/\/diariodeloeste.com\/noticias\/wp-json\/wp\/v2\/posts\/15253\/revisions"}],"predecessor-version":[{"id":15258,"href":"https:\/\/diariodeloeste.com\/noticias\/wp-json\/wp\/v2\/posts\/15253\/revisions\/15258"}],"wp:featuredmedia":[{"embeddable":true,"href":"https:\/\/diariodeloeste.com\/noticias\/wp-json\/wp\/v2\/media\/15254"}],"wp:attachment":[{"href":"https:\/\/diariodeloeste.com\/noticias\/wp-json\/wp\/v2\/media?parent=15253"}],"wp:term":[{"taxonomy":"category","embeddable":true,"href":"https:\/\/diariodeloeste.com\/noticias\/wp-json\/wp\/v2\/categories?post=15253"},{"taxonomy":"post_tag","embeddable":true,"href":"https:\/\/diariodeloeste.com\/noticias\/wp-json\/wp\/v2\/tags?post=15253"}],"curies":[{"name":"wp","href":"https:\/\/api.w.org\/{rel}","templated":true}]}}