{"id":15196,"date":"2025-09-24T18:41:03","date_gmt":"2025-09-24T18:41:03","guid":{"rendered":"https:\/\/diariodeloeste.com\/noticias\/?p=15196"},"modified":"2025-09-24T18:41:03","modified_gmt":"2025-09-24T18:41:03","slug":"el-equipo-de-cirugia-bariatrica-de-malvinas-argentinas-brillo-en-el-congreso-mundial-de-ifso-2025-en-chile","status":"publish","type":"post","link":"https:\/\/diariodeloeste.com\/noticias\/2025\/09\/24\/el-equipo-de-cirugia-bariatrica-de-malvinas-argentinas-brillo-en-el-congreso-mundial-de-ifso-2025-en-chile\/","title":{"rendered":"EL EQUIPO DE CIRUG\u00cdA BARI\u00c1TRICA DE MALVINAS ARGENTINAS BRILL\u00d3 EN EL CONGRESO MUNDIAL DE IFSO 2025 EN CHILE"},"content":{"rendered":"<h2 class=\"sc-iapWAC vriNj\">Participaron con trabajos cient\u00edficos y p\u00f3sters. Compartieron su experiencia cl\u00ednica y acad\u00e9mica ante m\u00e1s de 2.500 especialistas. El evento reforz\u00f3 su compromiso con la investigaci\u00f3n y la innovaci\u00f3n en salud.<\/h2>\n<div class=\"sc-kqGoIF cvDJci\">\n<p dir=\"ltr\"><strong>Ing. Pablo Nogu\u00e9s, 19 de septiembre de 2025 &#8211;\u00a0<\/strong>El equipo de Cirug\u00eda Bari\u00e1trica y Metab\u00f3lica de Malvinas Argentinas tuvo una destacada participaci\u00f3n en el Congreso Mundial de la International Federation for the Surgery of Obesity and Metabolic Disorders (IFSO) 2025, realizado en la ciudad de Santiago de Chile. Este encuentro, uno de los m\u00e1s importantes a nivel global en la especialidad, reuni\u00f3 a m\u00e1s de 2.500 cirujanos de todo el mundo.<\/p>\n<p dir=\"ltr\">\n<p dir=\"ltr\">Durante el congreso, los profesionales de Malvinas Argentinas presentaron trabajos cient\u00edficos y p\u00f3sters que reflejan la intensa labor cl\u00ednica, quir\u00fargica y acad\u00e9mica que el servicio desarrolla en el hospital. No solo posiciona al equipo como referente en la regi\u00f3n, sino que tambi\u00e9n reafirma su compromiso con la investigaci\u00f3n, la innovaci\u00f3n y la calidad en la atenci\u00f3n de los pacientes con obesidad y enfermedades metab\u00f3licas.<\/p>\n<p dir=\"ltr\">\n<p dir=\"ltr\">El doctor Daniel Cai\u00f1a (MP 442384) jefe del servicio de Cirug\u00eda Bari\u00e1trica, destac\u00f3: \u201cEste evento se hace cada dos a\u00f1os y es muy importante para nosotros porque hemos ido con el equipo multidisciplinario, que re\u00fane a nutricionistas, psic\u00f3logos y cirujanos, a presentar nuestra experiencia\u201d.<\/p>\n<p dir=\"ltr\">\n<p dir=\"ltr\">En el mismo sentido, Agust\u00edn Cai\u00f1a (MP 99185) quien represent\u00f3 al \u00e1rea de Salud Mental, subray\u00f3 la importancia del aprendizaje compartido: \u201cHa sido una experiencia sumamente gratificante para la formaci\u00f3n de todo el equipo y a esa apuesta para formalizar la experiencia y la pr\u00e1ctica y compartirlo con la comunidad cient\u00edfica nacional e internacional. La obesidad hoy afecta a m\u00e1s del 60% de la poblaci\u00f3n argentina y se ha triplicado en estos \u00faltimos 15 a\u00f1os en ni\u00f1os y ni\u00f1as\u201d.<\/p>\n<p dir=\"ltr\">\n<p dir=\"ltr\">La nutricionista Micaela Zu\u00f1iga Arga\u00f1araz (MP 5727), parte del equipo, resalt\u00f3 la riqueza del intercambio: \u201cFue una experiencia muy enriquecedora porque pudimos intercambiar con colegas de distintos pa\u00edses, exponer el trabajo que hacemos y aprender qu\u00e9 t\u00e9cnicas y m\u00e9todos usan en otros lugares del mundo\u201d.<\/p>\n<p dir=\"ltr\">\n<p dir=\"ltr\">El reconocimiento recibido en este congreso constituye un motivo de orgullo para el distrito, ya que el esfuerzo conjunto de m\u00e9dicos, enfermeros, nutricionistas, psic\u00f3logos y todo el personal de salud se traduce en resultados de alto nivel cient\u00edfico y humano, a la altura de los principales centros del mundo.<\/p>\n<\/div>\n<script>function PlayerjsAsync(){} if(window[\"Playerjs\"]){PlayerjsAsync();}<\/script>","protected":false},"excerpt":{"rendered":"<p>Participaron con trabajos cient\u00edficos y p\u00f3sters. Compartieron su experiencia cl\u00ednica y acad\u00e9mica ante m\u00e1s de 2.500 especialistas. El evento reforz\u00f3 su compromiso con la investigaci\u00f3n y la innovaci\u00f3n en salud. Ing. Pablo Nogu\u00e9s, 19 de septiembre de 2025 &#8211;\u00a0El equipo de Cirug\u00eda Bari\u00e1trica y Metab\u00f3lica de Malvinas Argentinas tuvo una destacada participaci\u00f3n en el Congreso [&hellip;]<\/p>\n","protected":false},"author":3,"featured_media":15197,"comment_status":"closed","ping_status":"closed","sticky":false,"template":"","format":"standard","meta":{"content-type":"","footnotes":""},"categories":[188],"tags":[],"class_list":{"0":"post-15196","1":"post","2":"type-post","3":"status-publish","4":"format-standard","5":"has-post-thumbnail","7":"category-salud"},"yoast_head":"<!-- This site is optimized with the Yoast SEO plugin v27.4 - https:\/\/yoast.com\/product\/yoast-seo-wordpress\/ -->\n<title>EL EQUIPO DE CIRUG\u00cdA BARI\u00c1TRICA DE MALVINAS ARGENTINAS BRILL\u00d3 EN EL CONGRESO MUNDIAL DE IFSO 2025 EN CHILE - Diario del Oeste<\/title>\n<meta name=\"robots\" content=\"index, follow, max-snippet:-1, max-image-preview:large, max-video-preview:-1\" \/>\n<link rel=\"canonical\" href=\"https:\/\/diariodeloeste.com\/noticias\/2025\/09\/24\/el-equipo-de-cirugia-bariatrica-de-malvinas-argentinas-brillo-en-el-congreso-mundial-de-ifso-2025-en-chile\/\" \/>\n<meta property=\"og:locale\" content=\"es_ES\" \/>\n<meta property=\"og:type\" content=\"article\" \/>\n<meta property=\"og:title\" content=\"EL EQUIPO DE CIRUG\u00cdA BARI\u00c1TRICA DE MALVINAS ARGENTINAS BRILL\u00d3 EN EL CONGRESO MUNDIAL DE IFSO 2025 EN CHILE - Diario del Oeste\" \/>\n<meta property=\"og:description\" content=\"Participaron con trabajos cient\u00edficos y p\u00f3sters. Compartieron su experiencia cl\u00ednica y acad\u00e9mica ante m\u00e1s de 2.500 especialistas. El evento reforz\u00f3 su compromiso con la investigaci\u00f3n y la innovaci\u00f3n en salud. Ing. Pablo Nogu\u00e9s, 19 de septiembre de 2025 &#8211;\u00a0El equipo de Cirug\u00eda Bari\u00e1trica y Metab\u00f3lica de Malvinas Argentinas tuvo una destacada participaci\u00f3n en el Congreso [&hellip;]\" \/>\n<meta property=\"og:url\" content=\"https:\/\/diariodeloeste.com\/noticias\/2025\/09\/24\/el-equipo-de-cirugia-bariatrica-de-malvinas-argentinas-brillo-en-el-congreso-mundial-de-ifso-2025-en-chile\/\" \/>\n<meta property=\"og:site_name\" content=\"Diario del Oeste\" \/>\n<meta property=\"article:published_time\" content=\"2025-09-24T18:41:03+00:00\" \/>\n<meta property=\"og:image\" content=\"https:\/\/diariodeloeste.com\/noticias\/wp-content\/uploads\/2025\/09\/SxHHZQFZJISLoVpHXnh0-scaled.webp\" \/>\n\t<meta property=\"og:image:width\" content=\"2560\" \/>\n\t<meta property=\"og:image:height\" content=\"1706\" \/>\n\t<meta property=\"og:image:type\" content=\"image\/webp\" \/>\n<meta name=\"author\" content=\"Redaccion\" \/>\n<meta name=\"twitter:card\" content=\"summary_large_image\" \/>\n<meta name=\"twitter:label1\" content=\"Escrito por\" \/>\n\t<meta name=\"twitter:data1\" content=\"Redaccion\" \/>\n\t<meta name=\"twitter:label2\" content=\"Tiempo de lectura\" \/>\n\t<meta name=\"twitter:data2\" content=\"2 minutos\" \/>\n<script type=\"application\/ld+json\" class=\"yoast-schema-graph\">{\"@context\":\"https:\\\/\\\/schema.org\",\"@graph\":[{\"@type\":\"Article\",\"@id\":\"https:\\\/\\\/diariodeloeste.com\\\/noticias\\\/2025\\\/09\\\/24\\\/el-equipo-de-cirugia-bariatrica-de-malvinas-argentinas-brillo-en-el-congreso-mundial-de-ifso-2025-en-chile\\\/#article\",\"isPartOf\":{\"@id\":\"https:\\\/\\\/diariodeloeste.com\\\/noticias\\\/2025\\\/09\\\/24\\\/el-equipo-de-cirugia-bariatrica-de-malvinas-argentinas-brillo-en-el-congreso-mundial-de-ifso-2025-en-chile\\\/\"},\"author\":{\"name\":\"Redaccion\",\"@id\":\"https:\\\/\\\/diariodeloeste.com\\\/noticias\\\/#\\\/schema\\\/person\\\/1f7be965f8c093432e1cbfcee0ac4047\"},\"headline\":\"EL EQUIPO DE CIRUG\u00cdA BARI\u00c1TRICA DE MALVINAS ARGENTINAS BRILL\u00d3 EN EL CONGRESO MUNDIAL DE IFSO 2025 EN CHILE\",\"datePublished\":\"2025-09-24T18:41:03+00:00\",\"mainEntityOfPage\":{\"@id\":\"https:\\\/\\\/diariodeloeste.com\\\/noticias\\\/2025\\\/09\\\/24\\\/el-equipo-de-cirugia-bariatrica-de-malvinas-argentinas-brillo-en-el-congreso-mundial-de-ifso-2025-en-chile\\\/\"},\"wordCount\":441,\"publisher\":{\"@id\":\"https:\\\/\\\/diariodeloeste.com\\\/noticias\\\/#organization\"},\"image\":{\"@id\":\"https:\\\/\\\/diariodeloeste.com\\\/noticias\\\/2025\\\/09\\\/24\\\/el-equipo-de-cirugia-bariatrica-de-malvinas-argentinas-brillo-en-el-congreso-mundial-de-ifso-2025-en-chile\\\/#primaryimage\"},\"thumbnailUrl\":\"https:\\\/\\\/diariodeloeste.com\\\/noticias\\\/wp-content\\\/uploads\\\/2025\\\/09\\\/SxHHZQFZJISLoVpHXnh0-scaled.webp\",\"articleSection\":[\"Salud\"],\"inLanguage\":\"es-AR\"},{\"@type\":\"WebPage\",\"@id\":\"https:\\\/\\\/diariodeloeste.com\\\/noticias\\\/2025\\\/09\\\/24\\\/el-equipo-de-cirugia-bariatrica-de-malvinas-argentinas-brillo-en-el-congreso-mundial-de-ifso-2025-en-chile\\\/\",\"url\":\"https:\\\/\\\/diariodeloeste.com\\\/noticias\\\/2025\\\/09\\\/24\\\/el-equipo-de-cirugia-bariatrica-de-malvinas-argentinas-brillo-en-el-congreso-mundial-de-ifso-2025-en-chile\\\/\",\"name\":\"EL EQUIPO DE CIRUG\u00cdA BARI\u00c1TRICA DE MALVINAS ARGENTINAS BRILL\u00d3 EN EL CONGRESO MUNDIAL DE IFSO 2025 EN CHILE - Diario del Oeste\",\"isPartOf\":{\"@id\":\"https:\\\/\\\/diariodeloeste.com\\\/noticias\\\/#website\"},\"primaryImageOfPage\":{\"@id\":\"https:\\\/\\\/diariodeloeste.com\\\/noticias\\\/2025\\\/09\\\/24\\\/el-equipo-de-cirugia-bariatrica-de-malvinas-argentinas-brillo-en-el-congreso-mundial-de-ifso-2025-en-chile\\\/#primaryimage\"},\"image\":{\"@id\":\"https:\\\/\\\/diariodeloeste.com\\\/noticias\\\/2025\\\/09\\\/24\\\/el-equipo-de-cirugia-bariatrica-de-malvinas-argentinas-brillo-en-el-congreso-mundial-de-ifso-2025-en-chile\\\/#primaryimage\"},\"thumbnailUrl\":\"https:\\\/\\\/diariodeloeste.com\\\/noticias\\\/wp-content\\\/uploads\\\/2025\\\/09\\\/SxHHZQFZJISLoVpHXnh0-scaled.webp\",\"datePublished\":\"2025-09-24T18:41:03+00:00\",\"breadcrumb\":{\"@id\":\"https:\\\/\\\/diariodeloeste.com\\\/noticias\\\/2025\\\/09\\\/24\\\/el-equipo-de-cirugia-bariatrica-de-malvinas-argentinas-brillo-en-el-congreso-mundial-de-ifso-2025-en-chile\\\/#breadcrumb\"},\"inLanguage\":\"es-AR\",\"potentialAction\":[{\"@type\":\"ReadAction\",\"target\":[\"https:\\\/\\\/diariodeloeste.com\\\/noticias\\\/2025\\\/09\\\/24\\\/el-equipo-de-cirugia-bariatrica-de-malvinas-argentinas-brillo-en-el-congreso-mundial-de-ifso-2025-en-chile\\\/\"]}]},{\"@type\":\"ImageObject\",\"inLanguage\":\"es-AR\",\"@id\":\"https:\\\/\\\/diariodeloeste.com\\\/noticias\\\/2025\\\/09\\\/24\\\/el-equipo-de-cirugia-bariatrica-de-malvinas-argentinas-brillo-en-el-congreso-mundial-de-ifso-2025-en-chile\\\/#primaryimage\",\"url\":\"https:\\\/\\\/diariodeloeste.com\\\/noticias\\\/wp-content\\\/uploads\\\/2025\\\/09\\\/SxHHZQFZJISLoVpHXnh0-scaled.webp\",\"contentUrl\":\"https:\\\/\\\/diariodeloeste.com\\\/noticias\\\/wp-content\\\/uploads\\\/2025\\\/09\\\/SxHHZQFZJISLoVpHXnh0-scaled.webp\",\"width\":2560,\"height\":1706},{\"@type\":\"BreadcrumbList\",\"@id\":\"https:\\\/\\\/diariodeloeste.com\\\/noticias\\\/2025\\\/09\\\/24\\\/el-equipo-de-cirugia-bariatrica-de-malvinas-argentinas-brillo-en-el-congreso-mundial-de-ifso-2025-en-chile\\\/#breadcrumb\",\"itemListElement\":[{\"@type\":\"ListItem\",\"position\":1,\"name\":\"Inicio\",\"item\":\"https:\\\/\\\/diariodeloeste.com\\\/noticias\\\/\"},{\"@type\":\"ListItem\",\"position\":2,\"name\":\"EL EQUIPO DE CIRUG\u00cdA BARI\u00c1TRICA DE MALVINAS ARGENTINAS BRILL\u00d3 EN EL CONGRESO MUNDIAL DE IFSO 2025 EN CHILE\"}]},{\"@type\":\"WebSite\",\"@id\":\"https:\\\/\\\/diariodeloeste.com\\\/noticias\\\/#website\",\"url\":\"https:\\\/\\\/diariodeloeste.com\\\/noticias\\\/\",\"name\":\"Diario del Oeste\",\"description\":\"Noticias del Oeste\",\"publisher\":{\"@id\":\"https:\\\/\\\/diariodeloeste.com\\\/noticias\\\/#organization\"},\"potentialAction\":[{\"@type\":\"SearchAction\",\"target\":{\"@type\":\"EntryPoint\",\"urlTemplate\":\"https:\\\/\\\/diariodeloeste.com\\\/noticias\\\/?s={search_term_string}\"},\"query-input\":{\"@type\":\"PropertyValueSpecification\",\"valueRequired\":true,\"valueName\":\"search_term_string\"}}],\"inLanguage\":\"es-AR\"},{\"@type\":\"Organization\",\"@id\":\"https:\\\/\\\/diariodeloeste.com\\\/noticias\\\/#organization\",\"name\":\"Diario del Oeste\",\"url\":\"https:\\\/\\\/diariodeloeste.com\\\/noticias\\\/\",\"logo\":{\"@type\":\"ImageObject\",\"inLanguage\":\"es-AR\",\"@id\":\"https:\\\/\\\/diariodeloeste.com\\\/noticias\\\/#\\\/schema\\\/logo\\\/image\\\/\",\"url\":\"https:\\\/\\\/diariodeloeste.com\\\/noticias\\\/wp-content\\\/uploads\\\/2019\\\/04\\\/logo.png\",\"contentUrl\":\"https:\\\/\\\/diariodeloeste.com\\\/noticias\\\/wp-content\\\/uploads\\\/2019\\\/04\\\/logo.png\",\"width\":306,\"height\":145,\"caption\":\"Diario del Oeste\"},\"image\":{\"@id\":\"https:\\\/\\\/diariodeloeste.com\\\/noticias\\\/#\\\/schema\\\/logo\\\/image\\\/\"}},{\"@type\":\"Person\",\"@id\":\"https:\\\/\\\/diariodeloeste.com\\\/noticias\\\/#\\\/schema\\\/person\\\/1f7be965f8c093432e1cbfcee0ac4047\",\"name\":\"Redaccion\",\"image\":{\"@type\":\"ImageObject\",\"inLanguage\":\"es-AR\",\"@id\":\"https:\\\/\\\/secure.gravatar.com\\\/avatar\\\/f9bc3a12e26b32d818d88f9a5b61de20b559752e499df507efa7ea3cea0550ef?s=96&d=mm&r=g\",\"url\":\"https:\\\/\\\/secure.gravatar.com\\\/avatar\\\/f9bc3a12e26b32d818d88f9a5b61de20b559752e499df507efa7ea3cea0550ef?s=96&d=mm&r=g\",\"contentUrl\":\"https:\\\/\\\/secure.gravatar.com\\\/avatar\\\/f9bc3a12e26b32d818d88f9a5b61de20b559752e499df507efa7ea3cea0550ef?s=96&d=mm&r=g\",\"caption\":\"Redaccion\"},\"url\":\"https:\\\/\\\/diariodeloeste.com\\\/noticias\\\/author\\\/redaccion\\\/\"}]}<\/script>\n<!-- \/ Yoast SEO plugin. -->","yoast_head_json":{"title":"EL EQUIPO DE CIRUG\u00cdA BARI\u00c1TRICA DE MALVINAS ARGENTINAS BRILL\u00d3 EN EL CONGRESO MUNDIAL DE IFSO 2025 EN CHILE - Diario del Oeste","robots":{"index":"index","follow":"follow","max-snippet":"max-snippet:-1","max-image-preview":"max-image-preview:large","max-video-preview":"max-video-preview:-1"},"canonical":"https:\/\/diariodeloeste.com\/noticias\/2025\/09\/24\/el-equipo-de-cirugia-bariatrica-de-malvinas-argentinas-brillo-en-el-congreso-mundial-de-ifso-2025-en-chile\/","og_locale":"es_ES","og_type":"article","og_title":"EL EQUIPO DE CIRUG\u00cdA BARI\u00c1TRICA DE MALVINAS ARGENTINAS BRILL\u00d3 EN EL CONGRESO MUNDIAL DE IFSO 2025 EN CHILE - Diario del Oeste","og_description":"Participaron con trabajos cient\u00edficos y p\u00f3sters. Compartieron su experiencia cl\u00ednica y acad\u00e9mica ante m\u00e1s de 2.500 especialistas. El evento reforz\u00f3 su compromiso con la investigaci\u00f3n y la innovaci\u00f3n en salud. Ing. Pablo Nogu\u00e9s, 19 de septiembre de 2025 &#8211;\u00a0El equipo de Cirug\u00eda Bari\u00e1trica y Metab\u00f3lica de Malvinas Argentinas tuvo una destacada participaci\u00f3n en el Congreso [&hellip;]","og_url":"https:\/\/diariodeloeste.com\/noticias\/2025\/09\/24\/el-equipo-de-cirugia-bariatrica-de-malvinas-argentinas-brillo-en-el-congreso-mundial-de-ifso-2025-en-chile\/","og_site_name":"Diario del Oeste","article_published_time":"2025-09-24T18:41:03+00:00","og_image":[{"width":2560,"height":1706,"url":"https:\/\/diariodeloeste.com\/noticias\/wp-content\/uploads\/2025\/09\/SxHHZQFZJISLoVpHXnh0-scaled.webp","type":"image\/webp"}],"author":"Redaccion","twitter_card":"summary_large_image","twitter_misc":{"Escrito por":"Redaccion","Tiempo de lectura":"2 minutos"},"schema":{"@context":"https:\/\/schema.org","@graph":[{"@type":"Article","@id":"https:\/\/diariodeloeste.com\/noticias\/2025\/09\/24\/el-equipo-de-cirugia-bariatrica-de-malvinas-argentinas-brillo-en-el-congreso-mundial-de-ifso-2025-en-chile\/#article","isPartOf":{"@id":"https:\/\/diariodeloeste.com\/noticias\/2025\/09\/24\/el-equipo-de-cirugia-bariatrica-de-malvinas-argentinas-brillo-en-el-congreso-mundial-de-ifso-2025-en-chile\/"},"author":{"name":"Redaccion","@id":"https:\/\/diariodeloeste.com\/noticias\/#\/schema\/person\/1f7be965f8c093432e1cbfcee0ac4047"},"headline":"EL EQUIPO DE CIRUG\u00cdA BARI\u00c1TRICA DE MALVINAS ARGENTINAS BRILL\u00d3 EN EL CONGRESO MUNDIAL DE IFSO 2025 EN CHILE","datePublished":"2025-09-24T18:41:03+00:00","mainEntityOfPage":{"@id":"https:\/\/diariodeloeste.com\/noticias\/2025\/09\/24\/el-equipo-de-cirugia-bariatrica-de-malvinas-argentinas-brillo-en-el-congreso-mundial-de-ifso-2025-en-chile\/"},"wordCount":441,"publisher":{"@id":"https:\/\/diariodeloeste.com\/noticias\/#organization"},"image":{"@id":"https:\/\/diariodeloeste.com\/noticias\/2025\/09\/24\/el-equipo-de-cirugia-bariatrica-de-malvinas-argentinas-brillo-en-el-congreso-mundial-de-ifso-2025-en-chile\/#primaryimage"},"thumbnailUrl":"https:\/\/diariodeloeste.com\/noticias\/wp-content\/uploads\/2025\/09\/SxHHZQFZJISLoVpHXnh0-scaled.webp","articleSection":["Salud"],"inLanguage":"es-AR"},{"@type":"WebPage","@id":"https:\/\/diariodeloeste.com\/noticias\/2025\/09\/24\/el-equipo-de-cirugia-bariatrica-de-malvinas-argentinas-brillo-en-el-congreso-mundial-de-ifso-2025-en-chile\/","url":"https:\/\/diariodeloeste.com\/noticias\/2025\/09\/24\/el-equipo-de-cirugia-bariatrica-de-malvinas-argentinas-brillo-en-el-congreso-mundial-de-ifso-2025-en-chile\/","name":"EL EQUIPO DE CIRUG\u00cdA BARI\u00c1TRICA DE MALVINAS ARGENTINAS BRILL\u00d3 EN EL CONGRESO MUNDIAL DE IFSO 2025 EN CHILE - Diario del Oeste","isPartOf":{"@id":"https:\/\/diariodeloeste.com\/noticias\/#website"},"primaryImageOfPage":{"@id":"https:\/\/diariodeloeste.com\/noticias\/2025\/09\/24\/el-equipo-de-cirugia-bariatrica-de-malvinas-argentinas-brillo-en-el-congreso-mundial-de-ifso-2025-en-chile\/#primaryimage"},"image":{"@id":"https:\/\/diariodeloeste.com\/noticias\/2025\/09\/24\/el-equipo-de-cirugia-bariatrica-de-malvinas-argentinas-brillo-en-el-congreso-mundial-de-ifso-2025-en-chile\/#primaryimage"},"thumbnailUrl":"https:\/\/diariodeloeste.com\/noticias\/wp-content\/uploads\/2025\/09\/SxHHZQFZJISLoVpHXnh0-scaled.webp","datePublished":"2025-09-24T18:41:03+00:00","breadcrumb":{"@id":"https:\/\/diariodeloeste.com\/noticias\/2025\/09\/24\/el-equipo-de-cirugia-bariatrica-de-malvinas-argentinas-brillo-en-el-congreso-mundial-de-ifso-2025-en-chile\/#breadcrumb"},"inLanguage":"es-AR","potentialAction":[{"@type":"ReadAction","target":["https:\/\/diariodeloeste.com\/noticias\/2025\/09\/24\/el-equipo-de-cirugia-bariatrica-de-malvinas-argentinas-brillo-en-el-congreso-mundial-de-ifso-2025-en-chile\/"]}]},{"@type":"ImageObject","inLanguage":"es-AR","@id":"https:\/\/diariodeloeste.com\/noticias\/2025\/09\/24\/el-equipo-de-cirugia-bariatrica-de-malvinas-argentinas-brillo-en-el-congreso-mundial-de-ifso-2025-en-chile\/#primaryimage","url":"https:\/\/diariodeloeste.com\/noticias\/wp-content\/uploads\/2025\/09\/SxHHZQFZJISLoVpHXnh0-scaled.webp","contentUrl":"https:\/\/diariodeloeste.com\/noticias\/wp-content\/uploads\/2025\/09\/SxHHZQFZJISLoVpHXnh0-scaled.webp","width":2560,"height":1706},{"@type":"BreadcrumbList","@id":"https:\/\/diariodeloeste.com\/noticias\/2025\/09\/24\/el-equipo-de-cirugia-bariatrica-de-malvinas-argentinas-brillo-en-el-congreso-mundial-de-ifso-2025-en-chile\/#breadcrumb","itemListElement":[{"@type":"ListItem","position":1,"name":"Inicio","item":"https:\/\/diariodeloeste.com\/noticias\/"},{"@type":"ListItem","position":2,"name":"EL EQUIPO DE CIRUG\u00cdA BARI\u00c1TRICA DE MALVINAS ARGENTINAS BRILL\u00d3 EN EL CONGRESO MUNDIAL DE IFSO 2025 EN CHILE"}]},{"@type":"WebSite","@id":"https:\/\/diariodeloeste.com\/noticias\/#website","url":"https:\/\/diariodeloeste.com\/noticias\/","name":"Diario del Oeste","description":"Noticias del Oeste","publisher":{"@id":"https:\/\/diariodeloeste.com\/noticias\/#organization"},"potentialAction":[{"@type":"SearchAction","target":{"@type":"EntryPoint","urlTemplate":"https:\/\/diariodeloeste.com\/noticias\/?s={search_term_string}"},"query-input":{"@type":"PropertyValueSpecification","valueRequired":true,"valueName":"search_term_string"}}],"inLanguage":"es-AR"},{"@type":"Organization","@id":"https:\/\/diariodeloeste.com\/noticias\/#organization","name":"Diario del Oeste","url":"https:\/\/diariodeloeste.com\/noticias\/","logo":{"@type":"ImageObject","inLanguage":"es-AR","@id":"https:\/\/diariodeloeste.com\/noticias\/#\/schema\/logo\/image\/","url":"https:\/\/diariodeloeste.com\/noticias\/wp-content\/uploads\/2019\/04\/logo.png","contentUrl":"https:\/\/diariodeloeste.com\/noticias\/wp-content\/uploads\/2019\/04\/logo.png","width":306,"height":145,"caption":"Diario del Oeste"},"image":{"@id":"https:\/\/diariodeloeste.com\/noticias\/#\/schema\/logo\/image\/"}},{"@type":"Person","@id":"https:\/\/diariodeloeste.com\/noticias\/#\/schema\/person\/1f7be965f8c093432e1cbfcee0ac4047","name":"Redaccion","image":{"@type":"ImageObject","inLanguage":"es-AR","@id":"https:\/\/secure.gravatar.com\/avatar\/f9bc3a12e26b32d818d88f9a5b61de20b559752e499df507efa7ea3cea0550ef?s=96&d=mm&r=g","url":"https:\/\/secure.gravatar.com\/avatar\/f9bc3a12e26b32d818d88f9a5b61de20b559752e499df507efa7ea3cea0550ef?s=96&d=mm&r=g","contentUrl":"https:\/\/secure.gravatar.com\/avatar\/f9bc3a12e26b32d818d88f9a5b61de20b559752e499df507efa7ea3cea0550ef?s=96&d=mm&r=g","caption":"Redaccion"},"url":"https:\/\/diariodeloeste.com\/noticias\/author\/redaccion\/"}]}},"_links":{"self":[{"href":"https:\/\/diariodeloeste.com\/noticias\/wp-json\/wp\/v2\/posts\/15196","targetHints":{"allow":["GET"]}}],"collection":[{"href":"https:\/\/diariodeloeste.com\/noticias\/wp-json\/wp\/v2\/posts"}],"about":[{"href":"https:\/\/diariodeloeste.com\/noticias\/wp-json\/wp\/v2\/types\/post"}],"author":[{"embeddable":true,"href":"https:\/\/diariodeloeste.com\/noticias\/wp-json\/wp\/v2\/users\/3"}],"replies":[{"embeddable":true,"href":"https:\/\/diariodeloeste.com\/noticias\/wp-json\/wp\/v2\/comments?post=15196"}],"version-history":[{"count":1,"href":"https:\/\/diariodeloeste.com\/noticias\/wp-json\/wp\/v2\/posts\/15196\/revisions"}],"predecessor-version":[{"id":15198,"href":"https:\/\/diariodeloeste.com\/noticias\/wp-json\/wp\/v2\/posts\/15196\/revisions\/15198"}],"wp:featuredmedia":[{"embeddable":true,"href":"https:\/\/diariodeloeste.com\/noticias\/wp-json\/wp\/v2\/media\/15197"}],"wp:attachment":[{"href":"https:\/\/diariodeloeste.com\/noticias\/wp-json\/wp\/v2\/media?parent=15196"}],"wp:term":[{"taxonomy":"category","embeddable":true,"href":"https:\/\/diariodeloeste.com\/noticias\/wp-json\/wp\/v2\/categories?post=15196"},{"taxonomy":"post_tag","embeddable":true,"href":"https:\/\/diariodeloeste.com\/noticias\/wp-json\/wp\/v2\/tags?post=15196"}],"curies":[{"name":"wp","href":"https:\/\/api.w.org\/{rel}","templated":true}]}}