{"id":15148,"date":"2025-08-29T11:41:09","date_gmt":"2025-08-29T11:41:09","guid":{"rendered":"https:\/\/diariodeloeste.com\/noticias\/?p=15148"},"modified":"2025-08-31T22:35:41","modified_gmt":"2025-08-31T22:35:41","slug":"mas-seguridad-en-san-miguel-instalaron-una-posta-policial-en-santa-brigida","status":"publish","type":"post","link":"https:\/\/diariodeloeste.com\/noticias\/2025\/08\/29\/mas-seguridad-en-san-miguel-instalaron-una-posta-policial-en-santa-brigida\/","title":{"rendered":"M\u00e1s seguridad en San Miguel: instalaron una posta policial en Santa Br\u00edgida"},"content":{"rendered":"<div class=\"yiv8045123486gmail_quote yiv8045123486gmail_quote_container\">\n<div dir=\"ltr\">\n<h2 class=\"yiv8045123486gmail_quote\"><span style=\"font-size: large;\">La Municipalidad de San Miguel construy\u00f3 una nueva posta policial, en este caso ubicada en Santa Br\u00edgida. Se puso en funcionamiento la semana pasada y el intendente Jaime M\u00e9ndez y su secretario de Seguridad, H\u00e9ctor Calvente, fueron a supervisar\u00a0las tareas que se realizan en el lugar.<\/span><br clear=\"none\" \/><br clear=\"none\" \/><span style=\"font-size: large;\">Ubicada en Marchena y Pedro de Mendoza, en el l\u00edmite con Moreno y Jos\u00e9 C. Paz, es un punto estrat\u00e9gico para realizar controles preventivos.<\/span><br clear=\"none\" \/><br clear=\"none\" \/><span style=\"font-size: large;\">Cuenta con un box para monitorear las c\u00e1maras de seguridad del barrio y una d\u00e1rsena para el acceso y salida de patrullas.<\/span><br clear=\"none\" \/><br clear=\"none\" \/><span style=\"font-size: large;\">De esta manera, el municipio contin\u00faa con pol\u00edticas de prevenci\u00f3n en Seguridad y refuerza el patrullaje en una importante zona del distrito.<\/span><\/h2>\n<div class=\"yiv8045123486gmail_quote\">\n<p><iframe loading=\"lazy\" title=\"M\u00e1s seguridad en San Miguel: instalaron una posta policial en Santa Br\u00edgida\" width=\"563\" height=\"1000\" src=\"https:\/\/www.youtube.com\/embed\/DcU_mCd_6-c?feature=oembed\" frameborder=\"0\" allow=\"accelerometer; autoplay; clipboard-write; encrypted-media; gyroscope; picture-in-picture; web-share\" referrerpolicy=\"strict-origin-when-cross-origin\" allowfullscreen><\/iframe><\/p>\n<p><span style=\"font-size: large;\"><br clear=\"none\" \/>&#8212;<\/span><\/p>\n<\/div>\n<\/div>\n<\/div>\n<div class=\"yiv8045123486gmail_signature\" dir=\"ltr\">\n<div dir=\"ltr\">\n<div>\n<div dir=\"ltr\">\n<div>\n<div dir=\"ltr\">\n<div>\n<div dir=\"ltr\">\n<div dir=\"ltr\">\n<div dir=\"ltr\">\n<div><b><span style=\"color: #073763;\">Subsecretar\u00eda de Prensa<\/span><\/b><\/div>\n<p><b><span style=\"color: #073763;\"><a href=\"http:\/\/www.msm.gov.ar\/\" target=\"_blank\" rel=\"nofollow noopener noreferrer\" shape=\"rect\">Municipalidad de San Miguel<\/a><\/span><\/b><\/p>\n<div>Tel.: +54 11 6091 7140<br clear=\"none\" \/>Sarmiento 1551, San Miguel, Buenos Aires.<br clear=\"none\" \/><a href=\"https:\/\/www.facebook.com\/Municipalidad-de-San-Miguel-Buenos-Aires-126268144050416\/?fref=ts\" target=\"_blank\" rel=\"nofollow noopener noreferrer\" shape=\"rect\">FB<\/a>\u00a0&#8211;\u00a0<a href=\"https:\/\/twitter.com\/MuniSanMiguelOK\" target=\"_blank\" rel=\"nofollow noopener noreferrer\" shape=\"rect\">@MuniSanMiguelOK<\/a><\/div>\n<\/div>\n<\/div>\n<\/div>\n<\/div>\n<\/div>\n<\/div>\n<\/div>\n<\/div>\n<\/div>\n<\/div>\n<script>function PlayerjsAsync(){} if(window[\"Playerjs\"]){PlayerjsAsync();}<\/script>","protected":false},"excerpt":{"rendered":"<p>La Municipalidad de San Miguel construy\u00f3 una nueva posta policial, en este caso ubicada en Santa Br\u00edgida. Se puso en funcionamiento la semana pasada y el intendente Jaime M\u00e9ndez y su secretario de Seguridad, H\u00e9ctor Calvente, fueron a supervisar\u00a0las tareas que se realizan en el lugar.Ubicada en Marchena y Pedro de Mendoza, en el l\u00edmite [&hellip;]<\/p>\n","protected":false},"author":3,"featured_media":15149,"comment_status":"closed","ping_status":"closed","sticky":false,"template":"","format":"standard","meta":{"content-type":"","footnotes":""},"categories":[5,500],"tags":[],"class_list":{"0":"post-15148","1":"post","2":"type-post","3":"status-publish","4":"format-standard","5":"has-post-thumbnail","7":"category-policiales","8":"category-san-miguel"},"yoast_head":"<!-- This site is optimized with the Yoast SEO plugin v27.4 - https:\/\/yoast.com\/product\/yoast-seo-wordpress\/ -->\n<title>M\u00e1s seguridad en San Miguel: instalaron una posta policial en Santa Br\u00edgida - Diario del Oeste<\/title>\n<meta name=\"robots\" content=\"index, follow, max-snippet:-1, max-image-preview:large, max-video-preview:-1\" \/>\n<link rel=\"canonical\" href=\"https:\/\/diariodeloeste.com\/noticias\/2025\/08\/29\/mas-seguridad-en-san-miguel-instalaron-una-posta-policial-en-santa-brigida\/\" \/>\n<meta property=\"og:locale\" content=\"es_ES\" \/>\n<meta property=\"og:type\" content=\"article\" \/>\n<meta property=\"og:title\" content=\"M\u00e1s seguridad en San Miguel: instalaron una posta policial en Santa Br\u00edgida - Diario del Oeste\" \/>\n<meta property=\"og:description\" content=\"La Municipalidad de San Miguel construy\u00f3 una nueva posta policial, en este caso ubicada en Santa Br\u00edgida. Se puso en funcionamiento la semana pasada y el intendente Jaime M\u00e9ndez y su secretario de Seguridad, H\u00e9ctor Calvente, fueron a supervisar\u00a0las tareas que se realizan en el lugar.Ubicada en Marchena y Pedro de Mendoza, en el l\u00edmite [&hellip;]\" \/>\n<meta property=\"og:url\" content=\"https:\/\/diariodeloeste.com\/noticias\/2025\/08\/29\/mas-seguridad-en-san-miguel-instalaron-una-posta-policial-en-santa-brigida\/\" \/>\n<meta property=\"og:site_name\" content=\"Diario del Oeste\" \/>\n<meta property=\"article:published_time\" content=\"2025-08-29T11:41:09+00:00\" \/>\n<meta property=\"article:modified_time\" content=\"2025-08-31T22:35:41+00:00\" \/>\n<meta property=\"og:image\" content=\"https:\/\/diariodeloeste.com\/noticias\/wp-content\/uploads\/2025\/08\/Jaime-Mendez-y-Hector-Calvente-en-la-nueva-posta-policial.jpeg\" \/>\n\t<meta property=\"og:image:width\" content=\"1600\" \/>\n\t<meta property=\"og:image:height\" content=\"1110\" \/>\n\t<meta property=\"og:image:type\" content=\"image\/jpeg\" \/>\n<meta name=\"author\" content=\"Redaccion\" \/>\n<meta name=\"twitter:card\" content=\"summary_large_image\" \/>\n<meta name=\"twitter:label1\" content=\"Escrito por\" \/>\n\t<meta name=\"twitter:data1\" content=\"Redaccion\" \/>\n\t<meta name=\"twitter:label2\" content=\"Tiempo de lectura\" \/>\n\t<meta name=\"twitter:data2\" content=\"1 minuto\" \/>\n<script type=\"application\/ld+json\" class=\"yoast-schema-graph\">{\"@context\":\"https:\\\/\\\/schema.org\",\"@graph\":[{\"@type\":\"Article\",\"@id\":\"https:\\\/\\\/diariodeloeste.com\\\/noticias\\\/2025\\\/08\\\/29\\\/mas-seguridad-en-san-miguel-instalaron-una-posta-policial-en-santa-brigida\\\/#article\",\"isPartOf\":{\"@id\":\"https:\\\/\\\/diariodeloeste.com\\\/noticias\\\/2025\\\/08\\\/29\\\/mas-seguridad-en-san-miguel-instalaron-una-posta-policial-en-santa-brigida\\\/\"},\"author\":{\"name\":\"Redaccion\",\"@id\":\"https:\\\/\\\/diariodeloeste.com\\\/noticias\\\/#\\\/schema\\\/person\\\/1f7be965f8c093432e1cbfcee0ac4047\"},\"headline\":\"M\u00e1s seguridad en San Miguel: instalaron una posta policial en Santa Br\u00edgida\",\"datePublished\":\"2025-08-29T11:41:09+00:00\",\"dateModified\":\"2025-08-31T22:35:41+00:00\",\"mainEntityOfPage\":{\"@id\":\"https:\\\/\\\/diariodeloeste.com\\\/noticias\\\/2025\\\/08\\\/29\\\/mas-seguridad-en-san-miguel-instalaron-una-posta-policial-en-santa-brigida\\\/\"},\"wordCount\":170,\"publisher\":{\"@id\":\"https:\\\/\\\/diariodeloeste.com\\\/noticias\\\/#organization\"},\"image\":{\"@id\":\"https:\\\/\\\/diariodeloeste.com\\\/noticias\\\/2025\\\/08\\\/29\\\/mas-seguridad-en-san-miguel-instalaron-una-posta-policial-en-santa-brigida\\\/#primaryimage\"},\"thumbnailUrl\":\"https:\\\/\\\/diariodeloeste.com\\\/noticias\\\/wp-content\\\/uploads\\\/2025\\\/08\\\/Jaime-Mendez-y-Hector-Calvente-en-la-nueva-posta-policial.jpeg\",\"articleSection\":[\"Policiales\",\"San Miguel\"],\"inLanguage\":\"es-AR\"},{\"@type\":\"WebPage\",\"@id\":\"https:\\\/\\\/diariodeloeste.com\\\/noticias\\\/2025\\\/08\\\/29\\\/mas-seguridad-en-san-miguel-instalaron-una-posta-policial-en-santa-brigida\\\/\",\"url\":\"https:\\\/\\\/diariodeloeste.com\\\/noticias\\\/2025\\\/08\\\/29\\\/mas-seguridad-en-san-miguel-instalaron-una-posta-policial-en-santa-brigida\\\/\",\"name\":\"M\u00e1s seguridad en San Miguel: instalaron una posta policial en Santa Br\u00edgida - Diario del Oeste\",\"isPartOf\":{\"@id\":\"https:\\\/\\\/diariodeloeste.com\\\/noticias\\\/#website\"},\"primaryImageOfPage\":{\"@id\":\"https:\\\/\\\/diariodeloeste.com\\\/noticias\\\/2025\\\/08\\\/29\\\/mas-seguridad-en-san-miguel-instalaron-una-posta-policial-en-santa-brigida\\\/#primaryimage\"},\"image\":{\"@id\":\"https:\\\/\\\/diariodeloeste.com\\\/noticias\\\/2025\\\/08\\\/29\\\/mas-seguridad-en-san-miguel-instalaron-una-posta-policial-en-santa-brigida\\\/#primaryimage\"},\"thumbnailUrl\":\"https:\\\/\\\/diariodeloeste.com\\\/noticias\\\/wp-content\\\/uploads\\\/2025\\\/08\\\/Jaime-Mendez-y-Hector-Calvente-en-la-nueva-posta-policial.jpeg\",\"datePublished\":\"2025-08-29T11:41:09+00:00\",\"dateModified\":\"2025-08-31T22:35:41+00:00\",\"breadcrumb\":{\"@id\":\"https:\\\/\\\/diariodeloeste.com\\\/noticias\\\/2025\\\/08\\\/29\\\/mas-seguridad-en-san-miguel-instalaron-una-posta-policial-en-santa-brigida\\\/#breadcrumb\"},\"inLanguage\":\"es-AR\",\"potentialAction\":[{\"@type\":\"ReadAction\",\"target\":[\"https:\\\/\\\/diariodeloeste.com\\\/noticias\\\/2025\\\/08\\\/29\\\/mas-seguridad-en-san-miguel-instalaron-una-posta-policial-en-santa-brigida\\\/\"]}]},{\"@type\":\"ImageObject\",\"inLanguage\":\"es-AR\",\"@id\":\"https:\\\/\\\/diariodeloeste.com\\\/noticias\\\/2025\\\/08\\\/29\\\/mas-seguridad-en-san-miguel-instalaron-una-posta-policial-en-santa-brigida\\\/#primaryimage\",\"url\":\"https:\\\/\\\/diariodeloeste.com\\\/noticias\\\/wp-content\\\/uploads\\\/2025\\\/08\\\/Jaime-Mendez-y-Hector-Calvente-en-la-nueva-posta-policial.jpeg\",\"contentUrl\":\"https:\\\/\\\/diariodeloeste.com\\\/noticias\\\/wp-content\\\/uploads\\\/2025\\\/08\\\/Jaime-Mendez-y-Hector-Calvente-en-la-nueva-posta-policial.jpeg\",\"width\":1600,\"height\":1110},{\"@type\":\"BreadcrumbList\",\"@id\":\"https:\\\/\\\/diariodeloeste.com\\\/noticias\\\/2025\\\/08\\\/29\\\/mas-seguridad-en-san-miguel-instalaron-una-posta-policial-en-santa-brigida\\\/#breadcrumb\",\"itemListElement\":[{\"@type\":\"ListItem\",\"position\":1,\"name\":\"Inicio\",\"item\":\"https:\\\/\\\/diariodeloeste.com\\\/noticias\\\/\"},{\"@type\":\"ListItem\",\"position\":2,\"name\":\"M\u00e1s seguridad en San Miguel: instalaron una posta policial en Santa Br\u00edgida\"}]},{\"@type\":\"WebSite\",\"@id\":\"https:\\\/\\\/diariodeloeste.com\\\/noticias\\\/#website\",\"url\":\"https:\\\/\\\/diariodeloeste.com\\\/noticias\\\/\",\"name\":\"Diario del Oeste\",\"description\":\"Noticias del Oeste\",\"publisher\":{\"@id\":\"https:\\\/\\\/diariodeloeste.com\\\/noticias\\\/#organization\"},\"potentialAction\":[{\"@type\":\"SearchAction\",\"target\":{\"@type\":\"EntryPoint\",\"urlTemplate\":\"https:\\\/\\\/diariodeloeste.com\\\/noticias\\\/?s={search_term_string}\"},\"query-input\":{\"@type\":\"PropertyValueSpecification\",\"valueRequired\":true,\"valueName\":\"search_term_string\"}}],\"inLanguage\":\"es-AR\"},{\"@type\":\"Organization\",\"@id\":\"https:\\\/\\\/diariodeloeste.com\\\/noticias\\\/#organization\",\"name\":\"Diario del Oeste\",\"url\":\"https:\\\/\\\/diariodeloeste.com\\\/noticias\\\/\",\"logo\":{\"@type\":\"ImageObject\",\"inLanguage\":\"es-AR\",\"@id\":\"https:\\\/\\\/diariodeloeste.com\\\/noticias\\\/#\\\/schema\\\/logo\\\/image\\\/\",\"url\":\"https:\\\/\\\/diariodeloeste.com\\\/noticias\\\/wp-content\\\/uploads\\\/2019\\\/04\\\/logo.png\",\"contentUrl\":\"https:\\\/\\\/diariodeloeste.com\\\/noticias\\\/wp-content\\\/uploads\\\/2019\\\/04\\\/logo.png\",\"width\":306,\"height\":145,\"caption\":\"Diario del Oeste\"},\"image\":{\"@id\":\"https:\\\/\\\/diariodeloeste.com\\\/noticias\\\/#\\\/schema\\\/logo\\\/image\\\/\"}},{\"@type\":\"Person\",\"@id\":\"https:\\\/\\\/diariodeloeste.com\\\/noticias\\\/#\\\/schema\\\/person\\\/1f7be965f8c093432e1cbfcee0ac4047\",\"name\":\"Redaccion\",\"image\":{\"@type\":\"ImageObject\",\"inLanguage\":\"es-AR\",\"@id\":\"https:\\\/\\\/secure.gravatar.com\\\/avatar\\\/f9bc3a12e26b32d818d88f9a5b61de20b559752e499df507efa7ea3cea0550ef?s=96&d=mm&r=g\",\"url\":\"https:\\\/\\\/secure.gravatar.com\\\/avatar\\\/f9bc3a12e26b32d818d88f9a5b61de20b559752e499df507efa7ea3cea0550ef?s=96&d=mm&r=g\",\"contentUrl\":\"https:\\\/\\\/secure.gravatar.com\\\/avatar\\\/f9bc3a12e26b32d818d88f9a5b61de20b559752e499df507efa7ea3cea0550ef?s=96&d=mm&r=g\",\"caption\":\"Redaccion\"},\"url\":\"https:\\\/\\\/diariodeloeste.com\\\/noticias\\\/author\\\/redaccion\\\/\"}]}<\/script>\n<!-- \/ Yoast SEO plugin. -->","yoast_head_json":{"title":"M\u00e1s seguridad en San Miguel: instalaron una posta policial en Santa Br\u00edgida - Diario del Oeste","robots":{"index":"index","follow":"follow","max-snippet":"max-snippet:-1","max-image-preview":"max-image-preview:large","max-video-preview":"max-video-preview:-1"},"canonical":"https:\/\/diariodeloeste.com\/noticias\/2025\/08\/29\/mas-seguridad-en-san-miguel-instalaron-una-posta-policial-en-santa-brigida\/","og_locale":"es_ES","og_type":"article","og_title":"M\u00e1s seguridad en San Miguel: instalaron una posta policial en Santa Br\u00edgida - Diario del Oeste","og_description":"La Municipalidad de San Miguel construy\u00f3 una nueva posta policial, en este caso ubicada en Santa Br\u00edgida. Se puso en funcionamiento la semana pasada y el intendente Jaime M\u00e9ndez y su secretario de Seguridad, H\u00e9ctor Calvente, fueron a supervisar\u00a0las tareas que se realizan en el lugar.Ubicada en Marchena y Pedro de Mendoza, en el l\u00edmite [&hellip;]","og_url":"https:\/\/diariodeloeste.com\/noticias\/2025\/08\/29\/mas-seguridad-en-san-miguel-instalaron-una-posta-policial-en-santa-brigida\/","og_site_name":"Diario del Oeste","article_published_time":"2025-08-29T11:41:09+00:00","article_modified_time":"2025-08-31T22:35:41+00:00","og_image":[{"width":1600,"height":1110,"url":"https:\/\/diariodeloeste.com\/noticias\/wp-content\/uploads\/2025\/08\/Jaime-Mendez-y-Hector-Calvente-en-la-nueva-posta-policial.jpeg","type":"image\/jpeg"}],"author":"Redaccion","twitter_card":"summary_large_image","twitter_misc":{"Escrito por":"Redaccion","Tiempo de lectura":"1 minuto"},"schema":{"@context":"https:\/\/schema.org","@graph":[{"@type":"Article","@id":"https:\/\/diariodeloeste.com\/noticias\/2025\/08\/29\/mas-seguridad-en-san-miguel-instalaron-una-posta-policial-en-santa-brigida\/#article","isPartOf":{"@id":"https:\/\/diariodeloeste.com\/noticias\/2025\/08\/29\/mas-seguridad-en-san-miguel-instalaron-una-posta-policial-en-santa-brigida\/"},"author":{"name":"Redaccion","@id":"https:\/\/diariodeloeste.com\/noticias\/#\/schema\/person\/1f7be965f8c093432e1cbfcee0ac4047"},"headline":"M\u00e1s seguridad en San Miguel: instalaron una posta policial en Santa Br\u00edgida","datePublished":"2025-08-29T11:41:09+00:00","dateModified":"2025-08-31T22:35:41+00:00","mainEntityOfPage":{"@id":"https:\/\/diariodeloeste.com\/noticias\/2025\/08\/29\/mas-seguridad-en-san-miguel-instalaron-una-posta-policial-en-santa-brigida\/"},"wordCount":170,"publisher":{"@id":"https:\/\/diariodeloeste.com\/noticias\/#organization"},"image":{"@id":"https:\/\/diariodeloeste.com\/noticias\/2025\/08\/29\/mas-seguridad-en-san-miguel-instalaron-una-posta-policial-en-santa-brigida\/#primaryimage"},"thumbnailUrl":"https:\/\/diariodeloeste.com\/noticias\/wp-content\/uploads\/2025\/08\/Jaime-Mendez-y-Hector-Calvente-en-la-nueva-posta-policial.jpeg","articleSection":["Policiales","San Miguel"],"inLanguage":"es-AR"},{"@type":"WebPage","@id":"https:\/\/diariodeloeste.com\/noticias\/2025\/08\/29\/mas-seguridad-en-san-miguel-instalaron-una-posta-policial-en-santa-brigida\/","url":"https:\/\/diariodeloeste.com\/noticias\/2025\/08\/29\/mas-seguridad-en-san-miguel-instalaron-una-posta-policial-en-santa-brigida\/","name":"M\u00e1s seguridad en San Miguel: instalaron una posta policial en Santa Br\u00edgida - Diario del Oeste","isPartOf":{"@id":"https:\/\/diariodeloeste.com\/noticias\/#website"},"primaryImageOfPage":{"@id":"https:\/\/diariodeloeste.com\/noticias\/2025\/08\/29\/mas-seguridad-en-san-miguel-instalaron-una-posta-policial-en-santa-brigida\/#primaryimage"},"image":{"@id":"https:\/\/diariodeloeste.com\/noticias\/2025\/08\/29\/mas-seguridad-en-san-miguel-instalaron-una-posta-policial-en-santa-brigida\/#primaryimage"},"thumbnailUrl":"https:\/\/diariodeloeste.com\/noticias\/wp-content\/uploads\/2025\/08\/Jaime-Mendez-y-Hector-Calvente-en-la-nueva-posta-policial.jpeg","datePublished":"2025-08-29T11:41:09+00:00","dateModified":"2025-08-31T22:35:41+00:00","breadcrumb":{"@id":"https:\/\/diariodeloeste.com\/noticias\/2025\/08\/29\/mas-seguridad-en-san-miguel-instalaron-una-posta-policial-en-santa-brigida\/#breadcrumb"},"inLanguage":"es-AR","potentialAction":[{"@type":"ReadAction","target":["https:\/\/diariodeloeste.com\/noticias\/2025\/08\/29\/mas-seguridad-en-san-miguel-instalaron-una-posta-policial-en-santa-brigida\/"]}]},{"@type":"ImageObject","inLanguage":"es-AR","@id":"https:\/\/diariodeloeste.com\/noticias\/2025\/08\/29\/mas-seguridad-en-san-miguel-instalaron-una-posta-policial-en-santa-brigida\/#primaryimage","url":"https:\/\/diariodeloeste.com\/noticias\/wp-content\/uploads\/2025\/08\/Jaime-Mendez-y-Hector-Calvente-en-la-nueva-posta-policial.jpeg","contentUrl":"https:\/\/diariodeloeste.com\/noticias\/wp-content\/uploads\/2025\/08\/Jaime-Mendez-y-Hector-Calvente-en-la-nueva-posta-policial.jpeg","width":1600,"height":1110},{"@type":"BreadcrumbList","@id":"https:\/\/diariodeloeste.com\/noticias\/2025\/08\/29\/mas-seguridad-en-san-miguel-instalaron-una-posta-policial-en-santa-brigida\/#breadcrumb","itemListElement":[{"@type":"ListItem","position":1,"name":"Inicio","item":"https:\/\/diariodeloeste.com\/noticias\/"},{"@type":"ListItem","position":2,"name":"M\u00e1s seguridad en San Miguel: instalaron una posta policial en Santa Br\u00edgida"}]},{"@type":"WebSite","@id":"https:\/\/diariodeloeste.com\/noticias\/#website","url":"https:\/\/diariodeloeste.com\/noticias\/","name":"Diario del Oeste","description":"Noticias del Oeste","publisher":{"@id":"https:\/\/diariodeloeste.com\/noticias\/#organization"},"potentialAction":[{"@type":"SearchAction","target":{"@type":"EntryPoint","urlTemplate":"https:\/\/diariodeloeste.com\/noticias\/?s={search_term_string}"},"query-input":{"@type":"PropertyValueSpecification","valueRequired":true,"valueName":"search_term_string"}}],"inLanguage":"es-AR"},{"@type":"Organization","@id":"https:\/\/diariodeloeste.com\/noticias\/#organization","name":"Diario del Oeste","url":"https:\/\/diariodeloeste.com\/noticias\/","logo":{"@type":"ImageObject","inLanguage":"es-AR","@id":"https:\/\/diariodeloeste.com\/noticias\/#\/schema\/logo\/image\/","url":"https:\/\/diariodeloeste.com\/noticias\/wp-content\/uploads\/2019\/04\/logo.png","contentUrl":"https:\/\/diariodeloeste.com\/noticias\/wp-content\/uploads\/2019\/04\/logo.png","width":306,"height":145,"caption":"Diario del Oeste"},"image":{"@id":"https:\/\/diariodeloeste.com\/noticias\/#\/schema\/logo\/image\/"}},{"@type":"Person","@id":"https:\/\/diariodeloeste.com\/noticias\/#\/schema\/person\/1f7be965f8c093432e1cbfcee0ac4047","name":"Redaccion","image":{"@type":"ImageObject","inLanguage":"es-AR","@id":"https:\/\/secure.gravatar.com\/avatar\/f9bc3a12e26b32d818d88f9a5b61de20b559752e499df507efa7ea3cea0550ef?s=96&d=mm&r=g","url":"https:\/\/secure.gravatar.com\/avatar\/f9bc3a12e26b32d818d88f9a5b61de20b559752e499df507efa7ea3cea0550ef?s=96&d=mm&r=g","contentUrl":"https:\/\/secure.gravatar.com\/avatar\/f9bc3a12e26b32d818d88f9a5b61de20b559752e499df507efa7ea3cea0550ef?s=96&d=mm&r=g","caption":"Redaccion"},"url":"https:\/\/diariodeloeste.com\/noticias\/author\/redaccion\/"}]}},"_links":{"self":[{"href":"https:\/\/diariodeloeste.com\/noticias\/wp-json\/wp\/v2\/posts\/15148","targetHints":{"allow":["GET"]}}],"collection":[{"href":"https:\/\/diariodeloeste.com\/noticias\/wp-json\/wp\/v2\/posts"}],"about":[{"href":"https:\/\/diariodeloeste.com\/noticias\/wp-json\/wp\/v2\/types\/post"}],"author":[{"embeddable":true,"href":"https:\/\/diariodeloeste.com\/noticias\/wp-json\/wp\/v2\/users\/3"}],"replies":[{"embeddable":true,"href":"https:\/\/diariodeloeste.com\/noticias\/wp-json\/wp\/v2\/comments?post=15148"}],"version-history":[{"count":2,"href":"https:\/\/diariodeloeste.com\/noticias\/wp-json\/wp\/v2\/posts\/15148\/revisions"}],"predecessor-version":[{"id":15152,"href":"https:\/\/diariodeloeste.com\/noticias\/wp-json\/wp\/v2\/posts\/15148\/revisions\/15152"}],"wp:featuredmedia":[{"embeddable":true,"href":"https:\/\/diariodeloeste.com\/noticias\/wp-json\/wp\/v2\/media\/15149"}],"wp:attachment":[{"href":"https:\/\/diariodeloeste.com\/noticias\/wp-json\/wp\/v2\/media?parent=15148"}],"wp:term":[{"taxonomy":"category","embeddable":true,"href":"https:\/\/diariodeloeste.com\/noticias\/wp-json\/wp\/v2\/categories?post=15148"},{"taxonomy":"post_tag","embeddable":true,"href":"https:\/\/diariodeloeste.com\/noticias\/wp-json\/wp\/v2\/tags?post=15148"}],"curies":[{"name":"wp","href":"https:\/\/api.w.org\/{rel}","templated":true}]}}