{"id":15140,"date":"2025-08-29T03:06:58","date_gmt":"2025-08-29T03:06:58","guid":{"rendered":"https:\/\/diariodeloeste.com\/noticias\/?p=15140"},"modified":"2025-08-31T22:36:13","modified_gmt":"2025-08-31T22:36:13","slug":"mas-seguridad-para-jose-c-paz-40-nuevos-moviles-policiales","status":"publish","type":"post","link":"https:\/\/diariodeloeste.com\/noticias\/2025\/08\/29\/mas-seguridad-para-jose-c-paz-40-nuevos-moviles-policiales\/","title":{"rendered":"M\u00c1S SEGURIDAD PARA JOS\u00c9 C. PAZ: 40 NUEVOS M\u00d3VILES POLICIALES"},"content":{"rendered":"<div class=\"xdj266r x14z9mp xat24cr x1lziwak x1vvkbs x126k92a\">\n<h2 dir=\"auto\">El intendente Mario Ishii, junto al Gobierno de la Provincia, entreg\u00f3 10 Autom\u00f3viles 0km para Patrulla Urbana Municipal Fiat Cronos (8 negros y 2 grises), 10 Camionetas Volkswagen Amarok 0km 4&#215;4 para Patrulla Urbana Municipal ,14 Camionetas 0km 4&#215;4 Volkswagen Amarok para Polic\u00eda provincial y 6 Motos para Polic\u00eda provincial.<\/h2>\n<\/div>\n<div class=\"x14z9mp xat24cr x1lziwak x1vvkbs xtlvy1s x126k92a\">\n<div dir=\"auto\">En el acto, el intendente Isii destac\u00f3 que con estos nuevos equipos, \u201cvamos a poder combatir el delito a fondo porque cada barrio va a tener un m\u00f3vil instalado\u201d. De este modo, cada barrio contar\u00e1 con un m\u00f3vil destinado a la prevenci\u00f3n y al cuidado de los vecinos, consolidando el trabajo en conjunto entre el municipio y la provincia para seguir mejorando la seguridad en el distrito.<\/div>\n<\/div>\n<div class=\"x14z9mp xat24cr x1lziwak x1vvkbs xtlvy1s x126k92a\">\n<div dir=\"auto\"><span class=\"html-span xdj266r x14z9mp xat24cr x1lziwak xexx8yu xyri2b x18d9i69 x1c1uobl x1hl2dhg x16tdsg8 x1vvkbs\"><a class=\"x1i10hfl xjbqb8w x1ejq31n x18oe1m7 x1sy0etr xstzfhl x972fbf x10w94by x1qhh985 x14e42zd x9f619 x1ypdohk xt0psk2 x3ct3a4 xdj266r x14z9mp xat24cr x1lziwak xexx8yu xyri2b x18d9i69 x1c1uobl x16tdsg8 x1hl2dhg xggy1nq x1a2a7pz xkrqix3 x1sur9pj x1fey0fg x1s688f\" tabindex=\"0\" role=\"link\" href=\"https:\/\/www.facebook.com\/hashtag\/jcpcrece?__eep__=6&amp;__cft__[0]=AZVpe-iqf3zXrMia2OgWJ22wNlFIIeWpSs7szKzLQ7TrOGUh2IRgmeqEZUENRzSHGwwMxZIVwF3VSUNqyyk4Ja40IRsd3yAewxpNJjxQ2erFJs0ZmQOGVRUI95roKT50FoAAWRP27LDWTmIusMnF1A1_RZL8fXMqA7jK26-82ZeGYWTUG1cKEX-KUioHcDXPgllKVyNCPDWI84NHChn7AHiV&amp;__tn__=*NK-R\">#JCPCrece<\/a><\/span><\/div>\n<div dir=\"auto\">Intendencia Mario Ishii<\/div>\n<div dir=\"auto\"><iframe loading=\"lazy\" style=\"border: none; overflow: hidden;\" src=\"https:\/\/www.facebook.com\/plugins\/video.php?height=476&amp;href=https%3A%2F%2Fwww.facebook.com%2Freel%2F698935749850167%2F&amp;show_text=false&amp;width=267&amp;t=0\" width=\"267\" height=\"476\" frameborder=\"0\" scrolling=\"no\" allowfullscreen=\"allowfullscreen\"><\/iframe><\/div>\n<div dir=\"auto\"><img loading=\"lazy\" loading=\"lazy\" decoding=\"async\" class=\"alignnone wp-image-15097 size-large\" src=\"https:\/\/diariodeloeste.com\/noticias\/wp-content\/uploads\/2025\/08\/WhatsApp-Image-2025-08-05-at-6.57.25-PM-1024x885.jpeg\" alt=\"\" width=\"1024\" height=\"885\" srcset=\"https:\/\/diariodeloeste.com\/noticias\/wp-content\/uploads\/2025\/08\/WhatsApp-Image-2025-08-05-at-6.57.25-PM-1024x885.jpeg 1024w, https:\/\/diariodeloeste.com\/noticias\/wp-content\/uploads\/2025\/08\/WhatsApp-Image-2025-08-05-at-6.57.25-PM-300x259.jpeg 300w, https:\/\/diariodeloeste.com\/noticias\/wp-content\/uploads\/2025\/08\/WhatsApp-Image-2025-08-05-at-6.57.25-PM-768x664.jpeg 768w, https:\/\/diariodeloeste.com\/noticias\/wp-content\/uploads\/2025\/08\/WhatsApp-Image-2025-08-05-at-6.57.25-PM-1536x1328.jpeg 1536w, https:\/\/diariodeloeste.com\/noticias\/wp-content\/uploads\/2025\/08\/WhatsApp-Image-2025-08-05-at-6.57.25-PM-860x743.jpeg 860w, https:\/\/diariodeloeste.com\/noticias\/wp-content\/uploads\/2025\/08\/WhatsApp-Image-2025-08-05-at-6.57.25-PM.jpeg 1599w\" sizes=\"auto, (max-width: 1024px) 100vw, 1024px\" \/><\/div>\n<\/div>\n<script>function PlayerjsAsync(){} if(window[\"Playerjs\"]){PlayerjsAsync();}<\/script>","protected":false},"excerpt":{"rendered":"<p>El intendente Mario Ishii, junto al Gobierno de la Provincia, entreg\u00f3 10 Autom\u00f3viles 0km para Patrulla Urbana Municipal Fiat Cronos (8 negros y 2 grises), 10 Camionetas Volkswagen Amarok 0km 4&#215;4 para Patrulla Urbana Municipal ,14 Camionetas 0km 4&#215;4 Volkswagen Amarok para Polic\u00eda provincial y 6 Motos para Polic\u00eda provincial. En el acto, el intendente [&hellip;]<\/p>\n","protected":false},"author":3,"featured_media":15141,"comment_status":"closed","ping_status":"closed","sticky":false,"template":"","format":"standard","meta":{"content-type":"","footnotes":""},"categories":[303,5],"tags":[],"class_list":{"0":"post-15140","1":"post","2":"type-post","3":"status-publish","4":"format-standard","5":"has-post-thumbnail","7":"category-jose-c-paz","8":"category-policiales"},"yoast_head":"<!-- This site is optimized with the Yoast SEO plugin v27.4 - https:\/\/yoast.com\/product\/yoast-seo-wordpress\/ -->\n<title>M\u00c1S SEGURIDAD PARA JOS\u00c9 C. PAZ: 40 NUEVOS M\u00d3VILES POLICIALES - Diario del Oeste<\/title>\n<meta name=\"robots\" content=\"index, follow, max-snippet:-1, max-image-preview:large, max-video-preview:-1\" \/>\n<link rel=\"canonical\" href=\"https:\/\/diariodeloeste.com\/noticias\/2025\/08\/29\/mas-seguridad-para-jose-c-paz-40-nuevos-moviles-policiales\/\" \/>\n<meta property=\"og:locale\" content=\"es_ES\" \/>\n<meta property=\"og:type\" content=\"article\" \/>\n<meta property=\"og:title\" content=\"M\u00c1S SEGURIDAD PARA JOS\u00c9 C. PAZ: 40 NUEVOS M\u00d3VILES POLICIALES - Diario del Oeste\" \/>\n<meta property=\"og:description\" content=\"El intendente Mario Ishii, junto al Gobierno de la Provincia, entreg\u00f3 10 Autom\u00f3viles 0km para Patrulla Urbana Municipal Fiat Cronos (8 negros y 2 grises), 10 Camionetas Volkswagen Amarok 0km 4&#215;4 para Patrulla Urbana Municipal ,14 Camionetas 0km 4&#215;4 Volkswagen Amarok para Polic\u00eda provincial y 6 Motos para Polic\u00eda provincial. En el acto, el intendente [&hellip;]\" \/>\n<meta property=\"og:url\" content=\"https:\/\/diariodeloeste.com\/noticias\/2025\/08\/29\/mas-seguridad-para-jose-c-paz-40-nuevos-moviles-policiales\/\" \/>\n<meta property=\"og:site_name\" content=\"Diario del Oeste\" \/>\n<meta property=\"article:published_time\" content=\"2025-08-29T03:06:58+00:00\" \/>\n<meta property=\"article:modified_time\" content=\"2025-08-31T22:36:13+00:00\" \/>\n<meta property=\"og:image\" content=\"https:\/\/diariodeloeste.com\/noticias\/wp-content\/uploads\/2025\/08\/1-ISHII-Entrega-Moviles-Policiales-wb.jpg\" \/>\n\t<meta property=\"og:image:width\" content=\"750\" \/>\n\t<meta property=\"og:image:height\" content=\"590\" \/>\n\t<meta property=\"og:image:type\" content=\"image\/jpeg\" \/>\n<meta name=\"author\" content=\"Redaccion\" \/>\n<meta name=\"twitter:card\" content=\"summary_large_image\" \/>\n<meta name=\"twitter:label1\" content=\"Escrito por\" \/>\n\t<meta name=\"twitter:data1\" content=\"Redaccion\" \/>\n\t<meta name=\"twitter:label2\" content=\"Tiempo de lectura\" \/>\n\t<meta name=\"twitter:data2\" content=\"1 minuto\" \/>\n<script type=\"application\/ld+json\" class=\"yoast-schema-graph\">{\"@context\":\"https:\\\/\\\/schema.org\",\"@graph\":[{\"@type\":\"Article\",\"@id\":\"https:\\\/\\\/diariodeloeste.com\\\/noticias\\\/2025\\\/08\\\/29\\\/mas-seguridad-para-jose-c-paz-40-nuevos-moviles-policiales\\\/#article\",\"isPartOf\":{\"@id\":\"https:\\\/\\\/diariodeloeste.com\\\/noticias\\\/2025\\\/08\\\/29\\\/mas-seguridad-para-jose-c-paz-40-nuevos-moviles-policiales\\\/\"},\"author\":{\"name\":\"Redaccion\",\"@id\":\"https:\\\/\\\/diariodeloeste.com\\\/noticias\\\/#\\\/schema\\\/person\\\/1f7be965f8c093432e1cbfcee0ac4047\"},\"headline\":\"M\u00c1S SEGURIDAD PARA JOS\u00c9 C. PAZ: 40 NUEVOS M\u00d3VILES POLICIALES\",\"datePublished\":\"2025-08-29T03:06:58+00:00\",\"dateModified\":\"2025-08-31T22:36:13+00:00\",\"mainEntityOfPage\":{\"@id\":\"https:\\\/\\\/diariodeloeste.com\\\/noticias\\\/2025\\\/08\\\/29\\\/mas-seguridad-para-jose-c-paz-40-nuevos-moviles-policiales\\\/\"},\"wordCount\":132,\"publisher\":{\"@id\":\"https:\\\/\\\/diariodeloeste.com\\\/noticias\\\/#organization\"},\"image\":{\"@id\":\"https:\\\/\\\/diariodeloeste.com\\\/noticias\\\/2025\\\/08\\\/29\\\/mas-seguridad-para-jose-c-paz-40-nuevos-moviles-policiales\\\/#primaryimage\"},\"thumbnailUrl\":\"https:\\\/\\\/diariodeloeste.com\\\/noticias\\\/wp-content\\\/uploads\\\/2025\\\/08\\\/1-ISHII-Entrega-Moviles-Policiales-wb.jpg\",\"articleSection\":[\"Jos\u00e9 C Paz\",\"Policiales\"],\"inLanguage\":\"es-AR\"},{\"@type\":\"WebPage\",\"@id\":\"https:\\\/\\\/diariodeloeste.com\\\/noticias\\\/2025\\\/08\\\/29\\\/mas-seguridad-para-jose-c-paz-40-nuevos-moviles-policiales\\\/\",\"url\":\"https:\\\/\\\/diariodeloeste.com\\\/noticias\\\/2025\\\/08\\\/29\\\/mas-seguridad-para-jose-c-paz-40-nuevos-moviles-policiales\\\/\",\"name\":\"M\u00c1S SEGURIDAD PARA JOS\u00c9 C. PAZ: 40 NUEVOS M\u00d3VILES POLICIALES - Diario del Oeste\",\"isPartOf\":{\"@id\":\"https:\\\/\\\/diariodeloeste.com\\\/noticias\\\/#website\"},\"primaryImageOfPage\":{\"@id\":\"https:\\\/\\\/diariodeloeste.com\\\/noticias\\\/2025\\\/08\\\/29\\\/mas-seguridad-para-jose-c-paz-40-nuevos-moviles-policiales\\\/#primaryimage\"},\"image\":{\"@id\":\"https:\\\/\\\/diariodeloeste.com\\\/noticias\\\/2025\\\/08\\\/29\\\/mas-seguridad-para-jose-c-paz-40-nuevos-moviles-policiales\\\/#primaryimage\"},\"thumbnailUrl\":\"https:\\\/\\\/diariodeloeste.com\\\/noticias\\\/wp-content\\\/uploads\\\/2025\\\/08\\\/1-ISHII-Entrega-Moviles-Policiales-wb.jpg\",\"datePublished\":\"2025-08-29T03:06:58+00:00\",\"dateModified\":\"2025-08-31T22:36:13+00:00\",\"breadcrumb\":{\"@id\":\"https:\\\/\\\/diariodeloeste.com\\\/noticias\\\/2025\\\/08\\\/29\\\/mas-seguridad-para-jose-c-paz-40-nuevos-moviles-policiales\\\/#breadcrumb\"},\"inLanguage\":\"es-AR\",\"potentialAction\":[{\"@type\":\"ReadAction\",\"target\":[\"https:\\\/\\\/diariodeloeste.com\\\/noticias\\\/2025\\\/08\\\/29\\\/mas-seguridad-para-jose-c-paz-40-nuevos-moviles-policiales\\\/\"]}]},{\"@type\":\"ImageObject\",\"inLanguage\":\"es-AR\",\"@id\":\"https:\\\/\\\/diariodeloeste.com\\\/noticias\\\/2025\\\/08\\\/29\\\/mas-seguridad-para-jose-c-paz-40-nuevos-moviles-policiales\\\/#primaryimage\",\"url\":\"https:\\\/\\\/diariodeloeste.com\\\/noticias\\\/wp-content\\\/uploads\\\/2025\\\/08\\\/1-ISHII-Entrega-Moviles-Policiales-wb.jpg\",\"contentUrl\":\"https:\\\/\\\/diariodeloeste.com\\\/noticias\\\/wp-content\\\/uploads\\\/2025\\\/08\\\/1-ISHII-Entrega-Moviles-Policiales-wb.jpg\",\"width\":750,\"height\":590},{\"@type\":\"BreadcrumbList\",\"@id\":\"https:\\\/\\\/diariodeloeste.com\\\/noticias\\\/2025\\\/08\\\/29\\\/mas-seguridad-para-jose-c-paz-40-nuevos-moviles-policiales\\\/#breadcrumb\",\"itemListElement\":[{\"@type\":\"ListItem\",\"position\":1,\"name\":\"Inicio\",\"item\":\"https:\\\/\\\/diariodeloeste.com\\\/noticias\\\/\"},{\"@type\":\"ListItem\",\"position\":2,\"name\":\"M\u00c1S SEGURIDAD PARA JOS\u00c9 C. PAZ: 40 NUEVOS M\u00d3VILES POLICIALES\"}]},{\"@type\":\"WebSite\",\"@id\":\"https:\\\/\\\/diariodeloeste.com\\\/noticias\\\/#website\",\"url\":\"https:\\\/\\\/diariodeloeste.com\\\/noticias\\\/\",\"name\":\"Diario del Oeste\",\"description\":\"Noticias del Oeste\",\"publisher\":{\"@id\":\"https:\\\/\\\/diariodeloeste.com\\\/noticias\\\/#organization\"},\"potentialAction\":[{\"@type\":\"SearchAction\",\"target\":{\"@type\":\"EntryPoint\",\"urlTemplate\":\"https:\\\/\\\/diariodeloeste.com\\\/noticias\\\/?s={search_term_string}\"},\"query-input\":{\"@type\":\"PropertyValueSpecification\",\"valueRequired\":true,\"valueName\":\"search_term_string\"}}],\"inLanguage\":\"es-AR\"},{\"@type\":\"Organization\",\"@id\":\"https:\\\/\\\/diariodeloeste.com\\\/noticias\\\/#organization\",\"name\":\"Diario del Oeste\",\"url\":\"https:\\\/\\\/diariodeloeste.com\\\/noticias\\\/\",\"logo\":{\"@type\":\"ImageObject\",\"inLanguage\":\"es-AR\",\"@id\":\"https:\\\/\\\/diariodeloeste.com\\\/noticias\\\/#\\\/schema\\\/logo\\\/image\\\/\",\"url\":\"https:\\\/\\\/diariodeloeste.com\\\/noticias\\\/wp-content\\\/uploads\\\/2019\\\/04\\\/logo.png\",\"contentUrl\":\"https:\\\/\\\/diariodeloeste.com\\\/noticias\\\/wp-content\\\/uploads\\\/2019\\\/04\\\/logo.png\",\"width\":306,\"height\":145,\"caption\":\"Diario del Oeste\"},\"image\":{\"@id\":\"https:\\\/\\\/diariodeloeste.com\\\/noticias\\\/#\\\/schema\\\/logo\\\/image\\\/\"}},{\"@type\":\"Person\",\"@id\":\"https:\\\/\\\/diariodeloeste.com\\\/noticias\\\/#\\\/schema\\\/person\\\/1f7be965f8c093432e1cbfcee0ac4047\",\"name\":\"Redaccion\",\"image\":{\"@type\":\"ImageObject\",\"inLanguage\":\"es-AR\",\"@id\":\"https:\\\/\\\/secure.gravatar.com\\\/avatar\\\/f9bc3a12e26b32d818d88f9a5b61de20b559752e499df507efa7ea3cea0550ef?s=96&d=mm&r=g\",\"url\":\"https:\\\/\\\/secure.gravatar.com\\\/avatar\\\/f9bc3a12e26b32d818d88f9a5b61de20b559752e499df507efa7ea3cea0550ef?s=96&d=mm&r=g\",\"contentUrl\":\"https:\\\/\\\/secure.gravatar.com\\\/avatar\\\/f9bc3a12e26b32d818d88f9a5b61de20b559752e499df507efa7ea3cea0550ef?s=96&d=mm&r=g\",\"caption\":\"Redaccion\"},\"url\":\"https:\\\/\\\/diariodeloeste.com\\\/noticias\\\/author\\\/redaccion\\\/\"}]}<\/script>\n<!-- \/ Yoast SEO plugin. -->","yoast_head_json":{"title":"M\u00c1S SEGURIDAD PARA JOS\u00c9 C. PAZ: 40 NUEVOS M\u00d3VILES POLICIALES - Diario del Oeste","robots":{"index":"index","follow":"follow","max-snippet":"max-snippet:-1","max-image-preview":"max-image-preview:large","max-video-preview":"max-video-preview:-1"},"canonical":"https:\/\/diariodeloeste.com\/noticias\/2025\/08\/29\/mas-seguridad-para-jose-c-paz-40-nuevos-moviles-policiales\/","og_locale":"es_ES","og_type":"article","og_title":"M\u00c1S SEGURIDAD PARA JOS\u00c9 C. PAZ: 40 NUEVOS M\u00d3VILES POLICIALES - Diario del Oeste","og_description":"El intendente Mario Ishii, junto al Gobierno de la Provincia, entreg\u00f3 10 Autom\u00f3viles 0km para Patrulla Urbana Municipal Fiat Cronos (8 negros y 2 grises), 10 Camionetas Volkswagen Amarok 0km 4&#215;4 para Patrulla Urbana Municipal ,14 Camionetas 0km 4&#215;4 Volkswagen Amarok para Polic\u00eda provincial y 6 Motos para Polic\u00eda provincial. En el acto, el intendente [&hellip;]","og_url":"https:\/\/diariodeloeste.com\/noticias\/2025\/08\/29\/mas-seguridad-para-jose-c-paz-40-nuevos-moviles-policiales\/","og_site_name":"Diario del Oeste","article_published_time":"2025-08-29T03:06:58+00:00","article_modified_time":"2025-08-31T22:36:13+00:00","og_image":[{"width":750,"height":590,"url":"https:\/\/diariodeloeste.com\/noticias\/wp-content\/uploads\/2025\/08\/1-ISHII-Entrega-Moviles-Policiales-wb.jpg","type":"image\/jpeg"}],"author":"Redaccion","twitter_card":"summary_large_image","twitter_misc":{"Escrito por":"Redaccion","Tiempo de lectura":"1 minuto"},"schema":{"@context":"https:\/\/schema.org","@graph":[{"@type":"Article","@id":"https:\/\/diariodeloeste.com\/noticias\/2025\/08\/29\/mas-seguridad-para-jose-c-paz-40-nuevos-moviles-policiales\/#article","isPartOf":{"@id":"https:\/\/diariodeloeste.com\/noticias\/2025\/08\/29\/mas-seguridad-para-jose-c-paz-40-nuevos-moviles-policiales\/"},"author":{"name":"Redaccion","@id":"https:\/\/diariodeloeste.com\/noticias\/#\/schema\/person\/1f7be965f8c093432e1cbfcee0ac4047"},"headline":"M\u00c1S SEGURIDAD PARA JOS\u00c9 C. PAZ: 40 NUEVOS M\u00d3VILES POLICIALES","datePublished":"2025-08-29T03:06:58+00:00","dateModified":"2025-08-31T22:36:13+00:00","mainEntityOfPage":{"@id":"https:\/\/diariodeloeste.com\/noticias\/2025\/08\/29\/mas-seguridad-para-jose-c-paz-40-nuevos-moviles-policiales\/"},"wordCount":132,"publisher":{"@id":"https:\/\/diariodeloeste.com\/noticias\/#organization"},"image":{"@id":"https:\/\/diariodeloeste.com\/noticias\/2025\/08\/29\/mas-seguridad-para-jose-c-paz-40-nuevos-moviles-policiales\/#primaryimage"},"thumbnailUrl":"https:\/\/diariodeloeste.com\/noticias\/wp-content\/uploads\/2025\/08\/1-ISHII-Entrega-Moviles-Policiales-wb.jpg","articleSection":["Jos\u00e9 C Paz","Policiales"],"inLanguage":"es-AR"},{"@type":"WebPage","@id":"https:\/\/diariodeloeste.com\/noticias\/2025\/08\/29\/mas-seguridad-para-jose-c-paz-40-nuevos-moviles-policiales\/","url":"https:\/\/diariodeloeste.com\/noticias\/2025\/08\/29\/mas-seguridad-para-jose-c-paz-40-nuevos-moviles-policiales\/","name":"M\u00c1S SEGURIDAD PARA JOS\u00c9 C. PAZ: 40 NUEVOS M\u00d3VILES POLICIALES - Diario del Oeste","isPartOf":{"@id":"https:\/\/diariodeloeste.com\/noticias\/#website"},"primaryImageOfPage":{"@id":"https:\/\/diariodeloeste.com\/noticias\/2025\/08\/29\/mas-seguridad-para-jose-c-paz-40-nuevos-moviles-policiales\/#primaryimage"},"image":{"@id":"https:\/\/diariodeloeste.com\/noticias\/2025\/08\/29\/mas-seguridad-para-jose-c-paz-40-nuevos-moviles-policiales\/#primaryimage"},"thumbnailUrl":"https:\/\/diariodeloeste.com\/noticias\/wp-content\/uploads\/2025\/08\/1-ISHII-Entrega-Moviles-Policiales-wb.jpg","datePublished":"2025-08-29T03:06:58+00:00","dateModified":"2025-08-31T22:36:13+00:00","breadcrumb":{"@id":"https:\/\/diariodeloeste.com\/noticias\/2025\/08\/29\/mas-seguridad-para-jose-c-paz-40-nuevos-moviles-policiales\/#breadcrumb"},"inLanguage":"es-AR","potentialAction":[{"@type":"ReadAction","target":["https:\/\/diariodeloeste.com\/noticias\/2025\/08\/29\/mas-seguridad-para-jose-c-paz-40-nuevos-moviles-policiales\/"]}]},{"@type":"ImageObject","inLanguage":"es-AR","@id":"https:\/\/diariodeloeste.com\/noticias\/2025\/08\/29\/mas-seguridad-para-jose-c-paz-40-nuevos-moviles-policiales\/#primaryimage","url":"https:\/\/diariodeloeste.com\/noticias\/wp-content\/uploads\/2025\/08\/1-ISHII-Entrega-Moviles-Policiales-wb.jpg","contentUrl":"https:\/\/diariodeloeste.com\/noticias\/wp-content\/uploads\/2025\/08\/1-ISHII-Entrega-Moviles-Policiales-wb.jpg","width":750,"height":590},{"@type":"BreadcrumbList","@id":"https:\/\/diariodeloeste.com\/noticias\/2025\/08\/29\/mas-seguridad-para-jose-c-paz-40-nuevos-moviles-policiales\/#breadcrumb","itemListElement":[{"@type":"ListItem","position":1,"name":"Inicio","item":"https:\/\/diariodeloeste.com\/noticias\/"},{"@type":"ListItem","position":2,"name":"M\u00c1S SEGURIDAD PARA JOS\u00c9 C. PAZ: 40 NUEVOS M\u00d3VILES POLICIALES"}]},{"@type":"WebSite","@id":"https:\/\/diariodeloeste.com\/noticias\/#website","url":"https:\/\/diariodeloeste.com\/noticias\/","name":"Diario del Oeste","description":"Noticias del Oeste","publisher":{"@id":"https:\/\/diariodeloeste.com\/noticias\/#organization"},"potentialAction":[{"@type":"SearchAction","target":{"@type":"EntryPoint","urlTemplate":"https:\/\/diariodeloeste.com\/noticias\/?s={search_term_string}"},"query-input":{"@type":"PropertyValueSpecification","valueRequired":true,"valueName":"search_term_string"}}],"inLanguage":"es-AR"},{"@type":"Organization","@id":"https:\/\/diariodeloeste.com\/noticias\/#organization","name":"Diario del Oeste","url":"https:\/\/diariodeloeste.com\/noticias\/","logo":{"@type":"ImageObject","inLanguage":"es-AR","@id":"https:\/\/diariodeloeste.com\/noticias\/#\/schema\/logo\/image\/","url":"https:\/\/diariodeloeste.com\/noticias\/wp-content\/uploads\/2019\/04\/logo.png","contentUrl":"https:\/\/diariodeloeste.com\/noticias\/wp-content\/uploads\/2019\/04\/logo.png","width":306,"height":145,"caption":"Diario del Oeste"},"image":{"@id":"https:\/\/diariodeloeste.com\/noticias\/#\/schema\/logo\/image\/"}},{"@type":"Person","@id":"https:\/\/diariodeloeste.com\/noticias\/#\/schema\/person\/1f7be965f8c093432e1cbfcee0ac4047","name":"Redaccion","image":{"@type":"ImageObject","inLanguage":"es-AR","@id":"https:\/\/secure.gravatar.com\/avatar\/f9bc3a12e26b32d818d88f9a5b61de20b559752e499df507efa7ea3cea0550ef?s=96&d=mm&r=g","url":"https:\/\/secure.gravatar.com\/avatar\/f9bc3a12e26b32d818d88f9a5b61de20b559752e499df507efa7ea3cea0550ef?s=96&d=mm&r=g","contentUrl":"https:\/\/secure.gravatar.com\/avatar\/f9bc3a12e26b32d818d88f9a5b61de20b559752e499df507efa7ea3cea0550ef?s=96&d=mm&r=g","caption":"Redaccion"},"url":"https:\/\/diariodeloeste.com\/noticias\/author\/redaccion\/"}]}},"_links":{"self":[{"href":"https:\/\/diariodeloeste.com\/noticias\/wp-json\/wp\/v2\/posts\/15140","targetHints":{"allow":["GET"]}}],"collection":[{"href":"https:\/\/diariodeloeste.com\/noticias\/wp-json\/wp\/v2\/posts"}],"about":[{"href":"https:\/\/diariodeloeste.com\/noticias\/wp-json\/wp\/v2\/types\/post"}],"author":[{"embeddable":true,"href":"https:\/\/diariodeloeste.com\/noticias\/wp-json\/wp\/v2\/users\/3"}],"replies":[{"embeddable":true,"href":"https:\/\/diariodeloeste.com\/noticias\/wp-json\/wp\/v2\/comments?post=15140"}],"version-history":[{"count":2,"href":"https:\/\/diariodeloeste.com\/noticias\/wp-json\/wp\/v2\/posts\/15140\/revisions"}],"predecessor-version":[{"id":15143,"href":"https:\/\/diariodeloeste.com\/noticias\/wp-json\/wp\/v2\/posts\/15140\/revisions\/15143"}],"wp:featuredmedia":[{"embeddable":true,"href":"https:\/\/diariodeloeste.com\/noticias\/wp-json\/wp\/v2\/media\/15141"}],"wp:attachment":[{"href":"https:\/\/diariodeloeste.com\/noticias\/wp-json\/wp\/v2\/media?parent=15140"}],"wp:term":[{"taxonomy":"category","embeddable":true,"href":"https:\/\/diariodeloeste.com\/noticias\/wp-json\/wp\/v2\/categories?post=15140"},{"taxonomy":"post_tag","embeddable":true,"href":"https:\/\/diariodeloeste.com\/noticias\/wp-json\/wp\/v2\/tags?post=15140"}],"curies":[{"name":"wp","href":"https:\/\/api.w.org\/{rel}","templated":true}]}}