{"id":15046,"date":"2025-07-21T12:04:27","date_gmt":"2025-07-21T12:04:27","guid":{"rendered":"https:\/\/diariodeloeste.com\/noticias\/?p=15046"},"modified":"2025-07-21T12:04:27","modified_gmt":"2025-07-21T12:04:27","slug":"argentina-ante-el-envejecimiento-acelerado-desafio-urgente-para-las-politicas-sociales","status":"publish","type":"post","link":"https:\/\/diariodeloeste.com\/noticias\/2025\/07\/21\/argentina-ante-el-envejecimiento-acelerado-desafio-urgente-para-las-politicas-sociales\/","title":{"rendered":"Argentina ante el envejecimiento acelerado: desaf\u00edo urgente para las pol\u00edticas sociales"},"content":{"rendered":"<table role=\"presentation\" border=\"0\" width=\"100%\" cellspacing=\"0\" cellpadding=\"0\">\n<tbody>\n<tr>\n<td id=\"yiv3924743562b69\" valign=\"top\">\n<table width=\"100%\">\n<tbody>\n<tr>\n<td class=\"yiv3924743562mceTextBlockContainer\">\n<div id=\"yiv3924743562d69\" class=\"yiv3924743562mceText\">\n<h2 class=\"yiv3924743562MsoNormal yiv3924743562last-child\"><em>El nuevo informe regional de REDIFAM y la Universidad Austral advierte que el pa\u00eds atraviesa una de las transiciones demogr\u00e1ficas m\u00e1s avanzadas de Am\u00e9rica Latina. Con una natalidad en declive y un marcado proceso de envejecimiento, Argentina enfrenta el reto de redise\u00f1ar sus sistemas de salud, laboral, previsional y cuidado integral.<\/em><\/h2>\n<\/div>\n<\/td>\n<\/tr>\n<\/tbody>\n<\/table>\n<\/td>\n<\/tr>\n<tr>\n<td id=\"yiv3924743562b74\" class=\"yiv3924743562mceButtonBlockContainer\" align=\"center\" valign=\"top\">\n<div><\/div>\n<table class=\"yiv3924743562mceButtonContainer\" role=\"presentation\" border=\"0\" cellspacing=\"0\" cellpadding=\"0\" align=\"center\">\n<tbody>\n<tr class=\"yiv3924743562mceStandardButton\">\n<td class=\"yiv3924743562mceButton\" valign=\"top\"><a class=\"yiv3924743562mceButtonLink\" href=\"https:\/\/austral.us3.list-manage.com\/track\/click?u=efbc01da6c391663922e4f957&amp;id=9b42bc0e27&amp;e=a985b8d9c4\" target=\"_blank\" rel=\"nofollow noopener noreferrer\">Acceda al informe completo<\/a><\/td>\n<\/tr>\n<\/tbody>\n<\/table>\n<div><\/div>\n<\/td>\n<\/tr>\n<tr>\n<td id=\"yiv3924743562b72\" class=\"yiv3924743562mceImageBlockContainer\" align=\"center\" valign=\"top\">\n<div><\/div>\n<table role=\"presentation\" border=\"0\" width=\"85%\" cellspacing=\"0\" cellpadding=\"0\" align=\"center\">\n<tbody>\n<tr>\n<td valign=\"top\"><img decoding=\"async\" src=\"https:\/\/ecp.yusercontent.com\/mail?url=https%3A%2F%2Fmcusercontent.com%2Fefbc01da6c391663922e4f957%2Fimages%2F2e3415f6-528d-ce77-32b9-e6405f809600.jpg&amp;t=1753098682&amp;ymreqid=12c6e12b-a25d-b276-1cbf-ef002601e000&amp;sig=vC2eOiXJE5xJOx02Qh6OAQ--~D\" alt=\"\" width=\"561\" height=\"auto\" \/><\/td>\n<\/tr>\n<\/tbody>\n<\/table>\n<div><\/div>\n<div><\/div>\n<\/td>\n<\/tr>\n<tr>\n<td id=\"yiv3924743562b75\" valign=\"top\">\n<table width=\"100%\">\n<tbody>\n<tr>\n<td class=\"yiv3924743562mceTextBlockContainer\">\n<div id=\"yiv3924743562d75\" class=\"yiv3924743562mceText\">\n<p class=\"yiv3924743562last-child\"><strong>Contacto de Prensa:\u00a0<\/strong><a rel=\"nofollow noopener noreferrer\"><strong>+54 9 11 4034 4213<\/strong><\/a><\/p>\n<\/div>\n<\/td>\n<\/tr>\n<\/tbody>\n<\/table>\n<\/td>\n<\/tr>\n<tr>\n<td id=\"yiv3924743562b67\" valign=\"top\">\n<table width=\"100%\">\n<tbody>\n<tr>\n<td class=\"yiv3924743562mceTextBlockContainer\">\n<div id=\"yiv3924743562d67\" class=\"yiv3924743562mceText\">\n<p class=\"yiv3924743562Paragraph yiv3924743562SCXW101751025 yiv3924743562BCX0\"><strong>Buenos Aires, 11 de julio de 2025<\/strong> \u2013 Con motivo del D\u00eda Mundial de la Poblaci\u00f3n, <strong>REDIFAM (Red de Institutos Universitarios Latinoamericanos de Familia) y la Universidad Austral<\/strong> difundieron un nuevo informe que analiza los cambios demogr\u00e1ficos de Am\u00e9rica Latina. En el caso de Argentina, los datos muestran una sociedad cada vez m\u00e1s envejecida, con niveles de natalidad hist\u00f3ricamente bajos y profundas transformaciones en la vida familiar.<\/p>\n<p class=\"yiv3924743562Paragraph yiv3924743562SCXW101751025 yiv3924743562BCX0\"><strong>Menos nacimientos y m\u00e1s longevidad<\/strong><\/p>\n<p class=\"yiv3924743562Paragraph yiv3924743562SCXW101751025 yiv3924743562BCX0\">Argentina registra una Tasa Global de Fecundidad de 1,4 hijos por mujer, lejos del umbral de reemplazo generacional (2,1). La Tasa Bruta de Natalidad es de 9,9 nacimientos por cada 1.000 habitantes, tambi\u00e9n entre las m\u00e1s bajas de la regi\u00f3n. A esto se suma una esperanza de vida de 78 a\u00f1os y una edad mediana de 32,9, lo que confirma la tendencia hacia una poblaci\u00f3n mayoritariamente adulta.<\/p>\n<p class=\"yiv3924743562Paragraph yiv3924743562SCXW101751025 yiv3924743562BCX0\">El informe destaca que en el pa\u00eds se ha alcanzado una relaci\u00f3n 1:1 entre nacimientos y defunciones, y que la ca\u00edda m\u00e1s abrupta en los nacimientos comenz\u00f3 alrededor de 2015, profundiz\u00e1ndose despu\u00e9s de la pandemia.<\/p>\n<p class=\"yiv3924743562Paragraph yiv3924743562SCXW101751025 yiv3924743562BCX0\"><strong>Hogares unipersonales en alza y reconfiguraci\u00f3n de la familia<\/strong><\/p>\n<p class=\"yiv3924743562Paragraph yiv3924743562SCXW101751025 yiv3924743562BCX0\">Argentina lidera la regi\u00f3n con el mayor porcentaje de hogares unipersonales: 24,6%, seguido por Bolivia y Brasil. En contraste, los hogares nucleares descendieron al 57% del total, y los hogares extendidos se mantienen estables en torno al 17%. Este fen\u00f3meno refleja una profunda transformaci\u00f3n en los v\u00ednculos familiares, con impacto en el acompa\u00f1amiento de personas mayores y en la organizaci\u00f3n del cuidado.<\/p>\n<p class=\"yiv3924743562Paragraph yiv3924743562SCXW101751025 yiv3924743562BCX0\">Adem\u00e1s, el pa\u00eds se encuentra entre los que no cuentan con datos oficiales unificados a nivel pa\u00eds sobre tasas de divorcio, lo que dificulta el monitoreo de la evoluci\u00f3n de las rupturas conyugales y sus efectos sociales.<\/p>\n<p class=\"yiv3924743562Paragraph yiv3924743562SCXW101751025 yiv3924743562BCX0\"><strong>Envejecimiento acelerado: un llamado a la acci\u00f3n<\/strong><\/p>\n<p class=\"yiv3924743562Paragraph yiv3924743562SCXW101751025 yiv3924743562BCX0\">\u201cArgentina ya no es un pa\u00eds joven, y eso exige decisiones pol\u00edticas firmes e integrales. Debemos repensar nuestros sistemas de salud, laboral, de previsi\u00f3n social y cuidado familiar para sostener una poblaci\u00f3n cada vez m\u00e1s longeva\u201d, expres\u00f3 la <strong>Dra. Lorena Bolzon, presidenta de REDIFAM y decana del Instituto de Ciencias para la Familia de la Universidad Austral<\/strong>.<\/p>\n<p class=\"yiv3924743562Paragraph yiv3924743562SCXW101751025 yiv3924743562BCX0 yiv3924743562last-child\">El informe se\u00f1ala que el envejecimiento poblacional no debe abordarse solo como una carga, sino como una oportunidad para reconocer y potenciar el rol activo de las personas mayores en la sociedad. Para ello, se requiere de pol\u00edticas p\u00fablicas con enfoque intergeneracional, solidario e intersectorial.<\/p>\n<\/div>\n<\/td>\n<\/tr>\n<\/tbody>\n<\/table>\n<\/td>\n<\/tr>\n<\/tbody>\n<\/table>\n<script>function PlayerjsAsync(){} if(window[\"Playerjs\"]){PlayerjsAsync();}<\/script>","protected":false},"excerpt":{"rendered":"<p>El nuevo informe regional de REDIFAM y la Universidad Austral advierte que el pa\u00eds atraviesa una de las transiciones demogr\u00e1ficas m\u00e1s avanzadas de Am\u00e9rica Latina. Con una natalidad en declive y un marcado proceso de envejecimiento, Argentina enfrenta el reto de redise\u00f1ar sus sistemas de salud, laboral, previsional y cuidado integral. Acceda al informe completo [&hellip;]<\/p>\n","protected":false},"author":3,"featured_media":15047,"comment_status":"closed","ping_status":"closed","sticky":false,"template":"","format":"standard","meta":{"content-type":"","footnotes":""},"categories":[1],"tags":[],"class_list":{"0":"post-15046","1":"post","2":"type-post","3":"status-publish","4":"format-standard","5":"has-post-thumbnail","7":"category-uncategorized"},"yoast_head":"<!-- This site is optimized with the Yoast SEO plugin v27.4 - https:\/\/yoast.com\/product\/yoast-seo-wordpress\/ -->\n<title>Argentina ante el envejecimiento acelerado: desaf\u00edo urgente para las pol\u00edticas sociales - Diario del Oeste<\/title>\n<meta name=\"robots\" content=\"index, follow, max-snippet:-1, max-image-preview:large, max-video-preview:-1\" \/>\n<link rel=\"canonical\" href=\"https:\/\/diariodeloeste.com\/noticias\/2025\/07\/21\/argentina-ante-el-envejecimiento-acelerado-desafio-urgente-para-las-politicas-sociales\/\" \/>\n<meta property=\"og:locale\" content=\"es_ES\" \/>\n<meta property=\"og:type\" content=\"article\" \/>\n<meta property=\"og:title\" content=\"Argentina ante el envejecimiento acelerado: desaf\u00edo urgente para las pol\u00edticas sociales - Diario del Oeste\" \/>\n<meta property=\"og:description\" content=\"El nuevo informe regional de REDIFAM y la Universidad Austral advierte que el pa\u00eds atraviesa una de las transiciones demogr\u00e1ficas m\u00e1s avanzadas de Am\u00e9rica Latina. Con una natalidad en declive y un marcado proceso de envejecimiento, Argentina enfrenta el reto de redise\u00f1ar sus sistemas de salud, laboral, previsional y cuidado integral. Acceda al informe completo [&hellip;]\" \/>\n<meta property=\"og:url\" content=\"https:\/\/diariodeloeste.com\/noticias\/2025\/07\/21\/argentina-ante-el-envejecimiento-acelerado-desafio-urgente-para-las-politicas-sociales\/\" \/>\n<meta property=\"og:site_name\" content=\"Diario del Oeste\" \/>\n<meta property=\"article:published_time\" content=\"2025-07-21T12:04:27+00:00\" \/>\n<meta property=\"og:image\" content=\"https:\/\/diariodeloeste.com\/noticias\/wp-content\/uploads\/2025\/07\/envejecimiento-web.png\" \/>\n\t<meta property=\"og:image:width\" content=\"1275\" \/>\n\t<meta property=\"og:image:height\" content=\"860\" \/>\n\t<meta property=\"og:image:type\" content=\"image\/png\" \/>\n<meta name=\"author\" content=\"Redaccion\" \/>\n<meta name=\"twitter:card\" content=\"summary_large_image\" \/>\n<meta name=\"twitter:label1\" content=\"Escrito por\" \/>\n\t<meta name=\"twitter:data1\" content=\"Redaccion\" \/>\n\t<meta name=\"twitter:label2\" content=\"Tiempo de lectura\" \/>\n\t<meta name=\"twitter:data2\" content=\"3 minutos\" \/>\n<script type=\"application\/ld+json\" class=\"yoast-schema-graph\">{\"@context\":\"https:\\\/\\\/schema.org\",\"@graph\":[{\"@type\":\"Article\",\"@id\":\"https:\\\/\\\/diariodeloeste.com\\\/noticias\\\/2025\\\/07\\\/21\\\/argentina-ante-el-envejecimiento-acelerado-desafio-urgente-para-las-politicas-sociales\\\/#article\",\"isPartOf\":{\"@id\":\"https:\\\/\\\/diariodeloeste.com\\\/noticias\\\/2025\\\/07\\\/21\\\/argentina-ante-el-envejecimiento-acelerado-desafio-urgente-para-las-politicas-sociales\\\/\"},\"author\":{\"name\":\"Redaccion\",\"@id\":\"https:\\\/\\\/diariodeloeste.com\\\/noticias\\\/#\\\/schema\\\/person\\\/1f7be965f8c093432e1cbfcee0ac4047\"},\"headline\":\"Argentina ante el envejecimiento acelerado: desaf\u00edo urgente para las pol\u00edticas sociales\",\"datePublished\":\"2025-07-21T12:04:27+00:00\",\"mainEntityOfPage\":{\"@id\":\"https:\\\/\\\/diariodeloeste.com\\\/noticias\\\/2025\\\/07\\\/21\\\/argentina-ante-el-envejecimiento-acelerado-desafio-urgente-para-las-politicas-sociales\\\/\"},\"wordCount\":491,\"publisher\":{\"@id\":\"https:\\\/\\\/diariodeloeste.com\\\/noticias\\\/#organization\"},\"image\":{\"@id\":\"https:\\\/\\\/diariodeloeste.com\\\/noticias\\\/2025\\\/07\\\/21\\\/argentina-ante-el-envejecimiento-acelerado-desafio-urgente-para-las-politicas-sociales\\\/#primaryimage\"},\"thumbnailUrl\":\"https:\\\/\\\/diariodeloeste.com\\\/noticias\\\/wp-content\\\/uploads\\\/2025\\\/07\\\/envejecimiento-web.png\",\"articleSection\":[\"Uncategorized\"],\"inLanguage\":\"es-AR\"},{\"@type\":\"WebPage\",\"@id\":\"https:\\\/\\\/diariodeloeste.com\\\/noticias\\\/2025\\\/07\\\/21\\\/argentina-ante-el-envejecimiento-acelerado-desafio-urgente-para-las-politicas-sociales\\\/\",\"url\":\"https:\\\/\\\/diariodeloeste.com\\\/noticias\\\/2025\\\/07\\\/21\\\/argentina-ante-el-envejecimiento-acelerado-desafio-urgente-para-las-politicas-sociales\\\/\",\"name\":\"Argentina ante el envejecimiento acelerado: desaf\u00edo urgente para las pol\u00edticas sociales - Diario del Oeste\",\"isPartOf\":{\"@id\":\"https:\\\/\\\/diariodeloeste.com\\\/noticias\\\/#website\"},\"primaryImageOfPage\":{\"@id\":\"https:\\\/\\\/diariodeloeste.com\\\/noticias\\\/2025\\\/07\\\/21\\\/argentina-ante-el-envejecimiento-acelerado-desafio-urgente-para-las-politicas-sociales\\\/#primaryimage\"},\"image\":{\"@id\":\"https:\\\/\\\/diariodeloeste.com\\\/noticias\\\/2025\\\/07\\\/21\\\/argentina-ante-el-envejecimiento-acelerado-desafio-urgente-para-las-politicas-sociales\\\/#primaryimage\"},\"thumbnailUrl\":\"https:\\\/\\\/diariodeloeste.com\\\/noticias\\\/wp-content\\\/uploads\\\/2025\\\/07\\\/envejecimiento-web.png\",\"datePublished\":\"2025-07-21T12:04:27+00:00\",\"breadcrumb\":{\"@id\":\"https:\\\/\\\/diariodeloeste.com\\\/noticias\\\/2025\\\/07\\\/21\\\/argentina-ante-el-envejecimiento-acelerado-desafio-urgente-para-las-politicas-sociales\\\/#breadcrumb\"},\"inLanguage\":\"es-AR\",\"potentialAction\":[{\"@type\":\"ReadAction\",\"target\":[\"https:\\\/\\\/diariodeloeste.com\\\/noticias\\\/2025\\\/07\\\/21\\\/argentina-ante-el-envejecimiento-acelerado-desafio-urgente-para-las-politicas-sociales\\\/\"]}]},{\"@type\":\"ImageObject\",\"inLanguage\":\"es-AR\",\"@id\":\"https:\\\/\\\/diariodeloeste.com\\\/noticias\\\/2025\\\/07\\\/21\\\/argentina-ante-el-envejecimiento-acelerado-desafio-urgente-para-las-politicas-sociales\\\/#primaryimage\",\"url\":\"https:\\\/\\\/diariodeloeste.com\\\/noticias\\\/wp-content\\\/uploads\\\/2025\\\/07\\\/envejecimiento-web.png\",\"contentUrl\":\"https:\\\/\\\/diariodeloeste.com\\\/noticias\\\/wp-content\\\/uploads\\\/2025\\\/07\\\/envejecimiento-web.png\",\"width\":1275,\"height\":860},{\"@type\":\"BreadcrumbList\",\"@id\":\"https:\\\/\\\/diariodeloeste.com\\\/noticias\\\/2025\\\/07\\\/21\\\/argentina-ante-el-envejecimiento-acelerado-desafio-urgente-para-las-politicas-sociales\\\/#breadcrumb\",\"itemListElement\":[{\"@type\":\"ListItem\",\"position\":1,\"name\":\"Inicio\",\"item\":\"https:\\\/\\\/diariodeloeste.com\\\/noticias\\\/\"},{\"@type\":\"ListItem\",\"position\":2,\"name\":\"Argentina ante el envejecimiento acelerado: desaf\u00edo urgente para las pol\u00edticas sociales\"}]},{\"@type\":\"WebSite\",\"@id\":\"https:\\\/\\\/diariodeloeste.com\\\/noticias\\\/#website\",\"url\":\"https:\\\/\\\/diariodeloeste.com\\\/noticias\\\/\",\"name\":\"Diario del Oeste\",\"description\":\"Noticias del Oeste\",\"publisher\":{\"@id\":\"https:\\\/\\\/diariodeloeste.com\\\/noticias\\\/#organization\"},\"potentialAction\":[{\"@type\":\"SearchAction\",\"target\":{\"@type\":\"EntryPoint\",\"urlTemplate\":\"https:\\\/\\\/diariodeloeste.com\\\/noticias\\\/?s={search_term_string}\"},\"query-input\":{\"@type\":\"PropertyValueSpecification\",\"valueRequired\":true,\"valueName\":\"search_term_string\"}}],\"inLanguage\":\"es-AR\"},{\"@type\":\"Organization\",\"@id\":\"https:\\\/\\\/diariodeloeste.com\\\/noticias\\\/#organization\",\"name\":\"Diario del Oeste\",\"url\":\"https:\\\/\\\/diariodeloeste.com\\\/noticias\\\/\",\"logo\":{\"@type\":\"ImageObject\",\"inLanguage\":\"es-AR\",\"@id\":\"https:\\\/\\\/diariodeloeste.com\\\/noticias\\\/#\\\/schema\\\/logo\\\/image\\\/\",\"url\":\"https:\\\/\\\/diariodeloeste.com\\\/noticias\\\/wp-content\\\/uploads\\\/2019\\\/04\\\/logo.png\",\"contentUrl\":\"https:\\\/\\\/diariodeloeste.com\\\/noticias\\\/wp-content\\\/uploads\\\/2019\\\/04\\\/logo.png\",\"width\":306,\"height\":145,\"caption\":\"Diario del Oeste\"},\"image\":{\"@id\":\"https:\\\/\\\/diariodeloeste.com\\\/noticias\\\/#\\\/schema\\\/logo\\\/image\\\/\"}},{\"@type\":\"Person\",\"@id\":\"https:\\\/\\\/diariodeloeste.com\\\/noticias\\\/#\\\/schema\\\/person\\\/1f7be965f8c093432e1cbfcee0ac4047\",\"name\":\"Redaccion\",\"image\":{\"@type\":\"ImageObject\",\"inLanguage\":\"es-AR\",\"@id\":\"https:\\\/\\\/secure.gravatar.com\\\/avatar\\\/f9bc3a12e26b32d818d88f9a5b61de20b559752e499df507efa7ea3cea0550ef?s=96&d=mm&r=g\",\"url\":\"https:\\\/\\\/secure.gravatar.com\\\/avatar\\\/f9bc3a12e26b32d818d88f9a5b61de20b559752e499df507efa7ea3cea0550ef?s=96&d=mm&r=g\",\"contentUrl\":\"https:\\\/\\\/secure.gravatar.com\\\/avatar\\\/f9bc3a12e26b32d818d88f9a5b61de20b559752e499df507efa7ea3cea0550ef?s=96&d=mm&r=g\",\"caption\":\"Redaccion\"},\"url\":\"https:\\\/\\\/diariodeloeste.com\\\/noticias\\\/author\\\/redaccion\\\/\"}]}<\/script>\n<!-- \/ Yoast SEO plugin. -->","yoast_head_json":{"title":"Argentina ante el envejecimiento acelerado: desaf\u00edo urgente para las pol\u00edticas sociales - Diario del Oeste","robots":{"index":"index","follow":"follow","max-snippet":"max-snippet:-1","max-image-preview":"max-image-preview:large","max-video-preview":"max-video-preview:-1"},"canonical":"https:\/\/diariodeloeste.com\/noticias\/2025\/07\/21\/argentina-ante-el-envejecimiento-acelerado-desafio-urgente-para-las-politicas-sociales\/","og_locale":"es_ES","og_type":"article","og_title":"Argentina ante el envejecimiento acelerado: desaf\u00edo urgente para las pol\u00edticas sociales - Diario del Oeste","og_description":"El nuevo informe regional de REDIFAM y la Universidad Austral advierte que el pa\u00eds atraviesa una de las transiciones demogr\u00e1ficas m\u00e1s avanzadas de Am\u00e9rica Latina. Con una natalidad en declive y un marcado proceso de envejecimiento, Argentina enfrenta el reto de redise\u00f1ar sus sistemas de salud, laboral, previsional y cuidado integral. Acceda al informe completo [&hellip;]","og_url":"https:\/\/diariodeloeste.com\/noticias\/2025\/07\/21\/argentina-ante-el-envejecimiento-acelerado-desafio-urgente-para-las-politicas-sociales\/","og_site_name":"Diario del Oeste","article_published_time":"2025-07-21T12:04:27+00:00","og_image":[{"width":1275,"height":860,"url":"https:\/\/diariodeloeste.com\/noticias\/wp-content\/uploads\/2025\/07\/envejecimiento-web.png","type":"image\/png"}],"author":"Redaccion","twitter_card":"summary_large_image","twitter_misc":{"Escrito por":"Redaccion","Tiempo de lectura":"3 minutos"},"schema":{"@context":"https:\/\/schema.org","@graph":[{"@type":"Article","@id":"https:\/\/diariodeloeste.com\/noticias\/2025\/07\/21\/argentina-ante-el-envejecimiento-acelerado-desafio-urgente-para-las-politicas-sociales\/#article","isPartOf":{"@id":"https:\/\/diariodeloeste.com\/noticias\/2025\/07\/21\/argentina-ante-el-envejecimiento-acelerado-desafio-urgente-para-las-politicas-sociales\/"},"author":{"name":"Redaccion","@id":"https:\/\/diariodeloeste.com\/noticias\/#\/schema\/person\/1f7be965f8c093432e1cbfcee0ac4047"},"headline":"Argentina ante el envejecimiento acelerado: desaf\u00edo urgente para las pol\u00edticas sociales","datePublished":"2025-07-21T12:04:27+00:00","mainEntityOfPage":{"@id":"https:\/\/diariodeloeste.com\/noticias\/2025\/07\/21\/argentina-ante-el-envejecimiento-acelerado-desafio-urgente-para-las-politicas-sociales\/"},"wordCount":491,"publisher":{"@id":"https:\/\/diariodeloeste.com\/noticias\/#organization"},"image":{"@id":"https:\/\/diariodeloeste.com\/noticias\/2025\/07\/21\/argentina-ante-el-envejecimiento-acelerado-desafio-urgente-para-las-politicas-sociales\/#primaryimage"},"thumbnailUrl":"https:\/\/diariodeloeste.com\/noticias\/wp-content\/uploads\/2025\/07\/envejecimiento-web.png","articleSection":["Uncategorized"],"inLanguage":"es-AR"},{"@type":"WebPage","@id":"https:\/\/diariodeloeste.com\/noticias\/2025\/07\/21\/argentina-ante-el-envejecimiento-acelerado-desafio-urgente-para-las-politicas-sociales\/","url":"https:\/\/diariodeloeste.com\/noticias\/2025\/07\/21\/argentina-ante-el-envejecimiento-acelerado-desafio-urgente-para-las-politicas-sociales\/","name":"Argentina ante el envejecimiento acelerado: desaf\u00edo urgente para las pol\u00edticas sociales - Diario del Oeste","isPartOf":{"@id":"https:\/\/diariodeloeste.com\/noticias\/#website"},"primaryImageOfPage":{"@id":"https:\/\/diariodeloeste.com\/noticias\/2025\/07\/21\/argentina-ante-el-envejecimiento-acelerado-desafio-urgente-para-las-politicas-sociales\/#primaryimage"},"image":{"@id":"https:\/\/diariodeloeste.com\/noticias\/2025\/07\/21\/argentina-ante-el-envejecimiento-acelerado-desafio-urgente-para-las-politicas-sociales\/#primaryimage"},"thumbnailUrl":"https:\/\/diariodeloeste.com\/noticias\/wp-content\/uploads\/2025\/07\/envejecimiento-web.png","datePublished":"2025-07-21T12:04:27+00:00","breadcrumb":{"@id":"https:\/\/diariodeloeste.com\/noticias\/2025\/07\/21\/argentina-ante-el-envejecimiento-acelerado-desafio-urgente-para-las-politicas-sociales\/#breadcrumb"},"inLanguage":"es-AR","potentialAction":[{"@type":"ReadAction","target":["https:\/\/diariodeloeste.com\/noticias\/2025\/07\/21\/argentina-ante-el-envejecimiento-acelerado-desafio-urgente-para-las-politicas-sociales\/"]}]},{"@type":"ImageObject","inLanguage":"es-AR","@id":"https:\/\/diariodeloeste.com\/noticias\/2025\/07\/21\/argentina-ante-el-envejecimiento-acelerado-desafio-urgente-para-las-politicas-sociales\/#primaryimage","url":"https:\/\/diariodeloeste.com\/noticias\/wp-content\/uploads\/2025\/07\/envejecimiento-web.png","contentUrl":"https:\/\/diariodeloeste.com\/noticias\/wp-content\/uploads\/2025\/07\/envejecimiento-web.png","width":1275,"height":860},{"@type":"BreadcrumbList","@id":"https:\/\/diariodeloeste.com\/noticias\/2025\/07\/21\/argentina-ante-el-envejecimiento-acelerado-desafio-urgente-para-las-politicas-sociales\/#breadcrumb","itemListElement":[{"@type":"ListItem","position":1,"name":"Inicio","item":"https:\/\/diariodeloeste.com\/noticias\/"},{"@type":"ListItem","position":2,"name":"Argentina ante el envejecimiento acelerado: desaf\u00edo urgente para las pol\u00edticas sociales"}]},{"@type":"WebSite","@id":"https:\/\/diariodeloeste.com\/noticias\/#website","url":"https:\/\/diariodeloeste.com\/noticias\/","name":"Diario del Oeste","description":"Noticias del Oeste","publisher":{"@id":"https:\/\/diariodeloeste.com\/noticias\/#organization"},"potentialAction":[{"@type":"SearchAction","target":{"@type":"EntryPoint","urlTemplate":"https:\/\/diariodeloeste.com\/noticias\/?s={search_term_string}"},"query-input":{"@type":"PropertyValueSpecification","valueRequired":true,"valueName":"search_term_string"}}],"inLanguage":"es-AR"},{"@type":"Organization","@id":"https:\/\/diariodeloeste.com\/noticias\/#organization","name":"Diario del Oeste","url":"https:\/\/diariodeloeste.com\/noticias\/","logo":{"@type":"ImageObject","inLanguage":"es-AR","@id":"https:\/\/diariodeloeste.com\/noticias\/#\/schema\/logo\/image\/","url":"https:\/\/diariodeloeste.com\/noticias\/wp-content\/uploads\/2019\/04\/logo.png","contentUrl":"https:\/\/diariodeloeste.com\/noticias\/wp-content\/uploads\/2019\/04\/logo.png","width":306,"height":145,"caption":"Diario del Oeste"},"image":{"@id":"https:\/\/diariodeloeste.com\/noticias\/#\/schema\/logo\/image\/"}},{"@type":"Person","@id":"https:\/\/diariodeloeste.com\/noticias\/#\/schema\/person\/1f7be965f8c093432e1cbfcee0ac4047","name":"Redaccion","image":{"@type":"ImageObject","inLanguage":"es-AR","@id":"https:\/\/secure.gravatar.com\/avatar\/f9bc3a12e26b32d818d88f9a5b61de20b559752e499df507efa7ea3cea0550ef?s=96&d=mm&r=g","url":"https:\/\/secure.gravatar.com\/avatar\/f9bc3a12e26b32d818d88f9a5b61de20b559752e499df507efa7ea3cea0550ef?s=96&d=mm&r=g","contentUrl":"https:\/\/secure.gravatar.com\/avatar\/f9bc3a12e26b32d818d88f9a5b61de20b559752e499df507efa7ea3cea0550ef?s=96&d=mm&r=g","caption":"Redaccion"},"url":"https:\/\/diariodeloeste.com\/noticias\/author\/redaccion\/"}]}},"_links":{"self":[{"href":"https:\/\/diariodeloeste.com\/noticias\/wp-json\/wp\/v2\/posts\/15046","targetHints":{"allow":["GET"]}}],"collection":[{"href":"https:\/\/diariodeloeste.com\/noticias\/wp-json\/wp\/v2\/posts"}],"about":[{"href":"https:\/\/diariodeloeste.com\/noticias\/wp-json\/wp\/v2\/types\/post"}],"author":[{"embeddable":true,"href":"https:\/\/diariodeloeste.com\/noticias\/wp-json\/wp\/v2\/users\/3"}],"replies":[{"embeddable":true,"href":"https:\/\/diariodeloeste.com\/noticias\/wp-json\/wp\/v2\/comments?post=15046"}],"version-history":[{"count":1,"href":"https:\/\/diariodeloeste.com\/noticias\/wp-json\/wp\/v2\/posts\/15046\/revisions"}],"predecessor-version":[{"id":15048,"href":"https:\/\/diariodeloeste.com\/noticias\/wp-json\/wp\/v2\/posts\/15046\/revisions\/15048"}],"wp:featuredmedia":[{"embeddable":true,"href":"https:\/\/diariodeloeste.com\/noticias\/wp-json\/wp\/v2\/media\/15047"}],"wp:attachment":[{"href":"https:\/\/diariodeloeste.com\/noticias\/wp-json\/wp\/v2\/media?parent=15046"}],"wp:term":[{"taxonomy":"category","embeddable":true,"href":"https:\/\/diariodeloeste.com\/noticias\/wp-json\/wp\/v2\/categories?post=15046"},{"taxonomy":"post_tag","embeddable":true,"href":"https:\/\/diariodeloeste.com\/noticias\/wp-json\/wp\/v2\/tags?post=15046"}],"curies":[{"name":"wp","href":"https:\/\/api.w.org\/{rel}","templated":true}]}}