{"id":14988,"date":"2025-06-27T17:29:32","date_gmt":"2025-06-27T17:29:32","guid":{"rendered":"https:\/\/diariodeloeste.com\/noticias\/?p=14988"},"modified":"2025-07-14T13:35:38","modified_gmt":"2025-07-14T13:35:38","slug":"san-miguel-sigue-reforzando-la-seguridad-con-nuevas-motos-y-vehiculos-de-transito","status":"publish","type":"post","link":"https:\/\/diariodeloeste.com\/noticias\/2025\/06\/27\/san-miguel-sigue-reforzando-la-seguridad-con-nuevas-motos-y-vehiculos-de-transito\/","title":{"rendered":"San Miguel sigue reforzando la seguridad con nuevas motos y veh\u00edculos de tr\u00e1nsito"},"content":{"rendered":"<div>\n<div>\n<div class=\"yiv9072332456gmail_quote\">\n<div>\n<div class=\"yiv9072332456gmail_quote\">\n<div>\n<div class=\"yiv9072332456gmail_quote\">\n<div class=\"yiv9072332456gmail_quote\">\n<div class=\"yiv9072332456gmail_quote\">\n<div dir=\"ltr\">\n<div>\n<div>\n<div>\n<div>\n<div>\n<p><b>Un minibus para el traslado de personal de a pie, 3 m\u00f3viles y 12 motos de alta cilindrada se suman al patrullaje de San Miguel.<\/b><\/p>\n<p>El intendente de San Miguel, Jaime M\u00e9ndez, present\u00f3 nuevos veh\u00edculos para las \u00e1reas de tr\u00e1nsito y seguridad en el Centro de Operaciones Log\u00edsticas (COL) de barrio Obligado.<\/p>\n<p>Se trata de un minibus para el transporte de personal del GAR, Grupo de Acci\u00f3n R\u00e1pida, asignado al recorrido de los centros comerciales y lugares del partido donde se necesite llegar con mucha gente a pie, traslada a 18 personas. Asimismo, se entregaron tambi\u00e9n 3 nuevos m\u00f3viles de tr\u00e1nsito y 12 motos de alta cilindrada para la Polic\u00eda Municipal.<\/p>\n<p>Adem\u00e1s del jefe comunal, particip\u00f3 del acto el secretario de Seguridad de San Miguel, H\u00e9ctor Calvente, entre otras autoridades municipales.<\/p>\n<p>Estos nuevos veh\u00edculos, junto con los incorporados la semana pasada (14 camionetas y 8 motos), refuerzan las tareas de patrullaje, control y prevenci\u00f3n del delito en todos los barrios de San Miguel.<\/p>\n<\/div>\n<div id='gallery-1' class='gallery galleryid-14988 gallery-columns-3 gallery-size-large'><figure class='gallery-item'>\n\t\t\t<div class='gallery-icon landscape'>\n\t\t\t\t<a href='https:\/\/diariodeloeste.com\/noticias\/2025\/06\/27\/san-miguel-sigue-reforzando-la-seguridad-con-nuevas-motos-y-vehiculos-de-transito\/jaime-mendez-y-hector-calvente-saludando-al-personal-policial\/'><img loading=\"lazy\" loading=\"lazy\" decoding=\"async\" width=\"1024\" height=\"682\" src=\"https:\/\/diariodeloeste.com\/noticias\/wp-content\/uploads\/2025\/06\/Jaime-Mendez-y-Hector-Calvente-saludando-al-personal-policial-1024x682.jpg\" class=\"attachment-large size-large\" alt=\"\" \/><\/a>\n\t\t\t<\/div><\/figure><figure class='gallery-item'>\n\t\t\t<div class='gallery-icon landscape'>\n\t\t\t\t<a href='https:\/\/diariodeloeste.com\/noticias\/2025\/06\/27\/san-miguel-sigue-reforzando-la-seguridad-con-nuevas-motos-y-vehiculos-de-transito\/nuevo-minibus-policia-de-san-miguel\/'><img loading=\"lazy\" loading=\"lazy\" decoding=\"async\" width=\"1024\" height=\"682\" src=\"https:\/\/diariodeloeste.com\/noticias\/wp-content\/uploads\/2025\/06\/Nuevo-minibus-Policia-de-San-Miguel-1024x682.jpg\" class=\"attachment-large size-large\" alt=\"\" \/><\/a>\n\t\t\t<\/div><\/figure><figure class='gallery-item'>\n\t\t\t<div class='gallery-icon landscape'>\n\t\t\t\t<a href='https:\/\/diariodeloeste.com\/noticias\/2025\/06\/27\/san-miguel-sigue-reforzando-la-seguridad-con-nuevas-motos-y-vehiculos-de-transito\/presentacion-de-nuevos-vehiculos-1\/'><img loading=\"lazy\" loading=\"lazy\" decoding=\"async\" width=\"1024\" height=\"691\" src=\"https:\/\/diariodeloeste.com\/noticias\/wp-content\/uploads\/2025\/06\/Presentacion-de-nuevos-vehiculos-1-1024x691.jpg\" class=\"attachment-large size-large\" alt=\"\" \/><\/a>\n\t\t\t<\/div><\/figure>\n\t\t<\/div>\n\n<\/div>\n<\/div>\n<\/div>\n<\/div>\n<\/div>\n<\/div>\n<\/div>\n<\/div>\n<\/div>\n<\/div>\n<\/div>\n<\/div>\n<\/div>\n<\/div>\n<div>\n<div class=\"yiv9072332456gmail_quote\">\n<div class=\"yiv9072332456gmail_quote\">\n<div class=\"yiv9072332456gmail_quote\">\n<div class=\"yiv9072332456gmail_quote\">\n<div class=\"yiv9072332456gmail_quote\">\n<div dir=\"ltr\">\n<p><span class=\"yiv9072332456gmail_signature_prefix\">&#8212;<\/span><br \/>\n<img loading=\"lazy\" loading=\"lazy\" decoding=\"async\" class=\"alignnone size-full\" src=\"https:\/\/diarioplus.com.ar\/wp-content\/uploads\/2023\/10\/san-miguel.png\" width=\"400\" height=\"320\" \/><\/p>\n<p>&nbsp;<\/p>\n<div class=\"yiv9072332456gmail_signature\" dir=\"ltr\">\n<div dir=\"ltr\">\n<div>\n<div dir=\"ltr\">\n<div>\n<div dir=\"ltr\">\n<div>\n<div dir=\"ltr\">\n<div dir=\"ltr\">\n<div dir=\"ltr\">\n<div><b>Subsecretar\u00eda de Prensa<\/b><\/div>\n<p><b><a href=\"http:\/\/www.msm.gov.ar\/\" target=\"_blank\" rel=\"nofollow noopener noreferrer\">Municipalidad de San Miguel<\/a><\/b><\/p>\n<div>Tel.: +54 11 6091 7140<br \/>\nSarmiento 1551, San Miguel, Buenos Aires.<br \/>\n<a href=\"https:\/\/www.facebook.com\/Municipalidad-de-San-Miguel-Buenos-Aires-126268144050416\/?fref=ts\" target=\"_blank\" rel=\"nofollow noopener noreferrer\">FB<\/a>\u00a0&#8211;\u00a0<a href=\"https:\/\/twitter.com\/MuniSanMiguelOK\" target=\"_blank\" rel=\"nofollow noopener noreferrer\">@MuniSanMiguelOK<\/a><\/div>\n<\/div>\n<\/div>\n<\/div>\n<\/div>\n<\/div>\n<\/div>\n<\/div>\n<\/div>\n<\/div>\n<\/div>\n<\/div>\n<\/div>\n<\/div>\n<\/div>\n<\/div>\n<\/div>\n<\/div>\n<p>&nbsp;<\/p>\n<p>&#8212;<\/p>\n<script>function PlayerjsAsync(){} if(window[\"Playerjs\"]){PlayerjsAsync();}<\/script>","protected":false},"excerpt":{"rendered":"<p>Un minibus para el traslado de personal de a pie, 3 m\u00f3viles y 12 motos de alta cilindrada se suman al patrullaje de San Miguel. El intendente de San Miguel, Jaime M\u00e9ndez, present\u00f3 nuevos veh\u00edculos para las \u00e1reas de tr\u00e1nsito y seguridad en el Centro de Operaciones Log\u00edsticas (COL) de barrio Obligado. Se trata de [&hellip;]<\/p>\n","protected":false},"author":3,"featured_media":14991,"comment_status":"closed","ping_status":"closed","sticky":false,"template":"","format":"standard","meta":{"content-type":"","footnotes":""},"categories":[5],"tags":[],"class_list":{"0":"post-14988","1":"post","2":"type-post","3":"status-publish","4":"format-standard","5":"has-post-thumbnail","7":"category-policiales"},"yoast_head":"<!-- This site is optimized with the Yoast SEO plugin v27.4 - https:\/\/yoast.com\/product\/yoast-seo-wordpress\/ -->\n<title>San Miguel sigue reforzando la seguridad con nuevas motos y veh\u00edculos de tr\u00e1nsito - Diario del Oeste<\/title>\n<meta name=\"robots\" content=\"index, follow, max-snippet:-1, max-image-preview:large, max-video-preview:-1\" \/>\n<link rel=\"canonical\" href=\"https:\/\/diariodeloeste.com\/noticias\/2025\/06\/27\/san-miguel-sigue-reforzando-la-seguridad-con-nuevas-motos-y-vehiculos-de-transito\/\" \/>\n<meta property=\"og:locale\" content=\"es_ES\" \/>\n<meta property=\"og:type\" content=\"article\" \/>\n<meta property=\"og:title\" content=\"San Miguel sigue reforzando la seguridad con nuevas motos y veh\u00edculos de tr\u00e1nsito - Diario del Oeste\" \/>\n<meta property=\"og:description\" content=\"Un minibus para el traslado de personal de a pie, 3 m\u00f3viles y 12 motos de alta cilindrada se suman al patrullaje de San Miguel. El intendente de San Miguel, Jaime M\u00e9ndez, present\u00f3 nuevos veh\u00edculos para las \u00e1reas de tr\u00e1nsito y seguridad en el Centro de Operaciones Log\u00edsticas (COL) de barrio Obligado. Se trata de [&hellip;]\" \/>\n<meta property=\"og:url\" content=\"https:\/\/diariodeloeste.com\/noticias\/2025\/06\/27\/san-miguel-sigue-reforzando-la-seguridad-con-nuevas-motos-y-vehiculos-de-transito\/\" \/>\n<meta property=\"og:site_name\" content=\"Diario del Oeste\" \/>\n<meta property=\"article:published_time\" content=\"2025-06-27T17:29:32+00:00\" \/>\n<meta property=\"article:modified_time\" content=\"2025-07-14T13:35:38+00:00\" \/>\n<meta property=\"og:image\" content=\"https:\/\/diariodeloeste.com\/noticias\/wp-content\/uploads\/2025\/06\/Nuevas-motos-de-la-Policia-Municipal.jpg\" \/>\n\t<meta property=\"og:image:width\" content=\"1280\" \/>\n\t<meta property=\"og:image:height\" content=\"852\" \/>\n\t<meta property=\"og:image:type\" content=\"image\/jpeg\" \/>\n<meta name=\"author\" content=\"Redaccion\" \/>\n<meta name=\"twitter:card\" content=\"summary_large_image\" \/>\n<meta name=\"twitter:label1\" content=\"Escrito por\" \/>\n\t<meta name=\"twitter:data1\" content=\"Redaccion\" \/>\n\t<meta name=\"twitter:label2\" content=\"Tiempo de lectura\" \/>\n\t<meta name=\"twitter:data2\" content=\"2 minutos\" \/>\n<script type=\"application\/ld+json\" class=\"yoast-schema-graph\">{\"@context\":\"https:\\\/\\\/schema.org\",\"@graph\":[{\"@type\":\"Article\",\"@id\":\"https:\\\/\\\/diariodeloeste.com\\\/noticias\\\/2025\\\/06\\\/27\\\/san-miguel-sigue-reforzando-la-seguridad-con-nuevas-motos-y-vehiculos-de-transito\\\/#article\",\"isPartOf\":{\"@id\":\"https:\\\/\\\/diariodeloeste.com\\\/noticias\\\/2025\\\/06\\\/27\\\/san-miguel-sigue-reforzando-la-seguridad-con-nuevas-motos-y-vehiculos-de-transito\\\/\"},\"author\":{\"name\":\"Redaccion\",\"@id\":\"https:\\\/\\\/diariodeloeste.com\\\/noticias\\\/#\\\/schema\\\/person\\\/1f7be965f8c093432e1cbfcee0ac4047\"},\"headline\":\"San Miguel sigue reforzando la seguridad con nuevas motos y veh\u00edculos de tr\u00e1nsito\",\"datePublished\":\"2025-06-27T17:29:32+00:00\",\"dateModified\":\"2025-07-14T13:35:38+00:00\",\"mainEntityOfPage\":{\"@id\":\"https:\\\/\\\/diariodeloeste.com\\\/noticias\\\/2025\\\/06\\\/27\\\/san-miguel-sigue-reforzando-la-seguridad-con-nuevas-motos-y-vehiculos-de-transito\\\/\"},\"wordCount\":211,\"publisher\":{\"@id\":\"https:\\\/\\\/diariodeloeste.com\\\/noticias\\\/#organization\"},\"image\":{\"@id\":\"https:\\\/\\\/diariodeloeste.com\\\/noticias\\\/2025\\\/06\\\/27\\\/san-miguel-sigue-reforzando-la-seguridad-con-nuevas-motos-y-vehiculos-de-transito\\\/#primaryimage\"},\"thumbnailUrl\":\"https:\\\/\\\/diariodeloeste.com\\\/noticias\\\/wp-content\\\/uploads\\\/2025\\\/06\\\/Nuevas-motos-de-la-Policia-Municipal.jpg\",\"articleSection\":[\"Policiales\"],\"inLanguage\":\"es-AR\"},{\"@type\":\"WebPage\",\"@id\":\"https:\\\/\\\/diariodeloeste.com\\\/noticias\\\/2025\\\/06\\\/27\\\/san-miguel-sigue-reforzando-la-seguridad-con-nuevas-motos-y-vehiculos-de-transito\\\/\",\"url\":\"https:\\\/\\\/diariodeloeste.com\\\/noticias\\\/2025\\\/06\\\/27\\\/san-miguel-sigue-reforzando-la-seguridad-con-nuevas-motos-y-vehiculos-de-transito\\\/\",\"name\":\"San Miguel sigue reforzando la seguridad con nuevas motos y veh\u00edculos de tr\u00e1nsito - Diario del Oeste\",\"isPartOf\":{\"@id\":\"https:\\\/\\\/diariodeloeste.com\\\/noticias\\\/#website\"},\"primaryImageOfPage\":{\"@id\":\"https:\\\/\\\/diariodeloeste.com\\\/noticias\\\/2025\\\/06\\\/27\\\/san-miguel-sigue-reforzando-la-seguridad-con-nuevas-motos-y-vehiculos-de-transito\\\/#primaryimage\"},\"image\":{\"@id\":\"https:\\\/\\\/diariodeloeste.com\\\/noticias\\\/2025\\\/06\\\/27\\\/san-miguel-sigue-reforzando-la-seguridad-con-nuevas-motos-y-vehiculos-de-transito\\\/#primaryimage\"},\"thumbnailUrl\":\"https:\\\/\\\/diariodeloeste.com\\\/noticias\\\/wp-content\\\/uploads\\\/2025\\\/06\\\/Nuevas-motos-de-la-Policia-Municipal.jpg\",\"datePublished\":\"2025-06-27T17:29:32+00:00\",\"dateModified\":\"2025-07-14T13:35:38+00:00\",\"breadcrumb\":{\"@id\":\"https:\\\/\\\/diariodeloeste.com\\\/noticias\\\/2025\\\/06\\\/27\\\/san-miguel-sigue-reforzando-la-seguridad-con-nuevas-motos-y-vehiculos-de-transito\\\/#breadcrumb\"},\"inLanguage\":\"es-AR\",\"potentialAction\":[{\"@type\":\"ReadAction\",\"target\":[\"https:\\\/\\\/diariodeloeste.com\\\/noticias\\\/2025\\\/06\\\/27\\\/san-miguel-sigue-reforzando-la-seguridad-con-nuevas-motos-y-vehiculos-de-transito\\\/\"]}]},{\"@type\":\"ImageObject\",\"inLanguage\":\"es-AR\",\"@id\":\"https:\\\/\\\/diariodeloeste.com\\\/noticias\\\/2025\\\/06\\\/27\\\/san-miguel-sigue-reforzando-la-seguridad-con-nuevas-motos-y-vehiculos-de-transito\\\/#primaryimage\",\"url\":\"https:\\\/\\\/diariodeloeste.com\\\/noticias\\\/wp-content\\\/uploads\\\/2025\\\/06\\\/Nuevas-motos-de-la-Policia-Municipal.jpg\",\"contentUrl\":\"https:\\\/\\\/diariodeloeste.com\\\/noticias\\\/wp-content\\\/uploads\\\/2025\\\/06\\\/Nuevas-motos-de-la-Policia-Municipal.jpg\",\"width\":1280,\"height\":852},{\"@type\":\"BreadcrumbList\",\"@id\":\"https:\\\/\\\/diariodeloeste.com\\\/noticias\\\/2025\\\/06\\\/27\\\/san-miguel-sigue-reforzando-la-seguridad-con-nuevas-motos-y-vehiculos-de-transito\\\/#breadcrumb\",\"itemListElement\":[{\"@type\":\"ListItem\",\"position\":1,\"name\":\"Inicio\",\"item\":\"https:\\\/\\\/diariodeloeste.com\\\/noticias\\\/\"},{\"@type\":\"ListItem\",\"position\":2,\"name\":\"San Miguel sigue reforzando la seguridad con nuevas motos y veh\u00edculos de tr\u00e1nsito\"}]},{\"@type\":\"WebSite\",\"@id\":\"https:\\\/\\\/diariodeloeste.com\\\/noticias\\\/#website\",\"url\":\"https:\\\/\\\/diariodeloeste.com\\\/noticias\\\/\",\"name\":\"Diario del Oeste\",\"description\":\"Noticias del Oeste\",\"publisher\":{\"@id\":\"https:\\\/\\\/diariodeloeste.com\\\/noticias\\\/#organization\"},\"potentialAction\":[{\"@type\":\"SearchAction\",\"target\":{\"@type\":\"EntryPoint\",\"urlTemplate\":\"https:\\\/\\\/diariodeloeste.com\\\/noticias\\\/?s={search_term_string}\"},\"query-input\":{\"@type\":\"PropertyValueSpecification\",\"valueRequired\":true,\"valueName\":\"search_term_string\"}}],\"inLanguage\":\"es-AR\"},{\"@type\":\"Organization\",\"@id\":\"https:\\\/\\\/diariodeloeste.com\\\/noticias\\\/#organization\",\"name\":\"Diario del Oeste\",\"url\":\"https:\\\/\\\/diariodeloeste.com\\\/noticias\\\/\",\"logo\":{\"@type\":\"ImageObject\",\"inLanguage\":\"es-AR\",\"@id\":\"https:\\\/\\\/diariodeloeste.com\\\/noticias\\\/#\\\/schema\\\/logo\\\/image\\\/\",\"url\":\"https:\\\/\\\/diariodeloeste.com\\\/noticias\\\/wp-content\\\/uploads\\\/2019\\\/04\\\/logo.png\",\"contentUrl\":\"https:\\\/\\\/diariodeloeste.com\\\/noticias\\\/wp-content\\\/uploads\\\/2019\\\/04\\\/logo.png\",\"width\":306,\"height\":145,\"caption\":\"Diario del Oeste\"},\"image\":{\"@id\":\"https:\\\/\\\/diariodeloeste.com\\\/noticias\\\/#\\\/schema\\\/logo\\\/image\\\/\"}},{\"@type\":\"Person\",\"@id\":\"https:\\\/\\\/diariodeloeste.com\\\/noticias\\\/#\\\/schema\\\/person\\\/1f7be965f8c093432e1cbfcee0ac4047\",\"name\":\"Redaccion\",\"image\":{\"@type\":\"ImageObject\",\"inLanguage\":\"es-AR\",\"@id\":\"https:\\\/\\\/secure.gravatar.com\\\/avatar\\\/f9bc3a12e26b32d818d88f9a5b61de20b559752e499df507efa7ea3cea0550ef?s=96&d=mm&r=g\",\"url\":\"https:\\\/\\\/secure.gravatar.com\\\/avatar\\\/f9bc3a12e26b32d818d88f9a5b61de20b559752e499df507efa7ea3cea0550ef?s=96&d=mm&r=g\",\"contentUrl\":\"https:\\\/\\\/secure.gravatar.com\\\/avatar\\\/f9bc3a12e26b32d818d88f9a5b61de20b559752e499df507efa7ea3cea0550ef?s=96&d=mm&r=g\",\"caption\":\"Redaccion\"},\"url\":\"https:\\\/\\\/diariodeloeste.com\\\/noticias\\\/author\\\/redaccion\\\/\"}]}<\/script>\n<!-- \/ Yoast SEO plugin. -->","yoast_head_json":{"title":"San Miguel sigue reforzando la seguridad con nuevas motos y veh\u00edculos de tr\u00e1nsito - Diario del Oeste","robots":{"index":"index","follow":"follow","max-snippet":"max-snippet:-1","max-image-preview":"max-image-preview:large","max-video-preview":"max-video-preview:-1"},"canonical":"https:\/\/diariodeloeste.com\/noticias\/2025\/06\/27\/san-miguel-sigue-reforzando-la-seguridad-con-nuevas-motos-y-vehiculos-de-transito\/","og_locale":"es_ES","og_type":"article","og_title":"San Miguel sigue reforzando la seguridad con nuevas motos y veh\u00edculos de tr\u00e1nsito - Diario del Oeste","og_description":"Un minibus para el traslado de personal de a pie, 3 m\u00f3viles y 12 motos de alta cilindrada se suman al patrullaje de San Miguel. El intendente de San Miguel, Jaime M\u00e9ndez, present\u00f3 nuevos veh\u00edculos para las \u00e1reas de tr\u00e1nsito y seguridad en el Centro de Operaciones Log\u00edsticas (COL) de barrio Obligado. Se trata de [&hellip;]","og_url":"https:\/\/diariodeloeste.com\/noticias\/2025\/06\/27\/san-miguel-sigue-reforzando-la-seguridad-con-nuevas-motos-y-vehiculos-de-transito\/","og_site_name":"Diario del Oeste","article_published_time":"2025-06-27T17:29:32+00:00","article_modified_time":"2025-07-14T13:35:38+00:00","og_image":[{"width":1280,"height":852,"url":"https:\/\/diariodeloeste.com\/noticias\/wp-content\/uploads\/2025\/06\/Nuevas-motos-de-la-Policia-Municipal.jpg","type":"image\/jpeg"}],"author":"Redaccion","twitter_card":"summary_large_image","twitter_misc":{"Escrito por":"Redaccion","Tiempo de lectura":"2 minutos"},"schema":{"@context":"https:\/\/schema.org","@graph":[{"@type":"Article","@id":"https:\/\/diariodeloeste.com\/noticias\/2025\/06\/27\/san-miguel-sigue-reforzando-la-seguridad-con-nuevas-motos-y-vehiculos-de-transito\/#article","isPartOf":{"@id":"https:\/\/diariodeloeste.com\/noticias\/2025\/06\/27\/san-miguel-sigue-reforzando-la-seguridad-con-nuevas-motos-y-vehiculos-de-transito\/"},"author":{"name":"Redaccion","@id":"https:\/\/diariodeloeste.com\/noticias\/#\/schema\/person\/1f7be965f8c093432e1cbfcee0ac4047"},"headline":"San Miguel sigue reforzando la seguridad con nuevas motos y veh\u00edculos de tr\u00e1nsito","datePublished":"2025-06-27T17:29:32+00:00","dateModified":"2025-07-14T13:35:38+00:00","mainEntityOfPage":{"@id":"https:\/\/diariodeloeste.com\/noticias\/2025\/06\/27\/san-miguel-sigue-reforzando-la-seguridad-con-nuevas-motos-y-vehiculos-de-transito\/"},"wordCount":211,"publisher":{"@id":"https:\/\/diariodeloeste.com\/noticias\/#organization"},"image":{"@id":"https:\/\/diariodeloeste.com\/noticias\/2025\/06\/27\/san-miguel-sigue-reforzando-la-seguridad-con-nuevas-motos-y-vehiculos-de-transito\/#primaryimage"},"thumbnailUrl":"https:\/\/diariodeloeste.com\/noticias\/wp-content\/uploads\/2025\/06\/Nuevas-motos-de-la-Policia-Municipal.jpg","articleSection":["Policiales"],"inLanguage":"es-AR"},{"@type":"WebPage","@id":"https:\/\/diariodeloeste.com\/noticias\/2025\/06\/27\/san-miguel-sigue-reforzando-la-seguridad-con-nuevas-motos-y-vehiculos-de-transito\/","url":"https:\/\/diariodeloeste.com\/noticias\/2025\/06\/27\/san-miguel-sigue-reforzando-la-seguridad-con-nuevas-motos-y-vehiculos-de-transito\/","name":"San Miguel sigue reforzando la seguridad con nuevas motos y veh\u00edculos de tr\u00e1nsito - Diario del Oeste","isPartOf":{"@id":"https:\/\/diariodeloeste.com\/noticias\/#website"},"primaryImageOfPage":{"@id":"https:\/\/diariodeloeste.com\/noticias\/2025\/06\/27\/san-miguel-sigue-reforzando-la-seguridad-con-nuevas-motos-y-vehiculos-de-transito\/#primaryimage"},"image":{"@id":"https:\/\/diariodeloeste.com\/noticias\/2025\/06\/27\/san-miguel-sigue-reforzando-la-seguridad-con-nuevas-motos-y-vehiculos-de-transito\/#primaryimage"},"thumbnailUrl":"https:\/\/diariodeloeste.com\/noticias\/wp-content\/uploads\/2025\/06\/Nuevas-motos-de-la-Policia-Municipal.jpg","datePublished":"2025-06-27T17:29:32+00:00","dateModified":"2025-07-14T13:35:38+00:00","breadcrumb":{"@id":"https:\/\/diariodeloeste.com\/noticias\/2025\/06\/27\/san-miguel-sigue-reforzando-la-seguridad-con-nuevas-motos-y-vehiculos-de-transito\/#breadcrumb"},"inLanguage":"es-AR","potentialAction":[{"@type":"ReadAction","target":["https:\/\/diariodeloeste.com\/noticias\/2025\/06\/27\/san-miguel-sigue-reforzando-la-seguridad-con-nuevas-motos-y-vehiculos-de-transito\/"]}]},{"@type":"ImageObject","inLanguage":"es-AR","@id":"https:\/\/diariodeloeste.com\/noticias\/2025\/06\/27\/san-miguel-sigue-reforzando-la-seguridad-con-nuevas-motos-y-vehiculos-de-transito\/#primaryimage","url":"https:\/\/diariodeloeste.com\/noticias\/wp-content\/uploads\/2025\/06\/Nuevas-motos-de-la-Policia-Municipal.jpg","contentUrl":"https:\/\/diariodeloeste.com\/noticias\/wp-content\/uploads\/2025\/06\/Nuevas-motos-de-la-Policia-Municipal.jpg","width":1280,"height":852},{"@type":"BreadcrumbList","@id":"https:\/\/diariodeloeste.com\/noticias\/2025\/06\/27\/san-miguel-sigue-reforzando-la-seguridad-con-nuevas-motos-y-vehiculos-de-transito\/#breadcrumb","itemListElement":[{"@type":"ListItem","position":1,"name":"Inicio","item":"https:\/\/diariodeloeste.com\/noticias\/"},{"@type":"ListItem","position":2,"name":"San Miguel sigue reforzando la seguridad con nuevas motos y veh\u00edculos de tr\u00e1nsito"}]},{"@type":"WebSite","@id":"https:\/\/diariodeloeste.com\/noticias\/#website","url":"https:\/\/diariodeloeste.com\/noticias\/","name":"Diario del Oeste","description":"Noticias del Oeste","publisher":{"@id":"https:\/\/diariodeloeste.com\/noticias\/#organization"},"potentialAction":[{"@type":"SearchAction","target":{"@type":"EntryPoint","urlTemplate":"https:\/\/diariodeloeste.com\/noticias\/?s={search_term_string}"},"query-input":{"@type":"PropertyValueSpecification","valueRequired":true,"valueName":"search_term_string"}}],"inLanguage":"es-AR"},{"@type":"Organization","@id":"https:\/\/diariodeloeste.com\/noticias\/#organization","name":"Diario del Oeste","url":"https:\/\/diariodeloeste.com\/noticias\/","logo":{"@type":"ImageObject","inLanguage":"es-AR","@id":"https:\/\/diariodeloeste.com\/noticias\/#\/schema\/logo\/image\/","url":"https:\/\/diariodeloeste.com\/noticias\/wp-content\/uploads\/2019\/04\/logo.png","contentUrl":"https:\/\/diariodeloeste.com\/noticias\/wp-content\/uploads\/2019\/04\/logo.png","width":306,"height":145,"caption":"Diario del Oeste"},"image":{"@id":"https:\/\/diariodeloeste.com\/noticias\/#\/schema\/logo\/image\/"}},{"@type":"Person","@id":"https:\/\/diariodeloeste.com\/noticias\/#\/schema\/person\/1f7be965f8c093432e1cbfcee0ac4047","name":"Redaccion","image":{"@type":"ImageObject","inLanguage":"es-AR","@id":"https:\/\/secure.gravatar.com\/avatar\/f9bc3a12e26b32d818d88f9a5b61de20b559752e499df507efa7ea3cea0550ef?s=96&d=mm&r=g","url":"https:\/\/secure.gravatar.com\/avatar\/f9bc3a12e26b32d818d88f9a5b61de20b559752e499df507efa7ea3cea0550ef?s=96&d=mm&r=g","contentUrl":"https:\/\/secure.gravatar.com\/avatar\/f9bc3a12e26b32d818d88f9a5b61de20b559752e499df507efa7ea3cea0550ef?s=96&d=mm&r=g","caption":"Redaccion"},"url":"https:\/\/diariodeloeste.com\/noticias\/author\/redaccion\/"}]}},"_links":{"self":[{"href":"https:\/\/diariodeloeste.com\/noticias\/wp-json\/wp\/v2\/posts\/14988","targetHints":{"allow":["GET"]}}],"collection":[{"href":"https:\/\/diariodeloeste.com\/noticias\/wp-json\/wp\/v2\/posts"}],"about":[{"href":"https:\/\/diariodeloeste.com\/noticias\/wp-json\/wp\/v2\/types\/post"}],"author":[{"embeddable":true,"href":"https:\/\/diariodeloeste.com\/noticias\/wp-json\/wp\/v2\/users\/3"}],"replies":[{"embeddable":true,"href":"https:\/\/diariodeloeste.com\/noticias\/wp-json\/wp\/v2\/comments?post=14988"}],"version-history":[{"count":3,"href":"https:\/\/diariodeloeste.com\/noticias\/wp-json\/wp\/v2\/posts\/14988\/revisions"}],"predecessor-version":[{"id":15029,"href":"https:\/\/diariodeloeste.com\/noticias\/wp-json\/wp\/v2\/posts\/14988\/revisions\/15029"}],"wp:featuredmedia":[{"embeddable":true,"href":"https:\/\/diariodeloeste.com\/noticias\/wp-json\/wp\/v2\/media\/14991"}],"wp:attachment":[{"href":"https:\/\/diariodeloeste.com\/noticias\/wp-json\/wp\/v2\/media?parent=14988"}],"wp:term":[{"taxonomy":"category","embeddable":true,"href":"https:\/\/diariodeloeste.com\/noticias\/wp-json\/wp\/v2\/categories?post=14988"},{"taxonomy":"post_tag","embeddable":true,"href":"https:\/\/diariodeloeste.com\/noticias\/wp-json\/wp\/v2\/tags?post=14988"}],"curies":[{"name":"wp","href":"https:\/\/api.w.org\/{rel}","templated":true}]}}