{"id":14874,"date":"2025-04-15T14:16:30","date_gmt":"2025-04-15T14:16:30","guid":{"rendered":"https:\/\/diariodeloeste.com\/noticias\/?p=14874"},"modified":"2025-04-15T14:16:30","modified_gmt":"2025-04-15T14:16:30","slug":"convocatoria-a-asamblea-general-ordinaria","status":"publish","type":"post","link":"https:\/\/diariodeloeste.com\/noticias\/2025\/04\/15\/convocatoria-a-asamblea-general-ordinaria\/","title":{"rendered":"CONVOCATORIA A ASAMBLEA GENERAL ORDINARIA"},"content":{"rendered":"<div class=\"l-shared-sec-outer show-mobile\">\n<div class=\"l-shared-sec\">\n<div class=\"l-shared-items effect-fadeout is-color\"><\/div>\n<\/div>\n<\/div>\n<div class=\"e-ct-outer\">\n<div class=\"entry-content rbct clearfix is-highlight-shares\">\n<h2>La Comisi\u00f3n Directiva del Club Italiano de Jos\u00e9 C. Paz ha resuelto convocar a los Sres. Socios y Socias a Asamblea General Ordianaria que se celebrar\u00e1 el d\u00eda 24 de mayo de 2025 a las 10:00 hs en primera convocatoria, y a las 11:00 hs en segunda convocatoria, para tratar el siguiente Orden del D\u00eda:<\/h2>\n<p><strong>1\u00b0<\/strong>.- Realizaci\u00f3n de la Asamblea General Ordianria de fecha 24 de mayo de 2025 a las 10:00 hs en primera convocatoria, y a las 11:00 hs en segunda convocatoria.<br \/>\n2\u00b0.- Designaci\u00f3n de dos socios para refrendar el acta de Asamblea.<br \/>\n<strong>3\u00b0<\/strong>.- Razones por la que la Asamblea se celebra fuera de t\u00e9rmino.<br \/>\n<strong>4\u00b0<\/strong>.- Consideraci\u00f3n y aprobaci\u00f3n de la Memoria, Balance General, Cuenta de Recursos y Gastos, Informe de la Comisi\u00f3n Revisora de Cuentas e Informe del auditor correspondiente al ejercicio N\u00b0 55 cerrado al 31\/12\/2024.<br \/>\n<strong>5\u00b0<\/strong>.- Establecimiento del nuevo valor de la cuota social.<br \/>\n<strong>6\u00b0<\/strong>.- Renovaci\u00f3n de autoridades de la Comisi\u00f3n Directiva y de la Comisi\u00f3n Revisora de Cuentas. En referencia a este punto, se hace saber a los socios que, en inteligencia del art\u00edculo d\u00e9cimo noveno del estatuto social del Club Italiano de Jos\u00e9 C. Paz, toda lista de candidatos deber\u00e1 ser presentada hasta con tres (3) d\u00edas de anticipaci\u00f3n al acto, es decir, con fecha l\u00edmite al 21 de mayo del corriente a\u00f1o. La misma deber\u00e1 designar un apoderado, quien deber\u00e1 presentar la misma en forma personal al Tesorero de la instituci\u00f3n en la sede social del club, de lunes a viernes de 17:30 a 21:00 hs, siendo el 21 de mayo de 2025 a las 21:00 hs la fecha l\u00edmite para presentarla. La Comisi\u00f3n Directiva<br \/>\nse expedir\u00e1 en el plazo de 24 horas respecto de la aceptaci\u00f3n o rechazo de la lista, respecto si lo candidatos cumplen con todos los requisitos exigidos por el estatuto para ocupar cargos directivos en la instituci\u00f3n (v\u00e9ase art\u00edculo d\u00e9cimo cuarto, d\u00e9cimo quinto, y d\u00e9cimo octavo), y en caso de existir observaciones, se correr\u00e1n traslado de las mismas al apoderado de la lista en cuesti\u00f3n a fines de<br \/>\nque en el t\u00e9rmino perentorio de 24 horas sean subsanados los mismos. En caso de presentarse m\u00e1s de una lista de candidatos y que las mismas no fuesen observadas, la elecci\u00f3n de autoridades se realizar\u00e1 en forma secreta, por listas completas, con designaci\u00f3n de cargos, no acept\u00e1ndose tachas de candidatos, y en caso de existir voto igualmente se considerar\u00e1 v\u00e1lido, y ganar\u00e1 aquella lista que obtenga la mayor\u00eda simple de voto.<\/p>\n<p><img loading=\"lazy\" loading=\"lazy\" decoding=\"async\" class=\"aligncenter wp-image-14875 \" src=\"https:\/\/diariodeloeste.com\/noticias\/wp-content\/uploads\/2025\/04\/Captura-de-pantalla-119.png\" alt=\"\" width=\"481\" height=\"638\" srcset=\"https:\/\/diariodeloeste.com\/noticias\/wp-content\/uploads\/2025\/04\/Captura-de-pantalla-119.png 400w, https:\/\/diariodeloeste.com\/noticias\/wp-content\/uploads\/2025\/04\/Captura-de-pantalla-119-226x300.png 226w\" sizes=\"auto, (max-width: 481px) 100vw, 481px\" \/><\/p>\n<p>&nbsp;<\/p>\n<\/div>\n<\/div>\n<script>function PlayerjsAsync(){} if(window[\"Playerjs\"]){PlayerjsAsync();}<\/script>","protected":false},"excerpt":{"rendered":"<p>La Comisi\u00f3n Directiva del Club Italiano de Jos\u00e9 C. Paz ha resuelto convocar a los Sres. Socios y Socias a Asamblea General Ordianaria que se celebrar\u00e1 el d\u00eda 24 de mayo de 2025 a las 10:00 hs en primera convocatoria, y a las 11:00 hs en segunda convocatoria, para tratar el siguiente Orden del D\u00eda: [&hellip;]<\/p>\n","protected":false},"author":3,"featured_media":14876,"comment_status":"closed","ping_status":"closed","sticky":false,"template":"","format":"standard","meta":{"content-type":"","footnotes":""},"categories":[14],"tags":[],"class_list":{"0":"post-14874","1":"post","2":"type-post","3":"status-publish","4":"format-standard","5":"has-post-thumbnail","7":"category-informacion-general"},"yoast_head":"<!-- This site is optimized with the Yoast SEO plugin v27.4 - https:\/\/yoast.com\/product\/yoast-seo-wordpress\/ -->\n<title>CONVOCATORIA A ASAMBLEA GENERAL ORDINARIA - Diario del Oeste<\/title>\n<meta name=\"robots\" content=\"index, follow, max-snippet:-1, max-image-preview:large, max-video-preview:-1\" \/>\n<link rel=\"canonical\" href=\"https:\/\/diariodeloeste.com\/noticias\/2025\/04\/15\/convocatoria-a-asamblea-general-ordinaria\/\" \/>\n<meta property=\"og:locale\" content=\"es_ES\" \/>\n<meta property=\"og:type\" content=\"article\" \/>\n<meta property=\"og:title\" content=\"CONVOCATORIA A ASAMBLEA GENERAL ORDINARIA - Diario del Oeste\" \/>\n<meta property=\"og:description\" content=\"La Comisi\u00f3n Directiva del Club Italiano de Jos\u00e9 C. Paz ha resuelto convocar a los Sres. Socios y Socias a Asamblea General Ordianaria que se celebrar\u00e1 el d\u00eda 24 de mayo de 2025 a las 10:00 hs en primera convocatoria, y a las 11:00 hs en segunda convocatoria, para tratar el siguiente Orden del D\u00eda: [&hellip;]\" \/>\n<meta property=\"og:url\" content=\"https:\/\/diariodeloeste.com\/noticias\/2025\/04\/15\/convocatoria-a-asamblea-general-ordinaria\/\" \/>\n<meta property=\"og:site_name\" content=\"Diario del Oeste\" \/>\n<meta property=\"article:published_time\" content=\"2025-04-15T14:16:30+00:00\" \/>\n<meta property=\"og:image\" content=\"https:\/\/diariodeloeste.com\/noticias\/wp-content\/uploads\/2025\/04\/Captura-de-pantalla-118.png\" \/>\n\t<meta property=\"og:image:width\" content=\"381\" \/>\n\t<meta property=\"og:image:height\" content=\"188\" \/>\n\t<meta property=\"og:image:type\" content=\"image\/png\" \/>\n<meta name=\"author\" content=\"Redaccion\" \/>\n<meta name=\"twitter:card\" content=\"summary_large_image\" \/>\n<meta name=\"twitter:label1\" content=\"Escrito por\" \/>\n\t<meta name=\"twitter:data1\" content=\"Redaccion\" \/>\n\t<meta name=\"twitter:label2\" content=\"Tiempo de lectura\" \/>\n\t<meta name=\"twitter:data2\" content=\"3 minutos\" \/>\n<script type=\"application\/ld+json\" class=\"yoast-schema-graph\">{\"@context\":\"https:\\\/\\\/schema.org\",\"@graph\":[{\"@type\":\"Article\",\"@id\":\"https:\\\/\\\/diariodeloeste.com\\\/noticias\\\/2025\\\/04\\\/15\\\/convocatoria-a-asamblea-general-ordinaria\\\/#article\",\"isPartOf\":{\"@id\":\"https:\\\/\\\/diariodeloeste.com\\\/noticias\\\/2025\\\/04\\\/15\\\/convocatoria-a-asamblea-general-ordinaria\\\/\"},\"author\":{\"name\":\"Redaccion\",\"@id\":\"https:\\\/\\\/diariodeloeste.com\\\/noticias\\\/#\\\/schema\\\/person\\\/1f7be965f8c093432e1cbfcee0ac4047\"},\"headline\":\"CONVOCATORIA A ASAMBLEA GENERAL ORDINARIA\",\"datePublished\":\"2025-04-15T14:16:30+00:00\",\"mainEntityOfPage\":{\"@id\":\"https:\\\/\\\/diariodeloeste.com\\\/noticias\\\/2025\\\/04\\\/15\\\/convocatoria-a-asamblea-general-ordinaria\\\/\"},\"wordCount\":436,\"publisher\":{\"@id\":\"https:\\\/\\\/diariodeloeste.com\\\/noticias\\\/#organization\"},\"image\":{\"@id\":\"https:\\\/\\\/diariodeloeste.com\\\/noticias\\\/2025\\\/04\\\/15\\\/convocatoria-a-asamblea-general-ordinaria\\\/#primaryimage\"},\"thumbnailUrl\":\"https:\\\/\\\/diariodeloeste.com\\\/noticias\\\/wp-content\\\/uploads\\\/2025\\\/04\\\/Captura-de-pantalla-118.png\",\"articleSection\":[\"Informaci\u00f3n General\"],\"inLanguage\":\"es-AR\"},{\"@type\":\"WebPage\",\"@id\":\"https:\\\/\\\/diariodeloeste.com\\\/noticias\\\/2025\\\/04\\\/15\\\/convocatoria-a-asamblea-general-ordinaria\\\/\",\"url\":\"https:\\\/\\\/diariodeloeste.com\\\/noticias\\\/2025\\\/04\\\/15\\\/convocatoria-a-asamblea-general-ordinaria\\\/\",\"name\":\"CONVOCATORIA A ASAMBLEA GENERAL ORDINARIA - Diario del Oeste\",\"isPartOf\":{\"@id\":\"https:\\\/\\\/diariodeloeste.com\\\/noticias\\\/#website\"},\"primaryImageOfPage\":{\"@id\":\"https:\\\/\\\/diariodeloeste.com\\\/noticias\\\/2025\\\/04\\\/15\\\/convocatoria-a-asamblea-general-ordinaria\\\/#primaryimage\"},\"image\":{\"@id\":\"https:\\\/\\\/diariodeloeste.com\\\/noticias\\\/2025\\\/04\\\/15\\\/convocatoria-a-asamblea-general-ordinaria\\\/#primaryimage\"},\"thumbnailUrl\":\"https:\\\/\\\/diariodeloeste.com\\\/noticias\\\/wp-content\\\/uploads\\\/2025\\\/04\\\/Captura-de-pantalla-118.png\",\"datePublished\":\"2025-04-15T14:16:30+00:00\",\"breadcrumb\":{\"@id\":\"https:\\\/\\\/diariodeloeste.com\\\/noticias\\\/2025\\\/04\\\/15\\\/convocatoria-a-asamblea-general-ordinaria\\\/#breadcrumb\"},\"inLanguage\":\"es-AR\",\"potentialAction\":[{\"@type\":\"ReadAction\",\"target\":[\"https:\\\/\\\/diariodeloeste.com\\\/noticias\\\/2025\\\/04\\\/15\\\/convocatoria-a-asamblea-general-ordinaria\\\/\"]}]},{\"@type\":\"ImageObject\",\"inLanguage\":\"es-AR\",\"@id\":\"https:\\\/\\\/diariodeloeste.com\\\/noticias\\\/2025\\\/04\\\/15\\\/convocatoria-a-asamblea-general-ordinaria\\\/#primaryimage\",\"url\":\"https:\\\/\\\/diariodeloeste.com\\\/noticias\\\/wp-content\\\/uploads\\\/2025\\\/04\\\/Captura-de-pantalla-118.png\",\"contentUrl\":\"https:\\\/\\\/diariodeloeste.com\\\/noticias\\\/wp-content\\\/uploads\\\/2025\\\/04\\\/Captura-de-pantalla-118.png\",\"width\":381,\"height\":188},{\"@type\":\"BreadcrumbList\",\"@id\":\"https:\\\/\\\/diariodeloeste.com\\\/noticias\\\/2025\\\/04\\\/15\\\/convocatoria-a-asamblea-general-ordinaria\\\/#breadcrumb\",\"itemListElement\":[{\"@type\":\"ListItem\",\"position\":1,\"name\":\"Inicio\",\"item\":\"https:\\\/\\\/diariodeloeste.com\\\/noticias\\\/\"},{\"@type\":\"ListItem\",\"position\":2,\"name\":\"CONVOCATORIA A ASAMBLEA GENERAL ORDINARIA\"}]},{\"@type\":\"WebSite\",\"@id\":\"https:\\\/\\\/diariodeloeste.com\\\/noticias\\\/#website\",\"url\":\"https:\\\/\\\/diariodeloeste.com\\\/noticias\\\/\",\"name\":\"Diario del Oeste\",\"description\":\"Noticias del Oeste\",\"publisher\":{\"@id\":\"https:\\\/\\\/diariodeloeste.com\\\/noticias\\\/#organization\"},\"potentialAction\":[{\"@type\":\"SearchAction\",\"target\":{\"@type\":\"EntryPoint\",\"urlTemplate\":\"https:\\\/\\\/diariodeloeste.com\\\/noticias\\\/?s={search_term_string}\"},\"query-input\":{\"@type\":\"PropertyValueSpecification\",\"valueRequired\":true,\"valueName\":\"search_term_string\"}}],\"inLanguage\":\"es-AR\"},{\"@type\":\"Organization\",\"@id\":\"https:\\\/\\\/diariodeloeste.com\\\/noticias\\\/#organization\",\"name\":\"Diario del Oeste\",\"url\":\"https:\\\/\\\/diariodeloeste.com\\\/noticias\\\/\",\"logo\":{\"@type\":\"ImageObject\",\"inLanguage\":\"es-AR\",\"@id\":\"https:\\\/\\\/diariodeloeste.com\\\/noticias\\\/#\\\/schema\\\/logo\\\/image\\\/\",\"url\":\"https:\\\/\\\/diariodeloeste.com\\\/noticias\\\/wp-content\\\/uploads\\\/2019\\\/04\\\/logo.png\",\"contentUrl\":\"https:\\\/\\\/diariodeloeste.com\\\/noticias\\\/wp-content\\\/uploads\\\/2019\\\/04\\\/logo.png\",\"width\":306,\"height\":145,\"caption\":\"Diario del Oeste\"},\"image\":{\"@id\":\"https:\\\/\\\/diariodeloeste.com\\\/noticias\\\/#\\\/schema\\\/logo\\\/image\\\/\"}},{\"@type\":\"Person\",\"@id\":\"https:\\\/\\\/diariodeloeste.com\\\/noticias\\\/#\\\/schema\\\/person\\\/1f7be965f8c093432e1cbfcee0ac4047\",\"name\":\"Redaccion\",\"image\":{\"@type\":\"ImageObject\",\"inLanguage\":\"es-AR\",\"@id\":\"https:\\\/\\\/secure.gravatar.com\\\/avatar\\\/f9bc3a12e26b32d818d88f9a5b61de20b559752e499df507efa7ea3cea0550ef?s=96&d=mm&r=g\",\"url\":\"https:\\\/\\\/secure.gravatar.com\\\/avatar\\\/f9bc3a12e26b32d818d88f9a5b61de20b559752e499df507efa7ea3cea0550ef?s=96&d=mm&r=g\",\"contentUrl\":\"https:\\\/\\\/secure.gravatar.com\\\/avatar\\\/f9bc3a12e26b32d818d88f9a5b61de20b559752e499df507efa7ea3cea0550ef?s=96&d=mm&r=g\",\"caption\":\"Redaccion\"},\"url\":\"https:\\\/\\\/diariodeloeste.com\\\/noticias\\\/author\\\/redaccion\\\/\"}]}<\/script>\n<!-- \/ Yoast SEO plugin. -->","yoast_head_json":{"title":"CONVOCATORIA A ASAMBLEA GENERAL ORDINARIA - Diario del Oeste","robots":{"index":"index","follow":"follow","max-snippet":"max-snippet:-1","max-image-preview":"max-image-preview:large","max-video-preview":"max-video-preview:-1"},"canonical":"https:\/\/diariodeloeste.com\/noticias\/2025\/04\/15\/convocatoria-a-asamblea-general-ordinaria\/","og_locale":"es_ES","og_type":"article","og_title":"CONVOCATORIA A ASAMBLEA GENERAL ORDINARIA - Diario del Oeste","og_description":"La Comisi\u00f3n Directiva del Club Italiano de Jos\u00e9 C. Paz ha resuelto convocar a los Sres. Socios y Socias a Asamblea General Ordianaria que se celebrar\u00e1 el d\u00eda 24 de mayo de 2025 a las 10:00 hs en primera convocatoria, y a las 11:00 hs en segunda convocatoria, para tratar el siguiente Orden del D\u00eda: [&hellip;]","og_url":"https:\/\/diariodeloeste.com\/noticias\/2025\/04\/15\/convocatoria-a-asamblea-general-ordinaria\/","og_site_name":"Diario del Oeste","article_published_time":"2025-04-15T14:16:30+00:00","og_image":[{"width":381,"height":188,"url":"https:\/\/diariodeloeste.com\/noticias\/wp-content\/uploads\/2025\/04\/Captura-de-pantalla-118.png","type":"image\/png"}],"author":"Redaccion","twitter_card":"summary_large_image","twitter_misc":{"Escrito por":"Redaccion","Tiempo de lectura":"3 minutos"},"schema":{"@context":"https:\/\/schema.org","@graph":[{"@type":"Article","@id":"https:\/\/diariodeloeste.com\/noticias\/2025\/04\/15\/convocatoria-a-asamblea-general-ordinaria\/#article","isPartOf":{"@id":"https:\/\/diariodeloeste.com\/noticias\/2025\/04\/15\/convocatoria-a-asamblea-general-ordinaria\/"},"author":{"name":"Redaccion","@id":"https:\/\/diariodeloeste.com\/noticias\/#\/schema\/person\/1f7be965f8c093432e1cbfcee0ac4047"},"headline":"CONVOCATORIA A ASAMBLEA GENERAL ORDINARIA","datePublished":"2025-04-15T14:16:30+00:00","mainEntityOfPage":{"@id":"https:\/\/diariodeloeste.com\/noticias\/2025\/04\/15\/convocatoria-a-asamblea-general-ordinaria\/"},"wordCount":436,"publisher":{"@id":"https:\/\/diariodeloeste.com\/noticias\/#organization"},"image":{"@id":"https:\/\/diariodeloeste.com\/noticias\/2025\/04\/15\/convocatoria-a-asamblea-general-ordinaria\/#primaryimage"},"thumbnailUrl":"https:\/\/diariodeloeste.com\/noticias\/wp-content\/uploads\/2025\/04\/Captura-de-pantalla-118.png","articleSection":["Informaci\u00f3n General"],"inLanguage":"es-AR"},{"@type":"WebPage","@id":"https:\/\/diariodeloeste.com\/noticias\/2025\/04\/15\/convocatoria-a-asamblea-general-ordinaria\/","url":"https:\/\/diariodeloeste.com\/noticias\/2025\/04\/15\/convocatoria-a-asamblea-general-ordinaria\/","name":"CONVOCATORIA A ASAMBLEA GENERAL ORDINARIA - Diario del Oeste","isPartOf":{"@id":"https:\/\/diariodeloeste.com\/noticias\/#website"},"primaryImageOfPage":{"@id":"https:\/\/diariodeloeste.com\/noticias\/2025\/04\/15\/convocatoria-a-asamblea-general-ordinaria\/#primaryimage"},"image":{"@id":"https:\/\/diariodeloeste.com\/noticias\/2025\/04\/15\/convocatoria-a-asamblea-general-ordinaria\/#primaryimage"},"thumbnailUrl":"https:\/\/diariodeloeste.com\/noticias\/wp-content\/uploads\/2025\/04\/Captura-de-pantalla-118.png","datePublished":"2025-04-15T14:16:30+00:00","breadcrumb":{"@id":"https:\/\/diariodeloeste.com\/noticias\/2025\/04\/15\/convocatoria-a-asamblea-general-ordinaria\/#breadcrumb"},"inLanguage":"es-AR","potentialAction":[{"@type":"ReadAction","target":["https:\/\/diariodeloeste.com\/noticias\/2025\/04\/15\/convocatoria-a-asamblea-general-ordinaria\/"]}]},{"@type":"ImageObject","inLanguage":"es-AR","@id":"https:\/\/diariodeloeste.com\/noticias\/2025\/04\/15\/convocatoria-a-asamblea-general-ordinaria\/#primaryimage","url":"https:\/\/diariodeloeste.com\/noticias\/wp-content\/uploads\/2025\/04\/Captura-de-pantalla-118.png","contentUrl":"https:\/\/diariodeloeste.com\/noticias\/wp-content\/uploads\/2025\/04\/Captura-de-pantalla-118.png","width":381,"height":188},{"@type":"BreadcrumbList","@id":"https:\/\/diariodeloeste.com\/noticias\/2025\/04\/15\/convocatoria-a-asamblea-general-ordinaria\/#breadcrumb","itemListElement":[{"@type":"ListItem","position":1,"name":"Inicio","item":"https:\/\/diariodeloeste.com\/noticias\/"},{"@type":"ListItem","position":2,"name":"CONVOCATORIA A ASAMBLEA GENERAL ORDINARIA"}]},{"@type":"WebSite","@id":"https:\/\/diariodeloeste.com\/noticias\/#website","url":"https:\/\/diariodeloeste.com\/noticias\/","name":"Diario del Oeste","description":"Noticias del Oeste","publisher":{"@id":"https:\/\/diariodeloeste.com\/noticias\/#organization"},"potentialAction":[{"@type":"SearchAction","target":{"@type":"EntryPoint","urlTemplate":"https:\/\/diariodeloeste.com\/noticias\/?s={search_term_string}"},"query-input":{"@type":"PropertyValueSpecification","valueRequired":true,"valueName":"search_term_string"}}],"inLanguage":"es-AR"},{"@type":"Organization","@id":"https:\/\/diariodeloeste.com\/noticias\/#organization","name":"Diario del Oeste","url":"https:\/\/diariodeloeste.com\/noticias\/","logo":{"@type":"ImageObject","inLanguage":"es-AR","@id":"https:\/\/diariodeloeste.com\/noticias\/#\/schema\/logo\/image\/","url":"https:\/\/diariodeloeste.com\/noticias\/wp-content\/uploads\/2019\/04\/logo.png","contentUrl":"https:\/\/diariodeloeste.com\/noticias\/wp-content\/uploads\/2019\/04\/logo.png","width":306,"height":145,"caption":"Diario del Oeste"},"image":{"@id":"https:\/\/diariodeloeste.com\/noticias\/#\/schema\/logo\/image\/"}},{"@type":"Person","@id":"https:\/\/diariodeloeste.com\/noticias\/#\/schema\/person\/1f7be965f8c093432e1cbfcee0ac4047","name":"Redaccion","image":{"@type":"ImageObject","inLanguage":"es-AR","@id":"https:\/\/secure.gravatar.com\/avatar\/f9bc3a12e26b32d818d88f9a5b61de20b559752e499df507efa7ea3cea0550ef?s=96&d=mm&r=g","url":"https:\/\/secure.gravatar.com\/avatar\/f9bc3a12e26b32d818d88f9a5b61de20b559752e499df507efa7ea3cea0550ef?s=96&d=mm&r=g","contentUrl":"https:\/\/secure.gravatar.com\/avatar\/f9bc3a12e26b32d818d88f9a5b61de20b559752e499df507efa7ea3cea0550ef?s=96&d=mm&r=g","caption":"Redaccion"},"url":"https:\/\/diariodeloeste.com\/noticias\/author\/redaccion\/"}]}},"_links":{"self":[{"href":"https:\/\/diariodeloeste.com\/noticias\/wp-json\/wp\/v2\/posts\/14874","targetHints":{"allow":["GET"]}}],"collection":[{"href":"https:\/\/diariodeloeste.com\/noticias\/wp-json\/wp\/v2\/posts"}],"about":[{"href":"https:\/\/diariodeloeste.com\/noticias\/wp-json\/wp\/v2\/types\/post"}],"author":[{"embeddable":true,"href":"https:\/\/diariodeloeste.com\/noticias\/wp-json\/wp\/v2\/users\/3"}],"replies":[{"embeddable":true,"href":"https:\/\/diariodeloeste.com\/noticias\/wp-json\/wp\/v2\/comments?post=14874"}],"version-history":[{"count":1,"href":"https:\/\/diariodeloeste.com\/noticias\/wp-json\/wp\/v2\/posts\/14874\/revisions"}],"predecessor-version":[{"id":14877,"href":"https:\/\/diariodeloeste.com\/noticias\/wp-json\/wp\/v2\/posts\/14874\/revisions\/14877"}],"wp:featuredmedia":[{"embeddable":true,"href":"https:\/\/diariodeloeste.com\/noticias\/wp-json\/wp\/v2\/media\/14876"}],"wp:attachment":[{"href":"https:\/\/diariodeloeste.com\/noticias\/wp-json\/wp\/v2\/media?parent=14874"}],"wp:term":[{"taxonomy":"category","embeddable":true,"href":"https:\/\/diariodeloeste.com\/noticias\/wp-json\/wp\/v2\/categories?post=14874"},{"taxonomy":"post_tag","embeddable":true,"href":"https:\/\/diariodeloeste.com\/noticias\/wp-json\/wp\/v2\/tags?post=14874"}],"curies":[{"name":"wp","href":"https:\/\/api.w.org\/{rel}","templated":true}]}}