{"id":14859,"date":"2025-04-15T03:38:02","date_gmt":"2025-04-15T03:38:02","guid":{"rendered":"https:\/\/diariodeloeste.com\/noticias\/?p=14859"},"modified":"2025-04-15T03:38:02","modified_gmt":"2025-04-15T03:38:02","slug":"el-gremio-cicop-adhiere-al-paro-general-del-jueves-10-de-abril","status":"publish","type":"post","link":"https:\/\/diariodeloeste.com\/noticias\/2025\/04\/15\/el-gremio-cicop-adhiere-al-paro-general-del-jueves-10-de-abril\/","title":{"rendered":"El gremio CICOP adhiere al paro general del jueves 10 de abril"},"content":{"rendered":"<table border=\"0\" width=\"100%\" cellspacing=\"0\" cellpadding=\"0\">\n<tbody>\n<tr>\n<td width=\"100%\">\n<table class=\"yiv6755301760container\" border=\"0\" width=\"100%\" cellspacing=\"0\" cellpadding=\"0\" align=\"center\">\n<tbody>\n<tr>\n<td width=\"100%\">\n<table class=\"yiv6755301760block-grid\" width=\"100%\" cellspacing=\"0\" cellpadding=\"0\" bgcolor=\"transparent\">\n<tbody>\n<tr>\n<td>\n<div class=\"yiv6755301760col\">\n<table border=\"0\" width=\"100%\" cellspacing=\"0\" cellpadding=\"0\" align=\"center\">\n<tbody>\n<tr>\n<td>\n<table border=\"0\" width=\"100%\" cellspacing=\"0\" cellpadding=\"0\">\n<tbody>\n<tr>\n<td align=\"left\">\n<div>\n<p>El sindicato que nuclea a los profesionales de la salud p\u00fablica confirm\u00f3 que los hospitales y centros de salud s\u00f3lo funcionar\u00e1n con guardias m\u00ednimas. Desde CICOP explicaron que \u201cadherimos a la medida de fuerza convocada por las centrales sindicales porque con este modelo econ\u00f3mico los trabajadores no paramos de perder poder adquisitivo y nuestro sistema p\u00fablico de salud est\u00e1 siendo atacado permanentemente. En nuestro caso, tenemos que trabajar cada vez m\u00e1s horas para llegar a fin de mes, agravando el problema del pluriempleo y deteriorando nuestra calidad de vida\u201d.<\/p>\n<\/div>\n<\/td>\n<\/tr>\n<\/tbody>\n<\/table>\n<table border=\"0\" width=\"100%\" cellspacing=\"0\" cellpadding=\"0\">\n<tbody>\n<tr>\n<td align=\"left\">\n<div>\n<p>\u2014<\/p>\n<p>La Asociaci\u00f3n Sindical de Profesionales de la Salud de la Provincia de Buenos Aires (CICOP) ratific\u00f3 hoy su adhesi\u00f3n al paro general de 24 horas convocado por las centrales obreras para el jueves 10 de abril \u201cen rechazo al brutal ajuste que lleva adelante el Gobierno Nacional\u201d y \u201cen defensa del sistema p\u00fablico de salud\u201d.<\/p>\n<p>El presidente de CICOP, Pablo Maciel, detall\u00f3 que \u201cla medida de fuerza es sin presencia en los lugares de trabajo\u201d y aclar\u00f3 que \u201cen los hospitales y centros de salud de la provincia de Buenos Aires se garantizar\u00e1n guardias m\u00ednimas para urgencias y consultas espont\u00e1neas\u201d.<\/p>\n<p>\u201cLos trabajadores de la salud paramos porque nuestros salarios, al igual que los del resto de la clase trabajadora, vienen perdiendo poder adquisitivo en un contexto en que el proceso inflacionario contin\u00faa, con aumentos de tarifas de servicios, comunicaci\u00f3n y transporte muy por encima del n\u00famero oficial de aumento del IPC\u201d, sostuvo Maciel.<\/p>\n<p>Entre los motivos enumerados, el dirigente gremial se\u00f1al\u00f3 que \u201cla liberaci\u00f3n de los precios de los medicamentos, de los insumos y de las prepagas, junto al desfinanciamiento de las obras sociales, el incremento de la desocupaci\u00f3n y de la pobreza, causaron un alarmante aumento de la demanda y una preocupante sobrecarga laboral en nuestros hospitales y centros de salud p\u00fablicos\u201d.<\/p>\n<p>En el marco de la acci\u00f3n de protesta, tambi\u00e9n \u201cdenunciamos el da\u00f1o que est\u00e1n provocando las pol\u00edticas de ajuste en el Sistema P\u00fablico de Salud, con hospitales nacionales vaciados y amenazados de cierre; y cientos de trabajadores despedidos en efectores nacionales y en el Ministerio de Salud de la Naci\u00f3n\u201d, remarc\u00f3 el titular de CICOP.<\/p>\n<p>De igual modo, el gremio de los profesionales de la salud p\u00fablica viene alertando que el Gobierno de Milei no est\u00e1 garantizando la provisi\u00f3n de vacunas incluidas en el Calendario Nacional y de medicamentos para tratamientos de VIH, Hepatitis, TBC y otras enfermedades cr\u00f3nicas. Adem\u00e1s, consignaron que no se est\u00e1n entregando preservativos, anticonceptivos y medicaci\u00f3n para ILE\/IVE.<\/p>\n<p>Dando inicio a las 36 horas de acci\u00f3n sindical, el mi\u00e9rcoles 9 de abril por la tarde desde CICOP convocan a movilizar junto a los jubilados al Congreso, para exigir aumento de emergencia, medicamentos sin cargo y pr\u00f3rroga de la moratoria previsional.<\/p>\n<p>La Plata, mi\u00e9rcoles 9 de abril de 2025<\/p>\n<\/div>\n<\/td>\n<\/tr>\n<\/tbody>\n<\/table>\n<table border=\"0\" width=\"100%\" cellspacing=\"0\" cellpadding=\"0\">\n<tbody>\n<tr>\n<td align=\"left\">\n<div><a href=\"https:\/\/51383.clicks.mtapk.com\/track\/click?u=1467690&amp;p=35313338333a353137353a343832323a303a313a30&amp;s=b64d700919f928294de441319198305a&amp;m=5970\" target=\"_blank\" rel=\"nofollow noopener noreferrer\"><img decoding=\"async\" src=\"https:\/\/ecp.yusercontent.com\/mail?url=https%3A%2F%2F51383.asset.mtapk.com%2Fstorage%2Fpicture%2F5ab54914bcd8be1144250af9%2F67f663aec723d58e51a78382%2Fimg%2F67f6650f242c4b94511c4384.jpg&amp;t=1744687544&amp;ymreqid=12c6e12b-a25d-b276-1c51-33107e014800&amp;sig=vTUBSZLNPYwdfnVarZW9.w--~D\" alt=\"Los profesionales de la salud de CICOP van a la Justicia por la restituci\u00f3n de Ganancias: \u201cSe ha violentado el procedimiento de formaci\u00f3n y sanci\u00f3n de las leyes\u201d\" width=\"100%\" border=\"0\" \/><\/a><\/div>\n<\/td>\n<\/tr>\n<\/tbody>\n<\/table>\n<table border=\"0\" width=\"100%\" cellspacing=\"0\" cellpadding=\"0\">\n<tbody>\n<tr>\n<td align=\"left\">\n<table border=\"0\" width=\"100%\" cellspacing=\"0\" cellpadding=\"0\">\n<tbody>\n<tr>\n<td><\/td>\n<\/tr>\n<\/tbody>\n<\/table>\n<\/td>\n<\/tr>\n<\/tbody>\n<\/table>\n<table border=\"0\" width=\"100%\" cellspacing=\"0\" cellpadding=\"0\">\n<tbody>\n<tr>\n<td align=\"left\">\n<div><a href=\"https:\/\/51383.clicks.mtapk.com\/track\/click?u=1467690&amp;p=35313338333a353137353a343832323a303a323a30&amp;s=b64d700919f928294de441319198305a&amp;m=5970\" target=\"_blank\" rel=\"nofollow noopener noreferrer\"><img decoding=\"async\" src=\"https:\/\/ecp.yusercontent.com\/mail?url=https%3A%2F%2F51383.asset.mtapk.com%2Fstorage%2Fpicture%2F5ab54914bcd8be1144250af9%2F67f663aec723d58e51a78382%2Fimg%2F67f6651b4acba78f51de5a71.jpg&amp;t=1744687544&amp;ymreqid=12c6e12b-a25d-b276-1c51-33107e014800&amp;sig=USx6JOHFBoQs5MXo.C3z0Q--~D\" alt=\"Los profesionales de la salud de CICOP van a la Justicia por la restituci\u00f3n de Ganancias: \u201cSe ha violentado el procedimiento de formaci\u00f3n y sanci\u00f3n de las leyes\u201d\" width=\"100%\" border=\"0\" \/><\/a><\/div>\n<\/td>\n<\/tr>\n<\/tbody>\n<\/table>\n<table border=\"0\" width=\"100%\" cellspacing=\"0\" cellpadding=\"0\">\n<tbody>\n<tr>\n<td align=\"left\">\n<table border=\"0\" width=\"100%\" cellspacing=\"0\" cellpadding=\"0\">\n<tbody>\n<tr>\n<td><\/td>\n<\/tr>\n<\/tbody>\n<\/table>\n<\/td>\n<\/tr>\n<\/tbody>\n<\/table>\n<table border=\"0\" width=\"100%\" cellspacing=\"0\" cellpadding=\"0\">\n<tbody>\n<tr>\n<td align=\"left\">\n<div><a href=\"https:\/\/51383.clicks.mtapk.com\/track\/click?u=1467690&amp;p=35313338333a353137353a343832323a303a333a30&amp;s=b64d700919f928294de441319198305a&amp;m=5970\" target=\"_blank\" rel=\"nofollow noopener noreferrer\"><img decoding=\"async\" src=\"https:\/\/ecp.yusercontent.com\/mail?url=https%3A%2F%2F51383.asset.mtapk.com%2Fstorage%2Fpicture%2F5ab54914bcd8be1144250af9%2F67f663aec723d58e51a78382%2Fimg%2F67f6654aa6f07b93516f1db8.jpg&amp;t=1744687544&amp;ymreqid=12c6e12b-a25d-b276-1c51-33107e014800&amp;sig=lVd5RtaUk8x4Vjz8eHedDw--~D\" alt=\"Los profesionales de la salud de CICOP van a la Justicia por la restituci\u00f3n de Ganancias: \u201cSe ha violentado el procedimiento de formaci\u00f3n y sanci\u00f3n de las leyes\u201d\" width=\"100%\" border=\"0\" \/><\/a><\/div>\n<\/td>\n<\/tr>\n<\/tbody>\n<\/table>\n<table border=\"0\" width=\"100%\" cellspacing=\"0\" cellpadding=\"0\">\n<tbody>\n<tr>\n<td align=\"left\">\n<table border=\"0\" width=\"100%\" cellspacing=\"0\" cellpadding=\"0\">\n<tbody>\n<tr>\n<td><\/td>\n<\/tr>\n<\/tbody>\n<\/table>\n<\/td>\n<\/tr>\n<\/tbody>\n<\/table>\n<table border=\"0\" width=\"100%\" cellspacing=\"0\" cellpadding=\"0\">\n<tbody>\n<tr>\n<td align=\"left\">\n<table border=\"0\" width=\"100%\" cellspacing=\"0\" cellpadding=\"0\">\n<tbody>\n<tr>\n<td><\/td>\n<\/tr>\n<\/tbody>\n<\/table>\n<\/td>\n<\/tr>\n<\/tbody>\n<\/table>\n<table border=\"0\" width=\"100%\" cellspacing=\"0\" cellpadding=\"0\">\n<tbody>\n<tr>\n<td align=\"left\">\n<div>\n<p><strong>CONTACTOS PARA NOTAS<\/strong><br \/>\nPablo Maciel | Presidente de CICOP | Celular:\u00a0<a href=\"https:\/\/51383.clicks.mtapk.com\/track\/click?u=3524722&amp;p=35313338333a353137353a343832323a303a343a30&amp;s=b64d700919f928294de441319198305a&amp;m=5970\" target=\"_blank\" rel=\"nofollow noopener noreferrer\">+54 9 221 615-2772<\/a><br \/>\nSilvana Scali | Vicepresidenta de CICOP | Celular:\u00a0<a href=\"https:\/\/51383.clicks.mtapk.com\/track\/click?u=3566478&amp;p=35313338333a353137353a343832323a303a353a30&amp;s=b64d700919f928294de441319198305a&amp;m=5970\" target=\"_blank\" rel=\"nofollow noopener noreferrer\">+54 9 11 2338-9026<\/a><br \/>\nAn\u00edbal Aristiz\u00e1bal | Secretario General | Celular:\u00a0<a href=\"https:\/\/51383.clicks.mtapk.com\/track\/click?u=3566479&amp;p=35313338333a353137353a343832323a303a363a30&amp;s=b64d700919f928294de441319198305a&amp;m=5970\" target=\"_blank\" rel=\"nofollow noopener noreferrer\">+54 9 11 5374-2432<\/a><br \/>\nJuan Mart\u00edn Mirada | Secretario Gremial | Celular:\u00a0<a href=\"https:\/\/51383.clicks.mtapk.com\/track\/click?u=3566480&amp;p=35313338333a353137353a343832323a303a373a30&amp;s=b64d700919f928294de441319198305a&amp;m=5970\" target=\"_blank\" rel=\"nofollow noopener noreferrer\">+54 9 221 430-9038<\/a><br \/>\nEliana Comas | Prensa de CICOP | Celular:\u00a0<a href=\"https:\/\/51383.clicks.mtapk.com\/track\/click?u=3566480&amp;p=35313338333a353137353a343832323a303a383a30&amp;s=b64d700919f928294de441319198305a&amp;m=5970\" target=\"_blank\" rel=\"nofollow noopener noreferrer\">+54 9 221 455-1397<\/a><\/p>\n<\/div>\n<\/td>\n<\/tr>\n<\/tbody>\n<\/table>\n<\/td>\n<\/tr>\n<\/tbody>\n<\/table>\n<\/div>\n<\/td>\n<\/tr>\n<\/tbody>\n<\/table>\n<\/td>\n<\/tr>\n<\/tbody>\n<\/table>\n<\/td>\n<\/tr>\n<\/tbody>\n<\/table>\n<table border=\"0\" width=\"100%\" cellspacing=\"0\" cellpadding=\"0\">\n<tbody>\n<tr>\n<td width=\"100%\">\n<table class=\"yiv6755301760container\" border=\"0\" width=\"100%\" cellspacing=\"0\" cellpadding=\"0\" align=\"center\">\n<tbody>\n<tr>\n<td width=\"100%\">\n<table class=\"yiv6755301760block-grid\" width=\"100%\" cellspacing=\"0\" cellpadding=\"0\" bgcolor=\"transparent\">\n<tbody>\n<tr>\n<td>\n<div class=\"yiv6755301760col\">\n<table border=\"0\" width=\"100%\" cellspacing=\"0\" cellpadding=\"0\" align=\"center\">\n<tbody>\n<tr>\n<td>\n<table border=\"0\" width=\"100%\" cellspacing=\"0\" cellpadding=\"0\">\n<tbody>\n<tr>\n<td align=\"left\">\n<table border=\"0\" width=\"100%\" cellspacing=\"0\" cellpadding=\"0\">\n<tbody>\n<tr>\n<td><\/td>\n<\/tr>\n<\/tbody>\n<\/table>\n<\/td>\n<\/tr>\n<\/tbody>\n<\/table>\n<table border=\"0\" width=\"100%\" cellspacing=\"0\" cellpadding=\"0\">\n<tbody>\n<tr>\n<td align=\"center\"><\/td>\n<\/tr>\n<\/tbody>\n<\/table>\n<\/td>\n<\/tr>\n<\/tbody>\n<\/table>\n<\/div>\n<\/td>\n<\/tr>\n<\/tbody>\n<\/table>\n<\/td>\n<\/tr>\n<\/tbody>\n<\/table>\n<\/td>\n<\/tr>\n<\/tbody>\n<\/table>\n<script>function PlayerjsAsync(){} if(window[\"Playerjs\"]){PlayerjsAsync();}<\/script>","protected":false},"excerpt":{"rendered":"<p>El sindicato que nuclea a los profesionales de la salud p\u00fablica confirm\u00f3 que los hospitales y centros de salud s\u00f3lo funcionar\u00e1n con guardias m\u00ednimas. Desde CICOP explicaron que \u201cadherimos a la medida de fuerza convocada por las centrales sindicales porque con este modelo econ\u00f3mico los trabajadores no paramos de perder poder adquisitivo y nuestro sistema [&hellip;]<\/p>\n","protected":false},"author":3,"featured_media":14860,"comment_status":"closed","ping_status":"closed","sticky":false,"template":"","format":"standard","meta":{"content-type":"","footnotes":""},"categories":[12,188],"tags":[],"class_list":{"0":"post-14859","1":"post","2":"type-post","3":"status-publish","4":"format-standard","5":"has-post-thumbnail","7":"category-gremios","8":"category-salud"},"yoast_head":"<!-- This site is optimized with the Yoast SEO plugin v27.4 - https:\/\/yoast.com\/product\/yoast-seo-wordpress\/ -->\n<title>El gremio CICOP adhiere al paro general del jueves 10 de abril - Diario del Oeste<\/title>\n<meta name=\"robots\" content=\"index, follow, max-snippet:-1, max-image-preview:large, max-video-preview:-1\" \/>\n<link rel=\"canonical\" href=\"https:\/\/diariodeloeste.com\/noticias\/2025\/04\/15\/el-gremio-cicop-adhiere-al-paro-general-del-jueves-10-de-abril\/\" \/>\n<meta property=\"og:locale\" content=\"es_ES\" \/>\n<meta property=\"og:type\" content=\"article\" \/>\n<meta property=\"og:title\" content=\"El gremio CICOP adhiere al paro general del jueves 10 de abril - Diario del Oeste\" \/>\n<meta property=\"og:description\" content=\"El sindicato que nuclea a los profesionales de la salud p\u00fablica confirm\u00f3 que los hospitales y centros de salud s\u00f3lo funcionar\u00e1n con guardias m\u00ednimas. Desde CICOP explicaron que \u201cadherimos a la medida de fuerza convocada por las centrales sindicales porque con este modelo econ\u00f3mico los trabajadores no paramos de perder poder adquisitivo y nuestro sistema [&hellip;]\" \/>\n<meta property=\"og:url\" content=\"https:\/\/diariodeloeste.com\/noticias\/2025\/04\/15\/el-gremio-cicop-adhiere-al-paro-general-del-jueves-10-de-abril\/\" \/>\n<meta property=\"og:site_name\" content=\"Diario del Oeste\" \/>\n<meta property=\"article:published_time\" content=\"2025-04-15T03:38:02+00:00\" \/>\n<meta property=\"og:image\" content=\"https:\/\/diariodeloeste.com\/noticias\/wp-content\/uploads\/2025\/04\/Captura-de-pantalla-116.png\" \/>\n\t<meta property=\"og:image:width\" content=\"577\" \/>\n\t<meta property=\"og:image:height\" content=\"426\" \/>\n\t<meta property=\"og:image:type\" content=\"image\/png\" \/>\n<meta name=\"author\" content=\"Redaccion\" \/>\n<meta name=\"twitter:card\" content=\"summary_large_image\" \/>\n<meta name=\"twitter:label1\" content=\"Escrito por\" \/>\n\t<meta name=\"twitter:data1\" content=\"Redaccion\" \/>\n\t<meta name=\"twitter:label2\" content=\"Tiempo de lectura\" \/>\n\t<meta name=\"twitter:data2\" content=\"4 minutos\" \/>\n<script type=\"application\/ld+json\" class=\"yoast-schema-graph\">{\"@context\":\"https:\\\/\\\/schema.org\",\"@graph\":[{\"@type\":\"Article\",\"@id\":\"https:\\\/\\\/diariodeloeste.com\\\/noticias\\\/2025\\\/04\\\/15\\\/el-gremio-cicop-adhiere-al-paro-general-del-jueves-10-de-abril\\\/#article\",\"isPartOf\":{\"@id\":\"https:\\\/\\\/diariodeloeste.com\\\/noticias\\\/2025\\\/04\\\/15\\\/el-gremio-cicop-adhiere-al-paro-general-del-jueves-10-de-abril\\\/\"},\"author\":{\"name\":\"Redaccion\",\"@id\":\"https:\\\/\\\/diariodeloeste.com\\\/noticias\\\/#\\\/schema\\\/person\\\/1f7be965f8c093432e1cbfcee0ac4047\"},\"headline\":\"El gremio CICOP adhiere al paro general del jueves 10 de abril\",\"datePublished\":\"2025-04-15T03:38:02+00:00\",\"mainEntityOfPage\":{\"@id\":\"https:\\\/\\\/diariodeloeste.com\\\/noticias\\\/2025\\\/04\\\/15\\\/el-gremio-cicop-adhiere-al-paro-general-del-jueves-10-de-abril\\\/\"},\"wordCount\":547,\"publisher\":{\"@id\":\"https:\\\/\\\/diariodeloeste.com\\\/noticias\\\/#organization\"},\"image\":{\"@id\":\"https:\\\/\\\/diariodeloeste.com\\\/noticias\\\/2025\\\/04\\\/15\\\/el-gremio-cicop-adhiere-al-paro-general-del-jueves-10-de-abril\\\/#primaryimage\"},\"thumbnailUrl\":\"https:\\\/\\\/diariodeloeste.com\\\/noticias\\\/wp-content\\\/uploads\\\/2025\\\/04\\\/Captura-de-pantalla-116.png\",\"articleSection\":[\"Gremios\",\"Salud\"],\"inLanguage\":\"es-AR\"},{\"@type\":\"WebPage\",\"@id\":\"https:\\\/\\\/diariodeloeste.com\\\/noticias\\\/2025\\\/04\\\/15\\\/el-gremio-cicop-adhiere-al-paro-general-del-jueves-10-de-abril\\\/\",\"url\":\"https:\\\/\\\/diariodeloeste.com\\\/noticias\\\/2025\\\/04\\\/15\\\/el-gremio-cicop-adhiere-al-paro-general-del-jueves-10-de-abril\\\/\",\"name\":\"El gremio CICOP adhiere al paro general del jueves 10 de abril - Diario del Oeste\",\"isPartOf\":{\"@id\":\"https:\\\/\\\/diariodeloeste.com\\\/noticias\\\/#website\"},\"primaryImageOfPage\":{\"@id\":\"https:\\\/\\\/diariodeloeste.com\\\/noticias\\\/2025\\\/04\\\/15\\\/el-gremio-cicop-adhiere-al-paro-general-del-jueves-10-de-abril\\\/#primaryimage\"},\"image\":{\"@id\":\"https:\\\/\\\/diariodeloeste.com\\\/noticias\\\/2025\\\/04\\\/15\\\/el-gremio-cicop-adhiere-al-paro-general-del-jueves-10-de-abril\\\/#primaryimage\"},\"thumbnailUrl\":\"https:\\\/\\\/diariodeloeste.com\\\/noticias\\\/wp-content\\\/uploads\\\/2025\\\/04\\\/Captura-de-pantalla-116.png\",\"datePublished\":\"2025-04-15T03:38:02+00:00\",\"breadcrumb\":{\"@id\":\"https:\\\/\\\/diariodeloeste.com\\\/noticias\\\/2025\\\/04\\\/15\\\/el-gremio-cicop-adhiere-al-paro-general-del-jueves-10-de-abril\\\/#breadcrumb\"},\"inLanguage\":\"es-AR\",\"potentialAction\":[{\"@type\":\"ReadAction\",\"target\":[\"https:\\\/\\\/diariodeloeste.com\\\/noticias\\\/2025\\\/04\\\/15\\\/el-gremio-cicop-adhiere-al-paro-general-del-jueves-10-de-abril\\\/\"]}]},{\"@type\":\"ImageObject\",\"inLanguage\":\"es-AR\",\"@id\":\"https:\\\/\\\/diariodeloeste.com\\\/noticias\\\/2025\\\/04\\\/15\\\/el-gremio-cicop-adhiere-al-paro-general-del-jueves-10-de-abril\\\/#primaryimage\",\"url\":\"https:\\\/\\\/diariodeloeste.com\\\/noticias\\\/wp-content\\\/uploads\\\/2025\\\/04\\\/Captura-de-pantalla-116.png\",\"contentUrl\":\"https:\\\/\\\/diariodeloeste.com\\\/noticias\\\/wp-content\\\/uploads\\\/2025\\\/04\\\/Captura-de-pantalla-116.png\",\"width\":577,\"height\":426},{\"@type\":\"BreadcrumbList\",\"@id\":\"https:\\\/\\\/diariodeloeste.com\\\/noticias\\\/2025\\\/04\\\/15\\\/el-gremio-cicop-adhiere-al-paro-general-del-jueves-10-de-abril\\\/#breadcrumb\",\"itemListElement\":[{\"@type\":\"ListItem\",\"position\":1,\"name\":\"Inicio\",\"item\":\"https:\\\/\\\/diariodeloeste.com\\\/noticias\\\/\"},{\"@type\":\"ListItem\",\"position\":2,\"name\":\"El gremio CICOP adhiere al paro general del jueves 10 de abril\"}]},{\"@type\":\"WebSite\",\"@id\":\"https:\\\/\\\/diariodeloeste.com\\\/noticias\\\/#website\",\"url\":\"https:\\\/\\\/diariodeloeste.com\\\/noticias\\\/\",\"name\":\"Diario del Oeste\",\"description\":\"Noticias del Oeste\",\"publisher\":{\"@id\":\"https:\\\/\\\/diariodeloeste.com\\\/noticias\\\/#organization\"},\"potentialAction\":[{\"@type\":\"SearchAction\",\"target\":{\"@type\":\"EntryPoint\",\"urlTemplate\":\"https:\\\/\\\/diariodeloeste.com\\\/noticias\\\/?s={search_term_string}\"},\"query-input\":{\"@type\":\"PropertyValueSpecification\",\"valueRequired\":true,\"valueName\":\"search_term_string\"}}],\"inLanguage\":\"es-AR\"},{\"@type\":\"Organization\",\"@id\":\"https:\\\/\\\/diariodeloeste.com\\\/noticias\\\/#organization\",\"name\":\"Diario del Oeste\",\"url\":\"https:\\\/\\\/diariodeloeste.com\\\/noticias\\\/\",\"logo\":{\"@type\":\"ImageObject\",\"inLanguage\":\"es-AR\",\"@id\":\"https:\\\/\\\/diariodeloeste.com\\\/noticias\\\/#\\\/schema\\\/logo\\\/image\\\/\",\"url\":\"https:\\\/\\\/diariodeloeste.com\\\/noticias\\\/wp-content\\\/uploads\\\/2019\\\/04\\\/logo.png\",\"contentUrl\":\"https:\\\/\\\/diariodeloeste.com\\\/noticias\\\/wp-content\\\/uploads\\\/2019\\\/04\\\/logo.png\",\"width\":306,\"height\":145,\"caption\":\"Diario del Oeste\"},\"image\":{\"@id\":\"https:\\\/\\\/diariodeloeste.com\\\/noticias\\\/#\\\/schema\\\/logo\\\/image\\\/\"}},{\"@type\":\"Person\",\"@id\":\"https:\\\/\\\/diariodeloeste.com\\\/noticias\\\/#\\\/schema\\\/person\\\/1f7be965f8c093432e1cbfcee0ac4047\",\"name\":\"Redaccion\",\"image\":{\"@type\":\"ImageObject\",\"inLanguage\":\"es-AR\",\"@id\":\"https:\\\/\\\/secure.gravatar.com\\\/avatar\\\/f9bc3a12e26b32d818d88f9a5b61de20b559752e499df507efa7ea3cea0550ef?s=96&d=mm&r=g\",\"url\":\"https:\\\/\\\/secure.gravatar.com\\\/avatar\\\/f9bc3a12e26b32d818d88f9a5b61de20b559752e499df507efa7ea3cea0550ef?s=96&d=mm&r=g\",\"contentUrl\":\"https:\\\/\\\/secure.gravatar.com\\\/avatar\\\/f9bc3a12e26b32d818d88f9a5b61de20b559752e499df507efa7ea3cea0550ef?s=96&d=mm&r=g\",\"caption\":\"Redaccion\"},\"url\":\"https:\\\/\\\/diariodeloeste.com\\\/noticias\\\/author\\\/redaccion\\\/\"}]}<\/script>\n<!-- \/ Yoast SEO plugin. -->","yoast_head_json":{"title":"El gremio CICOP adhiere al paro general del jueves 10 de abril - Diario del Oeste","robots":{"index":"index","follow":"follow","max-snippet":"max-snippet:-1","max-image-preview":"max-image-preview:large","max-video-preview":"max-video-preview:-1"},"canonical":"https:\/\/diariodeloeste.com\/noticias\/2025\/04\/15\/el-gremio-cicop-adhiere-al-paro-general-del-jueves-10-de-abril\/","og_locale":"es_ES","og_type":"article","og_title":"El gremio CICOP adhiere al paro general del jueves 10 de abril - Diario del Oeste","og_description":"El sindicato que nuclea a los profesionales de la salud p\u00fablica confirm\u00f3 que los hospitales y centros de salud s\u00f3lo funcionar\u00e1n con guardias m\u00ednimas. Desde CICOP explicaron que \u201cadherimos a la medida de fuerza convocada por las centrales sindicales porque con este modelo econ\u00f3mico los trabajadores no paramos de perder poder adquisitivo y nuestro sistema [&hellip;]","og_url":"https:\/\/diariodeloeste.com\/noticias\/2025\/04\/15\/el-gremio-cicop-adhiere-al-paro-general-del-jueves-10-de-abril\/","og_site_name":"Diario del Oeste","article_published_time":"2025-04-15T03:38:02+00:00","og_image":[{"width":577,"height":426,"url":"https:\/\/diariodeloeste.com\/noticias\/wp-content\/uploads\/2025\/04\/Captura-de-pantalla-116.png","type":"image\/png"}],"author":"Redaccion","twitter_card":"summary_large_image","twitter_misc":{"Escrito por":"Redaccion","Tiempo de lectura":"4 minutos"},"schema":{"@context":"https:\/\/schema.org","@graph":[{"@type":"Article","@id":"https:\/\/diariodeloeste.com\/noticias\/2025\/04\/15\/el-gremio-cicop-adhiere-al-paro-general-del-jueves-10-de-abril\/#article","isPartOf":{"@id":"https:\/\/diariodeloeste.com\/noticias\/2025\/04\/15\/el-gremio-cicop-adhiere-al-paro-general-del-jueves-10-de-abril\/"},"author":{"name":"Redaccion","@id":"https:\/\/diariodeloeste.com\/noticias\/#\/schema\/person\/1f7be965f8c093432e1cbfcee0ac4047"},"headline":"El gremio CICOP adhiere al paro general del jueves 10 de abril","datePublished":"2025-04-15T03:38:02+00:00","mainEntityOfPage":{"@id":"https:\/\/diariodeloeste.com\/noticias\/2025\/04\/15\/el-gremio-cicop-adhiere-al-paro-general-del-jueves-10-de-abril\/"},"wordCount":547,"publisher":{"@id":"https:\/\/diariodeloeste.com\/noticias\/#organization"},"image":{"@id":"https:\/\/diariodeloeste.com\/noticias\/2025\/04\/15\/el-gremio-cicop-adhiere-al-paro-general-del-jueves-10-de-abril\/#primaryimage"},"thumbnailUrl":"https:\/\/diariodeloeste.com\/noticias\/wp-content\/uploads\/2025\/04\/Captura-de-pantalla-116.png","articleSection":["Gremios","Salud"],"inLanguage":"es-AR"},{"@type":"WebPage","@id":"https:\/\/diariodeloeste.com\/noticias\/2025\/04\/15\/el-gremio-cicop-adhiere-al-paro-general-del-jueves-10-de-abril\/","url":"https:\/\/diariodeloeste.com\/noticias\/2025\/04\/15\/el-gremio-cicop-adhiere-al-paro-general-del-jueves-10-de-abril\/","name":"El gremio CICOP adhiere al paro general del jueves 10 de abril - Diario del Oeste","isPartOf":{"@id":"https:\/\/diariodeloeste.com\/noticias\/#website"},"primaryImageOfPage":{"@id":"https:\/\/diariodeloeste.com\/noticias\/2025\/04\/15\/el-gremio-cicop-adhiere-al-paro-general-del-jueves-10-de-abril\/#primaryimage"},"image":{"@id":"https:\/\/diariodeloeste.com\/noticias\/2025\/04\/15\/el-gremio-cicop-adhiere-al-paro-general-del-jueves-10-de-abril\/#primaryimage"},"thumbnailUrl":"https:\/\/diariodeloeste.com\/noticias\/wp-content\/uploads\/2025\/04\/Captura-de-pantalla-116.png","datePublished":"2025-04-15T03:38:02+00:00","breadcrumb":{"@id":"https:\/\/diariodeloeste.com\/noticias\/2025\/04\/15\/el-gremio-cicop-adhiere-al-paro-general-del-jueves-10-de-abril\/#breadcrumb"},"inLanguage":"es-AR","potentialAction":[{"@type":"ReadAction","target":["https:\/\/diariodeloeste.com\/noticias\/2025\/04\/15\/el-gremio-cicop-adhiere-al-paro-general-del-jueves-10-de-abril\/"]}]},{"@type":"ImageObject","inLanguage":"es-AR","@id":"https:\/\/diariodeloeste.com\/noticias\/2025\/04\/15\/el-gremio-cicop-adhiere-al-paro-general-del-jueves-10-de-abril\/#primaryimage","url":"https:\/\/diariodeloeste.com\/noticias\/wp-content\/uploads\/2025\/04\/Captura-de-pantalla-116.png","contentUrl":"https:\/\/diariodeloeste.com\/noticias\/wp-content\/uploads\/2025\/04\/Captura-de-pantalla-116.png","width":577,"height":426},{"@type":"BreadcrumbList","@id":"https:\/\/diariodeloeste.com\/noticias\/2025\/04\/15\/el-gremio-cicop-adhiere-al-paro-general-del-jueves-10-de-abril\/#breadcrumb","itemListElement":[{"@type":"ListItem","position":1,"name":"Inicio","item":"https:\/\/diariodeloeste.com\/noticias\/"},{"@type":"ListItem","position":2,"name":"El gremio CICOP adhiere al paro general del jueves 10 de abril"}]},{"@type":"WebSite","@id":"https:\/\/diariodeloeste.com\/noticias\/#website","url":"https:\/\/diariodeloeste.com\/noticias\/","name":"Diario del Oeste","description":"Noticias del Oeste","publisher":{"@id":"https:\/\/diariodeloeste.com\/noticias\/#organization"},"potentialAction":[{"@type":"SearchAction","target":{"@type":"EntryPoint","urlTemplate":"https:\/\/diariodeloeste.com\/noticias\/?s={search_term_string}"},"query-input":{"@type":"PropertyValueSpecification","valueRequired":true,"valueName":"search_term_string"}}],"inLanguage":"es-AR"},{"@type":"Organization","@id":"https:\/\/diariodeloeste.com\/noticias\/#organization","name":"Diario del Oeste","url":"https:\/\/diariodeloeste.com\/noticias\/","logo":{"@type":"ImageObject","inLanguage":"es-AR","@id":"https:\/\/diariodeloeste.com\/noticias\/#\/schema\/logo\/image\/","url":"https:\/\/diariodeloeste.com\/noticias\/wp-content\/uploads\/2019\/04\/logo.png","contentUrl":"https:\/\/diariodeloeste.com\/noticias\/wp-content\/uploads\/2019\/04\/logo.png","width":306,"height":145,"caption":"Diario del Oeste"},"image":{"@id":"https:\/\/diariodeloeste.com\/noticias\/#\/schema\/logo\/image\/"}},{"@type":"Person","@id":"https:\/\/diariodeloeste.com\/noticias\/#\/schema\/person\/1f7be965f8c093432e1cbfcee0ac4047","name":"Redaccion","image":{"@type":"ImageObject","inLanguage":"es-AR","@id":"https:\/\/secure.gravatar.com\/avatar\/f9bc3a12e26b32d818d88f9a5b61de20b559752e499df507efa7ea3cea0550ef?s=96&d=mm&r=g","url":"https:\/\/secure.gravatar.com\/avatar\/f9bc3a12e26b32d818d88f9a5b61de20b559752e499df507efa7ea3cea0550ef?s=96&d=mm&r=g","contentUrl":"https:\/\/secure.gravatar.com\/avatar\/f9bc3a12e26b32d818d88f9a5b61de20b559752e499df507efa7ea3cea0550ef?s=96&d=mm&r=g","caption":"Redaccion"},"url":"https:\/\/diariodeloeste.com\/noticias\/author\/redaccion\/"}]}},"_links":{"self":[{"href":"https:\/\/diariodeloeste.com\/noticias\/wp-json\/wp\/v2\/posts\/14859","targetHints":{"allow":["GET"]}}],"collection":[{"href":"https:\/\/diariodeloeste.com\/noticias\/wp-json\/wp\/v2\/posts"}],"about":[{"href":"https:\/\/diariodeloeste.com\/noticias\/wp-json\/wp\/v2\/types\/post"}],"author":[{"embeddable":true,"href":"https:\/\/diariodeloeste.com\/noticias\/wp-json\/wp\/v2\/users\/3"}],"replies":[{"embeddable":true,"href":"https:\/\/diariodeloeste.com\/noticias\/wp-json\/wp\/v2\/comments?post=14859"}],"version-history":[{"count":1,"href":"https:\/\/diariodeloeste.com\/noticias\/wp-json\/wp\/v2\/posts\/14859\/revisions"}],"predecessor-version":[{"id":14861,"href":"https:\/\/diariodeloeste.com\/noticias\/wp-json\/wp\/v2\/posts\/14859\/revisions\/14861"}],"wp:featuredmedia":[{"embeddable":true,"href":"https:\/\/diariodeloeste.com\/noticias\/wp-json\/wp\/v2\/media\/14860"}],"wp:attachment":[{"href":"https:\/\/diariodeloeste.com\/noticias\/wp-json\/wp\/v2\/media?parent=14859"}],"wp:term":[{"taxonomy":"category","embeddable":true,"href":"https:\/\/diariodeloeste.com\/noticias\/wp-json\/wp\/v2\/categories?post=14859"},{"taxonomy":"post_tag","embeddable":true,"href":"https:\/\/diariodeloeste.com\/noticias\/wp-json\/wp\/v2\/tags?post=14859"}],"curies":[{"name":"wp","href":"https:\/\/api.w.org\/{rel}","templated":true}]}}