{"id":14850,"date":"2025-04-15T03:20:01","date_gmt":"2025-04-15T03:20:01","guid":{"rendered":"https:\/\/diariodeloeste.com\/noticias\/?p=14850"},"modified":"2025-04-15T03:20:01","modified_gmt":"2025-04-15T03:20:01","slug":"allanamiento-por-maltrato-animal-en-la-ciudad-de-ing-pablo-nogues","status":"publish","type":"post","link":"https:\/\/diariodeloeste.com\/noticias\/2025\/04\/15\/allanamiento-por-maltrato-animal-en-la-ciudad-de-ing-pablo-nogues\/","title":{"rendered":"Allanamiento por maltrato animal en la ciudad de Ing. Pablo Nogu\u00e9s"},"content":{"rendered":"<h2>Tras denuncias efectuadas por vecinos por maltrato animal en un domicilio de la ciudad de Ing. Pablo Nogu\u00e9s, el Juzgado de Garant\u00edas N\u00b02 emiti\u00f3 una orden de allanamiento que permiti\u00f3 rescatar a tres perros que se encontraban en malas condiciones de salud y de higiene.<\/h2>\n<p>Tres perros fueron rescatados tras denuncias vecinales y una orden del Juzgado de Garant\u00edas N\u00b02<\/p>\n<p><b><strong>Ciudad de Ing. Pablo Nogu\u00e9s, 09 de abril de 2025 \u2013<\/strong><\/b>\u00a0Tras denuncias efectuadas por vecinos por maltrato animal en un domicilio de la ciudad de Ing. Pablo Nogu\u00e9s, el Juzgado de Garant\u00edas N\u00b02 emiti\u00f3 una orden de allanamiento que permiti\u00f3 rescatar a tres perros que se encontraban en malas condiciones de salud y de higiene.<\/p>\n<p>&nbsp;<\/p>\n<p>El operativo se llev\u00f3 a cabo en una vivienda ubicada en la calle Nazca al 2000. El Director de Sanidad y Bienestar Animal, H\u00e9ctor Carreras, explic\u00f3: \u201cCuando recibimos el aviso de los vecinos sobre esta situaci\u00f3n, fuimos a hablar con la due\u00f1a del inmueble en m\u00e1s de una ocasi\u00f3n, en las cuales se neg\u00f3 a mejorar cambiar de actitud por el bienestar de los animales\u201d. Y agreg\u00f3: \u201cLuego, los vecinos hicieron la denuncia en Fiscal\u00eda y de ese modo, con la intervenci\u00f3n del juzgado, se autoriz\u00f3 el ingreso al lugar para rescatar a estos tres animales\u201d.<\/p>\n<p>&nbsp;<\/p>\n<p>Los perros rescatados fueron trasladados al Hospital Veterinario Municipal para evaluar su estado de salud. Seg\u00fan los presentes en el allanamiento, a simple vista se los notaba desnutridos y en estado de abandono.<\/p>\n<p>&nbsp;<\/p>\n<p>Soledad Castro, veterinaria, describi\u00f3 el inicio de la atenci\u00f3n hospitalaria al recibir a los reci\u00e9n llegados: \u201cLo primero es hacerles un an\u00e1lisis de sangre para saber en qu\u00e9 estado se encuentra cada uno. Luego les vamos a colocar un suero con la medicaci\u00f3n que necesiten y las vacunas correspondientes\u201d.<\/p>\n<p>&nbsp;<\/p>\n<p>El destino de estos animales, luego de su recuperaci\u00f3n, ser\u00e1 encontrar una familia de adopci\u00f3n responsable que los acompa\u00f1e a lo largo de sus vidas.<\/p>\n<script>function PlayerjsAsync(){} if(window[\"Playerjs\"]){PlayerjsAsync();}<\/script>","protected":false},"excerpt":{"rendered":"<p>Tras denuncias efectuadas por vecinos por maltrato animal en un domicilio de la ciudad de Ing. Pablo Nogu\u00e9s, el Juzgado de Garant\u00edas N\u00b02 emiti\u00f3 una orden de allanamiento que permiti\u00f3 rescatar a tres perros que se encontraban en malas condiciones de salud y de higiene. Tres perros fueron rescatados tras denuncias vecinales y una orden [&hellip;]<\/p>\n","protected":false},"author":3,"featured_media":14851,"comment_status":"closed","ping_status":"closed","sticky":false,"template":"","format":"standard","meta":{"content-type":"","footnotes":""},"categories":[496],"tags":[],"class_list":{"0":"post-14850","1":"post","2":"type-post","3":"status-publish","4":"format-standard","5":"has-post-thumbnail","7":"category-malvinas-argentinas"},"yoast_head":"<!-- This site is optimized with the Yoast SEO plugin v27.4 - https:\/\/yoast.com\/product\/yoast-seo-wordpress\/ -->\n<title>Allanamiento por maltrato animal en la ciudad de Ing. Pablo Nogu\u00e9s - Diario del Oeste<\/title>\n<meta name=\"robots\" content=\"index, follow, max-snippet:-1, max-image-preview:large, max-video-preview:-1\" \/>\n<link rel=\"canonical\" href=\"https:\/\/diariodeloeste.com\/noticias\/2025\/04\/15\/allanamiento-por-maltrato-animal-en-la-ciudad-de-ing-pablo-nogues\/\" \/>\n<meta property=\"og:locale\" content=\"es_ES\" \/>\n<meta property=\"og:type\" content=\"article\" \/>\n<meta property=\"og:title\" content=\"Allanamiento por maltrato animal en la ciudad de Ing. Pablo Nogu\u00e9s - Diario del Oeste\" \/>\n<meta property=\"og:description\" content=\"Tras denuncias efectuadas por vecinos por maltrato animal en un domicilio de la ciudad de Ing. Pablo Nogu\u00e9s, el Juzgado de Garant\u00edas N\u00b02 emiti\u00f3 una orden de allanamiento que permiti\u00f3 rescatar a tres perros que se encontraban en malas condiciones de salud y de higiene. Tres perros fueron rescatados tras denuncias vecinales y una orden [&hellip;]\" \/>\n<meta property=\"og:url\" content=\"https:\/\/diariodeloeste.com\/noticias\/2025\/04\/15\/allanamiento-por-maltrato-animal-en-la-ciudad-de-ing-pablo-nogues\/\" \/>\n<meta property=\"og:site_name\" content=\"Diario del Oeste\" \/>\n<meta property=\"article:published_time\" content=\"2025-04-15T03:20:01+00:00\" \/>\n<meta property=\"og:image\" content=\"https:\/\/diariodeloeste.com\/noticias\/wp-content\/uploads\/2025\/04\/animal-malv-scaled.webp\" \/>\n\t<meta property=\"og:image:width\" content=\"2560\" \/>\n\t<meta property=\"og:image:height\" content=\"1709\" \/>\n\t<meta property=\"og:image:type\" content=\"image\/webp\" \/>\n<meta name=\"author\" content=\"Redaccion\" \/>\n<meta name=\"twitter:card\" content=\"summary_large_image\" \/>\n<meta name=\"twitter:label1\" content=\"Escrito por\" \/>\n\t<meta name=\"twitter:data1\" content=\"Redaccion\" \/>\n\t<meta name=\"twitter:label2\" content=\"Tiempo de lectura\" \/>\n\t<meta name=\"twitter:data2\" content=\"2 minutos\" \/>\n<script type=\"application\/ld+json\" class=\"yoast-schema-graph\">{\"@context\":\"https:\\\/\\\/schema.org\",\"@graph\":[{\"@type\":\"Article\",\"@id\":\"https:\\\/\\\/diariodeloeste.com\\\/noticias\\\/2025\\\/04\\\/15\\\/allanamiento-por-maltrato-animal-en-la-ciudad-de-ing-pablo-nogues\\\/#article\",\"isPartOf\":{\"@id\":\"https:\\\/\\\/diariodeloeste.com\\\/noticias\\\/2025\\\/04\\\/15\\\/allanamiento-por-maltrato-animal-en-la-ciudad-de-ing-pablo-nogues\\\/\"},\"author\":{\"name\":\"Redaccion\",\"@id\":\"https:\\\/\\\/diariodeloeste.com\\\/noticias\\\/#\\\/schema\\\/person\\\/1f7be965f8c093432e1cbfcee0ac4047\"},\"headline\":\"Allanamiento por maltrato animal en la ciudad de Ing. Pablo Nogu\u00e9s\",\"datePublished\":\"2025-04-15T03:20:01+00:00\",\"mainEntityOfPage\":{\"@id\":\"https:\\\/\\\/diariodeloeste.com\\\/noticias\\\/2025\\\/04\\\/15\\\/allanamiento-por-maltrato-animal-en-la-ciudad-de-ing-pablo-nogues\\\/\"},\"wordCount\":352,\"publisher\":{\"@id\":\"https:\\\/\\\/diariodeloeste.com\\\/noticias\\\/#organization\"},\"image\":{\"@id\":\"https:\\\/\\\/diariodeloeste.com\\\/noticias\\\/2025\\\/04\\\/15\\\/allanamiento-por-maltrato-animal-en-la-ciudad-de-ing-pablo-nogues\\\/#primaryimage\"},\"thumbnailUrl\":\"https:\\\/\\\/diariodeloeste.com\\\/noticias\\\/wp-content\\\/uploads\\\/2025\\\/04\\\/animal-malv-scaled.webp\",\"articleSection\":[\"Malvinas Argentinas\"],\"inLanguage\":\"es-AR\"},{\"@type\":\"WebPage\",\"@id\":\"https:\\\/\\\/diariodeloeste.com\\\/noticias\\\/2025\\\/04\\\/15\\\/allanamiento-por-maltrato-animal-en-la-ciudad-de-ing-pablo-nogues\\\/\",\"url\":\"https:\\\/\\\/diariodeloeste.com\\\/noticias\\\/2025\\\/04\\\/15\\\/allanamiento-por-maltrato-animal-en-la-ciudad-de-ing-pablo-nogues\\\/\",\"name\":\"Allanamiento por maltrato animal en la ciudad de Ing. Pablo Nogu\u00e9s - Diario del Oeste\",\"isPartOf\":{\"@id\":\"https:\\\/\\\/diariodeloeste.com\\\/noticias\\\/#website\"},\"primaryImageOfPage\":{\"@id\":\"https:\\\/\\\/diariodeloeste.com\\\/noticias\\\/2025\\\/04\\\/15\\\/allanamiento-por-maltrato-animal-en-la-ciudad-de-ing-pablo-nogues\\\/#primaryimage\"},\"image\":{\"@id\":\"https:\\\/\\\/diariodeloeste.com\\\/noticias\\\/2025\\\/04\\\/15\\\/allanamiento-por-maltrato-animal-en-la-ciudad-de-ing-pablo-nogues\\\/#primaryimage\"},\"thumbnailUrl\":\"https:\\\/\\\/diariodeloeste.com\\\/noticias\\\/wp-content\\\/uploads\\\/2025\\\/04\\\/animal-malv-scaled.webp\",\"datePublished\":\"2025-04-15T03:20:01+00:00\",\"breadcrumb\":{\"@id\":\"https:\\\/\\\/diariodeloeste.com\\\/noticias\\\/2025\\\/04\\\/15\\\/allanamiento-por-maltrato-animal-en-la-ciudad-de-ing-pablo-nogues\\\/#breadcrumb\"},\"inLanguage\":\"es-AR\",\"potentialAction\":[{\"@type\":\"ReadAction\",\"target\":[\"https:\\\/\\\/diariodeloeste.com\\\/noticias\\\/2025\\\/04\\\/15\\\/allanamiento-por-maltrato-animal-en-la-ciudad-de-ing-pablo-nogues\\\/\"]}]},{\"@type\":\"ImageObject\",\"inLanguage\":\"es-AR\",\"@id\":\"https:\\\/\\\/diariodeloeste.com\\\/noticias\\\/2025\\\/04\\\/15\\\/allanamiento-por-maltrato-animal-en-la-ciudad-de-ing-pablo-nogues\\\/#primaryimage\",\"url\":\"https:\\\/\\\/diariodeloeste.com\\\/noticias\\\/wp-content\\\/uploads\\\/2025\\\/04\\\/animal-malv-scaled.webp\",\"contentUrl\":\"https:\\\/\\\/diariodeloeste.com\\\/noticias\\\/wp-content\\\/uploads\\\/2025\\\/04\\\/animal-malv-scaled.webp\",\"width\":2560,\"height\":1709},{\"@type\":\"BreadcrumbList\",\"@id\":\"https:\\\/\\\/diariodeloeste.com\\\/noticias\\\/2025\\\/04\\\/15\\\/allanamiento-por-maltrato-animal-en-la-ciudad-de-ing-pablo-nogues\\\/#breadcrumb\",\"itemListElement\":[{\"@type\":\"ListItem\",\"position\":1,\"name\":\"Inicio\",\"item\":\"https:\\\/\\\/diariodeloeste.com\\\/noticias\\\/\"},{\"@type\":\"ListItem\",\"position\":2,\"name\":\"Allanamiento por maltrato animal en la ciudad de Ing. Pablo Nogu\u00e9s\"}]},{\"@type\":\"WebSite\",\"@id\":\"https:\\\/\\\/diariodeloeste.com\\\/noticias\\\/#website\",\"url\":\"https:\\\/\\\/diariodeloeste.com\\\/noticias\\\/\",\"name\":\"Diario del Oeste\",\"description\":\"Noticias del Oeste\",\"publisher\":{\"@id\":\"https:\\\/\\\/diariodeloeste.com\\\/noticias\\\/#organization\"},\"potentialAction\":[{\"@type\":\"SearchAction\",\"target\":{\"@type\":\"EntryPoint\",\"urlTemplate\":\"https:\\\/\\\/diariodeloeste.com\\\/noticias\\\/?s={search_term_string}\"},\"query-input\":{\"@type\":\"PropertyValueSpecification\",\"valueRequired\":true,\"valueName\":\"search_term_string\"}}],\"inLanguage\":\"es-AR\"},{\"@type\":\"Organization\",\"@id\":\"https:\\\/\\\/diariodeloeste.com\\\/noticias\\\/#organization\",\"name\":\"Diario del Oeste\",\"url\":\"https:\\\/\\\/diariodeloeste.com\\\/noticias\\\/\",\"logo\":{\"@type\":\"ImageObject\",\"inLanguage\":\"es-AR\",\"@id\":\"https:\\\/\\\/diariodeloeste.com\\\/noticias\\\/#\\\/schema\\\/logo\\\/image\\\/\",\"url\":\"https:\\\/\\\/diariodeloeste.com\\\/noticias\\\/wp-content\\\/uploads\\\/2019\\\/04\\\/logo.png\",\"contentUrl\":\"https:\\\/\\\/diariodeloeste.com\\\/noticias\\\/wp-content\\\/uploads\\\/2019\\\/04\\\/logo.png\",\"width\":306,\"height\":145,\"caption\":\"Diario del Oeste\"},\"image\":{\"@id\":\"https:\\\/\\\/diariodeloeste.com\\\/noticias\\\/#\\\/schema\\\/logo\\\/image\\\/\"}},{\"@type\":\"Person\",\"@id\":\"https:\\\/\\\/diariodeloeste.com\\\/noticias\\\/#\\\/schema\\\/person\\\/1f7be965f8c093432e1cbfcee0ac4047\",\"name\":\"Redaccion\",\"image\":{\"@type\":\"ImageObject\",\"inLanguage\":\"es-AR\",\"@id\":\"https:\\\/\\\/secure.gravatar.com\\\/avatar\\\/f9bc3a12e26b32d818d88f9a5b61de20b559752e499df507efa7ea3cea0550ef?s=96&d=mm&r=g\",\"url\":\"https:\\\/\\\/secure.gravatar.com\\\/avatar\\\/f9bc3a12e26b32d818d88f9a5b61de20b559752e499df507efa7ea3cea0550ef?s=96&d=mm&r=g\",\"contentUrl\":\"https:\\\/\\\/secure.gravatar.com\\\/avatar\\\/f9bc3a12e26b32d818d88f9a5b61de20b559752e499df507efa7ea3cea0550ef?s=96&d=mm&r=g\",\"caption\":\"Redaccion\"},\"url\":\"https:\\\/\\\/diariodeloeste.com\\\/noticias\\\/author\\\/redaccion\\\/\"}]}<\/script>\n<!-- \/ Yoast SEO plugin. -->","yoast_head_json":{"title":"Allanamiento por maltrato animal en la ciudad de Ing. Pablo Nogu\u00e9s - Diario del Oeste","robots":{"index":"index","follow":"follow","max-snippet":"max-snippet:-1","max-image-preview":"max-image-preview:large","max-video-preview":"max-video-preview:-1"},"canonical":"https:\/\/diariodeloeste.com\/noticias\/2025\/04\/15\/allanamiento-por-maltrato-animal-en-la-ciudad-de-ing-pablo-nogues\/","og_locale":"es_ES","og_type":"article","og_title":"Allanamiento por maltrato animal en la ciudad de Ing. Pablo Nogu\u00e9s - Diario del Oeste","og_description":"Tras denuncias efectuadas por vecinos por maltrato animal en un domicilio de la ciudad de Ing. Pablo Nogu\u00e9s, el Juzgado de Garant\u00edas N\u00b02 emiti\u00f3 una orden de allanamiento que permiti\u00f3 rescatar a tres perros que se encontraban en malas condiciones de salud y de higiene. Tres perros fueron rescatados tras denuncias vecinales y una orden [&hellip;]","og_url":"https:\/\/diariodeloeste.com\/noticias\/2025\/04\/15\/allanamiento-por-maltrato-animal-en-la-ciudad-de-ing-pablo-nogues\/","og_site_name":"Diario del Oeste","article_published_time":"2025-04-15T03:20:01+00:00","og_image":[{"width":2560,"height":1709,"url":"https:\/\/diariodeloeste.com\/noticias\/wp-content\/uploads\/2025\/04\/animal-malv-scaled.webp","type":"image\/webp"}],"author":"Redaccion","twitter_card":"summary_large_image","twitter_misc":{"Escrito por":"Redaccion","Tiempo de lectura":"2 minutos"},"schema":{"@context":"https:\/\/schema.org","@graph":[{"@type":"Article","@id":"https:\/\/diariodeloeste.com\/noticias\/2025\/04\/15\/allanamiento-por-maltrato-animal-en-la-ciudad-de-ing-pablo-nogues\/#article","isPartOf":{"@id":"https:\/\/diariodeloeste.com\/noticias\/2025\/04\/15\/allanamiento-por-maltrato-animal-en-la-ciudad-de-ing-pablo-nogues\/"},"author":{"name":"Redaccion","@id":"https:\/\/diariodeloeste.com\/noticias\/#\/schema\/person\/1f7be965f8c093432e1cbfcee0ac4047"},"headline":"Allanamiento por maltrato animal en la ciudad de Ing. Pablo Nogu\u00e9s","datePublished":"2025-04-15T03:20:01+00:00","mainEntityOfPage":{"@id":"https:\/\/diariodeloeste.com\/noticias\/2025\/04\/15\/allanamiento-por-maltrato-animal-en-la-ciudad-de-ing-pablo-nogues\/"},"wordCount":352,"publisher":{"@id":"https:\/\/diariodeloeste.com\/noticias\/#organization"},"image":{"@id":"https:\/\/diariodeloeste.com\/noticias\/2025\/04\/15\/allanamiento-por-maltrato-animal-en-la-ciudad-de-ing-pablo-nogues\/#primaryimage"},"thumbnailUrl":"https:\/\/diariodeloeste.com\/noticias\/wp-content\/uploads\/2025\/04\/animal-malv-scaled.webp","articleSection":["Malvinas Argentinas"],"inLanguage":"es-AR"},{"@type":"WebPage","@id":"https:\/\/diariodeloeste.com\/noticias\/2025\/04\/15\/allanamiento-por-maltrato-animal-en-la-ciudad-de-ing-pablo-nogues\/","url":"https:\/\/diariodeloeste.com\/noticias\/2025\/04\/15\/allanamiento-por-maltrato-animal-en-la-ciudad-de-ing-pablo-nogues\/","name":"Allanamiento por maltrato animal en la ciudad de Ing. Pablo Nogu\u00e9s - Diario del Oeste","isPartOf":{"@id":"https:\/\/diariodeloeste.com\/noticias\/#website"},"primaryImageOfPage":{"@id":"https:\/\/diariodeloeste.com\/noticias\/2025\/04\/15\/allanamiento-por-maltrato-animal-en-la-ciudad-de-ing-pablo-nogues\/#primaryimage"},"image":{"@id":"https:\/\/diariodeloeste.com\/noticias\/2025\/04\/15\/allanamiento-por-maltrato-animal-en-la-ciudad-de-ing-pablo-nogues\/#primaryimage"},"thumbnailUrl":"https:\/\/diariodeloeste.com\/noticias\/wp-content\/uploads\/2025\/04\/animal-malv-scaled.webp","datePublished":"2025-04-15T03:20:01+00:00","breadcrumb":{"@id":"https:\/\/diariodeloeste.com\/noticias\/2025\/04\/15\/allanamiento-por-maltrato-animal-en-la-ciudad-de-ing-pablo-nogues\/#breadcrumb"},"inLanguage":"es-AR","potentialAction":[{"@type":"ReadAction","target":["https:\/\/diariodeloeste.com\/noticias\/2025\/04\/15\/allanamiento-por-maltrato-animal-en-la-ciudad-de-ing-pablo-nogues\/"]}]},{"@type":"ImageObject","inLanguage":"es-AR","@id":"https:\/\/diariodeloeste.com\/noticias\/2025\/04\/15\/allanamiento-por-maltrato-animal-en-la-ciudad-de-ing-pablo-nogues\/#primaryimage","url":"https:\/\/diariodeloeste.com\/noticias\/wp-content\/uploads\/2025\/04\/animal-malv-scaled.webp","contentUrl":"https:\/\/diariodeloeste.com\/noticias\/wp-content\/uploads\/2025\/04\/animal-malv-scaled.webp","width":2560,"height":1709},{"@type":"BreadcrumbList","@id":"https:\/\/diariodeloeste.com\/noticias\/2025\/04\/15\/allanamiento-por-maltrato-animal-en-la-ciudad-de-ing-pablo-nogues\/#breadcrumb","itemListElement":[{"@type":"ListItem","position":1,"name":"Inicio","item":"https:\/\/diariodeloeste.com\/noticias\/"},{"@type":"ListItem","position":2,"name":"Allanamiento por maltrato animal en la ciudad de Ing. Pablo Nogu\u00e9s"}]},{"@type":"WebSite","@id":"https:\/\/diariodeloeste.com\/noticias\/#website","url":"https:\/\/diariodeloeste.com\/noticias\/","name":"Diario del Oeste","description":"Noticias del Oeste","publisher":{"@id":"https:\/\/diariodeloeste.com\/noticias\/#organization"},"potentialAction":[{"@type":"SearchAction","target":{"@type":"EntryPoint","urlTemplate":"https:\/\/diariodeloeste.com\/noticias\/?s={search_term_string}"},"query-input":{"@type":"PropertyValueSpecification","valueRequired":true,"valueName":"search_term_string"}}],"inLanguage":"es-AR"},{"@type":"Organization","@id":"https:\/\/diariodeloeste.com\/noticias\/#organization","name":"Diario del Oeste","url":"https:\/\/diariodeloeste.com\/noticias\/","logo":{"@type":"ImageObject","inLanguage":"es-AR","@id":"https:\/\/diariodeloeste.com\/noticias\/#\/schema\/logo\/image\/","url":"https:\/\/diariodeloeste.com\/noticias\/wp-content\/uploads\/2019\/04\/logo.png","contentUrl":"https:\/\/diariodeloeste.com\/noticias\/wp-content\/uploads\/2019\/04\/logo.png","width":306,"height":145,"caption":"Diario del Oeste"},"image":{"@id":"https:\/\/diariodeloeste.com\/noticias\/#\/schema\/logo\/image\/"}},{"@type":"Person","@id":"https:\/\/diariodeloeste.com\/noticias\/#\/schema\/person\/1f7be965f8c093432e1cbfcee0ac4047","name":"Redaccion","image":{"@type":"ImageObject","inLanguage":"es-AR","@id":"https:\/\/secure.gravatar.com\/avatar\/f9bc3a12e26b32d818d88f9a5b61de20b559752e499df507efa7ea3cea0550ef?s=96&d=mm&r=g","url":"https:\/\/secure.gravatar.com\/avatar\/f9bc3a12e26b32d818d88f9a5b61de20b559752e499df507efa7ea3cea0550ef?s=96&d=mm&r=g","contentUrl":"https:\/\/secure.gravatar.com\/avatar\/f9bc3a12e26b32d818d88f9a5b61de20b559752e499df507efa7ea3cea0550ef?s=96&d=mm&r=g","caption":"Redaccion"},"url":"https:\/\/diariodeloeste.com\/noticias\/author\/redaccion\/"}]}},"_links":{"self":[{"href":"https:\/\/diariodeloeste.com\/noticias\/wp-json\/wp\/v2\/posts\/14850","targetHints":{"allow":["GET"]}}],"collection":[{"href":"https:\/\/diariodeloeste.com\/noticias\/wp-json\/wp\/v2\/posts"}],"about":[{"href":"https:\/\/diariodeloeste.com\/noticias\/wp-json\/wp\/v2\/types\/post"}],"author":[{"embeddable":true,"href":"https:\/\/diariodeloeste.com\/noticias\/wp-json\/wp\/v2\/users\/3"}],"replies":[{"embeddable":true,"href":"https:\/\/diariodeloeste.com\/noticias\/wp-json\/wp\/v2\/comments?post=14850"}],"version-history":[{"count":1,"href":"https:\/\/diariodeloeste.com\/noticias\/wp-json\/wp\/v2\/posts\/14850\/revisions"}],"predecessor-version":[{"id":14852,"href":"https:\/\/diariodeloeste.com\/noticias\/wp-json\/wp\/v2\/posts\/14850\/revisions\/14852"}],"wp:featuredmedia":[{"embeddable":true,"href":"https:\/\/diariodeloeste.com\/noticias\/wp-json\/wp\/v2\/media\/14851"}],"wp:attachment":[{"href":"https:\/\/diariodeloeste.com\/noticias\/wp-json\/wp\/v2\/media?parent=14850"}],"wp:term":[{"taxonomy":"category","embeddable":true,"href":"https:\/\/diariodeloeste.com\/noticias\/wp-json\/wp\/v2\/categories?post=14850"},{"taxonomy":"post_tag","embeddable":true,"href":"https:\/\/diariodeloeste.com\/noticias\/wp-json\/wp\/v2\/tags?post=14850"}],"curies":[{"name":"wp","href":"https:\/\/api.w.org\/{rel}","templated":true}]}}