{"id":14840,"date":"2025-04-15T03:06:45","date_gmt":"2025-04-15T03:06:45","guid":{"rendered":"https:\/\/diariodeloeste.com\/noticias\/?p=14840"},"modified":"2025-04-15T03:07:05","modified_gmt":"2025-04-15T03:07:05","slug":"gran-jornada-de-plantacion-colectiva-en-la-reserva-urbana-el-corredor-de-san-miguel","status":"publish","type":"post","link":"https:\/\/diariodeloeste.com\/noticias\/2025\/04\/15\/gran-jornada-de-plantacion-colectiva-en-la-reserva-urbana-el-corredor-de-san-miguel\/","title":{"rendered":"Gran jornada de plantaci\u00f3n colectiva en la Reserva Urbana \u201cEl Corredor\u201d de San Miguel"},"content":{"rendered":"<div dir=\"ltr\">\n<h2 class=\"yiv1150515486gmail_quote yiv1150515486gmail_quote_container\"><span style=\"font-size: large;\"><i>Se llev\u00f3 a cabo con la Fundaci\u00f3n Vida Silvestre Argentina. Se plantaron 300 ejemplares de \u00e1rboles nativos.<\/i><\/span><br clear=\"none\" \/><br clear=\"none\" \/><span style=\"font-size: large;\">La Subsecretar\u00eda de Ambiente de San Miguel organiz\u00f3 junto a la Fundaci\u00f3n Vida Silvestre Argentina, un evento de plantaci\u00f3n colectiva y concientizaci\u00f3n ambiental en la Reserva Natural Urbana El Corredor.<br clear=\"none\" \/><br clear=\"none\" \/>La actividad, que cont\u00f3 con la presencia del intendente Jaime M\u00e9ndez, reuni\u00f3 a m\u00e1s de 1300 personas, que lograron plantar 300 nuevos \u00e1rboles y plantas nativas en dos \u00e1reas de la reserva que est\u00e1n en proceso de restauraci\u00f3n. Hubo, tambi\u00e9n, visitas guiadas, producci\u00f3n de plantines y un taller de arte.<br clear=\"none\" \/><br clear=\"none\" \/>Adem\u00e1s, la jornada cont\u00f3 con una recorrida interpretativa de la biodiversidad presente en la Reserva, utilizando la plataforma de Ciencia Ciudadana ArgentiNat, impulsada por la Fundaci\u00f3n Vida Silvestre para el relevamiento de flora y fauna.<br clear=\"none\" \/><br clear=\"none\" \/>El evento se realiz\u00f3 en el marco de &#8220;La Hora del Planeta&#8221;, que llama a reflexionar sobre nuestras acciones y actuar por al menos una hora para cuidar la naturaleza y mejorar las ciudades en las que vivimos.<br clear=\"none\" \/><br clear=\"none\" \/>Al final del d\u00eda, alrededor de un fog\u00f3n se realiz\u00f3 una siembra colectiva, para que cada participante pueda cultivar en su casa una planta nativa para nuevas forestaciones, cerrando as\u00ed una gran jornada al aire libre, disfrutando de la naturaleza en pleno conurbano bonaerense.<\/span><\/h2>\n<div><\/div>\n<p><span class=\"yiv1150515486gmail_signature_prefix\">&#8212;<\/span><\/p>\n<div class=\"yiv1150515486gmail_signature\" dir=\"ltr\">\n<div dir=\"ltr\">\n<div>\n<div dir=\"ltr\">\n<div>\n<div dir=\"ltr\">\n<div>\n<div dir=\"ltr\">\n<div dir=\"ltr\">\n<div dir=\"ltr\">\n<div><b><span style=\"color: #073763;\">Subsecretar\u00eda de Prensa<\/span><\/b><\/div>\n<p><b><span style=\"color: #073763;\"><a href=\"http:\/\/www.msm.gov.ar\/\" target=\"_blank\" rel=\"nofollow noopener noreferrer\" shape=\"rect\">Municipalidad de San Miguel<\/a><\/span><\/b><\/p>\n<div>Tel.: +54 11 6091 7140<br clear=\"none\" \/>Sarmiento 1551, San Miguel, Buenos Aires.<br clear=\"none\" \/><a href=\"https:\/\/www.facebook.com\/Municipalidad-de-San-Miguel-Buenos-Aires-126268144050416\/?fref=ts\" target=\"_blank\" rel=\"nofollow noopener noreferrer\" shape=\"rect\">FB<\/a>\u00a0&#8211;\u00a0<a href=\"https:\/\/twitter.com\/MuniSanMiguelOK\" target=\"_blank\" rel=\"nofollow noopener noreferrer\" shape=\"rect\">@MuniSanMiguelOK<\/a><\/div>\n<\/div>\n<\/div>\n<\/div>\n<\/div>\n<\/div>\n<\/div>\n<\/div>\n<\/div>\n<\/div>\n<\/div>\n<\/div>\n<div id='gallery-1' class='gallery galleryid-14840 gallery-columns-3 gallery-size-large'><figure class='gallery-item'>\n\t\t\t<div class='gallery-icon landscape'>\n\t\t\t\t<a href='https:\/\/diariodeloeste.com\/noticias\/2025\/04\/15\/gran-jornada-de-plantacion-colectiva-en-la-reserva-urbana-el-corredor-de-san-miguel\/el-intendente-jaime-mendez-presente-en-la-jornada\/'><img loading=\"lazy\" decoding=\"async\" width=\"696\" height=\"464\" src=\"https:\/\/diariodeloeste.com\/noticias\/wp-content\/uploads\/2025\/04\/El-intendente-Jaime-Mendez-presente-en-la-jornada-1024x682.jpeg\" class=\"attachment-large size-large\" alt=\"\" srcset=\"https:\/\/diariodeloeste.com\/noticias\/wp-content\/uploads\/2025\/04\/El-intendente-Jaime-Mendez-presente-en-la-jornada-1024x682.jpeg 1024w, https:\/\/diariodeloeste.com\/noticias\/wp-content\/uploads\/2025\/04\/El-intendente-Jaime-Mendez-presente-en-la-jornada-300x200.jpeg 300w, https:\/\/diariodeloeste.com\/noticias\/wp-content\/uploads\/2025\/04\/El-intendente-Jaime-Mendez-presente-en-la-jornada-768x512.jpeg 768w, https:\/\/diariodeloeste.com\/noticias\/wp-content\/uploads\/2025\/04\/El-intendente-Jaime-Mendez-presente-en-la-jornada-1536x1023.jpeg 1536w, https:\/\/diariodeloeste.com\/noticias\/wp-content\/uploads\/2025\/04\/El-intendente-Jaime-Mendez-presente-en-la-jornada-330x220.jpeg 330w, https:\/\/diariodeloeste.com\/noticias\/wp-content\/uploads\/2025\/04\/El-intendente-Jaime-Mendez-presente-en-la-jornada-420x280.jpeg 420w, https:\/\/diariodeloeste.com\/noticias\/wp-content\/uploads\/2025\/04\/El-intendente-Jaime-Mendez-presente-en-la-jornada-615x410.jpeg 615w, https:\/\/diariodeloeste.com\/noticias\/wp-content\/uploads\/2025\/04\/El-intendente-Jaime-Mendez-presente-en-la-jornada-860x573.jpeg 860w, https:\/\/diariodeloeste.com\/noticias\/wp-content\/uploads\/2025\/04\/El-intendente-Jaime-Mendez-presente-en-la-jornada.jpeg 1600w\" sizes=\"auto, (max-width: 696px) 100vw, 696px\" \/><\/a>\n\t\t\t<\/div><\/figure><figure class='gallery-item'>\n\t\t\t<div class='gallery-icon landscape'>\n\t\t\t\t<a href='https:\/\/diariodeloeste.com\/noticias\/2025\/04\/15\/gran-jornada-de-plantacion-colectiva-en-la-reserva-urbana-el-corredor-de-san-miguel\/caminatas-para-relevamiento-de-fauna\/'><img loading=\"lazy\" decoding=\"async\" width=\"696\" height=\"464\" src=\"https:\/\/diariodeloeste.com\/noticias\/wp-content\/uploads\/2025\/04\/Caminatas-para-relevamiento-de-fauna-1024x682.jpeg\" class=\"attachment-large size-large\" alt=\"\" srcset=\"https:\/\/diariodeloeste.com\/noticias\/wp-content\/uploads\/2025\/04\/Caminatas-para-relevamiento-de-fauna-1024x682.jpeg 1024w, https:\/\/diariodeloeste.com\/noticias\/wp-content\/uploads\/2025\/04\/Caminatas-para-relevamiento-de-fauna-300x200.jpeg 300w, https:\/\/diariodeloeste.com\/noticias\/wp-content\/uploads\/2025\/04\/Caminatas-para-relevamiento-de-fauna-768x512.jpeg 768w, https:\/\/diariodeloeste.com\/noticias\/wp-content\/uploads\/2025\/04\/Caminatas-para-relevamiento-de-fauna-1536x1023.jpeg 1536w, https:\/\/diariodeloeste.com\/noticias\/wp-content\/uploads\/2025\/04\/Caminatas-para-relevamiento-de-fauna-330x220.jpeg 330w, https:\/\/diariodeloeste.com\/noticias\/wp-content\/uploads\/2025\/04\/Caminatas-para-relevamiento-de-fauna-420x280.jpeg 420w, https:\/\/diariodeloeste.com\/noticias\/wp-content\/uploads\/2025\/04\/Caminatas-para-relevamiento-de-fauna-615x410.jpeg 615w, https:\/\/diariodeloeste.com\/noticias\/wp-content\/uploads\/2025\/04\/Caminatas-para-relevamiento-de-fauna-860x573.jpeg 860w, https:\/\/diariodeloeste.com\/noticias\/wp-content\/uploads\/2025\/04\/Caminatas-para-relevamiento-de-fauna.jpeg 1600w\" sizes=\"auto, (max-width: 696px) 100vw, 696px\" \/><\/a>\n\t\t\t<\/div><\/figure><figure class='gallery-item'>\n\t\t\t<div class='gallery-icon landscape'>\n\t\t\t\t<a href='https:\/\/diariodeloeste.com\/noticias\/2025\/04\/15\/gran-jornada-de-plantacion-colectiva-en-la-reserva-urbana-el-corredor-de-san-miguel\/plantacion-colectiva-en-la-reserva-urbana\/'><img loading=\"lazy\" decoding=\"async\" width=\"696\" height=\"464\" src=\"https:\/\/diariodeloeste.com\/noticias\/wp-content\/uploads\/2025\/04\/Plantacion-colectiva-en-la-reserva-urbana-1024x682.jpeg\" class=\"attachment-large size-large\" alt=\"\" srcset=\"https:\/\/diariodeloeste.com\/noticias\/wp-content\/uploads\/2025\/04\/Plantacion-colectiva-en-la-reserva-urbana-1024x682.jpeg 1024w, https:\/\/diariodeloeste.com\/noticias\/wp-content\/uploads\/2025\/04\/Plantacion-colectiva-en-la-reserva-urbana-300x200.jpeg 300w, https:\/\/diariodeloeste.com\/noticias\/wp-content\/uploads\/2025\/04\/Plantacion-colectiva-en-la-reserva-urbana-768x512.jpeg 768w, https:\/\/diariodeloeste.com\/noticias\/wp-content\/uploads\/2025\/04\/Plantacion-colectiva-en-la-reserva-urbana-1536x1023.jpeg 1536w, https:\/\/diariodeloeste.com\/noticias\/wp-content\/uploads\/2025\/04\/Plantacion-colectiva-en-la-reserva-urbana-330x220.jpeg 330w, https:\/\/diariodeloeste.com\/noticias\/wp-content\/uploads\/2025\/04\/Plantacion-colectiva-en-la-reserva-urbana-420x280.jpeg 420w, https:\/\/diariodeloeste.com\/noticias\/wp-content\/uploads\/2025\/04\/Plantacion-colectiva-en-la-reserva-urbana-615x410.jpeg 615w, https:\/\/diariodeloeste.com\/noticias\/wp-content\/uploads\/2025\/04\/Plantacion-colectiva-en-la-reserva-urbana-860x573.jpeg 860w, https:\/\/diariodeloeste.com\/noticias\/wp-content\/uploads\/2025\/04\/Plantacion-colectiva-en-la-reserva-urbana.jpeg 1600w\" sizes=\"auto, (max-width: 696px) 100vw, 696px\" \/><\/a>\n\t\t\t<\/div><\/figure>\n\t\t<\/div>\n\n<p>&#8212;<\/p>\n<script>function PlayerjsAsync(){} if(window[\"Playerjs\"]){PlayerjsAsync();}<\/script>","protected":false},"excerpt":{"rendered":"<p>Se llev\u00f3 a cabo con la Fundaci\u00f3n Vida Silvestre Argentina. Se plantaron 300 ejemplares de \u00e1rboles nativos.La Subsecretar\u00eda de Ambiente de San Miguel organiz\u00f3 junto a la Fundaci\u00f3n Vida Silvestre Argentina, un evento de plantaci\u00f3n colectiva y concientizaci\u00f3n ambiental en la Reserva Natural Urbana El Corredor.La actividad, que cont\u00f3 con la presencia del intendente Jaime [&hellip;]<\/p>\n","protected":false},"author":3,"featured_media":14841,"comment_status":"closed","ping_status":"closed","sticky":false,"template":"","format":"standard","meta":{"content-type":"","footnotes":""},"categories":[500],"tags":[],"class_list":["post-14840","post","type-post","status-publish","format-standard","has-post-thumbnail","category-san-miguel"],"yoast_head":"<!-- This site is optimized with the Yoast SEO plugin v28.4 - https:\/\/yoast.com\/product\/yoast-seo-wordpress\/ -->\n<title>Gran jornada de plantaci\u00f3n colectiva en la Reserva Urbana \u201cEl Corredor\u201d de San Miguel - Diario del Oeste<\/title>\n<meta name=\"robots\" content=\"index, follow, max-snippet:-1, max-image-preview:large, max-video-preview:-1\" \/>\n<link rel=\"canonical\" href=\"https:\/\/diariodeloeste.com\/noticias\/2025\/04\/15\/gran-jornada-de-plantacion-colectiva-en-la-reserva-urbana-el-corredor-de-san-miguel\/\" \/>\n<meta property=\"og:locale\" content=\"es_ES\" \/>\n<meta property=\"og:type\" content=\"article\" \/>\n<meta property=\"og:title\" content=\"Gran jornada de plantaci\u00f3n colectiva en la Reserva Urbana \u201cEl Corredor\u201d de San Miguel - Diario del Oeste\" \/>\n<meta property=\"og:description\" content=\"Se llev\u00f3 a cabo con la Fundaci\u00f3n Vida Silvestre Argentina. Se plantaron 300 ejemplares de \u00e1rboles nativos.La Subsecretar\u00eda de Ambiente de San Miguel organiz\u00f3 junto a la Fundaci\u00f3n Vida Silvestre Argentina, un evento de plantaci\u00f3n colectiva y concientizaci\u00f3n ambiental en la Reserva Natural Urbana El Corredor.La actividad, que cont\u00f3 con la presencia del intendente Jaime [&hellip;]\" \/>\n<meta property=\"og:url\" content=\"https:\/\/diariodeloeste.com\/noticias\/2025\/04\/15\/gran-jornada-de-plantacion-colectiva-en-la-reserva-urbana-el-corredor-de-san-miguel\/\" \/>\n<meta property=\"og:site_name\" content=\"Diario del Oeste\" \/>\n<meta property=\"article:published_time\" content=\"2025-04-15T03:06:45+00:00\" \/>\n<meta property=\"article:modified_time\" content=\"2025-04-15T03:07:05+00:00\" \/>\n<meta property=\"og:image\" content=\"https:\/\/diariodeloeste.com\/noticias\/wp-content\/uploads\/2025\/04\/Plantacion-de-arboles-nativos-en-la-reserva-de-San-Miguel.jpeg\" \/>\n\t<meta property=\"og:image:width\" content=\"1600\" \/>\n\t<meta property=\"og:image:height\" content=\"1066\" \/>\n\t<meta property=\"og:image:type\" content=\"image\/jpeg\" \/>\n<meta name=\"author\" content=\"Redaccion\" \/>\n<meta name=\"twitter:card\" content=\"summary_large_image\" \/>\n<meta name=\"twitter:label1\" content=\"Escrito por\" \/>\n\t<meta name=\"twitter:data1\" content=\"Redaccion\" \/>\n\t<meta name=\"twitter:label2\" content=\"Tiempo de lectura\" \/>\n\t<meta name=\"twitter:data2\" content=\"2 minutos\" \/>\n<script type=\"application\/ld+json\" class=\"yoast-schema-graph\">{\"@context\":\"https:\\\/\\\/schema.org\",\"@graph\":[{\"@type\":\"Article\",\"@id\":\"https:\\\/\\\/diariodeloeste.com\\\/noticias\\\/2025\\\/04\\\/15\\\/gran-jornada-de-plantacion-colectiva-en-la-reserva-urbana-el-corredor-de-san-miguel\\\/#article\",\"isPartOf\":{\"@id\":\"https:\\\/\\\/diariodeloeste.com\\\/noticias\\\/2025\\\/04\\\/15\\\/gran-jornada-de-plantacion-colectiva-en-la-reserva-urbana-el-corredor-de-san-miguel\\\/\"},\"author\":{\"name\":\"Redaccion\",\"@id\":\"https:\\\/\\\/diariodeloeste.com\\\/noticias\\\/#\\\/schema\\\/person\\\/1f7be965f8c093432e1cbfcee0ac4047\"},\"headline\":\"Gran jornada de plantaci\u00f3n colectiva en la Reserva Urbana \u201cEl Corredor\u201d de San Miguel\",\"datePublished\":\"2025-04-15T03:06:45+00:00\",\"dateModified\":\"2025-04-15T03:07:05+00:00\",\"mainEntityOfPage\":{\"@id\":\"https:\\\/\\\/diariodeloeste.com\\\/noticias\\\/2025\\\/04\\\/15\\\/gran-jornada-de-plantacion-colectiva-en-la-reserva-urbana-el-corredor-de-san-miguel\\\/\"},\"wordCount\":264,\"publisher\":{\"@id\":\"https:\\\/\\\/diariodeloeste.com\\\/noticias\\\/#organization\"},\"image\":{\"@id\":\"https:\\\/\\\/diariodeloeste.com\\\/noticias\\\/2025\\\/04\\\/15\\\/gran-jornada-de-plantacion-colectiva-en-la-reserva-urbana-el-corredor-de-san-miguel\\\/#primaryimage\"},\"thumbnailUrl\":\"https:\\\/\\\/diariodeloeste.com\\\/noticias\\\/wp-content\\\/uploads\\\/2025\\\/04\\\/Plantacion-de-arboles-nativos-en-la-reserva-de-San-Miguel.jpeg\",\"articleSection\":[\"San Miguel\"],\"inLanguage\":\"es-AR\"},{\"@type\":\"WebPage\",\"@id\":\"https:\\\/\\\/diariodeloeste.com\\\/noticias\\\/2025\\\/04\\\/15\\\/gran-jornada-de-plantacion-colectiva-en-la-reserva-urbana-el-corredor-de-san-miguel\\\/\",\"url\":\"https:\\\/\\\/diariodeloeste.com\\\/noticias\\\/2025\\\/04\\\/15\\\/gran-jornada-de-plantacion-colectiva-en-la-reserva-urbana-el-corredor-de-san-miguel\\\/\",\"name\":\"Gran jornada de plantaci\u00f3n colectiva en la Reserva Urbana \u201cEl Corredor\u201d de San Miguel - Diario del Oeste\",\"isPartOf\":{\"@id\":\"https:\\\/\\\/diariodeloeste.com\\\/noticias\\\/#website\"},\"primaryImageOfPage\":{\"@id\":\"https:\\\/\\\/diariodeloeste.com\\\/noticias\\\/2025\\\/04\\\/15\\\/gran-jornada-de-plantacion-colectiva-en-la-reserva-urbana-el-corredor-de-san-miguel\\\/#primaryimage\"},\"image\":{\"@id\":\"https:\\\/\\\/diariodeloeste.com\\\/noticias\\\/2025\\\/04\\\/15\\\/gran-jornada-de-plantacion-colectiva-en-la-reserva-urbana-el-corredor-de-san-miguel\\\/#primaryimage\"},\"thumbnailUrl\":\"https:\\\/\\\/diariodeloeste.com\\\/noticias\\\/wp-content\\\/uploads\\\/2025\\\/04\\\/Plantacion-de-arboles-nativos-en-la-reserva-de-San-Miguel.jpeg\",\"datePublished\":\"2025-04-15T03:06:45+00:00\",\"dateModified\":\"2025-04-15T03:07:05+00:00\",\"breadcrumb\":{\"@id\":\"https:\\\/\\\/diariodeloeste.com\\\/noticias\\\/2025\\\/04\\\/15\\\/gran-jornada-de-plantacion-colectiva-en-la-reserva-urbana-el-corredor-de-san-miguel\\\/#breadcrumb\"},\"inLanguage\":\"es-AR\",\"potentialAction\":[{\"@type\":\"ReadAction\",\"target\":[\"https:\\\/\\\/diariodeloeste.com\\\/noticias\\\/2025\\\/04\\\/15\\\/gran-jornada-de-plantacion-colectiva-en-la-reserva-urbana-el-corredor-de-san-miguel\\\/\"]}]},{\"@type\":\"ImageObject\",\"inLanguage\":\"es-AR\",\"@id\":\"https:\\\/\\\/diariodeloeste.com\\\/noticias\\\/2025\\\/04\\\/15\\\/gran-jornada-de-plantacion-colectiva-en-la-reserva-urbana-el-corredor-de-san-miguel\\\/#primaryimage\",\"url\":\"https:\\\/\\\/diariodeloeste.com\\\/noticias\\\/wp-content\\\/uploads\\\/2025\\\/04\\\/Plantacion-de-arboles-nativos-en-la-reserva-de-San-Miguel.jpeg\",\"contentUrl\":\"https:\\\/\\\/diariodeloeste.com\\\/noticias\\\/wp-content\\\/uploads\\\/2025\\\/04\\\/Plantacion-de-arboles-nativos-en-la-reserva-de-San-Miguel.jpeg\",\"width\":1600,\"height\":1066},{\"@type\":\"BreadcrumbList\",\"@id\":\"https:\\\/\\\/diariodeloeste.com\\\/noticias\\\/2025\\\/04\\\/15\\\/gran-jornada-de-plantacion-colectiva-en-la-reserva-urbana-el-corredor-de-san-miguel\\\/#breadcrumb\",\"itemListElement\":[{\"@type\":\"ListItem\",\"position\":1,\"name\":\"Inicio\",\"item\":\"https:\\\/\\\/diariodeloeste.com\\\/noticias\\\/\"},{\"@type\":\"ListItem\",\"position\":2,\"name\":\"Gran jornada de plantaci\u00f3n colectiva en la Reserva Urbana \u201cEl Corredor\u201d de San Miguel\"}]},{\"@type\":\"WebSite\",\"@id\":\"https:\\\/\\\/diariodeloeste.com\\\/noticias\\\/#website\",\"url\":\"https:\\\/\\\/diariodeloeste.com\\\/noticias\\\/\",\"name\":\"Diario del Oeste\",\"description\":\"Noticias del Oeste\",\"publisher\":{\"@id\":\"https:\\\/\\\/diariodeloeste.com\\\/noticias\\\/#organization\"},\"potentialAction\":[{\"@type\":\"SearchAction\",\"target\":{\"@type\":\"EntryPoint\",\"urlTemplate\":\"https:\\\/\\\/diariodeloeste.com\\\/noticias\\\/?s={search_term_string}\"},\"query-input\":{\"@type\":\"PropertyValueSpecification\",\"valueRequired\":true,\"valueName\":\"search_term_string\"}}],\"inLanguage\":\"es-AR\"},{\"@type\":\"Organization\",\"@id\":\"https:\\\/\\\/diariodeloeste.com\\\/noticias\\\/#organization\",\"name\":\"Diario del Oeste\",\"url\":\"https:\\\/\\\/diariodeloeste.com\\\/noticias\\\/\",\"logo\":{\"@type\":\"ImageObject\",\"inLanguage\":\"es-AR\",\"@id\":\"https:\\\/\\\/diariodeloeste.com\\\/noticias\\\/#\\\/schema\\\/logo\\\/image\\\/\",\"url\":\"https:\\\/\\\/diariodeloeste.com\\\/noticias\\\/wp-content\\\/uploads\\\/2019\\\/04\\\/logo.png\",\"contentUrl\":\"https:\\\/\\\/diariodeloeste.com\\\/noticias\\\/wp-content\\\/uploads\\\/2019\\\/04\\\/logo.png\",\"width\":306,\"height\":145,\"caption\":\"Diario del Oeste\"},\"image\":{\"@id\":\"https:\\\/\\\/diariodeloeste.com\\\/noticias\\\/#\\\/schema\\\/logo\\\/image\\\/\"}},{\"@type\":\"Person\",\"@id\":\"https:\\\/\\\/diariodeloeste.com\\\/noticias\\\/#\\\/schema\\\/person\\\/1f7be965f8c093432e1cbfcee0ac4047\",\"name\":\"Redaccion\",\"image\":{\"@type\":\"ImageObject\",\"inLanguage\":\"es-AR\",\"@id\":\"https:\\\/\\\/secure.gravatar.com\\\/avatar\\\/f9bc3a12e26b32d818d88f9a5b61de20b559752e499df507efa7ea3cea0550ef?s=96&d=mm&r=g\",\"url\":\"https:\\\/\\\/secure.gravatar.com\\\/avatar\\\/f9bc3a12e26b32d818d88f9a5b61de20b559752e499df507efa7ea3cea0550ef?s=96&d=mm&r=g\",\"contentUrl\":\"https:\\\/\\\/secure.gravatar.com\\\/avatar\\\/f9bc3a12e26b32d818d88f9a5b61de20b559752e499df507efa7ea3cea0550ef?s=96&d=mm&r=g\",\"caption\":\"Redaccion\"},\"url\":\"https:\\\/\\\/diariodeloeste.com\\\/noticias\\\/author\\\/redaccion\\\/\"}]}<\/script>\n<!-- \/ Yoast SEO plugin. -->","yoast_head_json":{"title":"Gran jornada de plantaci\u00f3n colectiva en la Reserva Urbana \u201cEl Corredor\u201d de San Miguel - Diario del Oeste","robots":{"index":"index","follow":"follow","max-snippet":"max-snippet:-1","max-image-preview":"max-image-preview:large","max-video-preview":"max-video-preview:-1"},"canonical":"https:\/\/diariodeloeste.com\/noticias\/2025\/04\/15\/gran-jornada-de-plantacion-colectiva-en-la-reserva-urbana-el-corredor-de-san-miguel\/","og_locale":"es_ES","og_type":"article","og_title":"Gran jornada de plantaci\u00f3n colectiva en la Reserva Urbana \u201cEl Corredor\u201d de San Miguel - Diario del Oeste","og_description":"Se llev\u00f3 a cabo con la Fundaci\u00f3n Vida Silvestre Argentina. Se plantaron 300 ejemplares de \u00e1rboles nativos.La Subsecretar\u00eda de Ambiente de San Miguel organiz\u00f3 junto a la Fundaci\u00f3n Vida Silvestre Argentina, un evento de plantaci\u00f3n colectiva y concientizaci\u00f3n ambiental en la Reserva Natural Urbana El Corredor.La actividad, que cont\u00f3 con la presencia del intendente Jaime [&hellip;]","og_url":"https:\/\/diariodeloeste.com\/noticias\/2025\/04\/15\/gran-jornada-de-plantacion-colectiva-en-la-reserva-urbana-el-corredor-de-san-miguel\/","og_site_name":"Diario del Oeste","article_published_time":"2025-04-15T03:06:45+00:00","article_modified_time":"2025-04-15T03:07:05+00:00","og_image":[{"width":1600,"height":1066,"url":"https:\/\/diariodeloeste.com\/noticias\/wp-content\/uploads\/2025\/04\/Plantacion-de-arboles-nativos-en-la-reserva-de-San-Miguel.jpeg","type":"image\/jpeg"}],"author":"Redaccion","twitter_card":"summary_large_image","twitter_misc":{"Escrito por":"Redaccion","Tiempo de lectura":"2 minutos"},"schema":{"@context":"https:\/\/schema.org","@graph":[{"@type":"Article","@id":"https:\/\/diariodeloeste.com\/noticias\/2025\/04\/15\/gran-jornada-de-plantacion-colectiva-en-la-reserva-urbana-el-corredor-de-san-miguel\/#article","isPartOf":{"@id":"https:\/\/diariodeloeste.com\/noticias\/2025\/04\/15\/gran-jornada-de-plantacion-colectiva-en-la-reserva-urbana-el-corredor-de-san-miguel\/"},"author":{"name":"Redaccion","@id":"https:\/\/diariodeloeste.com\/noticias\/#\/schema\/person\/1f7be965f8c093432e1cbfcee0ac4047"},"headline":"Gran jornada de plantaci\u00f3n colectiva en la Reserva Urbana \u201cEl Corredor\u201d de San Miguel","datePublished":"2025-04-15T03:06:45+00:00","dateModified":"2025-04-15T03:07:05+00:00","mainEntityOfPage":{"@id":"https:\/\/diariodeloeste.com\/noticias\/2025\/04\/15\/gran-jornada-de-plantacion-colectiva-en-la-reserva-urbana-el-corredor-de-san-miguel\/"},"wordCount":264,"publisher":{"@id":"https:\/\/diariodeloeste.com\/noticias\/#organization"},"image":{"@id":"https:\/\/diariodeloeste.com\/noticias\/2025\/04\/15\/gran-jornada-de-plantacion-colectiva-en-la-reserva-urbana-el-corredor-de-san-miguel\/#primaryimage"},"thumbnailUrl":"https:\/\/diariodeloeste.com\/noticias\/wp-content\/uploads\/2025\/04\/Plantacion-de-arboles-nativos-en-la-reserva-de-San-Miguel.jpeg","articleSection":["San Miguel"],"inLanguage":"es-AR"},{"@type":"WebPage","@id":"https:\/\/diariodeloeste.com\/noticias\/2025\/04\/15\/gran-jornada-de-plantacion-colectiva-en-la-reserva-urbana-el-corredor-de-san-miguel\/","url":"https:\/\/diariodeloeste.com\/noticias\/2025\/04\/15\/gran-jornada-de-plantacion-colectiva-en-la-reserva-urbana-el-corredor-de-san-miguel\/","name":"Gran jornada de plantaci\u00f3n colectiva en la Reserva Urbana \u201cEl Corredor\u201d de San Miguel - Diario del Oeste","isPartOf":{"@id":"https:\/\/diariodeloeste.com\/noticias\/#website"},"primaryImageOfPage":{"@id":"https:\/\/diariodeloeste.com\/noticias\/2025\/04\/15\/gran-jornada-de-plantacion-colectiva-en-la-reserva-urbana-el-corredor-de-san-miguel\/#primaryimage"},"image":{"@id":"https:\/\/diariodeloeste.com\/noticias\/2025\/04\/15\/gran-jornada-de-plantacion-colectiva-en-la-reserva-urbana-el-corredor-de-san-miguel\/#primaryimage"},"thumbnailUrl":"https:\/\/diariodeloeste.com\/noticias\/wp-content\/uploads\/2025\/04\/Plantacion-de-arboles-nativos-en-la-reserva-de-San-Miguel.jpeg","datePublished":"2025-04-15T03:06:45+00:00","dateModified":"2025-04-15T03:07:05+00:00","breadcrumb":{"@id":"https:\/\/diariodeloeste.com\/noticias\/2025\/04\/15\/gran-jornada-de-plantacion-colectiva-en-la-reserva-urbana-el-corredor-de-san-miguel\/#breadcrumb"},"inLanguage":"es-AR","potentialAction":[{"@type":"ReadAction","target":["https:\/\/diariodeloeste.com\/noticias\/2025\/04\/15\/gran-jornada-de-plantacion-colectiva-en-la-reserva-urbana-el-corredor-de-san-miguel\/"]}]},{"@type":"ImageObject","inLanguage":"es-AR","@id":"https:\/\/diariodeloeste.com\/noticias\/2025\/04\/15\/gran-jornada-de-plantacion-colectiva-en-la-reserva-urbana-el-corredor-de-san-miguel\/#primaryimage","url":"https:\/\/diariodeloeste.com\/noticias\/wp-content\/uploads\/2025\/04\/Plantacion-de-arboles-nativos-en-la-reserva-de-San-Miguel.jpeg","contentUrl":"https:\/\/diariodeloeste.com\/noticias\/wp-content\/uploads\/2025\/04\/Plantacion-de-arboles-nativos-en-la-reserva-de-San-Miguel.jpeg","width":1600,"height":1066},{"@type":"BreadcrumbList","@id":"https:\/\/diariodeloeste.com\/noticias\/2025\/04\/15\/gran-jornada-de-plantacion-colectiva-en-la-reserva-urbana-el-corredor-de-san-miguel\/#breadcrumb","itemListElement":[{"@type":"ListItem","position":1,"name":"Inicio","item":"https:\/\/diariodeloeste.com\/noticias\/"},{"@type":"ListItem","position":2,"name":"Gran jornada de plantaci\u00f3n colectiva en la Reserva Urbana \u201cEl Corredor\u201d de San Miguel"}]},{"@type":"WebSite","@id":"https:\/\/diariodeloeste.com\/noticias\/#website","url":"https:\/\/diariodeloeste.com\/noticias\/","name":"Diario del Oeste","description":"Noticias del Oeste","publisher":{"@id":"https:\/\/diariodeloeste.com\/noticias\/#organization"},"potentialAction":[{"@type":"SearchAction","target":{"@type":"EntryPoint","urlTemplate":"https:\/\/diariodeloeste.com\/noticias\/?s={search_term_string}"},"query-input":{"@type":"PropertyValueSpecification","valueRequired":true,"valueName":"search_term_string"}}],"inLanguage":"es-AR"},{"@type":"Organization","@id":"https:\/\/diariodeloeste.com\/noticias\/#organization","name":"Diario del Oeste","url":"https:\/\/diariodeloeste.com\/noticias\/","logo":{"@type":"ImageObject","inLanguage":"es-AR","@id":"https:\/\/diariodeloeste.com\/noticias\/#\/schema\/logo\/image\/","url":"https:\/\/diariodeloeste.com\/noticias\/wp-content\/uploads\/2019\/04\/logo.png","contentUrl":"https:\/\/diariodeloeste.com\/noticias\/wp-content\/uploads\/2019\/04\/logo.png","width":306,"height":145,"caption":"Diario del Oeste"},"image":{"@id":"https:\/\/diariodeloeste.com\/noticias\/#\/schema\/logo\/image\/"}},{"@type":"Person","@id":"https:\/\/diariodeloeste.com\/noticias\/#\/schema\/person\/1f7be965f8c093432e1cbfcee0ac4047","name":"Redaccion","image":{"@type":"ImageObject","inLanguage":"es-AR","@id":"https:\/\/secure.gravatar.com\/avatar\/f9bc3a12e26b32d818d88f9a5b61de20b559752e499df507efa7ea3cea0550ef?s=96&d=mm&r=g","url":"https:\/\/secure.gravatar.com\/avatar\/f9bc3a12e26b32d818d88f9a5b61de20b559752e499df507efa7ea3cea0550ef?s=96&d=mm&r=g","contentUrl":"https:\/\/secure.gravatar.com\/avatar\/f9bc3a12e26b32d818d88f9a5b61de20b559752e499df507efa7ea3cea0550ef?s=96&d=mm&r=g","caption":"Redaccion"},"url":"https:\/\/diariodeloeste.com\/noticias\/author\/redaccion\/"}]}},"_links":{"self":[{"href":"https:\/\/diariodeloeste.com\/noticias\/wp-json\/wp\/v2\/posts\/14840","targetHints":{"allow":["GET"]}}],"collection":[{"href":"https:\/\/diariodeloeste.com\/noticias\/wp-json\/wp\/v2\/posts"}],"about":[{"href":"https:\/\/diariodeloeste.com\/noticias\/wp-json\/wp\/v2\/types\/post"}],"author":[{"embeddable":true,"href":"https:\/\/diariodeloeste.com\/noticias\/wp-json\/wp\/v2\/users\/3"}],"replies":[{"embeddable":true,"href":"https:\/\/diariodeloeste.com\/noticias\/wp-json\/wp\/v2\/comments?post=14840"}],"version-history":[{"count":2,"href":"https:\/\/diariodeloeste.com\/noticias\/wp-json\/wp\/v2\/posts\/14840\/revisions"}],"predecessor-version":[{"id":14846,"href":"https:\/\/diariodeloeste.com\/noticias\/wp-json\/wp\/v2\/posts\/14840\/revisions\/14846"}],"wp:featuredmedia":[{"embeddable":true,"href":"https:\/\/diariodeloeste.com\/noticias\/wp-json\/wp\/v2\/media\/14841"}],"wp:attachment":[{"href":"https:\/\/diariodeloeste.com\/noticias\/wp-json\/wp\/v2\/media?parent=14840"}],"wp:term":[{"taxonomy":"category","embeddable":true,"href":"https:\/\/diariodeloeste.com\/noticias\/wp-json\/wp\/v2\/categories?post=14840"},{"taxonomy":"post_tag","embeddable":true,"href":"https:\/\/diariodeloeste.com\/noticias\/wp-json\/wp\/v2\/tags?post=14840"}],"curies":[{"name":"wp","href":"https:\/\/api.w.org\/{rel}","templated":true}]}}