{"id":14794,"date":"2025-03-12T02:58:05","date_gmt":"2025-03-12T02:58:05","guid":{"rendered":"https:\/\/diariodeloeste.com\/noticias\/?p=14794"},"modified":"2025-03-12T03:05:02","modified_gmt":"2025-03-12T03:05:02","slug":"14794","status":"publish","type":"post","link":"https:\/\/diariodeloeste.com\/noticias\/2025\/03\/12\/14794\/","title":{"rendered":"Rob\u00f3 un celular, escap\u00f3 en un auto robado y fue detenido por la Polic\u00eda Municipal de San Miguel"},"content":{"rendered":"<h2><span style=\"font-size: large;\"><i>Fue denunciado por un vecino a trav\u00e9s de Ojos en Alerta.<\/i><\/span><\/h2>\n<p>Tras una impactante persecuci\u00f3n, la Polic\u00eda Municipal de San Miguel detuvo a un delincuente que hab\u00eda robado un celular y luego emprendido la fuga en un Fiat Uno robado.<\/p>\n<p>El hecho fue denunciado a trav\u00e9s de Ojos en Alerta, el programa de seguridad que conecta a los vecinos con el Centro de Operaciones Municipal (COM). Gracias a un gran trabajo conjunto de los operadores de c\u00e1maras y el personal de patrullas, se logr\u00f3 aprehender al delincuente.<\/p>\n<p>Al ser alcanzado por la patrulla policial, en la esquina de Estrada y San Juan, en Bella Vista, el delincuente descendi\u00f3 del veh\u00edculo en movimiento para emprender la fuga a la carrera. Pero, al verse cercado por los m\u00f3viles, finalmente fue interceptado y aprehendido<\/p>\n<p><iframe loading=\"lazy\" title=\"Rob\u00f3 un celular, escap\u00f3 en un auto robado y fue detenido por la Polic\u00eda Municipal de San Miguel\" width=\"1170\" height=\"658\" src=\"https:\/\/www.youtube.com\/embed\/jvDzWabvVFA?feature=oembed\" frameborder=\"0\" allow=\"accelerometer; autoplay; clipboard-write; encrypted-media; gyroscope; picture-in-picture; web-share\" referrerpolicy=\"strict-origin-when-cross-origin\" allowfullscreen><\/iframe><\/p>\n<script>function PlayerjsAsync(){} if(window[\"Playerjs\"]){PlayerjsAsync();}<\/script>","protected":false},"excerpt":{"rendered":"<p>Fue denunciado por un vecino a trav\u00e9s de Ojos en Alerta. Tras una impactante persecuci\u00f3n, la Polic\u00eda Municipal de San Miguel detuvo a un delincuente que hab\u00eda robado un celular y luego emprendido la fuga en un Fiat Uno robado. El hecho fue denunciado a trav\u00e9s de Ojos en Alerta, el programa de seguridad que [&hellip;]<\/p>\n","protected":false},"author":3,"featured_media":14795,"comment_status":"closed","ping_status":"closed","sticky":false,"template":"","format":"standard","meta":{"content-type":"","footnotes":""},"categories":[5],"tags":[],"class_list":{"0":"post-14794","1":"post","2":"type-post","3":"status-publish","4":"format-standard","5":"has-post-thumbnail","7":"category-policiales"},"yoast_head":"<!-- This site is optimized with the Yoast SEO plugin v27.4 - https:\/\/yoast.com\/product\/yoast-seo-wordpress\/ -->\n<title>Rob\u00f3 un celular, escap\u00f3 en un auto robado y fue detenido por la Polic\u00eda Municipal de San Miguel - Diario del Oeste<\/title>\n<meta name=\"robots\" content=\"index, follow, max-snippet:-1, max-image-preview:large, max-video-preview:-1\" \/>\n<link rel=\"canonical\" href=\"https:\/\/diariodeloeste.com\/noticias\/2025\/03\/12\/14794\/\" \/>\n<meta property=\"og:locale\" content=\"es_ES\" \/>\n<meta property=\"og:type\" content=\"article\" \/>\n<meta property=\"og:title\" content=\"Rob\u00f3 un celular, escap\u00f3 en un auto robado y fue detenido por la Polic\u00eda Municipal de San Miguel - Diario del Oeste\" \/>\n<meta property=\"og:description\" content=\"Fue denunciado por un vecino a trav\u00e9s de Ojos en Alerta. Tras una impactante persecuci\u00f3n, la Polic\u00eda Municipal de San Miguel detuvo a un delincuente que hab\u00eda robado un celular y luego emprendido la fuga en un Fiat Uno robado. El hecho fue denunciado a trav\u00e9s de Ojos en Alerta, el programa de seguridad que [&hellip;]\" \/>\n<meta property=\"og:url\" content=\"https:\/\/diariodeloeste.com\/noticias\/2025\/03\/12\/14794\/\" \/>\n<meta property=\"og:site_name\" content=\"Diario del Oeste\" \/>\n<meta property=\"article:published_time\" content=\"2025-03-12T02:58:05+00:00\" \/>\n<meta property=\"article:modified_time\" content=\"2025-03-12T03:05:02+00:00\" \/>\n<meta property=\"og:image\" content=\"https:\/\/diariodeloeste.com\/noticias\/wp-content\/uploads\/2025\/03\/Captura-de-pantalla-100.png\" \/>\n\t<meta property=\"og:image:width\" content=\"1366\" \/>\n\t<meta property=\"og:image:height\" content=\"538\" \/>\n\t<meta property=\"og:image:type\" content=\"image\/png\" \/>\n<meta name=\"author\" content=\"Redaccion\" \/>\n<meta name=\"twitter:card\" content=\"summary_large_image\" \/>\n<meta name=\"twitter:label1\" content=\"Escrito por\" \/>\n\t<meta name=\"twitter:data1\" content=\"Redaccion\" \/>\n\t<meta name=\"twitter:label2\" content=\"Tiempo de lectura\" \/>\n\t<meta name=\"twitter:data2\" content=\"1 minuto\" \/>\n<script type=\"application\/ld+json\" class=\"yoast-schema-graph\">{\"@context\":\"https:\\\/\\\/schema.org\",\"@graph\":[{\"@type\":\"Article\",\"@id\":\"https:\\\/\\\/diariodeloeste.com\\\/noticias\\\/2025\\\/03\\\/12\\\/14794\\\/#article\",\"isPartOf\":{\"@id\":\"https:\\\/\\\/diariodeloeste.com\\\/noticias\\\/2025\\\/03\\\/12\\\/14794\\\/\"},\"author\":{\"name\":\"Redaccion\",\"@id\":\"https:\\\/\\\/diariodeloeste.com\\\/noticias\\\/#\\\/schema\\\/person\\\/1f7be965f8c093432e1cbfcee0ac4047\"},\"headline\":\"Rob\u00f3 un celular, escap\u00f3 en un auto robado y fue detenido por la Polic\u00eda Municipal de San Miguel\",\"datePublished\":\"2025-03-12T02:58:05+00:00\",\"dateModified\":\"2025-03-12T03:05:02+00:00\",\"mainEntityOfPage\":{\"@id\":\"https:\\\/\\\/diariodeloeste.com\\\/noticias\\\/2025\\\/03\\\/12\\\/14794\\\/\"},\"wordCount\":171,\"publisher\":{\"@id\":\"https:\\\/\\\/diariodeloeste.com\\\/noticias\\\/#organization\"},\"image\":{\"@id\":\"https:\\\/\\\/diariodeloeste.com\\\/noticias\\\/2025\\\/03\\\/12\\\/14794\\\/#primaryimage\"},\"thumbnailUrl\":\"https:\\\/\\\/diariodeloeste.com\\\/noticias\\\/wp-content\\\/uploads\\\/2025\\\/03\\\/Captura-de-pantalla-100.png\",\"articleSection\":[\"Policiales\"],\"inLanguage\":\"es-AR\"},{\"@type\":\"WebPage\",\"@id\":\"https:\\\/\\\/diariodeloeste.com\\\/noticias\\\/2025\\\/03\\\/12\\\/14794\\\/\",\"url\":\"https:\\\/\\\/diariodeloeste.com\\\/noticias\\\/2025\\\/03\\\/12\\\/14794\\\/\",\"name\":\"Rob\u00f3 un celular, escap\u00f3 en un auto robado y fue detenido por la Polic\u00eda Municipal de San Miguel - Diario del Oeste\",\"isPartOf\":{\"@id\":\"https:\\\/\\\/diariodeloeste.com\\\/noticias\\\/#website\"},\"primaryImageOfPage\":{\"@id\":\"https:\\\/\\\/diariodeloeste.com\\\/noticias\\\/2025\\\/03\\\/12\\\/14794\\\/#primaryimage\"},\"image\":{\"@id\":\"https:\\\/\\\/diariodeloeste.com\\\/noticias\\\/2025\\\/03\\\/12\\\/14794\\\/#primaryimage\"},\"thumbnailUrl\":\"https:\\\/\\\/diariodeloeste.com\\\/noticias\\\/wp-content\\\/uploads\\\/2025\\\/03\\\/Captura-de-pantalla-100.png\",\"datePublished\":\"2025-03-12T02:58:05+00:00\",\"dateModified\":\"2025-03-12T03:05:02+00:00\",\"breadcrumb\":{\"@id\":\"https:\\\/\\\/diariodeloeste.com\\\/noticias\\\/2025\\\/03\\\/12\\\/14794\\\/#breadcrumb\"},\"inLanguage\":\"es-AR\",\"potentialAction\":[{\"@type\":\"ReadAction\",\"target\":[\"https:\\\/\\\/diariodeloeste.com\\\/noticias\\\/2025\\\/03\\\/12\\\/14794\\\/\"]}]},{\"@type\":\"ImageObject\",\"inLanguage\":\"es-AR\",\"@id\":\"https:\\\/\\\/diariodeloeste.com\\\/noticias\\\/2025\\\/03\\\/12\\\/14794\\\/#primaryimage\",\"url\":\"https:\\\/\\\/diariodeloeste.com\\\/noticias\\\/wp-content\\\/uploads\\\/2025\\\/03\\\/Captura-de-pantalla-100.png\",\"contentUrl\":\"https:\\\/\\\/diariodeloeste.com\\\/noticias\\\/wp-content\\\/uploads\\\/2025\\\/03\\\/Captura-de-pantalla-100.png\",\"width\":1366,\"height\":538},{\"@type\":\"BreadcrumbList\",\"@id\":\"https:\\\/\\\/diariodeloeste.com\\\/noticias\\\/2025\\\/03\\\/12\\\/14794\\\/#breadcrumb\",\"itemListElement\":[{\"@type\":\"ListItem\",\"position\":1,\"name\":\"Inicio\",\"item\":\"https:\\\/\\\/diariodeloeste.com\\\/noticias\\\/\"},{\"@type\":\"ListItem\",\"position\":2,\"name\":\"Rob\u00f3 un celular, escap\u00f3 en un auto robado y fue detenido por la Polic\u00eda Municipal de San Miguel\"}]},{\"@type\":\"WebSite\",\"@id\":\"https:\\\/\\\/diariodeloeste.com\\\/noticias\\\/#website\",\"url\":\"https:\\\/\\\/diariodeloeste.com\\\/noticias\\\/\",\"name\":\"Diario del Oeste\",\"description\":\"Noticias del Oeste\",\"publisher\":{\"@id\":\"https:\\\/\\\/diariodeloeste.com\\\/noticias\\\/#organization\"},\"potentialAction\":[{\"@type\":\"SearchAction\",\"target\":{\"@type\":\"EntryPoint\",\"urlTemplate\":\"https:\\\/\\\/diariodeloeste.com\\\/noticias\\\/?s={search_term_string}\"},\"query-input\":{\"@type\":\"PropertyValueSpecification\",\"valueRequired\":true,\"valueName\":\"search_term_string\"}}],\"inLanguage\":\"es-AR\"},{\"@type\":\"Organization\",\"@id\":\"https:\\\/\\\/diariodeloeste.com\\\/noticias\\\/#organization\",\"name\":\"Diario del Oeste\",\"url\":\"https:\\\/\\\/diariodeloeste.com\\\/noticias\\\/\",\"logo\":{\"@type\":\"ImageObject\",\"inLanguage\":\"es-AR\",\"@id\":\"https:\\\/\\\/diariodeloeste.com\\\/noticias\\\/#\\\/schema\\\/logo\\\/image\\\/\",\"url\":\"https:\\\/\\\/diariodeloeste.com\\\/noticias\\\/wp-content\\\/uploads\\\/2019\\\/04\\\/logo.png\",\"contentUrl\":\"https:\\\/\\\/diariodeloeste.com\\\/noticias\\\/wp-content\\\/uploads\\\/2019\\\/04\\\/logo.png\",\"width\":306,\"height\":145,\"caption\":\"Diario del Oeste\"},\"image\":{\"@id\":\"https:\\\/\\\/diariodeloeste.com\\\/noticias\\\/#\\\/schema\\\/logo\\\/image\\\/\"}},{\"@type\":\"Person\",\"@id\":\"https:\\\/\\\/diariodeloeste.com\\\/noticias\\\/#\\\/schema\\\/person\\\/1f7be965f8c093432e1cbfcee0ac4047\",\"name\":\"Redaccion\",\"image\":{\"@type\":\"ImageObject\",\"inLanguage\":\"es-AR\",\"@id\":\"https:\\\/\\\/secure.gravatar.com\\\/avatar\\\/f9bc3a12e26b32d818d88f9a5b61de20b559752e499df507efa7ea3cea0550ef?s=96&d=mm&r=g\",\"url\":\"https:\\\/\\\/secure.gravatar.com\\\/avatar\\\/f9bc3a12e26b32d818d88f9a5b61de20b559752e499df507efa7ea3cea0550ef?s=96&d=mm&r=g\",\"contentUrl\":\"https:\\\/\\\/secure.gravatar.com\\\/avatar\\\/f9bc3a12e26b32d818d88f9a5b61de20b559752e499df507efa7ea3cea0550ef?s=96&d=mm&r=g\",\"caption\":\"Redaccion\"},\"url\":\"https:\\\/\\\/diariodeloeste.com\\\/noticias\\\/author\\\/redaccion\\\/\"}]}<\/script>\n<!-- \/ Yoast SEO plugin. -->","yoast_head_json":{"title":"Rob\u00f3 un celular, escap\u00f3 en un auto robado y fue detenido por la Polic\u00eda Municipal de San Miguel - Diario del Oeste","robots":{"index":"index","follow":"follow","max-snippet":"max-snippet:-1","max-image-preview":"max-image-preview:large","max-video-preview":"max-video-preview:-1"},"canonical":"https:\/\/diariodeloeste.com\/noticias\/2025\/03\/12\/14794\/","og_locale":"es_ES","og_type":"article","og_title":"Rob\u00f3 un celular, escap\u00f3 en un auto robado y fue detenido por la Polic\u00eda Municipal de San Miguel - Diario del Oeste","og_description":"Fue denunciado por un vecino a trav\u00e9s de Ojos en Alerta. Tras una impactante persecuci\u00f3n, la Polic\u00eda Municipal de San Miguel detuvo a un delincuente que hab\u00eda robado un celular y luego emprendido la fuga en un Fiat Uno robado. El hecho fue denunciado a trav\u00e9s de Ojos en Alerta, el programa de seguridad que [&hellip;]","og_url":"https:\/\/diariodeloeste.com\/noticias\/2025\/03\/12\/14794\/","og_site_name":"Diario del Oeste","article_published_time":"2025-03-12T02:58:05+00:00","article_modified_time":"2025-03-12T03:05:02+00:00","og_image":[{"width":1366,"height":538,"url":"https:\/\/diariodeloeste.com\/noticias\/wp-content\/uploads\/2025\/03\/Captura-de-pantalla-100.png","type":"image\/png"}],"author":"Redaccion","twitter_card":"summary_large_image","twitter_misc":{"Escrito por":"Redaccion","Tiempo de lectura":"1 minuto"},"schema":{"@context":"https:\/\/schema.org","@graph":[{"@type":"Article","@id":"https:\/\/diariodeloeste.com\/noticias\/2025\/03\/12\/14794\/#article","isPartOf":{"@id":"https:\/\/diariodeloeste.com\/noticias\/2025\/03\/12\/14794\/"},"author":{"name":"Redaccion","@id":"https:\/\/diariodeloeste.com\/noticias\/#\/schema\/person\/1f7be965f8c093432e1cbfcee0ac4047"},"headline":"Rob\u00f3 un celular, escap\u00f3 en un auto robado y fue detenido por la Polic\u00eda Municipal de San Miguel","datePublished":"2025-03-12T02:58:05+00:00","dateModified":"2025-03-12T03:05:02+00:00","mainEntityOfPage":{"@id":"https:\/\/diariodeloeste.com\/noticias\/2025\/03\/12\/14794\/"},"wordCount":171,"publisher":{"@id":"https:\/\/diariodeloeste.com\/noticias\/#organization"},"image":{"@id":"https:\/\/diariodeloeste.com\/noticias\/2025\/03\/12\/14794\/#primaryimage"},"thumbnailUrl":"https:\/\/diariodeloeste.com\/noticias\/wp-content\/uploads\/2025\/03\/Captura-de-pantalla-100.png","articleSection":["Policiales"],"inLanguage":"es-AR"},{"@type":"WebPage","@id":"https:\/\/diariodeloeste.com\/noticias\/2025\/03\/12\/14794\/","url":"https:\/\/diariodeloeste.com\/noticias\/2025\/03\/12\/14794\/","name":"Rob\u00f3 un celular, escap\u00f3 en un auto robado y fue detenido por la Polic\u00eda Municipal de San Miguel - Diario del Oeste","isPartOf":{"@id":"https:\/\/diariodeloeste.com\/noticias\/#website"},"primaryImageOfPage":{"@id":"https:\/\/diariodeloeste.com\/noticias\/2025\/03\/12\/14794\/#primaryimage"},"image":{"@id":"https:\/\/diariodeloeste.com\/noticias\/2025\/03\/12\/14794\/#primaryimage"},"thumbnailUrl":"https:\/\/diariodeloeste.com\/noticias\/wp-content\/uploads\/2025\/03\/Captura-de-pantalla-100.png","datePublished":"2025-03-12T02:58:05+00:00","dateModified":"2025-03-12T03:05:02+00:00","breadcrumb":{"@id":"https:\/\/diariodeloeste.com\/noticias\/2025\/03\/12\/14794\/#breadcrumb"},"inLanguage":"es-AR","potentialAction":[{"@type":"ReadAction","target":["https:\/\/diariodeloeste.com\/noticias\/2025\/03\/12\/14794\/"]}]},{"@type":"ImageObject","inLanguage":"es-AR","@id":"https:\/\/diariodeloeste.com\/noticias\/2025\/03\/12\/14794\/#primaryimage","url":"https:\/\/diariodeloeste.com\/noticias\/wp-content\/uploads\/2025\/03\/Captura-de-pantalla-100.png","contentUrl":"https:\/\/diariodeloeste.com\/noticias\/wp-content\/uploads\/2025\/03\/Captura-de-pantalla-100.png","width":1366,"height":538},{"@type":"BreadcrumbList","@id":"https:\/\/diariodeloeste.com\/noticias\/2025\/03\/12\/14794\/#breadcrumb","itemListElement":[{"@type":"ListItem","position":1,"name":"Inicio","item":"https:\/\/diariodeloeste.com\/noticias\/"},{"@type":"ListItem","position":2,"name":"Rob\u00f3 un celular, escap\u00f3 en un auto robado y fue detenido por la Polic\u00eda Municipal de San Miguel"}]},{"@type":"WebSite","@id":"https:\/\/diariodeloeste.com\/noticias\/#website","url":"https:\/\/diariodeloeste.com\/noticias\/","name":"Diario del Oeste","description":"Noticias del Oeste","publisher":{"@id":"https:\/\/diariodeloeste.com\/noticias\/#organization"},"potentialAction":[{"@type":"SearchAction","target":{"@type":"EntryPoint","urlTemplate":"https:\/\/diariodeloeste.com\/noticias\/?s={search_term_string}"},"query-input":{"@type":"PropertyValueSpecification","valueRequired":true,"valueName":"search_term_string"}}],"inLanguage":"es-AR"},{"@type":"Organization","@id":"https:\/\/diariodeloeste.com\/noticias\/#organization","name":"Diario del Oeste","url":"https:\/\/diariodeloeste.com\/noticias\/","logo":{"@type":"ImageObject","inLanguage":"es-AR","@id":"https:\/\/diariodeloeste.com\/noticias\/#\/schema\/logo\/image\/","url":"https:\/\/diariodeloeste.com\/noticias\/wp-content\/uploads\/2019\/04\/logo.png","contentUrl":"https:\/\/diariodeloeste.com\/noticias\/wp-content\/uploads\/2019\/04\/logo.png","width":306,"height":145,"caption":"Diario del Oeste"},"image":{"@id":"https:\/\/diariodeloeste.com\/noticias\/#\/schema\/logo\/image\/"}},{"@type":"Person","@id":"https:\/\/diariodeloeste.com\/noticias\/#\/schema\/person\/1f7be965f8c093432e1cbfcee0ac4047","name":"Redaccion","image":{"@type":"ImageObject","inLanguage":"es-AR","@id":"https:\/\/secure.gravatar.com\/avatar\/f9bc3a12e26b32d818d88f9a5b61de20b559752e499df507efa7ea3cea0550ef?s=96&d=mm&r=g","url":"https:\/\/secure.gravatar.com\/avatar\/f9bc3a12e26b32d818d88f9a5b61de20b559752e499df507efa7ea3cea0550ef?s=96&d=mm&r=g","contentUrl":"https:\/\/secure.gravatar.com\/avatar\/f9bc3a12e26b32d818d88f9a5b61de20b559752e499df507efa7ea3cea0550ef?s=96&d=mm&r=g","caption":"Redaccion"},"url":"https:\/\/diariodeloeste.com\/noticias\/author\/redaccion\/"}]}},"_links":{"self":[{"href":"https:\/\/diariodeloeste.com\/noticias\/wp-json\/wp\/v2\/posts\/14794","targetHints":{"allow":["GET"]}}],"collection":[{"href":"https:\/\/diariodeloeste.com\/noticias\/wp-json\/wp\/v2\/posts"}],"about":[{"href":"https:\/\/diariodeloeste.com\/noticias\/wp-json\/wp\/v2\/types\/post"}],"author":[{"embeddable":true,"href":"https:\/\/diariodeloeste.com\/noticias\/wp-json\/wp\/v2\/users\/3"}],"replies":[{"embeddable":true,"href":"https:\/\/diariodeloeste.com\/noticias\/wp-json\/wp\/v2\/comments?post=14794"}],"version-history":[{"count":3,"href":"https:\/\/diariodeloeste.com\/noticias\/wp-json\/wp\/v2\/posts\/14794\/revisions"}],"predecessor-version":[{"id":14798,"href":"https:\/\/diariodeloeste.com\/noticias\/wp-json\/wp\/v2\/posts\/14794\/revisions\/14798"}],"wp:featuredmedia":[{"embeddable":true,"href":"https:\/\/diariodeloeste.com\/noticias\/wp-json\/wp\/v2\/media\/14795"}],"wp:attachment":[{"href":"https:\/\/diariodeloeste.com\/noticias\/wp-json\/wp\/v2\/media?parent=14794"}],"wp:term":[{"taxonomy":"category","embeddable":true,"href":"https:\/\/diariodeloeste.com\/noticias\/wp-json\/wp\/v2\/categories?post=14794"},{"taxonomy":"post_tag","embeddable":true,"href":"https:\/\/diariodeloeste.com\/noticias\/wp-json\/wp\/v2\/tags?post=14794"}],"curies":[{"name":"wp","href":"https:\/\/api.w.org\/{rel}","templated":true}]}}