{"id":14746,"date":"2025-03-10T01:22:45","date_gmt":"2025-03-10T01:22:45","guid":{"rendered":"https:\/\/diariodeloeste.com\/noticias\/?p=14746"},"modified":"2025-03-10T16:08:18","modified_gmt":"2025-03-10T16:08:18","slug":"gano-juventud-unida-2-a-0-a-estrella-del-sur","status":"publish","type":"post","link":"https:\/\/diariodeloeste.com\/noticias\/2025\/03\/10\/gano-juventud-unida-2-a-0-a-estrella-del-sur\/","title":{"rendered":"Gan\u00f3 Juventud Unida 2 a 0 a Estrella del Sur"},"content":{"rendered":"<h2>Gran triunfo obtuvo Juventud Unida de visitante frente a Estrella del Sur en Adrogu\u00e9 por la primera fecha del torneo de Primera C.<\/h2>\n<p>Con un planteo inteligente del t\u00e9cnico <strong>Jonathan Rodr\u00edguez<\/strong> y un estado f\u00edsico superlativo del equipo el &#8220;<strong>Lobo del Hospital&#8221;<\/strong> supo manejar el encuentro a pesar del empuje del local que si bien debutaba en la categor\u00eda form\u00f3 un equipo muy competitivo y fue acompa\u00f1ado por una multitud que ocup\u00f3 en un gran porcentaje las gradas del estadio de <strong>Brown de Adrogu\u00e9<\/strong>.<\/p>\n<p>Comenz\u00f3 el partido con la presi\u00f3n de<strong> Estrella del Sur<\/strong> apuntalado por su gente que encontraba a un <strong>Juventud<\/strong> bien parado y con un partido raro, donde todo el equipo local reclamaba un penal que<strong> L\u00f3pez Monte<\/strong> desestim\u00f3. Despu\u00e9s de ello viene un tiro libre a la salida del c\u00edrculo central favorable a <strong>Juventud Unida<\/strong> que ejecut\u00f3 <strong>\u00c1lvarez Morinigo<\/strong> que tir\u00f3 el bal\u00f3n a la izquierda entr\u00f3<strong> Claudio Verino &#8220;el Muro&#8221;,<\/strong> que con un toque en diagonal se la sirvi\u00f3 a <strong>Diego Cardozo<\/strong> que convirti\u00f3 el primer gol del partido a los 22 minutos que lo festej\u00f3 junto a los allegados que se encontraban detr\u00e1s de ese arco.<\/p>\n<p><strong>&#8220;El Lobo del Hospital&#8221;<\/strong> ten\u00eda un planteo s\u00f3lido con un 4-4-2 a veces ampliado a un 4-3-3 y en ataque hasta con un 3-4-3. En defensa impecables los centrales <strong>Fern\u00e1ndez y Verino<\/strong> con las permanentes salidas por derecha de<strong> Franco Cardozo<\/strong> y por izquierda de <strong>Maxi Paredes<\/strong>(<em>debutante<\/em>). No debemos olvidarnos de mencionar el accionar brillante de otro debutante, el arquero <strong>Marcos Jara<\/strong> que le tap\u00f3 un mano a mano a <strong>Araujo<\/strong> y en otra arrodillado la rechaz\u00f3 sumado a varias tapadas que le dieron seguridad a la defensa.<\/p>\n<p>Lo mejor vino a los 39 minutos, tiro libre para <strong>Estrella del Sur<\/strong>, ejecuta <strong>Martinangeli<\/strong> , rebota el bal\u00f3n en la espalda de <strong>Braian Maidana<\/strong> quien toma la pelota corre 45 metros lo persiguen varios remata, rebota el bal\u00f3n en el arquero y el defensor <strong>Trinidad<\/strong> y se introduce lentamente al arco de <strong>De Feliche<\/strong> d\u00e1ndole el segundo gol a <strong>Juventud Unida<\/strong>( el equipo peri\u00f3dico de &#8220;<strong>Pasi\u00f3n por el Lobo Rojo&#8221;<\/strong> le dio el gol a <strong>Maidana<\/strong> porque fue todo de \u00e9l).<\/p>\n<h2><em>Segundo Tiempo:<\/em><\/h2>\n<p>En la segunda etapa <strong>Estrella del Sur<\/strong> intent\u00f3 descontar pero el<strong> &#8220;Lobo del Hospital&#8221;<\/strong> supo manejar el partido. Queda decir que el medio campo fue clave la actitud de <strong>Franco Quir\u00f3s<\/strong> que a pesar de tener la tarjeta amarilla tempranamente puso lo que ten\u00eda que poner para ser inespugnable , <strong>Diego Cardozo<\/strong> un<em><strong> &#8220;diablillo&#8221;<\/strong><\/em> intratable, <strong>\u00c1lvarez Morinigo<\/strong> el distinto que administraba el bal\u00f3n de la mitad hacia adelante y el hombre de las pelotas paradas que asist\u00eda a <strong>Pereyra y a Gissi<\/strong>.<\/p>\n<p>Para finalizar decimos que fue un debut de torneo perfecto de visitante con una estrategia planteada para ganar el partido y un estado f\u00edsico fuera de lo com\u00fan para un comienzo de torneo.<\/p>\n<p>Periodistas en cancha relatos <strong>Gabriel Florentino<\/strong>, comentarios <strong>Guido L\u00f3pez<\/strong> y en la radio en estudios centrales <strong>Luis Carosio, producci\u00f3n general FM PLUS 88<\/strong>.1 y nuestro portal de noticias <strong>www.diarioplus.com.ar<\/strong> .<\/p>\n<p><strong>Partido completo<\/strong><\/p>\n<p><iframe loading=\"lazy\" title=\"FM Plus 88.1 est\u00e1 en vivo\" width=\"1170\" height=\"658\" src=\"https:\/\/www.youtube.com\/embed\/w4q_m5TbJAw?feature=oembed\" frameborder=\"0\" allow=\"accelerometer; autoplay; clipboard-write; encrypted-media; gyroscope; picture-in-picture; web-share\" referrerpolicy=\"strict-origin-when-cross-origin\" allowfullscreen><\/iframe><\/p>\n<h2>FORMACI\u00d3N DE LOS EQUIPOS.<br \/>\n<strong>ESTRELLA DEL SUR<\/strong><br \/>\n1_ DE FELICE<br \/>\n2_ MAIDANA<br \/>\n3_ TRINIDAD X 20<br \/>\n4_ ARAUJO<br \/>\n5_ RAM\u00cdREZ<br \/>\n6_ CONTRERAS<br \/>\n7_ G\u00d3MEZ X 18<br \/>\n8_ OJEDA X 16<br \/>\n9_ SALOMONE<br \/>\n10_ BRAVO X 17<br \/>\n11_ MARTINANGELI<br \/>\nSUPLENTES.<br \/>\n12_ LINCHES<br \/>\n13_ MONTES DE OCA<br \/>\n14_ MASIDE<br \/>\n15_ FELETTO<br \/>\n16_ POBLET<br \/>\n17_ REYES<br \/>\n18_ TORREJ\u00d3N<br \/>\n19_ MART\u00cdNEZ<br \/>\n20_ DURSO<br \/>\nDT_ AGUST\u00cdN WALLASCH<\/h2>\n<h2>JUVENTUD UNIDA.<\/h2>\n<h2>1_ MARCOS JARA<br \/>\n2_ ESTEBAN FERN\u00c1NDEZ<br \/>\n3_ MAXI PAREDES<br \/>\n4_ FRANCO CARDOZO<br \/>\n5_ FRANCO QUIR\u00d3S X 14<br \/>\n6_ CLAUDIO VERINO<br \/>\n7_ JUAN \u00c1LVAREZ MORINIGO<br \/>\n8_ BRAIAN MAIDANA TALAVERA X 15<br \/>\n9_ KEVIN GISSI X 17<br \/>\n10_ DIEGO CARDOZO X 18<br \/>\n11_ JUAN PEREYRA<\/h2>\n<h2>SUPLENTES.<\/h2>\n<h2>12_ MICHAEL L\u00d3PEZ<br \/>\n13_ ORLANDO ALDERETE<br \/>\n14_ EMILIANO MILLAMAN<br \/>\n15_ FRANCO ZALAZAR<br \/>\n16_ CRISTIAN CANAN<br \/>\n17_ DIEGO BARRIONUEVO<br \/>\n18_ AXEL ABAD<br \/>\n19_ FEDERICO CORONEL<br \/>\nDT_ JONATHAN RODR\u00cdGUEZ<\/h2>\n<h3 id=\"ayudante-de-campo-pablo-signaroli-y-cuerpo-tecnico\" class=\"rb-heading-index-10\">ayudante de campo, Pablo Signaroli y cuerpo t\u00e9cnico,\u00a0<strong>PF.<\/strong> Lucas Amado<br \/>\n<strong>Entrenador de Arqueros, Hugo Morales<\/strong>,\u00a0<strong>Kinesi\u00f3logo, Rodrigo Alderete.<\/strong><\/h3>\n<h2>CUATERNA ARBITRAL.<\/h2>\n<h2>\u00c1RBITRO_ MAXI L\u00d3PEZ MONTE<br \/>\n1* ASISTENTE_ GONZALO CUBILLAS<br \/>\n2* ASISTENTE_ LUCAS GARC\u00cdA<br \/>\n4* \u00c1RBITRO_ FACUNDO FUENTES<\/h2>\n<h2>\u00a0GOLES.<\/h2>\n<h2>PRIMER TIEMPO.<br \/>\n22&#8242; DIEGO CARDOZO (J.U.)<br \/>\n39&#8242; TRINIDAD ( EN CONTRA) PARA NOSOTROS BRAIAN MAIDANA (J.U.)<\/h2>\n<script>function PlayerjsAsync(){} if(window[\"Playerjs\"]){PlayerjsAsync();}<\/script>","protected":false},"excerpt":{"rendered":"<p>Gran triunfo obtuvo Juventud Unida de visitante frente a Estrella del Sur en Adrogu\u00e9 por la primera fecha del torneo de Primera C.<\/p>\n","protected":false},"author":3,"featured_media":14747,"comment_status":"closed","ping_status":"closed","sticky":false,"template":"","format":"standard","meta":{"content-type":"","footnotes":""},"categories":[6],"tags":[],"class_list":{"0":"post-14746","1":"post","2":"type-post","3":"status-publish","4":"format-standard","5":"has-post-thumbnail","7":"category-deportes"},"yoast_head":"<!-- This site is optimized with the Yoast SEO plugin v27.4 - https:\/\/yoast.com\/product\/yoast-seo-wordpress\/ -->\n<title>Gan\u00f3 Juventud Unida 2 a 0 a Estrella del Sur - Diario del Oeste<\/title>\n<meta name=\"robots\" content=\"index, follow, max-snippet:-1, max-image-preview:large, max-video-preview:-1\" \/>\n<link rel=\"canonical\" href=\"https:\/\/diariodeloeste.com\/noticias\/2025\/03\/10\/gano-juventud-unida-2-a-0-a-estrella-del-sur\/\" \/>\n<meta property=\"og:locale\" content=\"es_ES\" \/>\n<meta property=\"og:type\" content=\"article\" \/>\n<meta property=\"og:title\" content=\"Gan\u00f3 Juventud Unida 2 a 0 a Estrella del Sur - Diario del Oeste\" \/>\n<meta property=\"og:description\" content=\"Gran triunfo obtuvo Juventud Unida de visitante frente a Estrella del Sur en Adrogu\u00e9 por la primera fecha del torneo de Primera C.\" \/>\n<meta property=\"og:url\" content=\"https:\/\/diariodeloeste.com\/noticias\/2025\/03\/10\/gano-juventud-unida-2-a-0-a-estrella-del-sur\/\" \/>\n<meta property=\"og:site_name\" content=\"Diario del Oeste\" \/>\n<meta property=\"article:published_time\" content=\"2025-03-10T01:22:45+00:00\" \/>\n<meta property=\"article:modified_time\" content=\"2025-03-10T16:08:18+00:00\" \/>\n<meta property=\"og:image\" content=\"https:\/\/diariodeloeste.com\/noticias\/wp-content\/uploads\/2025\/03\/WhatsApp-Image-2025-03-08-at-7.01.11-PM.jpeg\" \/>\n\t<meta property=\"og:image:width\" content=\"1600\" \/>\n\t<meta property=\"og:image:height\" content=\"900\" \/>\n\t<meta property=\"og:image:type\" content=\"image\/jpeg\" \/>\n<meta name=\"author\" content=\"Redaccion\" \/>\n<meta name=\"twitter:card\" content=\"summary_large_image\" \/>\n<meta name=\"twitter:label1\" content=\"Escrito por\" \/>\n\t<meta name=\"twitter:data1\" content=\"Redaccion\" \/>\n\t<meta name=\"twitter:label2\" content=\"Tiempo de lectura\" \/>\n\t<meta name=\"twitter:data2\" content=\"4 minutos\" \/>\n<script type=\"application\/ld+json\" class=\"yoast-schema-graph\">{\"@context\":\"https:\\\/\\\/schema.org\",\"@graph\":[{\"@type\":\"Article\",\"@id\":\"https:\\\/\\\/diariodeloeste.com\\\/noticias\\\/2025\\\/03\\\/10\\\/gano-juventud-unida-2-a-0-a-estrella-del-sur\\\/#article\",\"isPartOf\":{\"@id\":\"https:\\\/\\\/diariodeloeste.com\\\/noticias\\\/2025\\\/03\\\/10\\\/gano-juventud-unida-2-a-0-a-estrella-del-sur\\\/\"},\"author\":{\"name\":\"Redaccion\",\"@id\":\"https:\\\/\\\/diariodeloeste.com\\\/noticias\\\/#\\\/schema\\\/person\\\/1f7be965f8c093432e1cbfcee0ac4047\"},\"headline\":\"Gan\u00f3 Juventud Unida 2 a 0 a Estrella del Sur\",\"datePublished\":\"2025-03-10T01:22:45+00:00\",\"dateModified\":\"2025-03-10T16:08:18+00:00\",\"mainEntityOfPage\":{\"@id\":\"https:\\\/\\\/diariodeloeste.com\\\/noticias\\\/2025\\\/03\\\/10\\\/gano-juventud-unida-2-a-0-a-estrella-del-sur\\\/\"},\"wordCount\":713,\"publisher\":{\"@id\":\"https:\\\/\\\/diariodeloeste.com\\\/noticias\\\/#organization\"},\"image\":{\"@id\":\"https:\\\/\\\/diariodeloeste.com\\\/noticias\\\/2025\\\/03\\\/10\\\/gano-juventud-unida-2-a-0-a-estrella-del-sur\\\/#primaryimage\"},\"thumbnailUrl\":\"https:\\\/\\\/diariodeloeste.com\\\/noticias\\\/wp-content\\\/uploads\\\/2025\\\/03\\\/WhatsApp-Image-2025-03-08-at-7.01.11-PM.jpeg\",\"articleSection\":[\"Deportes\"],\"inLanguage\":\"es-AR\"},{\"@type\":\"WebPage\",\"@id\":\"https:\\\/\\\/diariodeloeste.com\\\/noticias\\\/2025\\\/03\\\/10\\\/gano-juventud-unida-2-a-0-a-estrella-del-sur\\\/\",\"url\":\"https:\\\/\\\/diariodeloeste.com\\\/noticias\\\/2025\\\/03\\\/10\\\/gano-juventud-unida-2-a-0-a-estrella-del-sur\\\/\",\"name\":\"Gan\u00f3 Juventud Unida 2 a 0 a Estrella del Sur - Diario del Oeste\",\"isPartOf\":{\"@id\":\"https:\\\/\\\/diariodeloeste.com\\\/noticias\\\/#website\"},\"primaryImageOfPage\":{\"@id\":\"https:\\\/\\\/diariodeloeste.com\\\/noticias\\\/2025\\\/03\\\/10\\\/gano-juventud-unida-2-a-0-a-estrella-del-sur\\\/#primaryimage\"},\"image\":{\"@id\":\"https:\\\/\\\/diariodeloeste.com\\\/noticias\\\/2025\\\/03\\\/10\\\/gano-juventud-unida-2-a-0-a-estrella-del-sur\\\/#primaryimage\"},\"thumbnailUrl\":\"https:\\\/\\\/diariodeloeste.com\\\/noticias\\\/wp-content\\\/uploads\\\/2025\\\/03\\\/WhatsApp-Image-2025-03-08-at-7.01.11-PM.jpeg\",\"datePublished\":\"2025-03-10T01:22:45+00:00\",\"dateModified\":\"2025-03-10T16:08:18+00:00\",\"breadcrumb\":{\"@id\":\"https:\\\/\\\/diariodeloeste.com\\\/noticias\\\/2025\\\/03\\\/10\\\/gano-juventud-unida-2-a-0-a-estrella-del-sur\\\/#breadcrumb\"},\"inLanguage\":\"es-AR\",\"potentialAction\":[{\"@type\":\"ReadAction\",\"target\":[\"https:\\\/\\\/diariodeloeste.com\\\/noticias\\\/2025\\\/03\\\/10\\\/gano-juventud-unida-2-a-0-a-estrella-del-sur\\\/\"]}]},{\"@type\":\"ImageObject\",\"inLanguage\":\"es-AR\",\"@id\":\"https:\\\/\\\/diariodeloeste.com\\\/noticias\\\/2025\\\/03\\\/10\\\/gano-juventud-unida-2-a-0-a-estrella-del-sur\\\/#primaryimage\",\"url\":\"https:\\\/\\\/diariodeloeste.com\\\/noticias\\\/wp-content\\\/uploads\\\/2025\\\/03\\\/WhatsApp-Image-2025-03-08-at-7.01.11-PM.jpeg\",\"contentUrl\":\"https:\\\/\\\/diariodeloeste.com\\\/noticias\\\/wp-content\\\/uploads\\\/2025\\\/03\\\/WhatsApp-Image-2025-03-08-at-7.01.11-PM.jpeg\",\"width\":1600,\"height\":900},{\"@type\":\"BreadcrumbList\",\"@id\":\"https:\\\/\\\/diariodeloeste.com\\\/noticias\\\/2025\\\/03\\\/10\\\/gano-juventud-unida-2-a-0-a-estrella-del-sur\\\/#breadcrumb\",\"itemListElement\":[{\"@type\":\"ListItem\",\"position\":1,\"name\":\"Inicio\",\"item\":\"https:\\\/\\\/diariodeloeste.com\\\/noticias\\\/\"},{\"@type\":\"ListItem\",\"position\":2,\"name\":\"Gan\u00f3 Juventud Unida 2 a 0 a Estrella del Sur\"}]},{\"@type\":\"WebSite\",\"@id\":\"https:\\\/\\\/diariodeloeste.com\\\/noticias\\\/#website\",\"url\":\"https:\\\/\\\/diariodeloeste.com\\\/noticias\\\/\",\"name\":\"Diario del Oeste\",\"description\":\"Noticias del Oeste\",\"publisher\":{\"@id\":\"https:\\\/\\\/diariodeloeste.com\\\/noticias\\\/#organization\"},\"potentialAction\":[{\"@type\":\"SearchAction\",\"target\":{\"@type\":\"EntryPoint\",\"urlTemplate\":\"https:\\\/\\\/diariodeloeste.com\\\/noticias\\\/?s={search_term_string}\"},\"query-input\":{\"@type\":\"PropertyValueSpecification\",\"valueRequired\":true,\"valueName\":\"search_term_string\"}}],\"inLanguage\":\"es-AR\"},{\"@type\":\"Organization\",\"@id\":\"https:\\\/\\\/diariodeloeste.com\\\/noticias\\\/#organization\",\"name\":\"Diario del Oeste\",\"url\":\"https:\\\/\\\/diariodeloeste.com\\\/noticias\\\/\",\"logo\":{\"@type\":\"ImageObject\",\"inLanguage\":\"es-AR\",\"@id\":\"https:\\\/\\\/diariodeloeste.com\\\/noticias\\\/#\\\/schema\\\/logo\\\/image\\\/\",\"url\":\"https:\\\/\\\/diariodeloeste.com\\\/noticias\\\/wp-content\\\/uploads\\\/2019\\\/04\\\/logo.png\",\"contentUrl\":\"https:\\\/\\\/diariodeloeste.com\\\/noticias\\\/wp-content\\\/uploads\\\/2019\\\/04\\\/logo.png\",\"width\":306,\"height\":145,\"caption\":\"Diario del Oeste\"},\"image\":{\"@id\":\"https:\\\/\\\/diariodeloeste.com\\\/noticias\\\/#\\\/schema\\\/logo\\\/image\\\/\"}},{\"@type\":\"Person\",\"@id\":\"https:\\\/\\\/diariodeloeste.com\\\/noticias\\\/#\\\/schema\\\/person\\\/1f7be965f8c093432e1cbfcee0ac4047\",\"name\":\"Redaccion\",\"image\":{\"@type\":\"ImageObject\",\"inLanguage\":\"es-AR\",\"@id\":\"https:\\\/\\\/secure.gravatar.com\\\/avatar\\\/f9bc3a12e26b32d818d88f9a5b61de20b559752e499df507efa7ea3cea0550ef?s=96&d=mm&r=g\",\"url\":\"https:\\\/\\\/secure.gravatar.com\\\/avatar\\\/f9bc3a12e26b32d818d88f9a5b61de20b559752e499df507efa7ea3cea0550ef?s=96&d=mm&r=g\",\"contentUrl\":\"https:\\\/\\\/secure.gravatar.com\\\/avatar\\\/f9bc3a12e26b32d818d88f9a5b61de20b559752e499df507efa7ea3cea0550ef?s=96&d=mm&r=g\",\"caption\":\"Redaccion\"},\"url\":\"https:\\\/\\\/diariodeloeste.com\\\/noticias\\\/author\\\/redaccion\\\/\"}]}<\/script>\n<!-- \/ Yoast SEO plugin. -->","yoast_head_json":{"title":"Gan\u00f3 Juventud Unida 2 a 0 a Estrella del Sur - Diario del Oeste","robots":{"index":"index","follow":"follow","max-snippet":"max-snippet:-1","max-image-preview":"max-image-preview:large","max-video-preview":"max-video-preview:-1"},"canonical":"https:\/\/diariodeloeste.com\/noticias\/2025\/03\/10\/gano-juventud-unida-2-a-0-a-estrella-del-sur\/","og_locale":"es_ES","og_type":"article","og_title":"Gan\u00f3 Juventud Unida 2 a 0 a Estrella del Sur - Diario del Oeste","og_description":"Gran triunfo obtuvo Juventud Unida de visitante frente a Estrella del Sur en Adrogu\u00e9 por la primera fecha del torneo de Primera C.","og_url":"https:\/\/diariodeloeste.com\/noticias\/2025\/03\/10\/gano-juventud-unida-2-a-0-a-estrella-del-sur\/","og_site_name":"Diario del Oeste","article_published_time":"2025-03-10T01:22:45+00:00","article_modified_time":"2025-03-10T16:08:18+00:00","og_image":[{"width":1600,"height":900,"url":"https:\/\/diariodeloeste.com\/noticias\/wp-content\/uploads\/2025\/03\/WhatsApp-Image-2025-03-08-at-7.01.11-PM.jpeg","type":"image\/jpeg"}],"author":"Redaccion","twitter_card":"summary_large_image","twitter_misc":{"Escrito por":"Redaccion","Tiempo de lectura":"4 minutos"},"schema":{"@context":"https:\/\/schema.org","@graph":[{"@type":"Article","@id":"https:\/\/diariodeloeste.com\/noticias\/2025\/03\/10\/gano-juventud-unida-2-a-0-a-estrella-del-sur\/#article","isPartOf":{"@id":"https:\/\/diariodeloeste.com\/noticias\/2025\/03\/10\/gano-juventud-unida-2-a-0-a-estrella-del-sur\/"},"author":{"name":"Redaccion","@id":"https:\/\/diariodeloeste.com\/noticias\/#\/schema\/person\/1f7be965f8c093432e1cbfcee0ac4047"},"headline":"Gan\u00f3 Juventud Unida 2 a 0 a Estrella del Sur","datePublished":"2025-03-10T01:22:45+00:00","dateModified":"2025-03-10T16:08:18+00:00","mainEntityOfPage":{"@id":"https:\/\/diariodeloeste.com\/noticias\/2025\/03\/10\/gano-juventud-unida-2-a-0-a-estrella-del-sur\/"},"wordCount":713,"publisher":{"@id":"https:\/\/diariodeloeste.com\/noticias\/#organization"},"image":{"@id":"https:\/\/diariodeloeste.com\/noticias\/2025\/03\/10\/gano-juventud-unida-2-a-0-a-estrella-del-sur\/#primaryimage"},"thumbnailUrl":"https:\/\/diariodeloeste.com\/noticias\/wp-content\/uploads\/2025\/03\/WhatsApp-Image-2025-03-08-at-7.01.11-PM.jpeg","articleSection":["Deportes"],"inLanguage":"es-AR"},{"@type":"WebPage","@id":"https:\/\/diariodeloeste.com\/noticias\/2025\/03\/10\/gano-juventud-unida-2-a-0-a-estrella-del-sur\/","url":"https:\/\/diariodeloeste.com\/noticias\/2025\/03\/10\/gano-juventud-unida-2-a-0-a-estrella-del-sur\/","name":"Gan\u00f3 Juventud Unida 2 a 0 a Estrella del Sur - Diario del Oeste","isPartOf":{"@id":"https:\/\/diariodeloeste.com\/noticias\/#website"},"primaryImageOfPage":{"@id":"https:\/\/diariodeloeste.com\/noticias\/2025\/03\/10\/gano-juventud-unida-2-a-0-a-estrella-del-sur\/#primaryimage"},"image":{"@id":"https:\/\/diariodeloeste.com\/noticias\/2025\/03\/10\/gano-juventud-unida-2-a-0-a-estrella-del-sur\/#primaryimage"},"thumbnailUrl":"https:\/\/diariodeloeste.com\/noticias\/wp-content\/uploads\/2025\/03\/WhatsApp-Image-2025-03-08-at-7.01.11-PM.jpeg","datePublished":"2025-03-10T01:22:45+00:00","dateModified":"2025-03-10T16:08:18+00:00","breadcrumb":{"@id":"https:\/\/diariodeloeste.com\/noticias\/2025\/03\/10\/gano-juventud-unida-2-a-0-a-estrella-del-sur\/#breadcrumb"},"inLanguage":"es-AR","potentialAction":[{"@type":"ReadAction","target":["https:\/\/diariodeloeste.com\/noticias\/2025\/03\/10\/gano-juventud-unida-2-a-0-a-estrella-del-sur\/"]}]},{"@type":"ImageObject","inLanguage":"es-AR","@id":"https:\/\/diariodeloeste.com\/noticias\/2025\/03\/10\/gano-juventud-unida-2-a-0-a-estrella-del-sur\/#primaryimage","url":"https:\/\/diariodeloeste.com\/noticias\/wp-content\/uploads\/2025\/03\/WhatsApp-Image-2025-03-08-at-7.01.11-PM.jpeg","contentUrl":"https:\/\/diariodeloeste.com\/noticias\/wp-content\/uploads\/2025\/03\/WhatsApp-Image-2025-03-08-at-7.01.11-PM.jpeg","width":1600,"height":900},{"@type":"BreadcrumbList","@id":"https:\/\/diariodeloeste.com\/noticias\/2025\/03\/10\/gano-juventud-unida-2-a-0-a-estrella-del-sur\/#breadcrumb","itemListElement":[{"@type":"ListItem","position":1,"name":"Inicio","item":"https:\/\/diariodeloeste.com\/noticias\/"},{"@type":"ListItem","position":2,"name":"Gan\u00f3 Juventud Unida 2 a 0 a Estrella del Sur"}]},{"@type":"WebSite","@id":"https:\/\/diariodeloeste.com\/noticias\/#website","url":"https:\/\/diariodeloeste.com\/noticias\/","name":"Diario del Oeste","description":"Noticias del Oeste","publisher":{"@id":"https:\/\/diariodeloeste.com\/noticias\/#organization"},"potentialAction":[{"@type":"SearchAction","target":{"@type":"EntryPoint","urlTemplate":"https:\/\/diariodeloeste.com\/noticias\/?s={search_term_string}"},"query-input":{"@type":"PropertyValueSpecification","valueRequired":true,"valueName":"search_term_string"}}],"inLanguage":"es-AR"},{"@type":"Organization","@id":"https:\/\/diariodeloeste.com\/noticias\/#organization","name":"Diario del Oeste","url":"https:\/\/diariodeloeste.com\/noticias\/","logo":{"@type":"ImageObject","inLanguage":"es-AR","@id":"https:\/\/diariodeloeste.com\/noticias\/#\/schema\/logo\/image\/","url":"https:\/\/diariodeloeste.com\/noticias\/wp-content\/uploads\/2019\/04\/logo.png","contentUrl":"https:\/\/diariodeloeste.com\/noticias\/wp-content\/uploads\/2019\/04\/logo.png","width":306,"height":145,"caption":"Diario del Oeste"},"image":{"@id":"https:\/\/diariodeloeste.com\/noticias\/#\/schema\/logo\/image\/"}},{"@type":"Person","@id":"https:\/\/diariodeloeste.com\/noticias\/#\/schema\/person\/1f7be965f8c093432e1cbfcee0ac4047","name":"Redaccion","image":{"@type":"ImageObject","inLanguage":"es-AR","@id":"https:\/\/secure.gravatar.com\/avatar\/f9bc3a12e26b32d818d88f9a5b61de20b559752e499df507efa7ea3cea0550ef?s=96&d=mm&r=g","url":"https:\/\/secure.gravatar.com\/avatar\/f9bc3a12e26b32d818d88f9a5b61de20b559752e499df507efa7ea3cea0550ef?s=96&d=mm&r=g","contentUrl":"https:\/\/secure.gravatar.com\/avatar\/f9bc3a12e26b32d818d88f9a5b61de20b559752e499df507efa7ea3cea0550ef?s=96&d=mm&r=g","caption":"Redaccion"},"url":"https:\/\/diariodeloeste.com\/noticias\/author\/redaccion\/"}]}},"_links":{"self":[{"href":"https:\/\/diariodeloeste.com\/noticias\/wp-json\/wp\/v2\/posts\/14746","targetHints":{"allow":["GET"]}}],"collection":[{"href":"https:\/\/diariodeloeste.com\/noticias\/wp-json\/wp\/v2\/posts"}],"about":[{"href":"https:\/\/diariodeloeste.com\/noticias\/wp-json\/wp\/v2\/types\/post"}],"author":[{"embeddable":true,"href":"https:\/\/diariodeloeste.com\/noticias\/wp-json\/wp\/v2\/users\/3"}],"replies":[{"embeddable":true,"href":"https:\/\/diariodeloeste.com\/noticias\/wp-json\/wp\/v2\/comments?post=14746"}],"version-history":[{"count":4,"href":"https:\/\/diariodeloeste.com\/noticias\/wp-json\/wp\/v2\/posts\/14746\/revisions"}],"predecessor-version":[{"id":14759,"href":"https:\/\/diariodeloeste.com\/noticias\/wp-json\/wp\/v2\/posts\/14746\/revisions\/14759"}],"wp:featuredmedia":[{"embeddable":true,"href":"https:\/\/diariodeloeste.com\/noticias\/wp-json\/wp\/v2\/media\/14747"}],"wp:attachment":[{"href":"https:\/\/diariodeloeste.com\/noticias\/wp-json\/wp\/v2\/media?parent=14746"}],"wp:term":[{"taxonomy":"category","embeddable":true,"href":"https:\/\/diariodeloeste.com\/noticias\/wp-json\/wp\/v2\/categories?post=14746"},{"taxonomy":"post_tag","embeddable":true,"href":"https:\/\/diariodeloeste.com\/noticias\/wp-json\/wp\/v2\/tags?post=14746"}],"curies":[{"name":"wp","href":"https:\/\/api.w.org\/{rel}","templated":true}]}}