{"id":1469,"date":"2018-04-24T15:29:46","date_gmt":"2018-04-24T15:29:46","guid":{"rendered":"https:\/\/diariodeloeste.com\/noticias\/?p=1469"},"modified":"2018-04-24T15:29:46","modified_gmt":"2018-04-24T15:29:46","slug":"nicolas-rodriguez-saa-estuvo-en-el-el-vecinal-fm-105-1","status":"publish","type":"post","link":"https:\/\/diariodeloeste.com\/noticias\/2018\/04\/24\/nicolas-rodriguez-saa-estuvo-en-el-el-vecinal-fm-105-1\/","title":{"rendered":"Nicolas Rodr\u00edguez Saa estuvo en el \u201cEl Vecinal\u201d FM 105.1"},"content":{"rendered":"<p class=\"s3\"><span class=\"s2\"><span class=\"bumpedFont15\">El joven dirigente Nicolas Rodr\u00edguez Saa particip\u00f3 del Programa Jaque Mate, que se emite por FM \u201cEl Vecinal\u201d, 105.1. Un placer estar ac\u00e1 con ustedes muy contento de estar en territorio en Gral. Rodr\u00edguez en un lugar donde hay compa\u00f1eros muy valiosos, contento de estar ac\u00e1 acompa\u00f1ando a Jos\u00e9 Luis Ben\u00edtez, una gran dirigente a nivel provincial y nacional, con mucha trayectoria en el peronismo, que para los vecinos de Gral. Rodr\u00edguez, <\/span><\/span><span class=\"s2\"><span class=\"bumpedFont15\">es un orgullo tenerlo ac\u00e1 en el distrito, porque no siempre se dan estas oportunidades, &nbsp;hay que aprovecharlo y saludo a los vecinos que nos est\u00e1n acompa\u00f1ando, que est\u00e1n haciendo el esfuerzo para seguir a esta gran persona y dirigente pol\u00edtico que es Jos\u00e9 Luis Ben\u00edtez.<\/span><\/span><\/p>\n<p class=\"s3\"><span class=\"s2\"><span class=\"bumpedFont15\">Gustavo:<\/span><\/span><\/p>\n<p class=\"s3\"><span class=\"s2\"><span class=\"bumpedFont15\">\u00bf<\/span><\/span><span class=\"s2\"><span class=\"bumpedFont15\">C\u00f3mo<\/span><\/span><span class=\"s2\"><span class=\"bumpedFont15\"> viviste anoche despu\u00e9s de las 20 horas, la movida que hubo del <\/span><\/span><span class=\"s2\"><span class=\"bumpedFont15\">ruidazo<\/span><\/span><span class=\"s2\"><span class=\"bumpedFont15\"> en <\/span><\/span><span class=\"s2\"><span class=\"bumpedFont15\">protesta al tema de las tarifas?<\/span><\/span><\/p>\n<p class=\"s3\">&nbsp;<\/p>\n<p class=\"s3\"><span class=\"s2\"><span class=\"bumpedFont15\">Nicol\u00e1s:<\/span><\/span><\/p>\n<p class=\"s3\"><span class=\"s2\"><span class=\"bumpedFont15\">En mi caso particular me acerque<\/span><\/span><span class=\"s2\"><span class=\"bumpedFont15\"> a la Quinta de O<\/span><\/span><span class=\"s2\"><span class=\"bumpedFont15\">livos con los compa\u00f1eros<\/span><\/span><span class=\"s2\"><span class=\"bumpedFont15\"> de Vicente L\u00f3pez, que movilizaron hacia la quinta, hab\u00eda muchos vecinos y vecinas, mucha gente grande <\/span><\/span><span class=\"s2\"><span class=\"bumpedFont15\">autoconvocados<\/span><\/span><span class=\"s2\"><span class=\"bumpedFont15\">. &nbsp;Y<\/span><\/span><span class=\"s2\"><span class=\"bumpedFont15\"> me pareci\u00f3 importante hacer ese ejercicio de ciudadan\u00eda<\/span><\/span><span class=\"s2\"><span class=\"bumpedFont15\">,<\/span><\/span><span class=\"s2\"><span class=\"bumpedFont15\">como es el <\/span><\/span><span class=\"s2\"><span class=\"bumpedFont15\">ruidazo<\/span><\/span><span class=\"s2\"><span class=\"bumpedFont15\">, <\/span><\/span><span class=\"s2\"><span class=\"bumpedFont15\">porque durante la tarde y ma\u00f1ana de ayer mismo, los dip<\/span><\/span><span class=\"s2\"><span class=\"bumpedFont15\">utados<\/span><\/span><span class=\"s2\"><span class=\"bumpedFont15\">nac<\/span><\/span><span class=\"s2\"><span class=\"bumpedFont15\">ionales<\/span><\/span><span class=\"s2\"><span class=\"bumpedFont15\"> del gob<\/span><\/span><span class=\"s2\"><span class=\"bumpedFont15\">ierno<\/span><\/span><span class=\"s2\"><span class=\"bumpedFont15\">, los radicales y los d<\/span><\/span><span class=\"s2\"><span class=\"bumpedFont15\">el pro, no <\/span><\/span><span class=\"s2\"><span class=\"bumpedFont15\">quisieron <\/span><\/span><span class=\"s2\"><span class=\"bumpedFont15\">dar <\/span><\/span><span class=\"s2\"><span class=\"bumpedFont15\">qu\u00f3rum<\/span><\/span><span class=\"s2\"><span class=\"bumpedFont15\">. P<\/span><\/span><span class=\"s2\"><span class=\"bumpedFont15\">ara que entienda la gente, <\/span><\/span><span class=\"s2\"><span class=\"bumpedFont15\">no se quisieron sentar &nbsp;a hacer su trabajo<\/span><\/span><span class=\"s2\"><span class=\"bumpedFont15\">,<\/span><\/span><span class=\"s2\"><span class=\"bumpedFont15\"> entendiendo que el <\/span><\/span><span class=\"s2\"><span class=\"bumpedFont15\">aumento de tarifas estaba bien<\/span><\/span><span class=\"s2\"><span class=\"bumpedFont15\">,<\/span><\/span><span class=\"s2\"><span class=\"bumpedFont15\"> y bueno ah\u00ed salimos a la calle a hacer ruido democr\u00e1ticamente<\/span><\/span><span class=\"s2\"><span class=\"bumpedFont15\">,<\/span><\/span><span class=\"s2\"><span class=\"bumpedFont15\"> y me parece que el pueblo despacito est\u00e1 reaccionando a estas medidas injustas.<\/span><\/span><\/p>\n<p class=\"s3\">&nbsp;<\/p>\n<p class=\"s3\"><span class=\"s2\"><span class=\"bumpedFont15\">Gustavo: \u00bfPorque San Luis es diferente?<\/span><\/span><\/p>\n<p class=\"s3\">&nbsp;<\/p>\n<p class=\"s3\"><span class=\"s2\"><span class=\"bumpedFont15\">Nicol\u00e1s: <\/span><\/span><span class=\"s2\"><span class=\"bumpedFont15\">Vemos como a<\/span><\/span><span class=\"s2\"><span class=\"bumpedFont15\">lgunos funcionarios del Ministerio de Trabajo, hist\u00f3ricamente <\/span><\/span><span class=\"s2\"><span class=\"bumpedFont15\">un lugar <\/span><\/span><span class=\"s2\"><span class=\"bumpedFont15\">para nosotros los peronistas,<\/span><\/span><span class=\"s2\"><span class=\"bumpedFont15\"> &nbsp;muy simb\u00f3lico. P<\/span><\/span><span class=\"s2\"><span class=\"bumpedFont15\">orque nuestro General <\/span><\/span><span class=\"s2\"><span class=\"bumpedFont15\">Per\u00f3n, inicio su carrera ah\u00ed, como Secretaria de T<\/span><\/span><span class=\"s2\"><span class=\"bumpedFont15\">rabajo, all\u00e1 por el a\u00f1o 45,<\/span><\/span> <span class=\"s2\"><span class=\"bumpedFont15\">y en ese sentido ver que<\/span><\/span><span class=\"s2\"><span class=\"bumpedFont15\">,<\/span><\/span><span class=\"s2\"><span class=\"bumpedFont15\"> &nbsp;se ponen del lado de la patronal<\/span><\/span><span class=\"s2\"><span class=\"bumpedFont15\">,<\/span><\/span><span class=\"s2\"><span class=\"bumpedFont15\"> del lado del empleador<\/span><\/span><span class=\"s2\"><span class=\"bumpedFont15\">,<\/span><\/span><span class=\"s2\"><span class=\"bumpedFont15\"> que parecen de <\/span><\/span><span class=\"s2\"><span class=\"bumpedFont15\">la <\/span><\/span><span class=\"s2\"><span class=\"bumpedFont15\">UIA. <\/span><\/span><\/p>\n<p class=\"s3\"><span class=\"s2\"><span class=\"bumpedFont15\">Miraba las medidas que toma el gobernador de san Luis Alberto Rodr\u00edguez <\/span><\/span><span class=\"s2\"><span class=\"bumpedFont15\">Saa<\/span><\/span><span class=\"s2\"><span class=\"bumpedFont15\"> ante al<\/span><\/span><span class=\"s2\"><span class=\"bumpedFont15\">gunos casos. N<\/span><\/span><span class=\"s2\"><span class=\"bumpedFont15\">osotros tenemos <\/span><\/span><span class=\"s2\"><span class=\"bumpedFont15\">cer\u00e1mica San Lorenzo en San Luis, en Villa Mercedes<\/span><\/span><span class=\"s2\"><span class=\"bumpedFont15\">, de capital mexicano que estuvo cerrando e<\/span><\/span><span class=\"s2\"><span class=\"bumpedFont15\">n noviembre del 2017 y nuestro G<\/span><\/span><span class=\"s2\"><span class=\"bumpedFont15\">obernador<\/span><\/span><span class=\"s2\"><span class=\"bumpedFont15\">,<\/span><\/span><span class=\"s2\"><span class=\"bumpedFont15\">cuando se enter\u00f3<\/span><\/span><span class=\"s2\"><span class=\"bumpedFont15\">,<\/span><\/span><span class=\"s2\"><span class=\"bumpedFont15\"> pidi\u00f3 que confisquen todas las m\u00e1quinas de la empresa<\/span><\/span><span class=\"s2\"><span class=\"bumpedFont15\">. T<\/span><\/span><span class=\"s2\"><span class=\"bumpedFont15\">rato de tener un consenso y una negociaci\u00f3n para que no se pierdan 113 puestos de trabajo<\/span><\/span><span class=\"s2\"><span class=\"bumpedFont15\">,<\/span><\/span><span class=\"s2\"><span class=\"bumpedFont15\"> y al no obtener ning\u00fan resultado<\/span><\/span><span class=\"s2\"><span class=\"bumpedFont15\">, \u00e9<\/span><\/span><span class=\"s2\"><span class=\"bumpedFont15\">l<\/span><\/span><span class=\"s2\"><span class=\"bumpedFont15\">, decidi\u00f3 expropiar la cer\u00e1mica San Lorenzo; y armar una cooperativa. L<\/span><\/span><span class=\"s2\"><span class=\"bumpedFont15\">a llamo Cer\u00e1mica San Luis, y hoy<\/span><\/span><span class=\"s2\"><span class=\"bumpedFont15\">,<\/span><\/span><span class=\"s2\"><span class=\"bumpedFont15\"> las viviendas que se hacen para el pueblo puntano<\/span><\/span><span class=\"s2\"><span class=\"bumpedFont15\">,<\/span><\/span><span class=\"s2\"><span class=\"bumpedFont15\"> tienen la obligaci\u00f3n de comprar la cer\u00e1mica de esa cooperativa<\/span><\/span><span class=\"s2\"><span class=\"bumpedFont15\">. Y cuid\u00f3<\/span><\/span><span class=\"s2\"><span class=\"bumpedFont15\"> 113 puestos de trabajo, que son m\u00e1s de 600 personas<\/span><\/span><span class=\"s2\"><span class=\"bumpedFont15\">,<\/span><\/span><span class=\"s2\"><span class=\"bumpedFont15\"> comiendo de ese trabajo. <\/span><\/span><\/p>\n<p class=\"s3\">&nbsp;<\/p>\n<p class=\"s3\">&nbsp;<\/p>\n<p class=\"s3\"><span class=\"s2\"><span class=\"bumpedFont15\">Gust<\/span><\/span><span class=\"s2\"><span class=\"bumpedFont15\">avo: <\/span><\/span><span class=\"s2\"><span class=\"bumpedFont15\">\u00bfC\u00f3mo<\/span><\/span> <span class=\"s2\"><span class=\"bumpedFont15\">se vive<\/span><\/span><span class=\"s2\"><span class=\"bumpedFont15\"> &nbsp;la intervenci\u00f3n al PJ<\/span><\/span><span class=\"s2\"><span class=\"bumpedFont15\">?<\/span><\/span><\/p>\n<p class=\"s3\"><span class=\"s2\"><span class=\"bumpedFont15\">Nicol\u00e1s:<\/span><\/span><\/p>\n<p class=\"s3\"><span class=\"s2\"><span class=\"bumpedFont15\">Primero<\/span><\/span><span class=\"s2\"><span class=\"bumpedFont15\">,<\/span><\/span><span class=\"s2\"><span class=\"bumpedFont15\"> yo creo que empez\u00f3 a molestar ese encuentro en San Luis, donde estuvo el compa\u00f1ero Hugo Moyano, donde estuvo el sector ligado a Cristina Kirchner, que <\/span><\/span><span class=\"s2\"><span class=\"bumpedFont15\">es sin duda la figura principal. L<\/span><\/span><span class=\"s2\"><span class=\"bumpedFont15\">a due\u00f1a<\/span><\/span><span class=\"s2\"><span class=\"bumpedFont15\">,<\/span><\/span><span class=\"s2\"><span class=\"bumpedFont15\"> de<\/span><\/span><span class=\"s2\"><span class=\"bumpedFont15\"> la mayor cantidad de votos en Provincia de Buenos A<\/span><\/span><span class=\"s2\"><span class=\"bumpedFont15\">ir<\/span><\/span><span class=\"s2\"><span class=\"bumpedFont15\">es, y creo que a nivel nacional. C<\/span><\/span><span class=\"s2\"><span class=\"bumpedFont15\">omo todos saben<\/span><\/span><span class=\"s2\"><span class=\"bumpedFont15\">,<\/span><\/span><span class=\"s2\"><span class=\"bumpedFont15\"> Cristina, tiene un piso alto <\/span><\/span><span class=\"s2\"><span class=\"bumpedFont15\">y tambi\u00e9n tiene un techo.<\/span><\/span><\/p>\n<p class=\"s3\"><span class=\"s2\"><span class=\"bumpedFont15\">E<\/span><\/span><span class=\"s2\"><span class=\"bumpedFont15\">n eso <\/span><\/span><span class=\"s2\"><span class=\"bumpedFont15\">el gobernador de S<\/span><\/span><span class=\"s2\"><span class=\"bumpedFont15\">an Luis, demostr\u00f3 que en tiempo<\/span><\/span><span class=\"s2\"><span class=\"bumpedFont15\">s<\/span><\/span><span class=\"s2\"><span class=\"bumpedFont15\"> donde hay ajuste y crisis<\/span><\/span><span class=\"s2\"><span class=\"bumpedFont15\">,<\/span><\/span><span class=\"s2\"><span class=\"bumpedFont15\"> hay que dejar de lado las diferencias y olvidarse de las peleas del pa<\/span><\/span><span class=\"s2\"><span class=\"bumpedFont15\">sado, lo mismo que hizo Hugo Moyano. <\/span><\/span><\/p>\n<p class=\"s3\"><span class=\"s2\"><span class=\"bumpedFont15\">Y<\/span><\/span><span class=\"s2\"><span class=\"bumpedFont15\"> empez\u00f3 a g<\/span><\/span><span class=\"s2\"><span class=\"bumpedFont15\">estarse la unidad del peronismo;<\/span><\/span><span class=\"s2\"><span class=\"bumpedFont15\"> tuvimos la presencia del Intendente de Malvinas Argentinas Leonardo <\/span><\/span><span class=\"s2\"><span class=\"bumpedFont15\">Nardini<\/span><\/span><span class=\"s2\"><span class=\"bumpedFont15\">,<\/span><\/span> <span class=\"s2\"><span class=\"bumpedFont15\">un encuentro <\/span><\/span><span class=\"s2\"><span class=\"bumpedFont15\">muy amplio<\/span><\/span><span class=\"s2\"><span class=\"bumpedFont15\">;<\/span><\/span><span class=\"s2\"><span class=\"bumpedFont15\"> desde el sector <\/span><\/span><span class=\"s2\"><span class=\"bumpedFont15\">m\u00e1s duro del <\/span><\/span><span class=\"s2\"><span class=\"bumpedFont15\">kirchnerismo<\/span><\/span><span class=\"s2\"><span class=\"bumpedFont15\"> como el Cuervo <\/span><\/span><span class=\"s2\"><span class=\"bumpedFont15\">Larroque<\/span><\/span><span class=\"s2\"><span class=\"bumpedFont15\">, <\/span><\/span><span class=\"s2\"><span class=\"bumpedFont15\">Kicillof<\/span><\/span><span class=\"s2\"><span class=\"bumpedFont15\">, Hugo M<\/span><\/span><span class=\"s2\"><span class=\"bumpedFont15\">oyan<\/span><\/span><span class=\"s2\"><span class=\"bumpedFont15\">o.<\/span><\/span><\/p>\n<p class=\"s3\"><span class=\"s2\"><span class=\"bumpedFont15\">Y en ese sentido el G<\/span><\/span><span class=\"s2\"><span class=\"bumpedFont15\">obierno, para hacerlo claro y cortito<\/span><\/span><span class=\"s2\"><span class=\"bumpedFont15\">; con la intervenci\u00f3n del Partido J<\/span><\/span><span class=\"s2\"><span class=\"bumpedFont15\">usticialista<\/span><\/span><span class=\"s2\"><span class=\"bumpedFont15\">,<\/span><\/span><span class=\"s2\"><span class=\"bumpedFont15\"> hizo un poco de divisi\u00f3n<\/span><\/span><span class=\"s2\"><span class=\"bumpedFont15\">,<\/span><\/span><span class=\"s2\"><span class=\"bumpedFont15\"> porque <\/span><\/span><span class=\"s2\"><span class=\"bumpedFont15\">genero<\/span><\/span><span class=\"s2\"><span class=\"bumpedFont15\">,<\/span><\/span><span class=\"s2\"><span class=\"bumpedFont15\">la<\/span><\/span><span class=\"s2\"><span class=\"bumpedFont15\"> pelea en<\/span><\/span><span class=\"s2\"><span class=\"bumpedFont15\">tre lo que es unidad ciudadana \u2013 PJ, o quiso hacer eso Barrionuevo-<\/span><\/span><span class=\"s2\"><span class=\"bumpedFont15\">Gioja<\/span><\/span><span class=\"s2\"><span class=\"bumpedFont15\">. D<\/span><\/span><span class=\"s2\"><span class=\"bumpedFont15\">istracci\u00f3n para tapar el tema de inflaci\u00f3n que estamos viviendo<\/span><\/span><span class=\"s2\"><span class=\"bumpedFont15\">,<\/span><\/span><span class=\"s2\"><span class=\"bumpedFont15\"> que no cumple las expectativas que prometieron<\/span><\/span><span class=\"s2\"><span class=\"bumpedFont15\">;<\/span><\/span><span class=\"s2\"><span class=\"bumpedFont15\">que sigue por arriba de los 20 puntos la inter<\/span><\/span><span class=\"s2\"><span class=\"bumpedFont15\">anual, el tema de los <\/span><\/span><span class=\"s2\"><span class=\"bumpedFont15\">tarifazos<\/span><\/span><span class=\"s2\"><span class=\"bumpedFont15\">. E<\/span><\/span><span class=\"s2\"><span class=\"bumpedFont15\">ntonces distraen la agenda medi\u00e1tica, con 48 horas, co<\/span><\/span><span class=\"s2\"><span class=\"bumpedFont15\">n tensi\u00f3n en el PJ, la polic\u00eda. E<\/span><\/span><span class=\"s2\"><span class=\"bumpedFont15\">ntonces tenemos<\/span><\/span><span class=\"s2\"><span class=\"bumpedFont15\">;<\/span><\/span><span class=\"s2\"><span class=\"bumpedFont15\"> divisi\u00f3n, tenemos distracci\u00f3n<\/span><\/span><span class=\"s2\"><span class=\"bumpedFont15\">,<\/span><\/span><span class=\"s2\"><span class=\"bumpedFont15\"> y por ultimo barbarie El gobierno quiere ser lo civilizado y mostrarle a la sociedad que el peronismo es la barbarie, que es lo viejo, que es la quema de urnas,<\/span><\/span><span class=\"s2\"><span class=\"bumpedFont15\"> que <\/span><\/span><span class=\"s2\"><span class=\"bumpedFont15\">son los dos a\u00f1os sin robar;<\/span><\/span><span class=\"s2\"><span class=\"bumpedFont15\"> por eso eligen la figura de Luis <\/span><\/span><span class=\"s2\"><span class=\"bumpedFont15\">Barrionuevo, <\/span><\/span><span class=\"s2\"><span class=\"bumpedFont15\">que <\/span><\/span><span class=\"s2\"><span class=\"bumpedFont15\">no es casualida<\/span><\/span><span class=\"s2\"><span class=\"bumpedFont15\">d, que es alguien que tiene casi 80 a\u00f1os<\/span><\/span><span class=\"s2\"><span class=\"bumpedFont15\">, que <\/span><\/span><span class=\"s2\"><span class=\"bumpedFont15\">est\u00e1<\/span><\/span><span class=\"s2\"><span class=\"bumpedFont15\"> muy enemistado<\/span><\/span><span class=\"s2\"><span class=\"bumpedFont15\">,<\/span><\/span><span class=\"s2\"><span class=\"bumpedFont15\"> o en la vereda de enfrente de lo que son las reglas democr\u00e1ticas<\/span><\/span><span class=\"s2\"><span class=\"bumpedFont15\">,<\/span><\/span><span class=\"s2\"><span class=\"bumpedFont15\"> y bueno ese combo<\/span><\/span><span class=\"s2\"><span class=\"bumpedFont15\">,<\/span><\/span><span class=\"s2\"><span class=\"bumpedFont15\"> esta manipulado por Duran Barba<\/span><\/span><span class=\"s2\"><span class=\"bumpedFont15\">:<\/span><\/span><span class=\"s2\"><span class=\"bumpedFont15\">Divisi\u00f3n<\/span><\/span><span class=\"s2\"><span class=\"bumpedFont15\">, <\/span><\/span><span class=\"s2\"><span class=\"bumpedFont15\">Distracci\u00f3n<\/span><\/span><span class=\"s2\"><span class=\"bumpedFont15\"> y Barbarie<\/span><\/span><span class=\"s2\"><span class=\"bumpedFont15\">. <\/span><\/span><\/p>\n<p class=\"s3\">&nbsp;<\/p>\n<p class=\"s3\"><span class=\"s2\"><span class=\"bumpedFont15\">Gustavo:<\/span><\/span><span class=\"s2\"><span class=\"bumpedFont15\"> Nico, hoy estas visitando General <\/span><\/span><span class=\"s2\"><span class=\"bumpedFont15\">Rodr\u00edguez<\/span><\/span><span class=\"s2\"><span class=\"bumpedFont15\">, <\/span><\/span><span class=\"s2\"><span class=\"bumpedFont15\">y es bueno hablar de algunas cosas, <\/span><\/span><span class=\"s2\"><span class=\"bumpedFont15\">\u00bf<\/span><\/span><span class=\"s2\"><span class=\"bumpedFont15\">cu\u00e1l es tu mirada<\/span><\/span><span class=\"s2\"><span class=\"bumpedFont15\">,<\/span><\/span><span class=\"s2\"><span class=\"bumpedFont15\"> sobre un distrito que est\u00e1 esperando que vuelva el peronismo<\/span><\/span><span class=\"s2\"><span class=\"bumpedFont15\">?<\/span><\/span><\/p>\n<p class=\"s3\"><span class=\"s2\"><span class=\"bumpedFont15\">Nicol\u00e1s:<\/span><\/span> <span class=\"s2\"><span class=\"bumpedFont15\">S<\/span><\/span><span class=\"s2\"><span class=\"bumpedFont15\">i<\/span><\/span><span class=\"s2\"><span class=\"bumpedFont15\">,<\/span><\/span><span class=\"s2\"><span class=\"bumpedFont15\"> quiero co<\/span><\/span><span class=\"s2\"><span class=\"bumpedFont15\">ntarle a todos, <\/span><\/span><span class=\"s2\"><span class=\"bumpedFont15\">una an\u00e9cdota de <\/span><\/span><span class=\"s2\"><span class=\"bumpedFont15\">c\u00f3mo,<\/span><\/span><span class=\"s2\"><span class=\"bumpedFont15\"> me encontr\u00e9 con Jos\u00e9 Luis Ben\u00edtez<\/span><\/span><span class=\"s2\"><span class=\"bumpedFont15\">. H<\/span><\/span><span class=\"s2\"><span class=\"bumpedFont15\">ace ya siete u ocho a\u00f1os, all\u00e1 en una oficina del Centro de Alto Rendimiento Deportivo, el famoso CENARD, en el Barrio de <\/span><\/span><span class=\"s2\"><span class=\"bumpedFont15\">N\u00fa\u00f1ez,<\/span><\/span><span class=\"s2\"><span class=\"bumpedFont15\"> y<\/span><\/span><span class=\"s2\"><span class=\"bumpedFont15\"> yo como un militante raso, del <\/span><\/span><span class=\"s2\"><span class=\"bumpedFont15\">llano, me<\/span><\/span><span class=\"s2\"><span class=\"bumpedFont15\"> recibi\u00f3 me abri\u00f3 los brazos, &nbsp;me <\/span><\/span><span class=\"s2\"><span class=\"bumpedFont15\">confi\u00f3<\/span><\/span><span class=\"s2\"><span class=\"bumpedFont15\"> toda su trayectoria pol\u00edtica<\/span><\/span><span class=\"s2\"><span class=\"bumpedFont15\">, siempre me apuntalo. A<\/span><\/span><span class=\"s2\"><span class=\"bumpedFont15\"> veces yo no <\/span><\/span><span class=\"s2\"><span class=\"bumpedFont15\">entend\u00eda<\/span><\/span><span class=\"s2\"><span class=\"bumpedFont15\">, y le dec\u00eda <\/span><\/span><span class=\"s2\"><span class=\"bumpedFont15\">Jos\u00e9<\/span><\/span><span class=\"s2\"><span class=\"bumpedFont15\"> Luis \u00bfQu\u00e9 me <\/span><\/span><span class=\"s2\"><span class=\"bumpedFont15\">est\u00e1s<\/span><\/span><span class=\"s2\"><span class=\"bumpedFont15\"> diciendo? <\/span><\/span><\/p>\n<p class=\"s3\"><span class=\"s2\"><span class=\"bumpedFont15\">Y <\/span><\/span><span class=\"s2\"><span class=\"bumpedFont15\">se arriesg\u00f3<\/span><\/span><span class=\"s2\"><span class=\"bumpedFont15\"> en ese sentido a poners<\/span><\/span><span class=\"s2\"><span class=\"bumpedFont15\">e como un padrino pol\u00edtico<\/span><\/span><span class=\"s2\"><span class=\"bumpedFont15\">,<\/span><\/span><span class=\"s2\"><span class=\"bumpedFont15\"> y yo le tengo ese cari\u00f1o, por eso me tomo siempre el tiempo de estar acompa\u00f1\u00e1ndolo<\/span><\/span><span class=\"s2\"><span class=\"bumpedFont15\">,<\/span><\/span><span class=\"s2\"><span class=\"bumpedFont15\"> y quiero agradecer a Jos\u00e9 Luis<\/span><\/span><span class=\"s2\"><span class=\"bumpedFont15\">. Y c<\/span><\/span><span class=\"s2\"><span class=\"bumpedFont15\">ontento que el pueblo de General Rodr\u00edguez<\/span><\/span><span class=\"s2\"><span class=\"bumpedFont15\">, tiene esperanza con \u00e9l. P<\/span><\/span><span class=\"s2\"><span class=\"bumpedFont15\">orque entiendo que el<\/span><\/span><span class=\"s2\"><span class=\"bumpedFont15\"> Intendente actual de Cambiemos;<\/span><\/span><span class=\"s2\"><span class=\"bumpedFont15\"> por lo que uno se entera<\/span><\/span><span class=\"s2\"><span class=\"bumpedFont15\">,<\/span><\/span><span class=\"s2\"><span class=\"bumpedFont15\"> porque esto es un microclima<\/span><\/span><span class=\"s2\"><span class=\"bumpedFont15\">,<\/span><\/span><span class=\"s2\"><span class=\"bumpedFont15\"> donde los que estamos en pol\u00edtica y nos apasiona<\/span><\/span><span class=\"s2\"><span class=\"bumpedFont15\">;<\/span><\/span><span class=\"s2\"><span class=\"bumpedFont15\"> &nbsp;sabemos que pasa<\/span><\/span><span class=\"s2\"><span class=\"bumpedFont15\">,<\/span><\/span><span class=\"s2\"><span class=\"bumpedFont15\"> &nbsp;con los impuestos de los vecinos<\/span><\/span><span class=\"s2\"><span class=\"bumpedFont15\">. P<\/span><\/span><span class=\"s2\"><span class=\"bumpedFont15\">asa sus tickets de champagne, sus cenas, y me parece que caminando los barrios con Jos\u00e9 Luis me doy cuenta que General <\/span><\/span><span class=\"s2\"><span class=\"bumpedFont15\">Rodr\u00edguez<\/span><\/span><span class=\"s2\"><span class=\"bumpedFont15\">no est\u00e1 para ese tipo de gastos excesivos, ni extraordinarios. <\/span><\/span><\/p>\n<p class=\"s3\"><span class=\"s2\"><span class=\"bumpedFont15\">Que falta pavimentar un <\/span><\/span><span class=\"s2\"><span class=\"bumpedFont15\">mont\u00f3n<\/span><\/span><span class=\"s2\"><span class=\"bumpedFont15\"> de cuadras, que falta ver la gesti\u00f3n municipal<\/span><\/span><span class=\"s2\"><span class=\"bumpedFont15\">,<\/span><\/span><span class=\"s2\"><span class=\"bumpedFont15\"> y <\/span><\/span><span class=\"s2\"><span class=\"bumpedFont15\">Jos\u00e9<\/span><\/span><span class=\"s2\"><span class=\"bumpedFont15\"> Luis <\/span><\/span><span class=\"s2\"><span class=\"bumpedFont15\">Ben\u00edtez<\/span><\/span><span class=\"s2\"><span class=\"bumpedFont15\">, con toda la experiencia &nbsp; <\/span><\/span><span class=\"s2\"><span class=\"bumpedFont15\">que tiene, con toda su impronta, e<\/span><\/span><span class=\"s2\"><span class=\"bumpedFont15\">s un hombre responsable y serio. <\/span><\/span><\/p>\n<p class=\"s3\"><span class=\"s2\"><span class=\"bumpedFont15\">M<\/span><\/span><span class=\"s2\"><span class=\"bumpedFont15\">e parece que como dijo \u00e9l, el 2019 est\u00e1 a la vuelta de la esquina, es importante que el movimiento obrero este apoyando, me parece que se vienen tiempos de unidad, con tiempos donde se va a ver m\u00e1s que nunca la grieta entre pueblo y anti-pueblo y nosotros siempre estamos del lado del pueblo<\/span><\/span><span class=\"s2\"><span class=\"bumpedFont15\">, de los trabajadores, y de los vecinos. <\/span><\/span><\/p>\n<p class=\"s3\"><a name=\"_GoBack\"><\/a><span class=\"s2\"><span class=\"bumpedFont15\">Y voy a venir las veces que haga falta con el modelo San Luis. <\/span><\/span><span class=\"s2\"><span class=\"bumpedFont15\">&nbsp; <\/span><\/span><\/p>\n<script>function PlayerjsAsync(){} if(window[\"Playerjs\"]){PlayerjsAsync();}<\/script>","protected":false},"excerpt":{"rendered":"<p>El joven dirigente Nicolas Rodr\u00edguez Saa particip\u00f3 del Programa Jaque Mate, que se emite por FM \u201cEl Vecinal\u201d, 105.1. Un placer estar ac\u00e1 con ustedes muy contento de estar en territorio en Gral. Rodr\u00edguez en un lugar donde hay compa\u00f1eros muy valiosos, contento de estar ac\u00e1 acompa\u00f1ando a Jos\u00e9 Luis Ben\u00edtez, una gran dirigente a [&hellip;]<\/p>\n","protected":false},"author":1,"featured_media":1470,"comment_status":"closed","ping_status":"closed","sticky":false,"template":"","format":"standard","meta":{"content-type":"","footnotes":""},"categories":[4,9],"tags":[],"class_list":{"0":"post-1469","1":"post","2":"type-post","3":"status-publish","4":"format-standard","5":"has-post-thumbnail","7":"category-politica","8":"category-titulares"},"yoast_head":"<!-- This site is optimized with the Yoast SEO plugin v27.4 - https:\/\/yoast.com\/product\/yoast-seo-wordpress\/ -->\n<title>Nicolas Rodr\u00edguez Saa estuvo en el \u201cEl Vecinal\u201d FM 105.1 - Diario del Oeste<\/title>\n<meta name=\"robots\" content=\"index, follow, max-snippet:-1, max-image-preview:large, max-video-preview:-1\" \/>\n<link rel=\"canonical\" href=\"https:\/\/diariodeloeste.com\/noticias\/2018\/04\/24\/nicolas-rodriguez-saa-estuvo-en-el-el-vecinal-fm-105-1\/\" \/>\n<meta property=\"og:locale\" content=\"es_ES\" \/>\n<meta property=\"og:type\" content=\"article\" \/>\n<meta property=\"og:title\" content=\"Nicolas Rodr\u00edguez Saa estuvo en el \u201cEl Vecinal\u201d FM 105.1 - Diario del Oeste\" \/>\n<meta property=\"og:description\" content=\"El joven dirigente Nicolas Rodr\u00edguez Saa particip\u00f3 del Programa Jaque Mate, que se emite por FM \u201cEl Vecinal\u201d, 105.1. Un placer estar ac\u00e1 con ustedes muy contento de estar en territorio en Gral. Rodr\u00edguez en un lugar donde hay compa\u00f1eros muy valiosos, contento de estar ac\u00e1 acompa\u00f1ando a Jos\u00e9 Luis Ben\u00edtez, una gran dirigente a [&hellip;]\" \/>\n<meta property=\"og:url\" content=\"https:\/\/diariodeloeste.com\/noticias\/2018\/04\/24\/nicolas-rodriguez-saa-estuvo-en-el-el-vecinal-fm-105-1\/\" \/>\n<meta property=\"og:site_name\" content=\"Diario del Oeste\" \/>\n<meta property=\"article:published_time\" content=\"2018-04-24T15:29:46+00:00\" \/>\n<meta property=\"og:image\" content=\"https:\/\/diariodeloeste.com\/noticias\/wp-content\/uploads\/2018\/04\/7995BAEE-22F3-4845-87C3-0C0BA83B30F5.jpeg\" \/>\n\t<meta property=\"og:image:width\" content=\"1280\" \/>\n\t<meta property=\"og:image:height\" content=\"720\" \/>\n\t<meta property=\"og:image:type\" content=\"image\/jpeg\" \/>\n<meta name=\"author\" content=\"admin\" \/>\n<meta name=\"twitter:card\" content=\"summary_large_image\" \/>\n<meta name=\"twitter:label1\" content=\"Escrito por\" \/>\n\t<meta name=\"twitter:data1\" content=\"admin\" \/>\n\t<meta name=\"twitter:label2\" content=\"Tiempo de lectura\" \/>\n\t<meta name=\"twitter:data2\" content=\"6 minutos\" \/>\n<script type=\"application\/ld+json\" class=\"yoast-schema-graph\">{\"@context\":\"https:\\\/\\\/schema.org\",\"@graph\":[{\"@type\":\"Article\",\"@id\":\"https:\\\/\\\/diariodeloeste.com\\\/noticias\\\/2018\\\/04\\\/24\\\/nicolas-rodriguez-saa-estuvo-en-el-el-vecinal-fm-105-1\\\/#article\",\"isPartOf\":{\"@id\":\"https:\\\/\\\/diariodeloeste.com\\\/noticias\\\/2018\\\/04\\\/24\\\/nicolas-rodriguez-saa-estuvo-en-el-el-vecinal-fm-105-1\\\/\"},\"author\":{\"name\":\"admin\",\"@id\":\"https:\\\/\\\/diariodeloeste.com\\\/noticias\\\/#\\\/schema\\\/person\\\/fe4f8b89d0c447922571265f616af325\"},\"headline\":\"Nicolas Rodr\u00edguez Saa estuvo en el \u201cEl Vecinal\u201d FM 105.1\",\"datePublished\":\"2018-04-24T15:29:46+00:00\",\"mainEntityOfPage\":{\"@id\":\"https:\\\/\\\/diariodeloeste.com\\\/noticias\\\/2018\\\/04\\\/24\\\/nicolas-rodriguez-saa-estuvo-en-el-el-vecinal-fm-105-1\\\/\"},\"wordCount\":1240,\"publisher\":{\"@id\":\"https:\\\/\\\/diariodeloeste.com\\\/noticias\\\/#organization\"},\"image\":{\"@id\":\"https:\\\/\\\/diariodeloeste.com\\\/noticias\\\/2018\\\/04\\\/24\\\/nicolas-rodriguez-saa-estuvo-en-el-el-vecinal-fm-105-1\\\/#primaryimage\"},\"thumbnailUrl\":\"https:\\\/\\\/diariodeloeste.com\\\/noticias\\\/wp-content\\\/uploads\\\/2018\\\/04\\\/7995BAEE-22F3-4845-87C3-0C0BA83B30F5.jpeg\",\"articleSection\":[\"Pol\u00edtica\",\"Titulares\"],\"inLanguage\":\"es-AR\"},{\"@type\":\"WebPage\",\"@id\":\"https:\\\/\\\/diariodeloeste.com\\\/noticias\\\/2018\\\/04\\\/24\\\/nicolas-rodriguez-saa-estuvo-en-el-el-vecinal-fm-105-1\\\/\",\"url\":\"https:\\\/\\\/diariodeloeste.com\\\/noticias\\\/2018\\\/04\\\/24\\\/nicolas-rodriguez-saa-estuvo-en-el-el-vecinal-fm-105-1\\\/\",\"name\":\"Nicolas Rodr\u00edguez Saa estuvo en el \u201cEl Vecinal\u201d FM 105.1 - Diario del Oeste\",\"isPartOf\":{\"@id\":\"https:\\\/\\\/diariodeloeste.com\\\/noticias\\\/#website\"},\"primaryImageOfPage\":{\"@id\":\"https:\\\/\\\/diariodeloeste.com\\\/noticias\\\/2018\\\/04\\\/24\\\/nicolas-rodriguez-saa-estuvo-en-el-el-vecinal-fm-105-1\\\/#primaryimage\"},\"image\":{\"@id\":\"https:\\\/\\\/diariodeloeste.com\\\/noticias\\\/2018\\\/04\\\/24\\\/nicolas-rodriguez-saa-estuvo-en-el-el-vecinal-fm-105-1\\\/#primaryimage\"},\"thumbnailUrl\":\"https:\\\/\\\/diariodeloeste.com\\\/noticias\\\/wp-content\\\/uploads\\\/2018\\\/04\\\/7995BAEE-22F3-4845-87C3-0C0BA83B30F5.jpeg\",\"datePublished\":\"2018-04-24T15:29:46+00:00\",\"breadcrumb\":{\"@id\":\"https:\\\/\\\/diariodeloeste.com\\\/noticias\\\/2018\\\/04\\\/24\\\/nicolas-rodriguez-saa-estuvo-en-el-el-vecinal-fm-105-1\\\/#breadcrumb\"},\"inLanguage\":\"es-AR\",\"potentialAction\":[{\"@type\":\"ReadAction\",\"target\":[\"https:\\\/\\\/diariodeloeste.com\\\/noticias\\\/2018\\\/04\\\/24\\\/nicolas-rodriguez-saa-estuvo-en-el-el-vecinal-fm-105-1\\\/\"]}]},{\"@type\":\"ImageObject\",\"inLanguage\":\"es-AR\",\"@id\":\"https:\\\/\\\/diariodeloeste.com\\\/noticias\\\/2018\\\/04\\\/24\\\/nicolas-rodriguez-saa-estuvo-en-el-el-vecinal-fm-105-1\\\/#primaryimage\",\"url\":\"https:\\\/\\\/diariodeloeste.com\\\/noticias\\\/wp-content\\\/uploads\\\/2018\\\/04\\\/7995BAEE-22F3-4845-87C3-0C0BA83B30F5.jpeg\",\"contentUrl\":\"https:\\\/\\\/diariodeloeste.com\\\/noticias\\\/wp-content\\\/uploads\\\/2018\\\/04\\\/7995BAEE-22F3-4845-87C3-0C0BA83B30F5.jpeg\",\"width\":1280,\"height\":720},{\"@type\":\"BreadcrumbList\",\"@id\":\"https:\\\/\\\/diariodeloeste.com\\\/noticias\\\/2018\\\/04\\\/24\\\/nicolas-rodriguez-saa-estuvo-en-el-el-vecinal-fm-105-1\\\/#breadcrumb\",\"itemListElement\":[{\"@type\":\"ListItem\",\"position\":1,\"name\":\"Inicio\",\"item\":\"https:\\\/\\\/diariodeloeste.com\\\/noticias\\\/\"},{\"@type\":\"ListItem\",\"position\":2,\"name\":\"Nicolas Rodr\u00edguez Saa estuvo en el \u201cEl Vecinal\u201d FM 105.1\"}]},{\"@type\":\"WebSite\",\"@id\":\"https:\\\/\\\/diariodeloeste.com\\\/noticias\\\/#website\",\"url\":\"https:\\\/\\\/diariodeloeste.com\\\/noticias\\\/\",\"name\":\"Diario del Oeste\",\"description\":\"Noticias del Oeste\",\"publisher\":{\"@id\":\"https:\\\/\\\/diariodeloeste.com\\\/noticias\\\/#organization\"},\"potentialAction\":[{\"@type\":\"SearchAction\",\"target\":{\"@type\":\"EntryPoint\",\"urlTemplate\":\"https:\\\/\\\/diariodeloeste.com\\\/noticias\\\/?s={search_term_string}\"},\"query-input\":{\"@type\":\"PropertyValueSpecification\",\"valueRequired\":true,\"valueName\":\"search_term_string\"}}],\"inLanguage\":\"es-AR\"},{\"@type\":\"Organization\",\"@id\":\"https:\\\/\\\/diariodeloeste.com\\\/noticias\\\/#organization\",\"name\":\"Diario del Oeste\",\"url\":\"https:\\\/\\\/diariodeloeste.com\\\/noticias\\\/\",\"logo\":{\"@type\":\"ImageObject\",\"inLanguage\":\"es-AR\",\"@id\":\"https:\\\/\\\/diariodeloeste.com\\\/noticias\\\/#\\\/schema\\\/logo\\\/image\\\/\",\"url\":\"https:\\\/\\\/diariodeloeste.com\\\/noticias\\\/wp-content\\\/uploads\\\/2019\\\/04\\\/logo.png\",\"contentUrl\":\"https:\\\/\\\/diariodeloeste.com\\\/noticias\\\/wp-content\\\/uploads\\\/2019\\\/04\\\/logo.png\",\"width\":306,\"height\":145,\"caption\":\"Diario del Oeste\"},\"image\":{\"@id\":\"https:\\\/\\\/diariodeloeste.com\\\/noticias\\\/#\\\/schema\\\/logo\\\/image\\\/\"}},{\"@type\":\"Person\",\"@id\":\"https:\\\/\\\/diariodeloeste.com\\\/noticias\\\/#\\\/schema\\\/person\\\/fe4f8b89d0c447922571265f616af325\",\"name\":\"admin\",\"image\":{\"@type\":\"ImageObject\",\"inLanguage\":\"es-AR\",\"@id\":\"https:\\\/\\\/secure.gravatar.com\\\/avatar\\\/c1dcbae4a1eda6214c7bc9115f54e8889dd662450ef0ab6cb929af1bf9054141?s=96&d=mm&r=g\",\"url\":\"https:\\\/\\\/secure.gravatar.com\\\/avatar\\\/c1dcbae4a1eda6214c7bc9115f54e8889dd662450ef0ab6cb929af1bf9054141?s=96&d=mm&r=g\",\"contentUrl\":\"https:\\\/\\\/secure.gravatar.com\\\/avatar\\\/c1dcbae4a1eda6214c7bc9115f54e8889dd662450ef0ab6cb929af1bf9054141?s=96&d=mm&r=g\",\"caption\":\"admin\"},\"url\":\"https:\\\/\\\/diariodeloeste.com\\\/noticias\\\/author\\\/admin\\\/\"}]}<\/script>\n<!-- \/ Yoast SEO plugin. -->","yoast_head_json":{"title":"Nicolas Rodr\u00edguez Saa estuvo en el \u201cEl Vecinal\u201d FM 105.1 - Diario del Oeste","robots":{"index":"index","follow":"follow","max-snippet":"max-snippet:-1","max-image-preview":"max-image-preview:large","max-video-preview":"max-video-preview:-1"},"canonical":"https:\/\/diariodeloeste.com\/noticias\/2018\/04\/24\/nicolas-rodriguez-saa-estuvo-en-el-el-vecinal-fm-105-1\/","og_locale":"es_ES","og_type":"article","og_title":"Nicolas Rodr\u00edguez Saa estuvo en el \u201cEl Vecinal\u201d FM 105.1 - Diario del Oeste","og_description":"El joven dirigente Nicolas Rodr\u00edguez Saa particip\u00f3 del Programa Jaque Mate, que se emite por FM \u201cEl Vecinal\u201d, 105.1. Un placer estar ac\u00e1 con ustedes muy contento de estar en territorio en Gral. Rodr\u00edguez en un lugar donde hay compa\u00f1eros muy valiosos, contento de estar ac\u00e1 acompa\u00f1ando a Jos\u00e9 Luis Ben\u00edtez, una gran dirigente a [&hellip;]","og_url":"https:\/\/diariodeloeste.com\/noticias\/2018\/04\/24\/nicolas-rodriguez-saa-estuvo-en-el-el-vecinal-fm-105-1\/","og_site_name":"Diario del Oeste","article_published_time":"2018-04-24T15:29:46+00:00","og_image":[{"width":1280,"height":720,"url":"https:\/\/diariodeloeste.com\/noticias\/wp-content\/uploads\/2018\/04\/7995BAEE-22F3-4845-87C3-0C0BA83B30F5.jpeg","type":"image\/jpeg"}],"author":"admin","twitter_card":"summary_large_image","twitter_misc":{"Escrito por":"admin","Tiempo de lectura":"6 minutos"},"schema":{"@context":"https:\/\/schema.org","@graph":[{"@type":"Article","@id":"https:\/\/diariodeloeste.com\/noticias\/2018\/04\/24\/nicolas-rodriguez-saa-estuvo-en-el-el-vecinal-fm-105-1\/#article","isPartOf":{"@id":"https:\/\/diariodeloeste.com\/noticias\/2018\/04\/24\/nicolas-rodriguez-saa-estuvo-en-el-el-vecinal-fm-105-1\/"},"author":{"name":"admin","@id":"https:\/\/diariodeloeste.com\/noticias\/#\/schema\/person\/fe4f8b89d0c447922571265f616af325"},"headline":"Nicolas Rodr\u00edguez Saa estuvo en el \u201cEl Vecinal\u201d FM 105.1","datePublished":"2018-04-24T15:29:46+00:00","mainEntityOfPage":{"@id":"https:\/\/diariodeloeste.com\/noticias\/2018\/04\/24\/nicolas-rodriguez-saa-estuvo-en-el-el-vecinal-fm-105-1\/"},"wordCount":1240,"publisher":{"@id":"https:\/\/diariodeloeste.com\/noticias\/#organization"},"image":{"@id":"https:\/\/diariodeloeste.com\/noticias\/2018\/04\/24\/nicolas-rodriguez-saa-estuvo-en-el-el-vecinal-fm-105-1\/#primaryimage"},"thumbnailUrl":"https:\/\/diariodeloeste.com\/noticias\/wp-content\/uploads\/2018\/04\/7995BAEE-22F3-4845-87C3-0C0BA83B30F5.jpeg","articleSection":["Pol\u00edtica","Titulares"],"inLanguage":"es-AR"},{"@type":"WebPage","@id":"https:\/\/diariodeloeste.com\/noticias\/2018\/04\/24\/nicolas-rodriguez-saa-estuvo-en-el-el-vecinal-fm-105-1\/","url":"https:\/\/diariodeloeste.com\/noticias\/2018\/04\/24\/nicolas-rodriguez-saa-estuvo-en-el-el-vecinal-fm-105-1\/","name":"Nicolas Rodr\u00edguez Saa estuvo en el \u201cEl Vecinal\u201d FM 105.1 - Diario del Oeste","isPartOf":{"@id":"https:\/\/diariodeloeste.com\/noticias\/#website"},"primaryImageOfPage":{"@id":"https:\/\/diariodeloeste.com\/noticias\/2018\/04\/24\/nicolas-rodriguez-saa-estuvo-en-el-el-vecinal-fm-105-1\/#primaryimage"},"image":{"@id":"https:\/\/diariodeloeste.com\/noticias\/2018\/04\/24\/nicolas-rodriguez-saa-estuvo-en-el-el-vecinal-fm-105-1\/#primaryimage"},"thumbnailUrl":"https:\/\/diariodeloeste.com\/noticias\/wp-content\/uploads\/2018\/04\/7995BAEE-22F3-4845-87C3-0C0BA83B30F5.jpeg","datePublished":"2018-04-24T15:29:46+00:00","breadcrumb":{"@id":"https:\/\/diariodeloeste.com\/noticias\/2018\/04\/24\/nicolas-rodriguez-saa-estuvo-en-el-el-vecinal-fm-105-1\/#breadcrumb"},"inLanguage":"es-AR","potentialAction":[{"@type":"ReadAction","target":["https:\/\/diariodeloeste.com\/noticias\/2018\/04\/24\/nicolas-rodriguez-saa-estuvo-en-el-el-vecinal-fm-105-1\/"]}]},{"@type":"ImageObject","inLanguage":"es-AR","@id":"https:\/\/diariodeloeste.com\/noticias\/2018\/04\/24\/nicolas-rodriguez-saa-estuvo-en-el-el-vecinal-fm-105-1\/#primaryimage","url":"https:\/\/diariodeloeste.com\/noticias\/wp-content\/uploads\/2018\/04\/7995BAEE-22F3-4845-87C3-0C0BA83B30F5.jpeg","contentUrl":"https:\/\/diariodeloeste.com\/noticias\/wp-content\/uploads\/2018\/04\/7995BAEE-22F3-4845-87C3-0C0BA83B30F5.jpeg","width":1280,"height":720},{"@type":"BreadcrumbList","@id":"https:\/\/diariodeloeste.com\/noticias\/2018\/04\/24\/nicolas-rodriguez-saa-estuvo-en-el-el-vecinal-fm-105-1\/#breadcrumb","itemListElement":[{"@type":"ListItem","position":1,"name":"Inicio","item":"https:\/\/diariodeloeste.com\/noticias\/"},{"@type":"ListItem","position":2,"name":"Nicolas Rodr\u00edguez Saa estuvo en el \u201cEl Vecinal\u201d FM 105.1"}]},{"@type":"WebSite","@id":"https:\/\/diariodeloeste.com\/noticias\/#website","url":"https:\/\/diariodeloeste.com\/noticias\/","name":"Diario del Oeste","description":"Noticias del Oeste","publisher":{"@id":"https:\/\/diariodeloeste.com\/noticias\/#organization"},"potentialAction":[{"@type":"SearchAction","target":{"@type":"EntryPoint","urlTemplate":"https:\/\/diariodeloeste.com\/noticias\/?s={search_term_string}"},"query-input":{"@type":"PropertyValueSpecification","valueRequired":true,"valueName":"search_term_string"}}],"inLanguage":"es-AR"},{"@type":"Organization","@id":"https:\/\/diariodeloeste.com\/noticias\/#organization","name":"Diario del Oeste","url":"https:\/\/diariodeloeste.com\/noticias\/","logo":{"@type":"ImageObject","inLanguage":"es-AR","@id":"https:\/\/diariodeloeste.com\/noticias\/#\/schema\/logo\/image\/","url":"https:\/\/diariodeloeste.com\/noticias\/wp-content\/uploads\/2019\/04\/logo.png","contentUrl":"https:\/\/diariodeloeste.com\/noticias\/wp-content\/uploads\/2019\/04\/logo.png","width":306,"height":145,"caption":"Diario del Oeste"},"image":{"@id":"https:\/\/diariodeloeste.com\/noticias\/#\/schema\/logo\/image\/"}},{"@type":"Person","@id":"https:\/\/diariodeloeste.com\/noticias\/#\/schema\/person\/fe4f8b89d0c447922571265f616af325","name":"admin","image":{"@type":"ImageObject","inLanguage":"es-AR","@id":"https:\/\/secure.gravatar.com\/avatar\/c1dcbae4a1eda6214c7bc9115f54e8889dd662450ef0ab6cb929af1bf9054141?s=96&d=mm&r=g","url":"https:\/\/secure.gravatar.com\/avatar\/c1dcbae4a1eda6214c7bc9115f54e8889dd662450ef0ab6cb929af1bf9054141?s=96&d=mm&r=g","contentUrl":"https:\/\/secure.gravatar.com\/avatar\/c1dcbae4a1eda6214c7bc9115f54e8889dd662450ef0ab6cb929af1bf9054141?s=96&d=mm&r=g","caption":"admin"},"url":"https:\/\/diariodeloeste.com\/noticias\/author\/admin\/"}]}},"_links":{"self":[{"href":"https:\/\/diariodeloeste.com\/noticias\/wp-json\/wp\/v2\/posts\/1469","targetHints":{"allow":["GET"]}}],"collection":[{"href":"https:\/\/diariodeloeste.com\/noticias\/wp-json\/wp\/v2\/posts"}],"about":[{"href":"https:\/\/diariodeloeste.com\/noticias\/wp-json\/wp\/v2\/types\/post"}],"author":[{"embeddable":true,"href":"https:\/\/diariodeloeste.com\/noticias\/wp-json\/wp\/v2\/users\/1"}],"replies":[{"embeddable":true,"href":"https:\/\/diariodeloeste.com\/noticias\/wp-json\/wp\/v2\/comments?post=1469"}],"version-history":[{"count":1,"href":"https:\/\/diariodeloeste.com\/noticias\/wp-json\/wp\/v2\/posts\/1469\/revisions"}],"predecessor-version":[{"id":1471,"href":"https:\/\/diariodeloeste.com\/noticias\/wp-json\/wp\/v2\/posts\/1469\/revisions\/1471"}],"wp:featuredmedia":[{"embeddable":true,"href":"https:\/\/diariodeloeste.com\/noticias\/wp-json\/wp\/v2\/media\/1470"}],"wp:attachment":[{"href":"https:\/\/diariodeloeste.com\/noticias\/wp-json\/wp\/v2\/media?parent=1469"}],"wp:term":[{"taxonomy":"category","embeddable":true,"href":"https:\/\/diariodeloeste.com\/noticias\/wp-json\/wp\/v2\/categories?post=1469"},{"taxonomy":"post_tag","embeddable":true,"href":"https:\/\/diariodeloeste.com\/noticias\/wp-json\/wp\/v2\/tags?post=1469"}],"curies":[{"name":"wp","href":"https:\/\/api.w.org\/{rel}","templated":true}]}}