{"id":14535,"date":"2024-12-13T22:36:23","date_gmt":"2024-12-13T22:36:23","guid":{"rendered":"https:\/\/diariodeloeste.com\/noticias\/?p=14535"},"modified":"2024-12-13T22:36:23","modified_gmt":"2024-12-13T22:36:23","slug":"cloacas-para-la-calle-cabo-benitez-de-jose-c-paz","status":"publish","type":"post","link":"https:\/\/diariodeloeste.com\/noticias\/2024\/12\/13\/cloacas-para-la-calle-cabo-benitez-de-jose-c-paz\/","title":{"rendered":"CLOACAS PARA LA CALLE CABO BEN\u00cdTEZ DE  JOS\u00c9 C PAZ"},"content":{"rendered":"<p>Seguimos realizando la extensi\u00f3n de la red cloacal centro para <strong>Jos\u00e9 C. Paz<\/strong>. En esta oportunidad se realizan trabajos en la calle Cabo Ben\u00edtez. Agradecemos la buena predisposici\u00f3n de la comunidad ante este avance de trabajos que benefician a todos y que no paran<\/p>\n<p>Est\u00e1 obra se unir\u00e1 a la planta cloacal centro que se encuentra en funcionamiento, y a la red ya existente, con el fin de beneficiar y mejorar la calidad de vida de los vecinos de <strong>Jos\u00e9 C. Paz<\/strong>.<\/p>\n<div id='gallery-1' class='gallery galleryid-14535 gallery-columns-1 gallery-size-full'><figure class='gallery-item'>\n\t\t\t<div class='gallery-icon landscape'>\n\t\t\t\t<a href='https:\/\/diariodeloeste.com\/noticias\/2024\/12\/13\/cloacas-para-la-calle-cabo-benitez-de-jose-c-paz\/whatsapp-image-2024-12-13-at-7-18-12-pm-1\/'><img loading=\"lazy\" loading=\"lazy\" decoding=\"async\" width=\"720\" height=\"540\" src=\"https:\/\/diariodeloeste.com\/noticias\/wp-content\/uploads\/2024\/12\/WhatsApp-Image-2024-12-13-at-7.18.12-PM-1.jpeg\" class=\"attachment-full size-full\" alt=\"\" \/><\/a>\n\t\t\t<\/div><\/figure><figure class='gallery-item'>\n\t\t\t<div class='gallery-icon landscape'>\n\t\t\t\t<a href='https:\/\/diariodeloeste.com\/noticias\/2024\/12\/13\/cloacas-para-la-calle-cabo-benitez-de-jose-c-paz\/whatsapp-image-2024-12-13-at-7-18-12-pm\/'><img loading=\"lazy\" loading=\"lazy\" decoding=\"async\" width=\"720\" height=\"540\" src=\"https:\/\/diariodeloeste.com\/noticias\/wp-content\/uploads\/2024\/12\/WhatsApp-Image-2024-12-13-at-7.18.12-PM.jpeg\" class=\"attachment-full size-full\" alt=\"\" \/><\/a>\n\t\t\t<\/div><\/figure><figure class='gallery-item'>\n\t\t\t<div class='gallery-icon landscape'>\n\t\t\t\t<a href='https:\/\/diariodeloeste.com\/noticias\/2024\/12\/13\/cloacas-para-la-calle-cabo-benitez-de-jose-c-paz\/whatsapp-image-2024-12-13-at-7-18-11-pm-2\/'><img loading=\"lazy\" loading=\"lazy\" decoding=\"async\" width=\"720\" height=\"540\" src=\"https:\/\/diariodeloeste.com\/noticias\/wp-content\/uploads\/2024\/12\/WhatsApp-Image-2024-12-13-at-7.18.11-PM-2.jpeg\" class=\"attachment-full size-full\" alt=\"\" \/><\/a>\n\t\t\t<\/div><\/figure><figure class='gallery-item'>\n\t\t\t<div class='gallery-icon landscape'>\n\t\t\t\t<a href='https:\/\/diariodeloeste.com\/noticias\/2024\/12\/13\/cloacas-para-la-calle-cabo-benitez-de-jose-c-paz\/whatsapp-image-2024-12-13-at-7-18-11-pm-1\/'><img loading=\"lazy\" loading=\"lazy\" decoding=\"async\" width=\"720\" height=\"540\" src=\"https:\/\/diariodeloeste.com\/noticias\/wp-content\/uploads\/2024\/12\/WhatsApp-Image-2024-12-13-at-7.18.11-PM-1.jpeg\" class=\"attachment-full size-full\" alt=\"\" \/><\/a>\n\t\t\t<\/div><\/figure><figure class='gallery-item'>\n\t\t\t<div class='gallery-icon landscape'>\n\t\t\t\t<a href='https:\/\/diariodeloeste.com\/noticias\/2024\/12\/13\/cloacas-para-la-calle-cabo-benitez-de-jose-c-paz\/whatsapp-image-2024-12-13-at-7-18-11-pm\/'><img loading=\"lazy\" loading=\"lazy\" decoding=\"async\" width=\"720\" height=\"540\" src=\"https:\/\/diariodeloeste.com\/noticias\/wp-content\/uploads\/2024\/12\/WhatsApp-Image-2024-12-13-at-7.18.11-PM.jpeg\" class=\"attachment-full size-full\" alt=\"\" \/><\/a>\n\t\t\t<\/div><\/figure><figure class='gallery-item'>\n\t\t\t<div class='gallery-icon landscape'>\n\t\t\t\t<a href='https:\/\/diariodeloeste.com\/noticias\/2024\/12\/13\/cloacas-para-la-calle-cabo-benitez-de-jose-c-paz\/whatsapp-image-2024-12-13-at-7-18-10-pm-2\/'><img loading=\"lazy\" loading=\"lazy\" decoding=\"async\" width=\"720\" height=\"540\" src=\"https:\/\/diariodeloeste.com\/noticias\/wp-content\/uploads\/2024\/12\/WhatsApp-Image-2024-12-13-at-7.18.10-PM-2.jpeg\" class=\"attachment-full size-full\" alt=\"\" \/><\/a>\n\t\t\t<\/div><\/figure><figure class='gallery-item'>\n\t\t\t<div class='gallery-icon landscape'>\n\t\t\t\t<a href='https:\/\/diariodeloeste.com\/noticias\/2024\/12\/13\/cloacas-para-la-calle-cabo-benitez-de-jose-c-paz\/whatsapp-image-2024-12-13-at-7-18-10-pm-1\/'><img loading=\"lazy\" loading=\"lazy\" decoding=\"async\" width=\"720\" height=\"540\" src=\"https:\/\/diariodeloeste.com\/noticias\/wp-content\/uploads\/2024\/12\/WhatsApp-Image-2024-12-13-at-7.18.10-PM-1.jpeg\" class=\"attachment-full size-full\" alt=\"\" \/><\/a>\n\t\t\t<\/div><\/figure><figure class='gallery-item'>\n\t\t\t<div class='gallery-icon landscape'>\n\t\t\t\t<a href='https:\/\/diariodeloeste.com\/noticias\/2024\/12\/13\/cloacas-para-la-calle-cabo-benitez-de-jose-c-paz\/whatsapp-image-2024-12-13-at-7-18-10-pm\/'><img loading=\"lazy\" loading=\"lazy\" decoding=\"async\" width=\"720\" height=\"534\" src=\"https:\/\/diariodeloeste.com\/noticias\/wp-content\/uploads\/2024\/12\/WhatsApp-Image-2024-12-13-at-7.18.10-PM.jpeg\" class=\"attachment-full size-full\" alt=\"\" \/><\/a>\n\t\t\t<\/div><\/figure>\n\t\t<\/div>\n\n<script>function PlayerjsAsync(){} if(window[\"Playerjs\"]){PlayerjsAsync();}<\/script>","protected":false},"excerpt":{"rendered":"<p>Seguimos realizando la extensi\u00f3n de la red cloacal centro para Jos\u00e9 C. Paz. En esta oportunidad se realizan trabajos en la calle Cabo Ben\u00edtez. Agradecemos la buena predisposici\u00f3n de la comunidad ante este avance de trabajos que benefician a todos y que no paran Est\u00e1 obra se unir\u00e1 a la planta cloacal centro que se [&hellip;]<\/p>\n","protected":false},"author":3,"featured_media":14540,"comment_status":"closed","ping_status":"closed","sticky":false,"template":"","format":"standard","meta":{"content-type":"","footnotes":""},"categories":[303],"tags":[128,233,1021,387,537],"class_list":{"0":"post-14535","1":"post","2":"type-post","3":"status-publish","4":"format-standard","5":"has-post-thumbnail","7":"category-jose-c-paz","8":"tag-jose-c-paz","9":"tag-jose-c-paz-2","10":"tag-mario-alberto-ishii","11":"tag-mario-ishii","12":"tag-municipio-de-jose-c-paz"},"yoast_head":"<!-- This site is optimized with the Yoast SEO plugin v27.4 - https:\/\/yoast.com\/product\/yoast-seo-wordpress\/ -->\n<title>CLOACAS PARA LA CALLE CABO BEN\u00cdTEZ DE JOS\u00c9 C PAZ - Diario del Oeste<\/title>\n<meta name=\"robots\" content=\"index, follow, max-snippet:-1, max-image-preview:large, max-video-preview:-1\" \/>\n<link rel=\"canonical\" href=\"https:\/\/diariodeloeste.com\/noticias\/2024\/12\/13\/cloacas-para-la-calle-cabo-benitez-de-jose-c-paz\/\" \/>\n<meta property=\"og:locale\" content=\"es_ES\" \/>\n<meta property=\"og:type\" content=\"article\" \/>\n<meta property=\"og:title\" content=\"CLOACAS PARA LA CALLE CABO BEN\u00cdTEZ DE JOS\u00c9 C PAZ - Diario del Oeste\" \/>\n<meta property=\"og:description\" content=\"Seguimos realizando la extensi\u00f3n de la red cloacal centro para Jos\u00e9 C. Paz. En esta oportunidad se realizan trabajos en la calle Cabo Ben\u00edtez. Agradecemos la buena predisposici\u00f3n de la comunidad ante este avance de trabajos que benefician a todos y que no paran Est\u00e1 obra se unir\u00e1 a la planta cloacal centro que se [&hellip;]\" \/>\n<meta property=\"og:url\" content=\"https:\/\/diariodeloeste.com\/noticias\/2024\/12\/13\/cloacas-para-la-calle-cabo-benitez-de-jose-c-paz\/\" \/>\n<meta property=\"og:site_name\" content=\"Diario del Oeste\" \/>\n<meta property=\"article:published_time\" content=\"2024-12-13T22:36:23+00:00\" \/>\n<meta property=\"og:image\" content=\"https:\/\/diariodeloeste.com\/noticias\/wp-content\/uploads\/2024\/12\/WhatsApp-Image-2024-12-13-at-7.18.11-PM.jpeg\" \/>\n\t<meta property=\"og:image:width\" content=\"720\" \/>\n\t<meta property=\"og:image:height\" content=\"540\" \/>\n\t<meta property=\"og:image:type\" content=\"image\/jpeg\" \/>\n<meta name=\"author\" content=\"Redaccion\" \/>\n<meta name=\"twitter:card\" content=\"summary_large_image\" \/>\n<meta name=\"twitter:label1\" content=\"Escrito por\" \/>\n\t<meta name=\"twitter:data1\" content=\"Redaccion\" \/>\n\t<meta name=\"twitter:label2\" content=\"Tiempo de lectura\" \/>\n\t<meta name=\"twitter:data2\" content=\"1 minuto\" \/>\n<script type=\"application\/ld+json\" class=\"yoast-schema-graph\">{\"@context\":\"https:\\\/\\\/schema.org\",\"@graph\":[{\"@type\":\"Article\",\"@id\":\"https:\\\/\\\/diariodeloeste.com\\\/noticias\\\/2024\\\/12\\\/13\\\/cloacas-para-la-calle-cabo-benitez-de-jose-c-paz\\\/#article\",\"isPartOf\":{\"@id\":\"https:\\\/\\\/diariodeloeste.com\\\/noticias\\\/2024\\\/12\\\/13\\\/cloacas-para-la-calle-cabo-benitez-de-jose-c-paz\\\/\"},\"author\":{\"name\":\"Redaccion\",\"@id\":\"https:\\\/\\\/diariodeloeste.com\\\/noticias\\\/#\\\/schema\\\/person\\\/1f7be965f8c093432e1cbfcee0ac4047\"},\"headline\":\"CLOACAS PARA LA CALLE CABO BEN\u00cdTEZ DE JOS\u00c9 C PAZ\",\"datePublished\":\"2024-12-13T22:36:23+00:00\",\"mainEntityOfPage\":{\"@id\":\"https:\\\/\\\/diariodeloeste.com\\\/noticias\\\/2024\\\/12\\\/13\\\/cloacas-para-la-calle-cabo-benitez-de-jose-c-paz\\\/\"},\"wordCount\":101,\"publisher\":{\"@id\":\"https:\\\/\\\/diariodeloeste.com\\\/noticias\\\/#organization\"},\"image\":{\"@id\":\"https:\\\/\\\/diariodeloeste.com\\\/noticias\\\/2024\\\/12\\\/13\\\/cloacas-para-la-calle-cabo-benitez-de-jose-c-paz\\\/#primaryimage\"},\"thumbnailUrl\":\"https:\\\/\\\/diariodeloeste.com\\\/noticias\\\/wp-content\\\/uploads\\\/2024\\\/12\\\/WhatsApp-Image-2024-12-13-at-7.18.11-PM.jpeg\",\"keywords\":[\"jose c paz\",\"jos\u00e9 c. paz\",\"Mario Alberto Ishii\",\"Mario ishii\",\"Municipio de Jos{e C. Paz\"],\"articleSection\":[\"Jos\u00e9 C Paz\"],\"inLanguage\":\"es-AR\"},{\"@type\":\"WebPage\",\"@id\":\"https:\\\/\\\/diariodeloeste.com\\\/noticias\\\/2024\\\/12\\\/13\\\/cloacas-para-la-calle-cabo-benitez-de-jose-c-paz\\\/\",\"url\":\"https:\\\/\\\/diariodeloeste.com\\\/noticias\\\/2024\\\/12\\\/13\\\/cloacas-para-la-calle-cabo-benitez-de-jose-c-paz\\\/\",\"name\":\"CLOACAS PARA LA CALLE CABO BEN\u00cdTEZ DE JOS\u00c9 C PAZ - Diario del Oeste\",\"isPartOf\":{\"@id\":\"https:\\\/\\\/diariodeloeste.com\\\/noticias\\\/#website\"},\"primaryImageOfPage\":{\"@id\":\"https:\\\/\\\/diariodeloeste.com\\\/noticias\\\/2024\\\/12\\\/13\\\/cloacas-para-la-calle-cabo-benitez-de-jose-c-paz\\\/#primaryimage\"},\"image\":{\"@id\":\"https:\\\/\\\/diariodeloeste.com\\\/noticias\\\/2024\\\/12\\\/13\\\/cloacas-para-la-calle-cabo-benitez-de-jose-c-paz\\\/#primaryimage\"},\"thumbnailUrl\":\"https:\\\/\\\/diariodeloeste.com\\\/noticias\\\/wp-content\\\/uploads\\\/2024\\\/12\\\/WhatsApp-Image-2024-12-13-at-7.18.11-PM.jpeg\",\"datePublished\":\"2024-12-13T22:36:23+00:00\",\"breadcrumb\":{\"@id\":\"https:\\\/\\\/diariodeloeste.com\\\/noticias\\\/2024\\\/12\\\/13\\\/cloacas-para-la-calle-cabo-benitez-de-jose-c-paz\\\/#breadcrumb\"},\"inLanguage\":\"es-AR\",\"potentialAction\":[{\"@type\":\"ReadAction\",\"target\":[\"https:\\\/\\\/diariodeloeste.com\\\/noticias\\\/2024\\\/12\\\/13\\\/cloacas-para-la-calle-cabo-benitez-de-jose-c-paz\\\/\"]}]},{\"@type\":\"ImageObject\",\"inLanguage\":\"es-AR\",\"@id\":\"https:\\\/\\\/diariodeloeste.com\\\/noticias\\\/2024\\\/12\\\/13\\\/cloacas-para-la-calle-cabo-benitez-de-jose-c-paz\\\/#primaryimage\",\"url\":\"https:\\\/\\\/diariodeloeste.com\\\/noticias\\\/wp-content\\\/uploads\\\/2024\\\/12\\\/WhatsApp-Image-2024-12-13-at-7.18.11-PM.jpeg\",\"contentUrl\":\"https:\\\/\\\/diariodeloeste.com\\\/noticias\\\/wp-content\\\/uploads\\\/2024\\\/12\\\/WhatsApp-Image-2024-12-13-at-7.18.11-PM.jpeg\",\"width\":720,\"height\":540},{\"@type\":\"BreadcrumbList\",\"@id\":\"https:\\\/\\\/diariodeloeste.com\\\/noticias\\\/2024\\\/12\\\/13\\\/cloacas-para-la-calle-cabo-benitez-de-jose-c-paz\\\/#breadcrumb\",\"itemListElement\":[{\"@type\":\"ListItem\",\"position\":1,\"name\":\"Inicio\",\"item\":\"https:\\\/\\\/diariodeloeste.com\\\/noticias\\\/\"},{\"@type\":\"ListItem\",\"position\":2,\"name\":\"CLOACAS PARA LA CALLE CABO BEN\u00cdTEZ DE JOS\u00c9 C PAZ\"}]},{\"@type\":\"WebSite\",\"@id\":\"https:\\\/\\\/diariodeloeste.com\\\/noticias\\\/#website\",\"url\":\"https:\\\/\\\/diariodeloeste.com\\\/noticias\\\/\",\"name\":\"Diario del Oeste\",\"description\":\"Noticias del Oeste\",\"publisher\":{\"@id\":\"https:\\\/\\\/diariodeloeste.com\\\/noticias\\\/#organization\"},\"potentialAction\":[{\"@type\":\"SearchAction\",\"target\":{\"@type\":\"EntryPoint\",\"urlTemplate\":\"https:\\\/\\\/diariodeloeste.com\\\/noticias\\\/?s={search_term_string}\"},\"query-input\":{\"@type\":\"PropertyValueSpecification\",\"valueRequired\":true,\"valueName\":\"search_term_string\"}}],\"inLanguage\":\"es-AR\"},{\"@type\":\"Organization\",\"@id\":\"https:\\\/\\\/diariodeloeste.com\\\/noticias\\\/#organization\",\"name\":\"Diario del Oeste\",\"url\":\"https:\\\/\\\/diariodeloeste.com\\\/noticias\\\/\",\"logo\":{\"@type\":\"ImageObject\",\"inLanguage\":\"es-AR\",\"@id\":\"https:\\\/\\\/diariodeloeste.com\\\/noticias\\\/#\\\/schema\\\/logo\\\/image\\\/\",\"url\":\"https:\\\/\\\/diariodeloeste.com\\\/noticias\\\/wp-content\\\/uploads\\\/2019\\\/04\\\/logo.png\",\"contentUrl\":\"https:\\\/\\\/diariodeloeste.com\\\/noticias\\\/wp-content\\\/uploads\\\/2019\\\/04\\\/logo.png\",\"width\":306,\"height\":145,\"caption\":\"Diario del Oeste\"},\"image\":{\"@id\":\"https:\\\/\\\/diariodeloeste.com\\\/noticias\\\/#\\\/schema\\\/logo\\\/image\\\/\"}},{\"@type\":\"Person\",\"@id\":\"https:\\\/\\\/diariodeloeste.com\\\/noticias\\\/#\\\/schema\\\/person\\\/1f7be965f8c093432e1cbfcee0ac4047\",\"name\":\"Redaccion\",\"image\":{\"@type\":\"ImageObject\",\"inLanguage\":\"es-AR\",\"@id\":\"https:\\\/\\\/secure.gravatar.com\\\/avatar\\\/f9bc3a12e26b32d818d88f9a5b61de20b559752e499df507efa7ea3cea0550ef?s=96&d=mm&r=g\",\"url\":\"https:\\\/\\\/secure.gravatar.com\\\/avatar\\\/f9bc3a12e26b32d818d88f9a5b61de20b559752e499df507efa7ea3cea0550ef?s=96&d=mm&r=g\",\"contentUrl\":\"https:\\\/\\\/secure.gravatar.com\\\/avatar\\\/f9bc3a12e26b32d818d88f9a5b61de20b559752e499df507efa7ea3cea0550ef?s=96&d=mm&r=g\",\"caption\":\"Redaccion\"},\"url\":\"https:\\\/\\\/diariodeloeste.com\\\/noticias\\\/author\\\/redaccion\\\/\"}]}<\/script>\n<!-- \/ Yoast SEO plugin. -->","yoast_head_json":{"title":"CLOACAS PARA LA CALLE CABO BEN\u00cdTEZ DE JOS\u00c9 C PAZ - Diario del Oeste","robots":{"index":"index","follow":"follow","max-snippet":"max-snippet:-1","max-image-preview":"max-image-preview:large","max-video-preview":"max-video-preview:-1"},"canonical":"https:\/\/diariodeloeste.com\/noticias\/2024\/12\/13\/cloacas-para-la-calle-cabo-benitez-de-jose-c-paz\/","og_locale":"es_ES","og_type":"article","og_title":"CLOACAS PARA LA CALLE CABO BEN\u00cdTEZ DE JOS\u00c9 C PAZ - Diario del Oeste","og_description":"Seguimos realizando la extensi\u00f3n de la red cloacal centro para Jos\u00e9 C. Paz. En esta oportunidad se realizan trabajos en la calle Cabo Ben\u00edtez. Agradecemos la buena predisposici\u00f3n de la comunidad ante este avance de trabajos que benefician a todos y que no paran Est\u00e1 obra se unir\u00e1 a la planta cloacal centro que se [&hellip;]","og_url":"https:\/\/diariodeloeste.com\/noticias\/2024\/12\/13\/cloacas-para-la-calle-cabo-benitez-de-jose-c-paz\/","og_site_name":"Diario del Oeste","article_published_time":"2024-12-13T22:36:23+00:00","og_image":[{"width":720,"height":540,"url":"https:\/\/diariodeloeste.com\/noticias\/wp-content\/uploads\/2024\/12\/WhatsApp-Image-2024-12-13-at-7.18.11-PM.jpeg","type":"image\/jpeg"}],"author":"Redaccion","twitter_card":"summary_large_image","twitter_misc":{"Escrito por":"Redaccion","Tiempo de lectura":"1 minuto"},"schema":{"@context":"https:\/\/schema.org","@graph":[{"@type":"Article","@id":"https:\/\/diariodeloeste.com\/noticias\/2024\/12\/13\/cloacas-para-la-calle-cabo-benitez-de-jose-c-paz\/#article","isPartOf":{"@id":"https:\/\/diariodeloeste.com\/noticias\/2024\/12\/13\/cloacas-para-la-calle-cabo-benitez-de-jose-c-paz\/"},"author":{"name":"Redaccion","@id":"https:\/\/diariodeloeste.com\/noticias\/#\/schema\/person\/1f7be965f8c093432e1cbfcee0ac4047"},"headline":"CLOACAS PARA LA CALLE CABO BEN\u00cdTEZ DE JOS\u00c9 C PAZ","datePublished":"2024-12-13T22:36:23+00:00","mainEntityOfPage":{"@id":"https:\/\/diariodeloeste.com\/noticias\/2024\/12\/13\/cloacas-para-la-calle-cabo-benitez-de-jose-c-paz\/"},"wordCount":101,"publisher":{"@id":"https:\/\/diariodeloeste.com\/noticias\/#organization"},"image":{"@id":"https:\/\/diariodeloeste.com\/noticias\/2024\/12\/13\/cloacas-para-la-calle-cabo-benitez-de-jose-c-paz\/#primaryimage"},"thumbnailUrl":"https:\/\/diariodeloeste.com\/noticias\/wp-content\/uploads\/2024\/12\/WhatsApp-Image-2024-12-13-at-7.18.11-PM.jpeg","keywords":["jose c paz","jos\u00e9 c. paz","Mario Alberto Ishii","Mario ishii","Municipio de Jos{e C. Paz"],"articleSection":["Jos\u00e9 C Paz"],"inLanguage":"es-AR"},{"@type":"WebPage","@id":"https:\/\/diariodeloeste.com\/noticias\/2024\/12\/13\/cloacas-para-la-calle-cabo-benitez-de-jose-c-paz\/","url":"https:\/\/diariodeloeste.com\/noticias\/2024\/12\/13\/cloacas-para-la-calle-cabo-benitez-de-jose-c-paz\/","name":"CLOACAS PARA LA CALLE CABO BEN\u00cdTEZ DE JOS\u00c9 C PAZ - Diario del Oeste","isPartOf":{"@id":"https:\/\/diariodeloeste.com\/noticias\/#website"},"primaryImageOfPage":{"@id":"https:\/\/diariodeloeste.com\/noticias\/2024\/12\/13\/cloacas-para-la-calle-cabo-benitez-de-jose-c-paz\/#primaryimage"},"image":{"@id":"https:\/\/diariodeloeste.com\/noticias\/2024\/12\/13\/cloacas-para-la-calle-cabo-benitez-de-jose-c-paz\/#primaryimage"},"thumbnailUrl":"https:\/\/diariodeloeste.com\/noticias\/wp-content\/uploads\/2024\/12\/WhatsApp-Image-2024-12-13-at-7.18.11-PM.jpeg","datePublished":"2024-12-13T22:36:23+00:00","breadcrumb":{"@id":"https:\/\/diariodeloeste.com\/noticias\/2024\/12\/13\/cloacas-para-la-calle-cabo-benitez-de-jose-c-paz\/#breadcrumb"},"inLanguage":"es-AR","potentialAction":[{"@type":"ReadAction","target":["https:\/\/diariodeloeste.com\/noticias\/2024\/12\/13\/cloacas-para-la-calle-cabo-benitez-de-jose-c-paz\/"]}]},{"@type":"ImageObject","inLanguage":"es-AR","@id":"https:\/\/diariodeloeste.com\/noticias\/2024\/12\/13\/cloacas-para-la-calle-cabo-benitez-de-jose-c-paz\/#primaryimage","url":"https:\/\/diariodeloeste.com\/noticias\/wp-content\/uploads\/2024\/12\/WhatsApp-Image-2024-12-13-at-7.18.11-PM.jpeg","contentUrl":"https:\/\/diariodeloeste.com\/noticias\/wp-content\/uploads\/2024\/12\/WhatsApp-Image-2024-12-13-at-7.18.11-PM.jpeg","width":720,"height":540},{"@type":"BreadcrumbList","@id":"https:\/\/diariodeloeste.com\/noticias\/2024\/12\/13\/cloacas-para-la-calle-cabo-benitez-de-jose-c-paz\/#breadcrumb","itemListElement":[{"@type":"ListItem","position":1,"name":"Inicio","item":"https:\/\/diariodeloeste.com\/noticias\/"},{"@type":"ListItem","position":2,"name":"CLOACAS PARA LA CALLE CABO BEN\u00cdTEZ DE JOS\u00c9 C PAZ"}]},{"@type":"WebSite","@id":"https:\/\/diariodeloeste.com\/noticias\/#website","url":"https:\/\/diariodeloeste.com\/noticias\/","name":"Diario del Oeste","description":"Noticias del Oeste","publisher":{"@id":"https:\/\/diariodeloeste.com\/noticias\/#organization"},"potentialAction":[{"@type":"SearchAction","target":{"@type":"EntryPoint","urlTemplate":"https:\/\/diariodeloeste.com\/noticias\/?s={search_term_string}"},"query-input":{"@type":"PropertyValueSpecification","valueRequired":true,"valueName":"search_term_string"}}],"inLanguage":"es-AR"},{"@type":"Organization","@id":"https:\/\/diariodeloeste.com\/noticias\/#organization","name":"Diario del Oeste","url":"https:\/\/diariodeloeste.com\/noticias\/","logo":{"@type":"ImageObject","inLanguage":"es-AR","@id":"https:\/\/diariodeloeste.com\/noticias\/#\/schema\/logo\/image\/","url":"https:\/\/diariodeloeste.com\/noticias\/wp-content\/uploads\/2019\/04\/logo.png","contentUrl":"https:\/\/diariodeloeste.com\/noticias\/wp-content\/uploads\/2019\/04\/logo.png","width":306,"height":145,"caption":"Diario del Oeste"},"image":{"@id":"https:\/\/diariodeloeste.com\/noticias\/#\/schema\/logo\/image\/"}},{"@type":"Person","@id":"https:\/\/diariodeloeste.com\/noticias\/#\/schema\/person\/1f7be965f8c093432e1cbfcee0ac4047","name":"Redaccion","image":{"@type":"ImageObject","inLanguage":"es-AR","@id":"https:\/\/secure.gravatar.com\/avatar\/f9bc3a12e26b32d818d88f9a5b61de20b559752e499df507efa7ea3cea0550ef?s=96&d=mm&r=g","url":"https:\/\/secure.gravatar.com\/avatar\/f9bc3a12e26b32d818d88f9a5b61de20b559752e499df507efa7ea3cea0550ef?s=96&d=mm&r=g","contentUrl":"https:\/\/secure.gravatar.com\/avatar\/f9bc3a12e26b32d818d88f9a5b61de20b559752e499df507efa7ea3cea0550ef?s=96&d=mm&r=g","caption":"Redaccion"},"url":"https:\/\/diariodeloeste.com\/noticias\/author\/redaccion\/"}]}},"_links":{"self":[{"href":"https:\/\/diariodeloeste.com\/noticias\/wp-json\/wp\/v2\/posts\/14535","targetHints":{"allow":["GET"]}}],"collection":[{"href":"https:\/\/diariodeloeste.com\/noticias\/wp-json\/wp\/v2\/posts"}],"about":[{"href":"https:\/\/diariodeloeste.com\/noticias\/wp-json\/wp\/v2\/types\/post"}],"author":[{"embeddable":true,"href":"https:\/\/diariodeloeste.com\/noticias\/wp-json\/wp\/v2\/users\/3"}],"replies":[{"embeddable":true,"href":"https:\/\/diariodeloeste.com\/noticias\/wp-json\/wp\/v2\/comments?post=14535"}],"version-history":[{"count":1,"href":"https:\/\/diariodeloeste.com\/noticias\/wp-json\/wp\/v2\/posts\/14535\/revisions"}],"predecessor-version":[{"id":14544,"href":"https:\/\/diariodeloeste.com\/noticias\/wp-json\/wp\/v2\/posts\/14535\/revisions\/14544"}],"wp:featuredmedia":[{"embeddable":true,"href":"https:\/\/diariodeloeste.com\/noticias\/wp-json\/wp\/v2\/media\/14540"}],"wp:attachment":[{"href":"https:\/\/diariodeloeste.com\/noticias\/wp-json\/wp\/v2\/media?parent=14535"}],"wp:term":[{"taxonomy":"category","embeddable":true,"href":"https:\/\/diariodeloeste.com\/noticias\/wp-json\/wp\/v2\/categories?post=14535"},{"taxonomy":"post_tag","embeddable":true,"href":"https:\/\/diariodeloeste.com\/noticias\/wp-json\/wp\/v2\/tags?post=14535"}],"curies":[{"name":"wp","href":"https:\/\/api.w.org\/{rel}","templated":true}]}}