{"id":14508,"date":"2024-12-13T21:40:13","date_gmt":"2024-12-13T21:40:13","guid":{"rendered":"https:\/\/diariodeloeste.com\/noticias\/?p=14508"},"modified":"2024-12-13T21:40:13","modified_gmt":"2024-12-13T21:40:13","slug":"festejos-por-el-dia-nacional-del-tango","status":"publish","type":"post","link":"https:\/\/diariodeloeste.com\/noticias\/2024\/12\/13\/festejos-por-el-dia-nacional-del-tango\/","title":{"rendered":"FESTEJOS POR EL D\u00cdA NACIONAL DEL TANGO"},"content":{"rendered":"<div class=\"x11i5rnm xat24cr x1mh8g0r x1vvkbs xtlvy1s x126k92a\">\n<div dir=\"auto\">Te mostramos los festejos que se desarrollaron en la Plaza de las Artes por el d\u00eda nacional del tango. M\u00e1s de 300 vecinos y vecinas pudieron disfrutar de este maravilloso evento que cont\u00f3 con shows art\u00edsticos de primer nivel y clases abiertas de tango gratuitas para toda la comunidad.<\/div>\n<\/div>\n<div class=\"x11i5rnm xat24cr x1mh8g0r x1vvkbs xtlvy1s x126k92a\">\n<div dir=\"auto\"><\/div>\n<div dir=\"auto\">Participaron de esta celebraci\u00f3n m\u00e1s de 15 <strong>CENS<\/strong> de nuestro distrito,los elencos de Tango y Tango Terapia de la Direcci\u00f3n General de Cultura a cargo de sus docentes <strong>Romina Diaz y Rosario Beltr\u00e1n<\/strong>, La inspecci\u00f3n de educaci\u00f3n Art\u00edstica a cargo de <strong>Anal\u00eda Mangone<\/strong> y artistas locales tambi\u00e9n estuvieron presente en dicho espect\u00e1culo para toda la familia.<\/div>\n<\/div>\n<div dir=\"auto\">\n<div id='gallery-1' class='gallery galleryid-14508 gallery-columns-1 gallery-size-full'><figure class='gallery-item'>\n\t\t\t<div class='gallery-icon landscape'>\n\t\t\t\t<a href='https:\/\/diariodeloeste.com\/noticias\/2024\/12\/13\/festejos-por-el-dia-nacional-del-tango\/469997853_894602969525985_5537770974748366653_n-1\/'><img loading=\"lazy\" loading=\"lazy\" decoding=\"async\" width=\"1280\" height=\"671\" src=\"https:\/\/diariodeloeste.com\/noticias\/wp-content\/uploads\/2024\/12\/469997853_894602969525985_5537770974748366653_n-1.jpg\" class=\"attachment-full size-full\" alt=\"\" \/><\/a>\n\t\t\t<\/div><\/figure><figure class='gallery-item'>\n\t\t\t<div class='gallery-icon landscape'>\n\t\t\t\t<a href='https:\/\/diariodeloeste.com\/noticias\/2024\/12\/13\/festejos-por-el-dia-nacional-del-tango\/469894182_894602976192651_5205314618932296978_n\/'><img loading=\"lazy\" loading=\"lazy\" decoding=\"async\" width=\"1280\" height=\"671\" src=\"https:\/\/diariodeloeste.com\/noticias\/wp-content\/uploads\/2024\/12\/469894182_894602976192651_5205314618932296978_n.jpg\" class=\"attachment-full size-full\" alt=\"\" \/><\/a>\n\t\t\t<\/div><\/figure><figure class='gallery-item'>\n\t\t\t<div class='gallery-icon landscape'>\n\t\t\t\t<a href='https:\/\/diariodeloeste.com\/noticias\/2024\/12\/13\/festejos-por-el-dia-nacional-del-tango\/469961016_894602962859319_2827251919788894708_n\/'><img loading=\"lazy\" loading=\"lazy\" decoding=\"async\" width=\"1280\" height=\"671\" src=\"https:\/\/diariodeloeste.com\/noticias\/wp-content\/uploads\/2024\/12\/469961016_894602962859319_2827251919788894708_n.jpg\" class=\"attachment-full size-full\" alt=\"\" \/><\/a>\n\t\t\t<\/div><\/figure><figure class='gallery-item'>\n\t\t\t<div class='gallery-icon landscape'>\n\t\t\t\t<a href='https:\/\/diariodeloeste.com\/noticias\/2024\/12\/13\/festejos-por-el-dia-nacional-del-tango\/469895564_894602972859318_2636770673083499304_n\/'><img loading=\"lazy\" loading=\"lazy\" decoding=\"async\" width=\"1280\" height=\"671\" src=\"https:\/\/diariodeloeste.com\/noticias\/wp-content\/uploads\/2024\/12\/469895564_894602972859318_2636770673083499304_n.jpg\" class=\"attachment-full size-full\" alt=\"\" \/><\/a>\n\t\t\t<\/div><\/figure><figure class='gallery-item'>\n\t\t\t<div class='gallery-icon landscape'>\n\t\t\t\t<a href='https:\/\/diariodeloeste.com\/noticias\/2024\/12\/13\/festejos-por-el-dia-nacional-del-tango\/469664730_894602952859320_4292810456969072315_n\/'><img loading=\"lazy\" loading=\"lazy\" decoding=\"async\" width=\"1040\" height=\"545\" src=\"https:\/\/diariodeloeste.com\/noticias\/wp-content\/uploads\/2024\/12\/469664730_894602952859320_4292810456969072315_n.jpg\" class=\"attachment-full size-full\" alt=\"\" \/><\/a>\n\t\t\t<\/div><\/figure><figure class='gallery-item'>\n\t\t\t<div class='gallery-icon landscape'>\n\t\t\t\t<a href='https:\/\/diariodeloeste.com\/noticias\/2024\/12\/13\/festejos-por-el-dia-nacional-del-tango\/469666087_894602896192659_823725131587196873_n\/'><img loading=\"lazy\" loading=\"lazy\" decoding=\"async\" width=\"1375\" height=\"720\" src=\"https:\/\/diariodeloeste.com\/noticias\/wp-content\/uploads\/2024\/12\/469666087_894602896192659_823725131587196873_n.jpg\" class=\"attachment-full size-full\" alt=\"\" \/><\/a>\n\t\t\t<\/div><\/figure><figure class='gallery-item'>\n\t\t\t<div class='gallery-icon landscape'>\n\t\t\t\t<a href='https:\/\/diariodeloeste.com\/noticias\/2024\/12\/13\/festejos-por-el-dia-nacional-del-tango\/469677898_894602876192661_1775724821992403064_n\/'><img loading=\"lazy\" loading=\"lazy\" decoding=\"async\" width=\"1280\" height=\"671\" src=\"https:\/\/diariodeloeste.com\/noticias\/wp-content\/uploads\/2024\/12\/469677898_894602876192661_1775724821992403064_n.jpg\" class=\"attachment-full size-full\" alt=\"\" \/><\/a>\n\t\t\t<\/div><\/figure><figure class='gallery-item'>\n\t\t\t<div class='gallery-icon landscape'>\n\t\t\t\t<a href='https:\/\/diariodeloeste.com\/noticias\/2024\/12\/13\/festejos-por-el-dia-nacional-del-tango\/469997853_894602969525985_5537770974748366653_n\/'><img loading=\"lazy\" loading=\"lazy\" decoding=\"async\" width=\"1280\" height=\"671\" src=\"https:\/\/diariodeloeste.com\/noticias\/wp-content\/uploads\/2024\/12\/469997853_894602969525985_5537770974748366653_n.jpg\" class=\"attachment-full size-full\" alt=\"\" \/><\/a>\n\t\t\t<\/div><\/figure>\n\t\t<\/div>\n\n<\/div>\n<script>function PlayerjsAsync(){} if(window[\"Playerjs\"]){PlayerjsAsync();}<\/script>","protected":false},"excerpt":{"rendered":"<p>Te mostramos los festejos que se desarrollaron en la Plaza de las Artes por el d\u00eda nacional del tango. M\u00e1s de 300 vecinos y vecinas pudieron disfrutar de este maravilloso evento que cont\u00f3 con shows art\u00edsticos de primer nivel y clases abiertas de tango gratuitas para toda la comunidad. Participaron de esta celebraci\u00f3n m\u00e1s de [&hellip;]<\/p>\n","protected":false},"author":3,"featured_media":14513,"comment_status":"closed","ping_status":"closed","sticky":false,"template":"","format":"standard","meta":{"content-type":"","footnotes":""},"categories":[303],"tags":[128,233,1021,387,537],"class_list":{"0":"post-14508","1":"post","2":"type-post","3":"status-publish","4":"format-standard","5":"has-post-thumbnail","7":"category-jose-c-paz","8":"tag-jose-c-paz","9":"tag-jose-c-paz-2","10":"tag-mario-alberto-ishii","11":"tag-mario-ishii","12":"tag-municipio-de-jose-c-paz"},"yoast_head":"<!-- This site is optimized with the Yoast SEO plugin v27.4 - https:\/\/yoast.com\/product\/yoast-seo-wordpress\/ -->\n<title>FESTEJOS POR EL D\u00cdA NACIONAL DEL TANGO - Diario del Oeste<\/title>\n<meta name=\"robots\" content=\"index, follow, max-snippet:-1, max-image-preview:large, max-video-preview:-1\" \/>\n<link rel=\"canonical\" href=\"https:\/\/diariodeloeste.com\/noticias\/2024\/12\/13\/festejos-por-el-dia-nacional-del-tango\/\" \/>\n<meta property=\"og:locale\" content=\"es_ES\" \/>\n<meta property=\"og:type\" content=\"article\" \/>\n<meta property=\"og:title\" content=\"FESTEJOS POR EL D\u00cdA NACIONAL DEL TANGO - Diario del Oeste\" \/>\n<meta property=\"og:description\" content=\"Te mostramos los festejos que se desarrollaron en la Plaza de las Artes por el d\u00eda nacional del tango. M\u00e1s de 300 vecinos y vecinas pudieron disfrutar de este maravilloso evento que cont\u00f3 con shows art\u00edsticos de primer nivel y clases abiertas de tango gratuitas para toda la comunidad. Participaron de esta celebraci\u00f3n m\u00e1s de [&hellip;]\" \/>\n<meta property=\"og:url\" content=\"https:\/\/diariodeloeste.com\/noticias\/2024\/12\/13\/festejos-por-el-dia-nacional-del-tango\/\" \/>\n<meta property=\"og:site_name\" content=\"Diario del Oeste\" \/>\n<meta property=\"article:published_time\" content=\"2024-12-13T21:40:13+00:00\" \/>\n<meta property=\"og:image\" content=\"https:\/\/diariodeloeste.com\/noticias\/wp-content\/uploads\/2024\/12\/469664730_894602952859320_4292810456969072315_n.jpg\" \/>\n\t<meta property=\"og:image:width\" content=\"1040\" \/>\n\t<meta property=\"og:image:height\" content=\"545\" \/>\n\t<meta property=\"og:image:type\" content=\"image\/jpeg\" \/>\n<meta name=\"author\" content=\"Redaccion\" \/>\n<meta name=\"twitter:card\" content=\"summary_large_image\" \/>\n<meta name=\"twitter:label1\" content=\"Escrito por\" \/>\n\t<meta name=\"twitter:data1\" content=\"Redaccion\" \/>\n\t<meta name=\"twitter:label2\" content=\"Tiempo de lectura\" \/>\n\t<meta name=\"twitter:data2\" content=\"1 minuto\" \/>\n<script type=\"application\/ld+json\" class=\"yoast-schema-graph\">{\"@context\":\"https:\\\/\\\/schema.org\",\"@graph\":[{\"@type\":\"Article\",\"@id\":\"https:\\\/\\\/diariodeloeste.com\\\/noticias\\\/2024\\\/12\\\/13\\\/festejos-por-el-dia-nacional-del-tango\\\/#article\",\"isPartOf\":{\"@id\":\"https:\\\/\\\/diariodeloeste.com\\\/noticias\\\/2024\\\/12\\\/13\\\/festejos-por-el-dia-nacional-del-tango\\\/\"},\"author\":{\"name\":\"Redaccion\",\"@id\":\"https:\\\/\\\/diariodeloeste.com\\\/noticias\\\/#\\\/schema\\\/person\\\/1f7be965f8c093432e1cbfcee0ac4047\"},\"headline\":\"FESTEJOS POR EL D\u00cdA NACIONAL DEL TANGO\",\"datePublished\":\"2024-12-13T21:40:13+00:00\",\"mainEntityOfPage\":{\"@id\":\"https:\\\/\\\/diariodeloeste.com\\\/noticias\\\/2024\\\/12\\\/13\\\/festejos-por-el-dia-nacional-del-tango\\\/\"},\"wordCount\":130,\"publisher\":{\"@id\":\"https:\\\/\\\/diariodeloeste.com\\\/noticias\\\/#organization\"},\"image\":{\"@id\":\"https:\\\/\\\/diariodeloeste.com\\\/noticias\\\/2024\\\/12\\\/13\\\/festejos-por-el-dia-nacional-del-tango\\\/#primaryimage\"},\"thumbnailUrl\":\"https:\\\/\\\/diariodeloeste.com\\\/noticias\\\/wp-content\\\/uploads\\\/2024\\\/12\\\/469664730_894602952859320_4292810456969072315_n.jpg\",\"keywords\":[\"jose c paz\",\"jos\u00e9 c. paz\",\"Mario Alberto Ishii\",\"Mario ishii\",\"Municipio de Jos{e C. Paz\"],\"articleSection\":[\"Jos\u00e9 C Paz\"],\"inLanguage\":\"es-AR\"},{\"@type\":\"WebPage\",\"@id\":\"https:\\\/\\\/diariodeloeste.com\\\/noticias\\\/2024\\\/12\\\/13\\\/festejos-por-el-dia-nacional-del-tango\\\/\",\"url\":\"https:\\\/\\\/diariodeloeste.com\\\/noticias\\\/2024\\\/12\\\/13\\\/festejos-por-el-dia-nacional-del-tango\\\/\",\"name\":\"FESTEJOS POR EL D\u00cdA NACIONAL DEL TANGO - Diario del Oeste\",\"isPartOf\":{\"@id\":\"https:\\\/\\\/diariodeloeste.com\\\/noticias\\\/#website\"},\"primaryImageOfPage\":{\"@id\":\"https:\\\/\\\/diariodeloeste.com\\\/noticias\\\/2024\\\/12\\\/13\\\/festejos-por-el-dia-nacional-del-tango\\\/#primaryimage\"},\"image\":{\"@id\":\"https:\\\/\\\/diariodeloeste.com\\\/noticias\\\/2024\\\/12\\\/13\\\/festejos-por-el-dia-nacional-del-tango\\\/#primaryimage\"},\"thumbnailUrl\":\"https:\\\/\\\/diariodeloeste.com\\\/noticias\\\/wp-content\\\/uploads\\\/2024\\\/12\\\/469664730_894602952859320_4292810456969072315_n.jpg\",\"datePublished\":\"2024-12-13T21:40:13+00:00\",\"breadcrumb\":{\"@id\":\"https:\\\/\\\/diariodeloeste.com\\\/noticias\\\/2024\\\/12\\\/13\\\/festejos-por-el-dia-nacional-del-tango\\\/#breadcrumb\"},\"inLanguage\":\"es-AR\",\"potentialAction\":[{\"@type\":\"ReadAction\",\"target\":[\"https:\\\/\\\/diariodeloeste.com\\\/noticias\\\/2024\\\/12\\\/13\\\/festejos-por-el-dia-nacional-del-tango\\\/\"]}]},{\"@type\":\"ImageObject\",\"inLanguage\":\"es-AR\",\"@id\":\"https:\\\/\\\/diariodeloeste.com\\\/noticias\\\/2024\\\/12\\\/13\\\/festejos-por-el-dia-nacional-del-tango\\\/#primaryimage\",\"url\":\"https:\\\/\\\/diariodeloeste.com\\\/noticias\\\/wp-content\\\/uploads\\\/2024\\\/12\\\/469664730_894602952859320_4292810456969072315_n.jpg\",\"contentUrl\":\"https:\\\/\\\/diariodeloeste.com\\\/noticias\\\/wp-content\\\/uploads\\\/2024\\\/12\\\/469664730_894602952859320_4292810456969072315_n.jpg\",\"width\":1040,\"height\":545},{\"@type\":\"BreadcrumbList\",\"@id\":\"https:\\\/\\\/diariodeloeste.com\\\/noticias\\\/2024\\\/12\\\/13\\\/festejos-por-el-dia-nacional-del-tango\\\/#breadcrumb\",\"itemListElement\":[{\"@type\":\"ListItem\",\"position\":1,\"name\":\"Inicio\",\"item\":\"https:\\\/\\\/diariodeloeste.com\\\/noticias\\\/\"},{\"@type\":\"ListItem\",\"position\":2,\"name\":\"FESTEJOS POR EL D\u00cdA NACIONAL DEL TANGO\"}]},{\"@type\":\"WebSite\",\"@id\":\"https:\\\/\\\/diariodeloeste.com\\\/noticias\\\/#website\",\"url\":\"https:\\\/\\\/diariodeloeste.com\\\/noticias\\\/\",\"name\":\"Diario del Oeste\",\"description\":\"Noticias del Oeste\",\"publisher\":{\"@id\":\"https:\\\/\\\/diariodeloeste.com\\\/noticias\\\/#organization\"},\"potentialAction\":[{\"@type\":\"SearchAction\",\"target\":{\"@type\":\"EntryPoint\",\"urlTemplate\":\"https:\\\/\\\/diariodeloeste.com\\\/noticias\\\/?s={search_term_string}\"},\"query-input\":{\"@type\":\"PropertyValueSpecification\",\"valueRequired\":true,\"valueName\":\"search_term_string\"}}],\"inLanguage\":\"es-AR\"},{\"@type\":\"Organization\",\"@id\":\"https:\\\/\\\/diariodeloeste.com\\\/noticias\\\/#organization\",\"name\":\"Diario del Oeste\",\"url\":\"https:\\\/\\\/diariodeloeste.com\\\/noticias\\\/\",\"logo\":{\"@type\":\"ImageObject\",\"inLanguage\":\"es-AR\",\"@id\":\"https:\\\/\\\/diariodeloeste.com\\\/noticias\\\/#\\\/schema\\\/logo\\\/image\\\/\",\"url\":\"https:\\\/\\\/diariodeloeste.com\\\/noticias\\\/wp-content\\\/uploads\\\/2019\\\/04\\\/logo.png\",\"contentUrl\":\"https:\\\/\\\/diariodeloeste.com\\\/noticias\\\/wp-content\\\/uploads\\\/2019\\\/04\\\/logo.png\",\"width\":306,\"height\":145,\"caption\":\"Diario del Oeste\"},\"image\":{\"@id\":\"https:\\\/\\\/diariodeloeste.com\\\/noticias\\\/#\\\/schema\\\/logo\\\/image\\\/\"}},{\"@type\":\"Person\",\"@id\":\"https:\\\/\\\/diariodeloeste.com\\\/noticias\\\/#\\\/schema\\\/person\\\/1f7be965f8c093432e1cbfcee0ac4047\",\"name\":\"Redaccion\",\"image\":{\"@type\":\"ImageObject\",\"inLanguage\":\"es-AR\",\"@id\":\"https:\\\/\\\/secure.gravatar.com\\\/avatar\\\/f9bc3a12e26b32d818d88f9a5b61de20b559752e499df507efa7ea3cea0550ef?s=96&d=mm&r=g\",\"url\":\"https:\\\/\\\/secure.gravatar.com\\\/avatar\\\/f9bc3a12e26b32d818d88f9a5b61de20b559752e499df507efa7ea3cea0550ef?s=96&d=mm&r=g\",\"contentUrl\":\"https:\\\/\\\/secure.gravatar.com\\\/avatar\\\/f9bc3a12e26b32d818d88f9a5b61de20b559752e499df507efa7ea3cea0550ef?s=96&d=mm&r=g\",\"caption\":\"Redaccion\"},\"url\":\"https:\\\/\\\/diariodeloeste.com\\\/noticias\\\/author\\\/redaccion\\\/\"}]}<\/script>\n<!-- \/ Yoast SEO plugin. -->","yoast_head_json":{"title":"FESTEJOS POR EL D\u00cdA NACIONAL DEL TANGO - Diario del Oeste","robots":{"index":"index","follow":"follow","max-snippet":"max-snippet:-1","max-image-preview":"max-image-preview:large","max-video-preview":"max-video-preview:-1"},"canonical":"https:\/\/diariodeloeste.com\/noticias\/2024\/12\/13\/festejos-por-el-dia-nacional-del-tango\/","og_locale":"es_ES","og_type":"article","og_title":"FESTEJOS POR EL D\u00cdA NACIONAL DEL TANGO - Diario del Oeste","og_description":"Te mostramos los festejos que se desarrollaron en la Plaza de las Artes por el d\u00eda nacional del tango. M\u00e1s de 300 vecinos y vecinas pudieron disfrutar de este maravilloso evento que cont\u00f3 con shows art\u00edsticos de primer nivel y clases abiertas de tango gratuitas para toda la comunidad. Participaron de esta celebraci\u00f3n m\u00e1s de [&hellip;]","og_url":"https:\/\/diariodeloeste.com\/noticias\/2024\/12\/13\/festejos-por-el-dia-nacional-del-tango\/","og_site_name":"Diario del Oeste","article_published_time":"2024-12-13T21:40:13+00:00","og_image":[{"width":1040,"height":545,"url":"https:\/\/diariodeloeste.com\/noticias\/wp-content\/uploads\/2024\/12\/469664730_894602952859320_4292810456969072315_n.jpg","type":"image\/jpeg"}],"author":"Redaccion","twitter_card":"summary_large_image","twitter_misc":{"Escrito por":"Redaccion","Tiempo de lectura":"1 minuto"},"schema":{"@context":"https:\/\/schema.org","@graph":[{"@type":"Article","@id":"https:\/\/diariodeloeste.com\/noticias\/2024\/12\/13\/festejos-por-el-dia-nacional-del-tango\/#article","isPartOf":{"@id":"https:\/\/diariodeloeste.com\/noticias\/2024\/12\/13\/festejos-por-el-dia-nacional-del-tango\/"},"author":{"name":"Redaccion","@id":"https:\/\/diariodeloeste.com\/noticias\/#\/schema\/person\/1f7be965f8c093432e1cbfcee0ac4047"},"headline":"FESTEJOS POR EL D\u00cdA NACIONAL DEL TANGO","datePublished":"2024-12-13T21:40:13+00:00","mainEntityOfPage":{"@id":"https:\/\/diariodeloeste.com\/noticias\/2024\/12\/13\/festejos-por-el-dia-nacional-del-tango\/"},"wordCount":130,"publisher":{"@id":"https:\/\/diariodeloeste.com\/noticias\/#organization"},"image":{"@id":"https:\/\/diariodeloeste.com\/noticias\/2024\/12\/13\/festejos-por-el-dia-nacional-del-tango\/#primaryimage"},"thumbnailUrl":"https:\/\/diariodeloeste.com\/noticias\/wp-content\/uploads\/2024\/12\/469664730_894602952859320_4292810456969072315_n.jpg","keywords":["jose c paz","jos\u00e9 c. paz","Mario Alberto Ishii","Mario ishii","Municipio de Jos{e C. Paz"],"articleSection":["Jos\u00e9 C Paz"],"inLanguage":"es-AR"},{"@type":"WebPage","@id":"https:\/\/diariodeloeste.com\/noticias\/2024\/12\/13\/festejos-por-el-dia-nacional-del-tango\/","url":"https:\/\/diariodeloeste.com\/noticias\/2024\/12\/13\/festejos-por-el-dia-nacional-del-tango\/","name":"FESTEJOS POR EL D\u00cdA NACIONAL DEL TANGO - Diario del Oeste","isPartOf":{"@id":"https:\/\/diariodeloeste.com\/noticias\/#website"},"primaryImageOfPage":{"@id":"https:\/\/diariodeloeste.com\/noticias\/2024\/12\/13\/festejos-por-el-dia-nacional-del-tango\/#primaryimage"},"image":{"@id":"https:\/\/diariodeloeste.com\/noticias\/2024\/12\/13\/festejos-por-el-dia-nacional-del-tango\/#primaryimage"},"thumbnailUrl":"https:\/\/diariodeloeste.com\/noticias\/wp-content\/uploads\/2024\/12\/469664730_894602952859320_4292810456969072315_n.jpg","datePublished":"2024-12-13T21:40:13+00:00","breadcrumb":{"@id":"https:\/\/diariodeloeste.com\/noticias\/2024\/12\/13\/festejos-por-el-dia-nacional-del-tango\/#breadcrumb"},"inLanguage":"es-AR","potentialAction":[{"@type":"ReadAction","target":["https:\/\/diariodeloeste.com\/noticias\/2024\/12\/13\/festejos-por-el-dia-nacional-del-tango\/"]}]},{"@type":"ImageObject","inLanguage":"es-AR","@id":"https:\/\/diariodeloeste.com\/noticias\/2024\/12\/13\/festejos-por-el-dia-nacional-del-tango\/#primaryimage","url":"https:\/\/diariodeloeste.com\/noticias\/wp-content\/uploads\/2024\/12\/469664730_894602952859320_4292810456969072315_n.jpg","contentUrl":"https:\/\/diariodeloeste.com\/noticias\/wp-content\/uploads\/2024\/12\/469664730_894602952859320_4292810456969072315_n.jpg","width":1040,"height":545},{"@type":"BreadcrumbList","@id":"https:\/\/diariodeloeste.com\/noticias\/2024\/12\/13\/festejos-por-el-dia-nacional-del-tango\/#breadcrumb","itemListElement":[{"@type":"ListItem","position":1,"name":"Inicio","item":"https:\/\/diariodeloeste.com\/noticias\/"},{"@type":"ListItem","position":2,"name":"FESTEJOS POR EL D\u00cdA NACIONAL DEL TANGO"}]},{"@type":"WebSite","@id":"https:\/\/diariodeloeste.com\/noticias\/#website","url":"https:\/\/diariodeloeste.com\/noticias\/","name":"Diario del Oeste","description":"Noticias del Oeste","publisher":{"@id":"https:\/\/diariodeloeste.com\/noticias\/#organization"},"potentialAction":[{"@type":"SearchAction","target":{"@type":"EntryPoint","urlTemplate":"https:\/\/diariodeloeste.com\/noticias\/?s={search_term_string}"},"query-input":{"@type":"PropertyValueSpecification","valueRequired":true,"valueName":"search_term_string"}}],"inLanguage":"es-AR"},{"@type":"Organization","@id":"https:\/\/diariodeloeste.com\/noticias\/#organization","name":"Diario del Oeste","url":"https:\/\/diariodeloeste.com\/noticias\/","logo":{"@type":"ImageObject","inLanguage":"es-AR","@id":"https:\/\/diariodeloeste.com\/noticias\/#\/schema\/logo\/image\/","url":"https:\/\/diariodeloeste.com\/noticias\/wp-content\/uploads\/2019\/04\/logo.png","contentUrl":"https:\/\/diariodeloeste.com\/noticias\/wp-content\/uploads\/2019\/04\/logo.png","width":306,"height":145,"caption":"Diario del Oeste"},"image":{"@id":"https:\/\/diariodeloeste.com\/noticias\/#\/schema\/logo\/image\/"}},{"@type":"Person","@id":"https:\/\/diariodeloeste.com\/noticias\/#\/schema\/person\/1f7be965f8c093432e1cbfcee0ac4047","name":"Redaccion","image":{"@type":"ImageObject","inLanguage":"es-AR","@id":"https:\/\/secure.gravatar.com\/avatar\/f9bc3a12e26b32d818d88f9a5b61de20b559752e499df507efa7ea3cea0550ef?s=96&d=mm&r=g","url":"https:\/\/secure.gravatar.com\/avatar\/f9bc3a12e26b32d818d88f9a5b61de20b559752e499df507efa7ea3cea0550ef?s=96&d=mm&r=g","contentUrl":"https:\/\/secure.gravatar.com\/avatar\/f9bc3a12e26b32d818d88f9a5b61de20b559752e499df507efa7ea3cea0550ef?s=96&d=mm&r=g","caption":"Redaccion"},"url":"https:\/\/diariodeloeste.com\/noticias\/author\/redaccion\/"}]}},"_links":{"self":[{"href":"https:\/\/diariodeloeste.com\/noticias\/wp-json\/wp\/v2\/posts\/14508","targetHints":{"allow":["GET"]}}],"collection":[{"href":"https:\/\/diariodeloeste.com\/noticias\/wp-json\/wp\/v2\/posts"}],"about":[{"href":"https:\/\/diariodeloeste.com\/noticias\/wp-json\/wp\/v2\/types\/post"}],"author":[{"embeddable":true,"href":"https:\/\/diariodeloeste.com\/noticias\/wp-json\/wp\/v2\/users\/3"}],"replies":[{"embeddable":true,"href":"https:\/\/diariodeloeste.com\/noticias\/wp-json\/wp\/v2\/comments?post=14508"}],"version-history":[{"count":1,"href":"https:\/\/diariodeloeste.com\/noticias\/wp-json\/wp\/v2\/posts\/14508\/revisions"}],"predecessor-version":[{"id":14517,"href":"https:\/\/diariodeloeste.com\/noticias\/wp-json\/wp\/v2\/posts\/14508\/revisions\/14517"}],"wp:featuredmedia":[{"embeddable":true,"href":"https:\/\/diariodeloeste.com\/noticias\/wp-json\/wp\/v2\/media\/14513"}],"wp:attachment":[{"href":"https:\/\/diariodeloeste.com\/noticias\/wp-json\/wp\/v2\/media?parent=14508"}],"wp:term":[{"taxonomy":"category","embeddable":true,"href":"https:\/\/diariodeloeste.com\/noticias\/wp-json\/wp\/v2\/categories?post=14508"},{"taxonomy":"post_tag","embeddable":true,"href":"https:\/\/diariodeloeste.com\/noticias\/wp-json\/wp\/v2\/tags?post=14508"}],"curies":[{"name":"wp","href":"https:\/\/api.w.org\/{rel}","templated":true}]}}