{"id":1403,"date":"2018-04-10T20:58:33","date_gmt":"2018-04-10T20:58:33","guid":{"rendered":"https:\/\/diariodeloeste.com\/noticias\/?p=1403"},"modified":"2018-04-10T20:58:33","modified_gmt":"2018-04-10T20:58:33","slug":"desde-el-pj-bonaerense-rechazamos-la-intervencion-antidemocratica-del-pj-nacional","status":"publish","type":"post","link":"https:\/\/diariodeloeste.com\/noticias\/2018\/04\/10\/desde-el-pj-bonaerense-rechazamos-la-intervencion-antidemocratica-del-pj-nacional\/","title":{"rendered":"DESDE EL PJ BONAERENSE RECHAZAMOS LA INTERVENCI\u00d3N ANTIDEMOCRATICA DEL PJ NACIONAL:"},"content":{"rendered":"<p><em><strong>Tras conocerse la noticia de la intervenci\u00f3n del Partido Justicialista Nacional, el PJ Bonaerense expres\u00f3 \u201cel m\u00e1s absoluto repudio frente a este acto antidemocr\u00e1tico\u201d y destac\u00f3 la gravedad del fallo. Adem\u00e1s, los dirigentes ratificaron su apoyo a las autoridades del Partido, quienes comunicaron que presentar\u00e1n hoy mismo una apelaci\u00f3n.<\/strong><\/em><\/p>\n<p>\u201cNo podemos hablar de republicanismo si todo el tiempo se suceden hechos que atentan contra el derecho a la representaci\u00f3n. El Partido Justicialista es el principal partido opositor, tiene alcance nacional y fue uno de los art\u00edfices constitutivos de nuestra Democracia. Exigimos respeto por nuestra tradici\u00f3n y por nuestro rol democr\u00e1tico en el presente. Basta de judicializar la pol\u00edtica y cercenar la libertad\u201d, destac\u00f3 el Partido Justicialista de la Provincia de Buenos Aires.<\/p>\n<script>function PlayerjsAsync(){} if(window[\"Playerjs\"]){PlayerjsAsync();}<\/script>","protected":false},"excerpt":{"rendered":"<p>Tras conocerse la noticia de la intervenci\u00f3n del Partido Justicialista Nacional, el PJ Bonaerense expres\u00f3 \u201cel m\u00e1s absoluto repudio frente a este acto antidemocr\u00e1tico\u201d y destac\u00f3 la gravedad del fallo. Adem\u00e1s, los dirigentes ratificaron su apoyo a las autoridades del Partido, quienes comunicaron que presentar\u00e1n hoy mismo una apelaci\u00f3n. \u201cNo podemos hablar de republicanismo si [&hellip;]<\/p>\n","protected":false},"author":1,"featured_media":1404,"comment_status":"closed","ping_status":"closed","sticky":false,"template":"","format":"standard","meta":{"content-type":"","footnotes":""},"categories":[4,9],"tags":[],"class_list":{"0":"post-1403","1":"post","2":"type-post","3":"status-publish","4":"format-standard","5":"has-post-thumbnail","7":"category-politica","8":"category-titulares"},"yoast_head":"<!-- This site is optimized with the Yoast SEO plugin v27.4 - https:\/\/yoast.com\/product\/yoast-seo-wordpress\/ -->\n<title>DESDE EL PJ BONAERENSE RECHAZAMOS LA INTERVENCI\u00d3N ANTIDEMOCRATICA DEL PJ NACIONAL: - Diario del Oeste<\/title>\n<meta name=\"robots\" content=\"index, follow, max-snippet:-1, max-image-preview:large, max-video-preview:-1\" \/>\n<link rel=\"canonical\" href=\"https:\/\/diariodeloeste.com\/noticias\/2018\/04\/10\/desde-el-pj-bonaerense-rechazamos-la-intervencion-antidemocratica-del-pj-nacional\/\" \/>\n<meta property=\"og:locale\" content=\"es_ES\" \/>\n<meta property=\"og:type\" content=\"article\" \/>\n<meta property=\"og:title\" content=\"DESDE EL PJ BONAERENSE RECHAZAMOS LA INTERVENCI\u00d3N ANTIDEMOCRATICA DEL PJ NACIONAL: - Diario del Oeste\" \/>\n<meta property=\"og:description\" content=\"Tras conocerse la noticia de la intervenci\u00f3n del Partido Justicialista Nacional, el PJ Bonaerense expres\u00f3 \u201cel m\u00e1s absoluto repudio frente a este acto antidemocr\u00e1tico\u201d y destac\u00f3 la gravedad del fallo. Adem\u00e1s, los dirigentes ratificaron su apoyo a las autoridades del Partido, quienes comunicaron que presentar\u00e1n hoy mismo una apelaci\u00f3n. \u201cNo podemos hablar de republicanismo si [&hellip;]\" \/>\n<meta property=\"og:url\" content=\"https:\/\/diariodeloeste.com\/noticias\/2018\/04\/10\/desde-el-pj-bonaerense-rechazamos-la-intervencion-antidemocratica-del-pj-nacional\/\" \/>\n<meta property=\"og:site_name\" content=\"Diario del Oeste\" \/>\n<meta property=\"article:published_time\" content=\"2018-04-10T20:58:33+00:00\" \/>\n<meta property=\"og:image\" content=\"https:\/\/diariodeloeste.com\/noticias\/wp-content\/uploads\/2018\/04\/servini-barrionuevo.jpg\" \/>\n\t<meta property=\"og:image:width\" content=\"1200\" \/>\n\t<meta property=\"og:image:height\" content=\"600\" \/>\n\t<meta property=\"og:image:type\" content=\"image\/jpeg\" \/>\n<meta name=\"author\" content=\"admin\" \/>\n<meta name=\"twitter:card\" content=\"summary_large_image\" \/>\n<meta name=\"twitter:label1\" content=\"Escrito por\" \/>\n\t<meta name=\"twitter:data1\" content=\"admin\" \/>\n\t<meta name=\"twitter:label2\" content=\"Tiempo de lectura\" \/>\n\t<meta name=\"twitter:data2\" content=\"1 minuto\" \/>\n<script type=\"application\/ld+json\" class=\"yoast-schema-graph\">{\"@context\":\"https:\\\/\\\/schema.org\",\"@graph\":[{\"@type\":\"Article\",\"@id\":\"https:\\\/\\\/diariodeloeste.com\\\/noticias\\\/2018\\\/04\\\/10\\\/desde-el-pj-bonaerense-rechazamos-la-intervencion-antidemocratica-del-pj-nacional\\\/#article\",\"isPartOf\":{\"@id\":\"https:\\\/\\\/diariodeloeste.com\\\/noticias\\\/2018\\\/04\\\/10\\\/desde-el-pj-bonaerense-rechazamos-la-intervencion-antidemocratica-del-pj-nacional\\\/\"},\"author\":{\"name\":\"admin\",\"@id\":\"https:\\\/\\\/diariodeloeste.com\\\/noticias\\\/#\\\/schema\\\/person\\\/fe4f8b89d0c447922571265f616af325\"},\"headline\":\"DESDE EL PJ BONAERENSE RECHAZAMOS LA INTERVENCI\u00d3N ANTIDEMOCRATICA DEL PJ NACIONAL:\",\"datePublished\":\"2018-04-10T20:58:33+00:00\",\"mainEntityOfPage\":{\"@id\":\"https:\\\/\\\/diariodeloeste.com\\\/noticias\\\/2018\\\/04\\\/10\\\/desde-el-pj-bonaerense-rechazamos-la-intervencion-antidemocratica-del-pj-nacional\\\/\"},\"wordCount\":145,\"publisher\":{\"@id\":\"https:\\\/\\\/diariodeloeste.com\\\/noticias\\\/#organization\"},\"image\":{\"@id\":\"https:\\\/\\\/diariodeloeste.com\\\/noticias\\\/2018\\\/04\\\/10\\\/desde-el-pj-bonaerense-rechazamos-la-intervencion-antidemocratica-del-pj-nacional\\\/#primaryimage\"},\"thumbnailUrl\":\"https:\\\/\\\/diariodeloeste.com\\\/noticias\\\/wp-content\\\/uploads\\\/2018\\\/04\\\/servini-barrionuevo.jpg\",\"articleSection\":[\"Pol\u00edtica\",\"Titulares\"],\"inLanguage\":\"es-AR\"},{\"@type\":\"WebPage\",\"@id\":\"https:\\\/\\\/diariodeloeste.com\\\/noticias\\\/2018\\\/04\\\/10\\\/desde-el-pj-bonaerense-rechazamos-la-intervencion-antidemocratica-del-pj-nacional\\\/\",\"url\":\"https:\\\/\\\/diariodeloeste.com\\\/noticias\\\/2018\\\/04\\\/10\\\/desde-el-pj-bonaerense-rechazamos-la-intervencion-antidemocratica-del-pj-nacional\\\/\",\"name\":\"DESDE EL PJ BONAERENSE RECHAZAMOS LA INTERVENCI\u00d3N ANTIDEMOCRATICA DEL PJ NACIONAL: - Diario del Oeste\",\"isPartOf\":{\"@id\":\"https:\\\/\\\/diariodeloeste.com\\\/noticias\\\/#website\"},\"primaryImageOfPage\":{\"@id\":\"https:\\\/\\\/diariodeloeste.com\\\/noticias\\\/2018\\\/04\\\/10\\\/desde-el-pj-bonaerense-rechazamos-la-intervencion-antidemocratica-del-pj-nacional\\\/#primaryimage\"},\"image\":{\"@id\":\"https:\\\/\\\/diariodeloeste.com\\\/noticias\\\/2018\\\/04\\\/10\\\/desde-el-pj-bonaerense-rechazamos-la-intervencion-antidemocratica-del-pj-nacional\\\/#primaryimage\"},\"thumbnailUrl\":\"https:\\\/\\\/diariodeloeste.com\\\/noticias\\\/wp-content\\\/uploads\\\/2018\\\/04\\\/servini-barrionuevo.jpg\",\"datePublished\":\"2018-04-10T20:58:33+00:00\",\"breadcrumb\":{\"@id\":\"https:\\\/\\\/diariodeloeste.com\\\/noticias\\\/2018\\\/04\\\/10\\\/desde-el-pj-bonaerense-rechazamos-la-intervencion-antidemocratica-del-pj-nacional\\\/#breadcrumb\"},\"inLanguage\":\"es-AR\",\"potentialAction\":[{\"@type\":\"ReadAction\",\"target\":[\"https:\\\/\\\/diariodeloeste.com\\\/noticias\\\/2018\\\/04\\\/10\\\/desde-el-pj-bonaerense-rechazamos-la-intervencion-antidemocratica-del-pj-nacional\\\/\"]}]},{\"@type\":\"ImageObject\",\"inLanguage\":\"es-AR\",\"@id\":\"https:\\\/\\\/diariodeloeste.com\\\/noticias\\\/2018\\\/04\\\/10\\\/desde-el-pj-bonaerense-rechazamos-la-intervencion-antidemocratica-del-pj-nacional\\\/#primaryimage\",\"url\":\"https:\\\/\\\/diariodeloeste.com\\\/noticias\\\/wp-content\\\/uploads\\\/2018\\\/04\\\/servini-barrionuevo.jpg\",\"contentUrl\":\"https:\\\/\\\/diariodeloeste.com\\\/noticias\\\/wp-content\\\/uploads\\\/2018\\\/04\\\/servini-barrionuevo.jpg\",\"width\":1200,\"height\":600},{\"@type\":\"BreadcrumbList\",\"@id\":\"https:\\\/\\\/diariodeloeste.com\\\/noticias\\\/2018\\\/04\\\/10\\\/desde-el-pj-bonaerense-rechazamos-la-intervencion-antidemocratica-del-pj-nacional\\\/#breadcrumb\",\"itemListElement\":[{\"@type\":\"ListItem\",\"position\":1,\"name\":\"Inicio\",\"item\":\"https:\\\/\\\/diariodeloeste.com\\\/noticias\\\/\"},{\"@type\":\"ListItem\",\"position\":2,\"name\":\"DESDE EL PJ BONAERENSE RECHAZAMOS LA INTERVENCI\u00d3N ANTIDEMOCRATICA DEL PJ NACIONAL:\"}]},{\"@type\":\"WebSite\",\"@id\":\"https:\\\/\\\/diariodeloeste.com\\\/noticias\\\/#website\",\"url\":\"https:\\\/\\\/diariodeloeste.com\\\/noticias\\\/\",\"name\":\"Diario del Oeste\",\"description\":\"Noticias del Oeste\",\"publisher\":{\"@id\":\"https:\\\/\\\/diariodeloeste.com\\\/noticias\\\/#organization\"},\"potentialAction\":[{\"@type\":\"SearchAction\",\"target\":{\"@type\":\"EntryPoint\",\"urlTemplate\":\"https:\\\/\\\/diariodeloeste.com\\\/noticias\\\/?s={search_term_string}\"},\"query-input\":{\"@type\":\"PropertyValueSpecification\",\"valueRequired\":true,\"valueName\":\"search_term_string\"}}],\"inLanguage\":\"es-AR\"},{\"@type\":\"Organization\",\"@id\":\"https:\\\/\\\/diariodeloeste.com\\\/noticias\\\/#organization\",\"name\":\"Diario del Oeste\",\"url\":\"https:\\\/\\\/diariodeloeste.com\\\/noticias\\\/\",\"logo\":{\"@type\":\"ImageObject\",\"inLanguage\":\"es-AR\",\"@id\":\"https:\\\/\\\/diariodeloeste.com\\\/noticias\\\/#\\\/schema\\\/logo\\\/image\\\/\",\"url\":\"https:\\\/\\\/diariodeloeste.com\\\/noticias\\\/wp-content\\\/uploads\\\/2019\\\/04\\\/logo.png\",\"contentUrl\":\"https:\\\/\\\/diariodeloeste.com\\\/noticias\\\/wp-content\\\/uploads\\\/2019\\\/04\\\/logo.png\",\"width\":306,\"height\":145,\"caption\":\"Diario del Oeste\"},\"image\":{\"@id\":\"https:\\\/\\\/diariodeloeste.com\\\/noticias\\\/#\\\/schema\\\/logo\\\/image\\\/\"}},{\"@type\":\"Person\",\"@id\":\"https:\\\/\\\/diariodeloeste.com\\\/noticias\\\/#\\\/schema\\\/person\\\/fe4f8b89d0c447922571265f616af325\",\"name\":\"admin\",\"image\":{\"@type\":\"ImageObject\",\"inLanguage\":\"es-AR\",\"@id\":\"https:\\\/\\\/secure.gravatar.com\\\/avatar\\\/c1dcbae4a1eda6214c7bc9115f54e8889dd662450ef0ab6cb929af1bf9054141?s=96&d=mm&r=g\",\"url\":\"https:\\\/\\\/secure.gravatar.com\\\/avatar\\\/c1dcbae4a1eda6214c7bc9115f54e8889dd662450ef0ab6cb929af1bf9054141?s=96&d=mm&r=g\",\"contentUrl\":\"https:\\\/\\\/secure.gravatar.com\\\/avatar\\\/c1dcbae4a1eda6214c7bc9115f54e8889dd662450ef0ab6cb929af1bf9054141?s=96&d=mm&r=g\",\"caption\":\"admin\"},\"url\":\"https:\\\/\\\/diariodeloeste.com\\\/noticias\\\/author\\\/admin\\\/\"}]}<\/script>\n<!-- \/ Yoast SEO plugin. -->","yoast_head_json":{"title":"DESDE EL PJ BONAERENSE RECHAZAMOS LA INTERVENCI\u00d3N ANTIDEMOCRATICA DEL PJ NACIONAL: - Diario del Oeste","robots":{"index":"index","follow":"follow","max-snippet":"max-snippet:-1","max-image-preview":"max-image-preview:large","max-video-preview":"max-video-preview:-1"},"canonical":"https:\/\/diariodeloeste.com\/noticias\/2018\/04\/10\/desde-el-pj-bonaerense-rechazamos-la-intervencion-antidemocratica-del-pj-nacional\/","og_locale":"es_ES","og_type":"article","og_title":"DESDE EL PJ BONAERENSE RECHAZAMOS LA INTERVENCI\u00d3N ANTIDEMOCRATICA DEL PJ NACIONAL: - Diario del Oeste","og_description":"Tras conocerse la noticia de la intervenci\u00f3n del Partido Justicialista Nacional, el PJ Bonaerense expres\u00f3 \u201cel m\u00e1s absoluto repudio frente a este acto antidemocr\u00e1tico\u201d y destac\u00f3 la gravedad del fallo. Adem\u00e1s, los dirigentes ratificaron su apoyo a las autoridades del Partido, quienes comunicaron que presentar\u00e1n hoy mismo una apelaci\u00f3n. \u201cNo podemos hablar de republicanismo si [&hellip;]","og_url":"https:\/\/diariodeloeste.com\/noticias\/2018\/04\/10\/desde-el-pj-bonaerense-rechazamos-la-intervencion-antidemocratica-del-pj-nacional\/","og_site_name":"Diario del Oeste","article_published_time":"2018-04-10T20:58:33+00:00","og_image":[{"width":1200,"height":600,"url":"https:\/\/diariodeloeste.com\/noticias\/wp-content\/uploads\/2018\/04\/servini-barrionuevo.jpg","type":"image\/jpeg"}],"author":"admin","twitter_card":"summary_large_image","twitter_misc":{"Escrito por":"admin","Tiempo de lectura":"1 minuto"},"schema":{"@context":"https:\/\/schema.org","@graph":[{"@type":"Article","@id":"https:\/\/diariodeloeste.com\/noticias\/2018\/04\/10\/desde-el-pj-bonaerense-rechazamos-la-intervencion-antidemocratica-del-pj-nacional\/#article","isPartOf":{"@id":"https:\/\/diariodeloeste.com\/noticias\/2018\/04\/10\/desde-el-pj-bonaerense-rechazamos-la-intervencion-antidemocratica-del-pj-nacional\/"},"author":{"name":"admin","@id":"https:\/\/diariodeloeste.com\/noticias\/#\/schema\/person\/fe4f8b89d0c447922571265f616af325"},"headline":"DESDE EL PJ BONAERENSE RECHAZAMOS LA INTERVENCI\u00d3N ANTIDEMOCRATICA DEL PJ NACIONAL:","datePublished":"2018-04-10T20:58:33+00:00","mainEntityOfPage":{"@id":"https:\/\/diariodeloeste.com\/noticias\/2018\/04\/10\/desde-el-pj-bonaerense-rechazamos-la-intervencion-antidemocratica-del-pj-nacional\/"},"wordCount":145,"publisher":{"@id":"https:\/\/diariodeloeste.com\/noticias\/#organization"},"image":{"@id":"https:\/\/diariodeloeste.com\/noticias\/2018\/04\/10\/desde-el-pj-bonaerense-rechazamos-la-intervencion-antidemocratica-del-pj-nacional\/#primaryimage"},"thumbnailUrl":"https:\/\/diariodeloeste.com\/noticias\/wp-content\/uploads\/2018\/04\/servini-barrionuevo.jpg","articleSection":["Pol\u00edtica","Titulares"],"inLanguage":"es-AR"},{"@type":"WebPage","@id":"https:\/\/diariodeloeste.com\/noticias\/2018\/04\/10\/desde-el-pj-bonaerense-rechazamos-la-intervencion-antidemocratica-del-pj-nacional\/","url":"https:\/\/diariodeloeste.com\/noticias\/2018\/04\/10\/desde-el-pj-bonaerense-rechazamos-la-intervencion-antidemocratica-del-pj-nacional\/","name":"DESDE EL PJ BONAERENSE RECHAZAMOS LA INTERVENCI\u00d3N ANTIDEMOCRATICA DEL PJ NACIONAL: - Diario del Oeste","isPartOf":{"@id":"https:\/\/diariodeloeste.com\/noticias\/#website"},"primaryImageOfPage":{"@id":"https:\/\/diariodeloeste.com\/noticias\/2018\/04\/10\/desde-el-pj-bonaerense-rechazamos-la-intervencion-antidemocratica-del-pj-nacional\/#primaryimage"},"image":{"@id":"https:\/\/diariodeloeste.com\/noticias\/2018\/04\/10\/desde-el-pj-bonaerense-rechazamos-la-intervencion-antidemocratica-del-pj-nacional\/#primaryimage"},"thumbnailUrl":"https:\/\/diariodeloeste.com\/noticias\/wp-content\/uploads\/2018\/04\/servini-barrionuevo.jpg","datePublished":"2018-04-10T20:58:33+00:00","breadcrumb":{"@id":"https:\/\/diariodeloeste.com\/noticias\/2018\/04\/10\/desde-el-pj-bonaerense-rechazamos-la-intervencion-antidemocratica-del-pj-nacional\/#breadcrumb"},"inLanguage":"es-AR","potentialAction":[{"@type":"ReadAction","target":["https:\/\/diariodeloeste.com\/noticias\/2018\/04\/10\/desde-el-pj-bonaerense-rechazamos-la-intervencion-antidemocratica-del-pj-nacional\/"]}]},{"@type":"ImageObject","inLanguage":"es-AR","@id":"https:\/\/diariodeloeste.com\/noticias\/2018\/04\/10\/desde-el-pj-bonaerense-rechazamos-la-intervencion-antidemocratica-del-pj-nacional\/#primaryimage","url":"https:\/\/diariodeloeste.com\/noticias\/wp-content\/uploads\/2018\/04\/servini-barrionuevo.jpg","contentUrl":"https:\/\/diariodeloeste.com\/noticias\/wp-content\/uploads\/2018\/04\/servini-barrionuevo.jpg","width":1200,"height":600},{"@type":"BreadcrumbList","@id":"https:\/\/diariodeloeste.com\/noticias\/2018\/04\/10\/desde-el-pj-bonaerense-rechazamos-la-intervencion-antidemocratica-del-pj-nacional\/#breadcrumb","itemListElement":[{"@type":"ListItem","position":1,"name":"Inicio","item":"https:\/\/diariodeloeste.com\/noticias\/"},{"@type":"ListItem","position":2,"name":"DESDE EL PJ BONAERENSE RECHAZAMOS LA INTERVENCI\u00d3N ANTIDEMOCRATICA DEL PJ NACIONAL:"}]},{"@type":"WebSite","@id":"https:\/\/diariodeloeste.com\/noticias\/#website","url":"https:\/\/diariodeloeste.com\/noticias\/","name":"Diario del Oeste","description":"Noticias del Oeste","publisher":{"@id":"https:\/\/diariodeloeste.com\/noticias\/#organization"},"potentialAction":[{"@type":"SearchAction","target":{"@type":"EntryPoint","urlTemplate":"https:\/\/diariodeloeste.com\/noticias\/?s={search_term_string}"},"query-input":{"@type":"PropertyValueSpecification","valueRequired":true,"valueName":"search_term_string"}}],"inLanguage":"es-AR"},{"@type":"Organization","@id":"https:\/\/diariodeloeste.com\/noticias\/#organization","name":"Diario del Oeste","url":"https:\/\/diariodeloeste.com\/noticias\/","logo":{"@type":"ImageObject","inLanguage":"es-AR","@id":"https:\/\/diariodeloeste.com\/noticias\/#\/schema\/logo\/image\/","url":"https:\/\/diariodeloeste.com\/noticias\/wp-content\/uploads\/2019\/04\/logo.png","contentUrl":"https:\/\/diariodeloeste.com\/noticias\/wp-content\/uploads\/2019\/04\/logo.png","width":306,"height":145,"caption":"Diario del Oeste"},"image":{"@id":"https:\/\/diariodeloeste.com\/noticias\/#\/schema\/logo\/image\/"}},{"@type":"Person","@id":"https:\/\/diariodeloeste.com\/noticias\/#\/schema\/person\/fe4f8b89d0c447922571265f616af325","name":"admin","image":{"@type":"ImageObject","inLanguage":"es-AR","@id":"https:\/\/secure.gravatar.com\/avatar\/c1dcbae4a1eda6214c7bc9115f54e8889dd662450ef0ab6cb929af1bf9054141?s=96&d=mm&r=g","url":"https:\/\/secure.gravatar.com\/avatar\/c1dcbae4a1eda6214c7bc9115f54e8889dd662450ef0ab6cb929af1bf9054141?s=96&d=mm&r=g","contentUrl":"https:\/\/secure.gravatar.com\/avatar\/c1dcbae4a1eda6214c7bc9115f54e8889dd662450ef0ab6cb929af1bf9054141?s=96&d=mm&r=g","caption":"admin"},"url":"https:\/\/diariodeloeste.com\/noticias\/author\/admin\/"}]}},"_links":{"self":[{"href":"https:\/\/diariodeloeste.com\/noticias\/wp-json\/wp\/v2\/posts\/1403","targetHints":{"allow":["GET"]}}],"collection":[{"href":"https:\/\/diariodeloeste.com\/noticias\/wp-json\/wp\/v2\/posts"}],"about":[{"href":"https:\/\/diariodeloeste.com\/noticias\/wp-json\/wp\/v2\/types\/post"}],"author":[{"embeddable":true,"href":"https:\/\/diariodeloeste.com\/noticias\/wp-json\/wp\/v2\/users\/1"}],"replies":[{"embeddable":true,"href":"https:\/\/diariodeloeste.com\/noticias\/wp-json\/wp\/v2\/comments?post=1403"}],"version-history":[{"count":1,"href":"https:\/\/diariodeloeste.com\/noticias\/wp-json\/wp\/v2\/posts\/1403\/revisions"}],"predecessor-version":[{"id":1405,"href":"https:\/\/diariodeloeste.com\/noticias\/wp-json\/wp\/v2\/posts\/1403\/revisions\/1405"}],"wp:featuredmedia":[{"embeddable":true,"href":"https:\/\/diariodeloeste.com\/noticias\/wp-json\/wp\/v2\/media\/1404"}],"wp:attachment":[{"href":"https:\/\/diariodeloeste.com\/noticias\/wp-json\/wp\/v2\/media?parent=1403"}],"wp:term":[{"taxonomy":"category","embeddable":true,"href":"https:\/\/diariodeloeste.com\/noticias\/wp-json\/wp\/v2\/categories?post=1403"},{"taxonomy":"post_tag","embeddable":true,"href":"https:\/\/diariodeloeste.com\/noticias\/wp-json\/wp\/v2\/tags?post=1403"}],"curies":[{"name":"wp","href":"https:\/\/api.w.org\/{rel}","templated":true}]}}