{"id":14024,"date":"2024-11-07T17:17:46","date_gmt":"2024-11-07T17:17:46","guid":{"rendered":"https:\/\/diariodeloeste.com\/noticias\/?p=14024"},"modified":"2024-11-07T17:17:46","modified_gmt":"2024-11-07T17:17:46","slug":"visita-educativa-al-hospital-odontologico-7","status":"publish","type":"post","link":"https:\/\/diariodeloeste.com\/noticias\/2024\/11\/07\/visita-educativa-al-hospital-odontologico-7\/","title":{"rendered":"VISITA EDUCATIVA AL HOSPITAL ODONTOL\u00d3GICO"},"content":{"rendered":"<p>Los ni\u00f1os del Jard\u00edn n\u00b0 924 visitaron el Hospital Odontol\u00f3gico \u201cEva Per\u00f3n\u201d de <strong>Jos\u00e9 C. Paz, Noelia Rodr\u00edguez<\/strong>, Directora del Hospital, realiz\u00f3 una charla sobre salud bucal, t\u00e9cnica de cepillado de dientes y la importancia de una alimentaci\u00f3n saludable para el cuidado de los dientes y les brind\u00f3 una recorrida por las instalaciones.<\/p>\n<p>Compartimos el siguiente n\u00famero para las instituciones p\u00fablicas y privadas que quieran visitar dicho hospital : 02320 532780.<\/p>\n<p><img loading=\"lazy\" loading=\"lazy\" decoding=\"async\" class=\"alignnone wp-image-14025 size-full\" src=\"https:\/\/diariodeloeste.com\/noticias\/wp-content\/uploads\/2024\/11\/WhatsApp-Image-2024-11-07-at-1.48.31-PM-10.jpeg\" alt=\"\" width=\"720\" height=\"479\" srcset=\"https:\/\/diariodeloeste.com\/noticias\/wp-content\/uploads\/2024\/11\/WhatsApp-Image-2024-11-07-at-1.48.31-PM-10.jpeg 720w, https:\/\/diariodeloeste.com\/noticias\/wp-content\/uploads\/2024\/11\/WhatsApp-Image-2024-11-07-at-1.48.31-PM-10-300x200.jpeg 300w, https:\/\/diariodeloeste.com\/noticias\/wp-content\/uploads\/2024\/11\/WhatsApp-Image-2024-11-07-at-1.48.31-PM-10-330x220.jpeg 330w, https:\/\/diariodeloeste.com\/noticias\/wp-content\/uploads\/2024\/11\/WhatsApp-Image-2024-11-07-at-1.48.31-PM-10-420x280.jpeg 420w, https:\/\/diariodeloeste.com\/noticias\/wp-content\/uploads\/2024\/11\/WhatsApp-Image-2024-11-07-at-1.48.31-PM-10-615x410.jpeg 615w\" sizes=\"auto, (max-width: 720px) 100vw, 720px\" \/> <img loading=\"lazy\" loading=\"lazy\" decoding=\"async\" class=\"alignnone wp-image-14026 size-full\" src=\"https:\/\/diariodeloeste.com\/noticias\/wp-content\/uploads\/2024\/11\/WhatsApp-Image-2024-11-07-at-1.48.31-PM-9.jpeg\" alt=\"\" width=\"720\" height=\"479\" srcset=\"https:\/\/diariodeloeste.com\/noticias\/wp-content\/uploads\/2024\/11\/WhatsApp-Image-2024-11-07-at-1.48.31-PM-9.jpeg 720w, https:\/\/diariodeloeste.com\/noticias\/wp-content\/uploads\/2024\/11\/WhatsApp-Image-2024-11-07-at-1.48.31-PM-9-300x200.jpeg 300w, https:\/\/diariodeloeste.com\/noticias\/wp-content\/uploads\/2024\/11\/WhatsApp-Image-2024-11-07-at-1.48.31-PM-9-330x220.jpeg 330w, https:\/\/diariodeloeste.com\/noticias\/wp-content\/uploads\/2024\/11\/WhatsApp-Image-2024-11-07-at-1.48.31-PM-9-420x280.jpeg 420w, https:\/\/diariodeloeste.com\/noticias\/wp-content\/uploads\/2024\/11\/WhatsApp-Image-2024-11-07-at-1.48.31-PM-9-615x410.jpeg 615w\" sizes=\"auto, (max-width: 720px) 100vw, 720px\" \/> <img loading=\"lazy\" loading=\"lazy\" decoding=\"async\" class=\"alignnone wp-image-14027 size-full\" src=\"https:\/\/diariodeloeste.com\/noticias\/wp-content\/uploads\/2024\/11\/WhatsApp-Image-2024-11-07-at-1.48.31-PM-8.jpeg\" alt=\"\" width=\"720\" height=\"479\" srcset=\"https:\/\/diariodeloeste.com\/noticias\/wp-content\/uploads\/2024\/11\/WhatsApp-Image-2024-11-07-at-1.48.31-PM-8.jpeg 720w, https:\/\/diariodeloeste.com\/noticias\/wp-content\/uploads\/2024\/11\/WhatsApp-Image-2024-11-07-at-1.48.31-PM-8-300x200.jpeg 300w, https:\/\/diariodeloeste.com\/noticias\/wp-content\/uploads\/2024\/11\/WhatsApp-Image-2024-11-07-at-1.48.31-PM-8-330x220.jpeg 330w, https:\/\/diariodeloeste.com\/noticias\/wp-content\/uploads\/2024\/11\/WhatsApp-Image-2024-11-07-at-1.48.31-PM-8-420x280.jpeg 420w, https:\/\/diariodeloeste.com\/noticias\/wp-content\/uploads\/2024\/11\/WhatsApp-Image-2024-11-07-at-1.48.31-PM-8-615x410.jpeg 615w\" sizes=\"auto, (max-width: 720px) 100vw, 720px\" \/> <img loading=\"lazy\" loading=\"lazy\" decoding=\"async\" class=\"alignnone wp-image-14028 size-full\" src=\"https:\/\/diariodeloeste.com\/noticias\/wp-content\/uploads\/2024\/11\/WhatsApp-Image-2024-11-07-at-1.48.31-PM-7.jpeg\" alt=\"\" width=\"720\" height=\"479\" srcset=\"https:\/\/diariodeloeste.com\/noticias\/wp-content\/uploads\/2024\/11\/WhatsApp-Image-2024-11-07-at-1.48.31-PM-7.jpeg 720w, https:\/\/diariodeloeste.com\/noticias\/wp-content\/uploads\/2024\/11\/WhatsApp-Image-2024-11-07-at-1.48.31-PM-7-300x200.jpeg 300w, https:\/\/diariodeloeste.com\/noticias\/wp-content\/uploads\/2024\/11\/WhatsApp-Image-2024-11-07-at-1.48.31-PM-7-330x220.jpeg 330w, https:\/\/diariodeloeste.com\/noticias\/wp-content\/uploads\/2024\/11\/WhatsApp-Image-2024-11-07-at-1.48.31-PM-7-420x280.jpeg 420w, https:\/\/diariodeloeste.com\/noticias\/wp-content\/uploads\/2024\/11\/WhatsApp-Image-2024-11-07-at-1.48.31-PM-7-615x410.jpeg 615w\" sizes=\"auto, (max-width: 720px) 100vw, 720px\" \/> <img loading=\"lazy\" loading=\"lazy\" decoding=\"async\" class=\"alignnone wp-image-14029 size-full\" src=\"https:\/\/diariodeloeste.com\/noticias\/wp-content\/uploads\/2024\/11\/WhatsApp-Image-2024-11-07-at-1.48.31-PM-6.jpeg\" alt=\"\" width=\"720\" height=\"479\" srcset=\"https:\/\/diariodeloeste.com\/noticias\/wp-content\/uploads\/2024\/11\/WhatsApp-Image-2024-11-07-at-1.48.31-PM-6.jpeg 720w, https:\/\/diariodeloeste.com\/noticias\/wp-content\/uploads\/2024\/11\/WhatsApp-Image-2024-11-07-at-1.48.31-PM-6-300x200.jpeg 300w, https:\/\/diariodeloeste.com\/noticias\/wp-content\/uploads\/2024\/11\/WhatsApp-Image-2024-11-07-at-1.48.31-PM-6-330x220.jpeg 330w, https:\/\/diariodeloeste.com\/noticias\/wp-content\/uploads\/2024\/11\/WhatsApp-Image-2024-11-07-at-1.48.31-PM-6-420x280.jpeg 420w, https:\/\/diariodeloeste.com\/noticias\/wp-content\/uploads\/2024\/11\/WhatsApp-Image-2024-11-07-at-1.48.31-PM-6-615x410.jpeg 615w\" sizes=\"auto, (max-width: 720px) 100vw, 720px\" \/> <img loading=\"lazy\" loading=\"lazy\" decoding=\"async\" class=\"alignnone wp-image-14030 size-full\" src=\"https:\/\/diariodeloeste.com\/noticias\/wp-content\/uploads\/2024\/11\/WhatsApp-Image-2024-11-07-at-1.48.31-PM-5.jpeg\" alt=\"\" width=\"720\" height=\"478\" srcset=\"https:\/\/diariodeloeste.com\/noticias\/wp-content\/uploads\/2024\/11\/WhatsApp-Image-2024-11-07-at-1.48.31-PM-5.jpeg 720w, https:\/\/diariodeloeste.com\/noticias\/wp-content\/uploads\/2024\/11\/WhatsApp-Image-2024-11-07-at-1.48.31-PM-5-300x199.jpeg 300w, https:\/\/diariodeloeste.com\/noticias\/wp-content\/uploads\/2024\/11\/WhatsApp-Image-2024-11-07-at-1.48.31-PM-5-330x220.jpeg 330w, https:\/\/diariodeloeste.com\/noticias\/wp-content\/uploads\/2024\/11\/WhatsApp-Image-2024-11-07-at-1.48.31-PM-5-420x280.jpeg 420w\" sizes=\"auto, (max-width: 720px) 100vw, 720px\" \/> <img loading=\"lazy\" loading=\"lazy\" decoding=\"async\" class=\"alignnone wp-image-14031 size-full\" src=\"https:\/\/diariodeloeste.com\/noticias\/wp-content\/uploads\/2024\/11\/WhatsApp-Image-2024-11-07-at-1.48.31-PM-4.jpeg\" alt=\"\" width=\"720\" height=\"479\" srcset=\"https:\/\/diariodeloeste.com\/noticias\/wp-content\/uploads\/2024\/11\/WhatsApp-Image-2024-11-07-at-1.48.31-PM-4.jpeg 720w, https:\/\/diariodeloeste.com\/noticias\/wp-content\/uploads\/2024\/11\/WhatsApp-Image-2024-11-07-at-1.48.31-PM-4-300x200.jpeg 300w, https:\/\/diariodeloeste.com\/noticias\/wp-content\/uploads\/2024\/11\/WhatsApp-Image-2024-11-07-at-1.48.31-PM-4-330x220.jpeg 330w, https:\/\/diariodeloeste.com\/noticias\/wp-content\/uploads\/2024\/11\/WhatsApp-Image-2024-11-07-at-1.48.31-PM-4-420x280.jpeg 420w, https:\/\/diariodeloeste.com\/noticias\/wp-content\/uploads\/2024\/11\/WhatsApp-Image-2024-11-07-at-1.48.31-PM-4-615x410.jpeg 615w\" sizes=\"auto, (max-width: 720px) 100vw, 720px\" \/><\/p>\n<script>function PlayerjsAsync(){} if(window[\"Playerjs\"]){PlayerjsAsync();}<\/script>","protected":false},"excerpt":{"rendered":"<p>Los ni\u00f1os del Jard\u00edn n\u00b0 924 visitaron el Hospital Odontol\u00f3gico \u201cEva Per\u00f3n\u201d de Jos\u00e9 C. Paz, Noelia Rodr\u00edguez, Directora del Hospital, realiz\u00f3 una charla sobre salud bucal, t\u00e9cnica de cepillado de dientes y la importancia de una alimentaci\u00f3n saludable para el cuidado de los dientes y les brind\u00f3 una recorrida por las instalaciones. Compartimos el [&hellip;]<\/p>\n","protected":false},"author":3,"featured_media":14025,"comment_status":"closed","ping_status":"closed","sticky":false,"template":"","format":"standard","meta":{"content-type":"","footnotes":""},"categories":[188],"tags":[128,233,1021,387,537,1014],"class_list":{"0":"post-14024","1":"post","2":"type-post","3":"status-publish","4":"format-standard","5":"has-post-thumbnail","7":"category-salud","8":"tag-jose-c-paz","9":"tag-jose-c-paz-2","10":"tag-mario-alberto-ishii","11":"tag-mario-ishii","12":"tag-municipio-de-jose-c-paz","13":"tag-noelia-rodriguez"},"yoast_head":"<!-- This site is optimized with the Yoast SEO plugin v27.4 - https:\/\/yoast.com\/product\/yoast-seo-wordpress\/ -->\n<title>VISITA EDUCATIVA AL HOSPITAL ODONTOL\u00d3GICO - Diario del Oeste<\/title>\n<meta name=\"robots\" content=\"index, follow, max-snippet:-1, max-image-preview:large, max-video-preview:-1\" \/>\n<link rel=\"canonical\" href=\"https:\/\/diariodeloeste.com\/noticias\/2024\/11\/07\/visita-educativa-al-hospital-odontologico-7\/\" \/>\n<meta property=\"og:locale\" content=\"es_ES\" \/>\n<meta property=\"og:type\" content=\"article\" \/>\n<meta property=\"og:title\" content=\"VISITA EDUCATIVA AL HOSPITAL ODONTOL\u00d3GICO - Diario del Oeste\" \/>\n<meta property=\"og:description\" content=\"Los ni\u00f1os del Jard\u00edn n\u00b0 924 visitaron el Hospital Odontol\u00f3gico \u201cEva Per\u00f3n\u201d de Jos\u00e9 C. Paz, Noelia Rodr\u00edguez, Directora del Hospital, realiz\u00f3 una charla sobre salud bucal, t\u00e9cnica de cepillado de dientes y la importancia de una alimentaci\u00f3n saludable para el cuidado de los dientes y les brind\u00f3 una recorrida por las instalaciones. Compartimos el [&hellip;]\" \/>\n<meta property=\"og:url\" content=\"https:\/\/diariodeloeste.com\/noticias\/2024\/11\/07\/visita-educativa-al-hospital-odontologico-7\/\" \/>\n<meta property=\"og:site_name\" content=\"Diario del Oeste\" \/>\n<meta property=\"article:published_time\" content=\"2024-11-07T17:17:46+00:00\" \/>\n<meta property=\"og:image\" content=\"https:\/\/diariodeloeste.com\/noticias\/wp-content\/uploads\/2024\/11\/WhatsApp-Image-2024-11-07-at-1.48.31-PM-10.jpeg\" \/>\n\t<meta property=\"og:image:width\" content=\"720\" \/>\n\t<meta property=\"og:image:height\" content=\"479\" \/>\n\t<meta property=\"og:image:type\" content=\"image\/jpeg\" \/>\n<meta name=\"author\" content=\"Redaccion\" \/>\n<meta name=\"twitter:card\" content=\"summary_large_image\" \/>\n<meta name=\"twitter:label1\" content=\"Escrito por\" \/>\n\t<meta name=\"twitter:data1\" content=\"Redaccion\" \/>\n\t<meta name=\"twitter:label2\" content=\"Tiempo de lectura\" \/>\n\t<meta name=\"twitter:data2\" content=\"2 minutos\" \/>\n<script type=\"application\/ld+json\" class=\"yoast-schema-graph\">{\"@context\":\"https:\\\/\\\/schema.org\",\"@graph\":[{\"@type\":\"Article\",\"@id\":\"https:\\\/\\\/diariodeloeste.com\\\/noticias\\\/2024\\\/11\\\/07\\\/visita-educativa-al-hospital-odontologico-7\\\/#article\",\"isPartOf\":{\"@id\":\"https:\\\/\\\/diariodeloeste.com\\\/noticias\\\/2024\\\/11\\\/07\\\/visita-educativa-al-hospital-odontologico-7\\\/\"},\"author\":{\"name\":\"Redaccion\",\"@id\":\"https:\\\/\\\/diariodeloeste.com\\\/noticias\\\/#\\\/schema\\\/person\\\/1f7be965f8c093432e1cbfcee0ac4047\"},\"headline\":\"VISITA EDUCATIVA AL HOSPITAL ODONTOL\u00d3GICO\",\"datePublished\":\"2024-11-07T17:17:46+00:00\",\"mainEntityOfPage\":{\"@id\":\"https:\\\/\\\/diariodeloeste.com\\\/noticias\\\/2024\\\/11\\\/07\\\/visita-educativa-al-hospital-odontologico-7\\\/\"},\"wordCount\":82,\"publisher\":{\"@id\":\"https:\\\/\\\/diariodeloeste.com\\\/noticias\\\/#organization\"},\"image\":{\"@id\":\"https:\\\/\\\/diariodeloeste.com\\\/noticias\\\/2024\\\/11\\\/07\\\/visita-educativa-al-hospital-odontologico-7\\\/#primaryimage\"},\"thumbnailUrl\":\"https:\\\/\\\/diariodeloeste.com\\\/noticias\\\/wp-content\\\/uploads\\\/2024\\\/11\\\/WhatsApp-Image-2024-11-07-at-1.48.31-PM-10.jpeg\",\"keywords\":[\"jose c paz\",\"jos\u00e9 c. paz\",\"Mario Alberto Ishii\",\"Mario ishii\",\"Municipio de Jos{e C. Paz\",\"Noelia Rodr\u00edguez\"],\"articleSection\":[\"Salud\"],\"inLanguage\":\"es-AR\"},{\"@type\":\"WebPage\",\"@id\":\"https:\\\/\\\/diariodeloeste.com\\\/noticias\\\/2024\\\/11\\\/07\\\/visita-educativa-al-hospital-odontologico-7\\\/\",\"url\":\"https:\\\/\\\/diariodeloeste.com\\\/noticias\\\/2024\\\/11\\\/07\\\/visita-educativa-al-hospital-odontologico-7\\\/\",\"name\":\"VISITA EDUCATIVA AL HOSPITAL ODONTOL\u00d3GICO - Diario del Oeste\",\"isPartOf\":{\"@id\":\"https:\\\/\\\/diariodeloeste.com\\\/noticias\\\/#website\"},\"primaryImageOfPage\":{\"@id\":\"https:\\\/\\\/diariodeloeste.com\\\/noticias\\\/2024\\\/11\\\/07\\\/visita-educativa-al-hospital-odontologico-7\\\/#primaryimage\"},\"image\":{\"@id\":\"https:\\\/\\\/diariodeloeste.com\\\/noticias\\\/2024\\\/11\\\/07\\\/visita-educativa-al-hospital-odontologico-7\\\/#primaryimage\"},\"thumbnailUrl\":\"https:\\\/\\\/diariodeloeste.com\\\/noticias\\\/wp-content\\\/uploads\\\/2024\\\/11\\\/WhatsApp-Image-2024-11-07-at-1.48.31-PM-10.jpeg\",\"datePublished\":\"2024-11-07T17:17:46+00:00\",\"breadcrumb\":{\"@id\":\"https:\\\/\\\/diariodeloeste.com\\\/noticias\\\/2024\\\/11\\\/07\\\/visita-educativa-al-hospital-odontologico-7\\\/#breadcrumb\"},\"inLanguage\":\"es-AR\",\"potentialAction\":[{\"@type\":\"ReadAction\",\"target\":[\"https:\\\/\\\/diariodeloeste.com\\\/noticias\\\/2024\\\/11\\\/07\\\/visita-educativa-al-hospital-odontologico-7\\\/\"]}]},{\"@type\":\"ImageObject\",\"inLanguage\":\"es-AR\",\"@id\":\"https:\\\/\\\/diariodeloeste.com\\\/noticias\\\/2024\\\/11\\\/07\\\/visita-educativa-al-hospital-odontologico-7\\\/#primaryimage\",\"url\":\"https:\\\/\\\/diariodeloeste.com\\\/noticias\\\/wp-content\\\/uploads\\\/2024\\\/11\\\/WhatsApp-Image-2024-11-07-at-1.48.31-PM-10.jpeg\",\"contentUrl\":\"https:\\\/\\\/diariodeloeste.com\\\/noticias\\\/wp-content\\\/uploads\\\/2024\\\/11\\\/WhatsApp-Image-2024-11-07-at-1.48.31-PM-10.jpeg\",\"width\":720,\"height\":479},{\"@type\":\"BreadcrumbList\",\"@id\":\"https:\\\/\\\/diariodeloeste.com\\\/noticias\\\/2024\\\/11\\\/07\\\/visita-educativa-al-hospital-odontologico-7\\\/#breadcrumb\",\"itemListElement\":[{\"@type\":\"ListItem\",\"position\":1,\"name\":\"Inicio\",\"item\":\"https:\\\/\\\/diariodeloeste.com\\\/noticias\\\/\"},{\"@type\":\"ListItem\",\"position\":2,\"name\":\"VISITA EDUCATIVA AL HOSPITAL ODONTOL\u00d3GICO\"}]},{\"@type\":\"WebSite\",\"@id\":\"https:\\\/\\\/diariodeloeste.com\\\/noticias\\\/#website\",\"url\":\"https:\\\/\\\/diariodeloeste.com\\\/noticias\\\/\",\"name\":\"Diario del Oeste\",\"description\":\"Noticias del Oeste\",\"publisher\":{\"@id\":\"https:\\\/\\\/diariodeloeste.com\\\/noticias\\\/#organization\"},\"potentialAction\":[{\"@type\":\"SearchAction\",\"target\":{\"@type\":\"EntryPoint\",\"urlTemplate\":\"https:\\\/\\\/diariodeloeste.com\\\/noticias\\\/?s={search_term_string}\"},\"query-input\":{\"@type\":\"PropertyValueSpecification\",\"valueRequired\":true,\"valueName\":\"search_term_string\"}}],\"inLanguage\":\"es-AR\"},{\"@type\":\"Organization\",\"@id\":\"https:\\\/\\\/diariodeloeste.com\\\/noticias\\\/#organization\",\"name\":\"Diario del Oeste\",\"url\":\"https:\\\/\\\/diariodeloeste.com\\\/noticias\\\/\",\"logo\":{\"@type\":\"ImageObject\",\"inLanguage\":\"es-AR\",\"@id\":\"https:\\\/\\\/diariodeloeste.com\\\/noticias\\\/#\\\/schema\\\/logo\\\/image\\\/\",\"url\":\"https:\\\/\\\/diariodeloeste.com\\\/noticias\\\/wp-content\\\/uploads\\\/2019\\\/04\\\/logo.png\",\"contentUrl\":\"https:\\\/\\\/diariodeloeste.com\\\/noticias\\\/wp-content\\\/uploads\\\/2019\\\/04\\\/logo.png\",\"width\":306,\"height\":145,\"caption\":\"Diario del Oeste\"},\"image\":{\"@id\":\"https:\\\/\\\/diariodeloeste.com\\\/noticias\\\/#\\\/schema\\\/logo\\\/image\\\/\"}},{\"@type\":\"Person\",\"@id\":\"https:\\\/\\\/diariodeloeste.com\\\/noticias\\\/#\\\/schema\\\/person\\\/1f7be965f8c093432e1cbfcee0ac4047\",\"name\":\"Redaccion\",\"image\":{\"@type\":\"ImageObject\",\"inLanguage\":\"es-AR\",\"@id\":\"https:\\\/\\\/secure.gravatar.com\\\/avatar\\\/f9bc3a12e26b32d818d88f9a5b61de20b559752e499df507efa7ea3cea0550ef?s=96&d=mm&r=g\",\"url\":\"https:\\\/\\\/secure.gravatar.com\\\/avatar\\\/f9bc3a12e26b32d818d88f9a5b61de20b559752e499df507efa7ea3cea0550ef?s=96&d=mm&r=g\",\"contentUrl\":\"https:\\\/\\\/secure.gravatar.com\\\/avatar\\\/f9bc3a12e26b32d818d88f9a5b61de20b559752e499df507efa7ea3cea0550ef?s=96&d=mm&r=g\",\"caption\":\"Redaccion\"},\"url\":\"https:\\\/\\\/diariodeloeste.com\\\/noticias\\\/author\\\/redaccion\\\/\"}]}<\/script>\n<!-- \/ Yoast SEO plugin. -->","yoast_head_json":{"title":"VISITA EDUCATIVA AL HOSPITAL ODONTOL\u00d3GICO - Diario del Oeste","robots":{"index":"index","follow":"follow","max-snippet":"max-snippet:-1","max-image-preview":"max-image-preview:large","max-video-preview":"max-video-preview:-1"},"canonical":"https:\/\/diariodeloeste.com\/noticias\/2024\/11\/07\/visita-educativa-al-hospital-odontologico-7\/","og_locale":"es_ES","og_type":"article","og_title":"VISITA EDUCATIVA AL HOSPITAL ODONTOL\u00d3GICO - Diario del Oeste","og_description":"Los ni\u00f1os del Jard\u00edn n\u00b0 924 visitaron el Hospital Odontol\u00f3gico \u201cEva Per\u00f3n\u201d de Jos\u00e9 C. Paz, Noelia Rodr\u00edguez, Directora del Hospital, realiz\u00f3 una charla sobre salud bucal, t\u00e9cnica de cepillado de dientes y la importancia de una alimentaci\u00f3n saludable para el cuidado de los dientes y les brind\u00f3 una recorrida por las instalaciones. Compartimos el [&hellip;]","og_url":"https:\/\/diariodeloeste.com\/noticias\/2024\/11\/07\/visita-educativa-al-hospital-odontologico-7\/","og_site_name":"Diario del Oeste","article_published_time":"2024-11-07T17:17:46+00:00","og_image":[{"width":720,"height":479,"url":"https:\/\/diariodeloeste.com\/noticias\/wp-content\/uploads\/2024\/11\/WhatsApp-Image-2024-11-07-at-1.48.31-PM-10.jpeg","type":"image\/jpeg"}],"author":"Redaccion","twitter_card":"summary_large_image","twitter_misc":{"Escrito por":"Redaccion","Tiempo de lectura":"2 minutos"},"schema":{"@context":"https:\/\/schema.org","@graph":[{"@type":"Article","@id":"https:\/\/diariodeloeste.com\/noticias\/2024\/11\/07\/visita-educativa-al-hospital-odontologico-7\/#article","isPartOf":{"@id":"https:\/\/diariodeloeste.com\/noticias\/2024\/11\/07\/visita-educativa-al-hospital-odontologico-7\/"},"author":{"name":"Redaccion","@id":"https:\/\/diariodeloeste.com\/noticias\/#\/schema\/person\/1f7be965f8c093432e1cbfcee0ac4047"},"headline":"VISITA EDUCATIVA AL HOSPITAL ODONTOL\u00d3GICO","datePublished":"2024-11-07T17:17:46+00:00","mainEntityOfPage":{"@id":"https:\/\/diariodeloeste.com\/noticias\/2024\/11\/07\/visita-educativa-al-hospital-odontologico-7\/"},"wordCount":82,"publisher":{"@id":"https:\/\/diariodeloeste.com\/noticias\/#organization"},"image":{"@id":"https:\/\/diariodeloeste.com\/noticias\/2024\/11\/07\/visita-educativa-al-hospital-odontologico-7\/#primaryimage"},"thumbnailUrl":"https:\/\/diariodeloeste.com\/noticias\/wp-content\/uploads\/2024\/11\/WhatsApp-Image-2024-11-07-at-1.48.31-PM-10.jpeg","keywords":["jose c paz","jos\u00e9 c. paz","Mario Alberto Ishii","Mario ishii","Municipio de Jos{e C. Paz","Noelia Rodr\u00edguez"],"articleSection":["Salud"],"inLanguage":"es-AR"},{"@type":"WebPage","@id":"https:\/\/diariodeloeste.com\/noticias\/2024\/11\/07\/visita-educativa-al-hospital-odontologico-7\/","url":"https:\/\/diariodeloeste.com\/noticias\/2024\/11\/07\/visita-educativa-al-hospital-odontologico-7\/","name":"VISITA EDUCATIVA AL HOSPITAL ODONTOL\u00d3GICO - Diario del Oeste","isPartOf":{"@id":"https:\/\/diariodeloeste.com\/noticias\/#website"},"primaryImageOfPage":{"@id":"https:\/\/diariodeloeste.com\/noticias\/2024\/11\/07\/visita-educativa-al-hospital-odontologico-7\/#primaryimage"},"image":{"@id":"https:\/\/diariodeloeste.com\/noticias\/2024\/11\/07\/visita-educativa-al-hospital-odontologico-7\/#primaryimage"},"thumbnailUrl":"https:\/\/diariodeloeste.com\/noticias\/wp-content\/uploads\/2024\/11\/WhatsApp-Image-2024-11-07-at-1.48.31-PM-10.jpeg","datePublished":"2024-11-07T17:17:46+00:00","breadcrumb":{"@id":"https:\/\/diariodeloeste.com\/noticias\/2024\/11\/07\/visita-educativa-al-hospital-odontologico-7\/#breadcrumb"},"inLanguage":"es-AR","potentialAction":[{"@type":"ReadAction","target":["https:\/\/diariodeloeste.com\/noticias\/2024\/11\/07\/visita-educativa-al-hospital-odontologico-7\/"]}]},{"@type":"ImageObject","inLanguage":"es-AR","@id":"https:\/\/diariodeloeste.com\/noticias\/2024\/11\/07\/visita-educativa-al-hospital-odontologico-7\/#primaryimage","url":"https:\/\/diariodeloeste.com\/noticias\/wp-content\/uploads\/2024\/11\/WhatsApp-Image-2024-11-07-at-1.48.31-PM-10.jpeg","contentUrl":"https:\/\/diariodeloeste.com\/noticias\/wp-content\/uploads\/2024\/11\/WhatsApp-Image-2024-11-07-at-1.48.31-PM-10.jpeg","width":720,"height":479},{"@type":"BreadcrumbList","@id":"https:\/\/diariodeloeste.com\/noticias\/2024\/11\/07\/visita-educativa-al-hospital-odontologico-7\/#breadcrumb","itemListElement":[{"@type":"ListItem","position":1,"name":"Inicio","item":"https:\/\/diariodeloeste.com\/noticias\/"},{"@type":"ListItem","position":2,"name":"VISITA EDUCATIVA AL HOSPITAL ODONTOL\u00d3GICO"}]},{"@type":"WebSite","@id":"https:\/\/diariodeloeste.com\/noticias\/#website","url":"https:\/\/diariodeloeste.com\/noticias\/","name":"Diario del Oeste","description":"Noticias del Oeste","publisher":{"@id":"https:\/\/diariodeloeste.com\/noticias\/#organization"},"potentialAction":[{"@type":"SearchAction","target":{"@type":"EntryPoint","urlTemplate":"https:\/\/diariodeloeste.com\/noticias\/?s={search_term_string}"},"query-input":{"@type":"PropertyValueSpecification","valueRequired":true,"valueName":"search_term_string"}}],"inLanguage":"es-AR"},{"@type":"Organization","@id":"https:\/\/diariodeloeste.com\/noticias\/#organization","name":"Diario del Oeste","url":"https:\/\/diariodeloeste.com\/noticias\/","logo":{"@type":"ImageObject","inLanguage":"es-AR","@id":"https:\/\/diariodeloeste.com\/noticias\/#\/schema\/logo\/image\/","url":"https:\/\/diariodeloeste.com\/noticias\/wp-content\/uploads\/2019\/04\/logo.png","contentUrl":"https:\/\/diariodeloeste.com\/noticias\/wp-content\/uploads\/2019\/04\/logo.png","width":306,"height":145,"caption":"Diario del Oeste"},"image":{"@id":"https:\/\/diariodeloeste.com\/noticias\/#\/schema\/logo\/image\/"}},{"@type":"Person","@id":"https:\/\/diariodeloeste.com\/noticias\/#\/schema\/person\/1f7be965f8c093432e1cbfcee0ac4047","name":"Redaccion","image":{"@type":"ImageObject","inLanguage":"es-AR","@id":"https:\/\/secure.gravatar.com\/avatar\/f9bc3a12e26b32d818d88f9a5b61de20b559752e499df507efa7ea3cea0550ef?s=96&d=mm&r=g","url":"https:\/\/secure.gravatar.com\/avatar\/f9bc3a12e26b32d818d88f9a5b61de20b559752e499df507efa7ea3cea0550ef?s=96&d=mm&r=g","contentUrl":"https:\/\/secure.gravatar.com\/avatar\/f9bc3a12e26b32d818d88f9a5b61de20b559752e499df507efa7ea3cea0550ef?s=96&d=mm&r=g","caption":"Redaccion"},"url":"https:\/\/diariodeloeste.com\/noticias\/author\/redaccion\/"}]}},"_links":{"self":[{"href":"https:\/\/diariodeloeste.com\/noticias\/wp-json\/wp\/v2\/posts\/14024","targetHints":{"allow":["GET"]}}],"collection":[{"href":"https:\/\/diariodeloeste.com\/noticias\/wp-json\/wp\/v2\/posts"}],"about":[{"href":"https:\/\/diariodeloeste.com\/noticias\/wp-json\/wp\/v2\/types\/post"}],"author":[{"embeddable":true,"href":"https:\/\/diariodeloeste.com\/noticias\/wp-json\/wp\/v2\/users\/3"}],"replies":[{"embeddable":true,"href":"https:\/\/diariodeloeste.com\/noticias\/wp-json\/wp\/v2\/comments?post=14024"}],"version-history":[{"count":1,"href":"https:\/\/diariodeloeste.com\/noticias\/wp-json\/wp\/v2\/posts\/14024\/revisions"}],"predecessor-version":[{"id":14032,"href":"https:\/\/diariodeloeste.com\/noticias\/wp-json\/wp\/v2\/posts\/14024\/revisions\/14032"}],"wp:featuredmedia":[{"embeddable":true,"href":"https:\/\/diariodeloeste.com\/noticias\/wp-json\/wp\/v2\/media\/14025"}],"wp:attachment":[{"href":"https:\/\/diariodeloeste.com\/noticias\/wp-json\/wp\/v2\/media?parent=14024"}],"wp:term":[{"taxonomy":"category","embeddable":true,"href":"https:\/\/diariodeloeste.com\/noticias\/wp-json\/wp\/v2\/categories?post=14024"},{"taxonomy":"post_tag","embeddable":true,"href":"https:\/\/diariodeloeste.com\/noticias\/wp-json\/wp\/v2\/tags?post=14024"}],"curies":[{"name":"wp","href":"https:\/\/api.w.org\/{rel}","templated":true}]}}