{"id":13890,"date":"2024-10-30T22:46:49","date_gmt":"2024-10-30T22:46:49","guid":{"rendered":"https:\/\/diariodeloeste.com\/noticias\/?p=13890"},"modified":"2024-10-30T22:46:49","modified_gmt":"2024-10-30T22:46:49","slug":"operativo-de-vacunacion-contra-el-dengue-en-jose-c-paz","status":"publish","type":"post","link":"https:\/\/diariodeloeste.com\/noticias\/2024\/10\/30\/operativo-de-vacunacion-contra-el-dengue-en-jose-c-paz\/","title":{"rendered":"OPERATIVO DE VACUNACI\u00d3N CONTRA EL DENGUE EN JOSE C. PAZ"},"content":{"rendered":"<p>Te mostramos las fotos de la vacunaci\u00f3n contra el Dengue en el Hospital de la Mujer y el Ni\u00f1o \u201cNelly quiroga\u201d, ubicado en Fray butler 1942, <strong>Jos\u00e9 C. Paz<\/strong><\/p>\n<p>Recordamos los vacunatorios municipales de Lunes a Viernes de 08 a 16hs y los S\u00e1bados de 08 a 14hs:<br \/>\n\ud83d\udccd Hospital del Ni\u00f1o y la Mujer \u201cNelly Quiroga\u201d, Fray Butler 1942. Tel\u00e9fono: 02320-353104<br \/>\n\ud83d\udccdHospital Domingo Angio, Padre Ustarroz 5258. Tel\u00e9fono: 02320-353101<\/p>\n<p>Recordamos que la vacunaci\u00f3n es exclusiva para personas de 15 a 59 a\u00f1os que hayan sido diagnosticadas con Dengue en la temporada 2023\/2024<\/p>\n<p><img loading=\"lazy\" loading=\"lazy\" decoding=\"async\" class=\"alignnone wp-image-13893 size-full\" src=\"https:\/\/diariodeloeste.com\/noticias\/wp-content\/uploads\/2024\/10\/WhatsApp-Image-2024-10-30-at-7.33.07-PM-3.jpeg\" alt=\"\" width=\"576\" height=\"720\" srcset=\"https:\/\/diariodeloeste.com\/noticias\/wp-content\/uploads\/2024\/10\/WhatsApp-Image-2024-10-30-at-7.33.07-PM-3.jpeg 576w, https:\/\/diariodeloeste.com\/noticias\/wp-content\/uploads\/2024\/10\/WhatsApp-Image-2024-10-30-at-7.33.07-PM-3-240x300.jpeg 240w\" sizes=\"auto, (max-width: 576px) 100vw, 576px\" \/> <img loading=\"lazy\" loading=\"lazy\" decoding=\"async\" class=\"alignnone wp-image-13894 size-full\" src=\"https:\/\/diariodeloeste.com\/noticias\/wp-content\/uploads\/2024\/10\/WhatsApp-Image-2024-10-30-at-7.33.07-PM-2.jpeg\" alt=\"\" width=\"647\" height=\"808\" srcset=\"https:\/\/diariodeloeste.com\/noticias\/wp-content\/uploads\/2024\/10\/WhatsApp-Image-2024-10-30-at-7.33.07-PM-2.jpeg 647w, https:\/\/diariodeloeste.com\/noticias\/wp-content\/uploads\/2024\/10\/WhatsApp-Image-2024-10-30-at-7.33.07-PM-2-240x300.jpeg 240w\" sizes=\"auto, (max-width: 647px) 100vw, 647px\" \/> <img loading=\"lazy\" loading=\"lazy\" decoding=\"async\" class=\"alignnone wp-image-13895 size-full\" src=\"https:\/\/diariodeloeste.com\/noticias\/wp-content\/uploads\/2024\/10\/WhatsApp-Image-2024-10-30-at-7.33.07-PM-1.jpeg\" alt=\"\" width=\"720\" height=\"377\" srcset=\"https:\/\/diariodeloeste.com\/noticias\/wp-content\/uploads\/2024\/10\/WhatsApp-Image-2024-10-30-at-7.33.07-PM-1.jpeg 720w, https:\/\/diariodeloeste.com\/noticias\/wp-content\/uploads\/2024\/10\/WhatsApp-Image-2024-10-30-at-7.33.07-PM-1-300x157.jpeg 300w\" sizes=\"auto, (max-width: 720px) 100vw, 720px\" \/> <img loading=\"lazy\" loading=\"lazy\" decoding=\"async\" class=\"alignnone wp-image-13896 size-full\" src=\"https:\/\/diariodeloeste.com\/noticias\/wp-content\/uploads\/2024\/10\/WhatsApp-Image-2024-10-30-at-7.33.07-PM.jpeg\" alt=\"\" width=\"576\" height=\"720\" srcset=\"https:\/\/diariodeloeste.com\/noticias\/wp-content\/uploads\/2024\/10\/WhatsApp-Image-2024-10-30-at-7.33.07-PM.jpeg 576w, https:\/\/diariodeloeste.com\/noticias\/wp-content\/uploads\/2024\/10\/WhatsApp-Image-2024-10-30-at-7.33.07-PM-240x300.jpeg 240w\" sizes=\"auto, (max-width: 576px) 100vw, 576px\" \/> <img loading=\"lazy\" loading=\"lazy\" decoding=\"async\" class=\"alignnone wp-image-13897 size-full\" src=\"https:\/\/diariodeloeste.com\/noticias\/wp-content\/uploads\/2024\/10\/WhatsApp-Image-2024-10-30-at-7.33.06-PM-1.jpeg\" alt=\"\" width=\"720\" height=\"900\" srcset=\"https:\/\/diariodeloeste.com\/noticias\/wp-content\/uploads\/2024\/10\/WhatsApp-Image-2024-10-30-at-7.33.06-PM-1.jpeg 720w, https:\/\/diariodeloeste.com\/noticias\/wp-content\/uploads\/2024\/10\/WhatsApp-Image-2024-10-30-at-7.33.06-PM-1-240x300.jpeg 240w\" sizes=\"auto, (max-width: 720px) 100vw, 720px\" \/> <img loading=\"lazy\" loading=\"lazy\" decoding=\"async\" class=\"alignnone wp-image-13898 size-full\" src=\"https:\/\/diariodeloeste.com\/noticias\/wp-content\/uploads\/2024\/10\/WhatsApp-Image-2024-10-30-at-7.33.06-PM.jpeg\" alt=\"\" width=\"720\" height=\"377\" srcset=\"https:\/\/diariodeloeste.com\/noticias\/wp-content\/uploads\/2024\/10\/WhatsApp-Image-2024-10-30-at-7.33.06-PM.jpeg 720w, https:\/\/diariodeloeste.com\/noticias\/wp-content\/uploads\/2024\/10\/WhatsApp-Image-2024-10-30-at-7.33.06-PM-300x157.jpeg 300w\" sizes=\"auto, (max-width: 720px) 100vw, 720px\" \/> <img loading=\"lazy\" loading=\"lazy\" decoding=\"async\" class=\"alignnone wp-image-13899 size-full\" src=\"https:\/\/diariodeloeste.com\/noticias\/wp-content\/uploads\/2024\/10\/WhatsApp-Image-2024-10-30-at-7.33.05-PM.jpeg\" alt=\"\" width=\"720\" height=\"377\" srcset=\"https:\/\/diariodeloeste.com\/noticias\/wp-content\/uploads\/2024\/10\/WhatsApp-Image-2024-10-30-at-7.33.05-PM.jpeg 720w, https:\/\/diariodeloeste.com\/noticias\/wp-content\/uploads\/2024\/10\/WhatsApp-Image-2024-10-30-at-7.33.05-PM-300x157.jpeg 300w\" sizes=\"auto, (max-width: 720px) 100vw, 720px\" \/> \u00a0<img loading=\"lazy\" loading=\"lazy\" decoding=\"async\" class=\"alignnone wp-image-13891 size-full\" src=\"https:\/\/diariodeloeste.com\/noticias\/wp-content\/uploads\/2024\/10\/WhatsApp-Image-2024-10-30-at-7.33.08-PM-1.jpeg\" alt=\"\" width=\"720\" height=\"720\" srcset=\"https:\/\/diariodeloeste.com\/noticias\/wp-content\/uploads\/2024\/10\/WhatsApp-Image-2024-10-30-at-7.33.08-PM-1.jpeg 720w, https:\/\/diariodeloeste.com\/noticias\/wp-content\/uploads\/2024\/10\/WhatsApp-Image-2024-10-30-at-7.33.08-PM-1-300x300.jpeg 300w, https:\/\/diariodeloeste.com\/noticias\/wp-content\/uploads\/2024\/10\/WhatsApp-Image-2024-10-30-at-7.33.08-PM-1-150x150.jpeg 150w\" sizes=\"auto, (max-width: 720px) 100vw, 720px\" \/><img loading=\"lazy\" loading=\"lazy\" decoding=\"async\" class=\"alignnone wp-image-13892 size-full\" src=\"https:\/\/diariodeloeste.com\/noticias\/wp-content\/uploads\/2024\/10\/WhatsApp-Image-2024-10-30-at-7.33.08-PM.jpeg\" alt=\"\" width=\"720\" height=\"720\" srcset=\"https:\/\/diariodeloeste.com\/noticias\/wp-content\/uploads\/2024\/10\/WhatsApp-Image-2024-10-30-at-7.33.08-PM.jpeg 720w, https:\/\/diariodeloeste.com\/noticias\/wp-content\/uploads\/2024\/10\/WhatsApp-Image-2024-10-30-at-7.33.08-PM-300x300.jpeg 300w, https:\/\/diariodeloeste.com\/noticias\/wp-content\/uploads\/2024\/10\/WhatsApp-Image-2024-10-30-at-7.33.08-PM-150x150.jpeg 150w\" sizes=\"auto, (max-width: 720px) 100vw, 720px\" \/><\/p>\n<script>function PlayerjsAsync(){} if(window[\"Playerjs\"]){PlayerjsAsync();}<\/script>","protected":false},"excerpt":{"rendered":"<p>Te mostramos las fotos de la vacunaci\u00f3n contra el Dengue en el Hospital de la Mujer y el Ni\u00f1o \u201cNelly quiroga\u201d, ubicado en Fray butler 1942, Jos\u00e9 C. Paz Recordamos los vacunatorios municipales de Lunes a Viernes de 08 a 16hs y los S\u00e1bados de 08 a 14hs: \ud83d\udccd Hospital del Ni\u00f1o y la Mujer [&hellip;]<\/p>\n","protected":false},"author":3,"featured_media":13895,"comment_status":"closed","ping_status":"closed","sticky":false,"template":"","format":"standard","meta":{"content-type":"","footnotes":""},"categories":[303,9],"tags":[128,233,1021,387,537],"class_list":{"0":"post-13890","1":"post","2":"type-post","3":"status-publish","4":"format-standard","5":"has-post-thumbnail","7":"category-jose-c-paz","8":"category-titulares","9":"tag-jose-c-paz","10":"tag-jose-c-paz-2","11":"tag-mario-alberto-ishii","12":"tag-mario-ishii","13":"tag-municipio-de-jose-c-paz"},"yoast_head":"<!-- This site is optimized with the Yoast SEO plugin v27.4 - https:\/\/yoast.com\/product\/yoast-seo-wordpress\/ -->\n<title>OPERATIVO DE VACUNACI\u00d3N CONTRA EL DENGUE EN JOSE C. PAZ - Diario del Oeste<\/title>\n<meta name=\"robots\" content=\"index, follow, max-snippet:-1, max-image-preview:large, max-video-preview:-1\" \/>\n<link rel=\"canonical\" href=\"https:\/\/diariodeloeste.com\/noticias\/2024\/10\/30\/operativo-de-vacunacion-contra-el-dengue-en-jose-c-paz\/\" \/>\n<meta property=\"og:locale\" content=\"es_ES\" \/>\n<meta property=\"og:type\" content=\"article\" \/>\n<meta property=\"og:title\" content=\"OPERATIVO DE VACUNACI\u00d3N CONTRA EL DENGUE EN JOSE C. PAZ - Diario del Oeste\" \/>\n<meta property=\"og:description\" content=\"Te mostramos las fotos de la vacunaci\u00f3n contra el Dengue en el Hospital de la Mujer y el Ni\u00f1o \u201cNelly quiroga\u201d, ubicado en Fray butler 1942, Jos\u00e9 C. Paz Recordamos los vacunatorios municipales de Lunes a Viernes de 08 a 16hs y los S\u00e1bados de 08 a 14hs: \ud83d\udccd Hospital del Ni\u00f1o y la Mujer [&hellip;]\" \/>\n<meta property=\"og:url\" content=\"https:\/\/diariodeloeste.com\/noticias\/2024\/10\/30\/operativo-de-vacunacion-contra-el-dengue-en-jose-c-paz\/\" \/>\n<meta property=\"og:site_name\" content=\"Diario del Oeste\" \/>\n<meta property=\"article:published_time\" content=\"2024-10-30T22:46:49+00:00\" \/>\n<meta property=\"og:image\" content=\"https:\/\/diariodeloeste.com\/noticias\/wp-content\/uploads\/2024\/10\/WhatsApp-Image-2024-10-30-at-7.33.07-PM-1.jpeg\" \/>\n\t<meta property=\"og:image:width\" content=\"720\" \/>\n\t<meta property=\"og:image:height\" content=\"377\" \/>\n\t<meta property=\"og:image:type\" content=\"image\/jpeg\" \/>\n<meta name=\"author\" content=\"Redaccion\" \/>\n<meta name=\"twitter:card\" content=\"summary_large_image\" \/>\n<meta name=\"twitter:label1\" content=\"Escrito por\" \/>\n\t<meta name=\"twitter:data1\" content=\"Redaccion\" \/>\n\t<meta name=\"twitter:label2\" content=\"Tiempo de lectura\" \/>\n\t<meta name=\"twitter:data2\" content=\"3 minutos\" \/>\n<script type=\"application\/ld+json\" class=\"yoast-schema-graph\">{\"@context\":\"https:\\\/\\\/schema.org\",\"@graph\":[{\"@type\":\"Article\",\"@id\":\"https:\\\/\\\/diariodeloeste.com\\\/noticias\\\/2024\\\/10\\\/30\\\/operativo-de-vacunacion-contra-el-dengue-en-jose-c-paz\\\/#article\",\"isPartOf\":{\"@id\":\"https:\\\/\\\/diariodeloeste.com\\\/noticias\\\/2024\\\/10\\\/30\\\/operativo-de-vacunacion-contra-el-dengue-en-jose-c-paz\\\/\"},\"author\":{\"name\":\"Redaccion\",\"@id\":\"https:\\\/\\\/diariodeloeste.com\\\/noticias\\\/#\\\/schema\\\/person\\\/1f7be965f8c093432e1cbfcee0ac4047\"},\"headline\":\"OPERATIVO DE VACUNACI\u00d3N CONTRA EL DENGUE EN JOSE C. PAZ\",\"datePublished\":\"2024-10-30T22:46:49+00:00\",\"mainEntityOfPage\":{\"@id\":\"https:\\\/\\\/diariodeloeste.com\\\/noticias\\\/2024\\\/10\\\/30\\\/operativo-de-vacunacion-contra-el-dengue-en-jose-c-paz\\\/\"},\"wordCount\":103,\"publisher\":{\"@id\":\"https:\\\/\\\/diariodeloeste.com\\\/noticias\\\/#organization\"},\"image\":{\"@id\":\"https:\\\/\\\/diariodeloeste.com\\\/noticias\\\/2024\\\/10\\\/30\\\/operativo-de-vacunacion-contra-el-dengue-en-jose-c-paz\\\/#primaryimage\"},\"thumbnailUrl\":\"https:\\\/\\\/diariodeloeste.com\\\/noticias\\\/wp-content\\\/uploads\\\/2024\\\/10\\\/WhatsApp-Image-2024-10-30-at-7.33.07-PM-1.jpeg\",\"keywords\":[\"jose c paz\",\"jos\u00e9 c. paz\",\"Mario Alberto Ishii\",\"Mario ishii\",\"Municipio de Jos{e C. Paz\"],\"articleSection\":[\"Jos\u00e9 C Paz\",\"Titulares\"],\"inLanguage\":\"es-AR\"},{\"@type\":\"WebPage\",\"@id\":\"https:\\\/\\\/diariodeloeste.com\\\/noticias\\\/2024\\\/10\\\/30\\\/operativo-de-vacunacion-contra-el-dengue-en-jose-c-paz\\\/\",\"url\":\"https:\\\/\\\/diariodeloeste.com\\\/noticias\\\/2024\\\/10\\\/30\\\/operativo-de-vacunacion-contra-el-dengue-en-jose-c-paz\\\/\",\"name\":\"OPERATIVO DE VACUNACI\u00d3N CONTRA EL DENGUE EN JOSE C. PAZ - Diario del Oeste\",\"isPartOf\":{\"@id\":\"https:\\\/\\\/diariodeloeste.com\\\/noticias\\\/#website\"},\"primaryImageOfPage\":{\"@id\":\"https:\\\/\\\/diariodeloeste.com\\\/noticias\\\/2024\\\/10\\\/30\\\/operativo-de-vacunacion-contra-el-dengue-en-jose-c-paz\\\/#primaryimage\"},\"image\":{\"@id\":\"https:\\\/\\\/diariodeloeste.com\\\/noticias\\\/2024\\\/10\\\/30\\\/operativo-de-vacunacion-contra-el-dengue-en-jose-c-paz\\\/#primaryimage\"},\"thumbnailUrl\":\"https:\\\/\\\/diariodeloeste.com\\\/noticias\\\/wp-content\\\/uploads\\\/2024\\\/10\\\/WhatsApp-Image-2024-10-30-at-7.33.07-PM-1.jpeg\",\"datePublished\":\"2024-10-30T22:46:49+00:00\",\"breadcrumb\":{\"@id\":\"https:\\\/\\\/diariodeloeste.com\\\/noticias\\\/2024\\\/10\\\/30\\\/operativo-de-vacunacion-contra-el-dengue-en-jose-c-paz\\\/#breadcrumb\"},\"inLanguage\":\"es-AR\",\"potentialAction\":[{\"@type\":\"ReadAction\",\"target\":[\"https:\\\/\\\/diariodeloeste.com\\\/noticias\\\/2024\\\/10\\\/30\\\/operativo-de-vacunacion-contra-el-dengue-en-jose-c-paz\\\/\"]}]},{\"@type\":\"ImageObject\",\"inLanguage\":\"es-AR\",\"@id\":\"https:\\\/\\\/diariodeloeste.com\\\/noticias\\\/2024\\\/10\\\/30\\\/operativo-de-vacunacion-contra-el-dengue-en-jose-c-paz\\\/#primaryimage\",\"url\":\"https:\\\/\\\/diariodeloeste.com\\\/noticias\\\/wp-content\\\/uploads\\\/2024\\\/10\\\/WhatsApp-Image-2024-10-30-at-7.33.07-PM-1.jpeg\",\"contentUrl\":\"https:\\\/\\\/diariodeloeste.com\\\/noticias\\\/wp-content\\\/uploads\\\/2024\\\/10\\\/WhatsApp-Image-2024-10-30-at-7.33.07-PM-1.jpeg\",\"width\":720,\"height\":377},{\"@type\":\"BreadcrumbList\",\"@id\":\"https:\\\/\\\/diariodeloeste.com\\\/noticias\\\/2024\\\/10\\\/30\\\/operativo-de-vacunacion-contra-el-dengue-en-jose-c-paz\\\/#breadcrumb\",\"itemListElement\":[{\"@type\":\"ListItem\",\"position\":1,\"name\":\"Inicio\",\"item\":\"https:\\\/\\\/diariodeloeste.com\\\/noticias\\\/\"},{\"@type\":\"ListItem\",\"position\":2,\"name\":\"OPERATIVO DE VACUNACI\u00d3N CONTRA EL DENGUE EN JOSE C. PAZ\"}]},{\"@type\":\"WebSite\",\"@id\":\"https:\\\/\\\/diariodeloeste.com\\\/noticias\\\/#website\",\"url\":\"https:\\\/\\\/diariodeloeste.com\\\/noticias\\\/\",\"name\":\"Diario del Oeste\",\"description\":\"Noticias del Oeste\",\"publisher\":{\"@id\":\"https:\\\/\\\/diariodeloeste.com\\\/noticias\\\/#organization\"},\"potentialAction\":[{\"@type\":\"SearchAction\",\"target\":{\"@type\":\"EntryPoint\",\"urlTemplate\":\"https:\\\/\\\/diariodeloeste.com\\\/noticias\\\/?s={search_term_string}\"},\"query-input\":{\"@type\":\"PropertyValueSpecification\",\"valueRequired\":true,\"valueName\":\"search_term_string\"}}],\"inLanguage\":\"es-AR\"},{\"@type\":\"Organization\",\"@id\":\"https:\\\/\\\/diariodeloeste.com\\\/noticias\\\/#organization\",\"name\":\"Diario del Oeste\",\"url\":\"https:\\\/\\\/diariodeloeste.com\\\/noticias\\\/\",\"logo\":{\"@type\":\"ImageObject\",\"inLanguage\":\"es-AR\",\"@id\":\"https:\\\/\\\/diariodeloeste.com\\\/noticias\\\/#\\\/schema\\\/logo\\\/image\\\/\",\"url\":\"https:\\\/\\\/diariodeloeste.com\\\/noticias\\\/wp-content\\\/uploads\\\/2019\\\/04\\\/logo.png\",\"contentUrl\":\"https:\\\/\\\/diariodeloeste.com\\\/noticias\\\/wp-content\\\/uploads\\\/2019\\\/04\\\/logo.png\",\"width\":306,\"height\":145,\"caption\":\"Diario del Oeste\"},\"image\":{\"@id\":\"https:\\\/\\\/diariodeloeste.com\\\/noticias\\\/#\\\/schema\\\/logo\\\/image\\\/\"}},{\"@type\":\"Person\",\"@id\":\"https:\\\/\\\/diariodeloeste.com\\\/noticias\\\/#\\\/schema\\\/person\\\/1f7be965f8c093432e1cbfcee0ac4047\",\"name\":\"Redaccion\",\"image\":{\"@type\":\"ImageObject\",\"inLanguage\":\"es-AR\",\"@id\":\"https:\\\/\\\/secure.gravatar.com\\\/avatar\\\/f9bc3a12e26b32d818d88f9a5b61de20b559752e499df507efa7ea3cea0550ef?s=96&d=mm&r=g\",\"url\":\"https:\\\/\\\/secure.gravatar.com\\\/avatar\\\/f9bc3a12e26b32d818d88f9a5b61de20b559752e499df507efa7ea3cea0550ef?s=96&d=mm&r=g\",\"contentUrl\":\"https:\\\/\\\/secure.gravatar.com\\\/avatar\\\/f9bc3a12e26b32d818d88f9a5b61de20b559752e499df507efa7ea3cea0550ef?s=96&d=mm&r=g\",\"caption\":\"Redaccion\"},\"url\":\"https:\\\/\\\/diariodeloeste.com\\\/noticias\\\/author\\\/redaccion\\\/\"}]}<\/script>\n<!-- \/ Yoast SEO plugin. -->","yoast_head_json":{"title":"OPERATIVO DE VACUNACI\u00d3N CONTRA EL DENGUE EN JOSE C. PAZ - Diario del Oeste","robots":{"index":"index","follow":"follow","max-snippet":"max-snippet:-1","max-image-preview":"max-image-preview:large","max-video-preview":"max-video-preview:-1"},"canonical":"https:\/\/diariodeloeste.com\/noticias\/2024\/10\/30\/operativo-de-vacunacion-contra-el-dengue-en-jose-c-paz\/","og_locale":"es_ES","og_type":"article","og_title":"OPERATIVO DE VACUNACI\u00d3N CONTRA EL DENGUE EN JOSE C. PAZ - Diario del Oeste","og_description":"Te mostramos las fotos de la vacunaci\u00f3n contra el Dengue en el Hospital de la Mujer y el Ni\u00f1o \u201cNelly quiroga\u201d, ubicado en Fray butler 1942, Jos\u00e9 C. Paz Recordamos los vacunatorios municipales de Lunes a Viernes de 08 a 16hs y los S\u00e1bados de 08 a 14hs: \ud83d\udccd Hospital del Ni\u00f1o y la Mujer [&hellip;]","og_url":"https:\/\/diariodeloeste.com\/noticias\/2024\/10\/30\/operativo-de-vacunacion-contra-el-dengue-en-jose-c-paz\/","og_site_name":"Diario del Oeste","article_published_time":"2024-10-30T22:46:49+00:00","og_image":[{"width":720,"height":377,"url":"https:\/\/diariodeloeste.com\/noticias\/wp-content\/uploads\/2024\/10\/WhatsApp-Image-2024-10-30-at-7.33.07-PM-1.jpeg","type":"image\/jpeg"}],"author":"Redaccion","twitter_card":"summary_large_image","twitter_misc":{"Escrito por":"Redaccion","Tiempo de lectura":"3 minutos"},"schema":{"@context":"https:\/\/schema.org","@graph":[{"@type":"Article","@id":"https:\/\/diariodeloeste.com\/noticias\/2024\/10\/30\/operativo-de-vacunacion-contra-el-dengue-en-jose-c-paz\/#article","isPartOf":{"@id":"https:\/\/diariodeloeste.com\/noticias\/2024\/10\/30\/operativo-de-vacunacion-contra-el-dengue-en-jose-c-paz\/"},"author":{"name":"Redaccion","@id":"https:\/\/diariodeloeste.com\/noticias\/#\/schema\/person\/1f7be965f8c093432e1cbfcee0ac4047"},"headline":"OPERATIVO DE VACUNACI\u00d3N CONTRA EL DENGUE EN JOSE C. PAZ","datePublished":"2024-10-30T22:46:49+00:00","mainEntityOfPage":{"@id":"https:\/\/diariodeloeste.com\/noticias\/2024\/10\/30\/operativo-de-vacunacion-contra-el-dengue-en-jose-c-paz\/"},"wordCount":103,"publisher":{"@id":"https:\/\/diariodeloeste.com\/noticias\/#organization"},"image":{"@id":"https:\/\/diariodeloeste.com\/noticias\/2024\/10\/30\/operativo-de-vacunacion-contra-el-dengue-en-jose-c-paz\/#primaryimage"},"thumbnailUrl":"https:\/\/diariodeloeste.com\/noticias\/wp-content\/uploads\/2024\/10\/WhatsApp-Image-2024-10-30-at-7.33.07-PM-1.jpeg","keywords":["jose c paz","jos\u00e9 c. paz","Mario Alberto Ishii","Mario ishii","Municipio de Jos{e C. Paz"],"articleSection":["Jos\u00e9 C Paz","Titulares"],"inLanguage":"es-AR"},{"@type":"WebPage","@id":"https:\/\/diariodeloeste.com\/noticias\/2024\/10\/30\/operativo-de-vacunacion-contra-el-dengue-en-jose-c-paz\/","url":"https:\/\/diariodeloeste.com\/noticias\/2024\/10\/30\/operativo-de-vacunacion-contra-el-dengue-en-jose-c-paz\/","name":"OPERATIVO DE VACUNACI\u00d3N CONTRA EL DENGUE EN JOSE C. PAZ - Diario del Oeste","isPartOf":{"@id":"https:\/\/diariodeloeste.com\/noticias\/#website"},"primaryImageOfPage":{"@id":"https:\/\/diariodeloeste.com\/noticias\/2024\/10\/30\/operativo-de-vacunacion-contra-el-dengue-en-jose-c-paz\/#primaryimage"},"image":{"@id":"https:\/\/diariodeloeste.com\/noticias\/2024\/10\/30\/operativo-de-vacunacion-contra-el-dengue-en-jose-c-paz\/#primaryimage"},"thumbnailUrl":"https:\/\/diariodeloeste.com\/noticias\/wp-content\/uploads\/2024\/10\/WhatsApp-Image-2024-10-30-at-7.33.07-PM-1.jpeg","datePublished":"2024-10-30T22:46:49+00:00","breadcrumb":{"@id":"https:\/\/diariodeloeste.com\/noticias\/2024\/10\/30\/operativo-de-vacunacion-contra-el-dengue-en-jose-c-paz\/#breadcrumb"},"inLanguage":"es-AR","potentialAction":[{"@type":"ReadAction","target":["https:\/\/diariodeloeste.com\/noticias\/2024\/10\/30\/operativo-de-vacunacion-contra-el-dengue-en-jose-c-paz\/"]}]},{"@type":"ImageObject","inLanguage":"es-AR","@id":"https:\/\/diariodeloeste.com\/noticias\/2024\/10\/30\/operativo-de-vacunacion-contra-el-dengue-en-jose-c-paz\/#primaryimage","url":"https:\/\/diariodeloeste.com\/noticias\/wp-content\/uploads\/2024\/10\/WhatsApp-Image-2024-10-30-at-7.33.07-PM-1.jpeg","contentUrl":"https:\/\/diariodeloeste.com\/noticias\/wp-content\/uploads\/2024\/10\/WhatsApp-Image-2024-10-30-at-7.33.07-PM-1.jpeg","width":720,"height":377},{"@type":"BreadcrumbList","@id":"https:\/\/diariodeloeste.com\/noticias\/2024\/10\/30\/operativo-de-vacunacion-contra-el-dengue-en-jose-c-paz\/#breadcrumb","itemListElement":[{"@type":"ListItem","position":1,"name":"Inicio","item":"https:\/\/diariodeloeste.com\/noticias\/"},{"@type":"ListItem","position":2,"name":"OPERATIVO DE VACUNACI\u00d3N CONTRA EL DENGUE EN JOSE C. PAZ"}]},{"@type":"WebSite","@id":"https:\/\/diariodeloeste.com\/noticias\/#website","url":"https:\/\/diariodeloeste.com\/noticias\/","name":"Diario del Oeste","description":"Noticias del Oeste","publisher":{"@id":"https:\/\/diariodeloeste.com\/noticias\/#organization"},"potentialAction":[{"@type":"SearchAction","target":{"@type":"EntryPoint","urlTemplate":"https:\/\/diariodeloeste.com\/noticias\/?s={search_term_string}"},"query-input":{"@type":"PropertyValueSpecification","valueRequired":true,"valueName":"search_term_string"}}],"inLanguage":"es-AR"},{"@type":"Organization","@id":"https:\/\/diariodeloeste.com\/noticias\/#organization","name":"Diario del Oeste","url":"https:\/\/diariodeloeste.com\/noticias\/","logo":{"@type":"ImageObject","inLanguage":"es-AR","@id":"https:\/\/diariodeloeste.com\/noticias\/#\/schema\/logo\/image\/","url":"https:\/\/diariodeloeste.com\/noticias\/wp-content\/uploads\/2019\/04\/logo.png","contentUrl":"https:\/\/diariodeloeste.com\/noticias\/wp-content\/uploads\/2019\/04\/logo.png","width":306,"height":145,"caption":"Diario del Oeste"},"image":{"@id":"https:\/\/diariodeloeste.com\/noticias\/#\/schema\/logo\/image\/"}},{"@type":"Person","@id":"https:\/\/diariodeloeste.com\/noticias\/#\/schema\/person\/1f7be965f8c093432e1cbfcee0ac4047","name":"Redaccion","image":{"@type":"ImageObject","inLanguage":"es-AR","@id":"https:\/\/secure.gravatar.com\/avatar\/f9bc3a12e26b32d818d88f9a5b61de20b559752e499df507efa7ea3cea0550ef?s=96&d=mm&r=g","url":"https:\/\/secure.gravatar.com\/avatar\/f9bc3a12e26b32d818d88f9a5b61de20b559752e499df507efa7ea3cea0550ef?s=96&d=mm&r=g","contentUrl":"https:\/\/secure.gravatar.com\/avatar\/f9bc3a12e26b32d818d88f9a5b61de20b559752e499df507efa7ea3cea0550ef?s=96&d=mm&r=g","caption":"Redaccion"},"url":"https:\/\/diariodeloeste.com\/noticias\/author\/redaccion\/"}]}},"_links":{"self":[{"href":"https:\/\/diariodeloeste.com\/noticias\/wp-json\/wp\/v2\/posts\/13890","targetHints":{"allow":["GET"]}}],"collection":[{"href":"https:\/\/diariodeloeste.com\/noticias\/wp-json\/wp\/v2\/posts"}],"about":[{"href":"https:\/\/diariodeloeste.com\/noticias\/wp-json\/wp\/v2\/types\/post"}],"author":[{"embeddable":true,"href":"https:\/\/diariodeloeste.com\/noticias\/wp-json\/wp\/v2\/users\/3"}],"replies":[{"embeddable":true,"href":"https:\/\/diariodeloeste.com\/noticias\/wp-json\/wp\/v2\/comments?post=13890"}],"version-history":[{"count":1,"href":"https:\/\/diariodeloeste.com\/noticias\/wp-json\/wp\/v2\/posts\/13890\/revisions"}],"predecessor-version":[{"id":13900,"href":"https:\/\/diariodeloeste.com\/noticias\/wp-json\/wp\/v2\/posts\/13890\/revisions\/13900"}],"wp:featuredmedia":[{"embeddable":true,"href":"https:\/\/diariodeloeste.com\/noticias\/wp-json\/wp\/v2\/media\/13895"}],"wp:attachment":[{"href":"https:\/\/diariodeloeste.com\/noticias\/wp-json\/wp\/v2\/media?parent=13890"}],"wp:term":[{"taxonomy":"category","embeddable":true,"href":"https:\/\/diariodeloeste.com\/noticias\/wp-json\/wp\/v2\/categories?post=13890"},{"taxonomy":"post_tag","embeddable":true,"href":"https:\/\/diariodeloeste.com\/noticias\/wp-json\/wp\/v2\/tags?post=13890"}],"curies":[{"name":"wp","href":"https:\/\/api.w.org\/{rel}","templated":true}]}}