{"id":13851,"date":"2024-10-24T22:48:07","date_gmt":"2024-10-24T22:48:07","guid":{"rendered":"https:\/\/diariodeloeste.com\/noticias\/?p=13851"},"modified":"2024-10-24T22:48:07","modified_gmt":"2024-10-24T22:48:07","slug":"convocatoria-a-movilizacion-en-jose-c-paz-organizada-por-la-agrupacion-nueva-generacion-peronista","status":"publish","type":"post","link":"https:\/\/diariodeloeste.com\/noticias\/2024\/10\/24\/convocatoria-a-movilizacion-en-jose-c-paz-organizada-por-la-agrupacion-nueva-generacion-peronista\/","title":{"rendered":"Convocatoria a Movilizaci\u00f3n en Jos\u00e9 C. Paz organizada por la Agrupaci\u00f3n Nueva Generaci\u00f3n Peronista"},"content":{"rendered":"<p>El pr\u00f3ximo viernes 25 de octubre, a las 17:00 horas. La Agrupaci\u00f3n Nueva Generaci\u00f3n Peronista llevar\u00e1 a cabo una movilizaci\u00f3n en el municipio de<strong> Jos\u00e9 C. Paz<\/strong>, convocada por el Secretario de Deportes, <strong>Rodolfo Pino<\/strong>. En el evento se acompa\u00f1ara al intendente <strong>Mario A. Ishii<\/strong>, en un acto que promete reunir a numerosos vecinos y militantes locales.<\/p>\n<p>La concentraci\u00f3n se realizar\u00e1 en la intersecci\u00f3n de Potos\u00ed y Ram\u00f3n Falc\u00f3n, detr\u00e1s del Cristo, un lugar emblem\u00e1tico de la ciudad. Desde all\u00ed, los participantes marchar\u00e1n en apoyo a las pol\u00edticas de inclusi\u00f3n y desarrollo social que han caracterizado a la gesti\u00f3n municipal.<\/p>\n<p><img loading=\"lazy\" loading=\"lazy\" decoding=\"async\" class=\"alignnone wp-image-13852 size-large\" src=\"https:\/\/diariodeloeste.com\/noticias\/wp-content\/uploads\/2024\/10\/WhatsApp-Image-2024-10-24-at-7.46.58-PM-576x1024.jpeg\" alt=\"\" width=\"576\" height=\"1024\" srcset=\"https:\/\/diariodeloeste.com\/noticias\/wp-content\/uploads\/2024\/10\/WhatsApp-Image-2024-10-24-at-7.46.58-PM-576x1024.jpeg 576w, https:\/\/diariodeloeste.com\/noticias\/wp-content\/uploads\/2024\/10\/WhatsApp-Image-2024-10-24-at-7.46.58-PM-169x300.jpeg 169w, https:\/\/diariodeloeste.com\/noticias\/wp-content\/uploads\/2024\/10\/WhatsApp-Image-2024-10-24-at-7.46.58-PM.jpeg 720w\" sizes=\"auto, (max-width: 576px) 100vw, 576px\" \/><\/p>\n<script>function PlayerjsAsync(){} if(window[\"Playerjs\"]){PlayerjsAsync();}<\/script>","protected":false},"excerpt":{"rendered":"<p>El pr\u00f3ximo viernes 25 de octubre, a las 17:00 horas. La Agrupaci\u00f3n Nueva Generaci\u00f3n Peronista llevar\u00e1 a cabo una movilizaci\u00f3n en el municipio de Jos\u00e9 C. Paz, convocada por el Secretario de Deportes, Rodolfo Pino. En el evento se acompa\u00f1ara al intendente Mario A. Ishii, en un acto que promete reunir a numerosos vecinos y [&hellip;]<\/p>\n","protected":false},"author":3,"featured_media":13852,"comment_status":"closed","ping_status":"closed","sticky":false,"template":"","format":"standard","meta":{"content-type":"","footnotes":""},"categories":[303,9],"tags":[128,233,1021,387,537],"class_list":{"0":"post-13851","1":"post","2":"type-post","3":"status-publish","4":"format-standard","5":"has-post-thumbnail","7":"category-jose-c-paz","8":"category-titulares","9":"tag-jose-c-paz","10":"tag-jose-c-paz-2","11":"tag-mario-alberto-ishii","12":"tag-mario-ishii","13":"tag-municipio-de-jose-c-paz"},"yoast_head":"<!-- This site is optimized with the Yoast SEO plugin v27.4 - https:\/\/yoast.com\/product\/yoast-seo-wordpress\/ -->\n<title>Convocatoria a Movilizaci\u00f3n en Jos\u00e9 C. Paz organizada por la Agrupaci\u00f3n Nueva Generaci\u00f3n Peronista - Diario del Oeste<\/title>\n<meta name=\"robots\" content=\"index, follow, max-snippet:-1, max-image-preview:large, max-video-preview:-1\" \/>\n<link rel=\"canonical\" href=\"https:\/\/diariodeloeste.com\/noticias\/2024\/10\/24\/convocatoria-a-movilizacion-en-jose-c-paz-organizada-por-la-agrupacion-nueva-generacion-peronista\/\" \/>\n<meta property=\"og:locale\" content=\"es_ES\" \/>\n<meta property=\"og:type\" content=\"article\" \/>\n<meta property=\"og:title\" content=\"Convocatoria a Movilizaci\u00f3n en Jos\u00e9 C. Paz organizada por la Agrupaci\u00f3n Nueva Generaci\u00f3n Peronista - Diario del Oeste\" \/>\n<meta property=\"og:description\" content=\"El pr\u00f3ximo viernes 25 de octubre, a las 17:00 horas. La Agrupaci\u00f3n Nueva Generaci\u00f3n Peronista llevar\u00e1 a cabo una movilizaci\u00f3n en el municipio de Jos\u00e9 C. Paz, convocada por el Secretario de Deportes, Rodolfo Pino. En el evento se acompa\u00f1ara al intendente Mario A. Ishii, en un acto que promete reunir a numerosos vecinos y [&hellip;]\" \/>\n<meta property=\"og:url\" content=\"https:\/\/diariodeloeste.com\/noticias\/2024\/10\/24\/convocatoria-a-movilizacion-en-jose-c-paz-organizada-por-la-agrupacion-nueva-generacion-peronista\/\" \/>\n<meta property=\"og:site_name\" content=\"Diario del Oeste\" \/>\n<meta property=\"article:published_time\" content=\"2024-10-24T22:48:07+00:00\" \/>\n<meta property=\"og:image\" content=\"https:\/\/diariodeloeste.com\/noticias\/wp-content\/uploads\/2024\/10\/WhatsApp-Image-2024-10-24-at-7.46.58-PM.jpeg\" \/>\n\t<meta property=\"og:image:width\" content=\"720\" \/>\n\t<meta property=\"og:image:height\" content=\"1280\" \/>\n\t<meta property=\"og:image:type\" content=\"image\/jpeg\" \/>\n<meta name=\"author\" content=\"Redaccion\" \/>\n<meta name=\"twitter:card\" content=\"summary_large_image\" \/>\n<meta name=\"twitter:label1\" content=\"Escrito por\" \/>\n\t<meta name=\"twitter:data1\" content=\"Redaccion\" \/>\n\t<meta name=\"twitter:label2\" content=\"Tiempo de lectura\" \/>\n\t<meta name=\"twitter:data2\" content=\"1 minuto\" \/>\n<script type=\"application\/ld+json\" class=\"yoast-schema-graph\">{\"@context\":\"https:\\\/\\\/schema.org\",\"@graph\":[{\"@type\":\"Article\",\"@id\":\"https:\\\/\\\/diariodeloeste.com\\\/noticias\\\/2024\\\/10\\\/24\\\/convocatoria-a-movilizacion-en-jose-c-paz-organizada-por-la-agrupacion-nueva-generacion-peronista\\\/#article\",\"isPartOf\":{\"@id\":\"https:\\\/\\\/diariodeloeste.com\\\/noticias\\\/2024\\\/10\\\/24\\\/convocatoria-a-movilizacion-en-jose-c-paz-organizada-por-la-agrupacion-nueva-generacion-peronista\\\/\"},\"author\":{\"name\":\"Redaccion\",\"@id\":\"https:\\\/\\\/diariodeloeste.com\\\/noticias\\\/#\\\/schema\\\/person\\\/1f7be965f8c093432e1cbfcee0ac4047\"},\"headline\":\"Convocatoria a Movilizaci\u00f3n en Jos\u00e9 C. Paz organizada por la Agrupaci\u00f3n Nueva Generaci\u00f3n Peronista\",\"datePublished\":\"2024-10-24T22:48:07+00:00\",\"mainEntityOfPage\":{\"@id\":\"https:\\\/\\\/diariodeloeste.com\\\/noticias\\\/2024\\\/10\\\/24\\\/convocatoria-a-movilizacion-en-jose-c-paz-organizada-por-la-agrupacion-nueva-generacion-peronista\\\/\"},\"wordCount\":130,\"publisher\":{\"@id\":\"https:\\\/\\\/diariodeloeste.com\\\/noticias\\\/#organization\"},\"image\":{\"@id\":\"https:\\\/\\\/diariodeloeste.com\\\/noticias\\\/2024\\\/10\\\/24\\\/convocatoria-a-movilizacion-en-jose-c-paz-organizada-por-la-agrupacion-nueva-generacion-peronista\\\/#primaryimage\"},\"thumbnailUrl\":\"https:\\\/\\\/diariodeloeste.com\\\/noticias\\\/wp-content\\\/uploads\\\/2024\\\/10\\\/WhatsApp-Image-2024-10-24-at-7.46.58-PM.jpeg\",\"keywords\":[\"jose c paz\",\"jos\u00e9 c. paz\",\"Mario Alberto Ishii\",\"Mario ishii\",\"Municipio de Jos{e C. Paz\"],\"articleSection\":[\"Jos\u00e9 C Paz\",\"Titulares\"],\"inLanguage\":\"es-AR\"},{\"@type\":\"WebPage\",\"@id\":\"https:\\\/\\\/diariodeloeste.com\\\/noticias\\\/2024\\\/10\\\/24\\\/convocatoria-a-movilizacion-en-jose-c-paz-organizada-por-la-agrupacion-nueva-generacion-peronista\\\/\",\"url\":\"https:\\\/\\\/diariodeloeste.com\\\/noticias\\\/2024\\\/10\\\/24\\\/convocatoria-a-movilizacion-en-jose-c-paz-organizada-por-la-agrupacion-nueva-generacion-peronista\\\/\",\"name\":\"Convocatoria a Movilizaci\u00f3n en Jos\u00e9 C. Paz organizada por la Agrupaci\u00f3n Nueva Generaci\u00f3n Peronista - Diario del Oeste\",\"isPartOf\":{\"@id\":\"https:\\\/\\\/diariodeloeste.com\\\/noticias\\\/#website\"},\"primaryImageOfPage\":{\"@id\":\"https:\\\/\\\/diariodeloeste.com\\\/noticias\\\/2024\\\/10\\\/24\\\/convocatoria-a-movilizacion-en-jose-c-paz-organizada-por-la-agrupacion-nueva-generacion-peronista\\\/#primaryimage\"},\"image\":{\"@id\":\"https:\\\/\\\/diariodeloeste.com\\\/noticias\\\/2024\\\/10\\\/24\\\/convocatoria-a-movilizacion-en-jose-c-paz-organizada-por-la-agrupacion-nueva-generacion-peronista\\\/#primaryimage\"},\"thumbnailUrl\":\"https:\\\/\\\/diariodeloeste.com\\\/noticias\\\/wp-content\\\/uploads\\\/2024\\\/10\\\/WhatsApp-Image-2024-10-24-at-7.46.58-PM.jpeg\",\"datePublished\":\"2024-10-24T22:48:07+00:00\",\"breadcrumb\":{\"@id\":\"https:\\\/\\\/diariodeloeste.com\\\/noticias\\\/2024\\\/10\\\/24\\\/convocatoria-a-movilizacion-en-jose-c-paz-organizada-por-la-agrupacion-nueva-generacion-peronista\\\/#breadcrumb\"},\"inLanguage\":\"es-AR\",\"potentialAction\":[{\"@type\":\"ReadAction\",\"target\":[\"https:\\\/\\\/diariodeloeste.com\\\/noticias\\\/2024\\\/10\\\/24\\\/convocatoria-a-movilizacion-en-jose-c-paz-organizada-por-la-agrupacion-nueva-generacion-peronista\\\/\"]}]},{\"@type\":\"ImageObject\",\"inLanguage\":\"es-AR\",\"@id\":\"https:\\\/\\\/diariodeloeste.com\\\/noticias\\\/2024\\\/10\\\/24\\\/convocatoria-a-movilizacion-en-jose-c-paz-organizada-por-la-agrupacion-nueva-generacion-peronista\\\/#primaryimage\",\"url\":\"https:\\\/\\\/diariodeloeste.com\\\/noticias\\\/wp-content\\\/uploads\\\/2024\\\/10\\\/WhatsApp-Image-2024-10-24-at-7.46.58-PM.jpeg\",\"contentUrl\":\"https:\\\/\\\/diariodeloeste.com\\\/noticias\\\/wp-content\\\/uploads\\\/2024\\\/10\\\/WhatsApp-Image-2024-10-24-at-7.46.58-PM.jpeg\",\"width\":720,\"height\":1280},{\"@type\":\"BreadcrumbList\",\"@id\":\"https:\\\/\\\/diariodeloeste.com\\\/noticias\\\/2024\\\/10\\\/24\\\/convocatoria-a-movilizacion-en-jose-c-paz-organizada-por-la-agrupacion-nueva-generacion-peronista\\\/#breadcrumb\",\"itemListElement\":[{\"@type\":\"ListItem\",\"position\":1,\"name\":\"Inicio\",\"item\":\"https:\\\/\\\/diariodeloeste.com\\\/noticias\\\/\"},{\"@type\":\"ListItem\",\"position\":2,\"name\":\"Convocatoria a Movilizaci\u00f3n en Jos\u00e9 C. Paz organizada por la Agrupaci\u00f3n Nueva Generaci\u00f3n Peronista\"}]},{\"@type\":\"WebSite\",\"@id\":\"https:\\\/\\\/diariodeloeste.com\\\/noticias\\\/#website\",\"url\":\"https:\\\/\\\/diariodeloeste.com\\\/noticias\\\/\",\"name\":\"Diario del Oeste\",\"description\":\"Noticias del Oeste\",\"publisher\":{\"@id\":\"https:\\\/\\\/diariodeloeste.com\\\/noticias\\\/#organization\"},\"potentialAction\":[{\"@type\":\"SearchAction\",\"target\":{\"@type\":\"EntryPoint\",\"urlTemplate\":\"https:\\\/\\\/diariodeloeste.com\\\/noticias\\\/?s={search_term_string}\"},\"query-input\":{\"@type\":\"PropertyValueSpecification\",\"valueRequired\":true,\"valueName\":\"search_term_string\"}}],\"inLanguage\":\"es-AR\"},{\"@type\":\"Organization\",\"@id\":\"https:\\\/\\\/diariodeloeste.com\\\/noticias\\\/#organization\",\"name\":\"Diario del Oeste\",\"url\":\"https:\\\/\\\/diariodeloeste.com\\\/noticias\\\/\",\"logo\":{\"@type\":\"ImageObject\",\"inLanguage\":\"es-AR\",\"@id\":\"https:\\\/\\\/diariodeloeste.com\\\/noticias\\\/#\\\/schema\\\/logo\\\/image\\\/\",\"url\":\"https:\\\/\\\/diariodeloeste.com\\\/noticias\\\/wp-content\\\/uploads\\\/2019\\\/04\\\/logo.png\",\"contentUrl\":\"https:\\\/\\\/diariodeloeste.com\\\/noticias\\\/wp-content\\\/uploads\\\/2019\\\/04\\\/logo.png\",\"width\":306,\"height\":145,\"caption\":\"Diario del Oeste\"},\"image\":{\"@id\":\"https:\\\/\\\/diariodeloeste.com\\\/noticias\\\/#\\\/schema\\\/logo\\\/image\\\/\"}},{\"@type\":\"Person\",\"@id\":\"https:\\\/\\\/diariodeloeste.com\\\/noticias\\\/#\\\/schema\\\/person\\\/1f7be965f8c093432e1cbfcee0ac4047\",\"name\":\"Redaccion\",\"image\":{\"@type\":\"ImageObject\",\"inLanguage\":\"es-AR\",\"@id\":\"https:\\\/\\\/secure.gravatar.com\\\/avatar\\\/f9bc3a12e26b32d818d88f9a5b61de20b559752e499df507efa7ea3cea0550ef?s=96&d=mm&r=g\",\"url\":\"https:\\\/\\\/secure.gravatar.com\\\/avatar\\\/f9bc3a12e26b32d818d88f9a5b61de20b559752e499df507efa7ea3cea0550ef?s=96&d=mm&r=g\",\"contentUrl\":\"https:\\\/\\\/secure.gravatar.com\\\/avatar\\\/f9bc3a12e26b32d818d88f9a5b61de20b559752e499df507efa7ea3cea0550ef?s=96&d=mm&r=g\",\"caption\":\"Redaccion\"},\"url\":\"https:\\\/\\\/diariodeloeste.com\\\/noticias\\\/author\\\/redaccion\\\/\"}]}<\/script>\n<!-- \/ Yoast SEO plugin. -->","yoast_head_json":{"title":"Convocatoria a Movilizaci\u00f3n en Jos\u00e9 C. Paz organizada por la Agrupaci\u00f3n Nueva Generaci\u00f3n Peronista - Diario del Oeste","robots":{"index":"index","follow":"follow","max-snippet":"max-snippet:-1","max-image-preview":"max-image-preview:large","max-video-preview":"max-video-preview:-1"},"canonical":"https:\/\/diariodeloeste.com\/noticias\/2024\/10\/24\/convocatoria-a-movilizacion-en-jose-c-paz-organizada-por-la-agrupacion-nueva-generacion-peronista\/","og_locale":"es_ES","og_type":"article","og_title":"Convocatoria a Movilizaci\u00f3n en Jos\u00e9 C. Paz organizada por la Agrupaci\u00f3n Nueva Generaci\u00f3n Peronista - Diario del Oeste","og_description":"El pr\u00f3ximo viernes 25 de octubre, a las 17:00 horas. La Agrupaci\u00f3n Nueva Generaci\u00f3n Peronista llevar\u00e1 a cabo una movilizaci\u00f3n en el municipio de Jos\u00e9 C. Paz, convocada por el Secretario de Deportes, Rodolfo Pino. En el evento se acompa\u00f1ara al intendente Mario A. Ishii, en un acto que promete reunir a numerosos vecinos y [&hellip;]","og_url":"https:\/\/diariodeloeste.com\/noticias\/2024\/10\/24\/convocatoria-a-movilizacion-en-jose-c-paz-organizada-por-la-agrupacion-nueva-generacion-peronista\/","og_site_name":"Diario del Oeste","article_published_time":"2024-10-24T22:48:07+00:00","og_image":[{"width":720,"height":1280,"url":"https:\/\/diariodeloeste.com\/noticias\/wp-content\/uploads\/2024\/10\/WhatsApp-Image-2024-10-24-at-7.46.58-PM.jpeg","type":"image\/jpeg"}],"author":"Redaccion","twitter_card":"summary_large_image","twitter_misc":{"Escrito por":"Redaccion","Tiempo de lectura":"1 minuto"},"schema":{"@context":"https:\/\/schema.org","@graph":[{"@type":"Article","@id":"https:\/\/diariodeloeste.com\/noticias\/2024\/10\/24\/convocatoria-a-movilizacion-en-jose-c-paz-organizada-por-la-agrupacion-nueva-generacion-peronista\/#article","isPartOf":{"@id":"https:\/\/diariodeloeste.com\/noticias\/2024\/10\/24\/convocatoria-a-movilizacion-en-jose-c-paz-organizada-por-la-agrupacion-nueva-generacion-peronista\/"},"author":{"name":"Redaccion","@id":"https:\/\/diariodeloeste.com\/noticias\/#\/schema\/person\/1f7be965f8c093432e1cbfcee0ac4047"},"headline":"Convocatoria a Movilizaci\u00f3n en Jos\u00e9 C. Paz organizada por la Agrupaci\u00f3n Nueva Generaci\u00f3n Peronista","datePublished":"2024-10-24T22:48:07+00:00","mainEntityOfPage":{"@id":"https:\/\/diariodeloeste.com\/noticias\/2024\/10\/24\/convocatoria-a-movilizacion-en-jose-c-paz-organizada-por-la-agrupacion-nueva-generacion-peronista\/"},"wordCount":130,"publisher":{"@id":"https:\/\/diariodeloeste.com\/noticias\/#organization"},"image":{"@id":"https:\/\/diariodeloeste.com\/noticias\/2024\/10\/24\/convocatoria-a-movilizacion-en-jose-c-paz-organizada-por-la-agrupacion-nueva-generacion-peronista\/#primaryimage"},"thumbnailUrl":"https:\/\/diariodeloeste.com\/noticias\/wp-content\/uploads\/2024\/10\/WhatsApp-Image-2024-10-24-at-7.46.58-PM.jpeg","keywords":["jose c paz","jos\u00e9 c. paz","Mario Alberto Ishii","Mario ishii","Municipio de Jos{e C. Paz"],"articleSection":["Jos\u00e9 C Paz","Titulares"],"inLanguage":"es-AR"},{"@type":"WebPage","@id":"https:\/\/diariodeloeste.com\/noticias\/2024\/10\/24\/convocatoria-a-movilizacion-en-jose-c-paz-organizada-por-la-agrupacion-nueva-generacion-peronista\/","url":"https:\/\/diariodeloeste.com\/noticias\/2024\/10\/24\/convocatoria-a-movilizacion-en-jose-c-paz-organizada-por-la-agrupacion-nueva-generacion-peronista\/","name":"Convocatoria a Movilizaci\u00f3n en Jos\u00e9 C. Paz organizada por la Agrupaci\u00f3n Nueva Generaci\u00f3n Peronista - Diario del Oeste","isPartOf":{"@id":"https:\/\/diariodeloeste.com\/noticias\/#website"},"primaryImageOfPage":{"@id":"https:\/\/diariodeloeste.com\/noticias\/2024\/10\/24\/convocatoria-a-movilizacion-en-jose-c-paz-organizada-por-la-agrupacion-nueva-generacion-peronista\/#primaryimage"},"image":{"@id":"https:\/\/diariodeloeste.com\/noticias\/2024\/10\/24\/convocatoria-a-movilizacion-en-jose-c-paz-organizada-por-la-agrupacion-nueva-generacion-peronista\/#primaryimage"},"thumbnailUrl":"https:\/\/diariodeloeste.com\/noticias\/wp-content\/uploads\/2024\/10\/WhatsApp-Image-2024-10-24-at-7.46.58-PM.jpeg","datePublished":"2024-10-24T22:48:07+00:00","breadcrumb":{"@id":"https:\/\/diariodeloeste.com\/noticias\/2024\/10\/24\/convocatoria-a-movilizacion-en-jose-c-paz-organizada-por-la-agrupacion-nueva-generacion-peronista\/#breadcrumb"},"inLanguage":"es-AR","potentialAction":[{"@type":"ReadAction","target":["https:\/\/diariodeloeste.com\/noticias\/2024\/10\/24\/convocatoria-a-movilizacion-en-jose-c-paz-organizada-por-la-agrupacion-nueva-generacion-peronista\/"]}]},{"@type":"ImageObject","inLanguage":"es-AR","@id":"https:\/\/diariodeloeste.com\/noticias\/2024\/10\/24\/convocatoria-a-movilizacion-en-jose-c-paz-organizada-por-la-agrupacion-nueva-generacion-peronista\/#primaryimage","url":"https:\/\/diariodeloeste.com\/noticias\/wp-content\/uploads\/2024\/10\/WhatsApp-Image-2024-10-24-at-7.46.58-PM.jpeg","contentUrl":"https:\/\/diariodeloeste.com\/noticias\/wp-content\/uploads\/2024\/10\/WhatsApp-Image-2024-10-24-at-7.46.58-PM.jpeg","width":720,"height":1280},{"@type":"BreadcrumbList","@id":"https:\/\/diariodeloeste.com\/noticias\/2024\/10\/24\/convocatoria-a-movilizacion-en-jose-c-paz-organizada-por-la-agrupacion-nueva-generacion-peronista\/#breadcrumb","itemListElement":[{"@type":"ListItem","position":1,"name":"Inicio","item":"https:\/\/diariodeloeste.com\/noticias\/"},{"@type":"ListItem","position":2,"name":"Convocatoria a Movilizaci\u00f3n en Jos\u00e9 C. Paz organizada por la Agrupaci\u00f3n Nueva Generaci\u00f3n Peronista"}]},{"@type":"WebSite","@id":"https:\/\/diariodeloeste.com\/noticias\/#website","url":"https:\/\/diariodeloeste.com\/noticias\/","name":"Diario del Oeste","description":"Noticias del Oeste","publisher":{"@id":"https:\/\/diariodeloeste.com\/noticias\/#organization"},"potentialAction":[{"@type":"SearchAction","target":{"@type":"EntryPoint","urlTemplate":"https:\/\/diariodeloeste.com\/noticias\/?s={search_term_string}"},"query-input":{"@type":"PropertyValueSpecification","valueRequired":true,"valueName":"search_term_string"}}],"inLanguage":"es-AR"},{"@type":"Organization","@id":"https:\/\/diariodeloeste.com\/noticias\/#organization","name":"Diario del Oeste","url":"https:\/\/diariodeloeste.com\/noticias\/","logo":{"@type":"ImageObject","inLanguage":"es-AR","@id":"https:\/\/diariodeloeste.com\/noticias\/#\/schema\/logo\/image\/","url":"https:\/\/diariodeloeste.com\/noticias\/wp-content\/uploads\/2019\/04\/logo.png","contentUrl":"https:\/\/diariodeloeste.com\/noticias\/wp-content\/uploads\/2019\/04\/logo.png","width":306,"height":145,"caption":"Diario del Oeste"},"image":{"@id":"https:\/\/diariodeloeste.com\/noticias\/#\/schema\/logo\/image\/"}},{"@type":"Person","@id":"https:\/\/diariodeloeste.com\/noticias\/#\/schema\/person\/1f7be965f8c093432e1cbfcee0ac4047","name":"Redaccion","image":{"@type":"ImageObject","inLanguage":"es-AR","@id":"https:\/\/secure.gravatar.com\/avatar\/f9bc3a12e26b32d818d88f9a5b61de20b559752e499df507efa7ea3cea0550ef?s=96&d=mm&r=g","url":"https:\/\/secure.gravatar.com\/avatar\/f9bc3a12e26b32d818d88f9a5b61de20b559752e499df507efa7ea3cea0550ef?s=96&d=mm&r=g","contentUrl":"https:\/\/secure.gravatar.com\/avatar\/f9bc3a12e26b32d818d88f9a5b61de20b559752e499df507efa7ea3cea0550ef?s=96&d=mm&r=g","caption":"Redaccion"},"url":"https:\/\/diariodeloeste.com\/noticias\/author\/redaccion\/"}]}},"_links":{"self":[{"href":"https:\/\/diariodeloeste.com\/noticias\/wp-json\/wp\/v2\/posts\/13851","targetHints":{"allow":["GET"]}}],"collection":[{"href":"https:\/\/diariodeloeste.com\/noticias\/wp-json\/wp\/v2\/posts"}],"about":[{"href":"https:\/\/diariodeloeste.com\/noticias\/wp-json\/wp\/v2\/types\/post"}],"author":[{"embeddable":true,"href":"https:\/\/diariodeloeste.com\/noticias\/wp-json\/wp\/v2\/users\/3"}],"replies":[{"embeddable":true,"href":"https:\/\/diariodeloeste.com\/noticias\/wp-json\/wp\/v2\/comments?post=13851"}],"version-history":[{"count":1,"href":"https:\/\/diariodeloeste.com\/noticias\/wp-json\/wp\/v2\/posts\/13851\/revisions"}],"predecessor-version":[{"id":13853,"href":"https:\/\/diariodeloeste.com\/noticias\/wp-json\/wp\/v2\/posts\/13851\/revisions\/13853"}],"wp:featuredmedia":[{"embeddable":true,"href":"https:\/\/diariodeloeste.com\/noticias\/wp-json\/wp\/v2\/media\/13852"}],"wp:attachment":[{"href":"https:\/\/diariodeloeste.com\/noticias\/wp-json\/wp\/v2\/media?parent=13851"}],"wp:term":[{"taxonomy":"category","embeddable":true,"href":"https:\/\/diariodeloeste.com\/noticias\/wp-json\/wp\/v2\/categories?post=13851"},{"taxonomy":"post_tag","embeddable":true,"href":"https:\/\/diariodeloeste.com\/noticias\/wp-json\/wp\/v2\/tags?post=13851"}],"curies":[{"name":"wp","href":"https:\/\/api.w.org\/{rel}","templated":true}]}}