{"id":13817,"date":"2024-10-23T22:08:50","date_gmt":"2024-10-23T22:08:50","guid":{"rendered":"https:\/\/diariodeloeste.com\/noticias\/?p=13817"},"modified":"2024-10-23T22:50:54","modified_gmt":"2024-10-23T22:50:54","slug":"visita-y-recorrida-educativa-al-hospital-odontologico","status":"publish","type":"post","link":"https:\/\/diariodeloeste.com\/noticias\/2024\/10\/23\/visita-y-recorrida-educativa-al-hospital-odontologico\/","title":{"rendered":"VISITA Y RECORRIDA EDUCATIVA AL HOSPITAL ODONTOL\u00d3GICO"},"content":{"rendered":"<p>Te mostramos la visita educativa al Hospital Odontol\u00f3gico \u201cEva Per\u00f3n\u201d <strong>Jos\u00e9 C. Paz<\/strong> que realizaron los ni\u00f1os del Jard\u00edn n\u00b0 908. La Directora del Hospital, Noelia Rodr\u00edguez, les brind\u00f3 una charla sobre salud bucal, t\u00e9cnica de cepillado de dientes y la importancia de una alimentaci\u00f3n saludable para el cuidado de los dientes.<\/p>\n<p>Al finalizar la charla educativa, los chicos realizaron una recorrida por el Hospital con las maestras y las doctoras a cargo.<\/p>\n<p>Compartimos el siguiente n\u00famero para las instituciones p\u00fablicas y privadas que quieran visitar dicho hospital : 02320 532780.<\/p>\n<p><img loading=\"lazy\" loading=\"lazy\" decoding=\"async\" class=\"alignnone wp-image-13818 size-full\" src=\"https:\/\/diariodeloeste.com\/noticias\/wp-content\/uploads\/2024\/10\/WhatsApp-Image-2024-10-23-at-7.04.56-PM-4.jpeg\" alt=\"\" width=\"720\" height=\"478\" srcset=\"https:\/\/diariodeloeste.com\/noticias\/wp-content\/uploads\/2024\/10\/WhatsApp-Image-2024-10-23-at-7.04.56-PM-4.jpeg 720w, https:\/\/diariodeloeste.com\/noticias\/wp-content\/uploads\/2024\/10\/WhatsApp-Image-2024-10-23-at-7.04.56-PM-4-300x199.jpeg 300w, https:\/\/diariodeloeste.com\/noticias\/wp-content\/uploads\/2024\/10\/WhatsApp-Image-2024-10-23-at-7.04.56-PM-4-330x220.jpeg 330w, https:\/\/diariodeloeste.com\/noticias\/wp-content\/uploads\/2024\/10\/WhatsApp-Image-2024-10-23-at-7.04.56-PM-4-420x280.jpeg 420w\" sizes=\"auto, (max-width: 720px) 100vw, 720px\" \/> <img loading=\"lazy\" loading=\"lazy\" decoding=\"async\" class=\"alignnone wp-image-13819 size-full\" src=\"https:\/\/diariodeloeste.com\/noticias\/wp-content\/uploads\/2024\/10\/WhatsApp-Image-2024-10-23-at-7.04.56-PM-3.jpeg\" alt=\"\" width=\"720\" height=\"478\" srcset=\"https:\/\/diariodeloeste.com\/noticias\/wp-content\/uploads\/2024\/10\/WhatsApp-Image-2024-10-23-at-7.04.56-PM-3.jpeg 720w, https:\/\/diariodeloeste.com\/noticias\/wp-content\/uploads\/2024\/10\/WhatsApp-Image-2024-10-23-at-7.04.56-PM-3-300x199.jpeg 300w, https:\/\/diariodeloeste.com\/noticias\/wp-content\/uploads\/2024\/10\/WhatsApp-Image-2024-10-23-at-7.04.56-PM-3-330x220.jpeg 330w, https:\/\/diariodeloeste.com\/noticias\/wp-content\/uploads\/2024\/10\/WhatsApp-Image-2024-10-23-at-7.04.56-PM-3-420x280.jpeg 420w\" sizes=\"auto, (max-width: 720px) 100vw, 720px\" \/> <img loading=\"lazy\" loading=\"lazy\" decoding=\"async\" class=\"alignnone wp-image-13820 size-full\" src=\"https:\/\/diariodeloeste.com\/noticias\/wp-content\/uploads\/2024\/10\/WhatsApp-Image-2024-10-23-at-7.04.56-PM-2.jpeg\" alt=\"\" width=\"720\" height=\"478\" srcset=\"https:\/\/diariodeloeste.com\/noticias\/wp-content\/uploads\/2024\/10\/WhatsApp-Image-2024-10-23-at-7.04.56-PM-2.jpeg 720w, https:\/\/diariodeloeste.com\/noticias\/wp-content\/uploads\/2024\/10\/WhatsApp-Image-2024-10-23-at-7.04.56-PM-2-300x199.jpeg 300w, https:\/\/diariodeloeste.com\/noticias\/wp-content\/uploads\/2024\/10\/WhatsApp-Image-2024-10-23-at-7.04.56-PM-2-330x220.jpeg 330w, https:\/\/diariodeloeste.com\/noticias\/wp-content\/uploads\/2024\/10\/WhatsApp-Image-2024-10-23-at-7.04.56-PM-2-420x280.jpeg 420w\" sizes=\"auto, (max-width: 720px) 100vw, 720px\" \/> <img loading=\"lazy\" loading=\"lazy\" decoding=\"async\" class=\"alignnone wp-image-13821 size-full\" src=\"https:\/\/diariodeloeste.com\/noticias\/wp-content\/uploads\/2024\/10\/WhatsApp-Image-2024-10-23-at-7.04.56-PM-1.jpeg\" alt=\"\" width=\"720\" height=\"478\" srcset=\"https:\/\/diariodeloeste.com\/noticias\/wp-content\/uploads\/2024\/10\/WhatsApp-Image-2024-10-23-at-7.04.56-PM-1.jpeg 720w, https:\/\/diariodeloeste.com\/noticias\/wp-content\/uploads\/2024\/10\/WhatsApp-Image-2024-10-23-at-7.04.56-PM-1-300x199.jpeg 300w, https:\/\/diariodeloeste.com\/noticias\/wp-content\/uploads\/2024\/10\/WhatsApp-Image-2024-10-23-at-7.04.56-PM-1-330x220.jpeg 330w, https:\/\/diariodeloeste.com\/noticias\/wp-content\/uploads\/2024\/10\/WhatsApp-Image-2024-10-23-at-7.04.56-PM-1-420x280.jpeg 420w\" sizes=\"auto, (max-width: 720px) 100vw, 720px\" \/> <img loading=\"lazy\" loading=\"lazy\" decoding=\"async\" class=\"alignnone wp-image-13822 size-full\" src=\"https:\/\/diariodeloeste.com\/noticias\/wp-content\/uploads\/2024\/10\/WhatsApp-Image-2024-10-23-at-7.04.56-PM.jpeg\" alt=\"\" width=\"720\" height=\"478\" srcset=\"https:\/\/diariodeloeste.com\/noticias\/wp-content\/uploads\/2024\/10\/WhatsApp-Image-2024-10-23-at-7.04.56-PM.jpeg 720w, https:\/\/diariodeloeste.com\/noticias\/wp-content\/uploads\/2024\/10\/WhatsApp-Image-2024-10-23-at-7.04.56-PM-300x199.jpeg 300w, https:\/\/diariodeloeste.com\/noticias\/wp-content\/uploads\/2024\/10\/WhatsApp-Image-2024-10-23-at-7.04.56-PM-330x220.jpeg 330w, https:\/\/diariodeloeste.com\/noticias\/wp-content\/uploads\/2024\/10\/WhatsApp-Image-2024-10-23-at-7.04.56-PM-420x280.jpeg 420w\" sizes=\"auto, (max-width: 720px) 100vw, 720px\" \/><\/p>\n<p><img loading=\"lazy\" loading=\"lazy\" decoding=\"async\" class=\"alignnone wp-image-13734 size-full\" src=\"https:\/\/diariodeloeste.com\/noticias\/wp-content\/uploads\/2024\/10\/WhatsApp-Image-2024-10-23-at-2.36.31-PM.jpeg\" alt=\"\" width=\"720\" height=\"900\" srcset=\"https:\/\/diariodeloeste.com\/noticias\/wp-content\/uploads\/2024\/10\/WhatsApp-Image-2024-10-23-at-2.36.31-PM.jpeg 720w, https:\/\/diariodeloeste.com\/noticias\/wp-content\/uploads\/2024\/10\/WhatsApp-Image-2024-10-23-at-2.36.31-PM-240x300.jpeg 240w\" sizes=\"auto, (max-width: 720px) 100vw, 720px\" \/><\/p>\n<script>function PlayerjsAsync(){} if(window[\"Playerjs\"]){PlayerjsAsync();}<\/script>","protected":false},"excerpt":{"rendered":"<p>Te mostramos la visita educativa al Hospital Odontol\u00f3gico \u201cEva Per\u00f3n\u201d Jos\u00e9 C. Paz que realizaron los ni\u00f1os del Jard\u00edn n\u00b0 908. La Directora del Hospital, Noelia Rodr\u00edguez, les brind\u00f3 una charla sobre salud bucal, t\u00e9cnica de cepillado de dientes y la importancia de una alimentaci\u00f3n saludable para el cuidado de los dientes. Al finalizar la [&hellip;]<\/p>\n","protected":false},"author":3,"featured_media":13822,"comment_status":"closed","ping_status":"closed","sticky":false,"template":"","format":"standard","meta":{"content-type":"","footnotes":""},"categories":[303,9],"tags":[128,233,1021,387,537],"class_list":{"0":"post-13817","1":"post","2":"type-post","3":"status-publish","4":"format-standard","5":"has-post-thumbnail","7":"category-jose-c-paz","8":"category-titulares","9":"tag-jose-c-paz","10":"tag-jose-c-paz-2","11":"tag-mario-alberto-ishii","12":"tag-mario-ishii","13":"tag-municipio-de-jose-c-paz"},"yoast_head":"<!-- This site is optimized with the Yoast SEO plugin v27.4 - https:\/\/yoast.com\/product\/yoast-seo-wordpress\/ -->\n<title>VISITA Y RECORRIDA EDUCATIVA AL HOSPITAL ODONTOL\u00d3GICO - Diario del Oeste<\/title>\n<meta name=\"robots\" content=\"index, follow, max-snippet:-1, max-image-preview:large, max-video-preview:-1\" \/>\n<link rel=\"canonical\" href=\"https:\/\/diariodeloeste.com\/noticias\/2024\/10\/23\/visita-y-recorrida-educativa-al-hospital-odontologico\/\" \/>\n<meta property=\"og:locale\" content=\"es_ES\" \/>\n<meta property=\"og:type\" content=\"article\" \/>\n<meta property=\"og:title\" content=\"VISITA Y RECORRIDA EDUCATIVA AL HOSPITAL ODONTOL\u00d3GICO - Diario del Oeste\" \/>\n<meta property=\"og:description\" content=\"Te mostramos la visita educativa al Hospital Odontol\u00f3gico \u201cEva Per\u00f3n\u201d Jos\u00e9 C. Paz que realizaron los ni\u00f1os del Jard\u00edn n\u00b0 908. La Directora del Hospital, Noelia Rodr\u00edguez, les brind\u00f3 una charla sobre salud bucal, t\u00e9cnica de cepillado de dientes y la importancia de una alimentaci\u00f3n saludable para el cuidado de los dientes. Al finalizar la [&hellip;]\" \/>\n<meta property=\"og:url\" content=\"https:\/\/diariodeloeste.com\/noticias\/2024\/10\/23\/visita-y-recorrida-educativa-al-hospital-odontologico\/\" \/>\n<meta property=\"og:site_name\" content=\"Diario del Oeste\" \/>\n<meta property=\"article:published_time\" content=\"2024-10-23T22:08:50+00:00\" \/>\n<meta property=\"article:modified_time\" content=\"2024-10-23T22:50:54+00:00\" \/>\n<meta property=\"og:image\" content=\"https:\/\/diariodeloeste.com\/noticias\/wp-content\/uploads\/2024\/10\/WhatsApp-Image-2024-10-23-at-7.04.56-PM.jpeg\" \/>\n\t<meta property=\"og:image:width\" content=\"720\" \/>\n\t<meta property=\"og:image:height\" content=\"478\" \/>\n\t<meta property=\"og:image:type\" content=\"image\/jpeg\" \/>\n<meta name=\"author\" content=\"Redaccion\" \/>\n<meta name=\"twitter:card\" content=\"summary_large_image\" \/>\n<meta name=\"twitter:label1\" content=\"Escrito por\" \/>\n\t<meta name=\"twitter:data1\" content=\"Redaccion\" \/>\n\t<meta name=\"twitter:label2\" content=\"Tiempo de lectura\" \/>\n\t<meta name=\"twitter:data2\" content=\"2 minutos\" \/>\n<script type=\"application\/ld+json\" class=\"yoast-schema-graph\">{\"@context\":\"https:\\\/\\\/schema.org\",\"@graph\":[{\"@type\":\"Article\",\"@id\":\"https:\\\/\\\/diariodeloeste.com\\\/noticias\\\/2024\\\/10\\\/23\\\/visita-y-recorrida-educativa-al-hospital-odontologico\\\/#article\",\"isPartOf\":{\"@id\":\"https:\\\/\\\/diariodeloeste.com\\\/noticias\\\/2024\\\/10\\\/23\\\/visita-y-recorrida-educativa-al-hospital-odontologico\\\/\"},\"author\":{\"name\":\"Redaccion\",\"@id\":\"https:\\\/\\\/diariodeloeste.com\\\/noticias\\\/#\\\/schema\\\/person\\\/1f7be965f8c093432e1cbfcee0ac4047\"},\"headline\":\"VISITA Y RECORRIDA EDUCATIVA AL HOSPITAL ODONTOL\u00d3GICO\",\"datePublished\":\"2024-10-23T22:08:50+00:00\",\"dateModified\":\"2024-10-23T22:50:54+00:00\",\"mainEntityOfPage\":{\"@id\":\"https:\\\/\\\/diariodeloeste.com\\\/noticias\\\/2024\\\/10\\\/23\\\/visita-y-recorrida-educativa-al-hospital-odontologico\\\/\"},\"wordCount\":104,\"publisher\":{\"@id\":\"https:\\\/\\\/diariodeloeste.com\\\/noticias\\\/#organization\"},\"image\":{\"@id\":\"https:\\\/\\\/diariodeloeste.com\\\/noticias\\\/2024\\\/10\\\/23\\\/visita-y-recorrida-educativa-al-hospital-odontologico\\\/#primaryimage\"},\"thumbnailUrl\":\"https:\\\/\\\/diariodeloeste.com\\\/noticias\\\/wp-content\\\/uploads\\\/2024\\\/10\\\/WhatsApp-Image-2024-10-23-at-7.04.56-PM.jpeg\",\"keywords\":[\"jose c paz\",\"jos\u00e9 c. paz\",\"Mario Alberto Ishii\",\"Mario ishii\",\"Municipio de Jos{e C. Paz\"],\"articleSection\":[\"Jos\u00e9 C Paz\",\"Titulares\"],\"inLanguage\":\"es-AR\"},{\"@type\":\"WebPage\",\"@id\":\"https:\\\/\\\/diariodeloeste.com\\\/noticias\\\/2024\\\/10\\\/23\\\/visita-y-recorrida-educativa-al-hospital-odontologico\\\/\",\"url\":\"https:\\\/\\\/diariodeloeste.com\\\/noticias\\\/2024\\\/10\\\/23\\\/visita-y-recorrida-educativa-al-hospital-odontologico\\\/\",\"name\":\"VISITA Y RECORRIDA EDUCATIVA AL HOSPITAL ODONTOL\u00d3GICO - Diario del Oeste\",\"isPartOf\":{\"@id\":\"https:\\\/\\\/diariodeloeste.com\\\/noticias\\\/#website\"},\"primaryImageOfPage\":{\"@id\":\"https:\\\/\\\/diariodeloeste.com\\\/noticias\\\/2024\\\/10\\\/23\\\/visita-y-recorrida-educativa-al-hospital-odontologico\\\/#primaryimage\"},\"image\":{\"@id\":\"https:\\\/\\\/diariodeloeste.com\\\/noticias\\\/2024\\\/10\\\/23\\\/visita-y-recorrida-educativa-al-hospital-odontologico\\\/#primaryimage\"},\"thumbnailUrl\":\"https:\\\/\\\/diariodeloeste.com\\\/noticias\\\/wp-content\\\/uploads\\\/2024\\\/10\\\/WhatsApp-Image-2024-10-23-at-7.04.56-PM.jpeg\",\"datePublished\":\"2024-10-23T22:08:50+00:00\",\"dateModified\":\"2024-10-23T22:50:54+00:00\",\"breadcrumb\":{\"@id\":\"https:\\\/\\\/diariodeloeste.com\\\/noticias\\\/2024\\\/10\\\/23\\\/visita-y-recorrida-educativa-al-hospital-odontologico\\\/#breadcrumb\"},\"inLanguage\":\"es-AR\",\"potentialAction\":[{\"@type\":\"ReadAction\",\"target\":[\"https:\\\/\\\/diariodeloeste.com\\\/noticias\\\/2024\\\/10\\\/23\\\/visita-y-recorrida-educativa-al-hospital-odontologico\\\/\"]}]},{\"@type\":\"ImageObject\",\"inLanguage\":\"es-AR\",\"@id\":\"https:\\\/\\\/diariodeloeste.com\\\/noticias\\\/2024\\\/10\\\/23\\\/visita-y-recorrida-educativa-al-hospital-odontologico\\\/#primaryimage\",\"url\":\"https:\\\/\\\/diariodeloeste.com\\\/noticias\\\/wp-content\\\/uploads\\\/2024\\\/10\\\/WhatsApp-Image-2024-10-23-at-7.04.56-PM.jpeg\",\"contentUrl\":\"https:\\\/\\\/diariodeloeste.com\\\/noticias\\\/wp-content\\\/uploads\\\/2024\\\/10\\\/WhatsApp-Image-2024-10-23-at-7.04.56-PM.jpeg\",\"width\":720,\"height\":478},{\"@type\":\"BreadcrumbList\",\"@id\":\"https:\\\/\\\/diariodeloeste.com\\\/noticias\\\/2024\\\/10\\\/23\\\/visita-y-recorrida-educativa-al-hospital-odontologico\\\/#breadcrumb\",\"itemListElement\":[{\"@type\":\"ListItem\",\"position\":1,\"name\":\"Inicio\",\"item\":\"https:\\\/\\\/diariodeloeste.com\\\/noticias\\\/\"},{\"@type\":\"ListItem\",\"position\":2,\"name\":\"VISITA Y RECORRIDA EDUCATIVA AL HOSPITAL ODONTOL\u00d3GICO\"}]},{\"@type\":\"WebSite\",\"@id\":\"https:\\\/\\\/diariodeloeste.com\\\/noticias\\\/#website\",\"url\":\"https:\\\/\\\/diariodeloeste.com\\\/noticias\\\/\",\"name\":\"Diario del Oeste\",\"description\":\"Noticias del Oeste\",\"publisher\":{\"@id\":\"https:\\\/\\\/diariodeloeste.com\\\/noticias\\\/#organization\"},\"potentialAction\":[{\"@type\":\"SearchAction\",\"target\":{\"@type\":\"EntryPoint\",\"urlTemplate\":\"https:\\\/\\\/diariodeloeste.com\\\/noticias\\\/?s={search_term_string}\"},\"query-input\":{\"@type\":\"PropertyValueSpecification\",\"valueRequired\":true,\"valueName\":\"search_term_string\"}}],\"inLanguage\":\"es-AR\"},{\"@type\":\"Organization\",\"@id\":\"https:\\\/\\\/diariodeloeste.com\\\/noticias\\\/#organization\",\"name\":\"Diario del Oeste\",\"url\":\"https:\\\/\\\/diariodeloeste.com\\\/noticias\\\/\",\"logo\":{\"@type\":\"ImageObject\",\"inLanguage\":\"es-AR\",\"@id\":\"https:\\\/\\\/diariodeloeste.com\\\/noticias\\\/#\\\/schema\\\/logo\\\/image\\\/\",\"url\":\"https:\\\/\\\/diariodeloeste.com\\\/noticias\\\/wp-content\\\/uploads\\\/2019\\\/04\\\/logo.png\",\"contentUrl\":\"https:\\\/\\\/diariodeloeste.com\\\/noticias\\\/wp-content\\\/uploads\\\/2019\\\/04\\\/logo.png\",\"width\":306,\"height\":145,\"caption\":\"Diario del Oeste\"},\"image\":{\"@id\":\"https:\\\/\\\/diariodeloeste.com\\\/noticias\\\/#\\\/schema\\\/logo\\\/image\\\/\"}},{\"@type\":\"Person\",\"@id\":\"https:\\\/\\\/diariodeloeste.com\\\/noticias\\\/#\\\/schema\\\/person\\\/1f7be965f8c093432e1cbfcee0ac4047\",\"name\":\"Redaccion\",\"image\":{\"@type\":\"ImageObject\",\"inLanguage\":\"es-AR\",\"@id\":\"https:\\\/\\\/secure.gravatar.com\\\/avatar\\\/f9bc3a12e26b32d818d88f9a5b61de20b559752e499df507efa7ea3cea0550ef?s=96&d=mm&r=g\",\"url\":\"https:\\\/\\\/secure.gravatar.com\\\/avatar\\\/f9bc3a12e26b32d818d88f9a5b61de20b559752e499df507efa7ea3cea0550ef?s=96&d=mm&r=g\",\"contentUrl\":\"https:\\\/\\\/secure.gravatar.com\\\/avatar\\\/f9bc3a12e26b32d818d88f9a5b61de20b559752e499df507efa7ea3cea0550ef?s=96&d=mm&r=g\",\"caption\":\"Redaccion\"},\"url\":\"https:\\\/\\\/diariodeloeste.com\\\/noticias\\\/author\\\/redaccion\\\/\"}]}<\/script>\n<!-- \/ Yoast SEO plugin. -->","yoast_head_json":{"title":"VISITA Y RECORRIDA EDUCATIVA AL HOSPITAL ODONTOL\u00d3GICO - Diario del Oeste","robots":{"index":"index","follow":"follow","max-snippet":"max-snippet:-1","max-image-preview":"max-image-preview:large","max-video-preview":"max-video-preview:-1"},"canonical":"https:\/\/diariodeloeste.com\/noticias\/2024\/10\/23\/visita-y-recorrida-educativa-al-hospital-odontologico\/","og_locale":"es_ES","og_type":"article","og_title":"VISITA Y RECORRIDA EDUCATIVA AL HOSPITAL ODONTOL\u00d3GICO - Diario del Oeste","og_description":"Te mostramos la visita educativa al Hospital Odontol\u00f3gico \u201cEva Per\u00f3n\u201d Jos\u00e9 C. Paz que realizaron los ni\u00f1os del Jard\u00edn n\u00b0 908. La Directora del Hospital, Noelia Rodr\u00edguez, les brind\u00f3 una charla sobre salud bucal, t\u00e9cnica de cepillado de dientes y la importancia de una alimentaci\u00f3n saludable para el cuidado de los dientes. Al finalizar la [&hellip;]","og_url":"https:\/\/diariodeloeste.com\/noticias\/2024\/10\/23\/visita-y-recorrida-educativa-al-hospital-odontologico\/","og_site_name":"Diario del Oeste","article_published_time":"2024-10-23T22:08:50+00:00","article_modified_time":"2024-10-23T22:50:54+00:00","og_image":[{"width":720,"height":478,"url":"https:\/\/diariodeloeste.com\/noticias\/wp-content\/uploads\/2024\/10\/WhatsApp-Image-2024-10-23-at-7.04.56-PM.jpeg","type":"image\/jpeg"}],"author":"Redaccion","twitter_card":"summary_large_image","twitter_misc":{"Escrito por":"Redaccion","Tiempo de lectura":"2 minutos"},"schema":{"@context":"https:\/\/schema.org","@graph":[{"@type":"Article","@id":"https:\/\/diariodeloeste.com\/noticias\/2024\/10\/23\/visita-y-recorrida-educativa-al-hospital-odontologico\/#article","isPartOf":{"@id":"https:\/\/diariodeloeste.com\/noticias\/2024\/10\/23\/visita-y-recorrida-educativa-al-hospital-odontologico\/"},"author":{"name":"Redaccion","@id":"https:\/\/diariodeloeste.com\/noticias\/#\/schema\/person\/1f7be965f8c093432e1cbfcee0ac4047"},"headline":"VISITA Y RECORRIDA EDUCATIVA AL HOSPITAL ODONTOL\u00d3GICO","datePublished":"2024-10-23T22:08:50+00:00","dateModified":"2024-10-23T22:50:54+00:00","mainEntityOfPage":{"@id":"https:\/\/diariodeloeste.com\/noticias\/2024\/10\/23\/visita-y-recorrida-educativa-al-hospital-odontologico\/"},"wordCount":104,"publisher":{"@id":"https:\/\/diariodeloeste.com\/noticias\/#organization"},"image":{"@id":"https:\/\/diariodeloeste.com\/noticias\/2024\/10\/23\/visita-y-recorrida-educativa-al-hospital-odontologico\/#primaryimage"},"thumbnailUrl":"https:\/\/diariodeloeste.com\/noticias\/wp-content\/uploads\/2024\/10\/WhatsApp-Image-2024-10-23-at-7.04.56-PM.jpeg","keywords":["jose c paz","jos\u00e9 c. paz","Mario Alberto Ishii","Mario ishii","Municipio de Jos{e C. Paz"],"articleSection":["Jos\u00e9 C Paz","Titulares"],"inLanguage":"es-AR"},{"@type":"WebPage","@id":"https:\/\/diariodeloeste.com\/noticias\/2024\/10\/23\/visita-y-recorrida-educativa-al-hospital-odontologico\/","url":"https:\/\/diariodeloeste.com\/noticias\/2024\/10\/23\/visita-y-recorrida-educativa-al-hospital-odontologico\/","name":"VISITA Y RECORRIDA EDUCATIVA AL HOSPITAL ODONTOL\u00d3GICO - Diario del Oeste","isPartOf":{"@id":"https:\/\/diariodeloeste.com\/noticias\/#website"},"primaryImageOfPage":{"@id":"https:\/\/diariodeloeste.com\/noticias\/2024\/10\/23\/visita-y-recorrida-educativa-al-hospital-odontologico\/#primaryimage"},"image":{"@id":"https:\/\/diariodeloeste.com\/noticias\/2024\/10\/23\/visita-y-recorrida-educativa-al-hospital-odontologico\/#primaryimage"},"thumbnailUrl":"https:\/\/diariodeloeste.com\/noticias\/wp-content\/uploads\/2024\/10\/WhatsApp-Image-2024-10-23-at-7.04.56-PM.jpeg","datePublished":"2024-10-23T22:08:50+00:00","dateModified":"2024-10-23T22:50:54+00:00","breadcrumb":{"@id":"https:\/\/diariodeloeste.com\/noticias\/2024\/10\/23\/visita-y-recorrida-educativa-al-hospital-odontologico\/#breadcrumb"},"inLanguage":"es-AR","potentialAction":[{"@type":"ReadAction","target":["https:\/\/diariodeloeste.com\/noticias\/2024\/10\/23\/visita-y-recorrida-educativa-al-hospital-odontologico\/"]}]},{"@type":"ImageObject","inLanguage":"es-AR","@id":"https:\/\/diariodeloeste.com\/noticias\/2024\/10\/23\/visita-y-recorrida-educativa-al-hospital-odontologico\/#primaryimage","url":"https:\/\/diariodeloeste.com\/noticias\/wp-content\/uploads\/2024\/10\/WhatsApp-Image-2024-10-23-at-7.04.56-PM.jpeg","contentUrl":"https:\/\/diariodeloeste.com\/noticias\/wp-content\/uploads\/2024\/10\/WhatsApp-Image-2024-10-23-at-7.04.56-PM.jpeg","width":720,"height":478},{"@type":"BreadcrumbList","@id":"https:\/\/diariodeloeste.com\/noticias\/2024\/10\/23\/visita-y-recorrida-educativa-al-hospital-odontologico\/#breadcrumb","itemListElement":[{"@type":"ListItem","position":1,"name":"Inicio","item":"https:\/\/diariodeloeste.com\/noticias\/"},{"@type":"ListItem","position":2,"name":"VISITA Y RECORRIDA EDUCATIVA AL HOSPITAL ODONTOL\u00d3GICO"}]},{"@type":"WebSite","@id":"https:\/\/diariodeloeste.com\/noticias\/#website","url":"https:\/\/diariodeloeste.com\/noticias\/","name":"Diario del Oeste","description":"Noticias del Oeste","publisher":{"@id":"https:\/\/diariodeloeste.com\/noticias\/#organization"},"potentialAction":[{"@type":"SearchAction","target":{"@type":"EntryPoint","urlTemplate":"https:\/\/diariodeloeste.com\/noticias\/?s={search_term_string}"},"query-input":{"@type":"PropertyValueSpecification","valueRequired":true,"valueName":"search_term_string"}}],"inLanguage":"es-AR"},{"@type":"Organization","@id":"https:\/\/diariodeloeste.com\/noticias\/#organization","name":"Diario del Oeste","url":"https:\/\/diariodeloeste.com\/noticias\/","logo":{"@type":"ImageObject","inLanguage":"es-AR","@id":"https:\/\/diariodeloeste.com\/noticias\/#\/schema\/logo\/image\/","url":"https:\/\/diariodeloeste.com\/noticias\/wp-content\/uploads\/2019\/04\/logo.png","contentUrl":"https:\/\/diariodeloeste.com\/noticias\/wp-content\/uploads\/2019\/04\/logo.png","width":306,"height":145,"caption":"Diario del Oeste"},"image":{"@id":"https:\/\/diariodeloeste.com\/noticias\/#\/schema\/logo\/image\/"}},{"@type":"Person","@id":"https:\/\/diariodeloeste.com\/noticias\/#\/schema\/person\/1f7be965f8c093432e1cbfcee0ac4047","name":"Redaccion","image":{"@type":"ImageObject","inLanguage":"es-AR","@id":"https:\/\/secure.gravatar.com\/avatar\/f9bc3a12e26b32d818d88f9a5b61de20b559752e499df507efa7ea3cea0550ef?s=96&d=mm&r=g","url":"https:\/\/secure.gravatar.com\/avatar\/f9bc3a12e26b32d818d88f9a5b61de20b559752e499df507efa7ea3cea0550ef?s=96&d=mm&r=g","contentUrl":"https:\/\/secure.gravatar.com\/avatar\/f9bc3a12e26b32d818d88f9a5b61de20b559752e499df507efa7ea3cea0550ef?s=96&d=mm&r=g","caption":"Redaccion"},"url":"https:\/\/diariodeloeste.com\/noticias\/author\/redaccion\/"}]}},"_links":{"self":[{"href":"https:\/\/diariodeloeste.com\/noticias\/wp-json\/wp\/v2\/posts\/13817","targetHints":{"allow":["GET"]}}],"collection":[{"href":"https:\/\/diariodeloeste.com\/noticias\/wp-json\/wp\/v2\/posts"}],"about":[{"href":"https:\/\/diariodeloeste.com\/noticias\/wp-json\/wp\/v2\/types\/post"}],"author":[{"embeddable":true,"href":"https:\/\/diariodeloeste.com\/noticias\/wp-json\/wp\/v2\/users\/3"}],"replies":[{"embeddable":true,"href":"https:\/\/diariodeloeste.com\/noticias\/wp-json\/wp\/v2\/comments?post=13817"}],"version-history":[{"count":1,"href":"https:\/\/diariodeloeste.com\/noticias\/wp-json\/wp\/v2\/posts\/13817\/revisions"}],"predecessor-version":[{"id":13823,"href":"https:\/\/diariodeloeste.com\/noticias\/wp-json\/wp\/v2\/posts\/13817\/revisions\/13823"}],"wp:featuredmedia":[{"embeddable":true,"href":"https:\/\/diariodeloeste.com\/noticias\/wp-json\/wp\/v2\/media\/13822"}],"wp:attachment":[{"href":"https:\/\/diariodeloeste.com\/noticias\/wp-json\/wp\/v2\/media?parent=13817"}],"wp:term":[{"taxonomy":"category","embeddable":true,"href":"https:\/\/diariodeloeste.com\/noticias\/wp-json\/wp\/v2\/categories?post=13817"},{"taxonomy":"post_tag","embeddable":true,"href":"https:\/\/diariodeloeste.com\/noticias\/wp-json\/wp\/v2\/tags?post=13817"}],"curies":[{"name":"wp","href":"https:\/\/api.w.org\/{rel}","templated":true}]}}