{"id":13181,"date":"2024-09-25T21:52:54","date_gmt":"2024-09-25T21:52:54","guid":{"rendered":"https:\/\/diariodeloeste.com\/noticias\/?p=13181"},"modified":"2024-09-25T21:56:26","modified_gmt":"2024-09-25T21:56:26","slug":"miles-de-vecinos-disfrutaron-el-tradicional-festejo-del-dia-de-la-primavera-y-del-estudiante-en-jose-c-paz","status":"publish","type":"post","link":"https:\/\/diariodeloeste.com\/noticias\/2024\/09\/25\/miles-de-vecinos-disfrutaron-el-tradicional-festejo-del-dia-de-la-primavera-y-del-estudiante-en-jose-c-paz\/","title":{"rendered":"MILES DE VECINOS DISFRUTARON EL TRADICIONAL FESTEJO DEL D\u00cdA DE LA PRIMAVERA Y DEL ESTUDIANTE EN JOS\u00c9 C. PAZ"},"content":{"rendered":"<p><strong>Jos\u00e9 C. Paz<\/strong>, s\u00e1bado 21 de septiembre 2024.- El Intendente de <strong>Jos\u00e9 C. Paz, Mario Ishii<\/strong>, estuvo presente en la festividad que se celebra cada a\u00f1o, el D\u00eda de la Primavera y D\u00eda del Estudiante en <strong>Jos\u00e9 C. Paz<\/strong>. Un cl\u00e1sico del distrito donde se acercan miles de j\u00f3venes, vecinos y familias de la regi\u00f3n con un saludable entretenimiento bajo la premisa 100% sin alcohol.<\/p>\n<p>En esta vig\u00e9sima edici\u00f3n y con un clima primaveral en las instalaciones del Centro Tradicionalista \u201cEl Fiador\u201d, miles de vecinos pace\u00f1os y de la regi\u00f3n, pudieron disfrutar gratuitamente de artistas locales como An\u00f3nimos Rock; May Creizy; Melanie; G\u00e9nesis y muchos m\u00e1s. Los bailarines del grupo de Ballet Folcl\u00f3rico y la Orquesta Sinf\u00f3nica Municipal arrancaron la actividad desde el mediod\u00eda.<\/p>\n<p>De la movida tropical Combo Kumbiero; Alkal\u00e1; Sonora Dinamita; <strong>Chili Fern\u00e1ndez; Roc\u00edo Quir\u00f3z; Flor \u00c1lvarez; BM y cerrando el show El Loco Amato<\/strong> de la provincia cordobesa; la conducci\u00f3n estuvo acompa\u00f1ada por el gran carisma y energ\u00eda de Luis Greco, la profesionalidad del <strong>\u201cLoco\u201d Iv\u00e1n y Fabi\u00e1n Banchero<\/strong>.<\/p>\n<p>En uno de los eventos m\u00e1s tradicionales y multitudinarios del partido cientos de familias participaron y acompa\u00f1aron hasta finalizar cerca de la medianoche.<\/p>\n<p>La actividad desarrollada por la <strong>Municipalidad de Jos\u00e9 C. Paz<\/strong> y el trabajo mancomunado de las secretar\u00edas de Seguridad, Tr\u00e1nsito y seguridad vial, Defensa Civil, Gobierno, Salud, Deportes, Desarrollo Social, Deportes, Privada, trabajos de prevenci\u00f3n ciudadana como Polic\u00eda Local y Bomberos permitiendo que se desarrolle todo con normalidad.<\/p>\n<p>Para el intendente <strong>Mario Ishii<\/strong> es fundamental los derechos de inclusi\u00f3n social y sana diversi\u00f3n en los j\u00f3venes de la ciudad, poniendo \u00e9nfasis en la educaci\u00f3n, salud, cultura popular y participaci\u00f3n como construcci\u00f3n de ciudadan\u00eda.<\/p>\n<p><img loading=\"lazy\" loading=\"lazy\" decoding=\"async\" class=\"alignnone wp-image-13182 size-large\" src=\"https:\/\/diariodeloeste.com\/noticias\/wp-content\/uploads\/2024\/09\/WhatsApp-Image-2024-09-25-at-6.21.48-PM-3-1024x512.jpeg\" alt=\"\" width=\"1024\" height=\"512\" srcset=\"https:\/\/diariodeloeste.com\/noticias\/wp-content\/uploads\/2024\/09\/WhatsApp-Image-2024-09-25-at-6.21.48-PM-3-1024x512.jpeg 1024w, https:\/\/diariodeloeste.com\/noticias\/wp-content\/uploads\/2024\/09\/WhatsApp-Image-2024-09-25-at-6.21.48-PM-3-300x150.jpeg 300w, https:\/\/diariodeloeste.com\/noticias\/wp-content\/uploads\/2024\/09\/WhatsApp-Image-2024-09-25-at-6.21.48-PM-3-768x384.jpeg 768w, https:\/\/diariodeloeste.com\/noticias\/wp-content\/uploads\/2024\/09\/WhatsApp-Image-2024-09-25-at-6.21.48-PM-3-860x430.jpeg 860w, https:\/\/diariodeloeste.com\/noticias\/wp-content\/uploads\/2024\/09\/WhatsApp-Image-2024-09-25-at-6.21.48-PM-3.jpeg 1280w\" sizes=\"auto, (max-width: 1024px) 100vw, 1024px\" \/> <img loading=\"lazy\" loading=\"lazy\" decoding=\"async\" class=\"alignnone wp-image-13183 size-large\" src=\"https:\/\/diariodeloeste.com\/noticias\/wp-content\/uploads\/2024\/09\/WhatsApp-Image-2024-09-25-at-6.21.48-PM-2-1024x684.jpeg\" alt=\"\" width=\"1024\" height=\"684\" srcset=\"https:\/\/diariodeloeste.com\/noticias\/wp-content\/uploads\/2024\/09\/WhatsApp-Image-2024-09-25-at-6.21.48-PM-2-1024x684.jpeg 1024w, https:\/\/diariodeloeste.com\/noticias\/wp-content\/uploads\/2024\/09\/WhatsApp-Image-2024-09-25-at-6.21.48-PM-2-300x200.jpeg 300w, https:\/\/diariodeloeste.com\/noticias\/wp-content\/uploads\/2024\/09\/WhatsApp-Image-2024-09-25-at-6.21.48-PM-2-768x513.jpeg 768w, https:\/\/diariodeloeste.com\/noticias\/wp-content\/uploads\/2024\/09\/WhatsApp-Image-2024-09-25-at-6.21.48-PM-2-330x220.jpeg 330w, https:\/\/diariodeloeste.com\/noticias\/wp-content\/uploads\/2024\/09\/WhatsApp-Image-2024-09-25-at-6.21.48-PM-2-420x280.jpeg 420w, https:\/\/diariodeloeste.com\/noticias\/wp-content\/uploads\/2024\/09\/WhatsApp-Image-2024-09-25-at-6.21.48-PM-2-615x410.jpeg 615w, https:\/\/diariodeloeste.com\/noticias\/wp-content\/uploads\/2024\/09\/WhatsApp-Image-2024-09-25-at-6.21.48-PM-2-860x574.jpeg 860w, https:\/\/diariodeloeste.com\/noticias\/wp-content\/uploads\/2024\/09\/WhatsApp-Image-2024-09-25-at-6.21.48-PM-2.jpeg 1280w\" sizes=\"auto, (max-width: 1024px) 100vw, 1024px\" \/> <img loading=\"lazy\" loading=\"lazy\" decoding=\"async\" class=\"alignnone wp-image-13184 size-large\" src=\"https:\/\/diariodeloeste.com\/noticias\/wp-content\/uploads\/2024\/09\/WhatsApp-Image-2024-09-25-at-6.21.48-PM-1-1024x681.jpeg\" alt=\"\" width=\"1024\" height=\"681\" srcset=\"https:\/\/diariodeloeste.com\/noticias\/wp-content\/uploads\/2024\/09\/WhatsApp-Image-2024-09-25-at-6.21.48-PM-1-1024x681.jpeg 1024w, https:\/\/diariodeloeste.com\/noticias\/wp-content\/uploads\/2024\/09\/WhatsApp-Image-2024-09-25-at-6.21.48-PM-1-300x199.jpeg 300w, https:\/\/diariodeloeste.com\/noticias\/wp-content\/uploads\/2024\/09\/WhatsApp-Image-2024-09-25-at-6.21.48-PM-1-768x511.jpeg 768w, https:\/\/diariodeloeste.com\/noticias\/wp-content\/uploads\/2024\/09\/WhatsApp-Image-2024-09-25-at-6.21.48-PM-1-330x220.jpeg 330w, https:\/\/diariodeloeste.com\/noticias\/wp-content\/uploads\/2024\/09\/WhatsApp-Image-2024-09-25-at-6.21.48-PM-1-420x280.jpeg 420w, https:\/\/diariodeloeste.com\/noticias\/wp-content\/uploads\/2024\/09\/WhatsApp-Image-2024-09-25-at-6.21.48-PM-1-615x410.jpeg 615w, https:\/\/diariodeloeste.com\/noticias\/wp-content\/uploads\/2024\/09\/WhatsApp-Image-2024-09-25-at-6.21.48-PM-1-860x572.jpeg 860w, https:\/\/diariodeloeste.com\/noticias\/wp-content\/uploads\/2024\/09\/WhatsApp-Image-2024-09-25-at-6.21.48-PM-1.jpeg 1280w\" sizes=\"auto, (max-width: 1024px) 100vw, 1024px\" \/> <img loading=\"lazy\" loading=\"lazy\" decoding=\"async\" class=\"alignnone wp-image-13185 size-large\" src=\"https:\/\/diariodeloeste.com\/noticias\/wp-content\/uploads\/2024\/09\/WhatsApp-Image-2024-09-25-at-6.21.48-PM-1024x682.jpeg\" alt=\"\" width=\"1024\" height=\"682\" srcset=\"https:\/\/diariodeloeste.com\/noticias\/wp-content\/uploads\/2024\/09\/WhatsApp-Image-2024-09-25-at-6.21.48-PM-1024x682.jpeg 1024w, https:\/\/diariodeloeste.com\/noticias\/wp-content\/uploads\/2024\/09\/WhatsApp-Image-2024-09-25-at-6.21.48-PM-300x200.jpeg 300w, https:\/\/diariodeloeste.com\/noticias\/wp-content\/uploads\/2024\/09\/WhatsApp-Image-2024-09-25-at-6.21.48-PM-768x512.jpeg 768w, https:\/\/diariodeloeste.com\/noticias\/wp-content\/uploads\/2024\/09\/WhatsApp-Image-2024-09-25-at-6.21.48-PM-330x220.jpeg 330w, https:\/\/diariodeloeste.com\/noticias\/wp-content\/uploads\/2024\/09\/WhatsApp-Image-2024-09-25-at-6.21.48-PM-420x280.jpeg 420w, https:\/\/diariodeloeste.com\/noticias\/wp-content\/uploads\/2024\/09\/WhatsApp-Image-2024-09-25-at-6.21.48-PM-615x410.jpeg 615w, https:\/\/diariodeloeste.com\/noticias\/wp-content\/uploads\/2024\/09\/WhatsApp-Image-2024-09-25-at-6.21.48-PM-860x573.jpeg 860w, https:\/\/diariodeloeste.com\/noticias\/wp-content\/uploads\/2024\/09\/WhatsApp-Image-2024-09-25-at-6.21.48-PM.jpeg 1280w\" sizes=\"auto, (max-width: 1024px) 100vw, 1024px\" \/> <img loading=\"lazy\" loading=\"lazy\" decoding=\"async\" class=\"alignnone wp-image-13186 size-large\" src=\"https:\/\/diariodeloeste.com\/noticias\/wp-content\/uploads\/2024\/09\/WhatsApp-Image-2024-09-25-at-6.21.47-PM-2-1024x682.jpeg\" alt=\"\" width=\"1024\" height=\"682\" srcset=\"https:\/\/diariodeloeste.com\/noticias\/wp-content\/uploads\/2024\/09\/WhatsApp-Image-2024-09-25-at-6.21.47-PM-2-1024x682.jpeg 1024w, https:\/\/diariodeloeste.com\/noticias\/wp-content\/uploads\/2024\/09\/WhatsApp-Image-2024-09-25-at-6.21.47-PM-2-300x200.jpeg 300w, https:\/\/diariodeloeste.com\/noticias\/wp-content\/uploads\/2024\/09\/WhatsApp-Image-2024-09-25-at-6.21.47-PM-2-768x512.jpeg 768w, https:\/\/diariodeloeste.com\/noticias\/wp-content\/uploads\/2024\/09\/WhatsApp-Image-2024-09-25-at-6.21.47-PM-2-330x220.jpeg 330w, https:\/\/diariodeloeste.com\/noticias\/wp-content\/uploads\/2024\/09\/WhatsApp-Image-2024-09-25-at-6.21.47-PM-2-420x280.jpeg 420w, https:\/\/diariodeloeste.com\/noticias\/wp-content\/uploads\/2024\/09\/WhatsApp-Image-2024-09-25-at-6.21.47-PM-2-615x410.jpeg 615w, https:\/\/diariodeloeste.com\/noticias\/wp-content\/uploads\/2024\/09\/WhatsApp-Image-2024-09-25-at-6.21.47-PM-2-860x573.jpeg 860w, https:\/\/diariodeloeste.com\/noticias\/wp-content\/uploads\/2024\/09\/WhatsApp-Image-2024-09-25-at-6.21.47-PM-2.jpeg 1280w\" sizes=\"auto, (max-width: 1024px) 100vw, 1024px\" \/> <img loading=\"lazy\" loading=\"lazy\" decoding=\"async\" class=\"alignnone wp-image-13187 size-large\" src=\"https:\/\/diariodeloeste.com\/noticias\/wp-content\/uploads\/2024\/09\/WhatsApp-Image-2024-09-25-at-6.21.47-PM-1-1024x681.jpeg\" alt=\"\" width=\"1024\" height=\"681\" srcset=\"https:\/\/diariodeloeste.com\/noticias\/wp-content\/uploads\/2024\/09\/WhatsApp-Image-2024-09-25-at-6.21.47-PM-1-1024x681.jpeg 1024w, https:\/\/diariodeloeste.com\/noticias\/wp-content\/uploads\/2024\/09\/WhatsApp-Image-2024-09-25-at-6.21.47-PM-1-300x199.jpeg 300w, https:\/\/diariodeloeste.com\/noticias\/wp-content\/uploads\/2024\/09\/WhatsApp-Image-2024-09-25-at-6.21.47-PM-1-768x511.jpeg 768w, https:\/\/diariodeloeste.com\/noticias\/wp-content\/uploads\/2024\/09\/WhatsApp-Image-2024-09-25-at-6.21.47-PM-1-330x220.jpeg 330w, https:\/\/diariodeloeste.com\/noticias\/wp-content\/uploads\/2024\/09\/WhatsApp-Image-2024-09-25-at-6.21.47-PM-1-420x280.jpeg 420w, https:\/\/diariodeloeste.com\/noticias\/wp-content\/uploads\/2024\/09\/WhatsApp-Image-2024-09-25-at-6.21.47-PM-1-615x410.jpeg 615w, https:\/\/diariodeloeste.com\/noticias\/wp-content\/uploads\/2024\/09\/WhatsApp-Image-2024-09-25-at-6.21.47-PM-1-860x572.jpeg 860w, https:\/\/diariodeloeste.com\/noticias\/wp-content\/uploads\/2024\/09\/WhatsApp-Image-2024-09-25-at-6.21.47-PM-1.jpeg 1280w\" sizes=\"auto, (max-width: 1024px) 100vw, 1024px\" \/> <img loading=\"lazy\" loading=\"lazy\" decoding=\"async\" class=\"alignnone wp-image-13188 size-large\" src=\"https:\/\/diariodeloeste.com\/noticias\/wp-content\/uploads\/2024\/09\/WhatsApp-Image-2024-09-25-at-6.21.47-PM-1024x684.jpeg\" alt=\"\" width=\"1024\" height=\"684\" srcset=\"https:\/\/diariodeloeste.com\/noticias\/wp-content\/uploads\/2024\/09\/WhatsApp-Image-2024-09-25-at-6.21.47-PM-1024x684.jpeg 1024w, https:\/\/diariodeloeste.com\/noticias\/wp-content\/uploads\/2024\/09\/WhatsApp-Image-2024-09-25-at-6.21.47-PM-300x200.jpeg 300w, https:\/\/diariodeloeste.com\/noticias\/wp-content\/uploads\/2024\/09\/WhatsApp-Image-2024-09-25-at-6.21.47-PM-768x513.jpeg 768w, https:\/\/diariodeloeste.com\/noticias\/wp-content\/uploads\/2024\/09\/WhatsApp-Image-2024-09-25-at-6.21.47-PM-330x220.jpeg 330w, https:\/\/diariodeloeste.com\/noticias\/wp-content\/uploads\/2024\/09\/WhatsApp-Image-2024-09-25-at-6.21.47-PM-420x280.jpeg 420w, https:\/\/diariodeloeste.com\/noticias\/wp-content\/uploads\/2024\/09\/WhatsApp-Image-2024-09-25-at-6.21.47-PM-615x410.jpeg 615w, https:\/\/diariodeloeste.com\/noticias\/wp-content\/uploads\/2024\/09\/WhatsApp-Image-2024-09-25-at-6.21.47-PM-860x574.jpeg 860w, https:\/\/diariodeloeste.com\/noticias\/wp-content\/uploads\/2024\/09\/WhatsApp-Image-2024-09-25-at-6.21.47-PM.jpeg 1280w\" sizes=\"auto, (max-width: 1024px) 100vw, 1024px\" \/><\/p>\n<div style=\"width: 480px;\" class=\"wp-video\"><video class=\"wp-video-shortcode\" id=\"video-13181-1\" width=\"480\" height=\"848\" preload=\"metadata\" controls=\"controls\"><source type=\"video\/mp4\" src=\"https:\/\/diariodeloeste.com\/noticias\/wp-content\/uploads\/2024\/09\/WhatsApp-Video-2024-09-25-at-6.54.21-PM.mp4?_=1\" \/><a href=\"https:\/\/diariodeloeste.com\/noticias\/wp-content\/uploads\/2024\/09\/WhatsApp-Video-2024-09-25-at-6.54.21-PM.mp4\">https:\/\/diariodeloeste.com\/noticias\/wp-content\/uploads\/2024\/09\/WhatsApp-Video-2024-09-25-at-6.54.21-PM.mp4<\/a><\/video><\/div>\n<p><img loading=\"lazy\" loading=\"lazy\" decoding=\"async\" class=\"alignnone wp-image-13134 size-full\" src=\"https:\/\/diariodeloeste.com\/noticias\/wp-content\/uploads\/2024\/09\/WhatsApp-Image-2024-09-22-at-2.54.39-PM-1.jpeg\" alt=\"\" width=\"720\" height=\"707\" srcset=\"https:\/\/diariodeloeste.com\/noticias\/wp-content\/uploads\/2024\/09\/WhatsApp-Image-2024-09-22-at-2.54.39-PM-1.jpeg 720w, https:\/\/diariodeloeste.com\/noticias\/wp-content\/uploads\/2024\/09\/WhatsApp-Image-2024-09-22-at-2.54.39-PM-1-300x295.jpeg 300w\" sizes=\"auto, (max-width: 720px) 100vw, 720px\" \/><\/p>\n<script>function PlayerjsAsync(){} if(window[\"Playerjs\"]){PlayerjsAsync();}<\/script>","protected":false},"excerpt":{"rendered":"<p>Jos\u00e9 C. Paz, s\u00e1bado 21 de septiembre 2024.- El Intendente de Jos\u00e9 C. Paz, Mario Ishii, estuvo presente en la festividad que se celebra cada a\u00f1o, el D\u00eda de la Primavera y D\u00eda del Estudiante en Jos\u00e9 C. Paz. Un cl\u00e1sico del distrito donde se acercan miles de j\u00f3venes, vecinos y familias de la regi\u00f3n [&hellip;]<\/p>\n","protected":false},"author":3,"featured_media":13188,"comment_status":"closed","ping_status":"closed","sticky":false,"template":"","format":"standard","meta":{"content-type":"","footnotes":""},"categories":[303,9],"tags":[1271,1270,1256,1268,128,233,1021,387,537],"class_list":{"0":"post-13181","1":"post","2":"type-post","3":"status-publish","4":"format-standard","5":"has-post-thumbnail","7":"category-jose-c-paz","8":"category-titulares","9":"tag-loco-ivan","10":"tag-chili-fernandez-rocio-quiroz-flor-alvarez-bm","11":"tag-el-loco-amato","12":"tag-fabian-banchero","13":"tag-jose-c-paz","14":"tag-jose-c-paz-2","15":"tag-mario-alberto-ishii","16":"tag-mario-ishii","17":"tag-municipio-de-jose-c-paz"},"yoast_head":"<!-- This site is optimized with the Yoast SEO plugin v27.4 - https:\/\/yoast.com\/product\/yoast-seo-wordpress\/ -->\n<title>MILES DE VECINOS DISFRUTARON EL TRADICIONAL FESTEJO DEL D\u00cdA DE LA PRIMAVERA Y DEL ESTUDIANTE EN JOS\u00c9 C. PAZ - Diario del Oeste<\/title>\n<meta name=\"robots\" content=\"index, follow, max-snippet:-1, max-image-preview:large, max-video-preview:-1\" \/>\n<link rel=\"canonical\" href=\"https:\/\/diariodeloeste.com\/noticias\/2024\/09\/25\/miles-de-vecinos-disfrutaron-el-tradicional-festejo-del-dia-de-la-primavera-y-del-estudiante-en-jose-c-paz\/\" \/>\n<meta property=\"og:locale\" content=\"es_ES\" \/>\n<meta property=\"og:type\" content=\"article\" \/>\n<meta property=\"og:title\" content=\"MILES DE VECINOS DISFRUTARON EL TRADICIONAL FESTEJO DEL D\u00cdA DE LA PRIMAVERA Y DEL ESTUDIANTE EN JOS\u00c9 C. PAZ - Diario del Oeste\" \/>\n<meta property=\"og:description\" content=\"Jos\u00e9 C. Paz, s\u00e1bado 21 de septiembre 2024.- El Intendente de Jos\u00e9 C. Paz, Mario Ishii, estuvo presente en la festividad que se celebra cada a\u00f1o, el D\u00eda de la Primavera y D\u00eda del Estudiante en Jos\u00e9 C. Paz. Un cl\u00e1sico del distrito donde se acercan miles de j\u00f3venes, vecinos y familias de la regi\u00f3n [&hellip;]\" \/>\n<meta property=\"og:url\" content=\"https:\/\/diariodeloeste.com\/noticias\/2024\/09\/25\/miles-de-vecinos-disfrutaron-el-tradicional-festejo-del-dia-de-la-primavera-y-del-estudiante-en-jose-c-paz\/\" \/>\n<meta property=\"og:site_name\" content=\"Diario del Oeste\" \/>\n<meta property=\"article:published_time\" content=\"2024-09-25T21:52:54+00:00\" \/>\n<meta property=\"article:modified_time\" content=\"2024-09-25T21:56:26+00:00\" \/>\n<meta property=\"og:image\" content=\"https:\/\/diariodeloeste.com\/noticias\/wp-content\/uploads\/2024\/09\/WhatsApp-Image-2024-09-25-at-6.21.47-PM.jpeg\" \/>\n\t<meta property=\"og:image:width\" content=\"1280\" \/>\n\t<meta property=\"og:image:height\" content=\"855\" \/>\n\t<meta property=\"og:image:type\" content=\"image\/jpeg\" \/>\n<meta name=\"author\" content=\"Redaccion\" \/>\n<meta name=\"twitter:card\" content=\"summary_large_image\" \/>\n<meta name=\"twitter:label1\" content=\"Escrito por\" \/>\n\t<meta name=\"twitter:data1\" content=\"Redaccion\" \/>\n\t<meta name=\"twitter:label2\" content=\"Tiempo de lectura\" \/>\n\t<meta name=\"twitter:data2\" content=\"4 minutos\" \/>\n<script type=\"application\/ld+json\" class=\"yoast-schema-graph\">{\"@context\":\"https:\\\/\\\/schema.org\",\"@graph\":[{\"@type\":\"Article\",\"@id\":\"https:\\\/\\\/diariodeloeste.com\\\/noticias\\\/2024\\\/09\\\/25\\\/miles-de-vecinos-disfrutaron-el-tradicional-festejo-del-dia-de-la-primavera-y-del-estudiante-en-jose-c-paz\\\/#article\",\"isPartOf\":{\"@id\":\"https:\\\/\\\/diariodeloeste.com\\\/noticias\\\/2024\\\/09\\\/25\\\/miles-de-vecinos-disfrutaron-el-tradicional-festejo-del-dia-de-la-primavera-y-del-estudiante-en-jose-c-paz\\\/\"},\"author\":{\"name\":\"Redaccion\",\"@id\":\"https:\\\/\\\/diariodeloeste.com\\\/noticias\\\/#\\\/schema\\\/person\\\/1f7be965f8c093432e1cbfcee0ac4047\"},\"headline\":\"MILES DE VECINOS DISFRUTARON EL TRADICIONAL FESTEJO DEL D\u00cdA DE LA PRIMAVERA Y DEL ESTUDIANTE EN JOS\u00c9 C. PAZ\",\"datePublished\":\"2024-09-25T21:52:54+00:00\",\"dateModified\":\"2024-09-25T21:56:26+00:00\",\"mainEntityOfPage\":{\"@id\":\"https:\\\/\\\/diariodeloeste.com\\\/noticias\\\/2024\\\/09\\\/25\\\/miles-de-vecinos-disfrutaron-el-tradicional-festejo-del-dia-de-la-primavera-y-del-estudiante-en-jose-c-paz\\\/\"},\"wordCount\":351,\"publisher\":{\"@id\":\"https:\\\/\\\/diariodeloeste.com\\\/noticias\\\/#organization\"},\"image\":{\"@id\":\"https:\\\/\\\/diariodeloeste.com\\\/noticias\\\/2024\\\/09\\\/25\\\/miles-de-vecinos-disfrutaron-el-tradicional-festejo-del-dia-de-la-primavera-y-del-estudiante-en-jose-c-paz\\\/#primaryimage\"},\"thumbnailUrl\":\"https:\\\/\\\/diariodeloeste.com\\\/noticias\\\/wp-content\\\/uploads\\\/2024\\\/09\\\/WhatsApp-Image-2024-09-25-at-6.21.47-PM.jpeg\",\"keywords\":[\"\u201cLoco\u201d Iv\u00e1n\",\"Chili Fern\u00e1ndez; Roc\u00edo Quir\u00f3z; Flor \u00c1lvarez; BM\",\"El Loco Amato\",\"Fabi\u00e1n Banchero\",\"jose c paz\",\"jos\u00e9 c. paz\",\"Mario Alberto Ishii\",\"Mario ishii\",\"Municipio de Jos{e C. Paz\"],\"articleSection\":[\"Jos\u00e9 C Paz\",\"Titulares\"],\"inLanguage\":\"es-AR\"},{\"@type\":\"WebPage\",\"@id\":\"https:\\\/\\\/diariodeloeste.com\\\/noticias\\\/2024\\\/09\\\/25\\\/miles-de-vecinos-disfrutaron-el-tradicional-festejo-del-dia-de-la-primavera-y-del-estudiante-en-jose-c-paz\\\/\",\"url\":\"https:\\\/\\\/diariodeloeste.com\\\/noticias\\\/2024\\\/09\\\/25\\\/miles-de-vecinos-disfrutaron-el-tradicional-festejo-del-dia-de-la-primavera-y-del-estudiante-en-jose-c-paz\\\/\",\"name\":\"MILES DE VECINOS DISFRUTARON EL TRADICIONAL FESTEJO DEL D\u00cdA DE LA PRIMAVERA Y DEL ESTUDIANTE EN JOS\u00c9 C. PAZ - Diario del Oeste\",\"isPartOf\":{\"@id\":\"https:\\\/\\\/diariodeloeste.com\\\/noticias\\\/#website\"},\"primaryImageOfPage\":{\"@id\":\"https:\\\/\\\/diariodeloeste.com\\\/noticias\\\/2024\\\/09\\\/25\\\/miles-de-vecinos-disfrutaron-el-tradicional-festejo-del-dia-de-la-primavera-y-del-estudiante-en-jose-c-paz\\\/#primaryimage\"},\"image\":{\"@id\":\"https:\\\/\\\/diariodeloeste.com\\\/noticias\\\/2024\\\/09\\\/25\\\/miles-de-vecinos-disfrutaron-el-tradicional-festejo-del-dia-de-la-primavera-y-del-estudiante-en-jose-c-paz\\\/#primaryimage\"},\"thumbnailUrl\":\"https:\\\/\\\/diariodeloeste.com\\\/noticias\\\/wp-content\\\/uploads\\\/2024\\\/09\\\/WhatsApp-Image-2024-09-25-at-6.21.47-PM.jpeg\",\"datePublished\":\"2024-09-25T21:52:54+00:00\",\"dateModified\":\"2024-09-25T21:56:26+00:00\",\"breadcrumb\":{\"@id\":\"https:\\\/\\\/diariodeloeste.com\\\/noticias\\\/2024\\\/09\\\/25\\\/miles-de-vecinos-disfrutaron-el-tradicional-festejo-del-dia-de-la-primavera-y-del-estudiante-en-jose-c-paz\\\/#breadcrumb\"},\"inLanguage\":\"es-AR\",\"potentialAction\":[{\"@type\":\"ReadAction\",\"target\":[\"https:\\\/\\\/diariodeloeste.com\\\/noticias\\\/2024\\\/09\\\/25\\\/miles-de-vecinos-disfrutaron-el-tradicional-festejo-del-dia-de-la-primavera-y-del-estudiante-en-jose-c-paz\\\/\"]}]},{\"@type\":\"ImageObject\",\"inLanguage\":\"es-AR\",\"@id\":\"https:\\\/\\\/diariodeloeste.com\\\/noticias\\\/2024\\\/09\\\/25\\\/miles-de-vecinos-disfrutaron-el-tradicional-festejo-del-dia-de-la-primavera-y-del-estudiante-en-jose-c-paz\\\/#primaryimage\",\"url\":\"https:\\\/\\\/diariodeloeste.com\\\/noticias\\\/wp-content\\\/uploads\\\/2024\\\/09\\\/WhatsApp-Image-2024-09-25-at-6.21.47-PM.jpeg\",\"contentUrl\":\"https:\\\/\\\/diariodeloeste.com\\\/noticias\\\/wp-content\\\/uploads\\\/2024\\\/09\\\/WhatsApp-Image-2024-09-25-at-6.21.47-PM.jpeg\",\"width\":1280,\"height\":855},{\"@type\":\"BreadcrumbList\",\"@id\":\"https:\\\/\\\/diariodeloeste.com\\\/noticias\\\/2024\\\/09\\\/25\\\/miles-de-vecinos-disfrutaron-el-tradicional-festejo-del-dia-de-la-primavera-y-del-estudiante-en-jose-c-paz\\\/#breadcrumb\",\"itemListElement\":[{\"@type\":\"ListItem\",\"position\":1,\"name\":\"Inicio\",\"item\":\"https:\\\/\\\/diariodeloeste.com\\\/noticias\\\/\"},{\"@type\":\"ListItem\",\"position\":2,\"name\":\"MILES DE VECINOS DISFRUTARON EL TRADICIONAL FESTEJO DEL D\u00cdA DE LA PRIMAVERA Y DEL ESTUDIANTE EN JOS\u00c9 C. PAZ\"}]},{\"@type\":\"WebSite\",\"@id\":\"https:\\\/\\\/diariodeloeste.com\\\/noticias\\\/#website\",\"url\":\"https:\\\/\\\/diariodeloeste.com\\\/noticias\\\/\",\"name\":\"Diario del Oeste\",\"description\":\"Noticias del Oeste\",\"publisher\":{\"@id\":\"https:\\\/\\\/diariodeloeste.com\\\/noticias\\\/#organization\"},\"potentialAction\":[{\"@type\":\"SearchAction\",\"target\":{\"@type\":\"EntryPoint\",\"urlTemplate\":\"https:\\\/\\\/diariodeloeste.com\\\/noticias\\\/?s={search_term_string}\"},\"query-input\":{\"@type\":\"PropertyValueSpecification\",\"valueRequired\":true,\"valueName\":\"search_term_string\"}}],\"inLanguage\":\"es-AR\"},{\"@type\":\"Organization\",\"@id\":\"https:\\\/\\\/diariodeloeste.com\\\/noticias\\\/#organization\",\"name\":\"Diario del Oeste\",\"url\":\"https:\\\/\\\/diariodeloeste.com\\\/noticias\\\/\",\"logo\":{\"@type\":\"ImageObject\",\"inLanguage\":\"es-AR\",\"@id\":\"https:\\\/\\\/diariodeloeste.com\\\/noticias\\\/#\\\/schema\\\/logo\\\/image\\\/\",\"url\":\"https:\\\/\\\/diariodeloeste.com\\\/noticias\\\/wp-content\\\/uploads\\\/2019\\\/04\\\/logo.png\",\"contentUrl\":\"https:\\\/\\\/diariodeloeste.com\\\/noticias\\\/wp-content\\\/uploads\\\/2019\\\/04\\\/logo.png\",\"width\":306,\"height\":145,\"caption\":\"Diario del Oeste\"},\"image\":{\"@id\":\"https:\\\/\\\/diariodeloeste.com\\\/noticias\\\/#\\\/schema\\\/logo\\\/image\\\/\"}},{\"@type\":\"Person\",\"@id\":\"https:\\\/\\\/diariodeloeste.com\\\/noticias\\\/#\\\/schema\\\/person\\\/1f7be965f8c093432e1cbfcee0ac4047\",\"name\":\"Redaccion\",\"image\":{\"@type\":\"ImageObject\",\"inLanguage\":\"es-AR\",\"@id\":\"https:\\\/\\\/secure.gravatar.com\\\/avatar\\\/f9bc3a12e26b32d818d88f9a5b61de20b559752e499df507efa7ea3cea0550ef?s=96&d=mm&r=g\",\"url\":\"https:\\\/\\\/secure.gravatar.com\\\/avatar\\\/f9bc3a12e26b32d818d88f9a5b61de20b559752e499df507efa7ea3cea0550ef?s=96&d=mm&r=g\",\"contentUrl\":\"https:\\\/\\\/secure.gravatar.com\\\/avatar\\\/f9bc3a12e26b32d818d88f9a5b61de20b559752e499df507efa7ea3cea0550ef?s=96&d=mm&r=g\",\"caption\":\"Redaccion\"},\"url\":\"https:\\\/\\\/diariodeloeste.com\\\/noticias\\\/author\\\/redaccion\\\/\"}]}<\/script>\n<!-- \/ Yoast SEO plugin. -->","yoast_head_json":{"title":"MILES DE VECINOS DISFRUTARON EL TRADICIONAL FESTEJO DEL D\u00cdA DE LA PRIMAVERA Y DEL ESTUDIANTE EN JOS\u00c9 C. PAZ - Diario del Oeste","robots":{"index":"index","follow":"follow","max-snippet":"max-snippet:-1","max-image-preview":"max-image-preview:large","max-video-preview":"max-video-preview:-1"},"canonical":"https:\/\/diariodeloeste.com\/noticias\/2024\/09\/25\/miles-de-vecinos-disfrutaron-el-tradicional-festejo-del-dia-de-la-primavera-y-del-estudiante-en-jose-c-paz\/","og_locale":"es_ES","og_type":"article","og_title":"MILES DE VECINOS DISFRUTARON EL TRADICIONAL FESTEJO DEL D\u00cdA DE LA PRIMAVERA Y DEL ESTUDIANTE EN JOS\u00c9 C. PAZ - Diario del Oeste","og_description":"Jos\u00e9 C. Paz, s\u00e1bado 21 de septiembre 2024.- El Intendente de Jos\u00e9 C. Paz, Mario Ishii, estuvo presente en la festividad que se celebra cada a\u00f1o, el D\u00eda de la Primavera y D\u00eda del Estudiante en Jos\u00e9 C. Paz. Un cl\u00e1sico del distrito donde se acercan miles de j\u00f3venes, vecinos y familias de la regi\u00f3n [&hellip;]","og_url":"https:\/\/diariodeloeste.com\/noticias\/2024\/09\/25\/miles-de-vecinos-disfrutaron-el-tradicional-festejo-del-dia-de-la-primavera-y-del-estudiante-en-jose-c-paz\/","og_site_name":"Diario del Oeste","article_published_time":"2024-09-25T21:52:54+00:00","article_modified_time":"2024-09-25T21:56:26+00:00","og_image":[{"width":1280,"height":855,"url":"https:\/\/diariodeloeste.com\/noticias\/wp-content\/uploads\/2024\/09\/WhatsApp-Image-2024-09-25-at-6.21.47-PM.jpeg","type":"image\/jpeg"}],"author":"Redaccion","twitter_card":"summary_large_image","twitter_misc":{"Escrito por":"Redaccion","Tiempo de lectura":"4 minutos"},"schema":{"@context":"https:\/\/schema.org","@graph":[{"@type":"Article","@id":"https:\/\/diariodeloeste.com\/noticias\/2024\/09\/25\/miles-de-vecinos-disfrutaron-el-tradicional-festejo-del-dia-de-la-primavera-y-del-estudiante-en-jose-c-paz\/#article","isPartOf":{"@id":"https:\/\/diariodeloeste.com\/noticias\/2024\/09\/25\/miles-de-vecinos-disfrutaron-el-tradicional-festejo-del-dia-de-la-primavera-y-del-estudiante-en-jose-c-paz\/"},"author":{"name":"Redaccion","@id":"https:\/\/diariodeloeste.com\/noticias\/#\/schema\/person\/1f7be965f8c093432e1cbfcee0ac4047"},"headline":"MILES DE VECINOS DISFRUTARON EL TRADICIONAL FESTEJO DEL D\u00cdA DE LA PRIMAVERA Y DEL ESTUDIANTE EN JOS\u00c9 C. PAZ","datePublished":"2024-09-25T21:52:54+00:00","dateModified":"2024-09-25T21:56:26+00:00","mainEntityOfPage":{"@id":"https:\/\/diariodeloeste.com\/noticias\/2024\/09\/25\/miles-de-vecinos-disfrutaron-el-tradicional-festejo-del-dia-de-la-primavera-y-del-estudiante-en-jose-c-paz\/"},"wordCount":351,"publisher":{"@id":"https:\/\/diariodeloeste.com\/noticias\/#organization"},"image":{"@id":"https:\/\/diariodeloeste.com\/noticias\/2024\/09\/25\/miles-de-vecinos-disfrutaron-el-tradicional-festejo-del-dia-de-la-primavera-y-del-estudiante-en-jose-c-paz\/#primaryimage"},"thumbnailUrl":"https:\/\/diariodeloeste.com\/noticias\/wp-content\/uploads\/2024\/09\/WhatsApp-Image-2024-09-25-at-6.21.47-PM.jpeg","keywords":["\u201cLoco\u201d Iv\u00e1n","Chili Fern\u00e1ndez; Roc\u00edo Quir\u00f3z; Flor \u00c1lvarez; BM","El Loco Amato","Fabi\u00e1n Banchero","jose c paz","jos\u00e9 c. paz","Mario Alberto Ishii","Mario ishii","Municipio de Jos{e C. Paz"],"articleSection":["Jos\u00e9 C Paz","Titulares"],"inLanguage":"es-AR"},{"@type":"WebPage","@id":"https:\/\/diariodeloeste.com\/noticias\/2024\/09\/25\/miles-de-vecinos-disfrutaron-el-tradicional-festejo-del-dia-de-la-primavera-y-del-estudiante-en-jose-c-paz\/","url":"https:\/\/diariodeloeste.com\/noticias\/2024\/09\/25\/miles-de-vecinos-disfrutaron-el-tradicional-festejo-del-dia-de-la-primavera-y-del-estudiante-en-jose-c-paz\/","name":"MILES DE VECINOS DISFRUTARON EL TRADICIONAL FESTEJO DEL D\u00cdA DE LA PRIMAVERA Y DEL ESTUDIANTE EN JOS\u00c9 C. PAZ - Diario del Oeste","isPartOf":{"@id":"https:\/\/diariodeloeste.com\/noticias\/#website"},"primaryImageOfPage":{"@id":"https:\/\/diariodeloeste.com\/noticias\/2024\/09\/25\/miles-de-vecinos-disfrutaron-el-tradicional-festejo-del-dia-de-la-primavera-y-del-estudiante-en-jose-c-paz\/#primaryimage"},"image":{"@id":"https:\/\/diariodeloeste.com\/noticias\/2024\/09\/25\/miles-de-vecinos-disfrutaron-el-tradicional-festejo-del-dia-de-la-primavera-y-del-estudiante-en-jose-c-paz\/#primaryimage"},"thumbnailUrl":"https:\/\/diariodeloeste.com\/noticias\/wp-content\/uploads\/2024\/09\/WhatsApp-Image-2024-09-25-at-6.21.47-PM.jpeg","datePublished":"2024-09-25T21:52:54+00:00","dateModified":"2024-09-25T21:56:26+00:00","breadcrumb":{"@id":"https:\/\/diariodeloeste.com\/noticias\/2024\/09\/25\/miles-de-vecinos-disfrutaron-el-tradicional-festejo-del-dia-de-la-primavera-y-del-estudiante-en-jose-c-paz\/#breadcrumb"},"inLanguage":"es-AR","potentialAction":[{"@type":"ReadAction","target":["https:\/\/diariodeloeste.com\/noticias\/2024\/09\/25\/miles-de-vecinos-disfrutaron-el-tradicional-festejo-del-dia-de-la-primavera-y-del-estudiante-en-jose-c-paz\/"]}]},{"@type":"ImageObject","inLanguage":"es-AR","@id":"https:\/\/diariodeloeste.com\/noticias\/2024\/09\/25\/miles-de-vecinos-disfrutaron-el-tradicional-festejo-del-dia-de-la-primavera-y-del-estudiante-en-jose-c-paz\/#primaryimage","url":"https:\/\/diariodeloeste.com\/noticias\/wp-content\/uploads\/2024\/09\/WhatsApp-Image-2024-09-25-at-6.21.47-PM.jpeg","contentUrl":"https:\/\/diariodeloeste.com\/noticias\/wp-content\/uploads\/2024\/09\/WhatsApp-Image-2024-09-25-at-6.21.47-PM.jpeg","width":1280,"height":855},{"@type":"BreadcrumbList","@id":"https:\/\/diariodeloeste.com\/noticias\/2024\/09\/25\/miles-de-vecinos-disfrutaron-el-tradicional-festejo-del-dia-de-la-primavera-y-del-estudiante-en-jose-c-paz\/#breadcrumb","itemListElement":[{"@type":"ListItem","position":1,"name":"Inicio","item":"https:\/\/diariodeloeste.com\/noticias\/"},{"@type":"ListItem","position":2,"name":"MILES DE VECINOS DISFRUTARON EL TRADICIONAL FESTEJO DEL D\u00cdA DE LA PRIMAVERA Y DEL ESTUDIANTE EN JOS\u00c9 C. PAZ"}]},{"@type":"WebSite","@id":"https:\/\/diariodeloeste.com\/noticias\/#website","url":"https:\/\/diariodeloeste.com\/noticias\/","name":"Diario del Oeste","description":"Noticias del Oeste","publisher":{"@id":"https:\/\/diariodeloeste.com\/noticias\/#organization"},"potentialAction":[{"@type":"SearchAction","target":{"@type":"EntryPoint","urlTemplate":"https:\/\/diariodeloeste.com\/noticias\/?s={search_term_string}"},"query-input":{"@type":"PropertyValueSpecification","valueRequired":true,"valueName":"search_term_string"}}],"inLanguage":"es-AR"},{"@type":"Organization","@id":"https:\/\/diariodeloeste.com\/noticias\/#organization","name":"Diario del Oeste","url":"https:\/\/diariodeloeste.com\/noticias\/","logo":{"@type":"ImageObject","inLanguage":"es-AR","@id":"https:\/\/diariodeloeste.com\/noticias\/#\/schema\/logo\/image\/","url":"https:\/\/diariodeloeste.com\/noticias\/wp-content\/uploads\/2019\/04\/logo.png","contentUrl":"https:\/\/diariodeloeste.com\/noticias\/wp-content\/uploads\/2019\/04\/logo.png","width":306,"height":145,"caption":"Diario del Oeste"},"image":{"@id":"https:\/\/diariodeloeste.com\/noticias\/#\/schema\/logo\/image\/"}},{"@type":"Person","@id":"https:\/\/diariodeloeste.com\/noticias\/#\/schema\/person\/1f7be965f8c093432e1cbfcee0ac4047","name":"Redaccion","image":{"@type":"ImageObject","inLanguage":"es-AR","@id":"https:\/\/secure.gravatar.com\/avatar\/f9bc3a12e26b32d818d88f9a5b61de20b559752e499df507efa7ea3cea0550ef?s=96&d=mm&r=g","url":"https:\/\/secure.gravatar.com\/avatar\/f9bc3a12e26b32d818d88f9a5b61de20b559752e499df507efa7ea3cea0550ef?s=96&d=mm&r=g","contentUrl":"https:\/\/secure.gravatar.com\/avatar\/f9bc3a12e26b32d818d88f9a5b61de20b559752e499df507efa7ea3cea0550ef?s=96&d=mm&r=g","caption":"Redaccion"},"url":"https:\/\/diariodeloeste.com\/noticias\/author\/redaccion\/"}]}},"_links":{"self":[{"href":"https:\/\/diariodeloeste.com\/noticias\/wp-json\/wp\/v2\/posts\/13181","targetHints":{"allow":["GET"]}}],"collection":[{"href":"https:\/\/diariodeloeste.com\/noticias\/wp-json\/wp\/v2\/posts"}],"about":[{"href":"https:\/\/diariodeloeste.com\/noticias\/wp-json\/wp\/v2\/types\/post"}],"author":[{"embeddable":true,"href":"https:\/\/diariodeloeste.com\/noticias\/wp-json\/wp\/v2\/users\/3"}],"replies":[{"embeddable":true,"href":"https:\/\/diariodeloeste.com\/noticias\/wp-json\/wp\/v2\/comments?post=13181"}],"version-history":[{"count":3,"href":"https:\/\/diariodeloeste.com\/noticias\/wp-json\/wp\/v2\/posts\/13181\/revisions"}],"predecessor-version":[{"id":13192,"href":"https:\/\/diariodeloeste.com\/noticias\/wp-json\/wp\/v2\/posts\/13181\/revisions\/13192"}],"wp:featuredmedia":[{"embeddable":true,"href":"https:\/\/diariodeloeste.com\/noticias\/wp-json\/wp\/v2\/media\/13188"}],"wp:attachment":[{"href":"https:\/\/diariodeloeste.com\/noticias\/wp-json\/wp\/v2\/media?parent=13181"}],"wp:term":[{"taxonomy":"category","embeddable":true,"href":"https:\/\/diariodeloeste.com\/noticias\/wp-json\/wp\/v2\/categories?post=13181"},{"taxonomy":"post_tag","embeddable":true,"href":"https:\/\/diariodeloeste.com\/noticias\/wp-json\/wp\/v2\/tags?post=13181"}],"curies":[{"name":"wp","href":"https:\/\/api.w.org\/{rel}","templated":true}]}}