{"id":131,"date":"2017-01-04T20:43:12","date_gmt":"2017-01-04T20:43:12","guid":{"rendered":"https:\/\/diariodeloeste.com\/noticias\/?p=131"},"modified":"2017-01-04T20:49:07","modified_gmt":"2017-01-04T20:49:07","slug":"moreno-madre-asesino-a-su-beba-y-la-enterro-en-el-fondo-de-su-casa","status":"publish","type":"post","link":"https:\/\/diariodeloeste.com\/noticias\/2017\/01\/04\/moreno-madre-asesino-a-su-beba-y-la-enterro-en-el-fondo-de-su-casa\/","title":{"rendered":"Moreno: madre asesino a su beba y la enterr\u00f3 en el fondo de su casa"},"content":{"rendered":"<p><em><strong>Terrible noticia se difundi\u00f3 en las \u00faltimas horas, una mujer fue aprendida en su vivienda en la localidad de Moreno, en cercan\u00eda a \u201cLas Catonas\u201d acusada de haber asesinado a su hija, una bebe reci\u00e9n nacida y de haberla enterrado en el patio de su casa.<\/strong><\/em><\/p>\n<p>Tras denuncias policiales efectuadas por los vecinos de la mujer en cuesti\u00f3n, identificada como Alejandra Noem\u00ed Corzo, de 32 a\u00f1os de edad, la polic\u00eda de Moreno procedi\u00f3 a allanar la morada de la mujer mencionada con anterioridad, acusada del homicidio de su bebe reci\u00e9n nacida.<\/p>\n<p>Momentos despu\u00e9s, mientras los efectivos requisaban la morada, pudieron dar, lamentablemente, con el cuerpo de la bebe, enterrada en el patio trasero de la vivienda en un poco de pocos cent\u00edmetros de profundidad.<\/p>\n<p>El hecho se produjo durante la ma\u00f1ana del pasado martes 27 de diciembre y durante la madrugada del pasado s\u00e1bado 31 de diciembre la Polic\u00eda allan\u00f3 la precaria vivienda, encontrando en los fondos enterrado el cad\u00e1ver de la peque\u00f1a.<\/p>\n<p>Los rumores del asesinato comenzaron a circular en el barrio durante la ma\u00f1ana del mi\u00e9rcoles 28 de diciembre. Unas vecinas realizaron denuncias en la comisar\u00eda 8\u00ba de Moreno (Las Catonas) durante la tarde del jueves. La justicia dispuso un allanamiento durante la noche del viernes, que se realiz\u00f3 en la madrugada del \u00faltimo d\u00eda el a\u00f1o en la humilde casa ubicada sobre la calle Evaristo Carriego al 6.800 entre Sol\u00f3n y Shakespeare, en la zona norte de Moreno. Con la ayuda de Bomberos Voluntarios, personal de la Polic\u00eda Cient\u00edfica encontr\u00f3 el cad\u00e1ver de una beba reci\u00e9n nacida, enterrada a pocos cent\u00edmetros en los fondos del predio.<\/p>\n<script>function PlayerjsAsync(){} if(window[\"Playerjs\"]){PlayerjsAsync();}<\/script>","protected":false},"excerpt":{"rendered":"<p>Terrible noticia se difundi\u00f3 en las \u00faltimas horas, una mujer fue aprendida en su vivienda en la localidad de Moreno, en cercan\u00eda a \u201cLas Catonas\u201d acusada de haber asesinado a su hija, una bebe reci\u00e9n nacida y de haberla enterrado en el patio de su casa. Tras denuncias policiales efectuadas por los vecinos de la [&hellip;]<\/p>\n","protected":false},"author":3,"featured_media":133,"comment_status":"closed","ping_status":"closed","sticky":false,"template":"","format":"standard","meta":{"content-type":"","footnotes":""},"categories":[5,9],"tags":[24,22,21,19,20,25,23],"class_list":{"0":"post-131","1":"post","2":"type-post","3":"status-publish","4":"format-standard","5":"has-post-thumbnail","7":"category-policiales","8":"category-titulares","9":"tag-casa","10":"tag-enterro","11":"tag-hija","12":"tag-madre","13":"tag-mato","14":"tag-moreno","15":"tag-patio"},"yoast_head":"<!-- This site is optimized with the Yoast SEO plugin v27.4 - https:\/\/yoast.com\/product\/yoast-seo-wordpress\/ -->\n<title>Moreno: madre asesino a su beba y la enterr\u00f3 en el fondo de su casa - Diario del Oeste<\/title>\n<meta name=\"robots\" content=\"index, follow, max-snippet:-1, max-image-preview:large, max-video-preview:-1\" \/>\n<link rel=\"canonical\" href=\"https:\/\/diariodeloeste.com\/noticias\/2017\/01\/04\/moreno-madre-asesino-a-su-beba-y-la-enterro-en-el-fondo-de-su-casa\/\" \/>\n<meta property=\"og:locale\" content=\"es_ES\" \/>\n<meta property=\"og:type\" content=\"article\" \/>\n<meta property=\"og:title\" content=\"Moreno: madre asesino a su beba y la enterr\u00f3 en el fondo de su casa - Diario del Oeste\" \/>\n<meta property=\"og:description\" content=\"Terrible noticia se difundi\u00f3 en las \u00faltimas horas, una mujer fue aprendida en su vivienda en la localidad de Moreno, en cercan\u00eda a \u201cLas Catonas\u201d acusada de haber asesinado a su hija, una bebe reci\u00e9n nacida y de haberla enterrado en el patio de su casa. Tras denuncias policiales efectuadas por los vecinos de la [&hellip;]\" \/>\n<meta property=\"og:url\" content=\"https:\/\/diariodeloeste.com\/noticias\/2017\/01\/04\/moreno-madre-asesino-a-su-beba-y-la-enterro-en-el-fondo-de-su-casa\/\" \/>\n<meta property=\"og:site_name\" content=\"Diario del Oeste\" \/>\n<meta property=\"article:published_time\" content=\"2017-01-04T20:43:12+00:00\" \/>\n<meta property=\"article:modified_time\" content=\"2017-01-04T20:49:07+00:00\" \/>\n<meta property=\"og:image\" content=\"https:\/\/diariodeloeste.com\/noticias\/wp-content\/uploads\/2017\/01\/moreno2.png\" \/>\n\t<meta property=\"og:image:width\" content=\"450\" \/>\n\t<meta property=\"og:image:height\" content=\"571\" \/>\n\t<meta property=\"og:image:type\" content=\"image\/png\" \/>\n<meta name=\"author\" content=\"Redaccion\" \/>\n<meta name=\"twitter:card\" content=\"summary_large_image\" \/>\n<meta name=\"twitter:label1\" content=\"Escrito por\" \/>\n\t<meta name=\"twitter:data1\" content=\"Redaccion\" \/>\n\t<meta name=\"twitter:label2\" content=\"Tiempo de lectura\" \/>\n\t<meta name=\"twitter:data2\" content=\"1 minuto\" \/>\n<script type=\"application\/ld+json\" class=\"yoast-schema-graph\">{\"@context\":\"https:\\\/\\\/schema.org\",\"@graph\":[{\"@type\":\"Article\",\"@id\":\"https:\\\/\\\/diariodeloeste.com\\\/noticias\\\/2017\\\/01\\\/04\\\/moreno-madre-asesino-a-su-beba-y-la-enterro-en-el-fondo-de-su-casa\\\/#article\",\"isPartOf\":{\"@id\":\"https:\\\/\\\/diariodeloeste.com\\\/noticias\\\/2017\\\/01\\\/04\\\/moreno-madre-asesino-a-su-beba-y-la-enterro-en-el-fondo-de-su-casa\\\/\"},\"author\":{\"name\":\"Redaccion\",\"@id\":\"https:\\\/\\\/diariodeloeste.com\\\/noticias\\\/#\\\/schema\\\/person\\\/1f7be965f8c093432e1cbfcee0ac4047\"},\"headline\":\"Moreno: madre asesino a su beba y la enterr\u00f3 en el fondo de su casa\",\"datePublished\":\"2017-01-04T20:43:12+00:00\",\"dateModified\":\"2017-01-04T20:49:07+00:00\",\"mainEntityOfPage\":{\"@id\":\"https:\\\/\\\/diariodeloeste.com\\\/noticias\\\/2017\\\/01\\\/04\\\/moreno-madre-asesino-a-su-beba-y-la-enterro-en-el-fondo-de-su-casa\\\/\"},\"wordCount\":302,\"publisher\":{\"@id\":\"https:\\\/\\\/diariodeloeste.com\\\/noticias\\\/#organization\"},\"image\":{\"@id\":\"https:\\\/\\\/diariodeloeste.com\\\/noticias\\\/2017\\\/01\\\/04\\\/moreno-madre-asesino-a-su-beba-y-la-enterro-en-el-fondo-de-su-casa\\\/#primaryimage\"},\"thumbnailUrl\":\"https:\\\/\\\/diariodeloeste.com\\\/noticias\\\/wp-content\\\/uploads\\\/2017\\\/01\\\/moreno2.png\",\"keywords\":[\"casa\",\"enterro\",\"hija\",\"madre\",\"mato\",\"moreno\",\"patio\"],\"articleSection\":[\"Policiales\",\"Titulares\"],\"inLanguage\":\"es-AR\"},{\"@type\":\"WebPage\",\"@id\":\"https:\\\/\\\/diariodeloeste.com\\\/noticias\\\/2017\\\/01\\\/04\\\/moreno-madre-asesino-a-su-beba-y-la-enterro-en-el-fondo-de-su-casa\\\/\",\"url\":\"https:\\\/\\\/diariodeloeste.com\\\/noticias\\\/2017\\\/01\\\/04\\\/moreno-madre-asesino-a-su-beba-y-la-enterro-en-el-fondo-de-su-casa\\\/\",\"name\":\"Moreno: madre asesino a su beba y la enterr\u00f3 en el fondo de su casa - Diario del Oeste\",\"isPartOf\":{\"@id\":\"https:\\\/\\\/diariodeloeste.com\\\/noticias\\\/#website\"},\"primaryImageOfPage\":{\"@id\":\"https:\\\/\\\/diariodeloeste.com\\\/noticias\\\/2017\\\/01\\\/04\\\/moreno-madre-asesino-a-su-beba-y-la-enterro-en-el-fondo-de-su-casa\\\/#primaryimage\"},\"image\":{\"@id\":\"https:\\\/\\\/diariodeloeste.com\\\/noticias\\\/2017\\\/01\\\/04\\\/moreno-madre-asesino-a-su-beba-y-la-enterro-en-el-fondo-de-su-casa\\\/#primaryimage\"},\"thumbnailUrl\":\"https:\\\/\\\/diariodeloeste.com\\\/noticias\\\/wp-content\\\/uploads\\\/2017\\\/01\\\/moreno2.png\",\"datePublished\":\"2017-01-04T20:43:12+00:00\",\"dateModified\":\"2017-01-04T20:49:07+00:00\",\"breadcrumb\":{\"@id\":\"https:\\\/\\\/diariodeloeste.com\\\/noticias\\\/2017\\\/01\\\/04\\\/moreno-madre-asesino-a-su-beba-y-la-enterro-en-el-fondo-de-su-casa\\\/#breadcrumb\"},\"inLanguage\":\"es-AR\",\"potentialAction\":[{\"@type\":\"ReadAction\",\"target\":[\"https:\\\/\\\/diariodeloeste.com\\\/noticias\\\/2017\\\/01\\\/04\\\/moreno-madre-asesino-a-su-beba-y-la-enterro-en-el-fondo-de-su-casa\\\/\"]}]},{\"@type\":\"ImageObject\",\"inLanguage\":\"es-AR\",\"@id\":\"https:\\\/\\\/diariodeloeste.com\\\/noticias\\\/2017\\\/01\\\/04\\\/moreno-madre-asesino-a-su-beba-y-la-enterro-en-el-fondo-de-su-casa\\\/#primaryimage\",\"url\":\"https:\\\/\\\/diariodeloeste.com\\\/noticias\\\/wp-content\\\/uploads\\\/2017\\\/01\\\/moreno2.png\",\"contentUrl\":\"https:\\\/\\\/diariodeloeste.com\\\/noticias\\\/wp-content\\\/uploads\\\/2017\\\/01\\\/moreno2.png\",\"width\":450,\"height\":571},{\"@type\":\"BreadcrumbList\",\"@id\":\"https:\\\/\\\/diariodeloeste.com\\\/noticias\\\/2017\\\/01\\\/04\\\/moreno-madre-asesino-a-su-beba-y-la-enterro-en-el-fondo-de-su-casa\\\/#breadcrumb\",\"itemListElement\":[{\"@type\":\"ListItem\",\"position\":1,\"name\":\"Inicio\",\"item\":\"https:\\\/\\\/diariodeloeste.com\\\/noticias\\\/\"},{\"@type\":\"ListItem\",\"position\":2,\"name\":\"Moreno: madre asesino a su beba y la enterr\u00f3 en el fondo de su casa\"}]},{\"@type\":\"WebSite\",\"@id\":\"https:\\\/\\\/diariodeloeste.com\\\/noticias\\\/#website\",\"url\":\"https:\\\/\\\/diariodeloeste.com\\\/noticias\\\/\",\"name\":\"Diario del Oeste\",\"description\":\"Noticias del Oeste\",\"publisher\":{\"@id\":\"https:\\\/\\\/diariodeloeste.com\\\/noticias\\\/#organization\"},\"potentialAction\":[{\"@type\":\"SearchAction\",\"target\":{\"@type\":\"EntryPoint\",\"urlTemplate\":\"https:\\\/\\\/diariodeloeste.com\\\/noticias\\\/?s={search_term_string}\"},\"query-input\":{\"@type\":\"PropertyValueSpecification\",\"valueRequired\":true,\"valueName\":\"search_term_string\"}}],\"inLanguage\":\"es-AR\"},{\"@type\":\"Organization\",\"@id\":\"https:\\\/\\\/diariodeloeste.com\\\/noticias\\\/#organization\",\"name\":\"Diario del Oeste\",\"url\":\"https:\\\/\\\/diariodeloeste.com\\\/noticias\\\/\",\"logo\":{\"@type\":\"ImageObject\",\"inLanguage\":\"es-AR\",\"@id\":\"https:\\\/\\\/diariodeloeste.com\\\/noticias\\\/#\\\/schema\\\/logo\\\/image\\\/\",\"url\":\"https:\\\/\\\/diariodeloeste.com\\\/noticias\\\/wp-content\\\/uploads\\\/2019\\\/04\\\/logo.png\",\"contentUrl\":\"https:\\\/\\\/diariodeloeste.com\\\/noticias\\\/wp-content\\\/uploads\\\/2019\\\/04\\\/logo.png\",\"width\":306,\"height\":145,\"caption\":\"Diario del Oeste\"},\"image\":{\"@id\":\"https:\\\/\\\/diariodeloeste.com\\\/noticias\\\/#\\\/schema\\\/logo\\\/image\\\/\"}},{\"@type\":\"Person\",\"@id\":\"https:\\\/\\\/diariodeloeste.com\\\/noticias\\\/#\\\/schema\\\/person\\\/1f7be965f8c093432e1cbfcee0ac4047\",\"name\":\"Redaccion\",\"image\":{\"@type\":\"ImageObject\",\"inLanguage\":\"es-AR\",\"@id\":\"https:\\\/\\\/secure.gravatar.com\\\/avatar\\\/f9bc3a12e26b32d818d88f9a5b61de20b559752e499df507efa7ea3cea0550ef?s=96&d=mm&r=g\",\"url\":\"https:\\\/\\\/secure.gravatar.com\\\/avatar\\\/f9bc3a12e26b32d818d88f9a5b61de20b559752e499df507efa7ea3cea0550ef?s=96&d=mm&r=g\",\"contentUrl\":\"https:\\\/\\\/secure.gravatar.com\\\/avatar\\\/f9bc3a12e26b32d818d88f9a5b61de20b559752e499df507efa7ea3cea0550ef?s=96&d=mm&r=g\",\"caption\":\"Redaccion\"},\"url\":\"https:\\\/\\\/diariodeloeste.com\\\/noticias\\\/author\\\/redaccion\\\/\"}]}<\/script>\n<!-- \/ Yoast SEO plugin. -->","yoast_head_json":{"title":"Moreno: madre asesino a su beba y la enterr\u00f3 en el fondo de su casa - Diario del Oeste","robots":{"index":"index","follow":"follow","max-snippet":"max-snippet:-1","max-image-preview":"max-image-preview:large","max-video-preview":"max-video-preview:-1"},"canonical":"https:\/\/diariodeloeste.com\/noticias\/2017\/01\/04\/moreno-madre-asesino-a-su-beba-y-la-enterro-en-el-fondo-de-su-casa\/","og_locale":"es_ES","og_type":"article","og_title":"Moreno: madre asesino a su beba y la enterr\u00f3 en el fondo de su casa - Diario del Oeste","og_description":"Terrible noticia se difundi\u00f3 en las \u00faltimas horas, una mujer fue aprendida en su vivienda en la localidad de Moreno, en cercan\u00eda a \u201cLas Catonas\u201d acusada de haber asesinado a su hija, una bebe reci\u00e9n nacida y de haberla enterrado en el patio de su casa. Tras denuncias policiales efectuadas por los vecinos de la [&hellip;]","og_url":"https:\/\/diariodeloeste.com\/noticias\/2017\/01\/04\/moreno-madre-asesino-a-su-beba-y-la-enterro-en-el-fondo-de-su-casa\/","og_site_name":"Diario del Oeste","article_published_time":"2017-01-04T20:43:12+00:00","article_modified_time":"2017-01-04T20:49:07+00:00","og_image":[{"width":450,"height":571,"url":"https:\/\/diariodeloeste.com\/noticias\/wp-content\/uploads\/2017\/01\/moreno2.png","type":"image\/png"}],"author":"Redaccion","twitter_card":"summary_large_image","twitter_misc":{"Escrito por":"Redaccion","Tiempo de lectura":"1 minuto"},"schema":{"@context":"https:\/\/schema.org","@graph":[{"@type":"Article","@id":"https:\/\/diariodeloeste.com\/noticias\/2017\/01\/04\/moreno-madre-asesino-a-su-beba-y-la-enterro-en-el-fondo-de-su-casa\/#article","isPartOf":{"@id":"https:\/\/diariodeloeste.com\/noticias\/2017\/01\/04\/moreno-madre-asesino-a-su-beba-y-la-enterro-en-el-fondo-de-su-casa\/"},"author":{"name":"Redaccion","@id":"https:\/\/diariodeloeste.com\/noticias\/#\/schema\/person\/1f7be965f8c093432e1cbfcee0ac4047"},"headline":"Moreno: madre asesino a su beba y la enterr\u00f3 en el fondo de su casa","datePublished":"2017-01-04T20:43:12+00:00","dateModified":"2017-01-04T20:49:07+00:00","mainEntityOfPage":{"@id":"https:\/\/diariodeloeste.com\/noticias\/2017\/01\/04\/moreno-madre-asesino-a-su-beba-y-la-enterro-en-el-fondo-de-su-casa\/"},"wordCount":302,"publisher":{"@id":"https:\/\/diariodeloeste.com\/noticias\/#organization"},"image":{"@id":"https:\/\/diariodeloeste.com\/noticias\/2017\/01\/04\/moreno-madre-asesino-a-su-beba-y-la-enterro-en-el-fondo-de-su-casa\/#primaryimage"},"thumbnailUrl":"https:\/\/diariodeloeste.com\/noticias\/wp-content\/uploads\/2017\/01\/moreno2.png","keywords":["casa","enterro","hija","madre","mato","moreno","patio"],"articleSection":["Policiales","Titulares"],"inLanguage":"es-AR"},{"@type":"WebPage","@id":"https:\/\/diariodeloeste.com\/noticias\/2017\/01\/04\/moreno-madre-asesino-a-su-beba-y-la-enterro-en-el-fondo-de-su-casa\/","url":"https:\/\/diariodeloeste.com\/noticias\/2017\/01\/04\/moreno-madre-asesino-a-su-beba-y-la-enterro-en-el-fondo-de-su-casa\/","name":"Moreno: madre asesino a su beba y la enterr\u00f3 en el fondo de su casa - Diario del Oeste","isPartOf":{"@id":"https:\/\/diariodeloeste.com\/noticias\/#website"},"primaryImageOfPage":{"@id":"https:\/\/diariodeloeste.com\/noticias\/2017\/01\/04\/moreno-madre-asesino-a-su-beba-y-la-enterro-en-el-fondo-de-su-casa\/#primaryimage"},"image":{"@id":"https:\/\/diariodeloeste.com\/noticias\/2017\/01\/04\/moreno-madre-asesino-a-su-beba-y-la-enterro-en-el-fondo-de-su-casa\/#primaryimage"},"thumbnailUrl":"https:\/\/diariodeloeste.com\/noticias\/wp-content\/uploads\/2017\/01\/moreno2.png","datePublished":"2017-01-04T20:43:12+00:00","dateModified":"2017-01-04T20:49:07+00:00","breadcrumb":{"@id":"https:\/\/diariodeloeste.com\/noticias\/2017\/01\/04\/moreno-madre-asesino-a-su-beba-y-la-enterro-en-el-fondo-de-su-casa\/#breadcrumb"},"inLanguage":"es-AR","potentialAction":[{"@type":"ReadAction","target":["https:\/\/diariodeloeste.com\/noticias\/2017\/01\/04\/moreno-madre-asesino-a-su-beba-y-la-enterro-en-el-fondo-de-su-casa\/"]}]},{"@type":"ImageObject","inLanguage":"es-AR","@id":"https:\/\/diariodeloeste.com\/noticias\/2017\/01\/04\/moreno-madre-asesino-a-su-beba-y-la-enterro-en-el-fondo-de-su-casa\/#primaryimage","url":"https:\/\/diariodeloeste.com\/noticias\/wp-content\/uploads\/2017\/01\/moreno2.png","contentUrl":"https:\/\/diariodeloeste.com\/noticias\/wp-content\/uploads\/2017\/01\/moreno2.png","width":450,"height":571},{"@type":"BreadcrumbList","@id":"https:\/\/diariodeloeste.com\/noticias\/2017\/01\/04\/moreno-madre-asesino-a-su-beba-y-la-enterro-en-el-fondo-de-su-casa\/#breadcrumb","itemListElement":[{"@type":"ListItem","position":1,"name":"Inicio","item":"https:\/\/diariodeloeste.com\/noticias\/"},{"@type":"ListItem","position":2,"name":"Moreno: madre asesino a su beba y la enterr\u00f3 en el fondo de su casa"}]},{"@type":"WebSite","@id":"https:\/\/diariodeloeste.com\/noticias\/#website","url":"https:\/\/diariodeloeste.com\/noticias\/","name":"Diario del Oeste","description":"Noticias del Oeste","publisher":{"@id":"https:\/\/diariodeloeste.com\/noticias\/#organization"},"potentialAction":[{"@type":"SearchAction","target":{"@type":"EntryPoint","urlTemplate":"https:\/\/diariodeloeste.com\/noticias\/?s={search_term_string}"},"query-input":{"@type":"PropertyValueSpecification","valueRequired":true,"valueName":"search_term_string"}}],"inLanguage":"es-AR"},{"@type":"Organization","@id":"https:\/\/diariodeloeste.com\/noticias\/#organization","name":"Diario del Oeste","url":"https:\/\/diariodeloeste.com\/noticias\/","logo":{"@type":"ImageObject","inLanguage":"es-AR","@id":"https:\/\/diariodeloeste.com\/noticias\/#\/schema\/logo\/image\/","url":"https:\/\/diariodeloeste.com\/noticias\/wp-content\/uploads\/2019\/04\/logo.png","contentUrl":"https:\/\/diariodeloeste.com\/noticias\/wp-content\/uploads\/2019\/04\/logo.png","width":306,"height":145,"caption":"Diario del Oeste"},"image":{"@id":"https:\/\/diariodeloeste.com\/noticias\/#\/schema\/logo\/image\/"}},{"@type":"Person","@id":"https:\/\/diariodeloeste.com\/noticias\/#\/schema\/person\/1f7be965f8c093432e1cbfcee0ac4047","name":"Redaccion","image":{"@type":"ImageObject","inLanguage":"es-AR","@id":"https:\/\/secure.gravatar.com\/avatar\/f9bc3a12e26b32d818d88f9a5b61de20b559752e499df507efa7ea3cea0550ef?s=96&d=mm&r=g","url":"https:\/\/secure.gravatar.com\/avatar\/f9bc3a12e26b32d818d88f9a5b61de20b559752e499df507efa7ea3cea0550ef?s=96&d=mm&r=g","contentUrl":"https:\/\/secure.gravatar.com\/avatar\/f9bc3a12e26b32d818d88f9a5b61de20b559752e499df507efa7ea3cea0550ef?s=96&d=mm&r=g","caption":"Redaccion"},"url":"https:\/\/diariodeloeste.com\/noticias\/author\/redaccion\/"}]}},"_links":{"self":[{"href":"https:\/\/diariodeloeste.com\/noticias\/wp-json\/wp\/v2\/posts\/131","targetHints":{"allow":["GET"]}}],"collection":[{"href":"https:\/\/diariodeloeste.com\/noticias\/wp-json\/wp\/v2\/posts"}],"about":[{"href":"https:\/\/diariodeloeste.com\/noticias\/wp-json\/wp\/v2\/types\/post"}],"author":[{"embeddable":true,"href":"https:\/\/diariodeloeste.com\/noticias\/wp-json\/wp\/v2\/users\/3"}],"replies":[{"embeddable":true,"href":"https:\/\/diariodeloeste.com\/noticias\/wp-json\/wp\/v2\/comments?post=131"}],"version-history":[{"count":1,"href":"https:\/\/diariodeloeste.com\/noticias\/wp-json\/wp\/v2\/posts\/131\/revisions"}],"predecessor-version":[{"id":132,"href":"https:\/\/diariodeloeste.com\/noticias\/wp-json\/wp\/v2\/posts\/131\/revisions\/132"}],"wp:featuredmedia":[{"embeddable":true,"href":"https:\/\/diariodeloeste.com\/noticias\/wp-json\/wp\/v2\/media\/133"}],"wp:attachment":[{"href":"https:\/\/diariodeloeste.com\/noticias\/wp-json\/wp\/v2\/media?parent=131"}],"wp:term":[{"taxonomy":"category","embeddable":true,"href":"https:\/\/diariodeloeste.com\/noticias\/wp-json\/wp\/v2\/categories?post=131"},{"taxonomy":"post_tag","embeddable":true,"href":"https:\/\/diariodeloeste.com\/noticias\/wp-json\/wp\/v2\/tags?post=131"}],"curies":[{"name":"wp","href":"https:\/\/api.w.org\/{rel}","templated":true}]}}