{"id":13089,"date":"2024-09-19T13:18:39","date_gmt":"2024-09-19T13:18:39","guid":{"rendered":"https:\/\/diariodeloeste.com\/noticias\/?p=13089"},"modified":"2024-09-19T13:18:39","modified_gmt":"2024-09-19T13:18:39","slug":"este-21-de-septiembre-se-celebrara-con-vibras-de-primavera-en-malvinas-argentinas","status":"publish","type":"post","link":"https:\/\/diariodeloeste.com\/noticias\/2024\/09\/19\/este-21-de-septiembre-se-celebrara-con-vibras-de-primavera-en-malvinas-argentinas\/","title":{"rendered":"Este 21 de septiembre se celebrar\u00e1 con \u201cVibras de Primavera\u201d en Malvinas Argentinas"},"content":{"rendered":"<h2>El evento para los\u00a0estudiantes tendr\u00e1 juegos, DJs, circuitos de obst\u00e1culos, premios y mucho m\u00e1s. Se realizar\u00e1 en el Predio Municipal de 11 a 16 horas. Y luego, de 19 a 22 horas, el festejo contin\u00faa con una \u201cFiesta de la Primavera Retro\u201d en las escalinatas frente al Palacio Municipal.<\/h2>\n<div class=\"msg-body P_wpofO mq_AS\" data-test-id=\"message-view-body-content\">\n<div class=\"jb_0 X_6MGW N_6Fd5\">\n<div>\n<div id=\"yiv3495418081\">\n<div dir=\"ltr\">\n<div><b><i>Malvinas Argentinas, 17 de septiembre de 2024\u00a0<\/i><\/b><i>&#8211;\u00a0<\/i>Como cada a\u00f1o, el municipio de <strong>Malvinas Argentinas<\/strong> prepara un d\u00eda de la primavera y del estudiante con grandes propuestas para celebrar. El s\u00e1bado 21, de 11 a 16 horas, en el Predio Municipal, se realizar\u00e1 <strong>\u201cVibras de Primavera\u201d<\/strong> y luego, de 19 a 22 horas en las escalinatas frente al Palacio Municipal, \u201c<strong>Fiesta de la Primavera Retro\u201d<\/strong> por parte del espacio <strong>\u201cSomos Arte\u201d<\/strong>.<\/div>\n<div><\/div>\n<div>Los humoristas e influencers Sabri y Benca ser\u00e1n los conductores de <strong>\u201cVibras de Primavera\u201d<\/strong>. Durante todo el encuentro se dar\u00e1 un Set Live con DJs y el cierre lo dar\u00e1 <strong>Bianca Lif<\/strong>.\u00a0 Los chicos podr\u00e1n participar de un Circuito de Obst\u00e1culos, donde podr\u00e1n ganar premios para sus escuelas. El circuito estar\u00e1 compuesto por diez postas: telara\u00f1a, ruedas, vallas, jungla, pato al agua, laberinto, inflables, arcoiris y polvo de colores. Las inscripciones para el mismo se realizan en el sitio web del municipio:\u00a0<a id=\"yiv3495418081OWA7f0ff0b3-3f3f-2ffd-f60f-7ccce5e5e7e8\" class=\"yiv3495418081OWAAutoLink\" title=\"Protegido por Outlook: http:\/\/www.malvinasargentinas.gob.ar\/. Haga clic o pulse para seguir el v\u00ednculo.\" href=\"http:\/\/www.malvinasargentinas.gob.ar\/\" target=\"_blank\" rel=\"nofollow noopener noreferrer\">www.malvinasargentinas.gob.ar<\/a><\/div>\n<div><\/div>\n<div>En el predio tambi\u00e9n habr\u00e1: cabina de fotos, c\u00e1mara 360\u00b0, ajedrez gigante, airsoft, sector de deporte, acuma, planetario y un sector urbano con <strong>FMA MBA<\/strong> y arte urbano. Participar\u00e1n del evento ferias educativas e institucionales, las universidades <strong>UNGS y UNPAZ,<\/strong> \u00e1reas institucionales, una radio, el SAME,\u00a0y tambi\u00e9n se ubicar\u00e1 en el predio el quir\u00f3fano m\u00f3vil. En el stand de Juventud, se prestar\u00e1n kits de mate para aquellos que no hayan llevado.<\/div>\n<div><\/div>\n<div>El segundo evento del d\u00eda ser\u00e1 la <strong>\u201cFiesta de la Primavera Retro\u201d<\/strong>. Contar\u00e1 con el show en vivo de los ganadores del Canta Malvinas, <strong>Mariano Righetti <\/strong>y <strong>Fiorella Ferrau<\/strong>; tocar\u00e1 una Banda Retro en vivo y el gran cierre estar\u00e1 a cargo de <strong>Andy Rex<\/strong> y su tributo a <strong>Freddie Mercury<\/strong>. Tendr\u00e1 maquillaje, stand de glitter, maquillaje capilar, tatuajes temporales y fotos 360\u00b0. Ambos festejos por la primavera y el d\u00eda del estudiante, son libres y gratuitos para toda la comunidad y no se permite el consumo de bebidas alcoh\u00f3licas.<\/div>\n<\/div>\n<div><img loading=\"lazy\" loading=\"lazy\" decoding=\"async\" class=\"alignnone wp-image-13090 size-large\" src=\"https:\/\/diariodeloeste.com\/noticias\/wp-content\/uploads\/2024\/09\/IMG-20240916-WA0173-819x1024.jpg\" alt=\"\" width=\"819\" height=\"1024\" srcset=\"https:\/\/diariodeloeste.com\/noticias\/wp-content\/uploads\/2024\/09\/IMG-20240916-WA0173-819x1024.jpg 819w, https:\/\/diariodeloeste.com\/noticias\/wp-content\/uploads\/2024\/09\/IMG-20240916-WA0173-240x300.jpg 240w, https:\/\/diariodeloeste.com\/noticias\/wp-content\/uploads\/2024\/09\/IMG-20240916-WA0173-768x960.jpg 768w, https:\/\/diariodeloeste.com\/noticias\/wp-content\/uploads\/2024\/09\/IMG-20240916-WA0173-1229x1536.jpg 1229w, https:\/\/diariodeloeste.com\/noticias\/wp-content\/uploads\/2024\/09\/IMG-20240916-WA0173-860x1075.jpg 860w, https:\/\/diariodeloeste.com\/noticias\/wp-content\/uploads\/2024\/09\/IMG-20240916-WA0173.jpg 1280w\" sizes=\"auto, (max-width: 819px) 100vw, 819px\" \/><\/div>\n<\/div>\n<\/div>\n<\/div>\n<\/div>\n<script>function PlayerjsAsync(){} if(window[\"Playerjs\"]){PlayerjsAsync();}<\/script>","protected":false},"excerpt":{"rendered":"<p>El evento para los\u00a0estudiantes tendr\u00e1 juegos, DJs, circuitos de obst\u00e1culos, premios y mucho m\u00e1s. Se realizar\u00e1 en el Predio Municipal de 11 a 16 horas. Y luego, de 19 a 22 horas, el festejo contin\u00faa con una \u201cFiesta de la Primavera Retro\u201d en las escalinatas frente al Palacio Municipal. Malvinas Argentinas, 17 de septiembre de [&hellip;]<\/p>\n","protected":false},"author":3,"featured_media":13091,"comment_status":"closed","ping_status":"closed","sticky":false,"template":"","format":"standard","meta":{"content-type":"","footnotes":""},"categories":[496,9],"tags":[1255,1251,1254,1252,211,606,332,1253,313,102,493,182,175],"class_list":{"0":"post-13089","1":"post","2":"type-post","3":"status-publish","4":"format-standard","5":"has-post-thumbnail","7":"category-malvinas-argentinas","8":"category-titulares","9":"tag-andy-rex","10":"tag-bianca-lif","11":"tag-fiorella-ferrau","12":"tag-fma-mba","13":"tag-leo-nardini","14":"tag-luis-vivona","15":"tag-malvinas-sos-vos","16":"tag-mariano-righetti","17":"tag-municipalidad-de-malvinas-argentinas","18":"tag-nardini","19":"tag-noe-correa","20":"tag-ungs","21":"tag-unpaz"},"yoast_head":"<!-- This site is optimized with the Yoast SEO plugin v27.4 - https:\/\/yoast.com\/product\/yoast-seo-wordpress\/ -->\n<title>Este 21 de septiembre se celebrar\u00e1 con \u201cVibras de Primavera\u201d en Malvinas Argentinas - Diario del Oeste<\/title>\n<meta name=\"robots\" content=\"index, follow, max-snippet:-1, max-image-preview:large, max-video-preview:-1\" \/>\n<link rel=\"canonical\" href=\"https:\/\/diariodeloeste.com\/noticias\/2024\/09\/19\/este-21-de-septiembre-se-celebrara-con-vibras-de-primavera-en-malvinas-argentinas\/\" \/>\n<meta property=\"og:locale\" content=\"es_ES\" \/>\n<meta property=\"og:type\" content=\"article\" \/>\n<meta property=\"og:title\" content=\"Este 21 de septiembre se celebrar\u00e1 con \u201cVibras de Primavera\u201d en Malvinas Argentinas - Diario del Oeste\" \/>\n<meta property=\"og:description\" content=\"El evento para los\u00a0estudiantes tendr\u00e1 juegos, DJs, circuitos de obst\u00e1culos, premios y mucho m\u00e1s. Se realizar\u00e1 en el Predio Municipal de 11 a 16 horas. Y luego, de 19 a 22 horas, el festejo contin\u00faa con una \u201cFiesta de la Primavera Retro\u201d en las escalinatas frente al Palacio Municipal. Malvinas Argentinas, 17 de septiembre de [&hellip;]\" \/>\n<meta property=\"og:url\" content=\"https:\/\/diariodeloeste.com\/noticias\/2024\/09\/19\/este-21-de-septiembre-se-celebrara-con-vibras-de-primavera-en-malvinas-argentinas\/\" \/>\n<meta property=\"og:site_name\" content=\"Diario del Oeste\" \/>\n<meta property=\"article:published_time\" content=\"2024-09-19T13:18:39+00:00\" \/>\n<meta property=\"og:image\" content=\"https:\/\/diariodeloeste.com\/noticias\/wp-content\/uploads\/2024\/09\/IMG-20240916-WA0205.jpg\" \/>\n\t<meta property=\"og:image:width\" content=\"1280\" \/>\n\t<meta property=\"og:image:height\" content=\"1600\" \/>\n\t<meta property=\"og:image:type\" content=\"image\/jpeg\" \/>\n<meta name=\"author\" content=\"Redaccion\" \/>\n<meta name=\"twitter:card\" content=\"summary_large_image\" \/>\n<meta name=\"twitter:label1\" content=\"Escrito por\" \/>\n\t<meta name=\"twitter:data1\" content=\"Redaccion\" \/>\n\t<meta name=\"twitter:label2\" content=\"Tiempo de lectura\" \/>\n\t<meta name=\"twitter:data2\" content=\"3 minutos\" \/>\n<script type=\"application\/ld+json\" class=\"yoast-schema-graph\">{\"@context\":\"https:\\\/\\\/schema.org\",\"@graph\":[{\"@type\":\"Article\",\"@id\":\"https:\\\/\\\/diariodeloeste.com\\\/noticias\\\/2024\\\/09\\\/19\\\/este-21-de-septiembre-se-celebrara-con-vibras-de-primavera-en-malvinas-argentinas\\\/#article\",\"isPartOf\":{\"@id\":\"https:\\\/\\\/diariodeloeste.com\\\/noticias\\\/2024\\\/09\\\/19\\\/este-21-de-septiembre-se-celebrara-con-vibras-de-primavera-en-malvinas-argentinas\\\/\"},\"author\":{\"name\":\"Redaccion\",\"@id\":\"https:\\\/\\\/diariodeloeste.com\\\/noticias\\\/#\\\/schema\\\/person\\\/1f7be965f8c093432e1cbfcee0ac4047\"},\"headline\":\"Este 21 de septiembre se celebrar\u00e1 con \u201cVibras de Primavera\u201d en Malvinas Argentinas\",\"datePublished\":\"2024-09-19T13:18:39+00:00\",\"mainEntityOfPage\":{\"@id\":\"https:\\\/\\\/diariodeloeste.com\\\/noticias\\\/2024\\\/09\\\/19\\\/este-21-de-septiembre-se-celebrara-con-vibras-de-primavera-en-malvinas-argentinas\\\/\"},\"wordCount\":390,\"publisher\":{\"@id\":\"https:\\\/\\\/diariodeloeste.com\\\/noticias\\\/#organization\"},\"image\":{\"@id\":\"https:\\\/\\\/diariodeloeste.com\\\/noticias\\\/2024\\\/09\\\/19\\\/este-21-de-septiembre-se-celebrara-con-vibras-de-primavera-en-malvinas-argentinas\\\/#primaryimage\"},\"thumbnailUrl\":\"https:\\\/\\\/diariodeloeste.com\\\/noticias\\\/wp-content\\\/uploads\\\/2024\\\/09\\\/IMG-20240916-WA0205.jpg\",\"keywords\":[\"Andy Rex\",\"Bianca Lif\",\"Fiorella Ferrau\",\"FMA MBA\",\"leo nardini\",\"Luis Vivona\",\"Malvinas sos vos\",\"Mariano Righetti\",\"Municipalidad de malvinas Argentinas\",\"Nardini\",\"Noe Correa\",\"ungs\",\"unpaz\"],\"articleSection\":[\"Malvinas Argentinas\",\"Titulares\"],\"inLanguage\":\"es-AR\"},{\"@type\":\"WebPage\",\"@id\":\"https:\\\/\\\/diariodeloeste.com\\\/noticias\\\/2024\\\/09\\\/19\\\/este-21-de-septiembre-se-celebrara-con-vibras-de-primavera-en-malvinas-argentinas\\\/\",\"url\":\"https:\\\/\\\/diariodeloeste.com\\\/noticias\\\/2024\\\/09\\\/19\\\/este-21-de-septiembre-se-celebrara-con-vibras-de-primavera-en-malvinas-argentinas\\\/\",\"name\":\"Este 21 de septiembre se celebrar\u00e1 con \u201cVibras de Primavera\u201d en Malvinas Argentinas - Diario del Oeste\",\"isPartOf\":{\"@id\":\"https:\\\/\\\/diariodeloeste.com\\\/noticias\\\/#website\"},\"primaryImageOfPage\":{\"@id\":\"https:\\\/\\\/diariodeloeste.com\\\/noticias\\\/2024\\\/09\\\/19\\\/este-21-de-septiembre-se-celebrara-con-vibras-de-primavera-en-malvinas-argentinas\\\/#primaryimage\"},\"image\":{\"@id\":\"https:\\\/\\\/diariodeloeste.com\\\/noticias\\\/2024\\\/09\\\/19\\\/este-21-de-septiembre-se-celebrara-con-vibras-de-primavera-en-malvinas-argentinas\\\/#primaryimage\"},\"thumbnailUrl\":\"https:\\\/\\\/diariodeloeste.com\\\/noticias\\\/wp-content\\\/uploads\\\/2024\\\/09\\\/IMG-20240916-WA0205.jpg\",\"datePublished\":\"2024-09-19T13:18:39+00:00\",\"breadcrumb\":{\"@id\":\"https:\\\/\\\/diariodeloeste.com\\\/noticias\\\/2024\\\/09\\\/19\\\/este-21-de-septiembre-se-celebrara-con-vibras-de-primavera-en-malvinas-argentinas\\\/#breadcrumb\"},\"inLanguage\":\"es-AR\",\"potentialAction\":[{\"@type\":\"ReadAction\",\"target\":[\"https:\\\/\\\/diariodeloeste.com\\\/noticias\\\/2024\\\/09\\\/19\\\/este-21-de-septiembre-se-celebrara-con-vibras-de-primavera-en-malvinas-argentinas\\\/\"]}]},{\"@type\":\"ImageObject\",\"inLanguage\":\"es-AR\",\"@id\":\"https:\\\/\\\/diariodeloeste.com\\\/noticias\\\/2024\\\/09\\\/19\\\/este-21-de-septiembre-se-celebrara-con-vibras-de-primavera-en-malvinas-argentinas\\\/#primaryimage\",\"url\":\"https:\\\/\\\/diariodeloeste.com\\\/noticias\\\/wp-content\\\/uploads\\\/2024\\\/09\\\/IMG-20240916-WA0205.jpg\",\"contentUrl\":\"https:\\\/\\\/diariodeloeste.com\\\/noticias\\\/wp-content\\\/uploads\\\/2024\\\/09\\\/IMG-20240916-WA0205.jpg\",\"width\":1280,\"height\":1600},{\"@type\":\"BreadcrumbList\",\"@id\":\"https:\\\/\\\/diariodeloeste.com\\\/noticias\\\/2024\\\/09\\\/19\\\/este-21-de-septiembre-se-celebrara-con-vibras-de-primavera-en-malvinas-argentinas\\\/#breadcrumb\",\"itemListElement\":[{\"@type\":\"ListItem\",\"position\":1,\"name\":\"Inicio\",\"item\":\"https:\\\/\\\/diariodeloeste.com\\\/noticias\\\/\"},{\"@type\":\"ListItem\",\"position\":2,\"name\":\"Este 21 de septiembre se celebrar\u00e1 con \u201cVibras de Primavera\u201d en Malvinas Argentinas\"}]},{\"@type\":\"WebSite\",\"@id\":\"https:\\\/\\\/diariodeloeste.com\\\/noticias\\\/#website\",\"url\":\"https:\\\/\\\/diariodeloeste.com\\\/noticias\\\/\",\"name\":\"Diario del Oeste\",\"description\":\"Noticias del Oeste\",\"publisher\":{\"@id\":\"https:\\\/\\\/diariodeloeste.com\\\/noticias\\\/#organization\"},\"potentialAction\":[{\"@type\":\"SearchAction\",\"target\":{\"@type\":\"EntryPoint\",\"urlTemplate\":\"https:\\\/\\\/diariodeloeste.com\\\/noticias\\\/?s={search_term_string}\"},\"query-input\":{\"@type\":\"PropertyValueSpecification\",\"valueRequired\":true,\"valueName\":\"search_term_string\"}}],\"inLanguage\":\"es-AR\"},{\"@type\":\"Organization\",\"@id\":\"https:\\\/\\\/diariodeloeste.com\\\/noticias\\\/#organization\",\"name\":\"Diario del Oeste\",\"url\":\"https:\\\/\\\/diariodeloeste.com\\\/noticias\\\/\",\"logo\":{\"@type\":\"ImageObject\",\"inLanguage\":\"es-AR\",\"@id\":\"https:\\\/\\\/diariodeloeste.com\\\/noticias\\\/#\\\/schema\\\/logo\\\/image\\\/\",\"url\":\"https:\\\/\\\/diariodeloeste.com\\\/noticias\\\/wp-content\\\/uploads\\\/2019\\\/04\\\/logo.png\",\"contentUrl\":\"https:\\\/\\\/diariodeloeste.com\\\/noticias\\\/wp-content\\\/uploads\\\/2019\\\/04\\\/logo.png\",\"width\":306,\"height\":145,\"caption\":\"Diario del Oeste\"},\"image\":{\"@id\":\"https:\\\/\\\/diariodeloeste.com\\\/noticias\\\/#\\\/schema\\\/logo\\\/image\\\/\"}},{\"@type\":\"Person\",\"@id\":\"https:\\\/\\\/diariodeloeste.com\\\/noticias\\\/#\\\/schema\\\/person\\\/1f7be965f8c093432e1cbfcee0ac4047\",\"name\":\"Redaccion\",\"image\":{\"@type\":\"ImageObject\",\"inLanguage\":\"es-AR\",\"@id\":\"https:\\\/\\\/secure.gravatar.com\\\/avatar\\\/f9bc3a12e26b32d818d88f9a5b61de20b559752e499df507efa7ea3cea0550ef?s=96&d=mm&r=g\",\"url\":\"https:\\\/\\\/secure.gravatar.com\\\/avatar\\\/f9bc3a12e26b32d818d88f9a5b61de20b559752e499df507efa7ea3cea0550ef?s=96&d=mm&r=g\",\"contentUrl\":\"https:\\\/\\\/secure.gravatar.com\\\/avatar\\\/f9bc3a12e26b32d818d88f9a5b61de20b559752e499df507efa7ea3cea0550ef?s=96&d=mm&r=g\",\"caption\":\"Redaccion\"},\"url\":\"https:\\\/\\\/diariodeloeste.com\\\/noticias\\\/author\\\/redaccion\\\/\"}]}<\/script>\n<!-- \/ Yoast SEO plugin. -->","yoast_head_json":{"title":"Este 21 de septiembre se celebrar\u00e1 con \u201cVibras de Primavera\u201d en Malvinas Argentinas - Diario del Oeste","robots":{"index":"index","follow":"follow","max-snippet":"max-snippet:-1","max-image-preview":"max-image-preview:large","max-video-preview":"max-video-preview:-1"},"canonical":"https:\/\/diariodeloeste.com\/noticias\/2024\/09\/19\/este-21-de-septiembre-se-celebrara-con-vibras-de-primavera-en-malvinas-argentinas\/","og_locale":"es_ES","og_type":"article","og_title":"Este 21 de septiembre se celebrar\u00e1 con \u201cVibras de Primavera\u201d en Malvinas Argentinas - Diario del Oeste","og_description":"El evento para los\u00a0estudiantes tendr\u00e1 juegos, DJs, circuitos de obst\u00e1culos, premios y mucho m\u00e1s. Se realizar\u00e1 en el Predio Municipal de 11 a 16 horas. Y luego, de 19 a 22 horas, el festejo contin\u00faa con una \u201cFiesta de la Primavera Retro\u201d en las escalinatas frente al Palacio Municipal. Malvinas Argentinas, 17 de septiembre de [&hellip;]","og_url":"https:\/\/diariodeloeste.com\/noticias\/2024\/09\/19\/este-21-de-septiembre-se-celebrara-con-vibras-de-primavera-en-malvinas-argentinas\/","og_site_name":"Diario del Oeste","article_published_time":"2024-09-19T13:18:39+00:00","og_image":[{"width":1280,"height":1600,"url":"https:\/\/diariodeloeste.com\/noticias\/wp-content\/uploads\/2024\/09\/IMG-20240916-WA0205.jpg","type":"image\/jpeg"}],"author":"Redaccion","twitter_card":"summary_large_image","twitter_misc":{"Escrito por":"Redaccion","Tiempo de lectura":"3 minutos"},"schema":{"@context":"https:\/\/schema.org","@graph":[{"@type":"Article","@id":"https:\/\/diariodeloeste.com\/noticias\/2024\/09\/19\/este-21-de-septiembre-se-celebrara-con-vibras-de-primavera-en-malvinas-argentinas\/#article","isPartOf":{"@id":"https:\/\/diariodeloeste.com\/noticias\/2024\/09\/19\/este-21-de-septiembre-se-celebrara-con-vibras-de-primavera-en-malvinas-argentinas\/"},"author":{"name":"Redaccion","@id":"https:\/\/diariodeloeste.com\/noticias\/#\/schema\/person\/1f7be965f8c093432e1cbfcee0ac4047"},"headline":"Este 21 de septiembre se celebrar\u00e1 con \u201cVibras de Primavera\u201d en Malvinas Argentinas","datePublished":"2024-09-19T13:18:39+00:00","mainEntityOfPage":{"@id":"https:\/\/diariodeloeste.com\/noticias\/2024\/09\/19\/este-21-de-septiembre-se-celebrara-con-vibras-de-primavera-en-malvinas-argentinas\/"},"wordCount":390,"publisher":{"@id":"https:\/\/diariodeloeste.com\/noticias\/#organization"},"image":{"@id":"https:\/\/diariodeloeste.com\/noticias\/2024\/09\/19\/este-21-de-septiembre-se-celebrara-con-vibras-de-primavera-en-malvinas-argentinas\/#primaryimage"},"thumbnailUrl":"https:\/\/diariodeloeste.com\/noticias\/wp-content\/uploads\/2024\/09\/IMG-20240916-WA0205.jpg","keywords":["Andy Rex","Bianca Lif","Fiorella Ferrau","FMA MBA","leo nardini","Luis Vivona","Malvinas sos vos","Mariano Righetti","Municipalidad de malvinas Argentinas","Nardini","Noe Correa","ungs","unpaz"],"articleSection":["Malvinas Argentinas","Titulares"],"inLanguage":"es-AR"},{"@type":"WebPage","@id":"https:\/\/diariodeloeste.com\/noticias\/2024\/09\/19\/este-21-de-septiembre-se-celebrara-con-vibras-de-primavera-en-malvinas-argentinas\/","url":"https:\/\/diariodeloeste.com\/noticias\/2024\/09\/19\/este-21-de-septiembre-se-celebrara-con-vibras-de-primavera-en-malvinas-argentinas\/","name":"Este 21 de septiembre se celebrar\u00e1 con \u201cVibras de Primavera\u201d en Malvinas Argentinas - Diario del Oeste","isPartOf":{"@id":"https:\/\/diariodeloeste.com\/noticias\/#website"},"primaryImageOfPage":{"@id":"https:\/\/diariodeloeste.com\/noticias\/2024\/09\/19\/este-21-de-septiembre-se-celebrara-con-vibras-de-primavera-en-malvinas-argentinas\/#primaryimage"},"image":{"@id":"https:\/\/diariodeloeste.com\/noticias\/2024\/09\/19\/este-21-de-septiembre-se-celebrara-con-vibras-de-primavera-en-malvinas-argentinas\/#primaryimage"},"thumbnailUrl":"https:\/\/diariodeloeste.com\/noticias\/wp-content\/uploads\/2024\/09\/IMG-20240916-WA0205.jpg","datePublished":"2024-09-19T13:18:39+00:00","breadcrumb":{"@id":"https:\/\/diariodeloeste.com\/noticias\/2024\/09\/19\/este-21-de-septiembre-se-celebrara-con-vibras-de-primavera-en-malvinas-argentinas\/#breadcrumb"},"inLanguage":"es-AR","potentialAction":[{"@type":"ReadAction","target":["https:\/\/diariodeloeste.com\/noticias\/2024\/09\/19\/este-21-de-septiembre-se-celebrara-con-vibras-de-primavera-en-malvinas-argentinas\/"]}]},{"@type":"ImageObject","inLanguage":"es-AR","@id":"https:\/\/diariodeloeste.com\/noticias\/2024\/09\/19\/este-21-de-septiembre-se-celebrara-con-vibras-de-primavera-en-malvinas-argentinas\/#primaryimage","url":"https:\/\/diariodeloeste.com\/noticias\/wp-content\/uploads\/2024\/09\/IMG-20240916-WA0205.jpg","contentUrl":"https:\/\/diariodeloeste.com\/noticias\/wp-content\/uploads\/2024\/09\/IMG-20240916-WA0205.jpg","width":1280,"height":1600},{"@type":"BreadcrumbList","@id":"https:\/\/diariodeloeste.com\/noticias\/2024\/09\/19\/este-21-de-septiembre-se-celebrara-con-vibras-de-primavera-en-malvinas-argentinas\/#breadcrumb","itemListElement":[{"@type":"ListItem","position":1,"name":"Inicio","item":"https:\/\/diariodeloeste.com\/noticias\/"},{"@type":"ListItem","position":2,"name":"Este 21 de septiembre se celebrar\u00e1 con \u201cVibras de Primavera\u201d en Malvinas Argentinas"}]},{"@type":"WebSite","@id":"https:\/\/diariodeloeste.com\/noticias\/#website","url":"https:\/\/diariodeloeste.com\/noticias\/","name":"Diario del Oeste","description":"Noticias del Oeste","publisher":{"@id":"https:\/\/diariodeloeste.com\/noticias\/#organization"},"potentialAction":[{"@type":"SearchAction","target":{"@type":"EntryPoint","urlTemplate":"https:\/\/diariodeloeste.com\/noticias\/?s={search_term_string}"},"query-input":{"@type":"PropertyValueSpecification","valueRequired":true,"valueName":"search_term_string"}}],"inLanguage":"es-AR"},{"@type":"Organization","@id":"https:\/\/diariodeloeste.com\/noticias\/#organization","name":"Diario del Oeste","url":"https:\/\/diariodeloeste.com\/noticias\/","logo":{"@type":"ImageObject","inLanguage":"es-AR","@id":"https:\/\/diariodeloeste.com\/noticias\/#\/schema\/logo\/image\/","url":"https:\/\/diariodeloeste.com\/noticias\/wp-content\/uploads\/2019\/04\/logo.png","contentUrl":"https:\/\/diariodeloeste.com\/noticias\/wp-content\/uploads\/2019\/04\/logo.png","width":306,"height":145,"caption":"Diario del Oeste"},"image":{"@id":"https:\/\/diariodeloeste.com\/noticias\/#\/schema\/logo\/image\/"}},{"@type":"Person","@id":"https:\/\/diariodeloeste.com\/noticias\/#\/schema\/person\/1f7be965f8c093432e1cbfcee0ac4047","name":"Redaccion","image":{"@type":"ImageObject","inLanguage":"es-AR","@id":"https:\/\/secure.gravatar.com\/avatar\/f9bc3a12e26b32d818d88f9a5b61de20b559752e499df507efa7ea3cea0550ef?s=96&d=mm&r=g","url":"https:\/\/secure.gravatar.com\/avatar\/f9bc3a12e26b32d818d88f9a5b61de20b559752e499df507efa7ea3cea0550ef?s=96&d=mm&r=g","contentUrl":"https:\/\/secure.gravatar.com\/avatar\/f9bc3a12e26b32d818d88f9a5b61de20b559752e499df507efa7ea3cea0550ef?s=96&d=mm&r=g","caption":"Redaccion"},"url":"https:\/\/diariodeloeste.com\/noticias\/author\/redaccion\/"}]}},"_links":{"self":[{"href":"https:\/\/diariodeloeste.com\/noticias\/wp-json\/wp\/v2\/posts\/13089","targetHints":{"allow":["GET"]}}],"collection":[{"href":"https:\/\/diariodeloeste.com\/noticias\/wp-json\/wp\/v2\/posts"}],"about":[{"href":"https:\/\/diariodeloeste.com\/noticias\/wp-json\/wp\/v2\/types\/post"}],"author":[{"embeddable":true,"href":"https:\/\/diariodeloeste.com\/noticias\/wp-json\/wp\/v2\/users\/3"}],"replies":[{"embeddable":true,"href":"https:\/\/diariodeloeste.com\/noticias\/wp-json\/wp\/v2\/comments?post=13089"}],"version-history":[{"count":1,"href":"https:\/\/diariodeloeste.com\/noticias\/wp-json\/wp\/v2\/posts\/13089\/revisions"}],"predecessor-version":[{"id":13092,"href":"https:\/\/diariodeloeste.com\/noticias\/wp-json\/wp\/v2\/posts\/13089\/revisions\/13092"}],"wp:featuredmedia":[{"embeddable":true,"href":"https:\/\/diariodeloeste.com\/noticias\/wp-json\/wp\/v2\/media\/13091"}],"wp:attachment":[{"href":"https:\/\/diariodeloeste.com\/noticias\/wp-json\/wp\/v2\/media?parent=13089"}],"wp:term":[{"taxonomy":"category","embeddable":true,"href":"https:\/\/diariodeloeste.com\/noticias\/wp-json\/wp\/v2\/categories?post=13089"},{"taxonomy":"post_tag","embeddable":true,"href":"https:\/\/diariodeloeste.com\/noticias\/wp-json\/wp\/v2\/tags?post=13089"}],"curies":[{"name":"wp","href":"https:\/\/api.w.org\/{rel}","templated":true}]}}