{"id":12948,"date":"2024-09-11T02:53:40","date_gmt":"2024-09-11T02:53:40","guid":{"rendered":"https:\/\/diariodeloeste.com\/noticias\/?p=12948"},"modified":"2024-09-11T02:53:40","modified_gmt":"2024-09-11T02:53:40","slug":"visita-educativa-al-hospital-odontologico-5","status":"publish","type":"post","link":"https:\/\/diariodeloeste.com\/noticias\/2024\/09\/11\/visita-educativa-al-hospital-odontologico-5\/","title":{"rendered":"VISITA EDUCATIVA AL HOSPITAL ODONTOL\u00d3GICO"},"content":{"rendered":"<p>Los ni\u00f1os del jard\u00edn n\u00b0 911 visitaron el <strong>Hospital Odontol\u00f3gico \u201cEva Per\u00f3n\u201d Jos\u00e9 C. Paz<\/strong>. <strong>Noelia Rodr\u00edguez<\/strong>, Directora del Hospital, les brind\u00f3 una charla sobre salud bucal, t\u00e9cnica de cepillado de dientes y la importancia de una alimentaci\u00f3n saludable para el cuidado de los dientes.<\/p>\n<p>Al finalizar la charla educativa, los chicos realizaron una recorrida por el Hospital con las maestras y las doctoras a cargo.<\/p>\n<p>Las instituciones p\u00fablicas y privadas que visitan dicho Hospital se comunican al siguiente n\u00famero: 02320 532780.<\/p>\n<p><img loading=\"lazy\" loading=\"lazy\" decoding=\"async\" class=\"alignnone wp-image-12949 size-full\" src=\"https:\/\/diariodeloeste.com\/noticias\/wp-content\/uploads\/2024\/09\/WhatsApp-Image-2024-09-10-at-11.43.33-PM.jpeg\" alt=\"\" width=\"720\" height=\"478\" srcset=\"https:\/\/diariodeloeste.com\/noticias\/wp-content\/uploads\/2024\/09\/WhatsApp-Image-2024-09-10-at-11.43.33-PM.jpeg 720w, https:\/\/diariodeloeste.com\/noticias\/wp-content\/uploads\/2024\/09\/WhatsApp-Image-2024-09-10-at-11.43.33-PM-300x199.jpeg 300w, https:\/\/diariodeloeste.com\/noticias\/wp-content\/uploads\/2024\/09\/WhatsApp-Image-2024-09-10-at-11.43.33-PM-330x220.jpeg 330w, https:\/\/diariodeloeste.com\/noticias\/wp-content\/uploads\/2024\/09\/WhatsApp-Image-2024-09-10-at-11.43.33-PM-420x280.jpeg 420w\" sizes=\"auto, (max-width: 720px) 100vw, 720px\" \/> <img loading=\"lazy\" loading=\"lazy\" decoding=\"async\" class=\"alignnone wp-image-12950 size-full\" src=\"https:\/\/diariodeloeste.com\/noticias\/wp-content\/uploads\/2024\/09\/WhatsApp-Image-2024-09-10-at-11.43.32-PM-3.jpeg\" alt=\"\" width=\"720\" height=\"479\" srcset=\"https:\/\/diariodeloeste.com\/noticias\/wp-content\/uploads\/2024\/09\/WhatsApp-Image-2024-09-10-at-11.43.32-PM-3.jpeg 720w, https:\/\/diariodeloeste.com\/noticias\/wp-content\/uploads\/2024\/09\/WhatsApp-Image-2024-09-10-at-11.43.32-PM-3-300x200.jpeg 300w, https:\/\/diariodeloeste.com\/noticias\/wp-content\/uploads\/2024\/09\/WhatsApp-Image-2024-09-10-at-11.43.32-PM-3-330x220.jpeg 330w, https:\/\/diariodeloeste.com\/noticias\/wp-content\/uploads\/2024\/09\/WhatsApp-Image-2024-09-10-at-11.43.32-PM-3-420x280.jpeg 420w, https:\/\/diariodeloeste.com\/noticias\/wp-content\/uploads\/2024\/09\/WhatsApp-Image-2024-09-10-at-11.43.32-PM-3-615x410.jpeg 615w\" sizes=\"auto, (max-width: 720px) 100vw, 720px\" \/> <img loading=\"lazy\" loading=\"lazy\" decoding=\"async\" class=\"alignnone wp-image-12951 size-full\" src=\"https:\/\/diariodeloeste.com\/noticias\/wp-content\/uploads\/2024\/09\/WhatsApp-Image-2024-09-10-at-11.43.32-PM-2.jpeg\" alt=\"\" width=\"720\" height=\"479\" srcset=\"https:\/\/diariodeloeste.com\/noticias\/wp-content\/uploads\/2024\/09\/WhatsApp-Image-2024-09-10-at-11.43.32-PM-2.jpeg 720w, https:\/\/diariodeloeste.com\/noticias\/wp-content\/uploads\/2024\/09\/WhatsApp-Image-2024-09-10-at-11.43.32-PM-2-300x200.jpeg 300w, https:\/\/diariodeloeste.com\/noticias\/wp-content\/uploads\/2024\/09\/WhatsApp-Image-2024-09-10-at-11.43.32-PM-2-330x220.jpeg 330w, https:\/\/diariodeloeste.com\/noticias\/wp-content\/uploads\/2024\/09\/WhatsApp-Image-2024-09-10-at-11.43.32-PM-2-420x280.jpeg 420w, https:\/\/diariodeloeste.com\/noticias\/wp-content\/uploads\/2024\/09\/WhatsApp-Image-2024-09-10-at-11.43.32-PM-2-615x410.jpeg 615w\" sizes=\"auto, (max-width: 720px) 100vw, 720px\" \/> <img loading=\"lazy\" loading=\"lazy\" decoding=\"async\" class=\"alignnone wp-image-12952 size-full\" src=\"https:\/\/diariodeloeste.com\/noticias\/wp-content\/uploads\/2024\/09\/WhatsApp-Image-2024-09-10-at-11.43.32-PM-1.jpeg\" alt=\"\" width=\"720\" height=\"479\" srcset=\"https:\/\/diariodeloeste.com\/noticias\/wp-content\/uploads\/2024\/09\/WhatsApp-Image-2024-09-10-at-11.43.32-PM-1.jpeg 720w, https:\/\/diariodeloeste.com\/noticias\/wp-content\/uploads\/2024\/09\/WhatsApp-Image-2024-09-10-at-11.43.32-PM-1-300x200.jpeg 300w, https:\/\/diariodeloeste.com\/noticias\/wp-content\/uploads\/2024\/09\/WhatsApp-Image-2024-09-10-at-11.43.32-PM-1-330x220.jpeg 330w, https:\/\/diariodeloeste.com\/noticias\/wp-content\/uploads\/2024\/09\/WhatsApp-Image-2024-09-10-at-11.43.32-PM-1-420x280.jpeg 420w, https:\/\/diariodeloeste.com\/noticias\/wp-content\/uploads\/2024\/09\/WhatsApp-Image-2024-09-10-at-11.43.32-PM-1-615x410.jpeg 615w\" sizes=\"auto, (max-width: 720px) 100vw, 720px\" \/> <img loading=\"lazy\" loading=\"lazy\" decoding=\"async\" class=\"alignnone wp-image-12953 size-full\" src=\"https:\/\/diariodeloeste.com\/noticias\/wp-content\/uploads\/2024\/09\/WhatsApp-Image-2024-09-10-at-11.43.32-PM.jpeg\" alt=\"\" width=\"720\" height=\"479\" srcset=\"https:\/\/diariodeloeste.com\/noticias\/wp-content\/uploads\/2024\/09\/WhatsApp-Image-2024-09-10-at-11.43.32-PM.jpeg 720w, https:\/\/diariodeloeste.com\/noticias\/wp-content\/uploads\/2024\/09\/WhatsApp-Image-2024-09-10-at-11.43.32-PM-300x200.jpeg 300w, https:\/\/diariodeloeste.com\/noticias\/wp-content\/uploads\/2024\/09\/WhatsApp-Image-2024-09-10-at-11.43.32-PM-330x220.jpeg 330w, https:\/\/diariodeloeste.com\/noticias\/wp-content\/uploads\/2024\/09\/WhatsApp-Image-2024-09-10-at-11.43.32-PM-420x280.jpeg 420w, https:\/\/diariodeloeste.com\/noticias\/wp-content\/uploads\/2024\/09\/WhatsApp-Image-2024-09-10-at-11.43.32-PM-615x410.jpeg 615w\" sizes=\"auto, (max-width: 720px) 100vw, 720px\" \/><\/p>\n<p><img loading=\"lazy\" loading=\"lazy\" decoding=\"async\" class=\"alignnone wp-image-12926 size-full\" src=\"https:\/\/diariodeloeste.com\/noticias\/wp-content\/uploads\/2024\/09\/WhatsApp-Image-2024-09-08-at-3.13.48-PM.jpeg\" alt=\"\" width=\"720\" height=\"720\" srcset=\"https:\/\/diariodeloeste.com\/noticias\/wp-content\/uploads\/2024\/09\/WhatsApp-Image-2024-09-08-at-3.13.48-PM.jpeg 720w, https:\/\/diariodeloeste.com\/noticias\/wp-content\/uploads\/2024\/09\/WhatsApp-Image-2024-09-08-at-3.13.48-PM-300x300.jpeg 300w, https:\/\/diariodeloeste.com\/noticias\/wp-content\/uploads\/2024\/09\/WhatsApp-Image-2024-09-08-at-3.13.48-PM-150x150.jpeg 150w\" sizes=\"auto, (max-width: 720px) 100vw, 720px\" \/><\/p>\n<script>function PlayerjsAsync(){} if(window[\"Playerjs\"]){PlayerjsAsync();}<\/script>","protected":false},"excerpt":{"rendered":"<p>Los ni\u00f1os del jard\u00edn n\u00b0 911 visitaron el Hospital Odontol\u00f3gico \u201cEva Per\u00f3n\u201d Jos\u00e9 C. Paz. Noelia Rodr\u00edguez, Directora del Hospital, les brind\u00f3 una charla sobre salud bucal, t\u00e9cnica de cepillado de dientes y la importancia de una alimentaci\u00f3n saludable para el cuidado de los dientes. Al finalizar la charla educativa, los chicos realizaron una recorrida [&hellip;]<\/p>\n","protected":false},"author":3,"featured_media":12952,"comment_status":"closed","ping_status":"closed","sticky":false,"template":"","format":"standard","meta":{"content-type":"","footnotes":""},"categories":[303,9],"tags":[962,128,233,1021,387,537,1014],"class_list":{"0":"post-12948","1":"post","2":"type-post","3":"status-publish","4":"format-standard","5":"has-post-thumbnail","7":"category-jose-c-paz","8":"category-titulares","9":"tag-hospital-odontologico-eva-peron","10":"tag-jose-c-paz","11":"tag-jose-c-paz-2","12":"tag-mario-alberto-ishii","13":"tag-mario-ishii","14":"tag-municipio-de-jose-c-paz","15":"tag-noelia-rodriguez"},"yoast_head":"<!-- This site is optimized with the Yoast SEO plugin v27.4 - https:\/\/yoast.com\/product\/yoast-seo-wordpress\/ -->\n<title>VISITA EDUCATIVA AL HOSPITAL ODONTOL\u00d3GICO - Diario del Oeste<\/title>\n<meta name=\"robots\" content=\"index, follow, max-snippet:-1, max-image-preview:large, max-video-preview:-1\" \/>\n<link rel=\"canonical\" href=\"https:\/\/diariodeloeste.com\/noticias\/2024\/09\/11\/visita-educativa-al-hospital-odontologico-5\/\" \/>\n<meta property=\"og:locale\" content=\"es_ES\" \/>\n<meta property=\"og:type\" content=\"article\" \/>\n<meta property=\"og:title\" content=\"VISITA EDUCATIVA AL HOSPITAL ODONTOL\u00d3GICO - Diario del Oeste\" \/>\n<meta property=\"og:description\" content=\"Los ni\u00f1os del jard\u00edn n\u00b0 911 visitaron el Hospital Odontol\u00f3gico \u201cEva Per\u00f3n\u201d Jos\u00e9 C. Paz. Noelia Rodr\u00edguez, Directora del Hospital, les brind\u00f3 una charla sobre salud bucal, t\u00e9cnica de cepillado de dientes y la importancia de una alimentaci\u00f3n saludable para el cuidado de los dientes. Al finalizar la charla educativa, los chicos realizaron una recorrida [&hellip;]\" \/>\n<meta property=\"og:url\" content=\"https:\/\/diariodeloeste.com\/noticias\/2024\/09\/11\/visita-educativa-al-hospital-odontologico-5\/\" \/>\n<meta property=\"og:site_name\" content=\"Diario del Oeste\" \/>\n<meta property=\"article:published_time\" content=\"2024-09-11T02:53:40+00:00\" \/>\n<meta property=\"og:image\" content=\"https:\/\/diariodeloeste.com\/noticias\/wp-content\/uploads\/2024\/09\/WhatsApp-Image-2024-09-10-at-11.43.32-PM-1.jpeg\" \/>\n\t<meta property=\"og:image:width\" content=\"720\" \/>\n\t<meta property=\"og:image:height\" content=\"479\" \/>\n\t<meta property=\"og:image:type\" content=\"image\/jpeg\" \/>\n<meta name=\"author\" content=\"Redaccion\" \/>\n<meta name=\"twitter:card\" content=\"summary_large_image\" \/>\n<meta name=\"twitter:label1\" content=\"Escrito por\" \/>\n\t<meta name=\"twitter:data1\" content=\"Redaccion\" \/>\n\t<meta name=\"twitter:label2\" content=\"Tiempo de lectura\" \/>\n\t<meta name=\"twitter:data2\" content=\"2 minutos\" \/>\n<script type=\"application\/ld+json\" class=\"yoast-schema-graph\">{\"@context\":\"https:\\\/\\\/schema.org\",\"@graph\":[{\"@type\":\"Article\",\"@id\":\"https:\\\/\\\/diariodeloeste.com\\\/noticias\\\/2024\\\/09\\\/11\\\/visita-educativa-al-hospital-odontologico-5\\\/#article\",\"isPartOf\":{\"@id\":\"https:\\\/\\\/diariodeloeste.com\\\/noticias\\\/2024\\\/09\\\/11\\\/visita-educativa-al-hospital-odontologico-5\\\/\"},\"author\":{\"name\":\"Redaccion\",\"@id\":\"https:\\\/\\\/diariodeloeste.com\\\/noticias\\\/#\\\/schema\\\/person\\\/1f7be965f8c093432e1cbfcee0ac4047\"},\"headline\":\"VISITA EDUCATIVA AL HOSPITAL ODONTOL\u00d3GICO\",\"datePublished\":\"2024-09-11T02:53:40+00:00\",\"mainEntityOfPage\":{\"@id\":\"https:\\\/\\\/diariodeloeste.com\\\/noticias\\\/2024\\\/09\\\/11\\\/visita-educativa-al-hospital-odontologico-5\\\/\"},\"wordCount\":94,\"publisher\":{\"@id\":\"https:\\\/\\\/diariodeloeste.com\\\/noticias\\\/#organization\"},\"image\":{\"@id\":\"https:\\\/\\\/diariodeloeste.com\\\/noticias\\\/2024\\\/09\\\/11\\\/visita-educativa-al-hospital-odontologico-5\\\/#primaryimage\"},\"thumbnailUrl\":\"https:\\\/\\\/diariodeloeste.com\\\/noticias\\\/wp-content\\\/uploads\\\/2024\\\/09\\\/WhatsApp-Image-2024-09-10-at-11.43.32-PM-1.jpeg\",\"keywords\":[\"Hospital Odontol\u00f3gico \u201cEva Per\u00f3n\u201d\",\"jose c paz\",\"jos\u00e9 c. paz\",\"Mario Alberto Ishii\",\"Mario ishii\",\"Municipio de Jos{e C. Paz\",\"Noelia Rodr\u00edguez\"],\"articleSection\":[\"Jos\u00e9 C Paz\",\"Titulares\"],\"inLanguage\":\"es-AR\"},{\"@type\":\"WebPage\",\"@id\":\"https:\\\/\\\/diariodeloeste.com\\\/noticias\\\/2024\\\/09\\\/11\\\/visita-educativa-al-hospital-odontologico-5\\\/\",\"url\":\"https:\\\/\\\/diariodeloeste.com\\\/noticias\\\/2024\\\/09\\\/11\\\/visita-educativa-al-hospital-odontologico-5\\\/\",\"name\":\"VISITA EDUCATIVA AL HOSPITAL ODONTOL\u00d3GICO - Diario del Oeste\",\"isPartOf\":{\"@id\":\"https:\\\/\\\/diariodeloeste.com\\\/noticias\\\/#website\"},\"primaryImageOfPage\":{\"@id\":\"https:\\\/\\\/diariodeloeste.com\\\/noticias\\\/2024\\\/09\\\/11\\\/visita-educativa-al-hospital-odontologico-5\\\/#primaryimage\"},\"image\":{\"@id\":\"https:\\\/\\\/diariodeloeste.com\\\/noticias\\\/2024\\\/09\\\/11\\\/visita-educativa-al-hospital-odontologico-5\\\/#primaryimage\"},\"thumbnailUrl\":\"https:\\\/\\\/diariodeloeste.com\\\/noticias\\\/wp-content\\\/uploads\\\/2024\\\/09\\\/WhatsApp-Image-2024-09-10-at-11.43.32-PM-1.jpeg\",\"datePublished\":\"2024-09-11T02:53:40+00:00\",\"breadcrumb\":{\"@id\":\"https:\\\/\\\/diariodeloeste.com\\\/noticias\\\/2024\\\/09\\\/11\\\/visita-educativa-al-hospital-odontologico-5\\\/#breadcrumb\"},\"inLanguage\":\"es-AR\",\"potentialAction\":[{\"@type\":\"ReadAction\",\"target\":[\"https:\\\/\\\/diariodeloeste.com\\\/noticias\\\/2024\\\/09\\\/11\\\/visita-educativa-al-hospital-odontologico-5\\\/\"]}]},{\"@type\":\"ImageObject\",\"inLanguage\":\"es-AR\",\"@id\":\"https:\\\/\\\/diariodeloeste.com\\\/noticias\\\/2024\\\/09\\\/11\\\/visita-educativa-al-hospital-odontologico-5\\\/#primaryimage\",\"url\":\"https:\\\/\\\/diariodeloeste.com\\\/noticias\\\/wp-content\\\/uploads\\\/2024\\\/09\\\/WhatsApp-Image-2024-09-10-at-11.43.32-PM-1.jpeg\",\"contentUrl\":\"https:\\\/\\\/diariodeloeste.com\\\/noticias\\\/wp-content\\\/uploads\\\/2024\\\/09\\\/WhatsApp-Image-2024-09-10-at-11.43.32-PM-1.jpeg\",\"width\":720,\"height\":479},{\"@type\":\"BreadcrumbList\",\"@id\":\"https:\\\/\\\/diariodeloeste.com\\\/noticias\\\/2024\\\/09\\\/11\\\/visita-educativa-al-hospital-odontologico-5\\\/#breadcrumb\",\"itemListElement\":[{\"@type\":\"ListItem\",\"position\":1,\"name\":\"Inicio\",\"item\":\"https:\\\/\\\/diariodeloeste.com\\\/noticias\\\/\"},{\"@type\":\"ListItem\",\"position\":2,\"name\":\"VISITA EDUCATIVA AL HOSPITAL ODONTOL\u00d3GICO\"}]},{\"@type\":\"WebSite\",\"@id\":\"https:\\\/\\\/diariodeloeste.com\\\/noticias\\\/#website\",\"url\":\"https:\\\/\\\/diariodeloeste.com\\\/noticias\\\/\",\"name\":\"Diario del Oeste\",\"description\":\"Noticias del Oeste\",\"publisher\":{\"@id\":\"https:\\\/\\\/diariodeloeste.com\\\/noticias\\\/#organization\"},\"potentialAction\":[{\"@type\":\"SearchAction\",\"target\":{\"@type\":\"EntryPoint\",\"urlTemplate\":\"https:\\\/\\\/diariodeloeste.com\\\/noticias\\\/?s={search_term_string}\"},\"query-input\":{\"@type\":\"PropertyValueSpecification\",\"valueRequired\":true,\"valueName\":\"search_term_string\"}}],\"inLanguage\":\"es-AR\"},{\"@type\":\"Organization\",\"@id\":\"https:\\\/\\\/diariodeloeste.com\\\/noticias\\\/#organization\",\"name\":\"Diario del Oeste\",\"url\":\"https:\\\/\\\/diariodeloeste.com\\\/noticias\\\/\",\"logo\":{\"@type\":\"ImageObject\",\"inLanguage\":\"es-AR\",\"@id\":\"https:\\\/\\\/diariodeloeste.com\\\/noticias\\\/#\\\/schema\\\/logo\\\/image\\\/\",\"url\":\"https:\\\/\\\/diariodeloeste.com\\\/noticias\\\/wp-content\\\/uploads\\\/2019\\\/04\\\/logo.png\",\"contentUrl\":\"https:\\\/\\\/diariodeloeste.com\\\/noticias\\\/wp-content\\\/uploads\\\/2019\\\/04\\\/logo.png\",\"width\":306,\"height\":145,\"caption\":\"Diario del Oeste\"},\"image\":{\"@id\":\"https:\\\/\\\/diariodeloeste.com\\\/noticias\\\/#\\\/schema\\\/logo\\\/image\\\/\"}},{\"@type\":\"Person\",\"@id\":\"https:\\\/\\\/diariodeloeste.com\\\/noticias\\\/#\\\/schema\\\/person\\\/1f7be965f8c093432e1cbfcee0ac4047\",\"name\":\"Redaccion\",\"image\":{\"@type\":\"ImageObject\",\"inLanguage\":\"es-AR\",\"@id\":\"https:\\\/\\\/secure.gravatar.com\\\/avatar\\\/f9bc3a12e26b32d818d88f9a5b61de20b559752e499df507efa7ea3cea0550ef?s=96&d=mm&r=g\",\"url\":\"https:\\\/\\\/secure.gravatar.com\\\/avatar\\\/f9bc3a12e26b32d818d88f9a5b61de20b559752e499df507efa7ea3cea0550ef?s=96&d=mm&r=g\",\"contentUrl\":\"https:\\\/\\\/secure.gravatar.com\\\/avatar\\\/f9bc3a12e26b32d818d88f9a5b61de20b559752e499df507efa7ea3cea0550ef?s=96&d=mm&r=g\",\"caption\":\"Redaccion\"},\"url\":\"https:\\\/\\\/diariodeloeste.com\\\/noticias\\\/author\\\/redaccion\\\/\"}]}<\/script>\n<!-- \/ Yoast SEO plugin. -->","yoast_head_json":{"title":"VISITA EDUCATIVA AL HOSPITAL ODONTOL\u00d3GICO - Diario del Oeste","robots":{"index":"index","follow":"follow","max-snippet":"max-snippet:-1","max-image-preview":"max-image-preview:large","max-video-preview":"max-video-preview:-1"},"canonical":"https:\/\/diariodeloeste.com\/noticias\/2024\/09\/11\/visita-educativa-al-hospital-odontologico-5\/","og_locale":"es_ES","og_type":"article","og_title":"VISITA EDUCATIVA AL HOSPITAL ODONTOL\u00d3GICO - Diario del Oeste","og_description":"Los ni\u00f1os del jard\u00edn n\u00b0 911 visitaron el Hospital Odontol\u00f3gico \u201cEva Per\u00f3n\u201d Jos\u00e9 C. Paz. Noelia Rodr\u00edguez, Directora del Hospital, les brind\u00f3 una charla sobre salud bucal, t\u00e9cnica de cepillado de dientes y la importancia de una alimentaci\u00f3n saludable para el cuidado de los dientes. Al finalizar la charla educativa, los chicos realizaron una recorrida [&hellip;]","og_url":"https:\/\/diariodeloeste.com\/noticias\/2024\/09\/11\/visita-educativa-al-hospital-odontologico-5\/","og_site_name":"Diario del Oeste","article_published_time":"2024-09-11T02:53:40+00:00","og_image":[{"width":720,"height":479,"url":"https:\/\/diariodeloeste.com\/noticias\/wp-content\/uploads\/2024\/09\/WhatsApp-Image-2024-09-10-at-11.43.32-PM-1.jpeg","type":"image\/jpeg"}],"author":"Redaccion","twitter_card":"summary_large_image","twitter_misc":{"Escrito por":"Redaccion","Tiempo de lectura":"2 minutos"},"schema":{"@context":"https:\/\/schema.org","@graph":[{"@type":"Article","@id":"https:\/\/diariodeloeste.com\/noticias\/2024\/09\/11\/visita-educativa-al-hospital-odontologico-5\/#article","isPartOf":{"@id":"https:\/\/diariodeloeste.com\/noticias\/2024\/09\/11\/visita-educativa-al-hospital-odontologico-5\/"},"author":{"name":"Redaccion","@id":"https:\/\/diariodeloeste.com\/noticias\/#\/schema\/person\/1f7be965f8c093432e1cbfcee0ac4047"},"headline":"VISITA EDUCATIVA AL HOSPITAL ODONTOL\u00d3GICO","datePublished":"2024-09-11T02:53:40+00:00","mainEntityOfPage":{"@id":"https:\/\/diariodeloeste.com\/noticias\/2024\/09\/11\/visita-educativa-al-hospital-odontologico-5\/"},"wordCount":94,"publisher":{"@id":"https:\/\/diariodeloeste.com\/noticias\/#organization"},"image":{"@id":"https:\/\/diariodeloeste.com\/noticias\/2024\/09\/11\/visita-educativa-al-hospital-odontologico-5\/#primaryimage"},"thumbnailUrl":"https:\/\/diariodeloeste.com\/noticias\/wp-content\/uploads\/2024\/09\/WhatsApp-Image-2024-09-10-at-11.43.32-PM-1.jpeg","keywords":["Hospital Odontol\u00f3gico \u201cEva Per\u00f3n\u201d","jose c paz","jos\u00e9 c. paz","Mario Alberto Ishii","Mario ishii","Municipio de Jos{e C. Paz","Noelia Rodr\u00edguez"],"articleSection":["Jos\u00e9 C Paz","Titulares"],"inLanguage":"es-AR"},{"@type":"WebPage","@id":"https:\/\/diariodeloeste.com\/noticias\/2024\/09\/11\/visita-educativa-al-hospital-odontologico-5\/","url":"https:\/\/diariodeloeste.com\/noticias\/2024\/09\/11\/visita-educativa-al-hospital-odontologico-5\/","name":"VISITA EDUCATIVA AL HOSPITAL ODONTOL\u00d3GICO - Diario del Oeste","isPartOf":{"@id":"https:\/\/diariodeloeste.com\/noticias\/#website"},"primaryImageOfPage":{"@id":"https:\/\/diariodeloeste.com\/noticias\/2024\/09\/11\/visita-educativa-al-hospital-odontologico-5\/#primaryimage"},"image":{"@id":"https:\/\/diariodeloeste.com\/noticias\/2024\/09\/11\/visita-educativa-al-hospital-odontologico-5\/#primaryimage"},"thumbnailUrl":"https:\/\/diariodeloeste.com\/noticias\/wp-content\/uploads\/2024\/09\/WhatsApp-Image-2024-09-10-at-11.43.32-PM-1.jpeg","datePublished":"2024-09-11T02:53:40+00:00","breadcrumb":{"@id":"https:\/\/diariodeloeste.com\/noticias\/2024\/09\/11\/visita-educativa-al-hospital-odontologico-5\/#breadcrumb"},"inLanguage":"es-AR","potentialAction":[{"@type":"ReadAction","target":["https:\/\/diariodeloeste.com\/noticias\/2024\/09\/11\/visita-educativa-al-hospital-odontologico-5\/"]}]},{"@type":"ImageObject","inLanguage":"es-AR","@id":"https:\/\/diariodeloeste.com\/noticias\/2024\/09\/11\/visita-educativa-al-hospital-odontologico-5\/#primaryimage","url":"https:\/\/diariodeloeste.com\/noticias\/wp-content\/uploads\/2024\/09\/WhatsApp-Image-2024-09-10-at-11.43.32-PM-1.jpeg","contentUrl":"https:\/\/diariodeloeste.com\/noticias\/wp-content\/uploads\/2024\/09\/WhatsApp-Image-2024-09-10-at-11.43.32-PM-1.jpeg","width":720,"height":479},{"@type":"BreadcrumbList","@id":"https:\/\/diariodeloeste.com\/noticias\/2024\/09\/11\/visita-educativa-al-hospital-odontologico-5\/#breadcrumb","itemListElement":[{"@type":"ListItem","position":1,"name":"Inicio","item":"https:\/\/diariodeloeste.com\/noticias\/"},{"@type":"ListItem","position":2,"name":"VISITA EDUCATIVA AL HOSPITAL ODONTOL\u00d3GICO"}]},{"@type":"WebSite","@id":"https:\/\/diariodeloeste.com\/noticias\/#website","url":"https:\/\/diariodeloeste.com\/noticias\/","name":"Diario del Oeste","description":"Noticias del Oeste","publisher":{"@id":"https:\/\/diariodeloeste.com\/noticias\/#organization"},"potentialAction":[{"@type":"SearchAction","target":{"@type":"EntryPoint","urlTemplate":"https:\/\/diariodeloeste.com\/noticias\/?s={search_term_string}"},"query-input":{"@type":"PropertyValueSpecification","valueRequired":true,"valueName":"search_term_string"}}],"inLanguage":"es-AR"},{"@type":"Organization","@id":"https:\/\/diariodeloeste.com\/noticias\/#organization","name":"Diario del Oeste","url":"https:\/\/diariodeloeste.com\/noticias\/","logo":{"@type":"ImageObject","inLanguage":"es-AR","@id":"https:\/\/diariodeloeste.com\/noticias\/#\/schema\/logo\/image\/","url":"https:\/\/diariodeloeste.com\/noticias\/wp-content\/uploads\/2019\/04\/logo.png","contentUrl":"https:\/\/diariodeloeste.com\/noticias\/wp-content\/uploads\/2019\/04\/logo.png","width":306,"height":145,"caption":"Diario del Oeste"},"image":{"@id":"https:\/\/diariodeloeste.com\/noticias\/#\/schema\/logo\/image\/"}},{"@type":"Person","@id":"https:\/\/diariodeloeste.com\/noticias\/#\/schema\/person\/1f7be965f8c093432e1cbfcee0ac4047","name":"Redaccion","image":{"@type":"ImageObject","inLanguage":"es-AR","@id":"https:\/\/secure.gravatar.com\/avatar\/f9bc3a12e26b32d818d88f9a5b61de20b559752e499df507efa7ea3cea0550ef?s=96&d=mm&r=g","url":"https:\/\/secure.gravatar.com\/avatar\/f9bc3a12e26b32d818d88f9a5b61de20b559752e499df507efa7ea3cea0550ef?s=96&d=mm&r=g","contentUrl":"https:\/\/secure.gravatar.com\/avatar\/f9bc3a12e26b32d818d88f9a5b61de20b559752e499df507efa7ea3cea0550ef?s=96&d=mm&r=g","caption":"Redaccion"},"url":"https:\/\/diariodeloeste.com\/noticias\/author\/redaccion\/"}]}},"_links":{"self":[{"href":"https:\/\/diariodeloeste.com\/noticias\/wp-json\/wp\/v2\/posts\/12948","targetHints":{"allow":["GET"]}}],"collection":[{"href":"https:\/\/diariodeloeste.com\/noticias\/wp-json\/wp\/v2\/posts"}],"about":[{"href":"https:\/\/diariodeloeste.com\/noticias\/wp-json\/wp\/v2\/types\/post"}],"author":[{"embeddable":true,"href":"https:\/\/diariodeloeste.com\/noticias\/wp-json\/wp\/v2\/users\/3"}],"replies":[{"embeddable":true,"href":"https:\/\/diariodeloeste.com\/noticias\/wp-json\/wp\/v2\/comments?post=12948"}],"version-history":[{"count":1,"href":"https:\/\/diariodeloeste.com\/noticias\/wp-json\/wp\/v2\/posts\/12948\/revisions"}],"predecessor-version":[{"id":12954,"href":"https:\/\/diariodeloeste.com\/noticias\/wp-json\/wp\/v2\/posts\/12948\/revisions\/12954"}],"wp:featuredmedia":[{"embeddable":true,"href":"https:\/\/diariodeloeste.com\/noticias\/wp-json\/wp\/v2\/media\/12952"}],"wp:attachment":[{"href":"https:\/\/diariodeloeste.com\/noticias\/wp-json\/wp\/v2\/media?parent=12948"}],"wp:term":[{"taxonomy":"category","embeddable":true,"href":"https:\/\/diariodeloeste.com\/noticias\/wp-json\/wp\/v2\/categories?post=12948"},{"taxonomy":"post_tag","embeddable":true,"href":"https:\/\/diariodeloeste.com\/noticias\/wp-json\/wp\/v2\/tags?post=12948"}],"curies":[{"name":"wp","href":"https:\/\/api.w.org\/{rel}","templated":true}]}}