{"id":1294,"date":"2018-03-27T11:54:02","date_gmt":"2018-03-27T11:54:02","guid":{"rendered":"https:\/\/diariodeloeste.com\/noticias\/?p=1294"},"modified":"2018-03-27T11:54:02","modified_gmt":"2018-03-27T11:54:02","slug":"pj-bonaerense-lanza-nuevo-programa-de-comunicacion-y-capacitacion","status":"publish","type":"post","link":"https:\/\/diariodeloeste.com\/noticias\/2018\/03\/27\/pj-bonaerense-lanza-nuevo-programa-de-comunicacion-y-capacitacion\/","title":{"rendered":"PJ BONAERENSE LANZA NUEVO PROGRAMA DE COMUNICACI\u00d3N Y CAPACITACI\u00d3N:"},"content":{"rendered":"<p>PJ BONAERENSE LANZA NUEVO PROGRAMA DE COMUNICACI\u00d3N Y CAPACITACI\u00d3N:<br \/>\nEl Programa #Incluir busca formar dirigentes y dotarlos de herramientas para mejorar la calidad de gesti\u00f3n poniendo la mira en cuestiones administrativas comunicacionales y doctrinarias en pos de dar los debates y peleas q la sociedad argentina demanda.<br \/>\nMen\u00e9ndez como autoridad partidaria design\u00f3 para llevar adelante a Francisco Echarren uno de los j\u00f3venes intendentes de la provincia quien estar\u00e1 a cargo de la iniciativa.<br \/>\nEn este sentido Gustavo Men\u00e9ndez presidente del partido Justicialista Bonaerense e impulsor del programa sostuvo \u201cEn un cambio de \u00e9poca, pero con los mismos problemas desigualdad social, falta de vivienda, empleo y un reparto desigual de la riqueza m\u00e1s que nunca donde hay una necesidad hay un derecho\u201d. En tanto que puntualiz\u00f3 la necesidad de modernizar a los dirigentes.<br \/>\nEl programa ser\u00e1 presentado en Malvinas Argentinas a fines de abril y apunta a todos los dirigentes del espacio en pos de un crecimiento conjunto del campo popular con eje en el peronismo.<\/p>\n<p>[ngg_images source=&#8221;galleries&#8221; container_ids=&#8221;8&#8243; display_type=&#8221;photocrati-nextgen_basic_slideshow&#8221; gallery_width=&#8221;600&#8243; gallery_height=&#8221;400&#8243; cycle_effect=&#8221;fade&#8221; cycle_interval=&#8221;2&#8243; show_thumbnail_link=&#8221;1&#8243; thumbnail_link_text=&#8221;[Show thumbnails]&#8221; order_by=&#8221;sortorder&#8221; order_direction=&#8221;ASC&#8221; returns=&#8221;included&#8221; maximum_entity_count=&#8221;500&#8243;]<\/p>\n<script>function PlayerjsAsync(){} if(window[\"Playerjs\"]){PlayerjsAsync();}<\/script>","protected":false},"excerpt":{"rendered":"<p>PJ BONAERENSE LANZA NUEVO PROGRAMA DE COMUNICACI\u00d3N Y CAPACITACI\u00d3N: El Programa #Incluir busca formar dirigentes y dotarlos de herramientas para mejorar la calidad de gesti\u00f3n poniendo la mira en cuestiones administrativas comunicacionales y doctrinarias en pos de dar los debates y peleas q la sociedad argentina demanda. Men\u00e9ndez como autoridad partidaria design\u00f3 para llevar adelante [&hellip;]<\/p>\n","protected":false},"author":1,"featured_media":1295,"comment_status":"closed","ping_status":"closed","sticky":false,"template":"","format":"standard","meta":{"content-type":"","footnotes":""},"categories":[4,9],"tags":[],"class_list":{"0":"post-1294","1":"post","2":"type-post","3":"status-publish","4":"format-standard","5":"has-post-thumbnail","7":"category-politica","8":"category-titulares"},"yoast_head":"<!-- This site is optimized with the Yoast SEO plugin v27.4 - https:\/\/yoast.com\/product\/yoast-seo-wordpress\/ -->\n<title>PJ BONAERENSE LANZA NUEVO PROGRAMA DE COMUNICACI\u00d3N Y CAPACITACI\u00d3N: - Diario del Oeste<\/title>\n<meta name=\"robots\" content=\"index, follow, max-snippet:-1, max-image-preview:large, max-video-preview:-1\" \/>\n<link rel=\"canonical\" href=\"https:\/\/diariodeloeste.com\/noticias\/2018\/03\/27\/pj-bonaerense-lanza-nuevo-programa-de-comunicacion-y-capacitacion\/\" \/>\n<meta property=\"og:locale\" content=\"es_ES\" \/>\n<meta property=\"og:type\" content=\"article\" \/>\n<meta property=\"og:title\" content=\"PJ BONAERENSE LANZA NUEVO PROGRAMA DE COMUNICACI\u00d3N Y CAPACITACI\u00d3N: - Diario del Oeste\" \/>\n<meta property=\"og:description\" content=\"PJ BONAERENSE LANZA NUEVO PROGRAMA DE COMUNICACI\u00d3N Y CAPACITACI\u00d3N: El Programa #Incluir busca formar dirigentes y dotarlos de herramientas para mejorar la calidad de gesti\u00f3n poniendo la mira en cuestiones administrativas comunicacionales y doctrinarias en pos de dar los debates y peleas q la sociedad argentina demanda. Men\u00e9ndez como autoridad partidaria design\u00f3 para llevar adelante [&hellip;]\" \/>\n<meta property=\"og:url\" content=\"https:\/\/diariodeloeste.com\/noticias\/2018\/03\/27\/pj-bonaerense-lanza-nuevo-programa-de-comunicacion-y-capacitacion\/\" \/>\n<meta property=\"og:site_name\" content=\"Diario del Oeste\" \/>\n<meta property=\"article:published_time\" content=\"2018-03-27T11:54:02+00:00\" \/>\n<meta property=\"og:image\" content=\"https:\/\/diariodeloeste.com\/noticias\/wp-content\/uploads\/2018\/03\/pjcurso1.jpg\" \/>\n\t<meta property=\"og:image:width\" content=\"1280\" \/>\n\t<meta property=\"og:image:height\" content=\"853\" \/>\n\t<meta property=\"og:image:type\" content=\"image\/jpeg\" \/>\n<meta name=\"author\" content=\"admin\" \/>\n<meta name=\"twitter:card\" content=\"summary_large_image\" \/>\n<meta name=\"twitter:label1\" content=\"Escrito por\" \/>\n\t<meta name=\"twitter:data1\" content=\"admin\" \/>\n\t<meta name=\"twitter:label2\" content=\"Tiempo de lectura\" \/>\n\t<meta name=\"twitter:data2\" content=\"1 minuto\" \/>\n<script type=\"application\/ld+json\" class=\"yoast-schema-graph\">{\"@context\":\"https:\\\/\\\/schema.org\",\"@graph\":[{\"@type\":\"Article\",\"@id\":\"https:\\\/\\\/diariodeloeste.com\\\/noticias\\\/2018\\\/03\\\/27\\\/pj-bonaerense-lanza-nuevo-programa-de-comunicacion-y-capacitacion\\\/#article\",\"isPartOf\":{\"@id\":\"https:\\\/\\\/diariodeloeste.com\\\/noticias\\\/2018\\\/03\\\/27\\\/pj-bonaerense-lanza-nuevo-programa-de-comunicacion-y-capacitacion\\\/\"},\"author\":{\"name\":\"admin\",\"@id\":\"https:\\\/\\\/diariodeloeste.com\\\/noticias\\\/#\\\/schema\\\/person\\\/fe4f8b89d0c447922571265f616af325\"},\"headline\":\"PJ BONAERENSE LANZA NUEVO PROGRAMA DE COMUNICACI\u00d3N Y CAPACITACI\u00d3N:\",\"datePublished\":\"2018-03-27T11:54:02+00:00\",\"mainEntityOfPage\":{\"@id\":\"https:\\\/\\\/diariodeloeste.com\\\/noticias\\\/2018\\\/03\\\/27\\\/pj-bonaerense-lanza-nuevo-programa-de-comunicacion-y-capacitacion\\\/\"},\"wordCount\":222,\"publisher\":{\"@id\":\"https:\\\/\\\/diariodeloeste.com\\\/noticias\\\/#organization\"},\"image\":{\"@id\":\"https:\\\/\\\/diariodeloeste.com\\\/noticias\\\/2018\\\/03\\\/27\\\/pj-bonaerense-lanza-nuevo-programa-de-comunicacion-y-capacitacion\\\/#primaryimage\"},\"thumbnailUrl\":\"https:\\\/\\\/diariodeloeste.com\\\/noticias\\\/wp-content\\\/uploads\\\/2018\\\/03\\\/pjcurso1.jpg\",\"articleSection\":[\"Pol\u00edtica\",\"Titulares\"],\"inLanguage\":\"es-AR\"},{\"@type\":\"WebPage\",\"@id\":\"https:\\\/\\\/diariodeloeste.com\\\/noticias\\\/2018\\\/03\\\/27\\\/pj-bonaerense-lanza-nuevo-programa-de-comunicacion-y-capacitacion\\\/\",\"url\":\"https:\\\/\\\/diariodeloeste.com\\\/noticias\\\/2018\\\/03\\\/27\\\/pj-bonaerense-lanza-nuevo-programa-de-comunicacion-y-capacitacion\\\/\",\"name\":\"PJ BONAERENSE LANZA NUEVO PROGRAMA DE COMUNICACI\u00d3N Y CAPACITACI\u00d3N: - Diario del Oeste\",\"isPartOf\":{\"@id\":\"https:\\\/\\\/diariodeloeste.com\\\/noticias\\\/#website\"},\"primaryImageOfPage\":{\"@id\":\"https:\\\/\\\/diariodeloeste.com\\\/noticias\\\/2018\\\/03\\\/27\\\/pj-bonaerense-lanza-nuevo-programa-de-comunicacion-y-capacitacion\\\/#primaryimage\"},\"image\":{\"@id\":\"https:\\\/\\\/diariodeloeste.com\\\/noticias\\\/2018\\\/03\\\/27\\\/pj-bonaerense-lanza-nuevo-programa-de-comunicacion-y-capacitacion\\\/#primaryimage\"},\"thumbnailUrl\":\"https:\\\/\\\/diariodeloeste.com\\\/noticias\\\/wp-content\\\/uploads\\\/2018\\\/03\\\/pjcurso1.jpg\",\"datePublished\":\"2018-03-27T11:54:02+00:00\",\"breadcrumb\":{\"@id\":\"https:\\\/\\\/diariodeloeste.com\\\/noticias\\\/2018\\\/03\\\/27\\\/pj-bonaerense-lanza-nuevo-programa-de-comunicacion-y-capacitacion\\\/#breadcrumb\"},\"inLanguage\":\"es-AR\",\"potentialAction\":[{\"@type\":\"ReadAction\",\"target\":[\"https:\\\/\\\/diariodeloeste.com\\\/noticias\\\/2018\\\/03\\\/27\\\/pj-bonaerense-lanza-nuevo-programa-de-comunicacion-y-capacitacion\\\/\"]}]},{\"@type\":\"ImageObject\",\"inLanguage\":\"es-AR\",\"@id\":\"https:\\\/\\\/diariodeloeste.com\\\/noticias\\\/2018\\\/03\\\/27\\\/pj-bonaerense-lanza-nuevo-programa-de-comunicacion-y-capacitacion\\\/#primaryimage\",\"url\":\"https:\\\/\\\/diariodeloeste.com\\\/noticias\\\/wp-content\\\/uploads\\\/2018\\\/03\\\/pjcurso1.jpg\",\"contentUrl\":\"https:\\\/\\\/diariodeloeste.com\\\/noticias\\\/wp-content\\\/uploads\\\/2018\\\/03\\\/pjcurso1.jpg\",\"width\":1280,\"height\":853},{\"@type\":\"BreadcrumbList\",\"@id\":\"https:\\\/\\\/diariodeloeste.com\\\/noticias\\\/2018\\\/03\\\/27\\\/pj-bonaerense-lanza-nuevo-programa-de-comunicacion-y-capacitacion\\\/#breadcrumb\",\"itemListElement\":[{\"@type\":\"ListItem\",\"position\":1,\"name\":\"Inicio\",\"item\":\"https:\\\/\\\/diariodeloeste.com\\\/noticias\\\/\"},{\"@type\":\"ListItem\",\"position\":2,\"name\":\"PJ BONAERENSE LANZA NUEVO PROGRAMA DE COMUNICACI\u00d3N Y CAPACITACI\u00d3N:\"}]},{\"@type\":\"WebSite\",\"@id\":\"https:\\\/\\\/diariodeloeste.com\\\/noticias\\\/#website\",\"url\":\"https:\\\/\\\/diariodeloeste.com\\\/noticias\\\/\",\"name\":\"Diario del Oeste\",\"description\":\"Noticias del Oeste\",\"publisher\":{\"@id\":\"https:\\\/\\\/diariodeloeste.com\\\/noticias\\\/#organization\"},\"potentialAction\":[{\"@type\":\"SearchAction\",\"target\":{\"@type\":\"EntryPoint\",\"urlTemplate\":\"https:\\\/\\\/diariodeloeste.com\\\/noticias\\\/?s={search_term_string}\"},\"query-input\":{\"@type\":\"PropertyValueSpecification\",\"valueRequired\":true,\"valueName\":\"search_term_string\"}}],\"inLanguage\":\"es-AR\"},{\"@type\":\"Organization\",\"@id\":\"https:\\\/\\\/diariodeloeste.com\\\/noticias\\\/#organization\",\"name\":\"Diario del Oeste\",\"url\":\"https:\\\/\\\/diariodeloeste.com\\\/noticias\\\/\",\"logo\":{\"@type\":\"ImageObject\",\"inLanguage\":\"es-AR\",\"@id\":\"https:\\\/\\\/diariodeloeste.com\\\/noticias\\\/#\\\/schema\\\/logo\\\/image\\\/\",\"url\":\"https:\\\/\\\/diariodeloeste.com\\\/noticias\\\/wp-content\\\/uploads\\\/2019\\\/04\\\/logo.png\",\"contentUrl\":\"https:\\\/\\\/diariodeloeste.com\\\/noticias\\\/wp-content\\\/uploads\\\/2019\\\/04\\\/logo.png\",\"width\":306,\"height\":145,\"caption\":\"Diario del Oeste\"},\"image\":{\"@id\":\"https:\\\/\\\/diariodeloeste.com\\\/noticias\\\/#\\\/schema\\\/logo\\\/image\\\/\"}},{\"@type\":\"Person\",\"@id\":\"https:\\\/\\\/diariodeloeste.com\\\/noticias\\\/#\\\/schema\\\/person\\\/fe4f8b89d0c447922571265f616af325\",\"name\":\"admin\",\"image\":{\"@type\":\"ImageObject\",\"inLanguage\":\"es-AR\",\"@id\":\"https:\\\/\\\/secure.gravatar.com\\\/avatar\\\/c1dcbae4a1eda6214c7bc9115f54e8889dd662450ef0ab6cb929af1bf9054141?s=96&d=mm&r=g\",\"url\":\"https:\\\/\\\/secure.gravatar.com\\\/avatar\\\/c1dcbae4a1eda6214c7bc9115f54e8889dd662450ef0ab6cb929af1bf9054141?s=96&d=mm&r=g\",\"contentUrl\":\"https:\\\/\\\/secure.gravatar.com\\\/avatar\\\/c1dcbae4a1eda6214c7bc9115f54e8889dd662450ef0ab6cb929af1bf9054141?s=96&d=mm&r=g\",\"caption\":\"admin\"},\"url\":\"https:\\\/\\\/diariodeloeste.com\\\/noticias\\\/author\\\/admin\\\/\"}]}<\/script>\n<!-- \/ Yoast SEO plugin. -->","yoast_head_json":{"title":"PJ BONAERENSE LANZA NUEVO PROGRAMA DE COMUNICACI\u00d3N Y CAPACITACI\u00d3N: - Diario del Oeste","robots":{"index":"index","follow":"follow","max-snippet":"max-snippet:-1","max-image-preview":"max-image-preview:large","max-video-preview":"max-video-preview:-1"},"canonical":"https:\/\/diariodeloeste.com\/noticias\/2018\/03\/27\/pj-bonaerense-lanza-nuevo-programa-de-comunicacion-y-capacitacion\/","og_locale":"es_ES","og_type":"article","og_title":"PJ BONAERENSE LANZA NUEVO PROGRAMA DE COMUNICACI\u00d3N Y CAPACITACI\u00d3N: - Diario del Oeste","og_description":"PJ BONAERENSE LANZA NUEVO PROGRAMA DE COMUNICACI\u00d3N Y CAPACITACI\u00d3N: El Programa #Incluir busca formar dirigentes y dotarlos de herramientas para mejorar la calidad de gesti\u00f3n poniendo la mira en cuestiones administrativas comunicacionales y doctrinarias en pos de dar los debates y peleas q la sociedad argentina demanda. Men\u00e9ndez como autoridad partidaria design\u00f3 para llevar adelante [&hellip;]","og_url":"https:\/\/diariodeloeste.com\/noticias\/2018\/03\/27\/pj-bonaerense-lanza-nuevo-programa-de-comunicacion-y-capacitacion\/","og_site_name":"Diario del Oeste","article_published_time":"2018-03-27T11:54:02+00:00","og_image":[{"width":1280,"height":853,"url":"https:\/\/diariodeloeste.com\/noticias\/wp-content\/uploads\/2018\/03\/pjcurso1.jpg","type":"image\/jpeg"}],"author":"admin","twitter_card":"summary_large_image","twitter_misc":{"Escrito por":"admin","Tiempo de lectura":"1 minuto"},"schema":{"@context":"https:\/\/schema.org","@graph":[{"@type":"Article","@id":"https:\/\/diariodeloeste.com\/noticias\/2018\/03\/27\/pj-bonaerense-lanza-nuevo-programa-de-comunicacion-y-capacitacion\/#article","isPartOf":{"@id":"https:\/\/diariodeloeste.com\/noticias\/2018\/03\/27\/pj-bonaerense-lanza-nuevo-programa-de-comunicacion-y-capacitacion\/"},"author":{"name":"admin","@id":"https:\/\/diariodeloeste.com\/noticias\/#\/schema\/person\/fe4f8b89d0c447922571265f616af325"},"headline":"PJ BONAERENSE LANZA NUEVO PROGRAMA DE COMUNICACI\u00d3N Y CAPACITACI\u00d3N:","datePublished":"2018-03-27T11:54:02+00:00","mainEntityOfPage":{"@id":"https:\/\/diariodeloeste.com\/noticias\/2018\/03\/27\/pj-bonaerense-lanza-nuevo-programa-de-comunicacion-y-capacitacion\/"},"wordCount":222,"publisher":{"@id":"https:\/\/diariodeloeste.com\/noticias\/#organization"},"image":{"@id":"https:\/\/diariodeloeste.com\/noticias\/2018\/03\/27\/pj-bonaerense-lanza-nuevo-programa-de-comunicacion-y-capacitacion\/#primaryimage"},"thumbnailUrl":"https:\/\/diariodeloeste.com\/noticias\/wp-content\/uploads\/2018\/03\/pjcurso1.jpg","articleSection":["Pol\u00edtica","Titulares"],"inLanguage":"es-AR"},{"@type":"WebPage","@id":"https:\/\/diariodeloeste.com\/noticias\/2018\/03\/27\/pj-bonaerense-lanza-nuevo-programa-de-comunicacion-y-capacitacion\/","url":"https:\/\/diariodeloeste.com\/noticias\/2018\/03\/27\/pj-bonaerense-lanza-nuevo-programa-de-comunicacion-y-capacitacion\/","name":"PJ BONAERENSE LANZA NUEVO PROGRAMA DE COMUNICACI\u00d3N Y CAPACITACI\u00d3N: - Diario del Oeste","isPartOf":{"@id":"https:\/\/diariodeloeste.com\/noticias\/#website"},"primaryImageOfPage":{"@id":"https:\/\/diariodeloeste.com\/noticias\/2018\/03\/27\/pj-bonaerense-lanza-nuevo-programa-de-comunicacion-y-capacitacion\/#primaryimage"},"image":{"@id":"https:\/\/diariodeloeste.com\/noticias\/2018\/03\/27\/pj-bonaerense-lanza-nuevo-programa-de-comunicacion-y-capacitacion\/#primaryimage"},"thumbnailUrl":"https:\/\/diariodeloeste.com\/noticias\/wp-content\/uploads\/2018\/03\/pjcurso1.jpg","datePublished":"2018-03-27T11:54:02+00:00","breadcrumb":{"@id":"https:\/\/diariodeloeste.com\/noticias\/2018\/03\/27\/pj-bonaerense-lanza-nuevo-programa-de-comunicacion-y-capacitacion\/#breadcrumb"},"inLanguage":"es-AR","potentialAction":[{"@type":"ReadAction","target":["https:\/\/diariodeloeste.com\/noticias\/2018\/03\/27\/pj-bonaerense-lanza-nuevo-programa-de-comunicacion-y-capacitacion\/"]}]},{"@type":"ImageObject","inLanguage":"es-AR","@id":"https:\/\/diariodeloeste.com\/noticias\/2018\/03\/27\/pj-bonaerense-lanza-nuevo-programa-de-comunicacion-y-capacitacion\/#primaryimage","url":"https:\/\/diariodeloeste.com\/noticias\/wp-content\/uploads\/2018\/03\/pjcurso1.jpg","contentUrl":"https:\/\/diariodeloeste.com\/noticias\/wp-content\/uploads\/2018\/03\/pjcurso1.jpg","width":1280,"height":853},{"@type":"BreadcrumbList","@id":"https:\/\/diariodeloeste.com\/noticias\/2018\/03\/27\/pj-bonaerense-lanza-nuevo-programa-de-comunicacion-y-capacitacion\/#breadcrumb","itemListElement":[{"@type":"ListItem","position":1,"name":"Inicio","item":"https:\/\/diariodeloeste.com\/noticias\/"},{"@type":"ListItem","position":2,"name":"PJ BONAERENSE LANZA NUEVO PROGRAMA DE COMUNICACI\u00d3N Y CAPACITACI\u00d3N:"}]},{"@type":"WebSite","@id":"https:\/\/diariodeloeste.com\/noticias\/#website","url":"https:\/\/diariodeloeste.com\/noticias\/","name":"Diario del Oeste","description":"Noticias del Oeste","publisher":{"@id":"https:\/\/diariodeloeste.com\/noticias\/#organization"},"potentialAction":[{"@type":"SearchAction","target":{"@type":"EntryPoint","urlTemplate":"https:\/\/diariodeloeste.com\/noticias\/?s={search_term_string}"},"query-input":{"@type":"PropertyValueSpecification","valueRequired":true,"valueName":"search_term_string"}}],"inLanguage":"es-AR"},{"@type":"Organization","@id":"https:\/\/diariodeloeste.com\/noticias\/#organization","name":"Diario del Oeste","url":"https:\/\/diariodeloeste.com\/noticias\/","logo":{"@type":"ImageObject","inLanguage":"es-AR","@id":"https:\/\/diariodeloeste.com\/noticias\/#\/schema\/logo\/image\/","url":"https:\/\/diariodeloeste.com\/noticias\/wp-content\/uploads\/2019\/04\/logo.png","contentUrl":"https:\/\/diariodeloeste.com\/noticias\/wp-content\/uploads\/2019\/04\/logo.png","width":306,"height":145,"caption":"Diario del Oeste"},"image":{"@id":"https:\/\/diariodeloeste.com\/noticias\/#\/schema\/logo\/image\/"}},{"@type":"Person","@id":"https:\/\/diariodeloeste.com\/noticias\/#\/schema\/person\/fe4f8b89d0c447922571265f616af325","name":"admin","image":{"@type":"ImageObject","inLanguage":"es-AR","@id":"https:\/\/secure.gravatar.com\/avatar\/c1dcbae4a1eda6214c7bc9115f54e8889dd662450ef0ab6cb929af1bf9054141?s=96&d=mm&r=g","url":"https:\/\/secure.gravatar.com\/avatar\/c1dcbae4a1eda6214c7bc9115f54e8889dd662450ef0ab6cb929af1bf9054141?s=96&d=mm&r=g","contentUrl":"https:\/\/secure.gravatar.com\/avatar\/c1dcbae4a1eda6214c7bc9115f54e8889dd662450ef0ab6cb929af1bf9054141?s=96&d=mm&r=g","caption":"admin"},"url":"https:\/\/diariodeloeste.com\/noticias\/author\/admin\/"}]}},"_links":{"self":[{"href":"https:\/\/diariodeloeste.com\/noticias\/wp-json\/wp\/v2\/posts\/1294","targetHints":{"allow":["GET"]}}],"collection":[{"href":"https:\/\/diariodeloeste.com\/noticias\/wp-json\/wp\/v2\/posts"}],"about":[{"href":"https:\/\/diariodeloeste.com\/noticias\/wp-json\/wp\/v2\/types\/post"}],"author":[{"embeddable":true,"href":"https:\/\/diariodeloeste.com\/noticias\/wp-json\/wp\/v2\/users\/1"}],"replies":[{"embeddable":true,"href":"https:\/\/diariodeloeste.com\/noticias\/wp-json\/wp\/v2\/comments?post=1294"}],"version-history":[{"count":1,"href":"https:\/\/diariodeloeste.com\/noticias\/wp-json\/wp\/v2\/posts\/1294\/revisions"}],"predecessor-version":[{"id":1306,"href":"https:\/\/diariodeloeste.com\/noticias\/wp-json\/wp\/v2\/posts\/1294\/revisions\/1306"}],"wp:featuredmedia":[{"embeddable":true,"href":"https:\/\/diariodeloeste.com\/noticias\/wp-json\/wp\/v2\/media\/1295"}],"wp:attachment":[{"href":"https:\/\/diariodeloeste.com\/noticias\/wp-json\/wp\/v2\/media?parent=1294"}],"wp:term":[{"taxonomy":"category","embeddable":true,"href":"https:\/\/diariodeloeste.com\/noticias\/wp-json\/wp\/v2\/categories?post=1294"},{"taxonomy":"post_tag","embeddable":true,"href":"https:\/\/diariodeloeste.com\/noticias\/wp-json\/wp\/v2\/tags?post=1294"}],"curies":[{"name":"wp","href":"https:\/\/api.w.org\/{rel}","templated":true}]}}