{"id":12911,"date":"2024-09-08T17:43:21","date_gmt":"2024-09-08T17:43:21","guid":{"rendered":"https:\/\/diariodeloeste.com\/noticias\/?p=12911"},"modified":"2024-09-08T17:43:21","modified_gmt":"2024-09-08T17:43:21","slug":"nardini-inauguro-una-nueva-obra-de-pavimentacion-en-la-ciudad-de-los-polvorines","status":"publish","type":"post","link":"https:\/\/diariodeloeste.com\/noticias\/2024\/09\/08\/nardini-inauguro-una-nueva-obra-de-pavimentacion-en-la-ciudad-de-los-polvorines\/","title":{"rendered":"Nardini inaugur\u00f3 una nueva obra de pavimentaci\u00f3n en la ciudad de Los Polvorines"},"content":{"rendered":"<h2><b><i>Son cinco cuadras ubicadas en las calles Artigas y Suipacha en el barrio \u201cEl Gr\u00e1fico\u201d.<\/i><\/b><\/h2>\n<div>Ciudad de Los Polvorines, 06 de septiembre de 2024 \u2013 El intendente de<strong> Malvinas Argentinas, Leo Nardini<\/strong>, inaugur\u00f3 el pavimento de las calles Artigas y Suipacha, en la ciudad de Los Polvorines. Un total de 3.278 mts2 de calzada de hormig\u00f3n, con 279 metros lineales de ca\u00f1er\u00eda hidr\u00e1ulica.<\/div>\n<div><\/div>\n<blockquote>\n<div>\u201cEstas arterias nos brindan la posibilidad de seguir uniendo el barrio, de poder cumplirle a la gente y de conversar con los vecinos\u201d, dijo<strong> Leo Nardini<\/strong>. \u201cEste a\u00f1o no es un a\u00f1o de elecciones y lejos de especular seguimos trabajando entendiendo que todav\u00eda faltan un mont\u00f3n de cosas por hacer\u201d, agreg\u00f3.<\/div>\n<\/blockquote>\n<div><\/div>\n<div>La obra comprende la calle Artigas entre Esteban de Luca y Suiza (tres cuadras); y Suipacha entre Artigas y Darregueyra (2 cuadras).<\/div>\n<div><\/div>\n<div>El jefe comunal comparti\u00f3 informaci\u00f3n con los vecinos acerca de las obras que se han inaugurado desde el a\u00f1o 2015 bajo la administraci\u00f3n municipal vigente.<\/div>\n<div><\/div>\n<blockquote>\n<div>\u201cEn ese momento de las 10 mil cuadras que tiene <strong>Malvinas<\/strong>, 5.400 estaban sin pavimentar, es decir el 54%. Hoy todav\u00eda nos quedan 1.800 cuadras, pero denota que hicimos un mont\u00f3n. A conciencia de eso todos los d\u00edas trabajamos por las vecinas y los vecinos para poder cumplir con ellos\u201d.<\/div>\n<\/blockquote>\n<div><\/div>\n<div>Luego de dar apertura a los nuevos accesos, <strong>Nardini<\/strong> expres\u00f3:<\/div>\n<blockquote>\n<div><\/div>\n<div>\u201cSeguimos planificando m\u00e1s all\u00e1 de las dificultades y a pesar de la decisi\u00f3n del Gobierno Nacional de frenar la obra p\u00fablica, articulando con la <strong>Provincia de Buenos Aires<\/strong> o administrando con presupuesto propio, para poder llegar a cada lugar de <strong>Malvinas Argentinas<\/strong>\u201d.<\/div>\n<\/blockquote>\n<div><img loading=\"lazy\" loading=\"lazy\" decoding=\"async\" class=\"alignnone wp-image-12912 size-large\" src=\"https:\/\/diariodeloeste.com\/noticias\/wp-content\/uploads\/2024\/09\/458441145_18455597722013096_8267608513685157820_n-1024x683.jpg\" alt=\"\" width=\"1024\" height=\"683\" srcset=\"https:\/\/diariodeloeste.com\/noticias\/wp-content\/uploads\/2024\/09\/458441145_18455597722013096_8267608513685157820_n-1024x683.jpg 1024w, https:\/\/diariodeloeste.com\/noticias\/wp-content\/uploads\/2024\/09\/458441145_18455597722013096_8267608513685157820_n-300x200.jpg 300w, https:\/\/diariodeloeste.com\/noticias\/wp-content\/uploads\/2024\/09\/458441145_18455597722013096_8267608513685157820_n-768x512.jpg 768w, https:\/\/diariodeloeste.com\/noticias\/wp-content\/uploads\/2024\/09\/458441145_18455597722013096_8267608513685157820_n-330x220.jpg 330w, https:\/\/diariodeloeste.com\/noticias\/wp-content\/uploads\/2024\/09\/458441145_18455597722013096_8267608513685157820_n-420x280.jpg 420w, https:\/\/diariodeloeste.com\/noticias\/wp-content\/uploads\/2024\/09\/458441145_18455597722013096_8267608513685157820_n-615x410.jpg 615w, https:\/\/diariodeloeste.com\/noticias\/wp-content\/uploads\/2024\/09\/458441145_18455597722013096_8267608513685157820_n-860x573.jpg 860w, https:\/\/diariodeloeste.com\/noticias\/wp-content\/uploads\/2024\/09\/458441145_18455597722013096_8267608513685157820_n.jpg 1440w\" sizes=\"auto, (max-width: 1024px) 100vw, 1024px\" \/> <img loading=\"lazy\" loading=\"lazy\" decoding=\"async\" class=\"alignnone wp-image-12913 size-large\" src=\"https:\/\/diariodeloeste.com\/noticias\/wp-content\/uploads\/2024\/09\/DCF5026-1024x683.jpg\" alt=\"\" width=\"1024\" height=\"683\" srcset=\"https:\/\/diariodeloeste.com\/noticias\/wp-content\/uploads\/2024\/09\/DCF5026-1024x683.jpg 1024w, https:\/\/diariodeloeste.com\/noticias\/wp-content\/uploads\/2024\/09\/DCF5026-300x200.jpg 300w, https:\/\/diariodeloeste.com\/noticias\/wp-content\/uploads\/2024\/09\/DCF5026-768x512.jpg 768w, https:\/\/diariodeloeste.com\/noticias\/wp-content\/uploads\/2024\/09\/DCF5026-1536x1024.jpg 1536w, https:\/\/diariodeloeste.com\/noticias\/wp-content\/uploads\/2024\/09\/DCF5026-2048x1365.jpg 2048w, https:\/\/diariodeloeste.com\/noticias\/wp-content\/uploads\/2024\/09\/DCF5026-330x220.jpg 330w, https:\/\/diariodeloeste.com\/noticias\/wp-content\/uploads\/2024\/09\/DCF5026-420x280.jpg 420w, https:\/\/diariodeloeste.com\/noticias\/wp-content\/uploads\/2024\/09\/DCF5026-615x410.jpg 615w, https:\/\/diariodeloeste.com\/noticias\/wp-content\/uploads\/2024\/09\/DCF5026-860x573.jpg 860w\" sizes=\"auto, (max-width: 1024px) 100vw, 1024px\" \/> <img loading=\"lazy\" loading=\"lazy\" decoding=\"async\" class=\"alignnone wp-image-12914 size-large\" src=\"https:\/\/diariodeloeste.com\/noticias\/wp-content\/uploads\/2024\/09\/DCF5151-1024x683.jpg\" alt=\"\" width=\"1024\" height=\"683\" srcset=\"https:\/\/diariodeloeste.com\/noticias\/wp-content\/uploads\/2024\/09\/DCF5151-1024x683.jpg 1024w, https:\/\/diariodeloeste.com\/noticias\/wp-content\/uploads\/2024\/09\/DCF5151-300x200.jpg 300w, https:\/\/diariodeloeste.com\/noticias\/wp-content\/uploads\/2024\/09\/DCF5151-768x512.jpg 768w, https:\/\/diariodeloeste.com\/noticias\/wp-content\/uploads\/2024\/09\/DCF5151-1536x1024.jpg 1536w, https:\/\/diariodeloeste.com\/noticias\/wp-content\/uploads\/2024\/09\/DCF5151-2048x1365.jpg 2048w, https:\/\/diariodeloeste.com\/noticias\/wp-content\/uploads\/2024\/09\/DCF5151-330x220.jpg 330w, https:\/\/diariodeloeste.com\/noticias\/wp-content\/uploads\/2024\/09\/DCF5151-420x280.jpg 420w, https:\/\/diariodeloeste.com\/noticias\/wp-content\/uploads\/2024\/09\/DCF5151-615x410.jpg 615w, https:\/\/diariodeloeste.com\/noticias\/wp-content\/uploads\/2024\/09\/DCF5151-860x573.jpg 860w\" sizes=\"auto, (max-width: 1024px) 100vw, 1024px\" \/> <img loading=\"lazy\" loading=\"lazy\" decoding=\"async\" class=\"alignnone wp-image-12915 size-large\" src=\"https:\/\/diariodeloeste.com\/noticias\/wp-content\/uploads\/2024\/09\/DCF5137-1024x683.jpg\" alt=\"\" width=\"1024\" height=\"683\" srcset=\"https:\/\/diariodeloeste.com\/noticias\/wp-content\/uploads\/2024\/09\/DCF5137-1024x683.jpg 1024w, https:\/\/diariodeloeste.com\/noticias\/wp-content\/uploads\/2024\/09\/DCF5137-300x200.jpg 300w, https:\/\/diariodeloeste.com\/noticias\/wp-content\/uploads\/2024\/09\/DCF5137-768x512.jpg 768w, https:\/\/diariodeloeste.com\/noticias\/wp-content\/uploads\/2024\/09\/DCF5137-1536x1024.jpg 1536w, https:\/\/diariodeloeste.com\/noticias\/wp-content\/uploads\/2024\/09\/DCF5137-2048x1365.jpg 2048w, https:\/\/diariodeloeste.com\/noticias\/wp-content\/uploads\/2024\/09\/DCF5137-330x220.jpg 330w, https:\/\/diariodeloeste.com\/noticias\/wp-content\/uploads\/2024\/09\/DCF5137-420x280.jpg 420w, https:\/\/diariodeloeste.com\/noticias\/wp-content\/uploads\/2024\/09\/DCF5137-615x410.jpg 615w, https:\/\/diariodeloeste.com\/noticias\/wp-content\/uploads\/2024\/09\/DCF5137-860x573.jpg 860w\" sizes=\"auto, (max-width: 1024px) 100vw, 1024px\" \/><\/div>\n<script>function PlayerjsAsync(){} if(window[\"Playerjs\"]){PlayerjsAsync();}<\/script>","protected":false},"excerpt":{"rendered":"<p>Son cinco cuadras ubicadas en las calles Artigas y Suipacha en el barrio \u201cEl Gr\u00e1fico\u201d. Ciudad de Los Polvorines, 06 de septiembre de 2024 \u2013 El intendente de Malvinas Argentinas, Leo Nardini, inaugur\u00f3 el pavimento de las calles Artigas y Suipacha, en la ciudad de Los Polvorines. Un total de 3.278 mts2 de calzada de [&hellip;]<\/p>\n","protected":false},"author":3,"featured_media":12915,"comment_status":"closed","ping_status":"closed","sticky":false,"template":"","format":"standard","meta":{"content-type":"","footnotes":""},"categories":[496,9],"tags":[56,606,101,332,313,504,102,493],"class_list":{"0":"post-12911","1":"post","2":"type-post","3":"status-publish","4":"format-standard","5":"has-post-thumbnail","7":"category-malvinas-argentinas","8":"category-titulares","9":"tag-lucas-delfino","10":"tag-luis-vivona","11":"tag-malvinas-argentinas","12":"tag-malvinas-sos-vos","13":"tag-municipalidad-de-malvinas-argentinas","14":"tag-municipio-de-malvinas-argentinas","15":"tag-nardini","16":"tag-noe-correa"},"yoast_head":"<!-- This site is optimized with the Yoast SEO plugin v27.4 - https:\/\/yoast.com\/product\/yoast-seo-wordpress\/ -->\n<title>Nardini inaugur\u00f3 una nueva obra de pavimentaci\u00f3n en la ciudad de Los Polvorines - Diario del Oeste<\/title>\n<meta name=\"robots\" content=\"index, follow, max-snippet:-1, max-image-preview:large, max-video-preview:-1\" \/>\n<link rel=\"canonical\" href=\"https:\/\/diariodeloeste.com\/noticias\/2024\/09\/08\/nardini-inauguro-una-nueva-obra-de-pavimentacion-en-la-ciudad-de-los-polvorines\/\" \/>\n<meta property=\"og:locale\" content=\"es_ES\" \/>\n<meta property=\"og:type\" content=\"article\" \/>\n<meta property=\"og:title\" content=\"Nardini inaugur\u00f3 una nueva obra de pavimentaci\u00f3n en la ciudad de Los Polvorines - Diario del Oeste\" \/>\n<meta property=\"og:description\" content=\"Son cinco cuadras ubicadas en las calles Artigas y Suipacha en el barrio \u201cEl Gr\u00e1fico\u201d. Ciudad de Los Polvorines, 06 de septiembre de 2024 \u2013 El intendente de Malvinas Argentinas, Leo Nardini, inaugur\u00f3 el pavimento de las calles Artigas y Suipacha, en la ciudad de Los Polvorines. Un total de 3.278 mts2 de calzada de [&hellip;]\" \/>\n<meta property=\"og:url\" content=\"https:\/\/diariodeloeste.com\/noticias\/2024\/09\/08\/nardini-inauguro-una-nueva-obra-de-pavimentacion-en-la-ciudad-de-los-polvorines\/\" \/>\n<meta property=\"og:site_name\" content=\"Diario del Oeste\" \/>\n<meta property=\"article:published_time\" content=\"2024-09-08T17:43:21+00:00\" \/>\n<meta property=\"og:image\" content=\"https:\/\/diariodeloeste.com\/noticias\/wp-content\/uploads\/2024\/09\/DCF5137-scaled.jpg\" \/>\n\t<meta property=\"og:image:width\" content=\"2560\" \/>\n\t<meta property=\"og:image:height\" content=\"1706\" \/>\n\t<meta property=\"og:image:type\" content=\"image\/jpeg\" \/>\n<meta name=\"author\" content=\"Redaccion\" \/>\n<meta name=\"twitter:card\" content=\"summary_large_image\" \/>\n<meta name=\"twitter:label1\" content=\"Escrito por\" \/>\n\t<meta name=\"twitter:data1\" content=\"Redaccion\" \/>\n\t<meta name=\"twitter:label2\" content=\"Tiempo de lectura\" \/>\n\t<meta name=\"twitter:data2\" content=\"2 minutos\" \/>\n<script type=\"application\/ld+json\" class=\"yoast-schema-graph\">{\"@context\":\"https:\\\/\\\/schema.org\",\"@graph\":[{\"@type\":\"Article\",\"@id\":\"https:\\\/\\\/diariodeloeste.com\\\/noticias\\\/2024\\\/09\\\/08\\\/nardini-inauguro-una-nueva-obra-de-pavimentacion-en-la-ciudad-de-los-polvorines\\\/#article\",\"isPartOf\":{\"@id\":\"https:\\\/\\\/diariodeloeste.com\\\/noticias\\\/2024\\\/09\\\/08\\\/nardini-inauguro-una-nueva-obra-de-pavimentacion-en-la-ciudad-de-los-polvorines\\\/\"},\"author\":{\"name\":\"Redaccion\",\"@id\":\"https:\\\/\\\/diariodeloeste.com\\\/noticias\\\/#\\\/schema\\\/person\\\/1f7be965f8c093432e1cbfcee0ac4047\"},\"headline\":\"Nardini inaugur\u00f3 una nueva obra de pavimentaci\u00f3n en la ciudad de Los Polvorines\",\"datePublished\":\"2024-09-08T17:43:21+00:00\",\"mainEntityOfPage\":{\"@id\":\"https:\\\/\\\/diariodeloeste.com\\\/noticias\\\/2024\\\/09\\\/08\\\/nardini-inauguro-una-nueva-obra-de-pavimentacion-en-la-ciudad-de-los-polvorines\\\/\"},\"wordCount\":284,\"publisher\":{\"@id\":\"https:\\\/\\\/diariodeloeste.com\\\/noticias\\\/#organization\"},\"image\":{\"@id\":\"https:\\\/\\\/diariodeloeste.com\\\/noticias\\\/2024\\\/09\\\/08\\\/nardini-inauguro-una-nueva-obra-de-pavimentacion-en-la-ciudad-de-los-polvorines\\\/#primaryimage\"},\"thumbnailUrl\":\"https:\\\/\\\/diariodeloeste.com\\\/noticias\\\/wp-content\\\/uploads\\\/2024\\\/09\\\/DCF5137-scaled.jpg\",\"keywords\":[\"Lucas Delfino\",\"Luis Vivona\",\"Malvinas Argentinas\",\"Malvinas sos vos\",\"Municipalidad de malvinas Argentinas\",\"Municipio de Malvinas Argentinas\",\"Nardini\",\"Noe Correa\"],\"articleSection\":[\"Malvinas Argentinas\",\"Titulares\"],\"inLanguage\":\"es-AR\"},{\"@type\":\"WebPage\",\"@id\":\"https:\\\/\\\/diariodeloeste.com\\\/noticias\\\/2024\\\/09\\\/08\\\/nardini-inauguro-una-nueva-obra-de-pavimentacion-en-la-ciudad-de-los-polvorines\\\/\",\"url\":\"https:\\\/\\\/diariodeloeste.com\\\/noticias\\\/2024\\\/09\\\/08\\\/nardini-inauguro-una-nueva-obra-de-pavimentacion-en-la-ciudad-de-los-polvorines\\\/\",\"name\":\"Nardini inaugur\u00f3 una nueva obra de pavimentaci\u00f3n en la ciudad de Los Polvorines - Diario del Oeste\",\"isPartOf\":{\"@id\":\"https:\\\/\\\/diariodeloeste.com\\\/noticias\\\/#website\"},\"primaryImageOfPage\":{\"@id\":\"https:\\\/\\\/diariodeloeste.com\\\/noticias\\\/2024\\\/09\\\/08\\\/nardini-inauguro-una-nueva-obra-de-pavimentacion-en-la-ciudad-de-los-polvorines\\\/#primaryimage\"},\"image\":{\"@id\":\"https:\\\/\\\/diariodeloeste.com\\\/noticias\\\/2024\\\/09\\\/08\\\/nardini-inauguro-una-nueva-obra-de-pavimentacion-en-la-ciudad-de-los-polvorines\\\/#primaryimage\"},\"thumbnailUrl\":\"https:\\\/\\\/diariodeloeste.com\\\/noticias\\\/wp-content\\\/uploads\\\/2024\\\/09\\\/DCF5137-scaled.jpg\",\"datePublished\":\"2024-09-08T17:43:21+00:00\",\"breadcrumb\":{\"@id\":\"https:\\\/\\\/diariodeloeste.com\\\/noticias\\\/2024\\\/09\\\/08\\\/nardini-inauguro-una-nueva-obra-de-pavimentacion-en-la-ciudad-de-los-polvorines\\\/#breadcrumb\"},\"inLanguage\":\"es-AR\",\"potentialAction\":[{\"@type\":\"ReadAction\",\"target\":[\"https:\\\/\\\/diariodeloeste.com\\\/noticias\\\/2024\\\/09\\\/08\\\/nardini-inauguro-una-nueva-obra-de-pavimentacion-en-la-ciudad-de-los-polvorines\\\/\"]}]},{\"@type\":\"ImageObject\",\"inLanguage\":\"es-AR\",\"@id\":\"https:\\\/\\\/diariodeloeste.com\\\/noticias\\\/2024\\\/09\\\/08\\\/nardini-inauguro-una-nueva-obra-de-pavimentacion-en-la-ciudad-de-los-polvorines\\\/#primaryimage\",\"url\":\"https:\\\/\\\/diariodeloeste.com\\\/noticias\\\/wp-content\\\/uploads\\\/2024\\\/09\\\/DCF5137-scaled.jpg\",\"contentUrl\":\"https:\\\/\\\/diariodeloeste.com\\\/noticias\\\/wp-content\\\/uploads\\\/2024\\\/09\\\/DCF5137-scaled.jpg\",\"width\":2560,\"height\":1706},{\"@type\":\"BreadcrumbList\",\"@id\":\"https:\\\/\\\/diariodeloeste.com\\\/noticias\\\/2024\\\/09\\\/08\\\/nardini-inauguro-una-nueva-obra-de-pavimentacion-en-la-ciudad-de-los-polvorines\\\/#breadcrumb\",\"itemListElement\":[{\"@type\":\"ListItem\",\"position\":1,\"name\":\"Inicio\",\"item\":\"https:\\\/\\\/diariodeloeste.com\\\/noticias\\\/\"},{\"@type\":\"ListItem\",\"position\":2,\"name\":\"Nardini inaugur\u00f3 una nueva obra de pavimentaci\u00f3n en la ciudad de Los Polvorines\"}]},{\"@type\":\"WebSite\",\"@id\":\"https:\\\/\\\/diariodeloeste.com\\\/noticias\\\/#website\",\"url\":\"https:\\\/\\\/diariodeloeste.com\\\/noticias\\\/\",\"name\":\"Diario del Oeste\",\"description\":\"Noticias del Oeste\",\"publisher\":{\"@id\":\"https:\\\/\\\/diariodeloeste.com\\\/noticias\\\/#organization\"},\"potentialAction\":[{\"@type\":\"SearchAction\",\"target\":{\"@type\":\"EntryPoint\",\"urlTemplate\":\"https:\\\/\\\/diariodeloeste.com\\\/noticias\\\/?s={search_term_string}\"},\"query-input\":{\"@type\":\"PropertyValueSpecification\",\"valueRequired\":true,\"valueName\":\"search_term_string\"}}],\"inLanguage\":\"es-AR\"},{\"@type\":\"Organization\",\"@id\":\"https:\\\/\\\/diariodeloeste.com\\\/noticias\\\/#organization\",\"name\":\"Diario del Oeste\",\"url\":\"https:\\\/\\\/diariodeloeste.com\\\/noticias\\\/\",\"logo\":{\"@type\":\"ImageObject\",\"inLanguage\":\"es-AR\",\"@id\":\"https:\\\/\\\/diariodeloeste.com\\\/noticias\\\/#\\\/schema\\\/logo\\\/image\\\/\",\"url\":\"https:\\\/\\\/diariodeloeste.com\\\/noticias\\\/wp-content\\\/uploads\\\/2019\\\/04\\\/logo.png\",\"contentUrl\":\"https:\\\/\\\/diariodeloeste.com\\\/noticias\\\/wp-content\\\/uploads\\\/2019\\\/04\\\/logo.png\",\"width\":306,\"height\":145,\"caption\":\"Diario del Oeste\"},\"image\":{\"@id\":\"https:\\\/\\\/diariodeloeste.com\\\/noticias\\\/#\\\/schema\\\/logo\\\/image\\\/\"}},{\"@type\":\"Person\",\"@id\":\"https:\\\/\\\/diariodeloeste.com\\\/noticias\\\/#\\\/schema\\\/person\\\/1f7be965f8c093432e1cbfcee0ac4047\",\"name\":\"Redaccion\",\"image\":{\"@type\":\"ImageObject\",\"inLanguage\":\"es-AR\",\"@id\":\"https:\\\/\\\/secure.gravatar.com\\\/avatar\\\/f9bc3a12e26b32d818d88f9a5b61de20b559752e499df507efa7ea3cea0550ef?s=96&d=mm&r=g\",\"url\":\"https:\\\/\\\/secure.gravatar.com\\\/avatar\\\/f9bc3a12e26b32d818d88f9a5b61de20b559752e499df507efa7ea3cea0550ef?s=96&d=mm&r=g\",\"contentUrl\":\"https:\\\/\\\/secure.gravatar.com\\\/avatar\\\/f9bc3a12e26b32d818d88f9a5b61de20b559752e499df507efa7ea3cea0550ef?s=96&d=mm&r=g\",\"caption\":\"Redaccion\"},\"url\":\"https:\\\/\\\/diariodeloeste.com\\\/noticias\\\/author\\\/redaccion\\\/\"}]}<\/script>\n<!-- \/ Yoast SEO plugin. -->","yoast_head_json":{"title":"Nardini inaugur\u00f3 una nueva obra de pavimentaci\u00f3n en la ciudad de Los Polvorines - Diario del Oeste","robots":{"index":"index","follow":"follow","max-snippet":"max-snippet:-1","max-image-preview":"max-image-preview:large","max-video-preview":"max-video-preview:-1"},"canonical":"https:\/\/diariodeloeste.com\/noticias\/2024\/09\/08\/nardini-inauguro-una-nueva-obra-de-pavimentacion-en-la-ciudad-de-los-polvorines\/","og_locale":"es_ES","og_type":"article","og_title":"Nardini inaugur\u00f3 una nueva obra de pavimentaci\u00f3n en la ciudad de Los Polvorines - Diario del Oeste","og_description":"Son cinco cuadras ubicadas en las calles Artigas y Suipacha en el barrio \u201cEl Gr\u00e1fico\u201d. Ciudad de Los Polvorines, 06 de septiembre de 2024 \u2013 El intendente de Malvinas Argentinas, Leo Nardini, inaugur\u00f3 el pavimento de las calles Artigas y Suipacha, en la ciudad de Los Polvorines. Un total de 3.278 mts2 de calzada de [&hellip;]","og_url":"https:\/\/diariodeloeste.com\/noticias\/2024\/09\/08\/nardini-inauguro-una-nueva-obra-de-pavimentacion-en-la-ciudad-de-los-polvorines\/","og_site_name":"Diario del Oeste","article_published_time":"2024-09-08T17:43:21+00:00","og_image":[{"width":2560,"height":1706,"url":"https:\/\/diariodeloeste.com\/noticias\/wp-content\/uploads\/2024\/09\/DCF5137-scaled.jpg","type":"image\/jpeg"}],"author":"Redaccion","twitter_card":"summary_large_image","twitter_misc":{"Escrito por":"Redaccion","Tiempo de lectura":"2 minutos"},"schema":{"@context":"https:\/\/schema.org","@graph":[{"@type":"Article","@id":"https:\/\/diariodeloeste.com\/noticias\/2024\/09\/08\/nardini-inauguro-una-nueva-obra-de-pavimentacion-en-la-ciudad-de-los-polvorines\/#article","isPartOf":{"@id":"https:\/\/diariodeloeste.com\/noticias\/2024\/09\/08\/nardini-inauguro-una-nueva-obra-de-pavimentacion-en-la-ciudad-de-los-polvorines\/"},"author":{"name":"Redaccion","@id":"https:\/\/diariodeloeste.com\/noticias\/#\/schema\/person\/1f7be965f8c093432e1cbfcee0ac4047"},"headline":"Nardini inaugur\u00f3 una nueva obra de pavimentaci\u00f3n en la ciudad de Los Polvorines","datePublished":"2024-09-08T17:43:21+00:00","mainEntityOfPage":{"@id":"https:\/\/diariodeloeste.com\/noticias\/2024\/09\/08\/nardini-inauguro-una-nueva-obra-de-pavimentacion-en-la-ciudad-de-los-polvorines\/"},"wordCount":284,"publisher":{"@id":"https:\/\/diariodeloeste.com\/noticias\/#organization"},"image":{"@id":"https:\/\/diariodeloeste.com\/noticias\/2024\/09\/08\/nardini-inauguro-una-nueva-obra-de-pavimentacion-en-la-ciudad-de-los-polvorines\/#primaryimage"},"thumbnailUrl":"https:\/\/diariodeloeste.com\/noticias\/wp-content\/uploads\/2024\/09\/DCF5137-scaled.jpg","keywords":["Lucas Delfino","Luis Vivona","Malvinas Argentinas","Malvinas sos vos","Municipalidad de malvinas Argentinas","Municipio de Malvinas Argentinas","Nardini","Noe Correa"],"articleSection":["Malvinas Argentinas","Titulares"],"inLanguage":"es-AR"},{"@type":"WebPage","@id":"https:\/\/diariodeloeste.com\/noticias\/2024\/09\/08\/nardini-inauguro-una-nueva-obra-de-pavimentacion-en-la-ciudad-de-los-polvorines\/","url":"https:\/\/diariodeloeste.com\/noticias\/2024\/09\/08\/nardini-inauguro-una-nueva-obra-de-pavimentacion-en-la-ciudad-de-los-polvorines\/","name":"Nardini inaugur\u00f3 una nueva obra de pavimentaci\u00f3n en la ciudad de Los Polvorines - Diario del Oeste","isPartOf":{"@id":"https:\/\/diariodeloeste.com\/noticias\/#website"},"primaryImageOfPage":{"@id":"https:\/\/diariodeloeste.com\/noticias\/2024\/09\/08\/nardini-inauguro-una-nueva-obra-de-pavimentacion-en-la-ciudad-de-los-polvorines\/#primaryimage"},"image":{"@id":"https:\/\/diariodeloeste.com\/noticias\/2024\/09\/08\/nardini-inauguro-una-nueva-obra-de-pavimentacion-en-la-ciudad-de-los-polvorines\/#primaryimage"},"thumbnailUrl":"https:\/\/diariodeloeste.com\/noticias\/wp-content\/uploads\/2024\/09\/DCF5137-scaled.jpg","datePublished":"2024-09-08T17:43:21+00:00","breadcrumb":{"@id":"https:\/\/diariodeloeste.com\/noticias\/2024\/09\/08\/nardini-inauguro-una-nueva-obra-de-pavimentacion-en-la-ciudad-de-los-polvorines\/#breadcrumb"},"inLanguage":"es-AR","potentialAction":[{"@type":"ReadAction","target":["https:\/\/diariodeloeste.com\/noticias\/2024\/09\/08\/nardini-inauguro-una-nueva-obra-de-pavimentacion-en-la-ciudad-de-los-polvorines\/"]}]},{"@type":"ImageObject","inLanguage":"es-AR","@id":"https:\/\/diariodeloeste.com\/noticias\/2024\/09\/08\/nardini-inauguro-una-nueva-obra-de-pavimentacion-en-la-ciudad-de-los-polvorines\/#primaryimage","url":"https:\/\/diariodeloeste.com\/noticias\/wp-content\/uploads\/2024\/09\/DCF5137-scaled.jpg","contentUrl":"https:\/\/diariodeloeste.com\/noticias\/wp-content\/uploads\/2024\/09\/DCF5137-scaled.jpg","width":2560,"height":1706},{"@type":"BreadcrumbList","@id":"https:\/\/diariodeloeste.com\/noticias\/2024\/09\/08\/nardini-inauguro-una-nueva-obra-de-pavimentacion-en-la-ciudad-de-los-polvorines\/#breadcrumb","itemListElement":[{"@type":"ListItem","position":1,"name":"Inicio","item":"https:\/\/diariodeloeste.com\/noticias\/"},{"@type":"ListItem","position":2,"name":"Nardini inaugur\u00f3 una nueva obra de pavimentaci\u00f3n en la ciudad de Los Polvorines"}]},{"@type":"WebSite","@id":"https:\/\/diariodeloeste.com\/noticias\/#website","url":"https:\/\/diariodeloeste.com\/noticias\/","name":"Diario del Oeste","description":"Noticias del Oeste","publisher":{"@id":"https:\/\/diariodeloeste.com\/noticias\/#organization"},"potentialAction":[{"@type":"SearchAction","target":{"@type":"EntryPoint","urlTemplate":"https:\/\/diariodeloeste.com\/noticias\/?s={search_term_string}"},"query-input":{"@type":"PropertyValueSpecification","valueRequired":true,"valueName":"search_term_string"}}],"inLanguage":"es-AR"},{"@type":"Organization","@id":"https:\/\/diariodeloeste.com\/noticias\/#organization","name":"Diario del Oeste","url":"https:\/\/diariodeloeste.com\/noticias\/","logo":{"@type":"ImageObject","inLanguage":"es-AR","@id":"https:\/\/diariodeloeste.com\/noticias\/#\/schema\/logo\/image\/","url":"https:\/\/diariodeloeste.com\/noticias\/wp-content\/uploads\/2019\/04\/logo.png","contentUrl":"https:\/\/diariodeloeste.com\/noticias\/wp-content\/uploads\/2019\/04\/logo.png","width":306,"height":145,"caption":"Diario del Oeste"},"image":{"@id":"https:\/\/diariodeloeste.com\/noticias\/#\/schema\/logo\/image\/"}},{"@type":"Person","@id":"https:\/\/diariodeloeste.com\/noticias\/#\/schema\/person\/1f7be965f8c093432e1cbfcee0ac4047","name":"Redaccion","image":{"@type":"ImageObject","inLanguage":"es-AR","@id":"https:\/\/secure.gravatar.com\/avatar\/f9bc3a12e26b32d818d88f9a5b61de20b559752e499df507efa7ea3cea0550ef?s=96&d=mm&r=g","url":"https:\/\/secure.gravatar.com\/avatar\/f9bc3a12e26b32d818d88f9a5b61de20b559752e499df507efa7ea3cea0550ef?s=96&d=mm&r=g","contentUrl":"https:\/\/secure.gravatar.com\/avatar\/f9bc3a12e26b32d818d88f9a5b61de20b559752e499df507efa7ea3cea0550ef?s=96&d=mm&r=g","caption":"Redaccion"},"url":"https:\/\/diariodeloeste.com\/noticias\/author\/redaccion\/"}]}},"_links":{"self":[{"href":"https:\/\/diariodeloeste.com\/noticias\/wp-json\/wp\/v2\/posts\/12911","targetHints":{"allow":["GET"]}}],"collection":[{"href":"https:\/\/diariodeloeste.com\/noticias\/wp-json\/wp\/v2\/posts"}],"about":[{"href":"https:\/\/diariodeloeste.com\/noticias\/wp-json\/wp\/v2\/types\/post"}],"author":[{"embeddable":true,"href":"https:\/\/diariodeloeste.com\/noticias\/wp-json\/wp\/v2\/users\/3"}],"replies":[{"embeddable":true,"href":"https:\/\/diariodeloeste.com\/noticias\/wp-json\/wp\/v2\/comments?post=12911"}],"version-history":[{"count":1,"href":"https:\/\/diariodeloeste.com\/noticias\/wp-json\/wp\/v2\/posts\/12911\/revisions"}],"predecessor-version":[{"id":12916,"href":"https:\/\/diariodeloeste.com\/noticias\/wp-json\/wp\/v2\/posts\/12911\/revisions\/12916"}],"wp:featuredmedia":[{"embeddable":true,"href":"https:\/\/diariodeloeste.com\/noticias\/wp-json\/wp\/v2\/media\/12915"}],"wp:attachment":[{"href":"https:\/\/diariodeloeste.com\/noticias\/wp-json\/wp\/v2\/media?parent=12911"}],"wp:term":[{"taxonomy":"category","embeddable":true,"href":"https:\/\/diariodeloeste.com\/noticias\/wp-json\/wp\/v2\/categories?post=12911"},{"taxonomy":"post_tag","embeddable":true,"href":"https:\/\/diariodeloeste.com\/noticias\/wp-json\/wp\/v2\/tags?post=12911"}],"curies":[{"name":"wp","href":"https:\/\/api.w.org\/{rel}","templated":true}]}}