{"id":12903,"date":"2024-09-07T01:50:00","date_gmt":"2024-09-07T01:50:00","guid":{"rendered":"https:\/\/diariodeloeste.com\/noticias\/?p=12903"},"modified":"2024-09-07T01:50:28","modified_gmt":"2024-09-07T01:50:28","slug":"aniversario-del-servicio-tea-en-jose-c-paz-2","status":"publish","type":"post","link":"https:\/\/diariodeloeste.com\/noticias\/2024\/09\/07\/aniversario-del-servicio-tea-en-jose-c-paz-2\/","title":{"rendered":"ANIVERSARIO DEL SERVICIO TEA EN JOS\u00c9 C. PAZ"},"content":{"rendered":"<p>Te mostramos el Teatro de sombras que se desarroll\u00f3 en el<strong> Centro de Salud Suizo Ideal<\/strong>, ubicado en Chile 2000, <strong>Jos\u00e9 C. Paz<\/strong> con motivo de festejar el aniversario del equipo del Servicio <strong>TEA (Trastorno del Espectro Autista)<\/strong>: Evaluaci\u00f3n, Diagn\u00f3stico, y Tratamiento Integral para el Autismo) para los pacientes y sus familias.<\/p>\n<p><img loading=\"lazy\" loading=\"lazy\" decoding=\"async\" class=\"alignnone wp-image-12904 size-full\" src=\"https:\/\/diariodeloeste.com\/noticias\/wp-content\/uploads\/2024\/09\/WhatsApp-Image-2024-09-06-at-10.39.49-PM-1.jpeg\" alt=\"\" width=\"720\" height=\"720\" srcset=\"https:\/\/diariodeloeste.com\/noticias\/wp-content\/uploads\/2024\/09\/WhatsApp-Image-2024-09-06-at-10.39.49-PM-1.jpeg 720w, https:\/\/diariodeloeste.com\/noticias\/wp-content\/uploads\/2024\/09\/WhatsApp-Image-2024-09-06-at-10.39.49-PM-1-300x300.jpeg 300w, https:\/\/diariodeloeste.com\/noticias\/wp-content\/uploads\/2024\/09\/WhatsApp-Image-2024-09-06-at-10.39.49-PM-1-150x150.jpeg 150w\" sizes=\"auto, (max-width: 720px) 100vw, 720px\" \/> <img loading=\"lazy\" loading=\"lazy\" decoding=\"async\" class=\"alignnone wp-image-12905 size-full\" src=\"https:\/\/diariodeloeste.com\/noticias\/wp-content\/uploads\/2024\/09\/WhatsApp-Image-2024-09-06-at-10.39.49-PM.jpeg\" alt=\"\" width=\"720\" height=\"720\" srcset=\"https:\/\/diariodeloeste.com\/noticias\/wp-content\/uploads\/2024\/09\/WhatsApp-Image-2024-09-06-at-10.39.49-PM.jpeg 720w, https:\/\/diariodeloeste.com\/noticias\/wp-content\/uploads\/2024\/09\/WhatsApp-Image-2024-09-06-at-10.39.49-PM-300x300.jpeg 300w, https:\/\/diariodeloeste.com\/noticias\/wp-content\/uploads\/2024\/09\/WhatsApp-Image-2024-09-06-at-10.39.49-PM-150x150.jpeg 150w\" sizes=\"auto, (max-width: 720px) 100vw, 720px\" \/> <img loading=\"lazy\" loading=\"lazy\" decoding=\"async\" class=\"alignnone wp-image-12906 size-full\" src=\"https:\/\/diariodeloeste.com\/noticias\/wp-content\/uploads\/2024\/09\/WhatsApp-Image-2024-09-06-at-10.39.48-PM-2.jpeg\" alt=\"\" width=\"720\" height=\"720\" srcset=\"https:\/\/diariodeloeste.com\/noticias\/wp-content\/uploads\/2024\/09\/WhatsApp-Image-2024-09-06-at-10.39.48-PM-2.jpeg 720w, https:\/\/diariodeloeste.com\/noticias\/wp-content\/uploads\/2024\/09\/WhatsApp-Image-2024-09-06-at-10.39.48-PM-2-300x300.jpeg 300w, https:\/\/diariodeloeste.com\/noticias\/wp-content\/uploads\/2024\/09\/WhatsApp-Image-2024-09-06-at-10.39.48-PM-2-150x150.jpeg 150w\" sizes=\"auto, (max-width: 720px) 100vw, 720px\" \/> <img loading=\"lazy\" loading=\"lazy\" decoding=\"async\" class=\"alignnone wp-image-12907 size-full\" src=\"https:\/\/diariodeloeste.com\/noticias\/wp-content\/uploads\/2024\/09\/WhatsApp-Image-2024-09-06-at-10.39.48-PM-1.jpeg\" alt=\"\" width=\"720\" height=\"720\" srcset=\"https:\/\/diariodeloeste.com\/noticias\/wp-content\/uploads\/2024\/09\/WhatsApp-Image-2024-09-06-at-10.39.48-PM-1.jpeg 720w, https:\/\/diariodeloeste.com\/noticias\/wp-content\/uploads\/2024\/09\/WhatsApp-Image-2024-09-06-at-10.39.48-PM-1-300x300.jpeg 300w, https:\/\/diariodeloeste.com\/noticias\/wp-content\/uploads\/2024\/09\/WhatsApp-Image-2024-09-06-at-10.39.48-PM-1-150x150.jpeg 150w\" sizes=\"auto, (max-width: 720px) 100vw, 720px\" \/> <img loading=\"lazy\" loading=\"lazy\" decoding=\"async\" class=\"alignnone wp-image-12908 size-full\" src=\"https:\/\/diariodeloeste.com\/noticias\/wp-content\/uploads\/2024\/09\/WhatsApp-Image-2024-09-06-at-10.39.48-PM.jpeg\" alt=\"\" width=\"720\" height=\"720\" srcset=\"https:\/\/diariodeloeste.com\/noticias\/wp-content\/uploads\/2024\/09\/WhatsApp-Image-2024-09-06-at-10.39.48-PM.jpeg 720w, https:\/\/diariodeloeste.com\/noticias\/wp-content\/uploads\/2024\/09\/WhatsApp-Image-2024-09-06-at-10.39.48-PM-300x300.jpeg 300w, https:\/\/diariodeloeste.com\/noticias\/wp-content\/uploads\/2024\/09\/WhatsApp-Image-2024-09-06-at-10.39.48-PM-150x150.jpeg 150w\" sizes=\"auto, (max-width: 720px) 100vw, 720px\" \/><\/p>\n<p><img loading=\"lazy\" loading=\"lazy\" decoding=\"async\" class=\"alignnone wp-image-12834 size-large\" src=\"https:\/\/diariodeloeste.com\/noticias\/wp-content\/uploads\/2024\/09\/WhatsApp-Image-2024-09-05-at-10.46.01-PM-1024x688.jpeg\" alt=\"\" width=\"1024\" height=\"688\" srcset=\"https:\/\/diariodeloeste.com\/noticias\/wp-content\/uploads\/2024\/09\/WhatsApp-Image-2024-09-05-at-10.46.01-PM-1024x688.jpeg 1024w, https:\/\/diariodeloeste.com\/noticias\/wp-content\/uploads\/2024\/09\/WhatsApp-Image-2024-09-05-at-10.46.01-PM-300x202.jpeg 300w, https:\/\/diariodeloeste.com\/noticias\/wp-content\/uploads\/2024\/09\/WhatsApp-Image-2024-09-05-at-10.46.01-PM-768x516.jpeg 768w, https:\/\/diariodeloeste.com\/noticias\/wp-content\/uploads\/2024\/09\/WhatsApp-Image-2024-09-05-at-10.46.01-PM-1536x1032.jpeg 1536w, https:\/\/diariodeloeste.com\/noticias\/wp-content\/uploads\/2024\/09\/WhatsApp-Image-2024-09-05-at-10.46.01-PM-860x578.jpeg 860w, https:\/\/diariodeloeste.com\/noticias\/wp-content\/uploads\/2024\/09\/WhatsApp-Image-2024-09-05-at-10.46.01-PM.jpeg 1600w\" sizes=\"auto, (max-width: 1024px) 100vw, 1024px\" \/><\/p>\n<script>function PlayerjsAsync(){} if(window[\"Playerjs\"]){PlayerjsAsync();}<\/script>","protected":false},"excerpt":{"rendered":"<p>Te mostramos el Teatro de sombras que se desarroll\u00f3 en el Centro de Salud Suizo Ideal, ubicado en Chile 2000, Jos\u00e9 C. Paz con motivo de festejar el aniversario del equipo del Servicio TEA (Trastorno del Espectro Autista): Evaluaci\u00f3n, Diagn\u00f3stico, y Tratamiento Integral para el Autismo) para los pacientes y sus familias.<\/p>\n","protected":false},"author":3,"featured_media":12908,"comment_status":"closed","ping_status":"closed","sticky":false,"template":"","format":"standard","meta":{"content-type":"","footnotes":""},"categories":[303,9],"tags":[1223,128,233,1021,387,537,1224],"class_list":{"0":"post-12903","1":"post","2":"type-post","3":"status-publish","4":"format-standard","5":"has-post-thumbnail","7":"category-jose-c-paz","8":"category-titulares","9":"tag-centro-de-salud-suizo-ideal","10":"tag-jose-c-paz","11":"tag-jose-c-paz-2","12":"tag-mario-alberto-ishii","13":"tag-mario-ishii","14":"tag-municipio-de-jose-c-paz","15":"tag-tea-trastorno-del-espectro-autista"},"yoast_head":"<!-- This site is optimized with the Yoast SEO plugin v27.4 - https:\/\/yoast.com\/product\/yoast-seo-wordpress\/ -->\n<title>ANIVERSARIO DEL SERVICIO TEA EN JOS\u00c9 C. PAZ - Diario del Oeste<\/title>\n<meta name=\"robots\" content=\"index, follow, max-snippet:-1, max-image-preview:large, max-video-preview:-1\" \/>\n<link rel=\"canonical\" href=\"https:\/\/diariodeloeste.com\/noticias\/2024\/09\/07\/aniversario-del-servicio-tea-en-jose-c-paz-2\/\" \/>\n<meta property=\"og:locale\" content=\"es_ES\" \/>\n<meta property=\"og:type\" content=\"article\" \/>\n<meta property=\"og:title\" content=\"ANIVERSARIO DEL SERVICIO TEA EN JOS\u00c9 C. PAZ - Diario del Oeste\" \/>\n<meta property=\"og:description\" content=\"Te mostramos el Teatro de sombras que se desarroll\u00f3 en el Centro de Salud Suizo Ideal, ubicado en Chile 2000, Jos\u00e9 C. Paz con motivo de festejar el aniversario del equipo del Servicio TEA (Trastorno del Espectro Autista): Evaluaci\u00f3n, Diagn\u00f3stico, y Tratamiento Integral para el Autismo) para los pacientes y sus familias.\" \/>\n<meta property=\"og:url\" content=\"https:\/\/diariodeloeste.com\/noticias\/2024\/09\/07\/aniversario-del-servicio-tea-en-jose-c-paz-2\/\" \/>\n<meta property=\"og:site_name\" content=\"Diario del Oeste\" \/>\n<meta property=\"article:published_time\" content=\"2024-09-07T01:50:00+00:00\" \/>\n<meta property=\"article:modified_time\" content=\"2024-09-07T01:50:28+00:00\" \/>\n<meta property=\"og:image\" content=\"https:\/\/diariodeloeste.com\/noticias\/wp-content\/uploads\/2024\/09\/WhatsApp-Image-2024-09-06-at-10.39.48-PM.jpeg\" \/>\n\t<meta property=\"og:image:width\" content=\"720\" \/>\n\t<meta property=\"og:image:height\" content=\"720\" \/>\n\t<meta property=\"og:image:type\" content=\"image\/jpeg\" \/>\n<meta name=\"author\" content=\"Redaccion\" \/>\n<meta name=\"twitter:card\" content=\"summary_large_image\" \/>\n<meta name=\"twitter:label1\" content=\"Escrito por\" \/>\n\t<meta name=\"twitter:data1\" content=\"Redaccion\" \/>\n\t<meta name=\"twitter:label2\" content=\"Tiempo de lectura\" \/>\n\t<meta name=\"twitter:data2\" content=\"2 minutos\" \/>\n<script type=\"application\/ld+json\" class=\"yoast-schema-graph\">{\"@context\":\"https:\\\/\\\/schema.org\",\"@graph\":[{\"@type\":\"Article\",\"@id\":\"https:\\\/\\\/diariodeloeste.com\\\/noticias\\\/2024\\\/09\\\/07\\\/aniversario-del-servicio-tea-en-jose-c-paz-2\\\/#article\",\"isPartOf\":{\"@id\":\"https:\\\/\\\/diariodeloeste.com\\\/noticias\\\/2024\\\/09\\\/07\\\/aniversario-del-servicio-tea-en-jose-c-paz-2\\\/\"},\"author\":{\"name\":\"Redaccion\",\"@id\":\"https:\\\/\\\/diariodeloeste.com\\\/noticias\\\/#\\\/schema\\\/person\\\/1f7be965f8c093432e1cbfcee0ac4047\"},\"headline\":\"ANIVERSARIO DEL SERVICIO TEA EN JOS\u00c9 C. PAZ\",\"datePublished\":\"2024-09-07T01:50:00+00:00\",\"dateModified\":\"2024-09-07T01:50:28+00:00\",\"mainEntityOfPage\":{\"@id\":\"https:\\\/\\\/diariodeloeste.com\\\/noticias\\\/2024\\\/09\\\/07\\\/aniversario-del-servicio-tea-en-jose-c-paz-2\\\/\"},\"wordCount\":61,\"publisher\":{\"@id\":\"https:\\\/\\\/diariodeloeste.com\\\/noticias\\\/#organization\"},\"image\":{\"@id\":\"https:\\\/\\\/diariodeloeste.com\\\/noticias\\\/2024\\\/09\\\/07\\\/aniversario-del-servicio-tea-en-jose-c-paz-2\\\/#primaryimage\"},\"thumbnailUrl\":\"https:\\\/\\\/diariodeloeste.com\\\/noticias\\\/wp-content\\\/uploads\\\/2024\\\/09\\\/WhatsApp-Image-2024-09-06-at-10.39.48-PM.jpeg\",\"keywords\":[\"Centro de Salud Suizo Ideal\",\"jose c paz\",\"jos\u00e9 c. paz\",\"Mario Alberto Ishii\",\"Mario ishii\",\"Municipio de Jos{e C. Paz\",\"TEA (Trastorno del Espectro Autista)\"],\"articleSection\":[\"Jos\u00e9 C Paz\",\"Titulares\"],\"inLanguage\":\"es-AR\"},{\"@type\":\"WebPage\",\"@id\":\"https:\\\/\\\/diariodeloeste.com\\\/noticias\\\/2024\\\/09\\\/07\\\/aniversario-del-servicio-tea-en-jose-c-paz-2\\\/\",\"url\":\"https:\\\/\\\/diariodeloeste.com\\\/noticias\\\/2024\\\/09\\\/07\\\/aniversario-del-servicio-tea-en-jose-c-paz-2\\\/\",\"name\":\"ANIVERSARIO DEL SERVICIO TEA EN JOS\u00c9 C. PAZ - Diario del Oeste\",\"isPartOf\":{\"@id\":\"https:\\\/\\\/diariodeloeste.com\\\/noticias\\\/#website\"},\"primaryImageOfPage\":{\"@id\":\"https:\\\/\\\/diariodeloeste.com\\\/noticias\\\/2024\\\/09\\\/07\\\/aniversario-del-servicio-tea-en-jose-c-paz-2\\\/#primaryimage\"},\"image\":{\"@id\":\"https:\\\/\\\/diariodeloeste.com\\\/noticias\\\/2024\\\/09\\\/07\\\/aniversario-del-servicio-tea-en-jose-c-paz-2\\\/#primaryimage\"},\"thumbnailUrl\":\"https:\\\/\\\/diariodeloeste.com\\\/noticias\\\/wp-content\\\/uploads\\\/2024\\\/09\\\/WhatsApp-Image-2024-09-06-at-10.39.48-PM.jpeg\",\"datePublished\":\"2024-09-07T01:50:00+00:00\",\"dateModified\":\"2024-09-07T01:50:28+00:00\",\"breadcrumb\":{\"@id\":\"https:\\\/\\\/diariodeloeste.com\\\/noticias\\\/2024\\\/09\\\/07\\\/aniversario-del-servicio-tea-en-jose-c-paz-2\\\/#breadcrumb\"},\"inLanguage\":\"es-AR\",\"potentialAction\":[{\"@type\":\"ReadAction\",\"target\":[\"https:\\\/\\\/diariodeloeste.com\\\/noticias\\\/2024\\\/09\\\/07\\\/aniversario-del-servicio-tea-en-jose-c-paz-2\\\/\"]}]},{\"@type\":\"ImageObject\",\"inLanguage\":\"es-AR\",\"@id\":\"https:\\\/\\\/diariodeloeste.com\\\/noticias\\\/2024\\\/09\\\/07\\\/aniversario-del-servicio-tea-en-jose-c-paz-2\\\/#primaryimage\",\"url\":\"https:\\\/\\\/diariodeloeste.com\\\/noticias\\\/wp-content\\\/uploads\\\/2024\\\/09\\\/WhatsApp-Image-2024-09-06-at-10.39.48-PM.jpeg\",\"contentUrl\":\"https:\\\/\\\/diariodeloeste.com\\\/noticias\\\/wp-content\\\/uploads\\\/2024\\\/09\\\/WhatsApp-Image-2024-09-06-at-10.39.48-PM.jpeg\",\"width\":720,\"height\":720},{\"@type\":\"BreadcrumbList\",\"@id\":\"https:\\\/\\\/diariodeloeste.com\\\/noticias\\\/2024\\\/09\\\/07\\\/aniversario-del-servicio-tea-en-jose-c-paz-2\\\/#breadcrumb\",\"itemListElement\":[{\"@type\":\"ListItem\",\"position\":1,\"name\":\"Inicio\",\"item\":\"https:\\\/\\\/diariodeloeste.com\\\/noticias\\\/\"},{\"@type\":\"ListItem\",\"position\":2,\"name\":\"ANIVERSARIO DEL SERVICIO TEA EN JOS\u00c9 C. PAZ\"}]},{\"@type\":\"WebSite\",\"@id\":\"https:\\\/\\\/diariodeloeste.com\\\/noticias\\\/#website\",\"url\":\"https:\\\/\\\/diariodeloeste.com\\\/noticias\\\/\",\"name\":\"Diario del Oeste\",\"description\":\"Noticias del Oeste\",\"publisher\":{\"@id\":\"https:\\\/\\\/diariodeloeste.com\\\/noticias\\\/#organization\"},\"potentialAction\":[{\"@type\":\"SearchAction\",\"target\":{\"@type\":\"EntryPoint\",\"urlTemplate\":\"https:\\\/\\\/diariodeloeste.com\\\/noticias\\\/?s={search_term_string}\"},\"query-input\":{\"@type\":\"PropertyValueSpecification\",\"valueRequired\":true,\"valueName\":\"search_term_string\"}}],\"inLanguage\":\"es-AR\"},{\"@type\":\"Organization\",\"@id\":\"https:\\\/\\\/diariodeloeste.com\\\/noticias\\\/#organization\",\"name\":\"Diario del Oeste\",\"url\":\"https:\\\/\\\/diariodeloeste.com\\\/noticias\\\/\",\"logo\":{\"@type\":\"ImageObject\",\"inLanguage\":\"es-AR\",\"@id\":\"https:\\\/\\\/diariodeloeste.com\\\/noticias\\\/#\\\/schema\\\/logo\\\/image\\\/\",\"url\":\"https:\\\/\\\/diariodeloeste.com\\\/noticias\\\/wp-content\\\/uploads\\\/2019\\\/04\\\/logo.png\",\"contentUrl\":\"https:\\\/\\\/diariodeloeste.com\\\/noticias\\\/wp-content\\\/uploads\\\/2019\\\/04\\\/logo.png\",\"width\":306,\"height\":145,\"caption\":\"Diario del Oeste\"},\"image\":{\"@id\":\"https:\\\/\\\/diariodeloeste.com\\\/noticias\\\/#\\\/schema\\\/logo\\\/image\\\/\"}},{\"@type\":\"Person\",\"@id\":\"https:\\\/\\\/diariodeloeste.com\\\/noticias\\\/#\\\/schema\\\/person\\\/1f7be965f8c093432e1cbfcee0ac4047\",\"name\":\"Redaccion\",\"image\":{\"@type\":\"ImageObject\",\"inLanguage\":\"es-AR\",\"@id\":\"https:\\\/\\\/secure.gravatar.com\\\/avatar\\\/f9bc3a12e26b32d818d88f9a5b61de20b559752e499df507efa7ea3cea0550ef?s=96&d=mm&r=g\",\"url\":\"https:\\\/\\\/secure.gravatar.com\\\/avatar\\\/f9bc3a12e26b32d818d88f9a5b61de20b559752e499df507efa7ea3cea0550ef?s=96&d=mm&r=g\",\"contentUrl\":\"https:\\\/\\\/secure.gravatar.com\\\/avatar\\\/f9bc3a12e26b32d818d88f9a5b61de20b559752e499df507efa7ea3cea0550ef?s=96&d=mm&r=g\",\"caption\":\"Redaccion\"},\"url\":\"https:\\\/\\\/diariodeloeste.com\\\/noticias\\\/author\\\/redaccion\\\/\"}]}<\/script>\n<!-- \/ Yoast SEO plugin. -->","yoast_head_json":{"title":"ANIVERSARIO DEL SERVICIO TEA EN JOS\u00c9 C. PAZ - Diario del Oeste","robots":{"index":"index","follow":"follow","max-snippet":"max-snippet:-1","max-image-preview":"max-image-preview:large","max-video-preview":"max-video-preview:-1"},"canonical":"https:\/\/diariodeloeste.com\/noticias\/2024\/09\/07\/aniversario-del-servicio-tea-en-jose-c-paz-2\/","og_locale":"es_ES","og_type":"article","og_title":"ANIVERSARIO DEL SERVICIO TEA EN JOS\u00c9 C. PAZ - Diario del Oeste","og_description":"Te mostramos el Teatro de sombras que se desarroll\u00f3 en el Centro de Salud Suizo Ideal, ubicado en Chile 2000, Jos\u00e9 C. Paz con motivo de festejar el aniversario del equipo del Servicio TEA (Trastorno del Espectro Autista): Evaluaci\u00f3n, Diagn\u00f3stico, y Tratamiento Integral para el Autismo) para los pacientes y sus familias.","og_url":"https:\/\/diariodeloeste.com\/noticias\/2024\/09\/07\/aniversario-del-servicio-tea-en-jose-c-paz-2\/","og_site_name":"Diario del Oeste","article_published_time":"2024-09-07T01:50:00+00:00","article_modified_time":"2024-09-07T01:50:28+00:00","og_image":[{"width":720,"height":720,"url":"https:\/\/diariodeloeste.com\/noticias\/wp-content\/uploads\/2024\/09\/WhatsApp-Image-2024-09-06-at-10.39.48-PM.jpeg","type":"image\/jpeg"}],"author":"Redaccion","twitter_card":"summary_large_image","twitter_misc":{"Escrito por":"Redaccion","Tiempo de lectura":"2 minutos"},"schema":{"@context":"https:\/\/schema.org","@graph":[{"@type":"Article","@id":"https:\/\/diariodeloeste.com\/noticias\/2024\/09\/07\/aniversario-del-servicio-tea-en-jose-c-paz-2\/#article","isPartOf":{"@id":"https:\/\/diariodeloeste.com\/noticias\/2024\/09\/07\/aniversario-del-servicio-tea-en-jose-c-paz-2\/"},"author":{"name":"Redaccion","@id":"https:\/\/diariodeloeste.com\/noticias\/#\/schema\/person\/1f7be965f8c093432e1cbfcee0ac4047"},"headline":"ANIVERSARIO DEL SERVICIO TEA EN JOS\u00c9 C. PAZ","datePublished":"2024-09-07T01:50:00+00:00","dateModified":"2024-09-07T01:50:28+00:00","mainEntityOfPage":{"@id":"https:\/\/diariodeloeste.com\/noticias\/2024\/09\/07\/aniversario-del-servicio-tea-en-jose-c-paz-2\/"},"wordCount":61,"publisher":{"@id":"https:\/\/diariodeloeste.com\/noticias\/#organization"},"image":{"@id":"https:\/\/diariodeloeste.com\/noticias\/2024\/09\/07\/aniversario-del-servicio-tea-en-jose-c-paz-2\/#primaryimage"},"thumbnailUrl":"https:\/\/diariodeloeste.com\/noticias\/wp-content\/uploads\/2024\/09\/WhatsApp-Image-2024-09-06-at-10.39.48-PM.jpeg","keywords":["Centro de Salud Suizo Ideal","jose c paz","jos\u00e9 c. paz","Mario Alberto Ishii","Mario ishii","Municipio de Jos{e C. Paz","TEA (Trastorno del Espectro Autista)"],"articleSection":["Jos\u00e9 C Paz","Titulares"],"inLanguage":"es-AR"},{"@type":"WebPage","@id":"https:\/\/diariodeloeste.com\/noticias\/2024\/09\/07\/aniversario-del-servicio-tea-en-jose-c-paz-2\/","url":"https:\/\/diariodeloeste.com\/noticias\/2024\/09\/07\/aniversario-del-servicio-tea-en-jose-c-paz-2\/","name":"ANIVERSARIO DEL SERVICIO TEA EN JOS\u00c9 C. PAZ - Diario del Oeste","isPartOf":{"@id":"https:\/\/diariodeloeste.com\/noticias\/#website"},"primaryImageOfPage":{"@id":"https:\/\/diariodeloeste.com\/noticias\/2024\/09\/07\/aniversario-del-servicio-tea-en-jose-c-paz-2\/#primaryimage"},"image":{"@id":"https:\/\/diariodeloeste.com\/noticias\/2024\/09\/07\/aniversario-del-servicio-tea-en-jose-c-paz-2\/#primaryimage"},"thumbnailUrl":"https:\/\/diariodeloeste.com\/noticias\/wp-content\/uploads\/2024\/09\/WhatsApp-Image-2024-09-06-at-10.39.48-PM.jpeg","datePublished":"2024-09-07T01:50:00+00:00","dateModified":"2024-09-07T01:50:28+00:00","breadcrumb":{"@id":"https:\/\/diariodeloeste.com\/noticias\/2024\/09\/07\/aniversario-del-servicio-tea-en-jose-c-paz-2\/#breadcrumb"},"inLanguage":"es-AR","potentialAction":[{"@type":"ReadAction","target":["https:\/\/diariodeloeste.com\/noticias\/2024\/09\/07\/aniversario-del-servicio-tea-en-jose-c-paz-2\/"]}]},{"@type":"ImageObject","inLanguage":"es-AR","@id":"https:\/\/diariodeloeste.com\/noticias\/2024\/09\/07\/aniversario-del-servicio-tea-en-jose-c-paz-2\/#primaryimage","url":"https:\/\/diariodeloeste.com\/noticias\/wp-content\/uploads\/2024\/09\/WhatsApp-Image-2024-09-06-at-10.39.48-PM.jpeg","contentUrl":"https:\/\/diariodeloeste.com\/noticias\/wp-content\/uploads\/2024\/09\/WhatsApp-Image-2024-09-06-at-10.39.48-PM.jpeg","width":720,"height":720},{"@type":"BreadcrumbList","@id":"https:\/\/diariodeloeste.com\/noticias\/2024\/09\/07\/aniversario-del-servicio-tea-en-jose-c-paz-2\/#breadcrumb","itemListElement":[{"@type":"ListItem","position":1,"name":"Inicio","item":"https:\/\/diariodeloeste.com\/noticias\/"},{"@type":"ListItem","position":2,"name":"ANIVERSARIO DEL SERVICIO TEA EN JOS\u00c9 C. PAZ"}]},{"@type":"WebSite","@id":"https:\/\/diariodeloeste.com\/noticias\/#website","url":"https:\/\/diariodeloeste.com\/noticias\/","name":"Diario del Oeste","description":"Noticias del Oeste","publisher":{"@id":"https:\/\/diariodeloeste.com\/noticias\/#organization"},"potentialAction":[{"@type":"SearchAction","target":{"@type":"EntryPoint","urlTemplate":"https:\/\/diariodeloeste.com\/noticias\/?s={search_term_string}"},"query-input":{"@type":"PropertyValueSpecification","valueRequired":true,"valueName":"search_term_string"}}],"inLanguage":"es-AR"},{"@type":"Organization","@id":"https:\/\/diariodeloeste.com\/noticias\/#organization","name":"Diario del Oeste","url":"https:\/\/diariodeloeste.com\/noticias\/","logo":{"@type":"ImageObject","inLanguage":"es-AR","@id":"https:\/\/diariodeloeste.com\/noticias\/#\/schema\/logo\/image\/","url":"https:\/\/diariodeloeste.com\/noticias\/wp-content\/uploads\/2019\/04\/logo.png","contentUrl":"https:\/\/diariodeloeste.com\/noticias\/wp-content\/uploads\/2019\/04\/logo.png","width":306,"height":145,"caption":"Diario del Oeste"},"image":{"@id":"https:\/\/diariodeloeste.com\/noticias\/#\/schema\/logo\/image\/"}},{"@type":"Person","@id":"https:\/\/diariodeloeste.com\/noticias\/#\/schema\/person\/1f7be965f8c093432e1cbfcee0ac4047","name":"Redaccion","image":{"@type":"ImageObject","inLanguage":"es-AR","@id":"https:\/\/secure.gravatar.com\/avatar\/f9bc3a12e26b32d818d88f9a5b61de20b559752e499df507efa7ea3cea0550ef?s=96&d=mm&r=g","url":"https:\/\/secure.gravatar.com\/avatar\/f9bc3a12e26b32d818d88f9a5b61de20b559752e499df507efa7ea3cea0550ef?s=96&d=mm&r=g","contentUrl":"https:\/\/secure.gravatar.com\/avatar\/f9bc3a12e26b32d818d88f9a5b61de20b559752e499df507efa7ea3cea0550ef?s=96&d=mm&r=g","caption":"Redaccion"},"url":"https:\/\/diariodeloeste.com\/noticias\/author\/redaccion\/"}]}},"_links":{"self":[{"href":"https:\/\/diariodeloeste.com\/noticias\/wp-json\/wp\/v2\/posts\/12903","targetHints":{"allow":["GET"]}}],"collection":[{"href":"https:\/\/diariodeloeste.com\/noticias\/wp-json\/wp\/v2\/posts"}],"about":[{"href":"https:\/\/diariodeloeste.com\/noticias\/wp-json\/wp\/v2\/types\/post"}],"author":[{"embeddable":true,"href":"https:\/\/diariodeloeste.com\/noticias\/wp-json\/wp\/v2\/users\/3"}],"replies":[{"embeddable":true,"href":"https:\/\/diariodeloeste.com\/noticias\/wp-json\/wp\/v2\/comments?post=12903"}],"version-history":[{"count":1,"href":"https:\/\/diariodeloeste.com\/noticias\/wp-json\/wp\/v2\/posts\/12903\/revisions"}],"predecessor-version":[{"id":12909,"href":"https:\/\/diariodeloeste.com\/noticias\/wp-json\/wp\/v2\/posts\/12903\/revisions\/12909"}],"wp:featuredmedia":[{"embeddable":true,"href":"https:\/\/diariodeloeste.com\/noticias\/wp-json\/wp\/v2\/media\/12908"}],"wp:attachment":[{"href":"https:\/\/diariodeloeste.com\/noticias\/wp-json\/wp\/v2\/media?parent=12903"}],"wp:term":[{"taxonomy":"category","embeddable":true,"href":"https:\/\/diariodeloeste.com\/noticias\/wp-json\/wp\/v2\/categories?post=12903"},{"taxonomy":"post_tag","embeddable":true,"href":"https:\/\/diariodeloeste.com\/noticias\/wp-json\/wp\/v2\/tags?post=12903"}],"curies":[{"name":"wp","href":"https:\/\/api.w.org\/{rel}","templated":true}]}}