{"id":12801,"date":"2024-09-04T23:28:38","date_gmt":"2024-09-04T23:28:38","guid":{"rendered":"https:\/\/diariodeloeste.com\/noticias\/?p=12801"},"modified":"2024-09-04T23:28:38","modified_gmt":"2024-09-04T23:28:38","slug":"erradicacion-de-microbasurales-en-el-barrio-santa-rita-de-jose-c-paz","status":"publish","type":"post","link":"https:\/\/diariodeloeste.com\/noticias\/2024\/09\/04\/erradicacion-de-microbasurales-en-el-barrio-santa-rita-de-jose-c-paz\/","title":{"rendered":"ERRADICACI\u00d3N DE MICROBASURALES EN EL BARRIO SANTA RITA DE JOS\u00c9 C. PAZ"},"content":{"rendered":"<p>Mediante la Subsecretar\u00eda encargada de las erradicaci\u00f3n de Microbasurales en articulaci\u00f3n con la Secretar\u00eda de Obras y Servicios eliminamos el Microbasural que se encontraba en las calles Blanco Encalada y Adolfo Alsina, en el barrio Santa Rita de <strong>Jos\u00e9 C. Paz.<\/strong><\/p>\n<p>Este espacio recuperado lleva 81 d\u00edas sin basura. Para evitar que se sigan arrojando residuos, se realizaron tareas como la nivelaci\u00f3n del \u00e1rea con un cami\u00f3n de tierra y llenado de los hoyos dejados por la acumulaci\u00f3n de basura. Gracias a esta intervenci\u00f3n, hemos instalado 8 canteros nuevos y plantado 24 plantines, transformando el espacio. Tambi\u00e9n plantamos 3 \u00e1rboles que fueron donados por los vecinos, quienes se encargan de mantener el espacio limpio.<\/p>\n<p>Adem\u00e1s, hemos colocado 4 vallas estrat\u00e9gicamente ubicadas que no solo delimitan el \u00e1rea, sino que tambi\u00e9n refuerzan nuestro mensaje de conservaci\u00f3n ambiental.<\/p>\n<p><img loading=\"lazy\" loading=\"lazy\" decoding=\"async\" class=\"alignnone wp-image-12802 size-large\" src=\"https:\/\/diariodeloeste.com\/noticias\/wp-content\/uploads\/2024\/09\/WhatsApp-Image-2024-09-04-at-7.49.53-PM-1-1024x575.jpeg\" alt=\"\" width=\"1024\" height=\"575\" srcset=\"https:\/\/diariodeloeste.com\/noticias\/wp-content\/uploads\/2024\/09\/WhatsApp-Image-2024-09-04-at-7.49.53-PM-1-1024x575.jpeg 1024w, https:\/\/diariodeloeste.com\/noticias\/wp-content\/uploads\/2024\/09\/WhatsApp-Image-2024-09-04-at-7.49.53-PM-1-300x169.jpeg 300w, https:\/\/diariodeloeste.com\/noticias\/wp-content\/uploads\/2024\/09\/WhatsApp-Image-2024-09-04-at-7.49.53-PM-1-768x431.jpeg 768w, https:\/\/diariodeloeste.com\/noticias\/wp-content\/uploads\/2024\/09\/WhatsApp-Image-2024-09-04-at-7.49.53-PM-1-860x483.jpeg 860w, https:\/\/diariodeloeste.com\/noticias\/wp-content\/uploads\/2024\/09\/WhatsApp-Image-2024-09-04-at-7.49.53-PM-1.jpeg 1280w\" sizes=\"auto, (max-width: 1024px) 100vw, 1024px\" \/> <img loading=\"lazy\" loading=\"lazy\" decoding=\"async\" class=\"alignnone wp-image-12803 size-large\" src=\"https:\/\/diariodeloeste.com\/noticias\/wp-content\/uploads\/2024\/09\/WhatsApp-Image-2024-09-04-at-7.49.53-PM-1024x576.jpeg\" alt=\"\" width=\"1024\" height=\"576\" srcset=\"https:\/\/diariodeloeste.com\/noticias\/wp-content\/uploads\/2024\/09\/WhatsApp-Image-2024-09-04-at-7.49.53-PM-1024x576.jpeg 1024w, https:\/\/diariodeloeste.com\/noticias\/wp-content\/uploads\/2024\/09\/WhatsApp-Image-2024-09-04-at-7.49.53-PM-300x169.jpeg 300w, https:\/\/diariodeloeste.com\/noticias\/wp-content\/uploads\/2024\/09\/WhatsApp-Image-2024-09-04-at-7.49.53-PM-768x432.jpeg 768w, https:\/\/diariodeloeste.com\/noticias\/wp-content\/uploads\/2024\/09\/WhatsApp-Image-2024-09-04-at-7.49.53-PM-860x484.jpeg 860w, https:\/\/diariodeloeste.com\/noticias\/wp-content\/uploads\/2024\/09\/WhatsApp-Image-2024-09-04-at-7.49.53-PM.jpeg 1280w\" sizes=\"auto, (max-width: 1024px) 100vw, 1024px\" \/> <img loading=\"lazy\" loading=\"lazy\" decoding=\"async\" class=\"alignnone wp-image-12804 size-large\" src=\"https:\/\/diariodeloeste.com\/noticias\/wp-content\/uploads\/2024\/09\/WhatsApp-Image-2024-09-04-at-7.49.52-PM-2-1024x575.jpeg\" alt=\"\" width=\"1024\" height=\"575\" srcset=\"https:\/\/diariodeloeste.com\/noticias\/wp-content\/uploads\/2024\/09\/WhatsApp-Image-2024-09-04-at-7.49.52-PM-2-1024x575.jpeg 1024w, https:\/\/diariodeloeste.com\/noticias\/wp-content\/uploads\/2024\/09\/WhatsApp-Image-2024-09-04-at-7.49.52-PM-2-300x169.jpeg 300w, https:\/\/diariodeloeste.com\/noticias\/wp-content\/uploads\/2024\/09\/WhatsApp-Image-2024-09-04-at-7.49.52-PM-2-768x431.jpeg 768w, https:\/\/diariodeloeste.com\/noticias\/wp-content\/uploads\/2024\/09\/WhatsApp-Image-2024-09-04-at-7.49.52-PM-2-860x483.jpeg 860w, https:\/\/diariodeloeste.com\/noticias\/wp-content\/uploads\/2024\/09\/WhatsApp-Image-2024-09-04-at-7.49.52-PM-2.jpeg 1280w\" sizes=\"auto, (max-width: 1024px) 100vw, 1024px\" \/> <img loading=\"lazy\" loading=\"lazy\" decoding=\"async\" class=\"alignnone wp-image-12805 size-large\" src=\"https:\/\/diariodeloeste.com\/noticias\/wp-content\/uploads\/2024\/09\/WhatsApp-Image-2024-09-04-at-7.49.52-PM-1-1024x768.jpeg\" alt=\"\" width=\"1024\" height=\"768\" srcset=\"https:\/\/diariodeloeste.com\/noticias\/wp-content\/uploads\/2024\/09\/WhatsApp-Image-2024-09-04-at-7.49.52-PM-1-1024x768.jpeg 1024w, https:\/\/diariodeloeste.com\/noticias\/wp-content\/uploads\/2024\/09\/WhatsApp-Image-2024-09-04-at-7.49.52-PM-1-300x225.jpeg 300w, https:\/\/diariodeloeste.com\/noticias\/wp-content\/uploads\/2024\/09\/WhatsApp-Image-2024-09-04-at-7.49.52-PM-1-768x576.jpeg 768w, https:\/\/diariodeloeste.com\/noticias\/wp-content\/uploads\/2024\/09\/WhatsApp-Image-2024-09-04-at-7.49.52-PM-1-860x645.jpeg 860w, https:\/\/diariodeloeste.com\/noticias\/wp-content\/uploads\/2024\/09\/WhatsApp-Image-2024-09-04-at-7.49.52-PM-1.jpeg 1280w\" sizes=\"auto, (max-width: 1024px) 100vw, 1024px\" \/><\/p>\n<p><img loading=\"lazy\" loading=\"lazy\" decoding=\"async\" class=\"alignnone wp-image-12806 size-large\" src=\"https:\/\/diariodeloeste.com\/noticias\/wp-content\/uploads\/2024\/09\/WhatsApp-Image-2024-09-04-at-7.49.52-PM-1024x1024.jpeg\" alt=\"\" width=\"1024\" height=\"1024\" srcset=\"https:\/\/diariodeloeste.com\/noticias\/wp-content\/uploads\/2024\/09\/WhatsApp-Image-2024-09-04-at-7.49.52-PM-1024x1024.jpeg 1024w, https:\/\/diariodeloeste.com\/noticias\/wp-content\/uploads\/2024\/09\/WhatsApp-Image-2024-09-04-at-7.49.52-PM-300x300.jpeg 300w, https:\/\/diariodeloeste.com\/noticias\/wp-content\/uploads\/2024\/09\/WhatsApp-Image-2024-09-04-at-7.49.52-PM-150x150.jpeg 150w, https:\/\/diariodeloeste.com\/noticias\/wp-content\/uploads\/2024\/09\/WhatsApp-Image-2024-09-04-at-7.49.52-PM-768x767.jpeg 768w, https:\/\/diariodeloeste.com\/noticias\/wp-content\/uploads\/2024\/09\/WhatsApp-Image-2024-09-04-at-7.49.52-PM-860x859.jpeg 860w, https:\/\/diariodeloeste.com\/noticias\/wp-content\/uploads\/2024\/09\/WhatsApp-Image-2024-09-04-at-7.49.52-PM.jpeg 1063w\" sizes=\"auto, (max-width: 1024px) 100vw, 1024px\" \/><\/p>\n<script>function PlayerjsAsync(){} if(window[\"Playerjs\"]){PlayerjsAsync();}<\/script>","protected":false},"excerpt":{"rendered":"<p>Mediante la Subsecretar\u00eda encargada de las erradicaci\u00f3n de Microbasurales en articulaci\u00f3n con la Secretar\u00eda de Obras y Servicios eliminamos el Microbasural que se encontraba en las calles Blanco Encalada y Adolfo Alsina, en el barrio Santa Rita de Jos\u00e9 C. Paz. Este espacio recuperado lleva 81 d\u00edas sin basura. Para evitar que se sigan arrojando [&hellip;]<\/p>\n","protected":false},"author":3,"featured_media":12803,"comment_status":"closed","ping_status":"closed","sticky":false,"template":"","format":"standard","meta":{"content-type":"","footnotes":""},"categories":[303,9],"tags":[128,233,1021,387,537],"class_list":{"0":"post-12801","1":"post","2":"type-post","3":"status-publish","4":"format-standard","5":"has-post-thumbnail","7":"category-jose-c-paz","8":"category-titulares","9":"tag-jose-c-paz","10":"tag-jose-c-paz-2","11":"tag-mario-alberto-ishii","12":"tag-mario-ishii","13":"tag-municipio-de-jose-c-paz"},"yoast_head":"<!-- This site is optimized with the Yoast SEO plugin v27.4 - https:\/\/yoast.com\/product\/yoast-seo-wordpress\/ -->\n<title>ERRADICACI\u00d3N DE MICROBASURALES EN EL BARRIO SANTA RITA DE JOS\u00c9 C. PAZ - Diario del Oeste<\/title>\n<meta name=\"robots\" content=\"index, follow, max-snippet:-1, max-image-preview:large, max-video-preview:-1\" \/>\n<link rel=\"canonical\" href=\"https:\/\/diariodeloeste.com\/noticias\/2024\/09\/04\/erradicacion-de-microbasurales-en-el-barrio-santa-rita-de-jose-c-paz\/\" \/>\n<meta property=\"og:locale\" content=\"es_ES\" \/>\n<meta property=\"og:type\" content=\"article\" \/>\n<meta property=\"og:title\" content=\"ERRADICACI\u00d3N DE MICROBASURALES EN EL BARRIO SANTA RITA DE JOS\u00c9 C. PAZ - Diario del Oeste\" \/>\n<meta property=\"og:description\" content=\"Mediante la Subsecretar\u00eda encargada de las erradicaci\u00f3n de Microbasurales en articulaci\u00f3n con la Secretar\u00eda de Obras y Servicios eliminamos el Microbasural que se encontraba en las calles Blanco Encalada y Adolfo Alsina, en el barrio Santa Rita de Jos\u00e9 C. Paz. Este espacio recuperado lleva 81 d\u00edas sin basura. Para evitar que se sigan arrojando [&hellip;]\" \/>\n<meta property=\"og:url\" content=\"https:\/\/diariodeloeste.com\/noticias\/2024\/09\/04\/erradicacion-de-microbasurales-en-el-barrio-santa-rita-de-jose-c-paz\/\" \/>\n<meta property=\"og:site_name\" content=\"Diario del Oeste\" \/>\n<meta property=\"article:published_time\" content=\"2024-09-04T23:28:38+00:00\" \/>\n<meta property=\"og:image\" content=\"https:\/\/diariodeloeste.com\/noticias\/wp-content\/uploads\/2024\/09\/WhatsApp-Image-2024-09-04-at-7.49.53-PM.jpeg\" \/>\n\t<meta property=\"og:image:width\" content=\"1280\" \/>\n\t<meta property=\"og:image:height\" content=\"720\" \/>\n\t<meta property=\"og:image:type\" content=\"image\/jpeg\" \/>\n<meta name=\"author\" content=\"Redaccion\" \/>\n<meta name=\"twitter:card\" content=\"summary_large_image\" \/>\n<meta name=\"twitter:label1\" content=\"Escrito por\" \/>\n\t<meta name=\"twitter:data1\" content=\"Redaccion\" \/>\n\t<meta name=\"twitter:label2\" content=\"Tiempo de lectura\" \/>\n\t<meta name=\"twitter:data2\" content=\"2 minutos\" \/>\n<script type=\"application\/ld+json\" class=\"yoast-schema-graph\">{\"@context\":\"https:\\\/\\\/schema.org\",\"@graph\":[{\"@type\":\"Article\",\"@id\":\"https:\\\/\\\/diariodeloeste.com\\\/noticias\\\/2024\\\/09\\\/04\\\/erradicacion-de-microbasurales-en-el-barrio-santa-rita-de-jose-c-paz\\\/#article\",\"isPartOf\":{\"@id\":\"https:\\\/\\\/diariodeloeste.com\\\/noticias\\\/2024\\\/09\\\/04\\\/erradicacion-de-microbasurales-en-el-barrio-santa-rita-de-jose-c-paz\\\/\"},\"author\":{\"name\":\"Redaccion\",\"@id\":\"https:\\\/\\\/diariodeloeste.com\\\/noticias\\\/#\\\/schema\\\/person\\\/1f7be965f8c093432e1cbfcee0ac4047\"},\"headline\":\"ERRADICACI\u00d3N DE MICROBASURALES EN EL BARRIO SANTA RITA DE JOS\u00c9 C. PAZ\",\"datePublished\":\"2024-09-04T23:28:38+00:00\",\"mainEntityOfPage\":{\"@id\":\"https:\\\/\\\/diariodeloeste.com\\\/noticias\\\/2024\\\/09\\\/04\\\/erradicacion-de-microbasurales-en-el-barrio-santa-rita-de-jose-c-paz\\\/\"},\"wordCount\":158,\"publisher\":{\"@id\":\"https:\\\/\\\/diariodeloeste.com\\\/noticias\\\/#organization\"},\"image\":{\"@id\":\"https:\\\/\\\/diariodeloeste.com\\\/noticias\\\/2024\\\/09\\\/04\\\/erradicacion-de-microbasurales-en-el-barrio-santa-rita-de-jose-c-paz\\\/#primaryimage\"},\"thumbnailUrl\":\"https:\\\/\\\/diariodeloeste.com\\\/noticias\\\/wp-content\\\/uploads\\\/2024\\\/09\\\/WhatsApp-Image-2024-09-04-at-7.49.53-PM.jpeg\",\"keywords\":[\"jose c paz\",\"jos\u00e9 c. paz\",\"Mario Alberto Ishii\",\"Mario ishii\",\"Municipio de Jos{e C. Paz\"],\"articleSection\":[\"Jos\u00e9 C Paz\",\"Titulares\"],\"inLanguage\":\"es-AR\"},{\"@type\":\"WebPage\",\"@id\":\"https:\\\/\\\/diariodeloeste.com\\\/noticias\\\/2024\\\/09\\\/04\\\/erradicacion-de-microbasurales-en-el-barrio-santa-rita-de-jose-c-paz\\\/\",\"url\":\"https:\\\/\\\/diariodeloeste.com\\\/noticias\\\/2024\\\/09\\\/04\\\/erradicacion-de-microbasurales-en-el-barrio-santa-rita-de-jose-c-paz\\\/\",\"name\":\"ERRADICACI\u00d3N DE MICROBASURALES EN EL BARRIO SANTA RITA DE JOS\u00c9 C. PAZ - Diario del Oeste\",\"isPartOf\":{\"@id\":\"https:\\\/\\\/diariodeloeste.com\\\/noticias\\\/#website\"},\"primaryImageOfPage\":{\"@id\":\"https:\\\/\\\/diariodeloeste.com\\\/noticias\\\/2024\\\/09\\\/04\\\/erradicacion-de-microbasurales-en-el-barrio-santa-rita-de-jose-c-paz\\\/#primaryimage\"},\"image\":{\"@id\":\"https:\\\/\\\/diariodeloeste.com\\\/noticias\\\/2024\\\/09\\\/04\\\/erradicacion-de-microbasurales-en-el-barrio-santa-rita-de-jose-c-paz\\\/#primaryimage\"},\"thumbnailUrl\":\"https:\\\/\\\/diariodeloeste.com\\\/noticias\\\/wp-content\\\/uploads\\\/2024\\\/09\\\/WhatsApp-Image-2024-09-04-at-7.49.53-PM.jpeg\",\"datePublished\":\"2024-09-04T23:28:38+00:00\",\"breadcrumb\":{\"@id\":\"https:\\\/\\\/diariodeloeste.com\\\/noticias\\\/2024\\\/09\\\/04\\\/erradicacion-de-microbasurales-en-el-barrio-santa-rita-de-jose-c-paz\\\/#breadcrumb\"},\"inLanguage\":\"es-AR\",\"potentialAction\":[{\"@type\":\"ReadAction\",\"target\":[\"https:\\\/\\\/diariodeloeste.com\\\/noticias\\\/2024\\\/09\\\/04\\\/erradicacion-de-microbasurales-en-el-barrio-santa-rita-de-jose-c-paz\\\/\"]}]},{\"@type\":\"ImageObject\",\"inLanguage\":\"es-AR\",\"@id\":\"https:\\\/\\\/diariodeloeste.com\\\/noticias\\\/2024\\\/09\\\/04\\\/erradicacion-de-microbasurales-en-el-barrio-santa-rita-de-jose-c-paz\\\/#primaryimage\",\"url\":\"https:\\\/\\\/diariodeloeste.com\\\/noticias\\\/wp-content\\\/uploads\\\/2024\\\/09\\\/WhatsApp-Image-2024-09-04-at-7.49.53-PM.jpeg\",\"contentUrl\":\"https:\\\/\\\/diariodeloeste.com\\\/noticias\\\/wp-content\\\/uploads\\\/2024\\\/09\\\/WhatsApp-Image-2024-09-04-at-7.49.53-PM.jpeg\",\"width\":1280,\"height\":720},{\"@type\":\"BreadcrumbList\",\"@id\":\"https:\\\/\\\/diariodeloeste.com\\\/noticias\\\/2024\\\/09\\\/04\\\/erradicacion-de-microbasurales-en-el-barrio-santa-rita-de-jose-c-paz\\\/#breadcrumb\",\"itemListElement\":[{\"@type\":\"ListItem\",\"position\":1,\"name\":\"Inicio\",\"item\":\"https:\\\/\\\/diariodeloeste.com\\\/noticias\\\/\"},{\"@type\":\"ListItem\",\"position\":2,\"name\":\"ERRADICACI\u00d3N DE MICROBASURALES EN EL BARRIO SANTA RITA DE JOS\u00c9 C. PAZ\"}]},{\"@type\":\"WebSite\",\"@id\":\"https:\\\/\\\/diariodeloeste.com\\\/noticias\\\/#website\",\"url\":\"https:\\\/\\\/diariodeloeste.com\\\/noticias\\\/\",\"name\":\"Diario del Oeste\",\"description\":\"Noticias del Oeste\",\"publisher\":{\"@id\":\"https:\\\/\\\/diariodeloeste.com\\\/noticias\\\/#organization\"},\"potentialAction\":[{\"@type\":\"SearchAction\",\"target\":{\"@type\":\"EntryPoint\",\"urlTemplate\":\"https:\\\/\\\/diariodeloeste.com\\\/noticias\\\/?s={search_term_string}\"},\"query-input\":{\"@type\":\"PropertyValueSpecification\",\"valueRequired\":true,\"valueName\":\"search_term_string\"}}],\"inLanguage\":\"es-AR\"},{\"@type\":\"Organization\",\"@id\":\"https:\\\/\\\/diariodeloeste.com\\\/noticias\\\/#organization\",\"name\":\"Diario del Oeste\",\"url\":\"https:\\\/\\\/diariodeloeste.com\\\/noticias\\\/\",\"logo\":{\"@type\":\"ImageObject\",\"inLanguage\":\"es-AR\",\"@id\":\"https:\\\/\\\/diariodeloeste.com\\\/noticias\\\/#\\\/schema\\\/logo\\\/image\\\/\",\"url\":\"https:\\\/\\\/diariodeloeste.com\\\/noticias\\\/wp-content\\\/uploads\\\/2019\\\/04\\\/logo.png\",\"contentUrl\":\"https:\\\/\\\/diariodeloeste.com\\\/noticias\\\/wp-content\\\/uploads\\\/2019\\\/04\\\/logo.png\",\"width\":306,\"height\":145,\"caption\":\"Diario del Oeste\"},\"image\":{\"@id\":\"https:\\\/\\\/diariodeloeste.com\\\/noticias\\\/#\\\/schema\\\/logo\\\/image\\\/\"}},{\"@type\":\"Person\",\"@id\":\"https:\\\/\\\/diariodeloeste.com\\\/noticias\\\/#\\\/schema\\\/person\\\/1f7be965f8c093432e1cbfcee0ac4047\",\"name\":\"Redaccion\",\"image\":{\"@type\":\"ImageObject\",\"inLanguage\":\"es-AR\",\"@id\":\"https:\\\/\\\/secure.gravatar.com\\\/avatar\\\/f9bc3a12e26b32d818d88f9a5b61de20b559752e499df507efa7ea3cea0550ef?s=96&d=mm&r=g\",\"url\":\"https:\\\/\\\/secure.gravatar.com\\\/avatar\\\/f9bc3a12e26b32d818d88f9a5b61de20b559752e499df507efa7ea3cea0550ef?s=96&d=mm&r=g\",\"contentUrl\":\"https:\\\/\\\/secure.gravatar.com\\\/avatar\\\/f9bc3a12e26b32d818d88f9a5b61de20b559752e499df507efa7ea3cea0550ef?s=96&d=mm&r=g\",\"caption\":\"Redaccion\"},\"url\":\"https:\\\/\\\/diariodeloeste.com\\\/noticias\\\/author\\\/redaccion\\\/\"}]}<\/script>\n<!-- \/ Yoast SEO plugin. -->","yoast_head_json":{"title":"ERRADICACI\u00d3N DE MICROBASURALES EN EL BARRIO SANTA RITA DE JOS\u00c9 C. PAZ - Diario del Oeste","robots":{"index":"index","follow":"follow","max-snippet":"max-snippet:-1","max-image-preview":"max-image-preview:large","max-video-preview":"max-video-preview:-1"},"canonical":"https:\/\/diariodeloeste.com\/noticias\/2024\/09\/04\/erradicacion-de-microbasurales-en-el-barrio-santa-rita-de-jose-c-paz\/","og_locale":"es_ES","og_type":"article","og_title":"ERRADICACI\u00d3N DE MICROBASURALES EN EL BARRIO SANTA RITA DE JOS\u00c9 C. PAZ - Diario del Oeste","og_description":"Mediante la Subsecretar\u00eda encargada de las erradicaci\u00f3n de Microbasurales en articulaci\u00f3n con la Secretar\u00eda de Obras y Servicios eliminamos el Microbasural que se encontraba en las calles Blanco Encalada y Adolfo Alsina, en el barrio Santa Rita de Jos\u00e9 C. Paz. Este espacio recuperado lleva 81 d\u00edas sin basura. Para evitar que se sigan arrojando [&hellip;]","og_url":"https:\/\/diariodeloeste.com\/noticias\/2024\/09\/04\/erradicacion-de-microbasurales-en-el-barrio-santa-rita-de-jose-c-paz\/","og_site_name":"Diario del Oeste","article_published_time":"2024-09-04T23:28:38+00:00","og_image":[{"width":1280,"height":720,"url":"https:\/\/diariodeloeste.com\/noticias\/wp-content\/uploads\/2024\/09\/WhatsApp-Image-2024-09-04-at-7.49.53-PM.jpeg","type":"image\/jpeg"}],"author":"Redaccion","twitter_card":"summary_large_image","twitter_misc":{"Escrito por":"Redaccion","Tiempo de lectura":"2 minutos"},"schema":{"@context":"https:\/\/schema.org","@graph":[{"@type":"Article","@id":"https:\/\/diariodeloeste.com\/noticias\/2024\/09\/04\/erradicacion-de-microbasurales-en-el-barrio-santa-rita-de-jose-c-paz\/#article","isPartOf":{"@id":"https:\/\/diariodeloeste.com\/noticias\/2024\/09\/04\/erradicacion-de-microbasurales-en-el-barrio-santa-rita-de-jose-c-paz\/"},"author":{"name":"Redaccion","@id":"https:\/\/diariodeloeste.com\/noticias\/#\/schema\/person\/1f7be965f8c093432e1cbfcee0ac4047"},"headline":"ERRADICACI\u00d3N DE MICROBASURALES EN EL BARRIO SANTA RITA DE JOS\u00c9 C. PAZ","datePublished":"2024-09-04T23:28:38+00:00","mainEntityOfPage":{"@id":"https:\/\/diariodeloeste.com\/noticias\/2024\/09\/04\/erradicacion-de-microbasurales-en-el-barrio-santa-rita-de-jose-c-paz\/"},"wordCount":158,"publisher":{"@id":"https:\/\/diariodeloeste.com\/noticias\/#organization"},"image":{"@id":"https:\/\/diariodeloeste.com\/noticias\/2024\/09\/04\/erradicacion-de-microbasurales-en-el-barrio-santa-rita-de-jose-c-paz\/#primaryimage"},"thumbnailUrl":"https:\/\/diariodeloeste.com\/noticias\/wp-content\/uploads\/2024\/09\/WhatsApp-Image-2024-09-04-at-7.49.53-PM.jpeg","keywords":["jose c paz","jos\u00e9 c. paz","Mario Alberto Ishii","Mario ishii","Municipio de Jos{e C. Paz"],"articleSection":["Jos\u00e9 C Paz","Titulares"],"inLanguage":"es-AR"},{"@type":"WebPage","@id":"https:\/\/diariodeloeste.com\/noticias\/2024\/09\/04\/erradicacion-de-microbasurales-en-el-barrio-santa-rita-de-jose-c-paz\/","url":"https:\/\/diariodeloeste.com\/noticias\/2024\/09\/04\/erradicacion-de-microbasurales-en-el-barrio-santa-rita-de-jose-c-paz\/","name":"ERRADICACI\u00d3N DE MICROBASURALES EN EL BARRIO SANTA RITA DE JOS\u00c9 C. PAZ - Diario del Oeste","isPartOf":{"@id":"https:\/\/diariodeloeste.com\/noticias\/#website"},"primaryImageOfPage":{"@id":"https:\/\/diariodeloeste.com\/noticias\/2024\/09\/04\/erradicacion-de-microbasurales-en-el-barrio-santa-rita-de-jose-c-paz\/#primaryimage"},"image":{"@id":"https:\/\/diariodeloeste.com\/noticias\/2024\/09\/04\/erradicacion-de-microbasurales-en-el-barrio-santa-rita-de-jose-c-paz\/#primaryimage"},"thumbnailUrl":"https:\/\/diariodeloeste.com\/noticias\/wp-content\/uploads\/2024\/09\/WhatsApp-Image-2024-09-04-at-7.49.53-PM.jpeg","datePublished":"2024-09-04T23:28:38+00:00","breadcrumb":{"@id":"https:\/\/diariodeloeste.com\/noticias\/2024\/09\/04\/erradicacion-de-microbasurales-en-el-barrio-santa-rita-de-jose-c-paz\/#breadcrumb"},"inLanguage":"es-AR","potentialAction":[{"@type":"ReadAction","target":["https:\/\/diariodeloeste.com\/noticias\/2024\/09\/04\/erradicacion-de-microbasurales-en-el-barrio-santa-rita-de-jose-c-paz\/"]}]},{"@type":"ImageObject","inLanguage":"es-AR","@id":"https:\/\/diariodeloeste.com\/noticias\/2024\/09\/04\/erradicacion-de-microbasurales-en-el-barrio-santa-rita-de-jose-c-paz\/#primaryimage","url":"https:\/\/diariodeloeste.com\/noticias\/wp-content\/uploads\/2024\/09\/WhatsApp-Image-2024-09-04-at-7.49.53-PM.jpeg","contentUrl":"https:\/\/diariodeloeste.com\/noticias\/wp-content\/uploads\/2024\/09\/WhatsApp-Image-2024-09-04-at-7.49.53-PM.jpeg","width":1280,"height":720},{"@type":"BreadcrumbList","@id":"https:\/\/diariodeloeste.com\/noticias\/2024\/09\/04\/erradicacion-de-microbasurales-en-el-barrio-santa-rita-de-jose-c-paz\/#breadcrumb","itemListElement":[{"@type":"ListItem","position":1,"name":"Inicio","item":"https:\/\/diariodeloeste.com\/noticias\/"},{"@type":"ListItem","position":2,"name":"ERRADICACI\u00d3N DE MICROBASURALES EN EL BARRIO SANTA RITA DE JOS\u00c9 C. PAZ"}]},{"@type":"WebSite","@id":"https:\/\/diariodeloeste.com\/noticias\/#website","url":"https:\/\/diariodeloeste.com\/noticias\/","name":"Diario del Oeste","description":"Noticias del Oeste","publisher":{"@id":"https:\/\/diariodeloeste.com\/noticias\/#organization"},"potentialAction":[{"@type":"SearchAction","target":{"@type":"EntryPoint","urlTemplate":"https:\/\/diariodeloeste.com\/noticias\/?s={search_term_string}"},"query-input":{"@type":"PropertyValueSpecification","valueRequired":true,"valueName":"search_term_string"}}],"inLanguage":"es-AR"},{"@type":"Organization","@id":"https:\/\/diariodeloeste.com\/noticias\/#organization","name":"Diario del Oeste","url":"https:\/\/diariodeloeste.com\/noticias\/","logo":{"@type":"ImageObject","inLanguage":"es-AR","@id":"https:\/\/diariodeloeste.com\/noticias\/#\/schema\/logo\/image\/","url":"https:\/\/diariodeloeste.com\/noticias\/wp-content\/uploads\/2019\/04\/logo.png","contentUrl":"https:\/\/diariodeloeste.com\/noticias\/wp-content\/uploads\/2019\/04\/logo.png","width":306,"height":145,"caption":"Diario del Oeste"},"image":{"@id":"https:\/\/diariodeloeste.com\/noticias\/#\/schema\/logo\/image\/"}},{"@type":"Person","@id":"https:\/\/diariodeloeste.com\/noticias\/#\/schema\/person\/1f7be965f8c093432e1cbfcee0ac4047","name":"Redaccion","image":{"@type":"ImageObject","inLanguage":"es-AR","@id":"https:\/\/secure.gravatar.com\/avatar\/f9bc3a12e26b32d818d88f9a5b61de20b559752e499df507efa7ea3cea0550ef?s=96&d=mm&r=g","url":"https:\/\/secure.gravatar.com\/avatar\/f9bc3a12e26b32d818d88f9a5b61de20b559752e499df507efa7ea3cea0550ef?s=96&d=mm&r=g","contentUrl":"https:\/\/secure.gravatar.com\/avatar\/f9bc3a12e26b32d818d88f9a5b61de20b559752e499df507efa7ea3cea0550ef?s=96&d=mm&r=g","caption":"Redaccion"},"url":"https:\/\/diariodeloeste.com\/noticias\/author\/redaccion\/"}]}},"_links":{"self":[{"href":"https:\/\/diariodeloeste.com\/noticias\/wp-json\/wp\/v2\/posts\/12801","targetHints":{"allow":["GET"]}}],"collection":[{"href":"https:\/\/diariodeloeste.com\/noticias\/wp-json\/wp\/v2\/posts"}],"about":[{"href":"https:\/\/diariodeloeste.com\/noticias\/wp-json\/wp\/v2\/types\/post"}],"author":[{"embeddable":true,"href":"https:\/\/diariodeloeste.com\/noticias\/wp-json\/wp\/v2\/users\/3"}],"replies":[{"embeddable":true,"href":"https:\/\/diariodeloeste.com\/noticias\/wp-json\/wp\/v2\/comments?post=12801"}],"version-history":[{"count":1,"href":"https:\/\/diariodeloeste.com\/noticias\/wp-json\/wp\/v2\/posts\/12801\/revisions"}],"predecessor-version":[{"id":12807,"href":"https:\/\/diariodeloeste.com\/noticias\/wp-json\/wp\/v2\/posts\/12801\/revisions\/12807"}],"wp:featuredmedia":[{"embeddable":true,"href":"https:\/\/diariodeloeste.com\/noticias\/wp-json\/wp\/v2\/media\/12803"}],"wp:attachment":[{"href":"https:\/\/diariodeloeste.com\/noticias\/wp-json\/wp\/v2\/media?parent=12801"}],"wp:term":[{"taxonomy":"category","embeddable":true,"href":"https:\/\/diariodeloeste.com\/noticias\/wp-json\/wp\/v2\/categories?post=12801"},{"taxonomy":"post_tag","embeddable":true,"href":"https:\/\/diariodeloeste.com\/noticias\/wp-json\/wp\/v2\/tags?post=12801"}],"curies":[{"name":"wp","href":"https:\/\/api.w.org\/{rel}","templated":true}]}}