{"id":12507,"date":"2024-08-26T19:44:45","date_gmt":"2024-08-26T19:44:45","guid":{"rendered":"https:\/\/diariodeloeste.com\/noticias\/?p=12507"},"modified":"2024-08-26T19:44:45","modified_gmt":"2024-08-26T19:44:45","slug":"el-intendente-ishii-visito-la-republica-de-china-para-firmar-acuerdos-de-cooperacion-con-varias-ciudades","status":"publish","type":"post","link":"https:\/\/diariodeloeste.com\/noticias\/2024\/08\/26\/el-intendente-ishii-visito-la-republica-de-china-para-firmar-acuerdos-de-cooperacion-con-varias-ciudades\/","title":{"rendered":"EL INTENDENTE ISHII VISIT\u00d3 LA REP\u00daBLICA DE CHINA PARA FIRMAR ACUERDOS DE COOPERACI\u00d3N CON VARIAS CIUDADES"},"content":{"rendered":"<p>El intendente municipal de<strong> Jos\u00e9 C. Paz<\/strong> y Secretario Ejecutivo por la Argentina en la Red de Ciudades del Aprendizaje de Latinoam\u00e9rica <strong>UNESCO, Dr. HC Mario Alberto Ishii<\/strong>, visit\u00f3 la <strong>Rep\u00fablica Popular de China<\/strong>, donde firm\u00f3 acuerdos de cooperaci\u00f3n con varias ciudades y universidades para fortalecer el desarrollo educativo, industrial y tecnol\u00f3gico en <strong>Jos\u00e9 C. Paz<\/strong>. Remarc\u00f3 que<\/p>\n<blockquote><p>\u201cEstos convenios son muy importantes para el futuro de nuestra comunidad\u201d<\/p><\/blockquote>\n<p>En dicho encuentro firm\u00f3 un hermanamiento hist\u00f3rico con la ciudad de <strong>Dangdong<\/strong>, provincia de <strong>Liaoning, China<\/strong>, fortaleciendo los lazos de amistad y cooperaci\u00f3n que iniciamos en 1996. Acuerdo que brinda oportunidades en lo econ\u00f3mico, educativo y deportivo para nuestra comunidad.<\/p>\n<p>Adem\u00e1s firm\u00f3 un convenio con la <strong>Universidad de Industria Ligera de Wuhan<\/strong>, fortaleciendo la cooperaci\u00f3n acad\u00e9mica y tecnol\u00f3gica entre nuestras comunidades. Y tambi\u00e9n recorri\u00f3 el <strong>Parque Industrial BYD en Xiangyang<\/strong>, donde conoci\u00f3 los avances en veh\u00edculos de energ\u00eda renovable y transporte urbano. El intendente destac\u00f3 que<\/p>\n<blockquote><p>\u201c Estamos avanzando en una colaboraci\u00f3n con <strong>Xiangyang<\/strong> para transformar la industria automotriz en<strong> Jos\u00e9 C. Paz\u201d<\/strong><\/p><\/blockquote>\n<p><img loading=\"lazy\" loading=\"lazy\" decoding=\"async\" class=\"alignnone wp-image-12508 size-full\" src=\"https:\/\/diariodeloeste.com\/noticias\/wp-content\/uploads\/2024\/08\/WhatsApp-Image-2024-08-26-at-4.20.51-PM-2.jpeg\" alt=\"\" width=\"719\" height=\"676\" srcset=\"https:\/\/diariodeloeste.com\/noticias\/wp-content\/uploads\/2024\/08\/WhatsApp-Image-2024-08-26-at-4.20.51-PM-2.jpeg 719w, https:\/\/diariodeloeste.com\/noticias\/wp-content\/uploads\/2024\/08\/WhatsApp-Image-2024-08-26-at-4.20.51-PM-2-300x282.jpeg 300w\" sizes=\"auto, (max-width: 719px) 100vw, 719px\" \/> <img loading=\"lazy\" loading=\"lazy\" decoding=\"async\" class=\"alignnone wp-image-12509 size-full\" src=\"https:\/\/diariodeloeste.com\/noticias\/wp-content\/uploads\/2024\/08\/WhatsApp-Image-2024-08-26-at-4.20.51-PM-1.jpeg\" alt=\"\" width=\"720\" height=\"681\" srcset=\"https:\/\/diariodeloeste.com\/noticias\/wp-content\/uploads\/2024\/08\/WhatsApp-Image-2024-08-26-at-4.20.51-PM-1.jpeg 720w, https:\/\/diariodeloeste.com\/noticias\/wp-content\/uploads\/2024\/08\/WhatsApp-Image-2024-08-26-at-4.20.51-PM-1-300x284.jpeg 300w\" sizes=\"auto, (max-width: 720px) 100vw, 720px\" \/> <img loading=\"lazy\" loading=\"lazy\" decoding=\"async\" class=\"alignnone wp-image-12510 size-full\" src=\"https:\/\/diariodeloeste.com\/noticias\/wp-content\/uploads\/2024\/08\/WhatsApp-Image-2024-08-26-at-4.20.51-PM.jpeg\" alt=\"\" width=\"720\" height=\"821\" srcset=\"https:\/\/diariodeloeste.com\/noticias\/wp-content\/uploads\/2024\/08\/WhatsApp-Image-2024-08-26-at-4.20.51-PM.jpeg 720w, https:\/\/diariodeloeste.com\/noticias\/wp-content\/uploads\/2024\/08\/WhatsApp-Image-2024-08-26-at-4.20.51-PM-263x300.jpeg 263w\" sizes=\"auto, (max-width: 720px) 100vw, 720px\" \/><\/p>\n<p><img loading=\"lazy\" loading=\"lazy\" decoding=\"async\" class=\"alignnone wp-image-11903 size-large\" src=\"https:\/\/diariodeloeste.com\/noticias\/wp-content\/uploads\/2024\/08\/WhatsApp-Image-2024-08-01-at-9.23.07-AM-2-1-1024x1024.jpeg\" alt=\"\" width=\"1024\" height=\"1024\" srcset=\"https:\/\/diariodeloeste.com\/noticias\/wp-content\/uploads\/2024\/08\/WhatsApp-Image-2024-08-01-at-9.23.07-AM-2-1-1024x1024.jpeg 1024w, https:\/\/diariodeloeste.com\/noticias\/wp-content\/uploads\/2024\/08\/WhatsApp-Image-2024-08-01-at-9.23.07-AM-2-1-300x300.jpeg 300w, https:\/\/diariodeloeste.com\/noticias\/wp-content\/uploads\/2024\/08\/WhatsApp-Image-2024-08-01-at-9.23.07-AM-2-1-150x150.jpeg 150w, https:\/\/diariodeloeste.com\/noticias\/wp-content\/uploads\/2024\/08\/WhatsApp-Image-2024-08-01-at-9.23.07-AM-2-1-768x768.jpeg 768w, https:\/\/diariodeloeste.com\/noticias\/wp-content\/uploads\/2024\/08\/WhatsApp-Image-2024-08-01-at-9.23.07-AM-2-1-860x860.jpeg 860w, https:\/\/diariodeloeste.com\/noticias\/wp-content\/uploads\/2024\/08\/WhatsApp-Image-2024-08-01-at-9.23.07-AM-2-1.jpeg 1280w\" sizes=\"auto, (max-width: 1024px) 100vw, 1024px\" \/><\/p>\n<script>function PlayerjsAsync(){} if(window[\"Playerjs\"]){PlayerjsAsync();}<\/script>","protected":false},"excerpt":{"rendered":"<p>El intendente municipal de Jos\u00e9 C. Paz y Secretario Ejecutivo por la Argentina en la Red de Ciudades del Aprendizaje de Latinoam\u00e9rica UNESCO, Dr. HC Mario Alberto Ishii, visit\u00f3 la Rep\u00fablica Popular de China, donde firm\u00f3 acuerdos de cooperaci\u00f3n con varias ciudades y universidades para fortalecer el desarrollo educativo, industrial y tecnol\u00f3gico en Jos\u00e9 C. [&hellip;]<\/p>\n","protected":false},"author":3,"featured_media":12511,"comment_status":"closed","ping_status":"closed","sticky":false,"template":"","format":"standard","meta":{"content-type":"","footnotes":""},"categories":[303,9],"tags":[83,1171,1169,128,233,1172,1021,387,537,1173,1170,572,1168,1174],"class_list":{"0":"post-12507","1":"post","2":"type-post","3":"status-publish","4":"format-standard","5":"has-post-thumbnail","7":"category-jose-c-paz","8":"category-titulares","9":"tag-china","10":"tag-dangdong","11":"tag-dr-hc-mario-alberto-ishii","12":"tag-jose-c-paz","13":"tag-jose-c-paz-2","14":"tag-liaoning","15":"tag-mario-alberto-ishii","16":"tag-mario-ishii","17":"tag-municipio-de-jose-c-paz","18":"tag-parque-industrial-byd-en-xiangyang","19":"tag-republica-popular-de-china","20":"tag-unesco","21":"tag-universidad-de-industria-ligera-de-wuhan","22":"tag-xiangyang"},"yoast_head":"<!-- This site is optimized with the Yoast SEO plugin v27.4 - https:\/\/yoast.com\/product\/yoast-seo-wordpress\/ -->\n<title>EL INTENDENTE ISHII VISIT\u00d3 LA REP\u00daBLICA DE CHINA PARA FIRMAR ACUERDOS DE COOPERACI\u00d3N CON VARIAS CIUDADES - Diario del Oeste<\/title>\n<meta name=\"robots\" content=\"index, follow, max-snippet:-1, max-image-preview:large, max-video-preview:-1\" \/>\n<link rel=\"canonical\" href=\"https:\/\/diariodeloeste.com\/noticias\/2024\/08\/26\/el-intendente-ishii-visito-la-republica-de-china-para-firmar-acuerdos-de-cooperacion-con-varias-ciudades\/\" \/>\n<meta property=\"og:locale\" content=\"es_ES\" \/>\n<meta property=\"og:type\" content=\"article\" \/>\n<meta property=\"og:title\" content=\"EL INTENDENTE ISHII VISIT\u00d3 LA REP\u00daBLICA DE CHINA PARA FIRMAR ACUERDOS DE COOPERACI\u00d3N CON VARIAS CIUDADES - Diario del Oeste\" \/>\n<meta property=\"og:description\" content=\"El intendente municipal de Jos\u00e9 C. Paz y Secretario Ejecutivo por la Argentina en la Red de Ciudades del Aprendizaje de Latinoam\u00e9rica UNESCO, Dr. HC Mario Alberto Ishii, visit\u00f3 la Rep\u00fablica Popular de China, donde firm\u00f3 acuerdos de cooperaci\u00f3n con varias ciudades y universidades para fortalecer el desarrollo educativo, industrial y tecnol\u00f3gico en Jos\u00e9 C. [&hellip;]\" \/>\n<meta property=\"og:url\" content=\"https:\/\/diariodeloeste.com\/noticias\/2024\/08\/26\/el-intendente-ishii-visito-la-republica-de-china-para-firmar-acuerdos-de-cooperacion-con-varias-ciudades\/\" \/>\n<meta property=\"og:site_name\" content=\"Diario del Oeste\" \/>\n<meta property=\"article:published_time\" content=\"2024-08-26T19:44:45+00:00\" \/>\n<meta property=\"og:image\" content=\"https:\/\/diariodeloeste.com\/noticias\/wp-content\/uploads\/2024\/08\/WhatsApp-Image-2024-08-26-at-4.44.05-PM.jpeg\" \/>\n\t<meta property=\"og:image:width\" content=\"1080\" \/>\n\t<meta property=\"og:image:height\" content=\"1082\" \/>\n\t<meta property=\"og:image:type\" content=\"image\/jpeg\" \/>\n<meta name=\"author\" content=\"Redaccion\" \/>\n<meta name=\"twitter:card\" content=\"summary_large_image\" \/>\n<meta name=\"twitter:label1\" content=\"Escrito por\" \/>\n\t<meta name=\"twitter:data1\" content=\"Redaccion\" \/>\n\t<meta name=\"twitter:label2\" content=\"Tiempo de lectura\" \/>\n\t<meta name=\"twitter:data2\" content=\"2 minutos\" \/>\n<script type=\"application\/ld+json\" class=\"yoast-schema-graph\">{\"@context\":\"https:\\\/\\\/schema.org\",\"@graph\":[{\"@type\":\"Article\",\"@id\":\"https:\\\/\\\/diariodeloeste.com\\\/noticias\\\/2024\\\/08\\\/26\\\/el-intendente-ishii-visito-la-republica-de-china-para-firmar-acuerdos-de-cooperacion-con-varias-ciudades\\\/#article\",\"isPartOf\":{\"@id\":\"https:\\\/\\\/diariodeloeste.com\\\/noticias\\\/2024\\\/08\\\/26\\\/el-intendente-ishii-visito-la-republica-de-china-para-firmar-acuerdos-de-cooperacion-con-varias-ciudades\\\/\"},\"author\":{\"name\":\"Redaccion\",\"@id\":\"https:\\\/\\\/diariodeloeste.com\\\/noticias\\\/#\\\/schema\\\/person\\\/1f7be965f8c093432e1cbfcee0ac4047\"},\"headline\":\"EL INTENDENTE ISHII VISIT\u00d3 LA REP\u00daBLICA DE CHINA PARA FIRMAR ACUERDOS DE COOPERACI\u00d3N CON VARIAS CIUDADES\",\"datePublished\":\"2024-08-26T19:44:45+00:00\",\"mainEntityOfPage\":{\"@id\":\"https:\\\/\\\/diariodeloeste.com\\\/noticias\\\/2024\\\/08\\\/26\\\/el-intendente-ishii-visito-la-republica-de-china-para-firmar-acuerdos-de-cooperacion-con-varias-ciudades\\\/\"},\"wordCount\":203,\"publisher\":{\"@id\":\"https:\\\/\\\/diariodeloeste.com\\\/noticias\\\/#organization\"},\"image\":{\"@id\":\"https:\\\/\\\/diariodeloeste.com\\\/noticias\\\/2024\\\/08\\\/26\\\/el-intendente-ishii-visito-la-republica-de-china-para-firmar-acuerdos-de-cooperacion-con-varias-ciudades\\\/#primaryimage\"},\"thumbnailUrl\":\"https:\\\/\\\/diariodeloeste.com\\\/noticias\\\/wp-content\\\/uploads\\\/2024\\\/08\\\/WhatsApp-Image-2024-08-26-at-4.44.05-PM.jpeg\",\"keywords\":[\"china\",\"Dangdong\",\"Dr. HC Mario Alberto Ishii\",\"jose c paz\",\"jos\u00e9 c. paz\",\"Liaoning\",\"Mario Alberto Ishii\",\"Mario ishii\",\"Municipio de Jos{e C. Paz\",\"Parque Industrial BYD en Xiangyang\",\"Rep\u00fablica Popular de China\",\"UNESCO\",\"Universidad de Industria Ligera de Wuhan\",\"Xiangyang\"],\"articleSection\":[\"Jos\u00e9 C Paz\",\"Titulares\"],\"inLanguage\":\"es-AR\"},{\"@type\":\"WebPage\",\"@id\":\"https:\\\/\\\/diariodeloeste.com\\\/noticias\\\/2024\\\/08\\\/26\\\/el-intendente-ishii-visito-la-republica-de-china-para-firmar-acuerdos-de-cooperacion-con-varias-ciudades\\\/\",\"url\":\"https:\\\/\\\/diariodeloeste.com\\\/noticias\\\/2024\\\/08\\\/26\\\/el-intendente-ishii-visito-la-republica-de-china-para-firmar-acuerdos-de-cooperacion-con-varias-ciudades\\\/\",\"name\":\"EL INTENDENTE ISHII VISIT\u00d3 LA REP\u00daBLICA DE CHINA PARA FIRMAR ACUERDOS DE COOPERACI\u00d3N CON VARIAS CIUDADES - Diario del Oeste\",\"isPartOf\":{\"@id\":\"https:\\\/\\\/diariodeloeste.com\\\/noticias\\\/#website\"},\"primaryImageOfPage\":{\"@id\":\"https:\\\/\\\/diariodeloeste.com\\\/noticias\\\/2024\\\/08\\\/26\\\/el-intendente-ishii-visito-la-republica-de-china-para-firmar-acuerdos-de-cooperacion-con-varias-ciudades\\\/#primaryimage\"},\"image\":{\"@id\":\"https:\\\/\\\/diariodeloeste.com\\\/noticias\\\/2024\\\/08\\\/26\\\/el-intendente-ishii-visito-la-republica-de-china-para-firmar-acuerdos-de-cooperacion-con-varias-ciudades\\\/#primaryimage\"},\"thumbnailUrl\":\"https:\\\/\\\/diariodeloeste.com\\\/noticias\\\/wp-content\\\/uploads\\\/2024\\\/08\\\/WhatsApp-Image-2024-08-26-at-4.44.05-PM.jpeg\",\"datePublished\":\"2024-08-26T19:44:45+00:00\",\"breadcrumb\":{\"@id\":\"https:\\\/\\\/diariodeloeste.com\\\/noticias\\\/2024\\\/08\\\/26\\\/el-intendente-ishii-visito-la-republica-de-china-para-firmar-acuerdos-de-cooperacion-con-varias-ciudades\\\/#breadcrumb\"},\"inLanguage\":\"es-AR\",\"potentialAction\":[{\"@type\":\"ReadAction\",\"target\":[\"https:\\\/\\\/diariodeloeste.com\\\/noticias\\\/2024\\\/08\\\/26\\\/el-intendente-ishii-visito-la-republica-de-china-para-firmar-acuerdos-de-cooperacion-con-varias-ciudades\\\/\"]}]},{\"@type\":\"ImageObject\",\"inLanguage\":\"es-AR\",\"@id\":\"https:\\\/\\\/diariodeloeste.com\\\/noticias\\\/2024\\\/08\\\/26\\\/el-intendente-ishii-visito-la-republica-de-china-para-firmar-acuerdos-de-cooperacion-con-varias-ciudades\\\/#primaryimage\",\"url\":\"https:\\\/\\\/diariodeloeste.com\\\/noticias\\\/wp-content\\\/uploads\\\/2024\\\/08\\\/WhatsApp-Image-2024-08-26-at-4.44.05-PM.jpeg\",\"contentUrl\":\"https:\\\/\\\/diariodeloeste.com\\\/noticias\\\/wp-content\\\/uploads\\\/2024\\\/08\\\/WhatsApp-Image-2024-08-26-at-4.44.05-PM.jpeg\",\"width\":1080,\"height\":1082},{\"@type\":\"BreadcrumbList\",\"@id\":\"https:\\\/\\\/diariodeloeste.com\\\/noticias\\\/2024\\\/08\\\/26\\\/el-intendente-ishii-visito-la-republica-de-china-para-firmar-acuerdos-de-cooperacion-con-varias-ciudades\\\/#breadcrumb\",\"itemListElement\":[{\"@type\":\"ListItem\",\"position\":1,\"name\":\"Inicio\",\"item\":\"https:\\\/\\\/diariodeloeste.com\\\/noticias\\\/\"},{\"@type\":\"ListItem\",\"position\":2,\"name\":\"EL INTENDENTE ISHII VISIT\u00d3 LA REP\u00daBLICA DE CHINA PARA FIRMAR ACUERDOS DE COOPERACI\u00d3N CON VARIAS CIUDADES\"}]},{\"@type\":\"WebSite\",\"@id\":\"https:\\\/\\\/diariodeloeste.com\\\/noticias\\\/#website\",\"url\":\"https:\\\/\\\/diariodeloeste.com\\\/noticias\\\/\",\"name\":\"Diario del Oeste\",\"description\":\"Noticias del Oeste\",\"publisher\":{\"@id\":\"https:\\\/\\\/diariodeloeste.com\\\/noticias\\\/#organization\"},\"potentialAction\":[{\"@type\":\"SearchAction\",\"target\":{\"@type\":\"EntryPoint\",\"urlTemplate\":\"https:\\\/\\\/diariodeloeste.com\\\/noticias\\\/?s={search_term_string}\"},\"query-input\":{\"@type\":\"PropertyValueSpecification\",\"valueRequired\":true,\"valueName\":\"search_term_string\"}}],\"inLanguage\":\"es-AR\"},{\"@type\":\"Organization\",\"@id\":\"https:\\\/\\\/diariodeloeste.com\\\/noticias\\\/#organization\",\"name\":\"Diario del Oeste\",\"url\":\"https:\\\/\\\/diariodeloeste.com\\\/noticias\\\/\",\"logo\":{\"@type\":\"ImageObject\",\"inLanguage\":\"es-AR\",\"@id\":\"https:\\\/\\\/diariodeloeste.com\\\/noticias\\\/#\\\/schema\\\/logo\\\/image\\\/\",\"url\":\"https:\\\/\\\/diariodeloeste.com\\\/noticias\\\/wp-content\\\/uploads\\\/2019\\\/04\\\/logo.png\",\"contentUrl\":\"https:\\\/\\\/diariodeloeste.com\\\/noticias\\\/wp-content\\\/uploads\\\/2019\\\/04\\\/logo.png\",\"width\":306,\"height\":145,\"caption\":\"Diario del Oeste\"},\"image\":{\"@id\":\"https:\\\/\\\/diariodeloeste.com\\\/noticias\\\/#\\\/schema\\\/logo\\\/image\\\/\"}},{\"@type\":\"Person\",\"@id\":\"https:\\\/\\\/diariodeloeste.com\\\/noticias\\\/#\\\/schema\\\/person\\\/1f7be965f8c093432e1cbfcee0ac4047\",\"name\":\"Redaccion\",\"image\":{\"@type\":\"ImageObject\",\"inLanguage\":\"es-AR\",\"@id\":\"https:\\\/\\\/secure.gravatar.com\\\/avatar\\\/f9bc3a12e26b32d818d88f9a5b61de20b559752e499df507efa7ea3cea0550ef?s=96&d=mm&r=g\",\"url\":\"https:\\\/\\\/secure.gravatar.com\\\/avatar\\\/f9bc3a12e26b32d818d88f9a5b61de20b559752e499df507efa7ea3cea0550ef?s=96&d=mm&r=g\",\"contentUrl\":\"https:\\\/\\\/secure.gravatar.com\\\/avatar\\\/f9bc3a12e26b32d818d88f9a5b61de20b559752e499df507efa7ea3cea0550ef?s=96&d=mm&r=g\",\"caption\":\"Redaccion\"},\"url\":\"https:\\\/\\\/diariodeloeste.com\\\/noticias\\\/author\\\/redaccion\\\/\"}]}<\/script>\n<!-- \/ Yoast SEO plugin. -->","yoast_head_json":{"title":"EL INTENDENTE ISHII VISIT\u00d3 LA REP\u00daBLICA DE CHINA PARA FIRMAR ACUERDOS DE COOPERACI\u00d3N CON VARIAS CIUDADES - Diario del Oeste","robots":{"index":"index","follow":"follow","max-snippet":"max-snippet:-1","max-image-preview":"max-image-preview:large","max-video-preview":"max-video-preview:-1"},"canonical":"https:\/\/diariodeloeste.com\/noticias\/2024\/08\/26\/el-intendente-ishii-visito-la-republica-de-china-para-firmar-acuerdos-de-cooperacion-con-varias-ciudades\/","og_locale":"es_ES","og_type":"article","og_title":"EL INTENDENTE ISHII VISIT\u00d3 LA REP\u00daBLICA DE CHINA PARA FIRMAR ACUERDOS DE COOPERACI\u00d3N CON VARIAS CIUDADES - Diario del Oeste","og_description":"El intendente municipal de Jos\u00e9 C. Paz y Secretario Ejecutivo por la Argentina en la Red de Ciudades del Aprendizaje de Latinoam\u00e9rica UNESCO, Dr. HC Mario Alberto Ishii, visit\u00f3 la Rep\u00fablica Popular de China, donde firm\u00f3 acuerdos de cooperaci\u00f3n con varias ciudades y universidades para fortalecer el desarrollo educativo, industrial y tecnol\u00f3gico en Jos\u00e9 C. [&hellip;]","og_url":"https:\/\/diariodeloeste.com\/noticias\/2024\/08\/26\/el-intendente-ishii-visito-la-republica-de-china-para-firmar-acuerdos-de-cooperacion-con-varias-ciudades\/","og_site_name":"Diario del Oeste","article_published_time":"2024-08-26T19:44:45+00:00","og_image":[{"width":1080,"height":1082,"url":"https:\/\/diariodeloeste.com\/noticias\/wp-content\/uploads\/2024\/08\/WhatsApp-Image-2024-08-26-at-4.44.05-PM.jpeg","type":"image\/jpeg"}],"author":"Redaccion","twitter_card":"summary_large_image","twitter_misc":{"Escrito por":"Redaccion","Tiempo de lectura":"2 minutos"},"schema":{"@context":"https:\/\/schema.org","@graph":[{"@type":"Article","@id":"https:\/\/diariodeloeste.com\/noticias\/2024\/08\/26\/el-intendente-ishii-visito-la-republica-de-china-para-firmar-acuerdos-de-cooperacion-con-varias-ciudades\/#article","isPartOf":{"@id":"https:\/\/diariodeloeste.com\/noticias\/2024\/08\/26\/el-intendente-ishii-visito-la-republica-de-china-para-firmar-acuerdos-de-cooperacion-con-varias-ciudades\/"},"author":{"name":"Redaccion","@id":"https:\/\/diariodeloeste.com\/noticias\/#\/schema\/person\/1f7be965f8c093432e1cbfcee0ac4047"},"headline":"EL INTENDENTE ISHII VISIT\u00d3 LA REP\u00daBLICA DE CHINA PARA FIRMAR ACUERDOS DE COOPERACI\u00d3N CON VARIAS CIUDADES","datePublished":"2024-08-26T19:44:45+00:00","mainEntityOfPage":{"@id":"https:\/\/diariodeloeste.com\/noticias\/2024\/08\/26\/el-intendente-ishii-visito-la-republica-de-china-para-firmar-acuerdos-de-cooperacion-con-varias-ciudades\/"},"wordCount":203,"publisher":{"@id":"https:\/\/diariodeloeste.com\/noticias\/#organization"},"image":{"@id":"https:\/\/diariodeloeste.com\/noticias\/2024\/08\/26\/el-intendente-ishii-visito-la-republica-de-china-para-firmar-acuerdos-de-cooperacion-con-varias-ciudades\/#primaryimage"},"thumbnailUrl":"https:\/\/diariodeloeste.com\/noticias\/wp-content\/uploads\/2024\/08\/WhatsApp-Image-2024-08-26-at-4.44.05-PM.jpeg","keywords":["china","Dangdong","Dr. HC Mario Alberto Ishii","jose c paz","jos\u00e9 c. paz","Liaoning","Mario Alberto Ishii","Mario ishii","Municipio de Jos{e C. Paz","Parque Industrial BYD en Xiangyang","Rep\u00fablica Popular de China","UNESCO","Universidad de Industria Ligera de Wuhan","Xiangyang"],"articleSection":["Jos\u00e9 C Paz","Titulares"],"inLanguage":"es-AR"},{"@type":"WebPage","@id":"https:\/\/diariodeloeste.com\/noticias\/2024\/08\/26\/el-intendente-ishii-visito-la-republica-de-china-para-firmar-acuerdos-de-cooperacion-con-varias-ciudades\/","url":"https:\/\/diariodeloeste.com\/noticias\/2024\/08\/26\/el-intendente-ishii-visito-la-republica-de-china-para-firmar-acuerdos-de-cooperacion-con-varias-ciudades\/","name":"EL INTENDENTE ISHII VISIT\u00d3 LA REP\u00daBLICA DE CHINA PARA FIRMAR ACUERDOS DE COOPERACI\u00d3N CON VARIAS CIUDADES - Diario del Oeste","isPartOf":{"@id":"https:\/\/diariodeloeste.com\/noticias\/#website"},"primaryImageOfPage":{"@id":"https:\/\/diariodeloeste.com\/noticias\/2024\/08\/26\/el-intendente-ishii-visito-la-republica-de-china-para-firmar-acuerdos-de-cooperacion-con-varias-ciudades\/#primaryimage"},"image":{"@id":"https:\/\/diariodeloeste.com\/noticias\/2024\/08\/26\/el-intendente-ishii-visito-la-republica-de-china-para-firmar-acuerdos-de-cooperacion-con-varias-ciudades\/#primaryimage"},"thumbnailUrl":"https:\/\/diariodeloeste.com\/noticias\/wp-content\/uploads\/2024\/08\/WhatsApp-Image-2024-08-26-at-4.44.05-PM.jpeg","datePublished":"2024-08-26T19:44:45+00:00","breadcrumb":{"@id":"https:\/\/diariodeloeste.com\/noticias\/2024\/08\/26\/el-intendente-ishii-visito-la-republica-de-china-para-firmar-acuerdos-de-cooperacion-con-varias-ciudades\/#breadcrumb"},"inLanguage":"es-AR","potentialAction":[{"@type":"ReadAction","target":["https:\/\/diariodeloeste.com\/noticias\/2024\/08\/26\/el-intendente-ishii-visito-la-republica-de-china-para-firmar-acuerdos-de-cooperacion-con-varias-ciudades\/"]}]},{"@type":"ImageObject","inLanguage":"es-AR","@id":"https:\/\/diariodeloeste.com\/noticias\/2024\/08\/26\/el-intendente-ishii-visito-la-republica-de-china-para-firmar-acuerdos-de-cooperacion-con-varias-ciudades\/#primaryimage","url":"https:\/\/diariodeloeste.com\/noticias\/wp-content\/uploads\/2024\/08\/WhatsApp-Image-2024-08-26-at-4.44.05-PM.jpeg","contentUrl":"https:\/\/diariodeloeste.com\/noticias\/wp-content\/uploads\/2024\/08\/WhatsApp-Image-2024-08-26-at-4.44.05-PM.jpeg","width":1080,"height":1082},{"@type":"BreadcrumbList","@id":"https:\/\/diariodeloeste.com\/noticias\/2024\/08\/26\/el-intendente-ishii-visito-la-republica-de-china-para-firmar-acuerdos-de-cooperacion-con-varias-ciudades\/#breadcrumb","itemListElement":[{"@type":"ListItem","position":1,"name":"Inicio","item":"https:\/\/diariodeloeste.com\/noticias\/"},{"@type":"ListItem","position":2,"name":"EL INTENDENTE ISHII VISIT\u00d3 LA REP\u00daBLICA DE CHINA PARA FIRMAR ACUERDOS DE COOPERACI\u00d3N CON VARIAS CIUDADES"}]},{"@type":"WebSite","@id":"https:\/\/diariodeloeste.com\/noticias\/#website","url":"https:\/\/diariodeloeste.com\/noticias\/","name":"Diario del Oeste","description":"Noticias del Oeste","publisher":{"@id":"https:\/\/diariodeloeste.com\/noticias\/#organization"},"potentialAction":[{"@type":"SearchAction","target":{"@type":"EntryPoint","urlTemplate":"https:\/\/diariodeloeste.com\/noticias\/?s={search_term_string}"},"query-input":{"@type":"PropertyValueSpecification","valueRequired":true,"valueName":"search_term_string"}}],"inLanguage":"es-AR"},{"@type":"Organization","@id":"https:\/\/diariodeloeste.com\/noticias\/#organization","name":"Diario del Oeste","url":"https:\/\/diariodeloeste.com\/noticias\/","logo":{"@type":"ImageObject","inLanguage":"es-AR","@id":"https:\/\/diariodeloeste.com\/noticias\/#\/schema\/logo\/image\/","url":"https:\/\/diariodeloeste.com\/noticias\/wp-content\/uploads\/2019\/04\/logo.png","contentUrl":"https:\/\/diariodeloeste.com\/noticias\/wp-content\/uploads\/2019\/04\/logo.png","width":306,"height":145,"caption":"Diario del Oeste"},"image":{"@id":"https:\/\/diariodeloeste.com\/noticias\/#\/schema\/logo\/image\/"}},{"@type":"Person","@id":"https:\/\/diariodeloeste.com\/noticias\/#\/schema\/person\/1f7be965f8c093432e1cbfcee0ac4047","name":"Redaccion","image":{"@type":"ImageObject","inLanguage":"es-AR","@id":"https:\/\/secure.gravatar.com\/avatar\/f9bc3a12e26b32d818d88f9a5b61de20b559752e499df507efa7ea3cea0550ef?s=96&d=mm&r=g","url":"https:\/\/secure.gravatar.com\/avatar\/f9bc3a12e26b32d818d88f9a5b61de20b559752e499df507efa7ea3cea0550ef?s=96&d=mm&r=g","contentUrl":"https:\/\/secure.gravatar.com\/avatar\/f9bc3a12e26b32d818d88f9a5b61de20b559752e499df507efa7ea3cea0550ef?s=96&d=mm&r=g","caption":"Redaccion"},"url":"https:\/\/diariodeloeste.com\/noticias\/author\/redaccion\/"}]}},"_links":{"self":[{"href":"https:\/\/diariodeloeste.com\/noticias\/wp-json\/wp\/v2\/posts\/12507","targetHints":{"allow":["GET"]}}],"collection":[{"href":"https:\/\/diariodeloeste.com\/noticias\/wp-json\/wp\/v2\/posts"}],"about":[{"href":"https:\/\/diariodeloeste.com\/noticias\/wp-json\/wp\/v2\/types\/post"}],"author":[{"embeddable":true,"href":"https:\/\/diariodeloeste.com\/noticias\/wp-json\/wp\/v2\/users\/3"}],"replies":[{"embeddable":true,"href":"https:\/\/diariodeloeste.com\/noticias\/wp-json\/wp\/v2\/comments?post=12507"}],"version-history":[{"count":1,"href":"https:\/\/diariodeloeste.com\/noticias\/wp-json\/wp\/v2\/posts\/12507\/revisions"}],"predecessor-version":[{"id":12512,"href":"https:\/\/diariodeloeste.com\/noticias\/wp-json\/wp\/v2\/posts\/12507\/revisions\/12512"}],"wp:featuredmedia":[{"embeddable":true,"href":"https:\/\/diariodeloeste.com\/noticias\/wp-json\/wp\/v2\/media\/12511"}],"wp:attachment":[{"href":"https:\/\/diariodeloeste.com\/noticias\/wp-json\/wp\/v2\/media?parent=12507"}],"wp:term":[{"taxonomy":"category","embeddable":true,"href":"https:\/\/diariodeloeste.com\/noticias\/wp-json\/wp\/v2\/categories?post=12507"},{"taxonomy":"post_tag","embeddable":true,"href":"https:\/\/diariodeloeste.com\/noticias\/wp-json\/wp\/v2\/tags?post=12507"}],"curies":[{"name":"wp","href":"https:\/\/api.w.org\/{rel}","templated":true}]}}