{"id":12505,"date":"2024-08-26T19:19:35","date_gmt":"2024-08-26T19:19:35","guid":{"rendered":"https:\/\/diariodeloeste.com\/noticias\/?p=12505"},"modified":"2024-08-26T19:19:35","modified_gmt":"2024-08-26T19:19:35","slug":"inicio-del-taller-de-informatica-en-la-bella-estacion","status":"publish","type":"post","link":"https:\/\/diariodeloeste.com\/noticias\/2024\/08\/26\/inicio-del-taller-de-informatica-en-la-bella-estacion\/","title":{"rendered":"INICIO DEL TALLER DE INFORM\u00c1TICA EN LA BELLA ESTACI\u00d3N"},"content":{"rendered":"<p>Te mostramos el inicio del taller de inform\u00e1tica para los residentes del centro para adultos mayores <strong>\u201cLa Bella Estaci\u00f3n\u201d<\/strong>, ubicada en Avenida Arregui al 200, esquina Arenales, <strong>Jos\u00e9 C. Paz<\/strong>.<\/p>\n<p>Realizamos estos servicios y actividades gratuitas para cuidar y mejorar la calidad de vida de los adultos mayores pace\u00f1os.<\/p>\n<p><img loading=\"lazy\" loading=\"lazy\" decoding=\"async\" class=\"alignnone wp-image-12504 size-full\" src=\"https:\/\/diariodeloeste.com\/noticias\/wp-content\/uploads\/2024\/08\/WhatsApp-Image-2024-08-26-at-3.57.52-PM.jpeg\" alt=\"\" width=\"720\" height=\"720\" srcset=\"https:\/\/diariodeloeste.com\/noticias\/wp-content\/uploads\/2024\/08\/WhatsApp-Image-2024-08-26-at-3.57.52-PM.jpeg 720w, https:\/\/diariodeloeste.com\/noticias\/wp-content\/uploads\/2024\/08\/WhatsApp-Image-2024-08-26-at-3.57.52-PM-300x300.jpeg 300w, https:\/\/diariodeloeste.com\/noticias\/wp-content\/uploads\/2024\/08\/WhatsApp-Image-2024-08-26-at-3.57.52-PM-150x150.jpeg 150w\" sizes=\"auto, (max-width: 720px) 100vw, 720px\" \/><\/p>\n<p><img loading=\"lazy\" loading=\"lazy\" decoding=\"async\" class=\"alignnone wp-image-12503 size-full\" src=\"https:\/\/diariodeloeste.com\/noticias\/wp-content\/uploads\/2024\/08\/WhatsApp-Image-2024-08-26-at-3.57.52-PM-1.jpeg\" alt=\"\" width=\"720\" height=\"720\" srcset=\"https:\/\/diariodeloeste.com\/noticias\/wp-content\/uploads\/2024\/08\/WhatsApp-Image-2024-08-26-at-3.57.52-PM-1.jpeg 720w, https:\/\/diariodeloeste.com\/noticias\/wp-content\/uploads\/2024\/08\/WhatsApp-Image-2024-08-26-at-3.57.52-PM-1-300x300.jpeg 300w, https:\/\/diariodeloeste.com\/noticias\/wp-content\/uploads\/2024\/08\/WhatsApp-Image-2024-08-26-at-3.57.52-PM-1-150x150.jpeg 150w\" sizes=\"auto, (max-width: 720px) 100vw, 720px\" \/><\/p>\n<p><img loading=\"lazy\" loading=\"lazy\" decoding=\"async\" class=\"alignnone wp-image-12501 size-full\" src=\"https:\/\/diariodeloeste.com\/noticias\/wp-content\/uploads\/2024\/08\/WhatsApp-Image-2024-08-26-at-3.57.52-PM-3.jpeg\" alt=\"\" width=\"720\" height=\"720\" srcset=\"https:\/\/diariodeloeste.com\/noticias\/wp-content\/uploads\/2024\/08\/WhatsApp-Image-2024-08-26-at-3.57.52-PM-3.jpeg 720w, https:\/\/diariodeloeste.com\/noticias\/wp-content\/uploads\/2024\/08\/WhatsApp-Image-2024-08-26-at-3.57.52-PM-3-300x300.jpeg 300w, https:\/\/diariodeloeste.com\/noticias\/wp-content\/uploads\/2024\/08\/WhatsApp-Image-2024-08-26-at-3.57.52-PM-3-150x150.jpeg 150w\" sizes=\"auto, (max-width: 720px) 100vw, 720px\" \/><\/p>\n<p><img loading=\"lazy\" loading=\"lazy\" decoding=\"async\" class=\"alignnone wp-image-12500 size-full\" src=\"https:\/\/diariodeloeste.com\/noticias\/wp-content\/uploads\/2024\/08\/WhatsApp-Image-2024-08-26-at-3.57.52-PM-4.jpeg\" alt=\"\" width=\"720\" height=\"720\" srcset=\"https:\/\/diariodeloeste.com\/noticias\/wp-content\/uploads\/2024\/08\/WhatsApp-Image-2024-08-26-at-3.57.52-PM-4.jpeg 720w, https:\/\/diariodeloeste.com\/noticias\/wp-content\/uploads\/2024\/08\/WhatsApp-Image-2024-08-26-at-3.57.52-PM-4-300x300.jpeg 300w, https:\/\/diariodeloeste.com\/noticias\/wp-content\/uploads\/2024\/08\/WhatsApp-Image-2024-08-26-at-3.57.52-PM-4-150x150.jpeg 150w\" sizes=\"auto, (max-width: 720px) 100vw, 720px\" \/><\/p>\n<p><img loading=\"lazy\" loading=\"lazy\" decoding=\"async\" class=\"alignnone wp-image-12498 size-full\" src=\"https:\/\/diariodeloeste.com\/noticias\/wp-content\/uploads\/2024\/08\/WhatsApp-Image-2024-08-26-at-3.57.53-PM-1.jpeg\" alt=\"\" width=\"720\" height=\"720\" srcset=\"https:\/\/diariodeloeste.com\/noticias\/wp-content\/uploads\/2024\/08\/WhatsApp-Image-2024-08-26-at-3.57.53-PM-1.jpeg 720w, https:\/\/diariodeloeste.com\/noticias\/wp-content\/uploads\/2024\/08\/WhatsApp-Image-2024-08-26-at-3.57.53-PM-1-300x300.jpeg 300w, https:\/\/diariodeloeste.com\/noticias\/wp-content\/uploads\/2024\/08\/WhatsApp-Image-2024-08-26-at-3.57.53-PM-1-150x150.jpeg 150w\" sizes=\"auto, (max-width: 720px) 100vw, 720px\" \/><\/p>\n<p><img loading=\"lazy\" loading=\"lazy\" decoding=\"async\" class=\"alignnone wp-image-12499 size-full\" src=\"https:\/\/diariodeloeste.com\/noticias\/wp-content\/uploads\/2024\/08\/WhatsApp-Image-2024-08-26-at-3.57.53-PM.jpeg\" alt=\"\" width=\"720\" height=\"720\" srcset=\"https:\/\/diariodeloeste.com\/noticias\/wp-content\/uploads\/2024\/08\/WhatsApp-Image-2024-08-26-at-3.57.53-PM.jpeg 720w, https:\/\/diariodeloeste.com\/noticias\/wp-content\/uploads\/2024\/08\/WhatsApp-Image-2024-08-26-at-3.57.53-PM-300x300.jpeg 300w, https:\/\/diariodeloeste.com\/noticias\/wp-content\/uploads\/2024\/08\/WhatsApp-Image-2024-08-26-at-3.57.53-PM-150x150.jpeg 150w\" sizes=\"auto, (max-width: 720px) 100vw, 720px\" \/><\/p>\n<p><img loading=\"lazy\" loading=\"lazy\" decoding=\"async\" class=\"alignnone wp-image-11890 size-large\" src=\"https:\/\/diariodeloeste.com\/noticias\/wp-content\/uploads\/2024\/08\/WhatsApp-Image-2024-08-01-at-9.23.07-AM-2-1024x1024.jpeg\" alt=\"\" width=\"1024\" height=\"1024\" srcset=\"https:\/\/diariodeloeste.com\/noticias\/wp-content\/uploads\/2024\/08\/WhatsApp-Image-2024-08-01-at-9.23.07-AM-2-1024x1024.jpeg 1024w, https:\/\/diariodeloeste.com\/noticias\/wp-content\/uploads\/2024\/08\/WhatsApp-Image-2024-08-01-at-9.23.07-AM-2-300x300.jpeg 300w, https:\/\/diariodeloeste.com\/noticias\/wp-content\/uploads\/2024\/08\/WhatsApp-Image-2024-08-01-at-9.23.07-AM-2-150x150.jpeg 150w, https:\/\/diariodeloeste.com\/noticias\/wp-content\/uploads\/2024\/08\/WhatsApp-Image-2024-08-01-at-9.23.07-AM-2-768x768.jpeg 768w, https:\/\/diariodeloeste.com\/noticias\/wp-content\/uploads\/2024\/08\/WhatsApp-Image-2024-08-01-at-9.23.07-AM-2-860x860.jpeg 860w, https:\/\/diariodeloeste.com\/noticias\/wp-content\/uploads\/2024\/08\/WhatsApp-Image-2024-08-01-at-9.23.07-AM-2.jpeg 1280w\" sizes=\"auto, (max-width: 1024px) 100vw, 1024px\" \/><\/p>\n<script>function PlayerjsAsync(){} if(window[\"Playerjs\"]){PlayerjsAsync();}<\/script>","protected":false},"excerpt":{"rendered":"<p>Te mostramos el inicio del taller de inform\u00e1tica para los residentes del centro para adultos mayores \u201cLa Bella Estaci\u00f3n\u201d, ubicada en Avenida Arregui al 200, esquina Arenales, Jos\u00e9 C. Paz. Realizamos estos servicios y actividades gratuitas para cuidar y mejorar la calidad de vida de los adultos mayores pace\u00f1os.<\/p>\n","protected":false},"author":3,"featured_media":12502,"comment_status":"closed","ping_status":"closed","sticky":false,"template":"","format":"standard","meta":{"content-type":"","footnotes":""},"categories":[303,9],"tags":[128,233,1021,387,537],"class_list":{"0":"post-12505","1":"post","2":"type-post","3":"status-publish","4":"format-standard","5":"has-post-thumbnail","7":"category-jose-c-paz","8":"category-titulares","9":"tag-jose-c-paz","10":"tag-jose-c-paz-2","11":"tag-mario-alberto-ishii","12":"tag-mario-ishii","13":"tag-municipio-de-jose-c-paz"},"yoast_head":"<!-- This site is optimized with the Yoast SEO plugin v27.4 - https:\/\/yoast.com\/product\/yoast-seo-wordpress\/ -->\n<title>INICIO DEL TALLER DE INFORM\u00c1TICA EN LA BELLA ESTACI\u00d3N - Diario del Oeste<\/title>\n<meta name=\"robots\" content=\"index, follow, max-snippet:-1, max-image-preview:large, max-video-preview:-1\" \/>\n<link rel=\"canonical\" href=\"https:\/\/diariodeloeste.com\/noticias\/2024\/08\/26\/inicio-del-taller-de-informatica-en-la-bella-estacion\/\" \/>\n<meta property=\"og:locale\" content=\"es_ES\" \/>\n<meta property=\"og:type\" content=\"article\" \/>\n<meta property=\"og:title\" content=\"INICIO DEL TALLER DE INFORM\u00c1TICA EN LA BELLA ESTACI\u00d3N - Diario del Oeste\" \/>\n<meta property=\"og:description\" content=\"Te mostramos el inicio del taller de inform\u00e1tica para los residentes del centro para adultos mayores \u201cLa Bella Estaci\u00f3n\u201d, ubicada en Avenida Arregui al 200, esquina Arenales, Jos\u00e9 C. Paz. Realizamos estos servicios y actividades gratuitas para cuidar y mejorar la calidad de vida de los adultos mayores pace\u00f1os.\" \/>\n<meta property=\"og:url\" content=\"https:\/\/diariodeloeste.com\/noticias\/2024\/08\/26\/inicio-del-taller-de-informatica-en-la-bella-estacion\/\" \/>\n<meta property=\"og:site_name\" content=\"Diario del Oeste\" \/>\n<meta property=\"article:published_time\" content=\"2024-08-26T19:19:35+00:00\" \/>\n<meta property=\"og:image\" content=\"https:\/\/diariodeloeste.com\/noticias\/wp-content\/uploads\/2024\/08\/WhatsApp-Image-2024-08-26-at-3.57.52-PM-2.jpeg\" \/>\n\t<meta property=\"og:image:width\" content=\"720\" \/>\n\t<meta property=\"og:image:height\" content=\"720\" \/>\n\t<meta property=\"og:image:type\" content=\"image\/jpeg\" \/>\n<meta name=\"author\" content=\"Redaccion\" \/>\n<meta name=\"twitter:card\" content=\"summary_large_image\" \/>\n<meta name=\"twitter:label1\" content=\"Escrito por\" \/>\n\t<meta name=\"twitter:data1\" content=\"Redaccion\" \/>\n\t<meta name=\"twitter:label2\" content=\"Tiempo de lectura\" \/>\n\t<meta name=\"twitter:data2\" content=\"2 minutos\" \/>\n<script type=\"application\/ld+json\" class=\"yoast-schema-graph\">{\"@context\":\"https:\\\/\\\/schema.org\",\"@graph\":[{\"@type\":\"Article\",\"@id\":\"https:\\\/\\\/diariodeloeste.com\\\/noticias\\\/2024\\\/08\\\/26\\\/inicio-del-taller-de-informatica-en-la-bella-estacion\\\/#article\",\"isPartOf\":{\"@id\":\"https:\\\/\\\/diariodeloeste.com\\\/noticias\\\/2024\\\/08\\\/26\\\/inicio-del-taller-de-informatica-en-la-bella-estacion\\\/\"},\"author\":{\"name\":\"Redaccion\",\"@id\":\"https:\\\/\\\/diariodeloeste.com\\\/noticias\\\/#\\\/schema\\\/person\\\/1f7be965f8c093432e1cbfcee0ac4047\"},\"headline\":\"INICIO DEL TALLER DE INFORM\u00c1TICA EN LA BELLA ESTACI\u00d3N\",\"datePublished\":\"2024-08-26T19:19:35+00:00\",\"mainEntityOfPage\":{\"@id\":\"https:\\\/\\\/diariodeloeste.com\\\/noticias\\\/2024\\\/08\\\/26\\\/inicio-del-taller-de-informatica-en-la-bella-estacion\\\/\"},\"wordCount\":62,\"publisher\":{\"@id\":\"https:\\\/\\\/diariodeloeste.com\\\/noticias\\\/#organization\"},\"image\":{\"@id\":\"https:\\\/\\\/diariodeloeste.com\\\/noticias\\\/2024\\\/08\\\/26\\\/inicio-del-taller-de-informatica-en-la-bella-estacion\\\/#primaryimage\"},\"thumbnailUrl\":\"https:\\\/\\\/diariodeloeste.com\\\/noticias\\\/wp-content\\\/uploads\\\/2024\\\/08\\\/WhatsApp-Image-2024-08-26-at-3.57.52-PM-2.jpeg\",\"keywords\":[\"jose c paz\",\"jos\u00e9 c. paz\",\"Mario Alberto Ishii\",\"Mario ishii\",\"Municipio de Jos{e C. Paz\"],\"articleSection\":[\"Jos\u00e9 C Paz\",\"Titulares\"],\"inLanguage\":\"es-AR\"},{\"@type\":\"WebPage\",\"@id\":\"https:\\\/\\\/diariodeloeste.com\\\/noticias\\\/2024\\\/08\\\/26\\\/inicio-del-taller-de-informatica-en-la-bella-estacion\\\/\",\"url\":\"https:\\\/\\\/diariodeloeste.com\\\/noticias\\\/2024\\\/08\\\/26\\\/inicio-del-taller-de-informatica-en-la-bella-estacion\\\/\",\"name\":\"INICIO DEL TALLER DE INFORM\u00c1TICA EN LA BELLA ESTACI\u00d3N - Diario del Oeste\",\"isPartOf\":{\"@id\":\"https:\\\/\\\/diariodeloeste.com\\\/noticias\\\/#website\"},\"primaryImageOfPage\":{\"@id\":\"https:\\\/\\\/diariodeloeste.com\\\/noticias\\\/2024\\\/08\\\/26\\\/inicio-del-taller-de-informatica-en-la-bella-estacion\\\/#primaryimage\"},\"image\":{\"@id\":\"https:\\\/\\\/diariodeloeste.com\\\/noticias\\\/2024\\\/08\\\/26\\\/inicio-del-taller-de-informatica-en-la-bella-estacion\\\/#primaryimage\"},\"thumbnailUrl\":\"https:\\\/\\\/diariodeloeste.com\\\/noticias\\\/wp-content\\\/uploads\\\/2024\\\/08\\\/WhatsApp-Image-2024-08-26-at-3.57.52-PM-2.jpeg\",\"datePublished\":\"2024-08-26T19:19:35+00:00\",\"breadcrumb\":{\"@id\":\"https:\\\/\\\/diariodeloeste.com\\\/noticias\\\/2024\\\/08\\\/26\\\/inicio-del-taller-de-informatica-en-la-bella-estacion\\\/#breadcrumb\"},\"inLanguage\":\"es-AR\",\"potentialAction\":[{\"@type\":\"ReadAction\",\"target\":[\"https:\\\/\\\/diariodeloeste.com\\\/noticias\\\/2024\\\/08\\\/26\\\/inicio-del-taller-de-informatica-en-la-bella-estacion\\\/\"]}]},{\"@type\":\"ImageObject\",\"inLanguage\":\"es-AR\",\"@id\":\"https:\\\/\\\/diariodeloeste.com\\\/noticias\\\/2024\\\/08\\\/26\\\/inicio-del-taller-de-informatica-en-la-bella-estacion\\\/#primaryimage\",\"url\":\"https:\\\/\\\/diariodeloeste.com\\\/noticias\\\/wp-content\\\/uploads\\\/2024\\\/08\\\/WhatsApp-Image-2024-08-26-at-3.57.52-PM-2.jpeg\",\"contentUrl\":\"https:\\\/\\\/diariodeloeste.com\\\/noticias\\\/wp-content\\\/uploads\\\/2024\\\/08\\\/WhatsApp-Image-2024-08-26-at-3.57.52-PM-2.jpeg\",\"width\":720,\"height\":720},{\"@type\":\"BreadcrumbList\",\"@id\":\"https:\\\/\\\/diariodeloeste.com\\\/noticias\\\/2024\\\/08\\\/26\\\/inicio-del-taller-de-informatica-en-la-bella-estacion\\\/#breadcrumb\",\"itemListElement\":[{\"@type\":\"ListItem\",\"position\":1,\"name\":\"Inicio\",\"item\":\"https:\\\/\\\/diariodeloeste.com\\\/noticias\\\/\"},{\"@type\":\"ListItem\",\"position\":2,\"name\":\"INICIO DEL TALLER DE INFORM\u00c1TICA EN LA BELLA ESTACI\u00d3N\"}]},{\"@type\":\"WebSite\",\"@id\":\"https:\\\/\\\/diariodeloeste.com\\\/noticias\\\/#website\",\"url\":\"https:\\\/\\\/diariodeloeste.com\\\/noticias\\\/\",\"name\":\"Diario del Oeste\",\"description\":\"Noticias del Oeste\",\"publisher\":{\"@id\":\"https:\\\/\\\/diariodeloeste.com\\\/noticias\\\/#organization\"},\"potentialAction\":[{\"@type\":\"SearchAction\",\"target\":{\"@type\":\"EntryPoint\",\"urlTemplate\":\"https:\\\/\\\/diariodeloeste.com\\\/noticias\\\/?s={search_term_string}\"},\"query-input\":{\"@type\":\"PropertyValueSpecification\",\"valueRequired\":true,\"valueName\":\"search_term_string\"}}],\"inLanguage\":\"es-AR\"},{\"@type\":\"Organization\",\"@id\":\"https:\\\/\\\/diariodeloeste.com\\\/noticias\\\/#organization\",\"name\":\"Diario del Oeste\",\"url\":\"https:\\\/\\\/diariodeloeste.com\\\/noticias\\\/\",\"logo\":{\"@type\":\"ImageObject\",\"inLanguage\":\"es-AR\",\"@id\":\"https:\\\/\\\/diariodeloeste.com\\\/noticias\\\/#\\\/schema\\\/logo\\\/image\\\/\",\"url\":\"https:\\\/\\\/diariodeloeste.com\\\/noticias\\\/wp-content\\\/uploads\\\/2019\\\/04\\\/logo.png\",\"contentUrl\":\"https:\\\/\\\/diariodeloeste.com\\\/noticias\\\/wp-content\\\/uploads\\\/2019\\\/04\\\/logo.png\",\"width\":306,\"height\":145,\"caption\":\"Diario del Oeste\"},\"image\":{\"@id\":\"https:\\\/\\\/diariodeloeste.com\\\/noticias\\\/#\\\/schema\\\/logo\\\/image\\\/\"}},{\"@type\":\"Person\",\"@id\":\"https:\\\/\\\/diariodeloeste.com\\\/noticias\\\/#\\\/schema\\\/person\\\/1f7be965f8c093432e1cbfcee0ac4047\",\"name\":\"Redaccion\",\"image\":{\"@type\":\"ImageObject\",\"inLanguage\":\"es-AR\",\"@id\":\"https:\\\/\\\/secure.gravatar.com\\\/avatar\\\/f9bc3a12e26b32d818d88f9a5b61de20b559752e499df507efa7ea3cea0550ef?s=96&d=mm&r=g\",\"url\":\"https:\\\/\\\/secure.gravatar.com\\\/avatar\\\/f9bc3a12e26b32d818d88f9a5b61de20b559752e499df507efa7ea3cea0550ef?s=96&d=mm&r=g\",\"contentUrl\":\"https:\\\/\\\/secure.gravatar.com\\\/avatar\\\/f9bc3a12e26b32d818d88f9a5b61de20b559752e499df507efa7ea3cea0550ef?s=96&d=mm&r=g\",\"caption\":\"Redaccion\"},\"url\":\"https:\\\/\\\/diariodeloeste.com\\\/noticias\\\/author\\\/redaccion\\\/\"}]}<\/script>\n<!-- \/ Yoast SEO plugin. -->","yoast_head_json":{"title":"INICIO DEL TALLER DE INFORM\u00c1TICA EN LA BELLA ESTACI\u00d3N - Diario del Oeste","robots":{"index":"index","follow":"follow","max-snippet":"max-snippet:-1","max-image-preview":"max-image-preview:large","max-video-preview":"max-video-preview:-1"},"canonical":"https:\/\/diariodeloeste.com\/noticias\/2024\/08\/26\/inicio-del-taller-de-informatica-en-la-bella-estacion\/","og_locale":"es_ES","og_type":"article","og_title":"INICIO DEL TALLER DE INFORM\u00c1TICA EN LA BELLA ESTACI\u00d3N - Diario del Oeste","og_description":"Te mostramos el inicio del taller de inform\u00e1tica para los residentes del centro para adultos mayores \u201cLa Bella Estaci\u00f3n\u201d, ubicada en Avenida Arregui al 200, esquina Arenales, Jos\u00e9 C. Paz. Realizamos estos servicios y actividades gratuitas para cuidar y mejorar la calidad de vida de los adultos mayores pace\u00f1os.","og_url":"https:\/\/diariodeloeste.com\/noticias\/2024\/08\/26\/inicio-del-taller-de-informatica-en-la-bella-estacion\/","og_site_name":"Diario del Oeste","article_published_time":"2024-08-26T19:19:35+00:00","og_image":[{"width":720,"height":720,"url":"https:\/\/diariodeloeste.com\/noticias\/wp-content\/uploads\/2024\/08\/WhatsApp-Image-2024-08-26-at-3.57.52-PM-2.jpeg","type":"image\/jpeg"}],"author":"Redaccion","twitter_card":"summary_large_image","twitter_misc":{"Escrito por":"Redaccion","Tiempo de lectura":"2 minutos"},"schema":{"@context":"https:\/\/schema.org","@graph":[{"@type":"Article","@id":"https:\/\/diariodeloeste.com\/noticias\/2024\/08\/26\/inicio-del-taller-de-informatica-en-la-bella-estacion\/#article","isPartOf":{"@id":"https:\/\/diariodeloeste.com\/noticias\/2024\/08\/26\/inicio-del-taller-de-informatica-en-la-bella-estacion\/"},"author":{"name":"Redaccion","@id":"https:\/\/diariodeloeste.com\/noticias\/#\/schema\/person\/1f7be965f8c093432e1cbfcee0ac4047"},"headline":"INICIO DEL TALLER DE INFORM\u00c1TICA EN LA BELLA ESTACI\u00d3N","datePublished":"2024-08-26T19:19:35+00:00","mainEntityOfPage":{"@id":"https:\/\/diariodeloeste.com\/noticias\/2024\/08\/26\/inicio-del-taller-de-informatica-en-la-bella-estacion\/"},"wordCount":62,"publisher":{"@id":"https:\/\/diariodeloeste.com\/noticias\/#organization"},"image":{"@id":"https:\/\/diariodeloeste.com\/noticias\/2024\/08\/26\/inicio-del-taller-de-informatica-en-la-bella-estacion\/#primaryimage"},"thumbnailUrl":"https:\/\/diariodeloeste.com\/noticias\/wp-content\/uploads\/2024\/08\/WhatsApp-Image-2024-08-26-at-3.57.52-PM-2.jpeg","keywords":["jose c paz","jos\u00e9 c. paz","Mario Alberto Ishii","Mario ishii","Municipio de Jos{e C. Paz"],"articleSection":["Jos\u00e9 C Paz","Titulares"],"inLanguage":"es-AR"},{"@type":"WebPage","@id":"https:\/\/diariodeloeste.com\/noticias\/2024\/08\/26\/inicio-del-taller-de-informatica-en-la-bella-estacion\/","url":"https:\/\/diariodeloeste.com\/noticias\/2024\/08\/26\/inicio-del-taller-de-informatica-en-la-bella-estacion\/","name":"INICIO DEL TALLER DE INFORM\u00c1TICA EN LA BELLA ESTACI\u00d3N - Diario del Oeste","isPartOf":{"@id":"https:\/\/diariodeloeste.com\/noticias\/#website"},"primaryImageOfPage":{"@id":"https:\/\/diariodeloeste.com\/noticias\/2024\/08\/26\/inicio-del-taller-de-informatica-en-la-bella-estacion\/#primaryimage"},"image":{"@id":"https:\/\/diariodeloeste.com\/noticias\/2024\/08\/26\/inicio-del-taller-de-informatica-en-la-bella-estacion\/#primaryimage"},"thumbnailUrl":"https:\/\/diariodeloeste.com\/noticias\/wp-content\/uploads\/2024\/08\/WhatsApp-Image-2024-08-26-at-3.57.52-PM-2.jpeg","datePublished":"2024-08-26T19:19:35+00:00","breadcrumb":{"@id":"https:\/\/diariodeloeste.com\/noticias\/2024\/08\/26\/inicio-del-taller-de-informatica-en-la-bella-estacion\/#breadcrumb"},"inLanguage":"es-AR","potentialAction":[{"@type":"ReadAction","target":["https:\/\/diariodeloeste.com\/noticias\/2024\/08\/26\/inicio-del-taller-de-informatica-en-la-bella-estacion\/"]}]},{"@type":"ImageObject","inLanguage":"es-AR","@id":"https:\/\/diariodeloeste.com\/noticias\/2024\/08\/26\/inicio-del-taller-de-informatica-en-la-bella-estacion\/#primaryimage","url":"https:\/\/diariodeloeste.com\/noticias\/wp-content\/uploads\/2024\/08\/WhatsApp-Image-2024-08-26-at-3.57.52-PM-2.jpeg","contentUrl":"https:\/\/diariodeloeste.com\/noticias\/wp-content\/uploads\/2024\/08\/WhatsApp-Image-2024-08-26-at-3.57.52-PM-2.jpeg","width":720,"height":720},{"@type":"BreadcrumbList","@id":"https:\/\/diariodeloeste.com\/noticias\/2024\/08\/26\/inicio-del-taller-de-informatica-en-la-bella-estacion\/#breadcrumb","itemListElement":[{"@type":"ListItem","position":1,"name":"Inicio","item":"https:\/\/diariodeloeste.com\/noticias\/"},{"@type":"ListItem","position":2,"name":"INICIO DEL TALLER DE INFORM\u00c1TICA EN LA BELLA ESTACI\u00d3N"}]},{"@type":"WebSite","@id":"https:\/\/diariodeloeste.com\/noticias\/#website","url":"https:\/\/diariodeloeste.com\/noticias\/","name":"Diario del Oeste","description":"Noticias del Oeste","publisher":{"@id":"https:\/\/diariodeloeste.com\/noticias\/#organization"},"potentialAction":[{"@type":"SearchAction","target":{"@type":"EntryPoint","urlTemplate":"https:\/\/diariodeloeste.com\/noticias\/?s={search_term_string}"},"query-input":{"@type":"PropertyValueSpecification","valueRequired":true,"valueName":"search_term_string"}}],"inLanguage":"es-AR"},{"@type":"Organization","@id":"https:\/\/diariodeloeste.com\/noticias\/#organization","name":"Diario del Oeste","url":"https:\/\/diariodeloeste.com\/noticias\/","logo":{"@type":"ImageObject","inLanguage":"es-AR","@id":"https:\/\/diariodeloeste.com\/noticias\/#\/schema\/logo\/image\/","url":"https:\/\/diariodeloeste.com\/noticias\/wp-content\/uploads\/2019\/04\/logo.png","contentUrl":"https:\/\/diariodeloeste.com\/noticias\/wp-content\/uploads\/2019\/04\/logo.png","width":306,"height":145,"caption":"Diario del Oeste"},"image":{"@id":"https:\/\/diariodeloeste.com\/noticias\/#\/schema\/logo\/image\/"}},{"@type":"Person","@id":"https:\/\/diariodeloeste.com\/noticias\/#\/schema\/person\/1f7be965f8c093432e1cbfcee0ac4047","name":"Redaccion","image":{"@type":"ImageObject","inLanguage":"es-AR","@id":"https:\/\/secure.gravatar.com\/avatar\/f9bc3a12e26b32d818d88f9a5b61de20b559752e499df507efa7ea3cea0550ef?s=96&d=mm&r=g","url":"https:\/\/secure.gravatar.com\/avatar\/f9bc3a12e26b32d818d88f9a5b61de20b559752e499df507efa7ea3cea0550ef?s=96&d=mm&r=g","contentUrl":"https:\/\/secure.gravatar.com\/avatar\/f9bc3a12e26b32d818d88f9a5b61de20b559752e499df507efa7ea3cea0550ef?s=96&d=mm&r=g","caption":"Redaccion"},"url":"https:\/\/diariodeloeste.com\/noticias\/author\/redaccion\/"}]}},"_links":{"self":[{"href":"https:\/\/diariodeloeste.com\/noticias\/wp-json\/wp\/v2\/posts\/12505","targetHints":{"allow":["GET"]}}],"collection":[{"href":"https:\/\/diariodeloeste.com\/noticias\/wp-json\/wp\/v2\/posts"}],"about":[{"href":"https:\/\/diariodeloeste.com\/noticias\/wp-json\/wp\/v2\/types\/post"}],"author":[{"embeddable":true,"href":"https:\/\/diariodeloeste.com\/noticias\/wp-json\/wp\/v2\/users\/3"}],"replies":[{"embeddable":true,"href":"https:\/\/diariodeloeste.com\/noticias\/wp-json\/wp\/v2\/comments?post=12505"}],"version-history":[{"count":1,"href":"https:\/\/diariodeloeste.com\/noticias\/wp-json\/wp\/v2\/posts\/12505\/revisions"}],"predecessor-version":[{"id":12506,"href":"https:\/\/diariodeloeste.com\/noticias\/wp-json\/wp\/v2\/posts\/12505\/revisions\/12506"}],"wp:featuredmedia":[{"embeddable":true,"href":"https:\/\/diariodeloeste.com\/noticias\/wp-json\/wp\/v2\/media\/12502"}],"wp:attachment":[{"href":"https:\/\/diariodeloeste.com\/noticias\/wp-json\/wp\/v2\/media?parent=12505"}],"wp:term":[{"taxonomy":"category","embeddable":true,"href":"https:\/\/diariodeloeste.com\/noticias\/wp-json\/wp\/v2\/categories?post=12505"},{"taxonomy":"post_tag","embeddable":true,"href":"https:\/\/diariodeloeste.com\/noticias\/wp-json\/wp\/v2\/tags?post=12505"}],"curies":[{"name":"wp","href":"https:\/\/api.w.org\/{rel}","templated":true}]}}