{"id":12491,"date":"2024-08-26T18:43:49","date_gmt":"2024-08-26T18:43:49","guid":{"rendered":"https:\/\/diariodeloeste.com\/noticias\/?p=12491"},"modified":"2024-08-26T18:48:59","modified_gmt":"2024-08-26T18:48:59","slug":"12491","status":"publish","type":"post","link":"https:\/\/diariodeloeste.com\/noticias\/2024\/08\/26\/12491\/","title":{"rendered":"PEDRO Y EL LOBO&#8230;.. Y OTROS CUENTOS: UN CUENTO ORQUESTADO EN EL TEATRO MUNICIPAL DE JOS\u00c9 C. PAZ"},"content":{"rendered":"<p>M\u00e1s de 500 alumnos de distintas escuelas nocturnas del distrito disfrutaron del concierto did\u00e1ctico \u201c<strong>Pedro y el Lobo.. Y otros cuentos\u201d<\/strong>, a cargo de la <strong>Orquesta Sinf\u00f3nica Municipal en el Teatro Municipal<\/strong>, ubicado en Lavalle, esquina Roque Saenz Pe\u00f1a, <strong>Jos\u00e9 C. Paz.<\/strong><\/p>\n<p>Dicho cuento cont\u00f3 con la narraci\u00f3n de <strong>Barbara G\u00e1lvez<\/strong> y la direcci\u00f3n orquestal de<strong> Clara Parodi<\/strong>.<\/p>\n<p><img loading=\"lazy\" loading=\"lazy\" decoding=\"async\" class=\"alignnone wp-image-12488 size-full\" src=\"https:\/\/diariodeloeste.com\/noticias\/wp-content\/uploads\/2024\/08\/WhatsApp-Image-2024-08-26-at-3.08.31-PM-1.jpeg\" alt=\"\" width=\"720\" height=\"480\" srcset=\"https:\/\/diariodeloeste.com\/noticias\/wp-content\/uploads\/2024\/08\/WhatsApp-Image-2024-08-26-at-3.08.31-PM-1.jpeg 720w, https:\/\/diariodeloeste.com\/noticias\/wp-content\/uploads\/2024\/08\/WhatsApp-Image-2024-08-26-at-3.08.31-PM-1-300x200.jpeg 300w, https:\/\/diariodeloeste.com\/noticias\/wp-content\/uploads\/2024\/08\/WhatsApp-Image-2024-08-26-at-3.08.31-PM-1-330x220.jpeg 330w, https:\/\/diariodeloeste.com\/noticias\/wp-content\/uploads\/2024\/08\/WhatsApp-Image-2024-08-26-at-3.08.31-PM-1-420x280.jpeg 420w, https:\/\/diariodeloeste.com\/noticias\/wp-content\/uploads\/2024\/08\/WhatsApp-Image-2024-08-26-at-3.08.31-PM-1-615x410.jpeg 615w\" sizes=\"auto, (max-width: 720px) 100vw, 720px\" \/><img loading=\"lazy\" loading=\"lazy\" decoding=\"async\" class=\"alignnone wp-image-12487 size-full\" src=\"https:\/\/diariodeloeste.com\/noticias\/wp-content\/uploads\/2024\/08\/WhatsApp-Image-2024-08-26-at-3.08.31-PM-2.jpeg\" alt=\"\" width=\"720\" height=\"480\" srcset=\"https:\/\/diariodeloeste.com\/noticias\/wp-content\/uploads\/2024\/08\/WhatsApp-Image-2024-08-26-at-3.08.31-PM-2.jpeg 720w, https:\/\/diariodeloeste.com\/noticias\/wp-content\/uploads\/2024\/08\/WhatsApp-Image-2024-08-26-at-3.08.31-PM-2-300x200.jpeg 300w, https:\/\/diariodeloeste.com\/noticias\/wp-content\/uploads\/2024\/08\/WhatsApp-Image-2024-08-26-at-3.08.31-PM-2-330x220.jpeg 330w, https:\/\/diariodeloeste.com\/noticias\/wp-content\/uploads\/2024\/08\/WhatsApp-Image-2024-08-26-at-3.08.31-PM-2-420x280.jpeg 420w, https:\/\/diariodeloeste.com\/noticias\/wp-content\/uploads\/2024\/08\/WhatsApp-Image-2024-08-26-at-3.08.31-PM-2-615x410.jpeg 615w\" sizes=\"auto, (max-width: 720px) 100vw, 720px\" \/><img loading=\"lazy\" loading=\"lazy\" decoding=\"async\" class=\"alignnone wp-image-12485 size-full\" src=\"https:\/\/diariodeloeste.com\/noticias\/wp-content\/uploads\/2024\/08\/WhatsApp-Image-2024-08-26-at-3.08.31-PM-4.jpeg\" alt=\"\" width=\"720\" height=\"480\" srcset=\"https:\/\/diariodeloeste.com\/noticias\/wp-content\/uploads\/2024\/08\/WhatsApp-Image-2024-08-26-at-3.08.31-PM-4.jpeg 720w, https:\/\/diariodeloeste.com\/noticias\/wp-content\/uploads\/2024\/08\/WhatsApp-Image-2024-08-26-at-3.08.31-PM-4-300x200.jpeg 300w, https:\/\/diariodeloeste.com\/noticias\/wp-content\/uploads\/2024\/08\/WhatsApp-Image-2024-08-26-at-3.08.31-PM-4-330x220.jpeg 330w, https:\/\/diariodeloeste.com\/noticias\/wp-content\/uploads\/2024\/08\/WhatsApp-Image-2024-08-26-at-3.08.31-PM-4-420x280.jpeg 420w, https:\/\/diariodeloeste.com\/noticias\/wp-content\/uploads\/2024\/08\/WhatsApp-Image-2024-08-26-at-3.08.31-PM-4-615x410.jpeg 615w\" sizes=\"auto, (max-width: 720px) 100vw, 720px\" \/><img loading=\"lazy\" loading=\"lazy\" decoding=\"async\" class=\"alignnone wp-image-12486 size-full\" src=\"https:\/\/diariodeloeste.com\/noticias\/wp-content\/uploads\/2024\/08\/WhatsApp-Image-2024-08-26-at-3.08.31-PM-3.jpeg\" alt=\"\" width=\"720\" height=\"480\" srcset=\"https:\/\/diariodeloeste.com\/noticias\/wp-content\/uploads\/2024\/08\/WhatsApp-Image-2024-08-26-at-3.08.31-PM-3.jpeg 720w, https:\/\/diariodeloeste.com\/noticias\/wp-content\/uploads\/2024\/08\/WhatsApp-Image-2024-08-26-at-3.08.31-PM-3-300x200.jpeg 300w, https:\/\/diariodeloeste.com\/noticias\/wp-content\/uploads\/2024\/08\/WhatsApp-Image-2024-08-26-at-3.08.31-PM-3-330x220.jpeg 330w, https:\/\/diariodeloeste.com\/noticias\/wp-content\/uploads\/2024\/08\/WhatsApp-Image-2024-08-26-at-3.08.31-PM-3-420x280.jpeg 420w, https:\/\/diariodeloeste.com\/noticias\/wp-content\/uploads\/2024\/08\/WhatsApp-Image-2024-08-26-at-3.08.31-PM-3-615x410.jpeg 615w\" sizes=\"auto, (max-width: 720px) 100vw, 720px\" \/><img loading=\"lazy\" loading=\"lazy\" decoding=\"async\" class=\"alignnone wp-image-12483 size-full\" src=\"https:\/\/diariodeloeste.com\/noticias\/wp-content\/uploads\/2024\/08\/WhatsApp-Image-2024-08-26-at-3.08.31-PM-6.jpeg\" alt=\"\" width=\"720\" height=\"480\" srcset=\"https:\/\/diariodeloeste.com\/noticias\/wp-content\/uploads\/2024\/08\/WhatsApp-Image-2024-08-26-at-3.08.31-PM-6.jpeg 720w, https:\/\/diariodeloeste.com\/noticias\/wp-content\/uploads\/2024\/08\/WhatsApp-Image-2024-08-26-at-3.08.31-PM-6-300x200.jpeg 300w, https:\/\/diariodeloeste.com\/noticias\/wp-content\/uploads\/2024\/08\/WhatsApp-Image-2024-08-26-at-3.08.31-PM-6-330x220.jpeg 330w, https:\/\/diariodeloeste.com\/noticias\/wp-content\/uploads\/2024\/08\/WhatsApp-Image-2024-08-26-at-3.08.31-PM-6-420x280.jpeg 420w, https:\/\/diariodeloeste.com\/noticias\/wp-content\/uploads\/2024\/08\/WhatsApp-Image-2024-08-26-at-3.08.31-PM-6-615x410.jpeg 615w\" sizes=\"auto, (max-width: 720px) 100vw, 720px\" \/><img loading=\"lazy\" loading=\"lazy\" decoding=\"async\" class=\"alignnone wp-image-12484 size-full\" src=\"https:\/\/diariodeloeste.com\/noticias\/wp-content\/uploads\/2024\/08\/WhatsApp-Image-2024-08-26-at-3.08.31-PM-5.jpeg\" alt=\"\" width=\"720\" height=\"480\" srcset=\"https:\/\/diariodeloeste.com\/noticias\/wp-content\/uploads\/2024\/08\/WhatsApp-Image-2024-08-26-at-3.08.31-PM-5.jpeg 720w, https:\/\/diariodeloeste.com\/noticias\/wp-content\/uploads\/2024\/08\/WhatsApp-Image-2024-08-26-at-3.08.31-PM-5-300x200.jpeg 300w, https:\/\/diariodeloeste.com\/noticias\/wp-content\/uploads\/2024\/08\/WhatsApp-Image-2024-08-26-at-3.08.31-PM-5-330x220.jpeg 330w, https:\/\/diariodeloeste.com\/noticias\/wp-content\/uploads\/2024\/08\/WhatsApp-Image-2024-08-26-at-3.08.31-PM-5-420x280.jpeg 420w, https:\/\/diariodeloeste.com\/noticias\/wp-content\/uploads\/2024\/08\/WhatsApp-Image-2024-08-26-at-3.08.31-PM-5-615x410.jpeg 615w\" sizes=\"auto, (max-width: 720px) 100vw, 720px\" \/><img loading=\"lazy\" loading=\"lazy\" decoding=\"async\" class=\"alignnone wp-image-12480 size-full\" src=\"https:\/\/diariodeloeste.com\/noticias\/wp-content\/uploads\/2024\/08\/WhatsApp-Image-2024-08-26-at-3.08.31-PM-9.jpeg\" alt=\"\" width=\"720\" height=\"480\" srcset=\"https:\/\/diariodeloeste.com\/noticias\/wp-content\/uploads\/2024\/08\/WhatsApp-Image-2024-08-26-at-3.08.31-PM-9.jpeg 720w, https:\/\/diariodeloeste.com\/noticias\/wp-content\/uploads\/2024\/08\/WhatsApp-Image-2024-08-26-at-3.08.31-PM-9-300x200.jpeg 300w, https:\/\/diariodeloeste.com\/noticias\/wp-content\/uploads\/2024\/08\/WhatsApp-Image-2024-08-26-at-3.08.31-PM-9-330x220.jpeg 330w, https:\/\/diariodeloeste.com\/noticias\/wp-content\/uploads\/2024\/08\/WhatsApp-Image-2024-08-26-at-3.08.31-PM-9-420x280.jpeg 420w, https:\/\/diariodeloeste.com\/noticias\/wp-content\/uploads\/2024\/08\/WhatsApp-Image-2024-08-26-at-3.08.31-PM-9-615x410.jpeg 615w\" sizes=\"auto, (max-width: 720px) 100vw, 720px\" \/><\/p>\n<p><img loading=\"lazy\" loading=\"lazy\" decoding=\"async\" class=\"alignnone wp-image-12187 size-full\" src=\"https:\/\/diariodeloeste.com\/noticias\/wp-content\/uploads\/2024\/08\/jcp.jpg\" alt=\"\" width=\"630\" height=\"630\" srcset=\"https:\/\/diariodeloeste.com\/noticias\/wp-content\/uploads\/2024\/08\/jcp.jpg 630w, https:\/\/diariodeloeste.com\/noticias\/wp-content\/uploads\/2024\/08\/jcp-300x300.jpg 300w, https:\/\/diariodeloeste.com\/noticias\/wp-content\/uploads\/2024\/08\/jcp-150x150.jpg 150w\" sizes=\"auto, (max-width: 630px) 100vw, 630px\" \/><\/p>\n<p><img loading=\"lazy\" loading=\"lazy\" decoding=\"async\" class=\"alignnone wp-image-12186 size-full\" src=\"https:\/\/diariodeloeste.com\/noticias\/wp-content\/uploads\/2024\/08\/jcp1.jpg\" alt=\"\" width=\"630\" height=\"630\" srcset=\"https:\/\/diariodeloeste.com\/noticias\/wp-content\/uploads\/2024\/08\/jcp1.jpg 630w, https:\/\/diariodeloeste.com\/noticias\/wp-content\/uploads\/2024\/08\/jcp1-300x300.jpg 300w, https:\/\/diariodeloeste.com\/noticias\/wp-content\/uploads\/2024\/08\/jcp1-150x150.jpg 150w\" sizes=\"auto, (max-width: 630px) 100vw, 630px\" \/><\/p>\n<script>function PlayerjsAsync(){} if(window[\"Playerjs\"]){PlayerjsAsync();}<\/script>","protected":false},"excerpt":{"rendered":"<p>M\u00e1s de 500 alumnos de distintas escuelas nocturnas del distrito disfrutaron del concierto did\u00e1ctico \u201cPedro y el Lobo.. Y otros cuentos\u201d, a cargo de la Orquesta Sinf\u00f3nica Municipal en el Teatro Municipal, ubicado en Lavalle, esquina Roque Saenz Pe\u00f1a, Jos\u00e9 C. Paz. Dicho cuento cont\u00f3 con la narraci\u00f3n de Barbara G\u00e1lvez y la direcci\u00f3n orquestal [&hellip;]<\/p>\n","protected":false},"author":3,"featured_media":12481,"comment_status":"closed","ping_status":"closed","sticky":false,"template":"","format":"standard","meta":{"content-type":"","footnotes":""},"categories":[303,9],"tags":[128,233,1021,387,537],"class_list":{"0":"post-12491","1":"post","2":"type-post","3":"status-publish","4":"format-standard","5":"has-post-thumbnail","7":"category-jose-c-paz","8":"category-titulares","9":"tag-jose-c-paz","10":"tag-jose-c-paz-2","11":"tag-mario-alberto-ishii","12":"tag-mario-ishii","13":"tag-municipio-de-jose-c-paz"},"yoast_head":"<!-- This site is optimized with the Yoast SEO plugin v27.4 - https:\/\/yoast.com\/product\/yoast-seo-wordpress\/ -->\n<title>PEDRO Y EL LOBO..... Y OTROS CUENTOS: UN CUENTO ORQUESTADO EN EL TEATRO MUNICIPAL DE JOS\u00c9 C. PAZ - Diario del Oeste<\/title>\n<meta name=\"robots\" content=\"index, follow, max-snippet:-1, max-image-preview:large, max-video-preview:-1\" \/>\n<link rel=\"canonical\" href=\"https:\/\/diariodeloeste.com\/noticias\/2024\/08\/26\/12491\/\" \/>\n<meta property=\"og:locale\" content=\"es_ES\" \/>\n<meta property=\"og:type\" content=\"article\" \/>\n<meta property=\"og:title\" content=\"PEDRO Y EL LOBO..... Y OTROS CUENTOS: UN CUENTO ORQUESTADO EN EL TEATRO MUNICIPAL DE JOS\u00c9 C. PAZ - Diario del Oeste\" \/>\n<meta property=\"og:description\" content=\"M\u00e1s de 500 alumnos de distintas escuelas nocturnas del distrito disfrutaron del concierto did\u00e1ctico \u201cPedro y el Lobo.. Y otros cuentos\u201d, a cargo de la Orquesta Sinf\u00f3nica Municipal en el Teatro Municipal, ubicado en Lavalle, esquina Roque Saenz Pe\u00f1a, Jos\u00e9 C. Paz. Dicho cuento cont\u00f3 con la narraci\u00f3n de Barbara G\u00e1lvez y la direcci\u00f3n orquestal [&hellip;]\" \/>\n<meta property=\"og:url\" content=\"https:\/\/diariodeloeste.com\/noticias\/2024\/08\/26\/12491\/\" \/>\n<meta property=\"og:site_name\" content=\"Diario del Oeste\" \/>\n<meta property=\"article:published_time\" content=\"2024-08-26T18:43:49+00:00\" \/>\n<meta property=\"article:modified_time\" content=\"2024-08-26T18:48:59+00:00\" \/>\n<meta property=\"og:image\" content=\"https:\/\/diariodeloeste.com\/noticias\/wp-content\/uploads\/2024\/08\/WhatsApp-Image-2024-08-26-at-3.08.31-PM-8.jpeg\" \/>\n\t<meta property=\"og:image:width\" content=\"720\" \/>\n\t<meta property=\"og:image:height\" content=\"480\" \/>\n\t<meta property=\"og:image:type\" content=\"image\/jpeg\" \/>\n<meta name=\"author\" content=\"Redaccion\" \/>\n<meta name=\"twitter:card\" content=\"summary_large_image\" \/>\n<meta name=\"twitter:label1\" content=\"Escrito por\" \/>\n\t<meta name=\"twitter:data1\" content=\"Redaccion\" \/>\n\t<meta name=\"twitter:label2\" content=\"Tiempo de lectura\" \/>\n\t<meta name=\"twitter:data2\" content=\"3 minutos\" \/>\n<script type=\"application\/ld+json\" class=\"yoast-schema-graph\">{\"@context\":\"https:\\\/\\\/schema.org\",\"@graph\":[{\"@type\":\"Article\",\"@id\":\"https:\\\/\\\/diariodeloeste.com\\\/noticias\\\/2024\\\/08\\\/26\\\/12491\\\/#article\",\"isPartOf\":{\"@id\":\"https:\\\/\\\/diariodeloeste.com\\\/noticias\\\/2024\\\/08\\\/26\\\/12491\\\/\"},\"author\":{\"name\":\"Redaccion\",\"@id\":\"https:\\\/\\\/diariodeloeste.com\\\/noticias\\\/#\\\/schema\\\/person\\\/1f7be965f8c093432e1cbfcee0ac4047\"},\"headline\":\"PEDRO Y EL LOBO&#8230;.. Y OTROS CUENTOS: UN CUENTO ORQUESTADO EN EL TEATRO MUNICIPAL DE JOS\u00c9 C. PAZ\",\"datePublished\":\"2024-08-26T18:43:49+00:00\",\"dateModified\":\"2024-08-26T18:48:59+00:00\",\"mainEntityOfPage\":{\"@id\":\"https:\\\/\\\/diariodeloeste.com\\\/noticias\\\/2024\\\/08\\\/26\\\/12491\\\/\"},\"wordCount\":82,\"publisher\":{\"@id\":\"https:\\\/\\\/diariodeloeste.com\\\/noticias\\\/#organization\"},\"image\":{\"@id\":\"https:\\\/\\\/diariodeloeste.com\\\/noticias\\\/2024\\\/08\\\/26\\\/12491\\\/#primaryimage\"},\"thumbnailUrl\":\"https:\\\/\\\/diariodeloeste.com\\\/noticias\\\/wp-content\\\/uploads\\\/2024\\\/08\\\/WhatsApp-Image-2024-08-26-at-3.08.31-PM-8.jpeg\",\"keywords\":[\"jose c paz\",\"jos\u00e9 c. paz\",\"Mario Alberto Ishii\",\"Mario ishii\",\"Municipio de Jos{e C. Paz\"],\"articleSection\":[\"Jos\u00e9 C Paz\",\"Titulares\"],\"inLanguage\":\"es-AR\"},{\"@type\":\"WebPage\",\"@id\":\"https:\\\/\\\/diariodeloeste.com\\\/noticias\\\/2024\\\/08\\\/26\\\/12491\\\/\",\"url\":\"https:\\\/\\\/diariodeloeste.com\\\/noticias\\\/2024\\\/08\\\/26\\\/12491\\\/\",\"name\":\"PEDRO Y EL LOBO..... Y OTROS CUENTOS: UN CUENTO ORQUESTADO EN EL TEATRO MUNICIPAL DE JOS\u00c9 C. PAZ - Diario del Oeste\",\"isPartOf\":{\"@id\":\"https:\\\/\\\/diariodeloeste.com\\\/noticias\\\/#website\"},\"primaryImageOfPage\":{\"@id\":\"https:\\\/\\\/diariodeloeste.com\\\/noticias\\\/2024\\\/08\\\/26\\\/12491\\\/#primaryimage\"},\"image\":{\"@id\":\"https:\\\/\\\/diariodeloeste.com\\\/noticias\\\/2024\\\/08\\\/26\\\/12491\\\/#primaryimage\"},\"thumbnailUrl\":\"https:\\\/\\\/diariodeloeste.com\\\/noticias\\\/wp-content\\\/uploads\\\/2024\\\/08\\\/WhatsApp-Image-2024-08-26-at-3.08.31-PM-8.jpeg\",\"datePublished\":\"2024-08-26T18:43:49+00:00\",\"dateModified\":\"2024-08-26T18:48:59+00:00\",\"breadcrumb\":{\"@id\":\"https:\\\/\\\/diariodeloeste.com\\\/noticias\\\/2024\\\/08\\\/26\\\/12491\\\/#breadcrumb\"},\"inLanguage\":\"es-AR\",\"potentialAction\":[{\"@type\":\"ReadAction\",\"target\":[\"https:\\\/\\\/diariodeloeste.com\\\/noticias\\\/2024\\\/08\\\/26\\\/12491\\\/\"]}]},{\"@type\":\"ImageObject\",\"inLanguage\":\"es-AR\",\"@id\":\"https:\\\/\\\/diariodeloeste.com\\\/noticias\\\/2024\\\/08\\\/26\\\/12491\\\/#primaryimage\",\"url\":\"https:\\\/\\\/diariodeloeste.com\\\/noticias\\\/wp-content\\\/uploads\\\/2024\\\/08\\\/WhatsApp-Image-2024-08-26-at-3.08.31-PM-8.jpeg\",\"contentUrl\":\"https:\\\/\\\/diariodeloeste.com\\\/noticias\\\/wp-content\\\/uploads\\\/2024\\\/08\\\/WhatsApp-Image-2024-08-26-at-3.08.31-PM-8.jpeg\",\"width\":720,\"height\":480},{\"@type\":\"BreadcrumbList\",\"@id\":\"https:\\\/\\\/diariodeloeste.com\\\/noticias\\\/2024\\\/08\\\/26\\\/12491\\\/#breadcrumb\",\"itemListElement\":[{\"@type\":\"ListItem\",\"position\":1,\"name\":\"Inicio\",\"item\":\"https:\\\/\\\/diariodeloeste.com\\\/noticias\\\/\"},{\"@type\":\"ListItem\",\"position\":2,\"name\":\"PEDRO Y EL LOBO&#8230;.. Y OTROS CUENTOS: UN CUENTO ORQUESTADO EN EL TEATRO MUNICIPAL DE JOS\u00c9 C. PAZ\"}]},{\"@type\":\"WebSite\",\"@id\":\"https:\\\/\\\/diariodeloeste.com\\\/noticias\\\/#website\",\"url\":\"https:\\\/\\\/diariodeloeste.com\\\/noticias\\\/\",\"name\":\"Diario del Oeste\",\"description\":\"Noticias del Oeste\",\"publisher\":{\"@id\":\"https:\\\/\\\/diariodeloeste.com\\\/noticias\\\/#organization\"},\"potentialAction\":[{\"@type\":\"SearchAction\",\"target\":{\"@type\":\"EntryPoint\",\"urlTemplate\":\"https:\\\/\\\/diariodeloeste.com\\\/noticias\\\/?s={search_term_string}\"},\"query-input\":{\"@type\":\"PropertyValueSpecification\",\"valueRequired\":true,\"valueName\":\"search_term_string\"}}],\"inLanguage\":\"es-AR\"},{\"@type\":\"Organization\",\"@id\":\"https:\\\/\\\/diariodeloeste.com\\\/noticias\\\/#organization\",\"name\":\"Diario del Oeste\",\"url\":\"https:\\\/\\\/diariodeloeste.com\\\/noticias\\\/\",\"logo\":{\"@type\":\"ImageObject\",\"inLanguage\":\"es-AR\",\"@id\":\"https:\\\/\\\/diariodeloeste.com\\\/noticias\\\/#\\\/schema\\\/logo\\\/image\\\/\",\"url\":\"https:\\\/\\\/diariodeloeste.com\\\/noticias\\\/wp-content\\\/uploads\\\/2019\\\/04\\\/logo.png\",\"contentUrl\":\"https:\\\/\\\/diariodeloeste.com\\\/noticias\\\/wp-content\\\/uploads\\\/2019\\\/04\\\/logo.png\",\"width\":306,\"height\":145,\"caption\":\"Diario del Oeste\"},\"image\":{\"@id\":\"https:\\\/\\\/diariodeloeste.com\\\/noticias\\\/#\\\/schema\\\/logo\\\/image\\\/\"}},{\"@type\":\"Person\",\"@id\":\"https:\\\/\\\/diariodeloeste.com\\\/noticias\\\/#\\\/schema\\\/person\\\/1f7be965f8c093432e1cbfcee0ac4047\",\"name\":\"Redaccion\",\"image\":{\"@type\":\"ImageObject\",\"inLanguage\":\"es-AR\",\"@id\":\"https:\\\/\\\/secure.gravatar.com\\\/avatar\\\/f9bc3a12e26b32d818d88f9a5b61de20b559752e499df507efa7ea3cea0550ef?s=96&d=mm&r=g\",\"url\":\"https:\\\/\\\/secure.gravatar.com\\\/avatar\\\/f9bc3a12e26b32d818d88f9a5b61de20b559752e499df507efa7ea3cea0550ef?s=96&d=mm&r=g\",\"contentUrl\":\"https:\\\/\\\/secure.gravatar.com\\\/avatar\\\/f9bc3a12e26b32d818d88f9a5b61de20b559752e499df507efa7ea3cea0550ef?s=96&d=mm&r=g\",\"caption\":\"Redaccion\"},\"url\":\"https:\\\/\\\/diariodeloeste.com\\\/noticias\\\/author\\\/redaccion\\\/\"}]}<\/script>\n<!-- \/ Yoast SEO plugin. -->","yoast_head_json":{"title":"PEDRO Y EL LOBO..... Y OTROS CUENTOS: UN CUENTO ORQUESTADO EN EL TEATRO MUNICIPAL DE JOS\u00c9 C. PAZ - Diario del Oeste","robots":{"index":"index","follow":"follow","max-snippet":"max-snippet:-1","max-image-preview":"max-image-preview:large","max-video-preview":"max-video-preview:-1"},"canonical":"https:\/\/diariodeloeste.com\/noticias\/2024\/08\/26\/12491\/","og_locale":"es_ES","og_type":"article","og_title":"PEDRO Y EL LOBO..... Y OTROS CUENTOS: UN CUENTO ORQUESTADO EN EL TEATRO MUNICIPAL DE JOS\u00c9 C. PAZ - Diario del Oeste","og_description":"M\u00e1s de 500 alumnos de distintas escuelas nocturnas del distrito disfrutaron del concierto did\u00e1ctico \u201cPedro y el Lobo.. Y otros cuentos\u201d, a cargo de la Orquesta Sinf\u00f3nica Municipal en el Teatro Municipal, ubicado en Lavalle, esquina Roque Saenz Pe\u00f1a, Jos\u00e9 C. Paz. Dicho cuento cont\u00f3 con la narraci\u00f3n de Barbara G\u00e1lvez y la direcci\u00f3n orquestal [&hellip;]","og_url":"https:\/\/diariodeloeste.com\/noticias\/2024\/08\/26\/12491\/","og_site_name":"Diario del Oeste","article_published_time":"2024-08-26T18:43:49+00:00","article_modified_time":"2024-08-26T18:48:59+00:00","og_image":[{"width":720,"height":480,"url":"https:\/\/diariodeloeste.com\/noticias\/wp-content\/uploads\/2024\/08\/WhatsApp-Image-2024-08-26-at-3.08.31-PM-8.jpeg","type":"image\/jpeg"}],"author":"Redaccion","twitter_card":"summary_large_image","twitter_misc":{"Escrito por":"Redaccion","Tiempo de lectura":"3 minutos"},"schema":{"@context":"https:\/\/schema.org","@graph":[{"@type":"Article","@id":"https:\/\/diariodeloeste.com\/noticias\/2024\/08\/26\/12491\/#article","isPartOf":{"@id":"https:\/\/diariodeloeste.com\/noticias\/2024\/08\/26\/12491\/"},"author":{"name":"Redaccion","@id":"https:\/\/diariodeloeste.com\/noticias\/#\/schema\/person\/1f7be965f8c093432e1cbfcee0ac4047"},"headline":"PEDRO Y EL LOBO&#8230;.. Y OTROS CUENTOS: UN CUENTO ORQUESTADO EN EL TEATRO MUNICIPAL DE JOS\u00c9 C. PAZ","datePublished":"2024-08-26T18:43:49+00:00","dateModified":"2024-08-26T18:48:59+00:00","mainEntityOfPage":{"@id":"https:\/\/diariodeloeste.com\/noticias\/2024\/08\/26\/12491\/"},"wordCount":82,"publisher":{"@id":"https:\/\/diariodeloeste.com\/noticias\/#organization"},"image":{"@id":"https:\/\/diariodeloeste.com\/noticias\/2024\/08\/26\/12491\/#primaryimage"},"thumbnailUrl":"https:\/\/diariodeloeste.com\/noticias\/wp-content\/uploads\/2024\/08\/WhatsApp-Image-2024-08-26-at-3.08.31-PM-8.jpeg","keywords":["jose c paz","jos\u00e9 c. paz","Mario Alberto Ishii","Mario ishii","Municipio de Jos{e C. Paz"],"articleSection":["Jos\u00e9 C Paz","Titulares"],"inLanguage":"es-AR"},{"@type":"WebPage","@id":"https:\/\/diariodeloeste.com\/noticias\/2024\/08\/26\/12491\/","url":"https:\/\/diariodeloeste.com\/noticias\/2024\/08\/26\/12491\/","name":"PEDRO Y EL LOBO..... Y OTROS CUENTOS: UN CUENTO ORQUESTADO EN EL TEATRO MUNICIPAL DE JOS\u00c9 C. PAZ - Diario del Oeste","isPartOf":{"@id":"https:\/\/diariodeloeste.com\/noticias\/#website"},"primaryImageOfPage":{"@id":"https:\/\/diariodeloeste.com\/noticias\/2024\/08\/26\/12491\/#primaryimage"},"image":{"@id":"https:\/\/diariodeloeste.com\/noticias\/2024\/08\/26\/12491\/#primaryimage"},"thumbnailUrl":"https:\/\/diariodeloeste.com\/noticias\/wp-content\/uploads\/2024\/08\/WhatsApp-Image-2024-08-26-at-3.08.31-PM-8.jpeg","datePublished":"2024-08-26T18:43:49+00:00","dateModified":"2024-08-26T18:48:59+00:00","breadcrumb":{"@id":"https:\/\/diariodeloeste.com\/noticias\/2024\/08\/26\/12491\/#breadcrumb"},"inLanguage":"es-AR","potentialAction":[{"@type":"ReadAction","target":["https:\/\/diariodeloeste.com\/noticias\/2024\/08\/26\/12491\/"]}]},{"@type":"ImageObject","inLanguage":"es-AR","@id":"https:\/\/diariodeloeste.com\/noticias\/2024\/08\/26\/12491\/#primaryimage","url":"https:\/\/diariodeloeste.com\/noticias\/wp-content\/uploads\/2024\/08\/WhatsApp-Image-2024-08-26-at-3.08.31-PM-8.jpeg","contentUrl":"https:\/\/diariodeloeste.com\/noticias\/wp-content\/uploads\/2024\/08\/WhatsApp-Image-2024-08-26-at-3.08.31-PM-8.jpeg","width":720,"height":480},{"@type":"BreadcrumbList","@id":"https:\/\/diariodeloeste.com\/noticias\/2024\/08\/26\/12491\/#breadcrumb","itemListElement":[{"@type":"ListItem","position":1,"name":"Inicio","item":"https:\/\/diariodeloeste.com\/noticias\/"},{"@type":"ListItem","position":2,"name":"PEDRO Y EL LOBO&#8230;.. Y OTROS CUENTOS: UN CUENTO ORQUESTADO EN EL TEATRO MUNICIPAL DE JOS\u00c9 C. PAZ"}]},{"@type":"WebSite","@id":"https:\/\/diariodeloeste.com\/noticias\/#website","url":"https:\/\/diariodeloeste.com\/noticias\/","name":"Diario del Oeste","description":"Noticias del Oeste","publisher":{"@id":"https:\/\/diariodeloeste.com\/noticias\/#organization"},"potentialAction":[{"@type":"SearchAction","target":{"@type":"EntryPoint","urlTemplate":"https:\/\/diariodeloeste.com\/noticias\/?s={search_term_string}"},"query-input":{"@type":"PropertyValueSpecification","valueRequired":true,"valueName":"search_term_string"}}],"inLanguage":"es-AR"},{"@type":"Organization","@id":"https:\/\/diariodeloeste.com\/noticias\/#organization","name":"Diario del Oeste","url":"https:\/\/diariodeloeste.com\/noticias\/","logo":{"@type":"ImageObject","inLanguage":"es-AR","@id":"https:\/\/diariodeloeste.com\/noticias\/#\/schema\/logo\/image\/","url":"https:\/\/diariodeloeste.com\/noticias\/wp-content\/uploads\/2019\/04\/logo.png","contentUrl":"https:\/\/diariodeloeste.com\/noticias\/wp-content\/uploads\/2019\/04\/logo.png","width":306,"height":145,"caption":"Diario del Oeste"},"image":{"@id":"https:\/\/diariodeloeste.com\/noticias\/#\/schema\/logo\/image\/"}},{"@type":"Person","@id":"https:\/\/diariodeloeste.com\/noticias\/#\/schema\/person\/1f7be965f8c093432e1cbfcee0ac4047","name":"Redaccion","image":{"@type":"ImageObject","inLanguage":"es-AR","@id":"https:\/\/secure.gravatar.com\/avatar\/f9bc3a12e26b32d818d88f9a5b61de20b559752e499df507efa7ea3cea0550ef?s=96&d=mm&r=g","url":"https:\/\/secure.gravatar.com\/avatar\/f9bc3a12e26b32d818d88f9a5b61de20b559752e499df507efa7ea3cea0550ef?s=96&d=mm&r=g","contentUrl":"https:\/\/secure.gravatar.com\/avatar\/f9bc3a12e26b32d818d88f9a5b61de20b559752e499df507efa7ea3cea0550ef?s=96&d=mm&r=g","caption":"Redaccion"},"url":"https:\/\/diariodeloeste.com\/noticias\/author\/redaccion\/"}]}},"_links":{"self":[{"href":"https:\/\/diariodeloeste.com\/noticias\/wp-json\/wp\/v2\/posts\/12491","targetHints":{"allow":["GET"]}}],"collection":[{"href":"https:\/\/diariodeloeste.com\/noticias\/wp-json\/wp\/v2\/posts"}],"about":[{"href":"https:\/\/diariodeloeste.com\/noticias\/wp-json\/wp\/v2\/types\/post"}],"author":[{"embeddable":true,"href":"https:\/\/diariodeloeste.com\/noticias\/wp-json\/wp\/v2\/users\/3"}],"replies":[{"embeddable":true,"href":"https:\/\/diariodeloeste.com\/noticias\/wp-json\/wp\/v2\/comments?post=12491"}],"version-history":[{"count":4,"href":"https:\/\/diariodeloeste.com\/noticias\/wp-json\/wp\/v2\/posts\/12491\/revisions"}],"predecessor-version":[{"id":12495,"href":"https:\/\/diariodeloeste.com\/noticias\/wp-json\/wp\/v2\/posts\/12491\/revisions\/12495"}],"wp:featuredmedia":[{"embeddable":true,"href":"https:\/\/diariodeloeste.com\/noticias\/wp-json\/wp\/v2\/media\/12481"}],"wp:attachment":[{"href":"https:\/\/diariodeloeste.com\/noticias\/wp-json\/wp\/v2\/media?parent=12491"}],"wp:term":[{"taxonomy":"category","embeddable":true,"href":"https:\/\/diariodeloeste.com\/noticias\/wp-json\/wp\/v2\/categories?post=12491"},{"taxonomy":"post_tag","embeddable":true,"href":"https:\/\/diariodeloeste.com\/noticias\/wp-json\/wp\/v2\/tags?post=12491"}],"curies":[{"name":"wp","href":"https:\/\/api.w.org\/{rel}","templated":true}]}}