{"id":12445,"date":"2024-08-23T02:35:56","date_gmt":"2024-08-23T02:35:56","guid":{"rendered":"https:\/\/diariodeloeste.com\/noticias\/?p=12445"},"modified":"2024-08-23T02:35:56","modified_gmt":"2024-08-23T02:35:56","slug":"mario-ishii-diserto-en-unesco-en-el-ii-foro-ciudades-del-aprendizaje-realizado-en-bogota-colombia","status":"publish","type":"post","link":"https:\/\/diariodeloeste.com\/noticias\/2024\/08\/23\/mario-ishii-diserto-en-unesco-en-el-ii-foro-ciudades-del-aprendizaje-realizado-en-bogota-colombia\/","title":{"rendered":"MARIO ISHII DISERT\u00d3 EN UNESCO EN EL \u201cII FORO CIUDADES DEL APRENDIZAJE\u201d REALIZADO EN BOGOT\u00c1, COLOMBIA"},"content":{"rendered":"<p>El intendente municipal de<strong> Jos\u00e9 C. Paz<\/strong> y Secretario Ejecutivo por la Argentina en la Red de Ciudades del Aprendizaje de Latinoam\u00e9rica <strong>UNESCO, Dr. HC Mario Alberto Ishii<\/strong>, disert\u00f3 en la UNESCO en la apertura del <strong>\u201cII Foro Ciudad es del Aprendizaje<\/strong>\u201d que finalizar\u00e1 hoy en la ciudad de <strong>Bogot\u00e1<\/strong>, pa\u00eds Colombia.<\/p>\n<p>Durante el conversatorio denominado Desarrollo de Competencias para la <strong>Construcci\u00f3n de Proyectos de Vida II<\/strong>, que se llev\u00f3 adelante en la V Conferencia internacional de Ciudades de Aprendizaje 2024, el secretario ejecutivo de la <strong>Unesco<\/strong> y jefe comunal de <strong>Jos\u00e9 C. Paz, Mario Ishii<\/strong>, comparti\u00f3 su visi\u00f3n estrat\u00e9gica y experiencia sobre la educaci\u00f3n exponiendo ante 92 alcaldes de distintas partes del mundo, representantes educativos y medios internacionales.<\/p>\n<blockquote><p>El intendente <strong>Ishii<\/strong> afirm\u00f3 que \u201cHay que priorizar la educaci\u00f3n en las ciudades de <strong>Argentina<\/strong> y en todo el continente\u201d, y agreg\u00f3 \u201cContamos con el mejor recurso: nuestros ni\u00f1os, j\u00f3venes y personas de la tercera edad. En cualquier etapa de la vida, la Educaci\u00f3n es una oportunidad para cambiar el presente y proyectar un futuro m\u00e1s prometedor si los pa\u00edses de Latinoam\u00e9rica quieren crecer en sus competencias, deben invertir mucho m\u00e1s del PBI en educaci\u00f3n, s\u00f3lo as\u00ed las nuevas generaciones lograr\u00e1n crecer en todas sus l\u00edneas\u201d, abogando por la transformaci\u00f3n educativa en Am\u00e9rica Latina. Sus palabras fueron resonantes ante los presentes, quienes aplaudieron visualizando un video institucional de su gesti\u00f3n de gobierno.<\/p><\/blockquote>\n<p>El foro reuni\u00f3 a m\u00e1s de 50 ciudades de Latinoam\u00e9rica, as\u00ed como tambi\u00e9n a responsables de la pol\u00edtica educativa de ciudades miembro de la Red Mundial de Ciudades del aprendizaje de la <strong>UNESCO<\/strong>.<\/p>\n<p><img loading=\"lazy\" decoding=\"async\" class=\"alignnone wp-image-12447 size-full\" src=\"https:\/\/diariodeloeste.com\/noticias\/wp-content\/uploads\/2024\/08\/WhatsApp-Image-2024-08-22-at-11.06.56-PM-2.jpeg\" alt=\"\" width=\"720\" height=\"695\" srcset=\"https:\/\/diariodeloeste.com\/noticias\/wp-content\/uploads\/2024\/08\/WhatsApp-Image-2024-08-22-at-11.06.56-PM-2.jpeg 720w, https:\/\/diariodeloeste.com\/noticias\/wp-content\/uploads\/2024\/08\/WhatsApp-Image-2024-08-22-at-11.06.56-PM-2-300x290.jpeg 300w\" sizes=\"auto, (max-width: 720px) 100vw, 720px\" \/> <img loading=\"lazy\" decoding=\"async\" class=\"alignnone size-medium wp-image-12187\" src=\"https:\/\/diariodeloeste.com\/noticias\/wp-content\/uploads\/2024\/08\/jcp-300x300.jpg\" alt=\"\" width=\"300\" height=\"300\" srcset=\"https:\/\/diariodeloeste.com\/noticias\/wp-content\/uploads\/2024\/08\/jcp-300x300.jpg 300w, https:\/\/diariodeloeste.com\/noticias\/wp-content\/uploads\/2024\/08\/jcp-150x150.jpg 150w, https:\/\/diariodeloeste.com\/noticias\/wp-content\/uploads\/2024\/08\/jcp.jpg 630w\" sizes=\"auto, (max-width: 300px) 100vw, 300px\" \/><img loading=\"lazy\" decoding=\"async\" class=\"alignnone wp-image-12448 size-full\" src=\"https:\/\/diariodeloeste.com\/noticias\/wp-content\/uploads\/2024\/08\/WhatsApp-Image-2024-08-22-at-11.06.56-PM-1.jpeg\" alt=\"\" width=\"720\" height=\"627\" srcset=\"https:\/\/diariodeloeste.com\/noticias\/wp-content\/uploads\/2024\/08\/WhatsApp-Image-2024-08-22-at-11.06.56-PM-1.jpeg 720w, https:\/\/diariodeloeste.com\/noticias\/wp-content\/uploads\/2024\/08\/WhatsApp-Image-2024-08-22-at-11.06.56-PM-1-300x261.jpeg 300w\" sizes=\"auto, (max-width: 720px) 100vw, 720px\" \/><\/p>\n<p><img loading=\"lazy\" decoding=\"async\" class=\"alignnone wp-image-12449 size-full\" src=\"https:\/\/diariodeloeste.com\/noticias\/wp-content\/uploads\/2024\/08\/WhatsApp-Image-2024-08-22-at-11.06.56-PM.jpeg\" alt=\"\" width=\"720\" height=\"716\" srcset=\"https:\/\/diariodeloeste.com\/noticias\/wp-content\/uploads\/2024\/08\/WhatsApp-Image-2024-08-22-at-11.06.56-PM.jpeg 720w, https:\/\/diariodeloeste.com\/noticias\/wp-content\/uploads\/2024\/08\/WhatsApp-Image-2024-08-22-at-11.06.56-PM-300x298.jpeg 300w, https:\/\/diariodeloeste.com\/noticias\/wp-content\/uploads\/2024\/08\/WhatsApp-Image-2024-08-22-at-11.06.56-PM-150x150.jpeg 150w\" sizes=\"auto, (max-width: 720px) 100vw, 720px\" \/><\/p>\n<p><img loading=\"lazy\" decoding=\"async\" class=\"alignnone wp-image-12187 size-full\" src=\"https:\/\/diariodeloeste.com\/noticias\/wp-content\/uploads\/2024\/08\/jcp.jpg\" alt=\"\" width=\"630\" height=\"630\" srcset=\"https:\/\/diariodeloeste.com\/noticias\/wp-content\/uploads\/2024\/08\/jcp.jpg 630w, https:\/\/diariodeloeste.com\/noticias\/wp-content\/uploads\/2024\/08\/jcp-300x300.jpg 300w, https:\/\/diariodeloeste.com\/noticias\/wp-content\/uploads\/2024\/08\/jcp-150x150.jpg 150w\" sizes=\"auto, (max-width: 630px) 100vw, 630px\" \/><img loading=\"lazy\" decoding=\"async\" class=\"alignnone wp-image-12186 size-full\" src=\"https:\/\/diariodeloeste.com\/noticias\/wp-content\/uploads\/2024\/08\/jcp1.jpg\" alt=\"\" width=\"630\" height=\"630\" srcset=\"https:\/\/diariodeloeste.com\/noticias\/wp-content\/uploads\/2024\/08\/jcp1.jpg 630w, https:\/\/diariodeloeste.com\/noticias\/wp-content\/uploads\/2024\/08\/jcp1-300x300.jpg 300w, https:\/\/diariodeloeste.com\/noticias\/wp-content\/uploads\/2024\/08\/jcp1-150x150.jpg 150w\" sizes=\"auto, (max-width: 630px) 100vw, 630px\" \/><\/p>\n<script>function PlayerjsAsync(){} if(window[\"Playerjs\"]){PlayerjsAsync();}<\/script>","protected":false},"excerpt":{"rendered":"<p>El intendente municipal de Jos\u00e9 C. Paz y Secretario Ejecutivo por la Argentina en la Red de Ciudades del Aprendizaje de Latinoam\u00e9rica UNESCO, Dr. HC Mario Alberto Ishii, disert\u00f3 en la UNESCO en la apertura del \u201cII Foro Ciudad es del Aprendizaje\u201d que finalizar\u00e1 hoy en la ciudad de Bogot\u00e1, pa\u00eds Colombia. Durante el conversatorio [&hellip;]<\/p>\n","protected":false},"author":3,"featured_media":12446,"comment_status":"closed","ping_status":"closed","sticky":false,"template":"","format":"standard","meta":{"content-type":"","footnotes":""},"categories":[303,9],"tags":[128,233,1021,387,537],"class_list":["post-12445","post","type-post","status-publish","format-standard","has-post-thumbnail","category-jose-c-paz","category-titulares","tag-jose-c-paz","tag-jose-c-paz-2","tag-mario-alberto-ishii","tag-mario-ishii","tag-municipio-de-jose-c-paz"],"yoast_head":"<!-- This site is optimized with the Yoast SEO plugin v28.4 - https:\/\/yoast.com\/product\/yoast-seo-wordpress\/ -->\n<title>MARIO ISHII DISERT\u00d3 EN UNESCO EN EL \u201cII FORO CIUDADES DEL APRENDIZAJE\u201d REALIZADO EN BOGOT\u00c1, COLOMBIA - Diario del Oeste<\/title>\n<meta name=\"robots\" content=\"index, follow, max-snippet:-1, max-image-preview:large, max-video-preview:-1\" \/>\n<link rel=\"canonical\" href=\"https:\/\/diariodeloeste.com\/noticias\/2024\/08\/23\/mario-ishii-diserto-en-unesco-en-el-ii-foro-ciudades-del-aprendizaje-realizado-en-bogota-colombia\/\" \/>\n<meta property=\"og:locale\" content=\"es_ES\" \/>\n<meta property=\"og:type\" content=\"article\" \/>\n<meta property=\"og:title\" content=\"MARIO ISHII DISERT\u00d3 EN UNESCO EN EL \u201cII FORO CIUDADES DEL APRENDIZAJE\u201d REALIZADO EN BOGOT\u00c1, COLOMBIA - Diario del Oeste\" \/>\n<meta property=\"og:description\" content=\"El intendente municipal de Jos\u00e9 C. Paz y Secretario Ejecutivo por la Argentina en la Red de Ciudades del Aprendizaje de Latinoam\u00e9rica UNESCO, Dr. HC Mario Alberto Ishii, disert\u00f3 en la UNESCO en la apertura del \u201cII Foro Ciudad es del Aprendizaje\u201d que finalizar\u00e1 hoy en la ciudad de Bogot\u00e1, pa\u00eds Colombia. Durante el conversatorio [&hellip;]\" \/>\n<meta property=\"og:url\" content=\"https:\/\/diariodeloeste.com\/noticias\/2024\/08\/23\/mario-ishii-diserto-en-unesco-en-el-ii-foro-ciudades-del-aprendizaje-realizado-en-bogota-colombia\/\" \/>\n<meta property=\"og:site_name\" content=\"Diario del Oeste\" \/>\n<meta property=\"article:published_time\" content=\"2024-08-23T02:35:56+00:00\" \/>\n<meta property=\"og:image\" content=\"https:\/\/diariodeloeste.com\/noticias\/wp-content\/uploads\/2024\/08\/mario.jpg\" \/>\n\t<meta property=\"og:image:width\" content=\"750\" \/>\n\t<meta property=\"og:image:height\" content=\"590\" \/>\n\t<meta property=\"og:image:type\" content=\"image\/jpeg\" \/>\n<meta name=\"author\" content=\"Redaccion\" \/>\n<meta name=\"twitter:card\" content=\"summary_large_image\" \/>\n<meta name=\"twitter:label1\" content=\"Escrito por\" \/>\n\t<meta name=\"twitter:data1\" content=\"Redaccion\" \/>\n\t<meta name=\"twitter:label2\" content=\"Tiempo de lectura\" \/>\n\t<meta name=\"twitter:data2\" content=\"3 minutos\" \/>\n<script type=\"application\/ld+json\" class=\"yoast-schema-graph\">{\"@context\":\"https:\\\/\\\/schema.org\",\"@graph\":[{\"@type\":\"Article\",\"@id\":\"https:\\\/\\\/diariodeloeste.com\\\/noticias\\\/2024\\\/08\\\/23\\\/mario-ishii-diserto-en-unesco-en-el-ii-foro-ciudades-del-aprendizaje-realizado-en-bogota-colombia\\\/#article\",\"isPartOf\":{\"@id\":\"https:\\\/\\\/diariodeloeste.com\\\/noticias\\\/2024\\\/08\\\/23\\\/mario-ishii-diserto-en-unesco-en-el-ii-foro-ciudades-del-aprendizaje-realizado-en-bogota-colombia\\\/\"},\"author\":{\"name\":\"Redaccion\",\"@id\":\"https:\\\/\\\/diariodeloeste.com\\\/noticias\\\/#\\\/schema\\\/person\\\/1f7be965f8c093432e1cbfcee0ac4047\"},\"headline\":\"MARIO ISHII DISERT\u00d3 EN UNESCO EN EL \u201cII FORO CIUDADES DEL APRENDIZAJE\u201d REALIZADO EN BOGOT\u00c1, COLOMBIA\",\"datePublished\":\"2024-08-23T02:35:56+00:00\",\"mainEntityOfPage\":{\"@id\":\"https:\\\/\\\/diariodeloeste.com\\\/noticias\\\/2024\\\/08\\\/23\\\/mario-ishii-diserto-en-unesco-en-el-ii-foro-ciudades-del-aprendizaje-realizado-en-bogota-colombia\\\/\"},\"wordCount\":302,\"publisher\":{\"@id\":\"https:\\\/\\\/diariodeloeste.com\\\/noticias\\\/#organization\"},\"image\":{\"@id\":\"https:\\\/\\\/diariodeloeste.com\\\/noticias\\\/2024\\\/08\\\/23\\\/mario-ishii-diserto-en-unesco-en-el-ii-foro-ciudades-del-aprendizaje-realizado-en-bogota-colombia\\\/#primaryimage\"},\"thumbnailUrl\":\"https:\\\/\\\/diariodeloeste.com\\\/noticias\\\/wp-content\\\/uploads\\\/2024\\\/08\\\/mario.jpg\",\"keywords\":[\"jose c paz\",\"jos\u00e9 c. paz\",\"Mario Alberto Ishii\",\"Mario ishii\",\"Municipio de Jos{e C. Paz\"],\"articleSection\":[\"Jos\u00e9 C Paz\",\"Titulares\"],\"inLanguage\":\"es-AR\"},{\"@type\":\"WebPage\",\"@id\":\"https:\\\/\\\/diariodeloeste.com\\\/noticias\\\/2024\\\/08\\\/23\\\/mario-ishii-diserto-en-unesco-en-el-ii-foro-ciudades-del-aprendizaje-realizado-en-bogota-colombia\\\/\",\"url\":\"https:\\\/\\\/diariodeloeste.com\\\/noticias\\\/2024\\\/08\\\/23\\\/mario-ishii-diserto-en-unesco-en-el-ii-foro-ciudades-del-aprendizaje-realizado-en-bogota-colombia\\\/\",\"name\":\"MARIO ISHII DISERT\u00d3 EN UNESCO EN EL \u201cII FORO CIUDADES DEL APRENDIZAJE\u201d REALIZADO EN BOGOT\u00c1, COLOMBIA - Diario del Oeste\",\"isPartOf\":{\"@id\":\"https:\\\/\\\/diariodeloeste.com\\\/noticias\\\/#website\"},\"primaryImageOfPage\":{\"@id\":\"https:\\\/\\\/diariodeloeste.com\\\/noticias\\\/2024\\\/08\\\/23\\\/mario-ishii-diserto-en-unesco-en-el-ii-foro-ciudades-del-aprendizaje-realizado-en-bogota-colombia\\\/#primaryimage\"},\"image\":{\"@id\":\"https:\\\/\\\/diariodeloeste.com\\\/noticias\\\/2024\\\/08\\\/23\\\/mario-ishii-diserto-en-unesco-en-el-ii-foro-ciudades-del-aprendizaje-realizado-en-bogota-colombia\\\/#primaryimage\"},\"thumbnailUrl\":\"https:\\\/\\\/diariodeloeste.com\\\/noticias\\\/wp-content\\\/uploads\\\/2024\\\/08\\\/mario.jpg\",\"datePublished\":\"2024-08-23T02:35:56+00:00\",\"breadcrumb\":{\"@id\":\"https:\\\/\\\/diariodeloeste.com\\\/noticias\\\/2024\\\/08\\\/23\\\/mario-ishii-diserto-en-unesco-en-el-ii-foro-ciudades-del-aprendizaje-realizado-en-bogota-colombia\\\/#breadcrumb\"},\"inLanguage\":\"es-AR\",\"potentialAction\":[{\"@type\":\"ReadAction\",\"target\":[\"https:\\\/\\\/diariodeloeste.com\\\/noticias\\\/2024\\\/08\\\/23\\\/mario-ishii-diserto-en-unesco-en-el-ii-foro-ciudades-del-aprendizaje-realizado-en-bogota-colombia\\\/\"]}]},{\"@type\":\"ImageObject\",\"inLanguage\":\"es-AR\",\"@id\":\"https:\\\/\\\/diariodeloeste.com\\\/noticias\\\/2024\\\/08\\\/23\\\/mario-ishii-diserto-en-unesco-en-el-ii-foro-ciudades-del-aprendizaje-realizado-en-bogota-colombia\\\/#primaryimage\",\"url\":\"https:\\\/\\\/diariodeloeste.com\\\/noticias\\\/wp-content\\\/uploads\\\/2024\\\/08\\\/mario.jpg\",\"contentUrl\":\"https:\\\/\\\/diariodeloeste.com\\\/noticias\\\/wp-content\\\/uploads\\\/2024\\\/08\\\/mario.jpg\",\"width\":750,\"height\":590},{\"@type\":\"BreadcrumbList\",\"@id\":\"https:\\\/\\\/diariodeloeste.com\\\/noticias\\\/2024\\\/08\\\/23\\\/mario-ishii-diserto-en-unesco-en-el-ii-foro-ciudades-del-aprendizaje-realizado-en-bogota-colombia\\\/#breadcrumb\",\"itemListElement\":[{\"@type\":\"ListItem\",\"position\":1,\"name\":\"Inicio\",\"item\":\"https:\\\/\\\/diariodeloeste.com\\\/noticias\\\/\"},{\"@type\":\"ListItem\",\"position\":2,\"name\":\"MARIO ISHII DISERT\u00d3 EN UNESCO EN EL \u201cII FORO CIUDADES DEL APRENDIZAJE\u201d REALIZADO EN BOGOT\u00c1, COLOMBIA\"}]},{\"@type\":\"WebSite\",\"@id\":\"https:\\\/\\\/diariodeloeste.com\\\/noticias\\\/#website\",\"url\":\"https:\\\/\\\/diariodeloeste.com\\\/noticias\\\/\",\"name\":\"Diario del Oeste\",\"description\":\"Noticias del Oeste\",\"publisher\":{\"@id\":\"https:\\\/\\\/diariodeloeste.com\\\/noticias\\\/#organization\"},\"potentialAction\":[{\"@type\":\"SearchAction\",\"target\":{\"@type\":\"EntryPoint\",\"urlTemplate\":\"https:\\\/\\\/diariodeloeste.com\\\/noticias\\\/?s={search_term_string}\"},\"query-input\":{\"@type\":\"PropertyValueSpecification\",\"valueRequired\":true,\"valueName\":\"search_term_string\"}}],\"inLanguage\":\"es-AR\"},{\"@type\":\"Organization\",\"@id\":\"https:\\\/\\\/diariodeloeste.com\\\/noticias\\\/#organization\",\"name\":\"Diario del Oeste\",\"url\":\"https:\\\/\\\/diariodeloeste.com\\\/noticias\\\/\",\"logo\":{\"@type\":\"ImageObject\",\"inLanguage\":\"es-AR\",\"@id\":\"https:\\\/\\\/diariodeloeste.com\\\/noticias\\\/#\\\/schema\\\/logo\\\/image\\\/\",\"url\":\"https:\\\/\\\/diariodeloeste.com\\\/noticias\\\/wp-content\\\/uploads\\\/2019\\\/04\\\/logo.png\",\"contentUrl\":\"https:\\\/\\\/diariodeloeste.com\\\/noticias\\\/wp-content\\\/uploads\\\/2019\\\/04\\\/logo.png\",\"width\":306,\"height\":145,\"caption\":\"Diario del Oeste\"},\"image\":{\"@id\":\"https:\\\/\\\/diariodeloeste.com\\\/noticias\\\/#\\\/schema\\\/logo\\\/image\\\/\"}},{\"@type\":\"Person\",\"@id\":\"https:\\\/\\\/diariodeloeste.com\\\/noticias\\\/#\\\/schema\\\/person\\\/1f7be965f8c093432e1cbfcee0ac4047\",\"name\":\"Redaccion\",\"image\":{\"@type\":\"ImageObject\",\"inLanguage\":\"es-AR\",\"@id\":\"https:\\\/\\\/secure.gravatar.com\\\/avatar\\\/f9bc3a12e26b32d818d88f9a5b61de20b559752e499df507efa7ea3cea0550ef?s=96&d=mm&r=g\",\"url\":\"https:\\\/\\\/secure.gravatar.com\\\/avatar\\\/f9bc3a12e26b32d818d88f9a5b61de20b559752e499df507efa7ea3cea0550ef?s=96&d=mm&r=g\",\"contentUrl\":\"https:\\\/\\\/secure.gravatar.com\\\/avatar\\\/f9bc3a12e26b32d818d88f9a5b61de20b559752e499df507efa7ea3cea0550ef?s=96&d=mm&r=g\",\"caption\":\"Redaccion\"},\"url\":\"https:\\\/\\\/diariodeloeste.com\\\/noticias\\\/author\\\/redaccion\\\/\"}]}<\/script>\n<!-- \/ Yoast SEO plugin. -->","yoast_head_json":{"title":"MARIO ISHII DISERT\u00d3 EN UNESCO EN EL \u201cII FORO CIUDADES DEL APRENDIZAJE\u201d REALIZADO EN BOGOT\u00c1, COLOMBIA - Diario del Oeste","robots":{"index":"index","follow":"follow","max-snippet":"max-snippet:-1","max-image-preview":"max-image-preview:large","max-video-preview":"max-video-preview:-1"},"canonical":"https:\/\/diariodeloeste.com\/noticias\/2024\/08\/23\/mario-ishii-diserto-en-unesco-en-el-ii-foro-ciudades-del-aprendizaje-realizado-en-bogota-colombia\/","og_locale":"es_ES","og_type":"article","og_title":"MARIO ISHII DISERT\u00d3 EN UNESCO EN EL \u201cII FORO CIUDADES DEL APRENDIZAJE\u201d REALIZADO EN BOGOT\u00c1, COLOMBIA - Diario del Oeste","og_description":"El intendente municipal de Jos\u00e9 C. Paz y Secretario Ejecutivo por la Argentina en la Red de Ciudades del Aprendizaje de Latinoam\u00e9rica UNESCO, Dr. HC Mario Alberto Ishii, disert\u00f3 en la UNESCO en la apertura del \u201cII Foro Ciudad es del Aprendizaje\u201d que finalizar\u00e1 hoy en la ciudad de Bogot\u00e1, pa\u00eds Colombia. Durante el conversatorio [&hellip;]","og_url":"https:\/\/diariodeloeste.com\/noticias\/2024\/08\/23\/mario-ishii-diserto-en-unesco-en-el-ii-foro-ciudades-del-aprendizaje-realizado-en-bogota-colombia\/","og_site_name":"Diario del Oeste","article_published_time":"2024-08-23T02:35:56+00:00","og_image":[{"width":750,"height":590,"url":"https:\/\/diariodeloeste.com\/noticias\/wp-content\/uploads\/2024\/08\/mario.jpg","type":"image\/jpeg"}],"author":"Redaccion","twitter_card":"summary_large_image","twitter_misc":{"Escrito por":"Redaccion","Tiempo de lectura":"3 minutos"},"schema":{"@context":"https:\/\/schema.org","@graph":[{"@type":"Article","@id":"https:\/\/diariodeloeste.com\/noticias\/2024\/08\/23\/mario-ishii-diserto-en-unesco-en-el-ii-foro-ciudades-del-aprendizaje-realizado-en-bogota-colombia\/#article","isPartOf":{"@id":"https:\/\/diariodeloeste.com\/noticias\/2024\/08\/23\/mario-ishii-diserto-en-unesco-en-el-ii-foro-ciudades-del-aprendizaje-realizado-en-bogota-colombia\/"},"author":{"name":"Redaccion","@id":"https:\/\/diariodeloeste.com\/noticias\/#\/schema\/person\/1f7be965f8c093432e1cbfcee0ac4047"},"headline":"MARIO ISHII DISERT\u00d3 EN UNESCO EN EL \u201cII FORO CIUDADES DEL APRENDIZAJE\u201d REALIZADO EN BOGOT\u00c1, COLOMBIA","datePublished":"2024-08-23T02:35:56+00:00","mainEntityOfPage":{"@id":"https:\/\/diariodeloeste.com\/noticias\/2024\/08\/23\/mario-ishii-diserto-en-unesco-en-el-ii-foro-ciudades-del-aprendizaje-realizado-en-bogota-colombia\/"},"wordCount":302,"publisher":{"@id":"https:\/\/diariodeloeste.com\/noticias\/#organization"},"image":{"@id":"https:\/\/diariodeloeste.com\/noticias\/2024\/08\/23\/mario-ishii-diserto-en-unesco-en-el-ii-foro-ciudades-del-aprendizaje-realizado-en-bogota-colombia\/#primaryimage"},"thumbnailUrl":"https:\/\/diariodeloeste.com\/noticias\/wp-content\/uploads\/2024\/08\/mario.jpg","keywords":["jose c paz","jos\u00e9 c. paz","Mario Alberto Ishii","Mario ishii","Municipio de Jos{e C. Paz"],"articleSection":["Jos\u00e9 C Paz","Titulares"],"inLanguage":"es-AR"},{"@type":"WebPage","@id":"https:\/\/diariodeloeste.com\/noticias\/2024\/08\/23\/mario-ishii-diserto-en-unesco-en-el-ii-foro-ciudades-del-aprendizaje-realizado-en-bogota-colombia\/","url":"https:\/\/diariodeloeste.com\/noticias\/2024\/08\/23\/mario-ishii-diserto-en-unesco-en-el-ii-foro-ciudades-del-aprendizaje-realizado-en-bogota-colombia\/","name":"MARIO ISHII DISERT\u00d3 EN UNESCO EN EL \u201cII FORO CIUDADES DEL APRENDIZAJE\u201d REALIZADO EN BOGOT\u00c1, COLOMBIA - Diario del Oeste","isPartOf":{"@id":"https:\/\/diariodeloeste.com\/noticias\/#website"},"primaryImageOfPage":{"@id":"https:\/\/diariodeloeste.com\/noticias\/2024\/08\/23\/mario-ishii-diserto-en-unesco-en-el-ii-foro-ciudades-del-aprendizaje-realizado-en-bogota-colombia\/#primaryimage"},"image":{"@id":"https:\/\/diariodeloeste.com\/noticias\/2024\/08\/23\/mario-ishii-diserto-en-unesco-en-el-ii-foro-ciudades-del-aprendizaje-realizado-en-bogota-colombia\/#primaryimage"},"thumbnailUrl":"https:\/\/diariodeloeste.com\/noticias\/wp-content\/uploads\/2024\/08\/mario.jpg","datePublished":"2024-08-23T02:35:56+00:00","breadcrumb":{"@id":"https:\/\/diariodeloeste.com\/noticias\/2024\/08\/23\/mario-ishii-diserto-en-unesco-en-el-ii-foro-ciudades-del-aprendizaje-realizado-en-bogota-colombia\/#breadcrumb"},"inLanguage":"es-AR","potentialAction":[{"@type":"ReadAction","target":["https:\/\/diariodeloeste.com\/noticias\/2024\/08\/23\/mario-ishii-diserto-en-unesco-en-el-ii-foro-ciudades-del-aprendizaje-realizado-en-bogota-colombia\/"]}]},{"@type":"ImageObject","inLanguage":"es-AR","@id":"https:\/\/diariodeloeste.com\/noticias\/2024\/08\/23\/mario-ishii-diserto-en-unesco-en-el-ii-foro-ciudades-del-aprendizaje-realizado-en-bogota-colombia\/#primaryimage","url":"https:\/\/diariodeloeste.com\/noticias\/wp-content\/uploads\/2024\/08\/mario.jpg","contentUrl":"https:\/\/diariodeloeste.com\/noticias\/wp-content\/uploads\/2024\/08\/mario.jpg","width":750,"height":590},{"@type":"BreadcrumbList","@id":"https:\/\/diariodeloeste.com\/noticias\/2024\/08\/23\/mario-ishii-diserto-en-unesco-en-el-ii-foro-ciudades-del-aprendizaje-realizado-en-bogota-colombia\/#breadcrumb","itemListElement":[{"@type":"ListItem","position":1,"name":"Inicio","item":"https:\/\/diariodeloeste.com\/noticias\/"},{"@type":"ListItem","position":2,"name":"MARIO ISHII DISERT\u00d3 EN UNESCO EN EL \u201cII FORO CIUDADES DEL APRENDIZAJE\u201d REALIZADO EN BOGOT\u00c1, COLOMBIA"}]},{"@type":"WebSite","@id":"https:\/\/diariodeloeste.com\/noticias\/#website","url":"https:\/\/diariodeloeste.com\/noticias\/","name":"Diario del Oeste","description":"Noticias del Oeste","publisher":{"@id":"https:\/\/diariodeloeste.com\/noticias\/#organization"},"potentialAction":[{"@type":"SearchAction","target":{"@type":"EntryPoint","urlTemplate":"https:\/\/diariodeloeste.com\/noticias\/?s={search_term_string}"},"query-input":{"@type":"PropertyValueSpecification","valueRequired":true,"valueName":"search_term_string"}}],"inLanguage":"es-AR"},{"@type":"Organization","@id":"https:\/\/diariodeloeste.com\/noticias\/#organization","name":"Diario del Oeste","url":"https:\/\/diariodeloeste.com\/noticias\/","logo":{"@type":"ImageObject","inLanguage":"es-AR","@id":"https:\/\/diariodeloeste.com\/noticias\/#\/schema\/logo\/image\/","url":"https:\/\/diariodeloeste.com\/noticias\/wp-content\/uploads\/2019\/04\/logo.png","contentUrl":"https:\/\/diariodeloeste.com\/noticias\/wp-content\/uploads\/2019\/04\/logo.png","width":306,"height":145,"caption":"Diario del Oeste"},"image":{"@id":"https:\/\/diariodeloeste.com\/noticias\/#\/schema\/logo\/image\/"}},{"@type":"Person","@id":"https:\/\/diariodeloeste.com\/noticias\/#\/schema\/person\/1f7be965f8c093432e1cbfcee0ac4047","name":"Redaccion","image":{"@type":"ImageObject","inLanguage":"es-AR","@id":"https:\/\/secure.gravatar.com\/avatar\/f9bc3a12e26b32d818d88f9a5b61de20b559752e499df507efa7ea3cea0550ef?s=96&d=mm&r=g","url":"https:\/\/secure.gravatar.com\/avatar\/f9bc3a12e26b32d818d88f9a5b61de20b559752e499df507efa7ea3cea0550ef?s=96&d=mm&r=g","contentUrl":"https:\/\/secure.gravatar.com\/avatar\/f9bc3a12e26b32d818d88f9a5b61de20b559752e499df507efa7ea3cea0550ef?s=96&d=mm&r=g","caption":"Redaccion"},"url":"https:\/\/diariodeloeste.com\/noticias\/author\/redaccion\/"}]}},"_links":{"self":[{"href":"https:\/\/diariodeloeste.com\/noticias\/wp-json\/wp\/v2\/posts\/12445","targetHints":{"allow":["GET"]}}],"collection":[{"href":"https:\/\/diariodeloeste.com\/noticias\/wp-json\/wp\/v2\/posts"}],"about":[{"href":"https:\/\/diariodeloeste.com\/noticias\/wp-json\/wp\/v2\/types\/post"}],"author":[{"embeddable":true,"href":"https:\/\/diariodeloeste.com\/noticias\/wp-json\/wp\/v2\/users\/3"}],"replies":[{"embeddable":true,"href":"https:\/\/diariodeloeste.com\/noticias\/wp-json\/wp\/v2\/comments?post=12445"}],"version-history":[{"count":1,"href":"https:\/\/diariodeloeste.com\/noticias\/wp-json\/wp\/v2\/posts\/12445\/revisions"}],"predecessor-version":[{"id":12450,"href":"https:\/\/diariodeloeste.com\/noticias\/wp-json\/wp\/v2\/posts\/12445\/revisions\/12450"}],"wp:featuredmedia":[{"embeddable":true,"href":"https:\/\/diariodeloeste.com\/noticias\/wp-json\/wp\/v2\/media\/12446"}],"wp:attachment":[{"href":"https:\/\/diariodeloeste.com\/noticias\/wp-json\/wp\/v2\/media?parent=12445"}],"wp:term":[{"taxonomy":"category","embeddable":true,"href":"https:\/\/diariodeloeste.com\/noticias\/wp-json\/wp\/v2\/categories?post=12445"},{"taxonomy":"post_tag","embeddable":true,"href":"https:\/\/diariodeloeste.com\/noticias\/wp-json\/wp\/v2\/tags?post=12445"}],"curies":[{"name":"wp","href":"https:\/\/api.w.org\/{rel}","templated":true}]}}