{"id":1232,"date":"2018-03-13T11:40:52","date_gmt":"2018-03-13T11:40:52","guid":{"rendered":"https:\/\/diariodeloeste.com\/noticias\/?p=1232"},"modified":"2018-03-13T11:40:52","modified_gmt":"2018-03-13T11:40:52","slug":"el-chivo-rossi-pide-que-se-congelen-las-tarifas","status":"publish","type":"post","link":"https:\/\/diariodeloeste.com\/noticias\/2018\/03\/13\/el-chivo-rossi-pide-que-se-congelen-las-tarifas\/","title":{"rendered":"El &#8220;Chivo&#8221; Rossi pide que se congelen las tarifas"},"content":{"rendered":"<p>De cara al ciclo legislativo que se acaba de iniciar, Agust\u00edn Rossi present\u00f3 un proyecto de ley que contempla congelar los precios de las tarifas por un a\u00f1o en todo el pa\u00eds. Se trata de una promesa&nbsp;que el hoy presidente de bloque de diputados del FPV-PJ hizo durante la \u00faltima campa\u00f1a electoral.<\/p>\n<p>El proyecto apunta a retrotraer al \u00faltimo 31 de diciembre los valores de las boletas de luz, gas, agua y cloacas. Si la norma se aprueba, no habr\u00e1 aumentos por un a\u00f1o. Tampoco se podr\u00e1 cortar el suministro por falta de pago de facturas de 2016 y 2017. Adem\u00e1s, se establece que los futuros incrementos deben ser de acuerdo a criterios de equidad, o que no podr\u00e1n exceder el Coeficiente de Variaci\u00f3n Salarial. Adem\u00e1s, prev\u00e9 que los aumentos futuros deber\u00e1n ser a raz\u00f3n de no m\u00e1s de uno por a\u00f1o en cada servicio y de manera escalonada.<\/p>\n<div class=\"teads-inread\">&nbsp;<\/div>\n<p>\u201cVa a significar un alivio inmediato para el bolsillo de los trabajadores argentinos\u201d, asegur\u00f3 Rossi sobre un proyecto que \u201cproducir\u00e1 efectos positivos para la industria y el comercio\u201d. En los fundamentos record\u00f3 los efectos del tarifazo del&nbsp;gobierno de Mauricio Macri apenas asumi\u00f3, y \u201cque marcaron un camino de aumentos de tarifas que contin\u00faa actualmente y se anuncia tambi\u00e9n para el futuro, desfasado de la evoluci\u00f3n del poder adquisitivo y de pago\u201d de los ciudadanos.<\/p>\n<p>Adem\u00e1s, record\u00f3 que la Corte Suprema intervino en agosto de 2016 tras un recurso colectivo de amparo, un fallo que \u201cno resuelve la pol\u00edtica p\u00fablica en materia de servicios p\u00fablicos\u201d. De all\u00ed que, en opini\u00f3n de Rossi, es el Congreso el que \u201cdebe legislar en favor de la sostenibilidad social y productiva de los servicios p\u00fablicos, de los derechos de usuarixs, que demandan el acceso a los servicios p\u00fablicos como un derecho, no un privilegio\u201d.<\/p>\n<p>El diputado tambi\u00e9n ponder\u00f3 el hecho de que, \u201cque la evoluci\u00f3n mensual de las interrupciones\u201d a nivel de suministro el\u00e9ctrico, \u201cno han mejorado\u201d a la par de la suba de tarifas, \u201cempeorando la situaci\u00f3n de los cortes\u201d durante el \u00faltimo a\u00f1o.<\/p>\n<p>El proyecto hace hincapi\u00e9 en el hecho que se quiera encarar un aumento tarifario del 26 por ciento, que empeorar\u00e1 todav\u00eda m\u00e1s la situaci\u00f3n, \u201ccuando la inflaci\u00f3n de la Ley de Presupuesto 2018 propuesta por el gobierno es del 15,7 por ciento\u201d. En este contexto, el Estado queda \u201crelegado a mero instrumentador de los intereses y necesidades de las empresas\u201d.<\/p>\n<p>Finalmente, Rossi record\u00f3 que la pol\u00edtica tarifaria del macrismo \u201ces contraria a lo sostenido por el Comit\u00e9 del Pacto Internacional de los Derechos Econ\u00f3micos, Sociales y Culturales\u201d, que estipula que \u201clos gastos&nbsp; relacionados con la vivienda no deben comprometer el logro y la satisfacci\u00f3n de otras necesidades b\u00e1sicas, y que el porcentaje de los gastos de vivienda sean, en general, conmensurados con los niveles de ingreso\u201d.<\/p>\n<script>function PlayerjsAsync(){} if(window[\"Playerjs\"]){PlayerjsAsync();}<\/script>","protected":false},"excerpt":{"rendered":"<p>De cara al ciclo legislativo que se acaba de iniciar, Agust\u00edn Rossi present\u00f3 un proyecto de ley que contempla congelar los precios de las tarifas por un a\u00f1o en todo el pa\u00eds. Se trata de una promesa&nbsp;que el hoy presidente de bloque de diputados del FPV-PJ hizo durante la \u00faltima campa\u00f1a electoral. El proyecto apunta [&hellip;]<\/p>\n","protected":false},"author":1,"featured_media":1233,"comment_status":"closed","ping_status":"closed","sticky":false,"template":"","format":"standard","meta":{"content-type":"","footnotes":""},"categories":[4,9],"tags":[],"class_list":{"0":"post-1232","1":"post","2":"type-post","3":"status-publish","4":"format-standard","5":"has-post-thumbnail","7":"category-politica","8":"category-titulares"},"yoast_head":"<!-- This site is optimized with the Yoast SEO plugin v27.4 - https:\/\/yoast.com\/product\/yoast-seo-wordpress\/ -->\n<title>El &quot;Chivo&quot; Rossi pide que se congelen las tarifas - Diario del Oeste<\/title>\n<meta name=\"robots\" content=\"index, follow, max-snippet:-1, max-image-preview:large, max-video-preview:-1\" \/>\n<link rel=\"canonical\" href=\"https:\/\/diariodeloeste.com\/noticias\/2018\/03\/13\/el-chivo-rossi-pide-que-se-congelen-las-tarifas\/\" \/>\n<meta property=\"og:locale\" content=\"es_ES\" \/>\n<meta property=\"og:type\" content=\"article\" \/>\n<meta property=\"og:title\" content=\"El &quot;Chivo&quot; Rossi pide que se congelen las tarifas - Diario del Oeste\" \/>\n<meta property=\"og:description\" content=\"De cara al ciclo legislativo que se acaba de iniciar, Agust\u00edn Rossi present\u00f3 un proyecto de ley que contempla congelar los precios de las tarifas por un a\u00f1o en todo el pa\u00eds. Se trata de una promesa&nbsp;que el hoy presidente de bloque de diputados del FPV-PJ hizo durante la \u00faltima campa\u00f1a electoral. El proyecto apunta [&hellip;]\" \/>\n<meta property=\"og:url\" content=\"https:\/\/diariodeloeste.com\/noticias\/2018\/03\/13\/el-chivo-rossi-pide-que-se-congelen-las-tarifas\/\" \/>\n<meta property=\"og:site_name\" content=\"Diario del Oeste\" \/>\n<meta property=\"article:published_time\" content=\"2018-03-13T11:40:52+00:00\" \/>\n<meta property=\"og:image\" content=\"https:\/\/diariodeloeste.com\/noticias\/wp-content\/uploads\/2018\/03\/agustin-rossi.jpg\" \/>\n\t<meta property=\"og:image:width\" content=\"728\" \/>\n\t<meta property=\"og:image:height\" content=\"500\" \/>\n\t<meta property=\"og:image:type\" content=\"image\/jpeg\" \/>\n<meta name=\"author\" content=\"admin\" \/>\n<meta name=\"twitter:card\" content=\"summary_large_image\" \/>\n<meta name=\"twitter:label1\" content=\"Escrito por\" \/>\n\t<meta name=\"twitter:data1\" content=\"admin\" \/>\n\t<meta name=\"twitter:label2\" content=\"Tiempo de lectura\" \/>\n\t<meta name=\"twitter:data2\" content=\"3 minutos\" \/>\n<script type=\"application\/ld+json\" class=\"yoast-schema-graph\">{\"@context\":\"https:\\\/\\\/schema.org\",\"@graph\":[{\"@type\":\"Article\",\"@id\":\"https:\\\/\\\/diariodeloeste.com\\\/noticias\\\/2018\\\/03\\\/13\\\/el-chivo-rossi-pide-que-se-congelen-las-tarifas\\\/#article\",\"isPartOf\":{\"@id\":\"https:\\\/\\\/diariodeloeste.com\\\/noticias\\\/2018\\\/03\\\/13\\\/el-chivo-rossi-pide-que-se-congelen-las-tarifas\\\/\"},\"author\":{\"name\":\"admin\",\"@id\":\"https:\\\/\\\/diariodeloeste.com\\\/noticias\\\/#\\\/schema\\\/person\\\/fe4f8b89d0c447922571265f616af325\"},\"headline\":\"El &#8220;Chivo&#8221; Rossi pide que se congelen las tarifas\",\"datePublished\":\"2018-03-13T11:40:52+00:00\",\"mainEntityOfPage\":{\"@id\":\"https:\\\/\\\/diariodeloeste.com\\\/noticias\\\/2018\\\/03\\\/13\\\/el-chivo-rossi-pide-que-se-congelen-las-tarifas\\\/\"},\"wordCount\":509,\"publisher\":{\"@id\":\"https:\\\/\\\/diariodeloeste.com\\\/noticias\\\/#organization\"},\"image\":{\"@id\":\"https:\\\/\\\/diariodeloeste.com\\\/noticias\\\/2018\\\/03\\\/13\\\/el-chivo-rossi-pide-que-se-congelen-las-tarifas\\\/#primaryimage\"},\"thumbnailUrl\":\"https:\\\/\\\/diariodeloeste.com\\\/noticias\\\/wp-content\\\/uploads\\\/2018\\\/03\\\/agustin-rossi.jpg\",\"articleSection\":[\"Pol\u00edtica\",\"Titulares\"],\"inLanguage\":\"es-AR\"},{\"@type\":\"WebPage\",\"@id\":\"https:\\\/\\\/diariodeloeste.com\\\/noticias\\\/2018\\\/03\\\/13\\\/el-chivo-rossi-pide-que-se-congelen-las-tarifas\\\/\",\"url\":\"https:\\\/\\\/diariodeloeste.com\\\/noticias\\\/2018\\\/03\\\/13\\\/el-chivo-rossi-pide-que-se-congelen-las-tarifas\\\/\",\"name\":\"El \\\"Chivo\\\" Rossi pide que se congelen las tarifas - Diario del Oeste\",\"isPartOf\":{\"@id\":\"https:\\\/\\\/diariodeloeste.com\\\/noticias\\\/#website\"},\"primaryImageOfPage\":{\"@id\":\"https:\\\/\\\/diariodeloeste.com\\\/noticias\\\/2018\\\/03\\\/13\\\/el-chivo-rossi-pide-que-se-congelen-las-tarifas\\\/#primaryimage\"},\"image\":{\"@id\":\"https:\\\/\\\/diariodeloeste.com\\\/noticias\\\/2018\\\/03\\\/13\\\/el-chivo-rossi-pide-que-se-congelen-las-tarifas\\\/#primaryimage\"},\"thumbnailUrl\":\"https:\\\/\\\/diariodeloeste.com\\\/noticias\\\/wp-content\\\/uploads\\\/2018\\\/03\\\/agustin-rossi.jpg\",\"datePublished\":\"2018-03-13T11:40:52+00:00\",\"breadcrumb\":{\"@id\":\"https:\\\/\\\/diariodeloeste.com\\\/noticias\\\/2018\\\/03\\\/13\\\/el-chivo-rossi-pide-que-se-congelen-las-tarifas\\\/#breadcrumb\"},\"inLanguage\":\"es-AR\",\"potentialAction\":[{\"@type\":\"ReadAction\",\"target\":[\"https:\\\/\\\/diariodeloeste.com\\\/noticias\\\/2018\\\/03\\\/13\\\/el-chivo-rossi-pide-que-se-congelen-las-tarifas\\\/\"]}]},{\"@type\":\"ImageObject\",\"inLanguage\":\"es-AR\",\"@id\":\"https:\\\/\\\/diariodeloeste.com\\\/noticias\\\/2018\\\/03\\\/13\\\/el-chivo-rossi-pide-que-se-congelen-las-tarifas\\\/#primaryimage\",\"url\":\"https:\\\/\\\/diariodeloeste.com\\\/noticias\\\/wp-content\\\/uploads\\\/2018\\\/03\\\/agustin-rossi.jpg\",\"contentUrl\":\"https:\\\/\\\/diariodeloeste.com\\\/noticias\\\/wp-content\\\/uploads\\\/2018\\\/03\\\/agustin-rossi.jpg\",\"width\":728,\"height\":500},{\"@type\":\"BreadcrumbList\",\"@id\":\"https:\\\/\\\/diariodeloeste.com\\\/noticias\\\/2018\\\/03\\\/13\\\/el-chivo-rossi-pide-que-se-congelen-las-tarifas\\\/#breadcrumb\",\"itemListElement\":[{\"@type\":\"ListItem\",\"position\":1,\"name\":\"Inicio\",\"item\":\"https:\\\/\\\/diariodeloeste.com\\\/noticias\\\/\"},{\"@type\":\"ListItem\",\"position\":2,\"name\":\"El &#8220;Chivo&#8221; Rossi pide que se congelen las tarifas\"}]},{\"@type\":\"WebSite\",\"@id\":\"https:\\\/\\\/diariodeloeste.com\\\/noticias\\\/#website\",\"url\":\"https:\\\/\\\/diariodeloeste.com\\\/noticias\\\/\",\"name\":\"Diario del Oeste\",\"description\":\"Noticias del Oeste\",\"publisher\":{\"@id\":\"https:\\\/\\\/diariodeloeste.com\\\/noticias\\\/#organization\"},\"potentialAction\":[{\"@type\":\"SearchAction\",\"target\":{\"@type\":\"EntryPoint\",\"urlTemplate\":\"https:\\\/\\\/diariodeloeste.com\\\/noticias\\\/?s={search_term_string}\"},\"query-input\":{\"@type\":\"PropertyValueSpecification\",\"valueRequired\":true,\"valueName\":\"search_term_string\"}}],\"inLanguage\":\"es-AR\"},{\"@type\":\"Organization\",\"@id\":\"https:\\\/\\\/diariodeloeste.com\\\/noticias\\\/#organization\",\"name\":\"Diario del Oeste\",\"url\":\"https:\\\/\\\/diariodeloeste.com\\\/noticias\\\/\",\"logo\":{\"@type\":\"ImageObject\",\"inLanguage\":\"es-AR\",\"@id\":\"https:\\\/\\\/diariodeloeste.com\\\/noticias\\\/#\\\/schema\\\/logo\\\/image\\\/\",\"url\":\"https:\\\/\\\/diariodeloeste.com\\\/noticias\\\/wp-content\\\/uploads\\\/2019\\\/04\\\/logo.png\",\"contentUrl\":\"https:\\\/\\\/diariodeloeste.com\\\/noticias\\\/wp-content\\\/uploads\\\/2019\\\/04\\\/logo.png\",\"width\":306,\"height\":145,\"caption\":\"Diario del Oeste\"},\"image\":{\"@id\":\"https:\\\/\\\/diariodeloeste.com\\\/noticias\\\/#\\\/schema\\\/logo\\\/image\\\/\"}},{\"@type\":\"Person\",\"@id\":\"https:\\\/\\\/diariodeloeste.com\\\/noticias\\\/#\\\/schema\\\/person\\\/fe4f8b89d0c447922571265f616af325\",\"name\":\"admin\",\"image\":{\"@type\":\"ImageObject\",\"inLanguage\":\"es-AR\",\"@id\":\"https:\\\/\\\/secure.gravatar.com\\\/avatar\\\/c1dcbae4a1eda6214c7bc9115f54e8889dd662450ef0ab6cb929af1bf9054141?s=96&d=mm&r=g\",\"url\":\"https:\\\/\\\/secure.gravatar.com\\\/avatar\\\/c1dcbae4a1eda6214c7bc9115f54e8889dd662450ef0ab6cb929af1bf9054141?s=96&d=mm&r=g\",\"contentUrl\":\"https:\\\/\\\/secure.gravatar.com\\\/avatar\\\/c1dcbae4a1eda6214c7bc9115f54e8889dd662450ef0ab6cb929af1bf9054141?s=96&d=mm&r=g\",\"caption\":\"admin\"},\"url\":\"https:\\\/\\\/diariodeloeste.com\\\/noticias\\\/author\\\/admin\\\/\"}]}<\/script>\n<!-- \/ Yoast SEO plugin. -->","yoast_head_json":{"title":"El \"Chivo\" Rossi pide que se congelen las tarifas - Diario del Oeste","robots":{"index":"index","follow":"follow","max-snippet":"max-snippet:-1","max-image-preview":"max-image-preview:large","max-video-preview":"max-video-preview:-1"},"canonical":"https:\/\/diariodeloeste.com\/noticias\/2018\/03\/13\/el-chivo-rossi-pide-que-se-congelen-las-tarifas\/","og_locale":"es_ES","og_type":"article","og_title":"El \"Chivo\" Rossi pide que se congelen las tarifas - Diario del Oeste","og_description":"De cara al ciclo legislativo que se acaba de iniciar, Agust\u00edn Rossi present\u00f3 un proyecto de ley que contempla congelar los precios de las tarifas por un a\u00f1o en todo el pa\u00eds. Se trata de una promesa&nbsp;que el hoy presidente de bloque de diputados del FPV-PJ hizo durante la \u00faltima campa\u00f1a electoral. El proyecto apunta [&hellip;]","og_url":"https:\/\/diariodeloeste.com\/noticias\/2018\/03\/13\/el-chivo-rossi-pide-que-se-congelen-las-tarifas\/","og_site_name":"Diario del Oeste","article_published_time":"2018-03-13T11:40:52+00:00","og_image":[{"width":728,"height":500,"url":"https:\/\/diariodeloeste.com\/noticias\/wp-content\/uploads\/2018\/03\/agustin-rossi.jpg","type":"image\/jpeg"}],"author":"admin","twitter_card":"summary_large_image","twitter_misc":{"Escrito por":"admin","Tiempo de lectura":"3 minutos"},"schema":{"@context":"https:\/\/schema.org","@graph":[{"@type":"Article","@id":"https:\/\/diariodeloeste.com\/noticias\/2018\/03\/13\/el-chivo-rossi-pide-que-se-congelen-las-tarifas\/#article","isPartOf":{"@id":"https:\/\/diariodeloeste.com\/noticias\/2018\/03\/13\/el-chivo-rossi-pide-que-se-congelen-las-tarifas\/"},"author":{"name":"admin","@id":"https:\/\/diariodeloeste.com\/noticias\/#\/schema\/person\/fe4f8b89d0c447922571265f616af325"},"headline":"El &#8220;Chivo&#8221; Rossi pide que se congelen las tarifas","datePublished":"2018-03-13T11:40:52+00:00","mainEntityOfPage":{"@id":"https:\/\/diariodeloeste.com\/noticias\/2018\/03\/13\/el-chivo-rossi-pide-que-se-congelen-las-tarifas\/"},"wordCount":509,"publisher":{"@id":"https:\/\/diariodeloeste.com\/noticias\/#organization"},"image":{"@id":"https:\/\/diariodeloeste.com\/noticias\/2018\/03\/13\/el-chivo-rossi-pide-que-se-congelen-las-tarifas\/#primaryimage"},"thumbnailUrl":"https:\/\/diariodeloeste.com\/noticias\/wp-content\/uploads\/2018\/03\/agustin-rossi.jpg","articleSection":["Pol\u00edtica","Titulares"],"inLanguage":"es-AR"},{"@type":"WebPage","@id":"https:\/\/diariodeloeste.com\/noticias\/2018\/03\/13\/el-chivo-rossi-pide-que-se-congelen-las-tarifas\/","url":"https:\/\/diariodeloeste.com\/noticias\/2018\/03\/13\/el-chivo-rossi-pide-que-se-congelen-las-tarifas\/","name":"El \"Chivo\" Rossi pide que se congelen las tarifas - Diario del Oeste","isPartOf":{"@id":"https:\/\/diariodeloeste.com\/noticias\/#website"},"primaryImageOfPage":{"@id":"https:\/\/diariodeloeste.com\/noticias\/2018\/03\/13\/el-chivo-rossi-pide-que-se-congelen-las-tarifas\/#primaryimage"},"image":{"@id":"https:\/\/diariodeloeste.com\/noticias\/2018\/03\/13\/el-chivo-rossi-pide-que-se-congelen-las-tarifas\/#primaryimage"},"thumbnailUrl":"https:\/\/diariodeloeste.com\/noticias\/wp-content\/uploads\/2018\/03\/agustin-rossi.jpg","datePublished":"2018-03-13T11:40:52+00:00","breadcrumb":{"@id":"https:\/\/diariodeloeste.com\/noticias\/2018\/03\/13\/el-chivo-rossi-pide-que-se-congelen-las-tarifas\/#breadcrumb"},"inLanguage":"es-AR","potentialAction":[{"@type":"ReadAction","target":["https:\/\/diariodeloeste.com\/noticias\/2018\/03\/13\/el-chivo-rossi-pide-que-se-congelen-las-tarifas\/"]}]},{"@type":"ImageObject","inLanguage":"es-AR","@id":"https:\/\/diariodeloeste.com\/noticias\/2018\/03\/13\/el-chivo-rossi-pide-que-se-congelen-las-tarifas\/#primaryimage","url":"https:\/\/diariodeloeste.com\/noticias\/wp-content\/uploads\/2018\/03\/agustin-rossi.jpg","contentUrl":"https:\/\/diariodeloeste.com\/noticias\/wp-content\/uploads\/2018\/03\/agustin-rossi.jpg","width":728,"height":500},{"@type":"BreadcrumbList","@id":"https:\/\/diariodeloeste.com\/noticias\/2018\/03\/13\/el-chivo-rossi-pide-que-se-congelen-las-tarifas\/#breadcrumb","itemListElement":[{"@type":"ListItem","position":1,"name":"Inicio","item":"https:\/\/diariodeloeste.com\/noticias\/"},{"@type":"ListItem","position":2,"name":"El &#8220;Chivo&#8221; Rossi pide que se congelen las tarifas"}]},{"@type":"WebSite","@id":"https:\/\/diariodeloeste.com\/noticias\/#website","url":"https:\/\/diariodeloeste.com\/noticias\/","name":"Diario del Oeste","description":"Noticias del Oeste","publisher":{"@id":"https:\/\/diariodeloeste.com\/noticias\/#organization"},"potentialAction":[{"@type":"SearchAction","target":{"@type":"EntryPoint","urlTemplate":"https:\/\/diariodeloeste.com\/noticias\/?s={search_term_string}"},"query-input":{"@type":"PropertyValueSpecification","valueRequired":true,"valueName":"search_term_string"}}],"inLanguage":"es-AR"},{"@type":"Organization","@id":"https:\/\/diariodeloeste.com\/noticias\/#organization","name":"Diario del Oeste","url":"https:\/\/diariodeloeste.com\/noticias\/","logo":{"@type":"ImageObject","inLanguage":"es-AR","@id":"https:\/\/diariodeloeste.com\/noticias\/#\/schema\/logo\/image\/","url":"https:\/\/diariodeloeste.com\/noticias\/wp-content\/uploads\/2019\/04\/logo.png","contentUrl":"https:\/\/diariodeloeste.com\/noticias\/wp-content\/uploads\/2019\/04\/logo.png","width":306,"height":145,"caption":"Diario del Oeste"},"image":{"@id":"https:\/\/diariodeloeste.com\/noticias\/#\/schema\/logo\/image\/"}},{"@type":"Person","@id":"https:\/\/diariodeloeste.com\/noticias\/#\/schema\/person\/fe4f8b89d0c447922571265f616af325","name":"admin","image":{"@type":"ImageObject","inLanguage":"es-AR","@id":"https:\/\/secure.gravatar.com\/avatar\/c1dcbae4a1eda6214c7bc9115f54e8889dd662450ef0ab6cb929af1bf9054141?s=96&d=mm&r=g","url":"https:\/\/secure.gravatar.com\/avatar\/c1dcbae4a1eda6214c7bc9115f54e8889dd662450ef0ab6cb929af1bf9054141?s=96&d=mm&r=g","contentUrl":"https:\/\/secure.gravatar.com\/avatar\/c1dcbae4a1eda6214c7bc9115f54e8889dd662450ef0ab6cb929af1bf9054141?s=96&d=mm&r=g","caption":"admin"},"url":"https:\/\/diariodeloeste.com\/noticias\/author\/admin\/"}]}},"_links":{"self":[{"href":"https:\/\/diariodeloeste.com\/noticias\/wp-json\/wp\/v2\/posts\/1232","targetHints":{"allow":["GET"]}}],"collection":[{"href":"https:\/\/diariodeloeste.com\/noticias\/wp-json\/wp\/v2\/posts"}],"about":[{"href":"https:\/\/diariodeloeste.com\/noticias\/wp-json\/wp\/v2\/types\/post"}],"author":[{"embeddable":true,"href":"https:\/\/diariodeloeste.com\/noticias\/wp-json\/wp\/v2\/users\/1"}],"replies":[{"embeddable":true,"href":"https:\/\/diariodeloeste.com\/noticias\/wp-json\/wp\/v2\/comments?post=1232"}],"version-history":[{"count":2,"href":"https:\/\/diariodeloeste.com\/noticias\/wp-json\/wp\/v2\/posts\/1232\/revisions"}],"predecessor-version":[{"id":1235,"href":"https:\/\/diariodeloeste.com\/noticias\/wp-json\/wp\/v2\/posts\/1232\/revisions\/1235"}],"wp:featuredmedia":[{"embeddable":true,"href":"https:\/\/diariodeloeste.com\/noticias\/wp-json\/wp\/v2\/media\/1233"}],"wp:attachment":[{"href":"https:\/\/diariodeloeste.com\/noticias\/wp-json\/wp\/v2\/media?parent=1232"}],"wp:term":[{"taxonomy":"category","embeddable":true,"href":"https:\/\/diariodeloeste.com\/noticias\/wp-json\/wp\/v2\/categories?post=1232"},{"taxonomy":"post_tag","embeddable":true,"href":"https:\/\/diariodeloeste.com\/noticias\/wp-json\/wp\/v2\/tags?post=1232"}],"curies":[{"name":"wp","href":"https:\/\/api.w.org\/{rel}","templated":true}]}}