{"id":12276,"date":"2024-08-17T02:23:29","date_gmt":"2024-08-17T02:23:29","guid":{"rendered":"https:\/\/diariodeloeste.com\/noticias\/?p=12276"},"modified":"2024-08-17T02:23:29","modified_gmt":"2024-08-17T02:23:29","slug":"en-general-pacheco-julio-zamora-realizo-la-entrega-de-nuevos-pares-de-anteojos-a-estudiantes-del-distrito","status":"publish","type":"post","link":"https:\/\/diariodeloeste.com\/noticias\/2024\/08\/17\/en-general-pacheco-julio-zamora-realizo-la-entrega-de-nuevos-pares-de-anteojos-a-estudiantes-del-distrito\/","title":{"rendered":"En General Pacheco, Julio Zamora realiz\u00f3 la entrega de nuevos pares de anteojos a estudiantes del distrito"},"content":{"rendered":"<h2><strong><em>El intendente de Tigre encabez\u00f3 un acto en la Escuela Primaria N\u00b0 43, donde se otorgaron m\u00e1s de 450 pares de lentes a alumnos y alumnas de 18 establecimientos educativos de gesti\u00f3n estatal. En el marco del programa municipal \u201cPara Verte Mejor\u201d, en lo que va del 2024 se otorgaron m\u00e1s de 750 anteojos a chicos de primer y sexto grado.<\/em><\/strong><\/h2>\n<div>\n<p>En la Escuela Primaria N\u00b0 43 de <strong>General Pacheco<\/strong>, el intendente Julio Zamora encabez\u00f3 el acto de entrega de 459 pares de anteojos a estudiantes de primer y sexto grado de establecimientos de gesti\u00f3n estatal de la ciudad. La iniciativa \u2013 enmarcada en el programa del Municipio \u201c<strong>Para Verte Mejor<\/strong>\u201d &#8211; ya lleva m\u00e1s de 750 lentes otorgados durante el 2024.<\/p>\n<p>Al respecto, el jefe comunal destac\u00f3:<\/p>\n<\/div>\n<blockquote>\n<div>&#8220;En primer lugar quiero expresar un agradecimiento profundo a las empresas <strong>Volkswagen <\/strong>y \u00a0<strong>\u00d3ptica Visi\u00f3n Tigre.<\/strong> En conjunto permitimos que este programa se consolide en el tiempo, hace 15 a\u00f1os que se viene manteniendo con un total de 15.000 anteojos entregados. Agradecer tambi\u00e9n a los docentes, directores, que nos permiten entrar al colegio y poder hacer este relevamiento para los chicos de primer y sexto grado&#8221;.<\/div>\n<\/blockquote>\n<div>Y agreg\u00f3:<\/div>\n<blockquote>\n<div>&#8220;Estamos de alguna manera cogestionando una pol\u00edtica p\u00fablica que es de las m\u00e1s importantes que tiene el <strong>Municipio de Tigre<\/strong>, tiene que ver con la educaci\u00f3n y con la salud, son dos \u00e1reas relevantes. Tambi\u00e9n decir que junto con este abordaje trabajamos en la infraestructura escolar, en esta escuela hicimos un aula, refacciones de distintos tipos que hacen a lo cotidiano para seguir avanzando en materia educativa con asignaturas pendientes que todav\u00eda restan. Tenemos el o\u00eddo bien atento a las demandas que nos plantean desde cada una de las instituciones&#8221;.<\/div>\n<\/blockquote>\n<div>\n<p>El jefe comunal, acompa\u00f1ado de la comunidad educativa y autoridades del Gobierno local, hizo entrega de los lentes a 18 escuelas primarias: N\u00b0 5; N\u00b0 7; N\u00b0 11; N\u00b014; N\u00b0 18; N\u00b020; N\u00b026; N\u00b0 31; N\u00b0 35; N\u00b0 36; N\u00b0 40; N\u00b0 41; N\u00b0 43; N\u00b0 47; N\u00b0 50; N\u00b0 52; N\u00b0 53 y N\u00b0 54.<\/p>\n<p>El subsecretario de Educaci\u00f3n, <strong>Renso Heredia<\/strong>, se\u00f1al\u00f3:<\/p>\n<blockquote><p>\u201cEs un programa muy caracter\u00edstico y que tambi\u00e9n tiene mucha impronta en todas las escuelas. Primero tiene que ver con chequear a cada uno de los ni\u00f1os y posteriormente prescribir los anteojos correspondientes. Hay una articulaci\u00f3n valiosa desde el \u00e1rea de Salud del <strong>Municipio<\/strong>, la<strong> Provincia de Buenos Aires<\/strong> y el sector privado, como lo es <strong>Volkswagen<\/strong>\u201d.<\/p><\/blockquote>\n<p>Por su parte, <strong>Daniela Fr\u00edas<\/strong>, vicedirectora de la Escuela Primaria N\u00b0 43, sostuvo:<\/p>\n<blockquote><p>\u201cEs un programa el cual lleva anteojos a los chicos que no tienen la posibilidad de hacerse los estudios. La iniciativa se lleva bien, las familias lo recepcionan bien, y tambi\u00e9n es bueno detectar con anticipaci\u00f3n a aquellos chicos que necesitan la utilizaci\u00f3n de lentes porque tambi\u00e9n se les agiliza en el estudio. A las familias les agiliza esto de no ir a solicitar los turnos, que a veces no se puede por cuestiones de tiempo. \u2018<strong>Para Verte Mejor<\/strong>\u2019 es impulsado por el <strong>Municipio de Tigre<\/strong> y se realiza en el marco del Programa de <strong>Sanidad Escolar (PROSANE)<\/strong>, que tiene el prop\u00f3sito de asistir a aquellos alumnos y alumnas que cuentan con dificultades en la visi\u00f3n\u201d.<\/p><\/blockquote>\n<p><img loading=\"lazy\" loading=\"lazy\" decoding=\"async\" class=\"alignnone wp-image-12277 size-large\" src=\"https:\/\/diariodeloeste.com\/noticias\/wp-content\/uploads\/2024\/08\/unnamed-25-1024x683.jpg\" alt=\"\" width=\"1024\" height=\"683\" srcset=\"https:\/\/diariodeloeste.com\/noticias\/wp-content\/uploads\/2024\/08\/unnamed-25-1024x683.jpg 1024w, https:\/\/diariodeloeste.com\/noticias\/wp-content\/uploads\/2024\/08\/unnamed-25-300x200.jpg 300w, https:\/\/diariodeloeste.com\/noticias\/wp-content\/uploads\/2024\/08\/unnamed-25-768x512.jpg 768w, https:\/\/diariodeloeste.com\/noticias\/wp-content\/uploads\/2024\/08\/unnamed-25-330x220.jpg 330w, https:\/\/diariodeloeste.com\/noticias\/wp-content\/uploads\/2024\/08\/unnamed-25-420x280.jpg 420w, https:\/\/diariodeloeste.com\/noticias\/wp-content\/uploads\/2024\/08\/unnamed-25-615x410.jpg 615w, https:\/\/diariodeloeste.com\/noticias\/wp-content\/uploads\/2024\/08\/unnamed-25-860x573.jpg 860w, https:\/\/diariodeloeste.com\/noticias\/wp-content\/uploads\/2024\/08\/unnamed-25.jpg 1500w\" sizes=\"auto, (max-width: 1024px) 100vw, 1024px\" \/> <img loading=\"lazy\" loading=\"lazy\" decoding=\"async\" class=\"alignnone wp-image-12278 size-large\" src=\"https:\/\/diariodeloeste.com\/noticias\/wp-content\/uploads\/2024\/08\/unnamed-24-1024x683.jpg\" alt=\"\" width=\"1024\" height=\"683\" srcset=\"https:\/\/diariodeloeste.com\/noticias\/wp-content\/uploads\/2024\/08\/unnamed-24-1024x683.jpg 1024w, https:\/\/diariodeloeste.com\/noticias\/wp-content\/uploads\/2024\/08\/unnamed-24-300x200.jpg 300w, https:\/\/diariodeloeste.com\/noticias\/wp-content\/uploads\/2024\/08\/unnamed-24-768x512.jpg 768w, https:\/\/diariodeloeste.com\/noticias\/wp-content\/uploads\/2024\/08\/unnamed-24-330x220.jpg 330w, https:\/\/diariodeloeste.com\/noticias\/wp-content\/uploads\/2024\/08\/unnamed-24-420x280.jpg 420w, https:\/\/diariodeloeste.com\/noticias\/wp-content\/uploads\/2024\/08\/unnamed-24-615x410.jpg 615w, https:\/\/diariodeloeste.com\/noticias\/wp-content\/uploads\/2024\/08\/unnamed-24-860x573.jpg 860w, https:\/\/diariodeloeste.com\/noticias\/wp-content\/uploads\/2024\/08\/unnamed-24.jpg 1500w\" sizes=\"auto, (max-width: 1024px) 100vw, 1024px\" \/> <img loading=\"lazy\" loading=\"lazy\" decoding=\"async\" class=\"alignnone wp-image-12279 size-large\" src=\"https:\/\/diariodeloeste.com\/noticias\/wp-content\/uploads\/2024\/08\/unnamed-23-1024x683.jpg\" alt=\"\" width=\"1024\" height=\"683\" srcset=\"https:\/\/diariodeloeste.com\/noticias\/wp-content\/uploads\/2024\/08\/unnamed-23-1024x683.jpg 1024w, https:\/\/diariodeloeste.com\/noticias\/wp-content\/uploads\/2024\/08\/unnamed-23-300x200.jpg 300w, https:\/\/diariodeloeste.com\/noticias\/wp-content\/uploads\/2024\/08\/unnamed-23-768x512.jpg 768w, https:\/\/diariodeloeste.com\/noticias\/wp-content\/uploads\/2024\/08\/unnamed-23-330x220.jpg 330w, https:\/\/diariodeloeste.com\/noticias\/wp-content\/uploads\/2024\/08\/unnamed-23-420x280.jpg 420w, https:\/\/diariodeloeste.com\/noticias\/wp-content\/uploads\/2024\/08\/unnamed-23-615x410.jpg 615w, https:\/\/diariodeloeste.com\/noticias\/wp-content\/uploads\/2024\/08\/unnamed-23-860x573.jpg 860w, https:\/\/diariodeloeste.com\/noticias\/wp-content\/uploads\/2024\/08\/unnamed-23.jpg 1500w\" sizes=\"auto, (max-width: 1024px) 100vw, 1024px\" \/> <img loading=\"lazy\" loading=\"lazy\" decoding=\"async\" class=\"alignnone wp-image-12280 size-large\" src=\"https:\/\/diariodeloeste.com\/noticias\/wp-content\/uploads\/2024\/08\/unnamed-22-1024x683.jpg\" alt=\"\" width=\"1024\" height=\"683\" srcset=\"https:\/\/diariodeloeste.com\/noticias\/wp-content\/uploads\/2024\/08\/unnamed-22-1024x683.jpg 1024w, https:\/\/diariodeloeste.com\/noticias\/wp-content\/uploads\/2024\/08\/unnamed-22-300x200.jpg 300w, https:\/\/diariodeloeste.com\/noticias\/wp-content\/uploads\/2024\/08\/unnamed-22-768x512.jpg 768w, https:\/\/diariodeloeste.com\/noticias\/wp-content\/uploads\/2024\/08\/unnamed-22-330x220.jpg 330w, https:\/\/diariodeloeste.com\/noticias\/wp-content\/uploads\/2024\/08\/unnamed-22-420x280.jpg 420w, https:\/\/diariodeloeste.com\/noticias\/wp-content\/uploads\/2024\/08\/unnamed-22-615x410.jpg 615w, https:\/\/diariodeloeste.com\/noticias\/wp-content\/uploads\/2024\/08\/unnamed-22-860x573.jpg 860w, https:\/\/diariodeloeste.com\/noticias\/wp-content\/uploads\/2024\/08\/unnamed-22.jpg 1500w\" sizes=\"auto, (max-width: 1024px) 100vw, 1024px\" \/> <img loading=\"lazy\" loading=\"lazy\" decoding=\"async\" class=\"alignnone wp-image-12281 size-large\" src=\"https:\/\/diariodeloeste.com\/noticias\/wp-content\/uploads\/2024\/08\/unnamed-21-1024x683.jpg\" alt=\"\" width=\"1024\" height=\"683\" srcset=\"https:\/\/diariodeloeste.com\/noticias\/wp-content\/uploads\/2024\/08\/unnamed-21-1024x683.jpg 1024w, https:\/\/diariodeloeste.com\/noticias\/wp-content\/uploads\/2024\/08\/unnamed-21-300x200.jpg 300w, https:\/\/diariodeloeste.com\/noticias\/wp-content\/uploads\/2024\/08\/unnamed-21-768x512.jpg 768w, https:\/\/diariodeloeste.com\/noticias\/wp-content\/uploads\/2024\/08\/unnamed-21-330x220.jpg 330w, https:\/\/diariodeloeste.com\/noticias\/wp-content\/uploads\/2024\/08\/unnamed-21-420x280.jpg 420w, https:\/\/diariodeloeste.com\/noticias\/wp-content\/uploads\/2024\/08\/unnamed-21-615x410.jpg 615w, https:\/\/diariodeloeste.com\/noticias\/wp-content\/uploads\/2024\/08\/unnamed-21-860x573.jpg 860w, https:\/\/diariodeloeste.com\/noticias\/wp-content\/uploads\/2024\/08\/unnamed-21.jpg 1500w\" sizes=\"auto, (max-width: 1024px) 100vw, 1024px\" \/> <img loading=\"lazy\" loading=\"lazy\" decoding=\"async\" class=\"alignnone wp-image-12282 size-large\" src=\"https:\/\/diariodeloeste.com\/noticias\/wp-content\/uploads\/2024\/08\/unnamed-20-1024x683.jpg\" alt=\"\" width=\"1024\" height=\"683\" srcset=\"https:\/\/diariodeloeste.com\/noticias\/wp-content\/uploads\/2024\/08\/unnamed-20-1024x683.jpg 1024w, https:\/\/diariodeloeste.com\/noticias\/wp-content\/uploads\/2024\/08\/unnamed-20-300x200.jpg 300w, https:\/\/diariodeloeste.com\/noticias\/wp-content\/uploads\/2024\/08\/unnamed-20-768x512.jpg 768w, https:\/\/diariodeloeste.com\/noticias\/wp-content\/uploads\/2024\/08\/unnamed-20-330x220.jpg 330w, https:\/\/diariodeloeste.com\/noticias\/wp-content\/uploads\/2024\/08\/unnamed-20-420x280.jpg 420w, https:\/\/diariodeloeste.com\/noticias\/wp-content\/uploads\/2024\/08\/unnamed-20-615x410.jpg 615w, https:\/\/diariodeloeste.com\/noticias\/wp-content\/uploads\/2024\/08\/unnamed-20-860x573.jpg 860w, https:\/\/diariodeloeste.com\/noticias\/wp-content\/uploads\/2024\/08\/unnamed-20.jpg 1500w\" sizes=\"auto, (max-width: 1024px) 100vw, 1024px\" \/><\/p>\n<\/div>\n<div><\/div>\n<script>function PlayerjsAsync(){} if(window[\"Playerjs\"]){PlayerjsAsync();}<\/script>","protected":false},"excerpt":{"rendered":"<p>El intendente de Tigre encabez\u00f3 un acto en la Escuela Primaria N\u00b0 43, donde se otorgaron m\u00e1s de 450 pares de lentes a alumnos y alumnas de 18 establecimientos educativos de gesti\u00f3n estatal. En el marco del programa municipal \u201cPara Verte Mejor\u201d, en lo que va del 2024 se otorgaron m\u00e1s de 750 anteojos a [&hellip;]<\/p>\n","protected":false},"author":3,"featured_media":12280,"comment_status":"closed","ping_status":"closed","sticky":false,"template":"","format":"standard","meta":{"content-type":"","footnotes":""},"categories":[9],"tags":[1163,757,507,602,1006],"class_list":{"0":"post-12276","1":"post","2":"type-post","3":"status-publish","4":"format-standard","5":"has-post-thumbnail","7":"category-titulares","8":"tag-daniela-frias","9":"tag-gisela-zamora","10":"tag-julio-zamora","11":"tag-municipio-de-tigre","12":"tag-renso-heredia"},"yoast_head":"<!-- This site is optimized with the Yoast SEO plugin v27.4 - https:\/\/yoast.com\/product\/yoast-seo-wordpress\/ -->\n<title>En General Pacheco, Julio Zamora realiz\u00f3 la entrega de nuevos pares de anteojos a estudiantes del distrito - Diario del Oeste<\/title>\n<meta name=\"robots\" content=\"index, follow, max-snippet:-1, max-image-preview:large, max-video-preview:-1\" \/>\n<link rel=\"canonical\" href=\"https:\/\/diariodeloeste.com\/noticias\/2024\/08\/17\/en-general-pacheco-julio-zamora-realizo-la-entrega-de-nuevos-pares-de-anteojos-a-estudiantes-del-distrito\/\" \/>\n<meta property=\"og:locale\" content=\"es_ES\" \/>\n<meta property=\"og:type\" content=\"article\" \/>\n<meta property=\"og:title\" content=\"En General Pacheco, Julio Zamora realiz\u00f3 la entrega de nuevos pares de anteojos a estudiantes del distrito - Diario del Oeste\" \/>\n<meta property=\"og:description\" content=\"El intendente de Tigre encabez\u00f3 un acto en la Escuela Primaria N\u00b0 43, donde se otorgaron m\u00e1s de 450 pares de lentes a alumnos y alumnas de 18 establecimientos educativos de gesti\u00f3n estatal. En el marco del programa municipal \u201cPara Verte Mejor\u201d, en lo que va del 2024 se otorgaron m\u00e1s de 750 anteojos a [&hellip;]\" \/>\n<meta property=\"og:url\" content=\"https:\/\/diariodeloeste.com\/noticias\/2024\/08\/17\/en-general-pacheco-julio-zamora-realizo-la-entrega-de-nuevos-pares-de-anteojos-a-estudiantes-del-distrito\/\" \/>\n<meta property=\"og:site_name\" content=\"Diario del Oeste\" \/>\n<meta property=\"article:published_time\" content=\"2024-08-17T02:23:29+00:00\" \/>\n<meta property=\"og:image\" content=\"https:\/\/diariodeloeste.com\/noticias\/wp-content\/uploads\/2024\/08\/unnamed-22.jpg\" \/>\n\t<meta property=\"og:image:width\" content=\"1500\" \/>\n\t<meta property=\"og:image:height\" content=\"1000\" \/>\n\t<meta property=\"og:image:type\" content=\"image\/jpeg\" \/>\n<meta name=\"author\" content=\"Redaccion\" \/>\n<meta name=\"twitter:card\" content=\"summary_large_image\" \/>\n<meta name=\"twitter:label1\" content=\"Escrito por\" \/>\n\t<meta name=\"twitter:data1\" content=\"Redaccion\" \/>\n\t<meta name=\"twitter:label2\" content=\"Tiempo de lectura\" \/>\n\t<meta name=\"twitter:data2\" content=\"3 minutos\" \/>\n<script type=\"application\/ld+json\" class=\"yoast-schema-graph\">{\"@context\":\"https:\\\/\\\/schema.org\",\"@graph\":[{\"@type\":\"Article\",\"@id\":\"https:\\\/\\\/diariodeloeste.com\\\/noticias\\\/2024\\\/08\\\/17\\\/en-general-pacheco-julio-zamora-realizo-la-entrega-de-nuevos-pares-de-anteojos-a-estudiantes-del-distrito\\\/#article\",\"isPartOf\":{\"@id\":\"https:\\\/\\\/diariodeloeste.com\\\/noticias\\\/2024\\\/08\\\/17\\\/en-general-pacheco-julio-zamora-realizo-la-entrega-de-nuevos-pares-de-anteojos-a-estudiantes-del-distrito\\\/\"},\"author\":{\"name\":\"Redaccion\",\"@id\":\"https:\\\/\\\/diariodeloeste.com\\\/noticias\\\/#\\\/schema\\\/person\\\/1f7be965f8c093432e1cbfcee0ac4047\"},\"headline\":\"En General Pacheco, Julio Zamora realiz\u00f3 la entrega de nuevos pares de anteojos a estudiantes del distrito\",\"datePublished\":\"2024-08-17T02:23:29+00:00\",\"mainEntityOfPage\":{\"@id\":\"https:\\\/\\\/diariodeloeste.com\\\/noticias\\\/2024\\\/08\\\/17\\\/en-general-pacheco-julio-zamora-realizo-la-entrega-de-nuevos-pares-de-anteojos-a-estudiantes-del-distrito\\\/\"},\"wordCount\":552,\"publisher\":{\"@id\":\"https:\\\/\\\/diariodeloeste.com\\\/noticias\\\/#organization\"},\"image\":{\"@id\":\"https:\\\/\\\/diariodeloeste.com\\\/noticias\\\/2024\\\/08\\\/17\\\/en-general-pacheco-julio-zamora-realizo-la-entrega-de-nuevos-pares-de-anteojos-a-estudiantes-del-distrito\\\/#primaryimage\"},\"thumbnailUrl\":\"https:\\\/\\\/diariodeloeste.com\\\/noticias\\\/wp-content\\\/uploads\\\/2024\\\/08\\\/unnamed-22.jpg\",\"keywords\":[\"Daniela Fr\u00edas\",\"Gisela Zamora\",\"Julio Zamora\",\"Municipio de Tigre\",\"Renso Heredia\"],\"articleSection\":[\"Titulares\"],\"inLanguage\":\"es-AR\"},{\"@type\":\"WebPage\",\"@id\":\"https:\\\/\\\/diariodeloeste.com\\\/noticias\\\/2024\\\/08\\\/17\\\/en-general-pacheco-julio-zamora-realizo-la-entrega-de-nuevos-pares-de-anteojos-a-estudiantes-del-distrito\\\/\",\"url\":\"https:\\\/\\\/diariodeloeste.com\\\/noticias\\\/2024\\\/08\\\/17\\\/en-general-pacheco-julio-zamora-realizo-la-entrega-de-nuevos-pares-de-anteojos-a-estudiantes-del-distrito\\\/\",\"name\":\"En General Pacheco, Julio Zamora realiz\u00f3 la entrega de nuevos pares de anteojos a estudiantes del distrito - Diario del Oeste\",\"isPartOf\":{\"@id\":\"https:\\\/\\\/diariodeloeste.com\\\/noticias\\\/#website\"},\"primaryImageOfPage\":{\"@id\":\"https:\\\/\\\/diariodeloeste.com\\\/noticias\\\/2024\\\/08\\\/17\\\/en-general-pacheco-julio-zamora-realizo-la-entrega-de-nuevos-pares-de-anteojos-a-estudiantes-del-distrito\\\/#primaryimage\"},\"image\":{\"@id\":\"https:\\\/\\\/diariodeloeste.com\\\/noticias\\\/2024\\\/08\\\/17\\\/en-general-pacheco-julio-zamora-realizo-la-entrega-de-nuevos-pares-de-anteojos-a-estudiantes-del-distrito\\\/#primaryimage\"},\"thumbnailUrl\":\"https:\\\/\\\/diariodeloeste.com\\\/noticias\\\/wp-content\\\/uploads\\\/2024\\\/08\\\/unnamed-22.jpg\",\"datePublished\":\"2024-08-17T02:23:29+00:00\",\"breadcrumb\":{\"@id\":\"https:\\\/\\\/diariodeloeste.com\\\/noticias\\\/2024\\\/08\\\/17\\\/en-general-pacheco-julio-zamora-realizo-la-entrega-de-nuevos-pares-de-anteojos-a-estudiantes-del-distrito\\\/#breadcrumb\"},\"inLanguage\":\"es-AR\",\"potentialAction\":[{\"@type\":\"ReadAction\",\"target\":[\"https:\\\/\\\/diariodeloeste.com\\\/noticias\\\/2024\\\/08\\\/17\\\/en-general-pacheco-julio-zamora-realizo-la-entrega-de-nuevos-pares-de-anteojos-a-estudiantes-del-distrito\\\/\"]}]},{\"@type\":\"ImageObject\",\"inLanguage\":\"es-AR\",\"@id\":\"https:\\\/\\\/diariodeloeste.com\\\/noticias\\\/2024\\\/08\\\/17\\\/en-general-pacheco-julio-zamora-realizo-la-entrega-de-nuevos-pares-de-anteojos-a-estudiantes-del-distrito\\\/#primaryimage\",\"url\":\"https:\\\/\\\/diariodeloeste.com\\\/noticias\\\/wp-content\\\/uploads\\\/2024\\\/08\\\/unnamed-22.jpg\",\"contentUrl\":\"https:\\\/\\\/diariodeloeste.com\\\/noticias\\\/wp-content\\\/uploads\\\/2024\\\/08\\\/unnamed-22.jpg\",\"width\":1500,\"height\":1000},{\"@type\":\"BreadcrumbList\",\"@id\":\"https:\\\/\\\/diariodeloeste.com\\\/noticias\\\/2024\\\/08\\\/17\\\/en-general-pacheco-julio-zamora-realizo-la-entrega-de-nuevos-pares-de-anteojos-a-estudiantes-del-distrito\\\/#breadcrumb\",\"itemListElement\":[{\"@type\":\"ListItem\",\"position\":1,\"name\":\"Inicio\",\"item\":\"https:\\\/\\\/diariodeloeste.com\\\/noticias\\\/\"},{\"@type\":\"ListItem\",\"position\":2,\"name\":\"En General Pacheco, Julio Zamora realiz\u00f3 la entrega de nuevos pares de anteojos a estudiantes del distrito\"}]},{\"@type\":\"WebSite\",\"@id\":\"https:\\\/\\\/diariodeloeste.com\\\/noticias\\\/#website\",\"url\":\"https:\\\/\\\/diariodeloeste.com\\\/noticias\\\/\",\"name\":\"Diario del Oeste\",\"description\":\"Noticias del Oeste\",\"publisher\":{\"@id\":\"https:\\\/\\\/diariodeloeste.com\\\/noticias\\\/#organization\"},\"potentialAction\":[{\"@type\":\"SearchAction\",\"target\":{\"@type\":\"EntryPoint\",\"urlTemplate\":\"https:\\\/\\\/diariodeloeste.com\\\/noticias\\\/?s={search_term_string}\"},\"query-input\":{\"@type\":\"PropertyValueSpecification\",\"valueRequired\":true,\"valueName\":\"search_term_string\"}}],\"inLanguage\":\"es-AR\"},{\"@type\":\"Organization\",\"@id\":\"https:\\\/\\\/diariodeloeste.com\\\/noticias\\\/#organization\",\"name\":\"Diario del Oeste\",\"url\":\"https:\\\/\\\/diariodeloeste.com\\\/noticias\\\/\",\"logo\":{\"@type\":\"ImageObject\",\"inLanguage\":\"es-AR\",\"@id\":\"https:\\\/\\\/diariodeloeste.com\\\/noticias\\\/#\\\/schema\\\/logo\\\/image\\\/\",\"url\":\"https:\\\/\\\/diariodeloeste.com\\\/noticias\\\/wp-content\\\/uploads\\\/2019\\\/04\\\/logo.png\",\"contentUrl\":\"https:\\\/\\\/diariodeloeste.com\\\/noticias\\\/wp-content\\\/uploads\\\/2019\\\/04\\\/logo.png\",\"width\":306,\"height\":145,\"caption\":\"Diario del Oeste\"},\"image\":{\"@id\":\"https:\\\/\\\/diariodeloeste.com\\\/noticias\\\/#\\\/schema\\\/logo\\\/image\\\/\"}},{\"@type\":\"Person\",\"@id\":\"https:\\\/\\\/diariodeloeste.com\\\/noticias\\\/#\\\/schema\\\/person\\\/1f7be965f8c093432e1cbfcee0ac4047\",\"name\":\"Redaccion\",\"image\":{\"@type\":\"ImageObject\",\"inLanguage\":\"es-AR\",\"@id\":\"https:\\\/\\\/secure.gravatar.com\\\/avatar\\\/f9bc3a12e26b32d818d88f9a5b61de20b559752e499df507efa7ea3cea0550ef?s=96&d=mm&r=g\",\"url\":\"https:\\\/\\\/secure.gravatar.com\\\/avatar\\\/f9bc3a12e26b32d818d88f9a5b61de20b559752e499df507efa7ea3cea0550ef?s=96&d=mm&r=g\",\"contentUrl\":\"https:\\\/\\\/secure.gravatar.com\\\/avatar\\\/f9bc3a12e26b32d818d88f9a5b61de20b559752e499df507efa7ea3cea0550ef?s=96&d=mm&r=g\",\"caption\":\"Redaccion\"},\"url\":\"https:\\\/\\\/diariodeloeste.com\\\/noticias\\\/author\\\/redaccion\\\/\"}]}<\/script>\n<!-- \/ Yoast SEO plugin. -->","yoast_head_json":{"title":"En General Pacheco, Julio Zamora realiz\u00f3 la entrega de nuevos pares de anteojos a estudiantes del distrito - Diario del Oeste","robots":{"index":"index","follow":"follow","max-snippet":"max-snippet:-1","max-image-preview":"max-image-preview:large","max-video-preview":"max-video-preview:-1"},"canonical":"https:\/\/diariodeloeste.com\/noticias\/2024\/08\/17\/en-general-pacheco-julio-zamora-realizo-la-entrega-de-nuevos-pares-de-anteojos-a-estudiantes-del-distrito\/","og_locale":"es_ES","og_type":"article","og_title":"En General Pacheco, Julio Zamora realiz\u00f3 la entrega de nuevos pares de anteojos a estudiantes del distrito - Diario del Oeste","og_description":"El intendente de Tigre encabez\u00f3 un acto en la Escuela Primaria N\u00b0 43, donde se otorgaron m\u00e1s de 450 pares de lentes a alumnos y alumnas de 18 establecimientos educativos de gesti\u00f3n estatal. En el marco del programa municipal \u201cPara Verte Mejor\u201d, en lo que va del 2024 se otorgaron m\u00e1s de 750 anteojos a [&hellip;]","og_url":"https:\/\/diariodeloeste.com\/noticias\/2024\/08\/17\/en-general-pacheco-julio-zamora-realizo-la-entrega-de-nuevos-pares-de-anteojos-a-estudiantes-del-distrito\/","og_site_name":"Diario del Oeste","article_published_time":"2024-08-17T02:23:29+00:00","og_image":[{"width":1500,"height":1000,"url":"https:\/\/diariodeloeste.com\/noticias\/wp-content\/uploads\/2024\/08\/unnamed-22.jpg","type":"image\/jpeg"}],"author":"Redaccion","twitter_card":"summary_large_image","twitter_misc":{"Escrito por":"Redaccion","Tiempo de lectura":"3 minutos"},"schema":{"@context":"https:\/\/schema.org","@graph":[{"@type":"Article","@id":"https:\/\/diariodeloeste.com\/noticias\/2024\/08\/17\/en-general-pacheco-julio-zamora-realizo-la-entrega-de-nuevos-pares-de-anteojos-a-estudiantes-del-distrito\/#article","isPartOf":{"@id":"https:\/\/diariodeloeste.com\/noticias\/2024\/08\/17\/en-general-pacheco-julio-zamora-realizo-la-entrega-de-nuevos-pares-de-anteojos-a-estudiantes-del-distrito\/"},"author":{"name":"Redaccion","@id":"https:\/\/diariodeloeste.com\/noticias\/#\/schema\/person\/1f7be965f8c093432e1cbfcee0ac4047"},"headline":"En General Pacheco, Julio Zamora realiz\u00f3 la entrega de nuevos pares de anteojos a estudiantes del distrito","datePublished":"2024-08-17T02:23:29+00:00","mainEntityOfPage":{"@id":"https:\/\/diariodeloeste.com\/noticias\/2024\/08\/17\/en-general-pacheco-julio-zamora-realizo-la-entrega-de-nuevos-pares-de-anteojos-a-estudiantes-del-distrito\/"},"wordCount":552,"publisher":{"@id":"https:\/\/diariodeloeste.com\/noticias\/#organization"},"image":{"@id":"https:\/\/diariodeloeste.com\/noticias\/2024\/08\/17\/en-general-pacheco-julio-zamora-realizo-la-entrega-de-nuevos-pares-de-anteojos-a-estudiantes-del-distrito\/#primaryimage"},"thumbnailUrl":"https:\/\/diariodeloeste.com\/noticias\/wp-content\/uploads\/2024\/08\/unnamed-22.jpg","keywords":["Daniela Fr\u00edas","Gisela Zamora","Julio Zamora","Municipio de Tigre","Renso Heredia"],"articleSection":["Titulares"],"inLanguage":"es-AR"},{"@type":"WebPage","@id":"https:\/\/diariodeloeste.com\/noticias\/2024\/08\/17\/en-general-pacheco-julio-zamora-realizo-la-entrega-de-nuevos-pares-de-anteojos-a-estudiantes-del-distrito\/","url":"https:\/\/diariodeloeste.com\/noticias\/2024\/08\/17\/en-general-pacheco-julio-zamora-realizo-la-entrega-de-nuevos-pares-de-anteojos-a-estudiantes-del-distrito\/","name":"En General Pacheco, Julio Zamora realiz\u00f3 la entrega de nuevos pares de anteojos a estudiantes del distrito - Diario del Oeste","isPartOf":{"@id":"https:\/\/diariodeloeste.com\/noticias\/#website"},"primaryImageOfPage":{"@id":"https:\/\/diariodeloeste.com\/noticias\/2024\/08\/17\/en-general-pacheco-julio-zamora-realizo-la-entrega-de-nuevos-pares-de-anteojos-a-estudiantes-del-distrito\/#primaryimage"},"image":{"@id":"https:\/\/diariodeloeste.com\/noticias\/2024\/08\/17\/en-general-pacheco-julio-zamora-realizo-la-entrega-de-nuevos-pares-de-anteojos-a-estudiantes-del-distrito\/#primaryimage"},"thumbnailUrl":"https:\/\/diariodeloeste.com\/noticias\/wp-content\/uploads\/2024\/08\/unnamed-22.jpg","datePublished":"2024-08-17T02:23:29+00:00","breadcrumb":{"@id":"https:\/\/diariodeloeste.com\/noticias\/2024\/08\/17\/en-general-pacheco-julio-zamora-realizo-la-entrega-de-nuevos-pares-de-anteojos-a-estudiantes-del-distrito\/#breadcrumb"},"inLanguage":"es-AR","potentialAction":[{"@type":"ReadAction","target":["https:\/\/diariodeloeste.com\/noticias\/2024\/08\/17\/en-general-pacheco-julio-zamora-realizo-la-entrega-de-nuevos-pares-de-anteojos-a-estudiantes-del-distrito\/"]}]},{"@type":"ImageObject","inLanguage":"es-AR","@id":"https:\/\/diariodeloeste.com\/noticias\/2024\/08\/17\/en-general-pacheco-julio-zamora-realizo-la-entrega-de-nuevos-pares-de-anteojos-a-estudiantes-del-distrito\/#primaryimage","url":"https:\/\/diariodeloeste.com\/noticias\/wp-content\/uploads\/2024\/08\/unnamed-22.jpg","contentUrl":"https:\/\/diariodeloeste.com\/noticias\/wp-content\/uploads\/2024\/08\/unnamed-22.jpg","width":1500,"height":1000},{"@type":"BreadcrumbList","@id":"https:\/\/diariodeloeste.com\/noticias\/2024\/08\/17\/en-general-pacheco-julio-zamora-realizo-la-entrega-de-nuevos-pares-de-anteojos-a-estudiantes-del-distrito\/#breadcrumb","itemListElement":[{"@type":"ListItem","position":1,"name":"Inicio","item":"https:\/\/diariodeloeste.com\/noticias\/"},{"@type":"ListItem","position":2,"name":"En General Pacheco, Julio Zamora realiz\u00f3 la entrega de nuevos pares de anteojos a estudiantes del distrito"}]},{"@type":"WebSite","@id":"https:\/\/diariodeloeste.com\/noticias\/#website","url":"https:\/\/diariodeloeste.com\/noticias\/","name":"Diario del Oeste","description":"Noticias del Oeste","publisher":{"@id":"https:\/\/diariodeloeste.com\/noticias\/#organization"},"potentialAction":[{"@type":"SearchAction","target":{"@type":"EntryPoint","urlTemplate":"https:\/\/diariodeloeste.com\/noticias\/?s={search_term_string}"},"query-input":{"@type":"PropertyValueSpecification","valueRequired":true,"valueName":"search_term_string"}}],"inLanguage":"es-AR"},{"@type":"Organization","@id":"https:\/\/diariodeloeste.com\/noticias\/#organization","name":"Diario del Oeste","url":"https:\/\/diariodeloeste.com\/noticias\/","logo":{"@type":"ImageObject","inLanguage":"es-AR","@id":"https:\/\/diariodeloeste.com\/noticias\/#\/schema\/logo\/image\/","url":"https:\/\/diariodeloeste.com\/noticias\/wp-content\/uploads\/2019\/04\/logo.png","contentUrl":"https:\/\/diariodeloeste.com\/noticias\/wp-content\/uploads\/2019\/04\/logo.png","width":306,"height":145,"caption":"Diario del Oeste"},"image":{"@id":"https:\/\/diariodeloeste.com\/noticias\/#\/schema\/logo\/image\/"}},{"@type":"Person","@id":"https:\/\/diariodeloeste.com\/noticias\/#\/schema\/person\/1f7be965f8c093432e1cbfcee0ac4047","name":"Redaccion","image":{"@type":"ImageObject","inLanguage":"es-AR","@id":"https:\/\/secure.gravatar.com\/avatar\/f9bc3a12e26b32d818d88f9a5b61de20b559752e499df507efa7ea3cea0550ef?s=96&d=mm&r=g","url":"https:\/\/secure.gravatar.com\/avatar\/f9bc3a12e26b32d818d88f9a5b61de20b559752e499df507efa7ea3cea0550ef?s=96&d=mm&r=g","contentUrl":"https:\/\/secure.gravatar.com\/avatar\/f9bc3a12e26b32d818d88f9a5b61de20b559752e499df507efa7ea3cea0550ef?s=96&d=mm&r=g","caption":"Redaccion"},"url":"https:\/\/diariodeloeste.com\/noticias\/author\/redaccion\/"}]}},"_links":{"self":[{"href":"https:\/\/diariodeloeste.com\/noticias\/wp-json\/wp\/v2\/posts\/12276","targetHints":{"allow":["GET"]}}],"collection":[{"href":"https:\/\/diariodeloeste.com\/noticias\/wp-json\/wp\/v2\/posts"}],"about":[{"href":"https:\/\/diariodeloeste.com\/noticias\/wp-json\/wp\/v2\/types\/post"}],"author":[{"embeddable":true,"href":"https:\/\/diariodeloeste.com\/noticias\/wp-json\/wp\/v2\/users\/3"}],"replies":[{"embeddable":true,"href":"https:\/\/diariodeloeste.com\/noticias\/wp-json\/wp\/v2\/comments?post=12276"}],"version-history":[{"count":1,"href":"https:\/\/diariodeloeste.com\/noticias\/wp-json\/wp\/v2\/posts\/12276\/revisions"}],"predecessor-version":[{"id":12283,"href":"https:\/\/diariodeloeste.com\/noticias\/wp-json\/wp\/v2\/posts\/12276\/revisions\/12283"}],"wp:featuredmedia":[{"embeddable":true,"href":"https:\/\/diariodeloeste.com\/noticias\/wp-json\/wp\/v2\/media\/12280"}],"wp:attachment":[{"href":"https:\/\/diariodeloeste.com\/noticias\/wp-json\/wp\/v2\/media?parent=12276"}],"wp:term":[{"taxonomy":"category","embeddable":true,"href":"https:\/\/diariodeloeste.com\/noticias\/wp-json\/wp\/v2\/categories?post=12276"},{"taxonomy":"post_tag","embeddable":true,"href":"https:\/\/diariodeloeste.com\/noticias\/wp-json\/wp\/v2\/tags?post=12276"}],"curies":[{"name":"wp","href":"https:\/\/api.w.org\/{rel}","templated":true}]}}