{"id":12264,"date":"2024-08-17T01:56:13","date_gmt":"2024-08-17T01:56:13","guid":{"rendered":"https:\/\/diariodeloeste.com\/noticias\/?p=12264"},"modified":"2024-08-17T01:56:13","modified_gmt":"2024-08-17T01:56:13","slug":"mas-de-350-ninos-y-ninas-de-tigre-participaron-de-la-jornada-recreativa-festival-de-juegos-y-deportes","status":"publish","type":"post","link":"https:\/\/diariodeloeste.com\/noticias\/2024\/08\/17\/mas-de-350-ninos-y-ninas-de-tigre-participaron-de-la-jornada-recreativa-festival-de-juegos-y-deportes\/","title":{"rendered":"M\u00e1s de 350 ni\u00f1os y ni\u00f1as de Tigre participaron de la jornada recreativa \u201cFestival de Juegos y Deportes&#8221;"},"content":{"rendered":"<p><strong>Autoridades comunales acompa\u00f1aron el desarrollo del evento llevado adelante en el Microestadio Municipal \u201cContador Ricardo Ubieto\u201d de Don Torcuato. La propuesta cont\u00f3 con actividades deportivas, l\u00fadicas y shows infantiles para el disfrute de las familias.<\/strong><\/p>\n<p>En el marco del Mes de las Infancias, el <strong>Municipio de Tigre<\/strong> organiz\u00f3 una jornada recreativa para el disfrute de m\u00e1s de 350 ni\u00f1os y ni\u00f1as, en las instalaciones del Microestadio \u201c<strong>Contador Ricardo Ubieto<\/strong>\u201d \u2013 ubicado en el Polideportivo <strong>San Mart\u00edn de Don Torcuato<\/strong> -. Autoridades comunales participaron del desarrollo de la actividad denominada \u201c<strong>Festival de Juegos y Deportes\u201d<\/strong>, que se realiz\u00f3 en conjunto con <strong>United Way Argentina<\/strong> y personal voluntario de 25 empresas.<\/p>\n<p>Al respecto, la concejala <strong>Gisela Zamora<\/strong> se\u00f1al\u00f3:<\/p>\n<blockquote><p>\u201cFue una celebraci\u00f3n que se realiz\u00f3 en conjunto con la Fundaci\u00f3n Abriendo Caminos que ha decidido trabajar articuladamente con el <strong>Municipio<\/strong>. Hubo propuestas recreativas y deportivas, en donde adem\u00e1s se pudo apreciar el espacio del polideportivo. En esta ocasi\u00f3n participaron instituciones que hace muchos a\u00f1os vienen trabajando en <strong>Tigre<\/strong> y que brindan apoyo escolar. Desde el Gobierno local, con nuestro intendente<strong> Julio Zamora<\/strong>, estamos acompa\u00f1ando a los centros que est\u00e1n dedicados a la ni\u00f1ez. La educaci\u00f3n y el deporte son ejes prioritarios en la gesti\u00f3n\u201d.<\/p><\/blockquote>\n<p>La propuesta -que tuvo como finalidad resaltar la importancia de lo l\u00fadico y el deporte- cont\u00f3 con la presencia de ni\u00f1os y ni\u00f1as que asisten a los centros educativos complementarios: La Lecher\u00eda; <strong>Nuestra Se\u00f1ora de Guadalupe y Nuestra Se\u00f1ora de la Paz.<\/strong> Durante el encuentro, disfrutaron de shows de circo, m\u00fasica, actividades l\u00fadicas, y un stand de la <strong>Escuela Municipal de Ajedrez.<\/strong> Adem\u00e1s, recibieron desayuno, almuerzo y merienda.<\/p>\n<p>La coordinadora de<strong> United Way, Ornela Carlone<\/strong>, expres\u00f3: \u201cEstamos muy contentos, la verdad que desde <strong>United Way<\/strong> es un festejo que lo hacemos todos los a\u00f1os. Le agradecemos al Municipio de <strong>Tigre<\/strong> por abrirnos las puertas de este espacio. Los ni\u00f1os jugaron al f\u00fatbol, al voleibol e hicieron actividades en las que promovimos lo que es el movimiento y lo que es un estilo de vida saludable\u201d.<\/p>\n<p><img loading=\"lazy\" loading=\"lazy\" decoding=\"async\" class=\"alignnone wp-image-12265 size-large\" src=\"https:\/\/diariodeloeste.com\/noticias\/wp-content\/uploads\/2024\/08\/unnamed-17-1024x683.jpg\" alt=\"\" width=\"1024\" height=\"683\" srcset=\"https:\/\/diariodeloeste.com\/noticias\/wp-content\/uploads\/2024\/08\/unnamed-17-1024x683.jpg 1024w, https:\/\/diariodeloeste.com\/noticias\/wp-content\/uploads\/2024\/08\/unnamed-17-300x200.jpg 300w, https:\/\/diariodeloeste.com\/noticias\/wp-content\/uploads\/2024\/08\/unnamed-17-768x512.jpg 768w, https:\/\/diariodeloeste.com\/noticias\/wp-content\/uploads\/2024\/08\/unnamed-17-330x220.jpg 330w, https:\/\/diariodeloeste.com\/noticias\/wp-content\/uploads\/2024\/08\/unnamed-17-420x280.jpg 420w, https:\/\/diariodeloeste.com\/noticias\/wp-content\/uploads\/2024\/08\/unnamed-17-615x410.jpg 615w, https:\/\/diariodeloeste.com\/noticias\/wp-content\/uploads\/2024\/08\/unnamed-17-860x573.jpg 860w, https:\/\/diariodeloeste.com\/noticias\/wp-content\/uploads\/2024\/08\/unnamed-17.jpg 1500w\" sizes=\"auto, (max-width: 1024px) 100vw, 1024px\" \/> <img loading=\"lazy\" loading=\"lazy\" decoding=\"async\" class=\"alignnone wp-image-12266 size-large\" src=\"https:\/\/diariodeloeste.com\/noticias\/wp-content\/uploads\/2024\/08\/unnamed-16-1024x683.jpg\" alt=\"\" width=\"1024\" height=\"683\" srcset=\"https:\/\/diariodeloeste.com\/noticias\/wp-content\/uploads\/2024\/08\/unnamed-16-1024x683.jpg 1024w, https:\/\/diariodeloeste.com\/noticias\/wp-content\/uploads\/2024\/08\/unnamed-16-300x200.jpg 300w, https:\/\/diariodeloeste.com\/noticias\/wp-content\/uploads\/2024\/08\/unnamed-16-768x512.jpg 768w, https:\/\/diariodeloeste.com\/noticias\/wp-content\/uploads\/2024\/08\/unnamed-16-330x220.jpg 330w, https:\/\/diariodeloeste.com\/noticias\/wp-content\/uploads\/2024\/08\/unnamed-16-420x280.jpg 420w, https:\/\/diariodeloeste.com\/noticias\/wp-content\/uploads\/2024\/08\/unnamed-16-615x410.jpg 615w, https:\/\/diariodeloeste.com\/noticias\/wp-content\/uploads\/2024\/08\/unnamed-16-860x573.jpg 860w, https:\/\/diariodeloeste.com\/noticias\/wp-content\/uploads\/2024\/08\/unnamed-16.jpg 1500w\" sizes=\"auto, (max-width: 1024px) 100vw, 1024px\" \/> <img loading=\"lazy\" loading=\"lazy\" decoding=\"async\" class=\"alignnone wp-image-12267 size-large\" src=\"https:\/\/diariodeloeste.com\/noticias\/wp-content\/uploads\/2024\/08\/unnamed-15-1024x683.jpg\" alt=\"\" width=\"1024\" height=\"683\" srcset=\"https:\/\/diariodeloeste.com\/noticias\/wp-content\/uploads\/2024\/08\/unnamed-15-1024x683.jpg 1024w, https:\/\/diariodeloeste.com\/noticias\/wp-content\/uploads\/2024\/08\/unnamed-15-300x200.jpg 300w, https:\/\/diariodeloeste.com\/noticias\/wp-content\/uploads\/2024\/08\/unnamed-15-768x512.jpg 768w, https:\/\/diariodeloeste.com\/noticias\/wp-content\/uploads\/2024\/08\/unnamed-15-330x220.jpg 330w, https:\/\/diariodeloeste.com\/noticias\/wp-content\/uploads\/2024\/08\/unnamed-15-420x280.jpg 420w, https:\/\/diariodeloeste.com\/noticias\/wp-content\/uploads\/2024\/08\/unnamed-15-615x410.jpg 615w, https:\/\/diariodeloeste.com\/noticias\/wp-content\/uploads\/2024\/08\/unnamed-15-860x573.jpg 860w, https:\/\/diariodeloeste.com\/noticias\/wp-content\/uploads\/2024\/08\/unnamed-15.jpg 1500w\" sizes=\"auto, (max-width: 1024px) 100vw, 1024px\" \/> <img loading=\"lazy\" loading=\"lazy\" decoding=\"async\" class=\"alignnone wp-image-12268 size-large\" src=\"https:\/\/diariodeloeste.com\/noticias\/wp-content\/uploads\/2024\/08\/unnamed-14-1024x683.jpg\" alt=\"\" width=\"1024\" height=\"683\" srcset=\"https:\/\/diariodeloeste.com\/noticias\/wp-content\/uploads\/2024\/08\/unnamed-14-1024x683.jpg 1024w, https:\/\/diariodeloeste.com\/noticias\/wp-content\/uploads\/2024\/08\/unnamed-14-300x200.jpg 300w, https:\/\/diariodeloeste.com\/noticias\/wp-content\/uploads\/2024\/08\/unnamed-14-768x512.jpg 768w, https:\/\/diariodeloeste.com\/noticias\/wp-content\/uploads\/2024\/08\/unnamed-14-330x220.jpg 330w, https:\/\/diariodeloeste.com\/noticias\/wp-content\/uploads\/2024\/08\/unnamed-14-420x280.jpg 420w, https:\/\/diariodeloeste.com\/noticias\/wp-content\/uploads\/2024\/08\/unnamed-14-615x410.jpg 615w, https:\/\/diariodeloeste.com\/noticias\/wp-content\/uploads\/2024\/08\/unnamed-14-860x573.jpg 860w, https:\/\/diariodeloeste.com\/noticias\/wp-content\/uploads\/2024\/08\/unnamed-14.jpg 1500w\" sizes=\"auto, (max-width: 1024px) 100vw, 1024px\" \/> <img loading=\"lazy\" loading=\"lazy\" decoding=\"async\" class=\"alignnone wp-image-12269 size-large\" src=\"https:\/\/diariodeloeste.com\/noticias\/wp-content\/uploads\/2024\/08\/unnamed-13-1024x683.jpg\" alt=\"\" width=\"1024\" height=\"683\" srcset=\"https:\/\/diariodeloeste.com\/noticias\/wp-content\/uploads\/2024\/08\/unnamed-13-1024x683.jpg 1024w, https:\/\/diariodeloeste.com\/noticias\/wp-content\/uploads\/2024\/08\/unnamed-13-300x200.jpg 300w, https:\/\/diariodeloeste.com\/noticias\/wp-content\/uploads\/2024\/08\/unnamed-13-768x512.jpg 768w, https:\/\/diariodeloeste.com\/noticias\/wp-content\/uploads\/2024\/08\/unnamed-13-330x220.jpg 330w, https:\/\/diariodeloeste.com\/noticias\/wp-content\/uploads\/2024\/08\/unnamed-13-420x280.jpg 420w, https:\/\/diariodeloeste.com\/noticias\/wp-content\/uploads\/2024\/08\/unnamed-13-615x410.jpg 615w, https:\/\/diariodeloeste.com\/noticias\/wp-content\/uploads\/2024\/08\/unnamed-13-860x573.jpg 860w, https:\/\/diariodeloeste.com\/noticias\/wp-content\/uploads\/2024\/08\/unnamed-13.jpg 1500w\" sizes=\"auto, (max-width: 1024px) 100vw, 1024px\" \/> <img loading=\"lazy\" loading=\"lazy\" decoding=\"async\" class=\"alignnone wp-image-12270 size-large\" src=\"https:\/\/diariodeloeste.com\/noticias\/wp-content\/uploads\/2024\/08\/unnamed-12-1024x683.jpg\" alt=\"\" width=\"1024\" height=\"683\" srcset=\"https:\/\/diariodeloeste.com\/noticias\/wp-content\/uploads\/2024\/08\/unnamed-12-1024x683.jpg 1024w, https:\/\/diariodeloeste.com\/noticias\/wp-content\/uploads\/2024\/08\/unnamed-12-300x200.jpg 300w, https:\/\/diariodeloeste.com\/noticias\/wp-content\/uploads\/2024\/08\/unnamed-12-768x512.jpg 768w, https:\/\/diariodeloeste.com\/noticias\/wp-content\/uploads\/2024\/08\/unnamed-12-330x220.jpg 330w, https:\/\/diariodeloeste.com\/noticias\/wp-content\/uploads\/2024\/08\/unnamed-12-420x280.jpg 420w, https:\/\/diariodeloeste.com\/noticias\/wp-content\/uploads\/2024\/08\/unnamed-12-615x410.jpg 615w, https:\/\/diariodeloeste.com\/noticias\/wp-content\/uploads\/2024\/08\/unnamed-12-860x573.jpg 860w, https:\/\/diariodeloeste.com\/noticias\/wp-content\/uploads\/2024\/08\/unnamed-12.jpg 1500w\" sizes=\"auto, (max-width: 1024px) 100vw, 1024px\" \/><\/p>\n<script>function PlayerjsAsync(){} if(window[\"Playerjs\"]){PlayerjsAsync();}<\/script>","protected":false},"excerpt":{"rendered":"<p>Autoridades comunales acompa\u00f1aron el desarrollo del evento llevado adelante en el Microestadio Municipal \u201cContador Ricardo Ubieto\u201d de Don Torcuato. La propuesta cont\u00f3 con actividades deportivas, l\u00fadicas y shows infantiles para el disfrute de las familias. En el marco del Mes de las Infancias, el Municipio de Tigre organiz\u00f3 una jornada recreativa para el disfrute de [&hellip;]<\/p>\n","protected":false},"author":3,"featured_media":12266,"comment_status":"closed","ping_status":"closed","sticky":false,"template":"","format":"standard","meta":{"content-type":"","footnotes":""},"categories":[9],"tags":[757,507,1159,1158,1160],"class_list":{"0":"post-12264","1":"post","2":"type-post","3":"status-publish","4":"format-standard","5":"has-post-thumbnail","7":"category-titulares","8":"tag-gisela-zamora","9":"tag-julio-zamora","10":"tag-ornela-carlone","11":"tag-united-way","12":"tag-united-way-argentina"},"yoast_head":"<!-- This site is optimized with the Yoast SEO plugin v27.4 - https:\/\/yoast.com\/product\/yoast-seo-wordpress\/ -->\n<title>M\u00e1s de 350 ni\u00f1os y ni\u00f1as de Tigre participaron de la jornada recreativa \u201cFestival de Juegos y Deportes&quot; - Diario del Oeste<\/title>\n<meta name=\"robots\" content=\"index, follow, max-snippet:-1, max-image-preview:large, max-video-preview:-1\" \/>\n<link rel=\"canonical\" href=\"https:\/\/diariodeloeste.com\/noticias\/2024\/08\/17\/mas-de-350-ninos-y-ninas-de-tigre-participaron-de-la-jornada-recreativa-festival-de-juegos-y-deportes\/\" \/>\n<meta property=\"og:locale\" content=\"es_ES\" \/>\n<meta property=\"og:type\" content=\"article\" \/>\n<meta property=\"og:title\" content=\"M\u00e1s de 350 ni\u00f1os y ni\u00f1as de Tigre participaron de la jornada recreativa \u201cFestival de Juegos y Deportes&quot; - Diario del Oeste\" \/>\n<meta property=\"og:description\" content=\"Autoridades comunales acompa\u00f1aron el desarrollo del evento llevado adelante en el Microestadio Municipal \u201cContador Ricardo Ubieto\u201d de Don Torcuato. La propuesta cont\u00f3 con actividades deportivas, l\u00fadicas y shows infantiles para el disfrute de las familias. En el marco del Mes de las Infancias, el Municipio de Tigre organiz\u00f3 una jornada recreativa para el disfrute de [&hellip;]\" \/>\n<meta property=\"og:url\" content=\"https:\/\/diariodeloeste.com\/noticias\/2024\/08\/17\/mas-de-350-ninos-y-ninas-de-tigre-participaron-de-la-jornada-recreativa-festival-de-juegos-y-deportes\/\" \/>\n<meta property=\"og:site_name\" content=\"Diario del Oeste\" \/>\n<meta property=\"article:published_time\" content=\"2024-08-17T01:56:13+00:00\" \/>\n<meta property=\"og:image\" content=\"https:\/\/diariodeloeste.com\/noticias\/wp-content\/uploads\/2024\/08\/unnamed-16.jpg\" \/>\n\t<meta property=\"og:image:width\" content=\"1500\" \/>\n\t<meta property=\"og:image:height\" content=\"1000\" \/>\n\t<meta property=\"og:image:type\" content=\"image\/jpeg\" \/>\n<meta name=\"author\" content=\"Redaccion\" \/>\n<meta name=\"twitter:card\" content=\"summary_large_image\" \/>\n<meta name=\"twitter:label1\" content=\"Escrito por\" \/>\n\t<meta name=\"twitter:data1\" content=\"Redaccion\" \/>\n\t<meta name=\"twitter:label2\" content=\"Tiempo de lectura\" \/>\n\t<meta name=\"twitter:data2\" content=\"3 minutos\" \/>\n<script type=\"application\/ld+json\" class=\"yoast-schema-graph\">{\"@context\":\"https:\\\/\\\/schema.org\",\"@graph\":[{\"@type\":\"Article\",\"@id\":\"https:\\\/\\\/diariodeloeste.com\\\/noticias\\\/2024\\\/08\\\/17\\\/mas-de-350-ninos-y-ninas-de-tigre-participaron-de-la-jornada-recreativa-festival-de-juegos-y-deportes\\\/#article\",\"isPartOf\":{\"@id\":\"https:\\\/\\\/diariodeloeste.com\\\/noticias\\\/2024\\\/08\\\/17\\\/mas-de-350-ninos-y-ninas-de-tigre-participaron-de-la-jornada-recreativa-festival-de-juegos-y-deportes\\\/\"},\"author\":{\"name\":\"Redaccion\",\"@id\":\"https:\\\/\\\/diariodeloeste.com\\\/noticias\\\/#\\\/schema\\\/person\\\/1f7be965f8c093432e1cbfcee0ac4047\"},\"headline\":\"M\u00e1s de 350 ni\u00f1os y ni\u00f1as de Tigre participaron de la jornada recreativa \u201cFestival de Juegos y Deportes&#8221;\",\"datePublished\":\"2024-08-17T01:56:13+00:00\",\"mainEntityOfPage\":{\"@id\":\"https:\\\/\\\/diariodeloeste.com\\\/noticias\\\/2024\\\/08\\\/17\\\/mas-de-350-ninos-y-ninas-de-tigre-participaron-de-la-jornada-recreativa-festival-de-juegos-y-deportes\\\/\"},\"wordCount\":382,\"publisher\":{\"@id\":\"https:\\\/\\\/diariodeloeste.com\\\/noticias\\\/#organization\"},\"image\":{\"@id\":\"https:\\\/\\\/diariodeloeste.com\\\/noticias\\\/2024\\\/08\\\/17\\\/mas-de-350-ninos-y-ninas-de-tigre-participaron-de-la-jornada-recreativa-festival-de-juegos-y-deportes\\\/#primaryimage\"},\"thumbnailUrl\":\"https:\\\/\\\/diariodeloeste.com\\\/noticias\\\/wp-content\\\/uploads\\\/2024\\\/08\\\/unnamed-16.jpg\",\"keywords\":[\"Gisela Zamora\",\"Julio Zamora\",\"Ornela Carlone\",\"United Way\",\"United Way Argentina\"],\"articleSection\":[\"Titulares\"],\"inLanguage\":\"es-AR\"},{\"@type\":\"WebPage\",\"@id\":\"https:\\\/\\\/diariodeloeste.com\\\/noticias\\\/2024\\\/08\\\/17\\\/mas-de-350-ninos-y-ninas-de-tigre-participaron-de-la-jornada-recreativa-festival-de-juegos-y-deportes\\\/\",\"url\":\"https:\\\/\\\/diariodeloeste.com\\\/noticias\\\/2024\\\/08\\\/17\\\/mas-de-350-ninos-y-ninas-de-tigre-participaron-de-la-jornada-recreativa-festival-de-juegos-y-deportes\\\/\",\"name\":\"M\u00e1s de 350 ni\u00f1os y ni\u00f1as de Tigre participaron de la jornada recreativa \u201cFestival de Juegos y Deportes\\\" - Diario del Oeste\",\"isPartOf\":{\"@id\":\"https:\\\/\\\/diariodeloeste.com\\\/noticias\\\/#website\"},\"primaryImageOfPage\":{\"@id\":\"https:\\\/\\\/diariodeloeste.com\\\/noticias\\\/2024\\\/08\\\/17\\\/mas-de-350-ninos-y-ninas-de-tigre-participaron-de-la-jornada-recreativa-festival-de-juegos-y-deportes\\\/#primaryimage\"},\"image\":{\"@id\":\"https:\\\/\\\/diariodeloeste.com\\\/noticias\\\/2024\\\/08\\\/17\\\/mas-de-350-ninos-y-ninas-de-tigre-participaron-de-la-jornada-recreativa-festival-de-juegos-y-deportes\\\/#primaryimage\"},\"thumbnailUrl\":\"https:\\\/\\\/diariodeloeste.com\\\/noticias\\\/wp-content\\\/uploads\\\/2024\\\/08\\\/unnamed-16.jpg\",\"datePublished\":\"2024-08-17T01:56:13+00:00\",\"breadcrumb\":{\"@id\":\"https:\\\/\\\/diariodeloeste.com\\\/noticias\\\/2024\\\/08\\\/17\\\/mas-de-350-ninos-y-ninas-de-tigre-participaron-de-la-jornada-recreativa-festival-de-juegos-y-deportes\\\/#breadcrumb\"},\"inLanguage\":\"es-AR\",\"potentialAction\":[{\"@type\":\"ReadAction\",\"target\":[\"https:\\\/\\\/diariodeloeste.com\\\/noticias\\\/2024\\\/08\\\/17\\\/mas-de-350-ninos-y-ninas-de-tigre-participaron-de-la-jornada-recreativa-festival-de-juegos-y-deportes\\\/\"]}]},{\"@type\":\"ImageObject\",\"inLanguage\":\"es-AR\",\"@id\":\"https:\\\/\\\/diariodeloeste.com\\\/noticias\\\/2024\\\/08\\\/17\\\/mas-de-350-ninos-y-ninas-de-tigre-participaron-de-la-jornada-recreativa-festival-de-juegos-y-deportes\\\/#primaryimage\",\"url\":\"https:\\\/\\\/diariodeloeste.com\\\/noticias\\\/wp-content\\\/uploads\\\/2024\\\/08\\\/unnamed-16.jpg\",\"contentUrl\":\"https:\\\/\\\/diariodeloeste.com\\\/noticias\\\/wp-content\\\/uploads\\\/2024\\\/08\\\/unnamed-16.jpg\",\"width\":1500,\"height\":1000},{\"@type\":\"BreadcrumbList\",\"@id\":\"https:\\\/\\\/diariodeloeste.com\\\/noticias\\\/2024\\\/08\\\/17\\\/mas-de-350-ninos-y-ninas-de-tigre-participaron-de-la-jornada-recreativa-festival-de-juegos-y-deportes\\\/#breadcrumb\",\"itemListElement\":[{\"@type\":\"ListItem\",\"position\":1,\"name\":\"Inicio\",\"item\":\"https:\\\/\\\/diariodeloeste.com\\\/noticias\\\/\"},{\"@type\":\"ListItem\",\"position\":2,\"name\":\"M\u00e1s de 350 ni\u00f1os y ni\u00f1as de Tigre participaron de la jornada recreativa \u201cFestival de Juegos y Deportes&#8221;\"}]},{\"@type\":\"WebSite\",\"@id\":\"https:\\\/\\\/diariodeloeste.com\\\/noticias\\\/#website\",\"url\":\"https:\\\/\\\/diariodeloeste.com\\\/noticias\\\/\",\"name\":\"Diario del Oeste\",\"description\":\"Noticias del Oeste\",\"publisher\":{\"@id\":\"https:\\\/\\\/diariodeloeste.com\\\/noticias\\\/#organization\"},\"potentialAction\":[{\"@type\":\"SearchAction\",\"target\":{\"@type\":\"EntryPoint\",\"urlTemplate\":\"https:\\\/\\\/diariodeloeste.com\\\/noticias\\\/?s={search_term_string}\"},\"query-input\":{\"@type\":\"PropertyValueSpecification\",\"valueRequired\":true,\"valueName\":\"search_term_string\"}}],\"inLanguage\":\"es-AR\"},{\"@type\":\"Organization\",\"@id\":\"https:\\\/\\\/diariodeloeste.com\\\/noticias\\\/#organization\",\"name\":\"Diario del Oeste\",\"url\":\"https:\\\/\\\/diariodeloeste.com\\\/noticias\\\/\",\"logo\":{\"@type\":\"ImageObject\",\"inLanguage\":\"es-AR\",\"@id\":\"https:\\\/\\\/diariodeloeste.com\\\/noticias\\\/#\\\/schema\\\/logo\\\/image\\\/\",\"url\":\"https:\\\/\\\/diariodeloeste.com\\\/noticias\\\/wp-content\\\/uploads\\\/2019\\\/04\\\/logo.png\",\"contentUrl\":\"https:\\\/\\\/diariodeloeste.com\\\/noticias\\\/wp-content\\\/uploads\\\/2019\\\/04\\\/logo.png\",\"width\":306,\"height\":145,\"caption\":\"Diario del Oeste\"},\"image\":{\"@id\":\"https:\\\/\\\/diariodeloeste.com\\\/noticias\\\/#\\\/schema\\\/logo\\\/image\\\/\"}},{\"@type\":\"Person\",\"@id\":\"https:\\\/\\\/diariodeloeste.com\\\/noticias\\\/#\\\/schema\\\/person\\\/1f7be965f8c093432e1cbfcee0ac4047\",\"name\":\"Redaccion\",\"image\":{\"@type\":\"ImageObject\",\"inLanguage\":\"es-AR\",\"@id\":\"https:\\\/\\\/secure.gravatar.com\\\/avatar\\\/f9bc3a12e26b32d818d88f9a5b61de20b559752e499df507efa7ea3cea0550ef?s=96&d=mm&r=g\",\"url\":\"https:\\\/\\\/secure.gravatar.com\\\/avatar\\\/f9bc3a12e26b32d818d88f9a5b61de20b559752e499df507efa7ea3cea0550ef?s=96&d=mm&r=g\",\"contentUrl\":\"https:\\\/\\\/secure.gravatar.com\\\/avatar\\\/f9bc3a12e26b32d818d88f9a5b61de20b559752e499df507efa7ea3cea0550ef?s=96&d=mm&r=g\",\"caption\":\"Redaccion\"},\"url\":\"https:\\\/\\\/diariodeloeste.com\\\/noticias\\\/author\\\/redaccion\\\/\"}]}<\/script>\n<!-- \/ Yoast SEO plugin. -->","yoast_head_json":{"title":"M\u00e1s de 350 ni\u00f1os y ni\u00f1as de Tigre participaron de la jornada recreativa \u201cFestival de Juegos y Deportes\" - Diario del Oeste","robots":{"index":"index","follow":"follow","max-snippet":"max-snippet:-1","max-image-preview":"max-image-preview:large","max-video-preview":"max-video-preview:-1"},"canonical":"https:\/\/diariodeloeste.com\/noticias\/2024\/08\/17\/mas-de-350-ninos-y-ninas-de-tigre-participaron-de-la-jornada-recreativa-festival-de-juegos-y-deportes\/","og_locale":"es_ES","og_type":"article","og_title":"M\u00e1s de 350 ni\u00f1os y ni\u00f1as de Tigre participaron de la jornada recreativa \u201cFestival de Juegos y Deportes\" - Diario del Oeste","og_description":"Autoridades comunales acompa\u00f1aron el desarrollo del evento llevado adelante en el Microestadio Municipal \u201cContador Ricardo Ubieto\u201d de Don Torcuato. La propuesta cont\u00f3 con actividades deportivas, l\u00fadicas y shows infantiles para el disfrute de las familias. En el marco del Mes de las Infancias, el Municipio de Tigre organiz\u00f3 una jornada recreativa para el disfrute de [&hellip;]","og_url":"https:\/\/diariodeloeste.com\/noticias\/2024\/08\/17\/mas-de-350-ninos-y-ninas-de-tigre-participaron-de-la-jornada-recreativa-festival-de-juegos-y-deportes\/","og_site_name":"Diario del Oeste","article_published_time":"2024-08-17T01:56:13+00:00","og_image":[{"width":1500,"height":1000,"url":"https:\/\/diariodeloeste.com\/noticias\/wp-content\/uploads\/2024\/08\/unnamed-16.jpg","type":"image\/jpeg"}],"author":"Redaccion","twitter_card":"summary_large_image","twitter_misc":{"Escrito por":"Redaccion","Tiempo de lectura":"3 minutos"},"schema":{"@context":"https:\/\/schema.org","@graph":[{"@type":"Article","@id":"https:\/\/diariodeloeste.com\/noticias\/2024\/08\/17\/mas-de-350-ninos-y-ninas-de-tigre-participaron-de-la-jornada-recreativa-festival-de-juegos-y-deportes\/#article","isPartOf":{"@id":"https:\/\/diariodeloeste.com\/noticias\/2024\/08\/17\/mas-de-350-ninos-y-ninas-de-tigre-participaron-de-la-jornada-recreativa-festival-de-juegos-y-deportes\/"},"author":{"name":"Redaccion","@id":"https:\/\/diariodeloeste.com\/noticias\/#\/schema\/person\/1f7be965f8c093432e1cbfcee0ac4047"},"headline":"M\u00e1s de 350 ni\u00f1os y ni\u00f1as de Tigre participaron de la jornada recreativa \u201cFestival de Juegos y Deportes&#8221;","datePublished":"2024-08-17T01:56:13+00:00","mainEntityOfPage":{"@id":"https:\/\/diariodeloeste.com\/noticias\/2024\/08\/17\/mas-de-350-ninos-y-ninas-de-tigre-participaron-de-la-jornada-recreativa-festival-de-juegos-y-deportes\/"},"wordCount":382,"publisher":{"@id":"https:\/\/diariodeloeste.com\/noticias\/#organization"},"image":{"@id":"https:\/\/diariodeloeste.com\/noticias\/2024\/08\/17\/mas-de-350-ninos-y-ninas-de-tigre-participaron-de-la-jornada-recreativa-festival-de-juegos-y-deportes\/#primaryimage"},"thumbnailUrl":"https:\/\/diariodeloeste.com\/noticias\/wp-content\/uploads\/2024\/08\/unnamed-16.jpg","keywords":["Gisela Zamora","Julio Zamora","Ornela Carlone","United Way","United Way Argentina"],"articleSection":["Titulares"],"inLanguage":"es-AR"},{"@type":"WebPage","@id":"https:\/\/diariodeloeste.com\/noticias\/2024\/08\/17\/mas-de-350-ninos-y-ninas-de-tigre-participaron-de-la-jornada-recreativa-festival-de-juegos-y-deportes\/","url":"https:\/\/diariodeloeste.com\/noticias\/2024\/08\/17\/mas-de-350-ninos-y-ninas-de-tigre-participaron-de-la-jornada-recreativa-festival-de-juegos-y-deportes\/","name":"M\u00e1s de 350 ni\u00f1os y ni\u00f1as de Tigre participaron de la jornada recreativa \u201cFestival de Juegos y Deportes\" - Diario del Oeste","isPartOf":{"@id":"https:\/\/diariodeloeste.com\/noticias\/#website"},"primaryImageOfPage":{"@id":"https:\/\/diariodeloeste.com\/noticias\/2024\/08\/17\/mas-de-350-ninos-y-ninas-de-tigre-participaron-de-la-jornada-recreativa-festival-de-juegos-y-deportes\/#primaryimage"},"image":{"@id":"https:\/\/diariodeloeste.com\/noticias\/2024\/08\/17\/mas-de-350-ninos-y-ninas-de-tigre-participaron-de-la-jornada-recreativa-festival-de-juegos-y-deportes\/#primaryimage"},"thumbnailUrl":"https:\/\/diariodeloeste.com\/noticias\/wp-content\/uploads\/2024\/08\/unnamed-16.jpg","datePublished":"2024-08-17T01:56:13+00:00","breadcrumb":{"@id":"https:\/\/diariodeloeste.com\/noticias\/2024\/08\/17\/mas-de-350-ninos-y-ninas-de-tigre-participaron-de-la-jornada-recreativa-festival-de-juegos-y-deportes\/#breadcrumb"},"inLanguage":"es-AR","potentialAction":[{"@type":"ReadAction","target":["https:\/\/diariodeloeste.com\/noticias\/2024\/08\/17\/mas-de-350-ninos-y-ninas-de-tigre-participaron-de-la-jornada-recreativa-festival-de-juegos-y-deportes\/"]}]},{"@type":"ImageObject","inLanguage":"es-AR","@id":"https:\/\/diariodeloeste.com\/noticias\/2024\/08\/17\/mas-de-350-ninos-y-ninas-de-tigre-participaron-de-la-jornada-recreativa-festival-de-juegos-y-deportes\/#primaryimage","url":"https:\/\/diariodeloeste.com\/noticias\/wp-content\/uploads\/2024\/08\/unnamed-16.jpg","contentUrl":"https:\/\/diariodeloeste.com\/noticias\/wp-content\/uploads\/2024\/08\/unnamed-16.jpg","width":1500,"height":1000},{"@type":"BreadcrumbList","@id":"https:\/\/diariodeloeste.com\/noticias\/2024\/08\/17\/mas-de-350-ninos-y-ninas-de-tigre-participaron-de-la-jornada-recreativa-festival-de-juegos-y-deportes\/#breadcrumb","itemListElement":[{"@type":"ListItem","position":1,"name":"Inicio","item":"https:\/\/diariodeloeste.com\/noticias\/"},{"@type":"ListItem","position":2,"name":"M\u00e1s de 350 ni\u00f1os y ni\u00f1as de Tigre participaron de la jornada recreativa \u201cFestival de Juegos y Deportes&#8221;"}]},{"@type":"WebSite","@id":"https:\/\/diariodeloeste.com\/noticias\/#website","url":"https:\/\/diariodeloeste.com\/noticias\/","name":"Diario del Oeste","description":"Noticias del Oeste","publisher":{"@id":"https:\/\/diariodeloeste.com\/noticias\/#organization"},"potentialAction":[{"@type":"SearchAction","target":{"@type":"EntryPoint","urlTemplate":"https:\/\/diariodeloeste.com\/noticias\/?s={search_term_string}"},"query-input":{"@type":"PropertyValueSpecification","valueRequired":true,"valueName":"search_term_string"}}],"inLanguage":"es-AR"},{"@type":"Organization","@id":"https:\/\/diariodeloeste.com\/noticias\/#organization","name":"Diario del Oeste","url":"https:\/\/diariodeloeste.com\/noticias\/","logo":{"@type":"ImageObject","inLanguage":"es-AR","@id":"https:\/\/diariodeloeste.com\/noticias\/#\/schema\/logo\/image\/","url":"https:\/\/diariodeloeste.com\/noticias\/wp-content\/uploads\/2019\/04\/logo.png","contentUrl":"https:\/\/diariodeloeste.com\/noticias\/wp-content\/uploads\/2019\/04\/logo.png","width":306,"height":145,"caption":"Diario del Oeste"},"image":{"@id":"https:\/\/diariodeloeste.com\/noticias\/#\/schema\/logo\/image\/"}},{"@type":"Person","@id":"https:\/\/diariodeloeste.com\/noticias\/#\/schema\/person\/1f7be965f8c093432e1cbfcee0ac4047","name":"Redaccion","image":{"@type":"ImageObject","inLanguage":"es-AR","@id":"https:\/\/secure.gravatar.com\/avatar\/f9bc3a12e26b32d818d88f9a5b61de20b559752e499df507efa7ea3cea0550ef?s=96&d=mm&r=g","url":"https:\/\/secure.gravatar.com\/avatar\/f9bc3a12e26b32d818d88f9a5b61de20b559752e499df507efa7ea3cea0550ef?s=96&d=mm&r=g","contentUrl":"https:\/\/secure.gravatar.com\/avatar\/f9bc3a12e26b32d818d88f9a5b61de20b559752e499df507efa7ea3cea0550ef?s=96&d=mm&r=g","caption":"Redaccion"},"url":"https:\/\/diariodeloeste.com\/noticias\/author\/redaccion\/"}]}},"_links":{"self":[{"href":"https:\/\/diariodeloeste.com\/noticias\/wp-json\/wp\/v2\/posts\/12264","targetHints":{"allow":["GET"]}}],"collection":[{"href":"https:\/\/diariodeloeste.com\/noticias\/wp-json\/wp\/v2\/posts"}],"about":[{"href":"https:\/\/diariodeloeste.com\/noticias\/wp-json\/wp\/v2\/types\/post"}],"author":[{"embeddable":true,"href":"https:\/\/diariodeloeste.com\/noticias\/wp-json\/wp\/v2\/users\/3"}],"replies":[{"embeddable":true,"href":"https:\/\/diariodeloeste.com\/noticias\/wp-json\/wp\/v2\/comments?post=12264"}],"version-history":[{"count":1,"href":"https:\/\/diariodeloeste.com\/noticias\/wp-json\/wp\/v2\/posts\/12264\/revisions"}],"predecessor-version":[{"id":12271,"href":"https:\/\/diariodeloeste.com\/noticias\/wp-json\/wp\/v2\/posts\/12264\/revisions\/12271"}],"wp:featuredmedia":[{"embeddable":true,"href":"https:\/\/diariodeloeste.com\/noticias\/wp-json\/wp\/v2\/media\/12266"}],"wp:attachment":[{"href":"https:\/\/diariodeloeste.com\/noticias\/wp-json\/wp\/v2\/media?parent=12264"}],"wp:term":[{"taxonomy":"category","embeddable":true,"href":"https:\/\/diariodeloeste.com\/noticias\/wp-json\/wp\/v2\/categories?post=12264"},{"taxonomy":"post_tag","embeddable":true,"href":"https:\/\/diariodeloeste.com\/noticias\/wp-json\/wp\/v2\/tags?post=12264"}],"curies":[{"name":"wp","href":"https:\/\/api.w.org\/{rel}","templated":true}]}}