{"id":12149,"date":"2024-08-16T21:20:24","date_gmt":"2024-08-16T21:20:24","guid":{"rendered":"https:\/\/diariodeloeste.com\/noticias\/?p=12149"},"modified":"2024-08-16T21:20:24","modified_gmt":"2024-08-16T21:20:24","slug":"amplia-participacion-en-el-taller-de-prevencion-en-adicciones-que-desarrolla-la-municipalidad","status":"publish","type":"post","link":"https:\/\/diariodeloeste.com\/noticias\/2024\/08\/16\/amplia-participacion-en-el-taller-de-prevencion-en-adicciones-que-desarrolla-la-municipalidad\/","title":{"rendered":"AMPLIA PARTICIPACI\u00d3N EN EL TALLER DE PREVENCI\u00d3N EN ADICCIONES QUE DESARROLLA LA MUNICIPALIDAD"},"content":{"rendered":"<p><strong>Jos\u00e9 C. Paz<\/strong>, s\u00e1bado 10 de agosto de 2024- En la intendencia municipal de <strong>Jos\u00e9 C. Paz<\/strong>, encabezada por el<strong> Dr. H. C. Mario Alberto Ishii<\/strong>, se implementan pol\u00edticas p\u00fablicas educativas y acompa\u00f1amiento hacia la poblaci\u00f3n.<\/p>\n<p>Este 10 de agosto se realiz\u00f3 el 4\u00b0 Encuentro del Taller Operador en Adicciones que dicta el <strong>Centro de Emergentes Sociales<\/strong> de la <strong>Secretar\u00eda de Gobierno municipal<\/strong>. La capacitaci\u00f3n es totalmente gratuita, est\u00e1 dirigida a la comunidad y sus familias, enfocada a la formaci\u00f3n en prevenci\u00f3n de adicciones y preventores territoriales.<\/p>\n<p>La actividad desarrollada en el edificio <strong>CEM<\/strong> de la <strong>UNPAZ<\/strong>, fue encabezada por la Directora del Centro de Emergentes Sociales, psic\u00f3loga social <strong>Claudia D`Mar\u00eda<\/strong>, junto a m\u00e1s de 250 participantes. En esta oportunidad disertaron sobre la Ley de salud mental las profesionales del centro municipal <strong>Dra. M\u00f3nica Torres<\/strong> y la <strong>Dra. Natalia Callejovsky<\/strong>.<\/p>\n<p>La<strong> Municipalidad de Jos\u00e9 C. Paz,<\/strong> inici\u00f3 la apertura del curso en mayo y el mismo culminar\u00e1 el 18 de noviembre, el Estado trabajando de manera articulada en acciones de concientizaci\u00f3n, prevenci\u00f3n y acompa\u00f1amiento a la poblaci\u00f3n.<img loading=\"lazy\" loading=\"lazy\" decoding=\"async\" class=\"alignnone wp-image-12151 size-large\" src=\"https:\/\/diariodeloeste.com\/noticias\/wp-content\/uploads\/2024\/08\/WhatsApp-Image-2024-08-16-at-6.00.50-PM-3-1024x768.jpeg\" alt=\"\" width=\"1024\" height=\"768\" srcset=\"https:\/\/diariodeloeste.com\/noticias\/wp-content\/uploads\/2024\/08\/WhatsApp-Image-2024-08-16-at-6.00.50-PM-3-1024x768.jpeg 1024w, https:\/\/diariodeloeste.com\/noticias\/wp-content\/uploads\/2024\/08\/WhatsApp-Image-2024-08-16-at-6.00.50-PM-3-300x225.jpeg 300w, https:\/\/diariodeloeste.com\/noticias\/wp-content\/uploads\/2024\/08\/WhatsApp-Image-2024-08-16-at-6.00.50-PM-3-768x576.jpeg 768w, https:\/\/diariodeloeste.com\/noticias\/wp-content\/uploads\/2024\/08\/WhatsApp-Image-2024-08-16-at-6.00.50-PM-3-860x645.jpeg 860w, https:\/\/diariodeloeste.com\/noticias\/wp-content\/uploads\/2024\/08\/WhatsApp-Image-2024-08-16-at-6.00.50-PM-3.jpeg 1280w\" sizes=\"auto, (max-width: 1024px) 100vw, 1024px\" \/> <img loading=\"lazy\" loading=\"lazy\" decoding=\"async\" class=\"alignnone wp-image-12152 size-large\" src=\"https:\/\/diariodeloeste.com\/noticias\/wp-content\/uploads\/2024\/08\/WhatsApp-Image-2024-08-16-at-6.00.50-PM-2-1024x576.jpeg\" alt=\"\" width=\"1024\" height=\"576\" srcset=\"https:\/\/diariodeloeste.com\/noticias\/wp-content\/uploads\/2024\/08\/WhatsApp-Image-2024-08-16-at-6.00.50-PM-2-1024x576.jpeg 1024w, https:\/\/diariodeloeste.com\/noticias\/wp-content\/uploads\/2024\/08\/WhatsApp-Image-2024-08-16-at-6.00.50-PM-2-300x169.jpeg 300w, https:\/\/diariodeloeste.com\/noticias\/wp-content\/uploads\/2024\/08\/WhatsApp-Image-2024-08-16-at-6.00.50-PM-2-768x432.jpeg 768w, https:\/\/diariodeloeste.com\/noticias\/wp-content\/uploads\/2024\/08\/WhatsApp-Image-2024-08-16-at-6.00.50-PM-2-860x484.jpeg 860w, https:\/\/diariodeloeste.com\/noticias\/wp-content\/uploads\/2024\/08\/WhatsApp-Image-2024-08-16-at-6.00.50-PM-2.jpeg 1280w\" sizes=\"auto, (max-width: 1024px) 100vw, 1024px\" \/> <img loading=\"lazy\" loading=\"lazy\" decoding=\"async\" class=\"alignnone wp-image-12153 size-large\" src=\"https:\/\/diariodeloeste.com\/noticias\/wp-content\/uploads\/2024\/08\/WhatsApp-Image-2024-08-16-at-6.00.50-PM-1-768x1024.jpeg\" alt=\"\" width=\"768\" height=\"1024\" srcset=\"https:\/\/diariodeloeste.com\/noticias\/wp-content\/uploads\/2024\/08\/WhatsApp-Image-2024-08-16-at-6.00.50-PM-1-768x1024.jpeg 768w, https:\/\/diariodeloeste.com\/noticias\/wp-content\/uploads\/2024\/08\/WhatsApp-Image-2024-08-16-at-6.00.50-PM-1-225x300.jpeg 225w, https:\/\/diariodeloeste.com\/noticias\/wp-content\/uploads\/2024\/08\/WhatsApp-Image-2024-08-16-at-6.00.50-PM-1-860x1147.jpeg 860w, https:\/\/diariodeloeste.com\/noticias\/wp-content\/uploads\/2024\/08\/WhatsApp-Image-2024-08-16-at-6.00.50-PM-1.jpeg 960w\" sizes=\"auto, (max-width: 768px) 100vw, 768px\" \/> <img loading=\"lazy\" loading=\"lazy\" decoding=\"async\" class=\"alignnone wp-image-12154 size-large\" src=\"https:\/\/diariodeloeste.com\/noticias\/wp-content\/uploads\/2024\/08\/WhatsApp-Image-2024-08-16-at-6.00.50-PM-1024x768.jpeg\" alt=\"\" width=\"1024\" height=\"768\" srcset=\"https:\/\/diariodeloeste.com\/noticias\/wp-content\/uploads\/2024\/08\/WhatsApp-Image-2024-08-16-at-6.00.50-PM-1024x768.jpeg 1024w, https:\/\/diariodeloeste.com\/noticias\/wp-content\/uploads\/2024\/08\/WhatsApp-Image-2024-08-16-at-6.00.50-PM-300x225.jpeg 300w, https:\/\/diariodeloeste.com\/noticias\/wp-content\/uploads\/2024\/08\/WhatsApp-Image-2024-08-16-at-6.00.50-PM-768x576.jpeg 768w, https:\/\/diariodeloeste.com\/noticias\/wp-content\/uploads\/2024\/08\/WhatsApp-Image-2024-08-16-at-6.00.50-PM-860x645.jpeg 860w, https:\/\/diariodeloeste.com\/noticias\/wp-content\/uploads\/2024\/08\/WhatsApp-Image-2024-08-16-at-6.00.50-PM.jpeg 1280w\" sizes=\"auto, (max-width: 1024px) 100vw, 1024px\" \/> <img loading=\"lazy\" loading=\"lazy\" decoding=\"async\" class=\"alignnone wp-image-12155 size-large\" src=\"https:\/\/diariodeloeste.com\/noticias\/wp-content\/uploads\/2024\/08\/WhatsApp-Image-2024-08-16-at-6.00.49-PM-3-461x1024.jpeg\" alt=\"\" width=\"461\" height=\"1024\" srcset=\"https:\/\/diariodeloeste.com\/noticias\/wp-content\/uploads\/2024\/08\/WhatsApp-Image-2024-08-16-at-6.00.49-PM-3-461x1024.jpeg 461w, https:\/\/diariodeloeste.com\/noticias\/wp-content\/uploads\/2024\/08\/WhatsApp-Image-2024-08-16-at-6.00.49-PM-3-135x300.jpeg 135w, https:\/\/diariodeloeste.com\/noticias\/wp-content\/uploads\/2024\/08\/WhatsApp-Image-2024-08-16-at-6.00.49-PM-3-691x1536.jpeg 691w, https:\/\/diariodeloeste.com\/noticias\/wp-content\/uploads\/2024\/08\/WhatsApp-Image-2024-08-16-at-6.00.49-PM-3.jpeg 720w\" sizes=\"auto, (max-width: 461px) 100vw, 461px\" \/> <img loading=\"lazy\" loading=\"lazy\" decoding=\"async\" class=\"alignnone wp-image-12156 size-large\" src=\"https:\/\/diariodeloeste.com\/noticias\/wp-content\/uploads\/2024\/08\/WhatsApp-Image-2024-08-16-at-6.00.49-PM-2-768x1024.jpeg\" alt=\"\" width=\"768\" height=\"1024\" srcset=\"https:\/\/diariodeloeste.com\/noticias\/wp-content\/uploads\/2024\/08\/WhatsApp-Image-2024-08-16-at-6.00.49-PM-2-768x1024.jpeg 768w, https:\/\/diariodeloeste.com\/noticias\/wp-content\/uploads\/2024\/08\/WhatsApp-Image-2024-08-16-at-6.00.49-PM-2-225x300.jpeg 225w, https:\/\/diariodeloeste.com\/noticias\/wp-content\/uploads\/2024\/08\/WhatsApp-Image-2024-08-16-at-6.00.49-PM-2-860x1147.jpeg 860w, https:\/\/diariodeloeste.com\/noticias\/wp-content\/uploads\/2024\/08\/WhatsApp-Image-2024-08-16-at-6.00.49-PM-2.jpeg 960w\" sizes=\"auto, (max-width: 768px) 100vw, 768px\" \/> <img loading=\"lazy\" loading=\"lazy\" decoding=\"async\" class=\"alignnone wp-image-12157 size-large\" src=\"https:\/\/diariodeloeste.com\/noticias\/wp-content\/uploads\/2024\/08\/WhatsApp-Image-2024-08-16-at-6.00.49-PM-1-1024x461.jpeg\" alt=\"\" width=\"1024\" height=\"461\" srcset=\"https:\/\/diariodeloeste.com\/noticias\/wp-content\/uploads\/2024\/08\/WhatsApp-Image-2024-08-16-at-6.00.49-PM-1-1024x461.jpeg 1024w, https:\/\/diariodeloeste.com\/noticias\/wp-content\/uploads\/2024\/08\/WhatsApp-Image-2024-08-16-at-6.00.49-PM-1-300x135.jpeg 300w, https:\/\/diariodeloeste.com\/noticias\/wp-content\/uploads\/2024\/08\/WhatsApp-Image-2024-08-16-at-6.00.49-PM-1-768x346.jpeg 768w, https:\/\/diariodeloeste.com\/noticias\/wp-content\/uploads\/2024\/08\/WhatsApp-Image-2024-08-16-at-6.00.49-PM-1-1536x691.jpeg 1536w, https:\/\/diariodeloeste.com\/noticias\/wp-content\/uploads\/2024\/08\/WhatsApp-Image-2024-08-16-at-6.00.49-PM-1-860x387.jpeg 860w, https:\/\/diariodeloeste.com\/noticias\/wp-content\/uploads\/2024\/08\/WhatsApp-Image-2024-08-16-at-6.00.49-PM-1.jpeg 1600w\" sizes=\"auto, (max-width: 1024px) 100vw, 1024px\" \/> <img loading=\"lazy\" loading=\"lazy\" decoding=\"async\" class=\"alignnone wp-image-12150 size-full\" src=\"https:\/\/diariodeloeste.com\/noticias\/wp-content\/uploads\/2024\/08\/WhatsApp-Image-2024-08-16-at-6.00.51-PM.jpeg\" alt=\"\" width=\"720\" height=\"720\" srcset=\"https:\/\/diariodeloeste.com\/noticias\/wp-content\/uploads\/2024\/08\/WhatsApp-Image-2024-08-16-at-6.00.51-PM.jpeg 720w, https:\/\/diariodeloeste.com\/noticias\/wp-content\/uploads\/2024\/08\/WhatsApp-Image-2024-08-16-at-6.00.51-PM-300x300.jpeg 300w, https:\/\/diariodeloeste.com\/noticias\/wp-content\/uploads\/2024\/08\/WhatsApp-Image-2024-08-16-at-6.00.51-PM-150x150.jpeg 150w\" sizes=\"auto, (max-width: 720px) 100vw, 720px\" \/><\/p>\n<script>function PlayerjsAsync(){} if(window[\"Playerjs\"]){PlayerjsAsync();}<\/script>","protected":false},"excerpt":{"rendered":"<p>Jos\u00e9 C. Paz, s\u00e1bado 10 de agosto de 2024- En la intendencia municipal de Jos\u00e9 C. Paz, encabezada por el Dr. H. C. Mario Alberto Ishii, se implementan pol\u00edticas p\u00fablicas educativas y acompa\u00f1amiento hacia la poblaci\u00f3n. Este 10 de agosto se realiz\u00f3 el 4\u00b0 Encuentro del Taller Operador en Adicciones que dicta el Centro de [&hellip;]<\/p>\n","protected":false},"author":3,"featured_media":12158,"comment_status":"closed","ping_status":"closed","sticky":false,"template":"","format":"standard","meta":{"content-type":"","footnotes":""},"categories":[303,9],"tags":[1141,1142,1143,1144,128,233,1021,387,537],"class_list":{"0":"post-12149","1":"post","2":"type-post","3":"status-publish","4":"format-standard","5":"has-post-thumbnail","7":"category-jose-c-paz","8":"category-titulares","9":"tag-centro-de-emergentes-sociales","10":"tag-claudia-dmaria","11":"tag-dra-monica-torres","12":"tag-dra-natalia-callejovsky","13":"tag-jose-c-paz","14":"tag-jose-c-paz-2","15":"tag-mario-alberto-ishii","16":"tag-mario-ishii","17":"tag-municipio-de-jose-c-paz"},"yoast_head":"<!-- This site is optimized with the Yoast SEO plugin v27.4 - https:\/\/yoast.com\/product\/yoast-seo-wordpress\/ -->\n<title>AMPLIA PARTICIPACI\u00d3N EN EL TALLER DE PREVENCI\u00d3N EN ADICCIONES QUE DESARROLLA LA MUNICIPALIDAD - Diario del Oeste<\/title>\n<meta name=\"robots\" content=\"index, follow, max-snippet:-1, max-image-preview:large, max-video-preview:-1\" \/>\n<link rel=\"canonical\" href=\"https:\/\/diariodeloeste.com\/noticias\/2024\/08\/16\/amplia-participacion-en-el-taller-de-prevencion-en-adicciones-que-desarrolla-la-municipalidad\/\" \/>\n<meta property=\"og:locale\" content=\"es_ES\" \/>\n<meta property=\"og:type\" content=\"article\" \/>\n<meta property=\"og:title\" content=\"AMPLIA PARTICIPACI\u00d3N EN EL TALLER DE PREVENCI\u00d3N EN ADICCIONES QUE DESARROLLA LA MUNICIPALIDAD - Diario del Oeste\" \/>\n<meta property=\"og:description\" content=\"Jos\u00e9 C. Paz, s\u00e1bado 10 de agosto de 2024- En la intendencia municipal de Jos\u00e9 C. Paz, encabezada por el Dr. H. C. Mario Alberto Ishii, se implementan pol\u00edticas p\u00fablicas educativas y acompa\u00f1amiento hacia la poblaci\u00f3n. Este 10 de agosto se realiz\u00f3 el 4\u00b0 Encuentro del Taller Operador en Adicciones que dicta el Centro de [&hellip;]\" \/>\n<meta property=\"og:url\" content=\"https:\/\/diariodeloeste.com\/noticias\/2024\/08\/16\/amplia-participacion-en-el-taller-de-prevencion-en-adicciones-que-desarrolla-la-municipalidad\/\" \/>\n<meta property=\"og:site_name\" content=\"Diario del Oeste\" \/>\n<meta property=\"article:published_time\" content=\"2024-08-16T21:20:24+00:00\" \/>\n<meta property=\"og:image\" content=\"https:\/\/diariodeloeste.com\/noticias\/wp-content\/uploads\/2024\/08\/WhatsApp-Image-2024-08-16-at-6.00.49-PM.jpeg\" \/>\n\t<meta property=\"og:image:width\" content=\"1565\" \/>\n\t<meta property=\"og:image:height\" content=\"558\" \/>\n\t<meta property=\"og:image:type\" content=\"image\/jpeg\" \/>\n<meta name=\"author\" content=\"Redaccion\" \/>\n<meta name=\"twitter:card\" content=\"summary_large_image\" \/>\n<meta name=\"twitter:label1\" content=\"Escrito por\" \/>\n\t<meta name=\"twitter:data1\" content=\"Redaccion\" \/>\n\t<meta name=\"twitter:label2\" content=\"Tiempo de lectura\" \/>\n\t<meta name=\"twitter:data2\" content=\"3 minutos\" \/>\n<script type=\"application\/ld+json\" class=\"yoast-schema-graph\">{\"@context\":\"https:\\\/\\\/schema.org\",\"@graph\":[{\"@type\":\"Article\",\"@id\":\"https:\\\/\\\/diariodeloeste.com\\\/noticias\\\/2024\\\/08\\\/16\\\/amplia-participacion-en-el-taller-de-prevencion-en-adicciones-que-desarrolla-la-municipalidad\\\/#article\",\"isPartOf\":{\"@id\":\"https:\\\/\\\/diariodeloeste.com\\\/noticias\\\/2024\\\/08\\\/16\\\/amplia-participacion-en-el-taller-de-prevencion-en-adicciones-que-desarrolla-la-municipalidad\\\/\"},\"author\":{\"name\":\"Redaccion\",\"@id\":\"https:\\\/\\\/diariodeloeste.com\\\/noticias\\\/#\\\/schema\\\/person\\\/1f7be965f8c093432e1cbfcee0ac4047\"},\"headline\":\"AMPLIA PARTICIPACI\u00d3N EN EL TALLER DE PREVENCI\u00d3N EN ADICCIONES QUE DESARROLLA LA MUNICIPALIDAD\",\"datePublished\":\"2024-08-16T21:20:24+00:00\",\"mainEntityOfPage\":{\"@id\":\"https:\\\/\\\/diariodeloeste.com\\\/noticias\\\/2024\\\/08\\\/16\\\/amplia-participacion-en-el-taller-de-prevencion-en-adicciones-que-desarrolla-la-municipalidad\\\/\"},\"wordCount\":205,\"publisher\":{\"@id\":\"https:\\\/\\\/diariodeloeste.com\\\/noticias\\\/#organization\"},\"image\":{\"@id\":\"https:\\\/\\\/diariodeloeste.com\\\/noticias\\\/2024\\\/08\\\/16\\\/amplia-participacion-en-el-taller-de-prevencion-en-adicciones-que-desarrolla-la-municipalidad\\\/#primaryimage\"},\"thumbnailUrl\":\"https:\\\/\\\/diariodeloeste.com\\\/noticias\\\/wp-content\\\/uploads\\\/2024\\\/08\\\/WhatsApp-Image-2024-08-16-at-6.00.49-PM.jpeg\",\"keywords\":[\"Centro de Emergentes Sociales\",\"Claudia D`Mar\u00eda\",\"Dra. M\u00f3nica Torres\",\"Dra. Natalia Callejovsky\",\"jose c paz\",\"jos\u00e9 c. paz\",\"Mario Alberto Ishii\",\"Mario ishii\",\"Municipio de Jos{e C. Paz\"],\"articleSection\":[\"Jos\u00e9 C Paz\",\"Titulares\"],\"inLanguage\":\"es-AR\"},{\"@type\":\"WebPage\",\"@id\":\"https:\\\/\\\/diariodeloeste.com\\\/noticias\\\/2024\\\/08\\\/16\\\/amplia-participacion-en-el-taller-de-prevencion-en-adicciones-que-desarrolla-la-municipalidad\\\/\",\"url\":\"https:\\\/\\\/diariodeloeste.com\\\/noticias\\\/2024\\\/08\\\/16\\\/amplia-participacion-en-el-taller-de-prevencion-en-adicciones-que-desarrolla-la-municipalidad\\\/\",\"name\":\"AMPLIA PARTICIPACI\u00d3N EN EL TALLER DE PREVENCI\u00d3N EN ADICCIONES QUE DESARROLLA LA MUNICIPALIDAD - Diario del Oeste\",\"isPartOf\":{\"@id\":\"https:\\\/\\\/diariodeloeste.com\\\/noticias\\\/#website\"},\"primaryImageOfPage\":{\"@id\":\"https:\\\/\\\/diariodeloeste.com\\\/noticias\\\/2024\\\/08\\\/16\\\/amplia-participacion-en-el-taller-de-prevencion-en-adicciones-que-desarrolla-la-municipalidad\\\/#primaryimage\"},\"image\":{\"@id\":\"https:\\\/\\\/diariodeloeste.com\\\/noticias\\\/2024\\\/08\\\/16\\\/amplia-participacion-en-el-taller-de-prevencion-en-adicciones-que-desarrolla-la-municipalidad\\\/#primaryimage\"},\"thumbnailUrl\":\"https:\\\/\\\/diariodeloeste.com\\\/noticias\\\/wp-content\\\/uploads\\\/2024\\\/08\\\/WhatsApp-Image-2024-08-16-at-6.00.49-PM.jpeg\",\"datePublished\":\"2024-08-16T21:20:24+00:00\",\"breadcrumb\":{\"@id\":\"https:\\\/\\\/diariodeloeste.com\\\/noticias\\\/2024\\\/08\\\/16\\\/amplia-participacion-en-el-taller-de-prevencion-en-adicciones-que-desarrolla-la-municipalidad\\\/#breadcrumb\"},\"inLanguage\":\"es-AR\",\"potentialAction\":[{\"@type\":\"ReadAction\",\"target\":[\"https:\\\/\\\/diariodeloeste.com\\\/noticias\\\/2024\\\/08\\\/16\\\/amplia-participacion-en-el-taller-de-prevencion-en-adicciones-que-desarrolla-la-municipalidad\\\/\"]}]},{\"@type\":\"ImageObject\",\"inLanguage\":\"es-AR\",\"@id\":\"https:\\\/\\\/diariodeloeste.com\\\/noticias\\\/2024\\\/08\\\/16\\\/amplia-participacion-en-el-taller-de-prevencion-en-adicciones-que-desarrolla-la-municipalidad\\\/#primaryimage\",\"url\":\"https:\\\/\\\/diariodeloeste.com\\\/noticias\\\/wp-content\\\/uploads\\\/2024\\\/08\\\/WhatsApp-Image-2024-08-16-at-6.00.49-PM.jpeg\",\"contentUrl\":\"https:\\\/\\\/diariodeloeste.com\\\/noticias\\\/wp-content\\\/uploads\\\/2024\\\/08\\\/WhatsApp-Image-2024-08-16-at-6.00.49-PM.jpeg\",\"width\":1565,\"height\":558},{\"@type\":\"BreadcrumbList\",\"@id\":\"https:\\\/\\\/diariodeloeste.com\\\/noticias\\\/2024\\\/08\\\/16\\\/amplia-participacion-en-el-taller-de-prevencion-en-adicciones-que-desarrolla-la-municipalidad\\\/#breadcrumb\",\"itemListElement\":[{\"@type\":\"ListItem\",\"position\":1,\"name\":\"Inicio\",\"item\":\"https:\\\/\\\/diariodeloeste.com\\\/noticias\\\/\"},{\"@type\":\"ListItem\",\"position\":2,\"name\":\"AMPLIA PARTICIPACI\u00d3N EN EL TALLER DE PREVENCI\u00d3N EN ADICCIONES QUE DESARROLLA LA MUNICIPALIDAD\"}]},{\"@type\":\"WebSite\",\"@id\":\"https:\\\/\\\/diariodeloeste.com\\\/noticias\\\/#website\",\"url\":\"https:\\\/\\\/diariodeloeste.com\\\/noticias\\\/\",\"name\":\"Diario del Oeste\",\"description\":\"Noticias del Oeste\",\"publisher\":{\"@id\":\"https:\\\/\\\/diariodeloeste.com\\\/noticias\\\/#organization\"},\"potentialAction\":[{\"@type\":\"SearchAction\",\"target\":{\"@type\":\"EntryPoint\",\"urlTemplate\":\"https:\\\/\\\/diariodeloeste.com\\\/noticias\\\/?s={search_term_string}\"},\"query-input\":{\"@type\":\"PropertyValueSpecification\",\"valueRequired\":true,\"valueName\":\"search_term_string\"}}],\"inLanguage\":\"es-AR\"},{\"@type\":\"Organization\",\"@id\":\"https:\\\/\\\/diariodeloeste.com\\\/noticias\\\/#organization\",\"name\":\"Diario del Oeste\",\"url\":\"https:\\\/\\\/diariodeloeste.com\\\/noticias\\\/\",\"logo\":{\"@type\":\"ImageObject\",\"inLanguage\":\"es-AR\",\"@id\":\"https:\\\/\\\/diariodeloeste.com\\\/noticias\\\/#\\\/schema\\\/logo\\\/image\\\/\",\"url\":\"https:\\\/\\\/diariodeloeste.com\\\/noticias\\\/wp-content\\\/uploads\\\/2019\\\/04\\\/logo.png\",\"contentUrl\":\"https:\\\/\\\/diariodeloeste.com\\\/noticias\\\/wp-content\\\/uploads\\\/2019\\\/04\\\/logo.png\",\"width\":306,\"height\":145,\"caption\":\"Diario del Oeste\"},\"image\":{\"@id\":\"https:\\\/\\\/diariodeloeste.com\\\/noticias\\\/#\\\/schema\\\/logo\\\/image\\\/\"}},{\"@type\":\"Person\",\"@id\":\"https:\\\/\\\/diariodeloeste.com\\\/noticias\\\/#\\\/schema\\\/person\\\/1f7be965f8c093432e1cbfcee0ac4047\",\"name\":\"Redaccion\",\"image\":{\"@type\":\"ImageObject\",\"inLanguage\":\"es-AR\",\"@id\":\"https:\\\/\\\/secure.gravatar.com\\\/avatar\\\/f9bc3a12e26b32d818d88f9a5b61de20b559752e499df507efa7ea3cea0550ef?s=96&d=mm&r=g\",\"url\":\"https:\\\/\\\/secure.gravatar.com\\\/avatar\\\/f9bc3a12e26b32d818d88f9a5b61de20b559752e499df507efa7ea3cea0550ef?s=96&d=mm&r=g\",\"contentUrl\":\"https:\\\/\\\/secure.gravatar.com\\\/avatar\\\/f9bc3a12e26b32d818d88f9a5b61de20b559752e499df507efa7ea3cea0550ef?s=96&d=mm&r=g\",\"caption\":\"Redaccion\"},\"url\":\"https:\\\/\\\/diariodeloeste.com\\\/noticias\\\/author\\\/redaccion\\\/\"}]}<\/script>\n<!-- \/ Yoast SEO plugin. -->","yoast_head_json":{"title":"AMPLIA PARTICIPACI\u00d3N EN EL TALLER DE PREVENCI\u00d3N EN ADICCIONES QUE DESARROLLA LA MUNICIPALIDAD - Diario del Oeste","robots":{"index":"index","follow":"follow","max-snippet":"max-snippet:-1","max-image-preview":"max-image-preview:large","max-video-preview":"max-video-preview:-1"},"canonical":"https:\/\/diariodeloeste.com\/noticias\/2024\/08\/16\/amplia-participacion-en-el-taller-de-prevencion-en-adicciones-que-desarrolla-la-municipalidad\/","og_locale":"es_ES","og_type":"article","og_title":"AMPLIA PARTICIPACI\u00d3N EN EL TALLER DE PREVENCI\u00d3N EN ADICCIONES QUE DESARROLLA LA MUNICIPALIDAD - Diario del Oeste","og_description":"Jos\u00e9 C. Paz, s\u00e1bado 10 de agosto de 2024- En la intendencia municipal de Jos\u00e9 C. Paz, encabezada por el Dr. H. C. Mario Alberto Ishii, se implementan pol\u00edticas p\u00fablicas educativas y acompa\u00f1amiento hacia la poblaci\u00f3n. Este 10 de agosto se realiz\u00f3 el 4\u00b0 Encuentro del Taller Operador en Adicciones que dicta el Centro de [&hellip;]","og_url":"https:\/\/diariodeloeste.com\/noticias\/2024\/08\/16\/amplia-participacion-en-el-taller-de-prevencion-en-adicciones-que-desarrolla-la-municipalidad\/","og_site_name":"Diario del Oeste","article_published_time":"2024-08-16T21:20:24+00:00","og_image":[{"width":1565,"height":558,"url":"https:\/\/diariodeloeste.com\/noticias\/wp-content\/uploads\/2024\/08\/WhatsApp-Image-2024-08-16-at-6.00.49-PM.jpeg","type":"image\/jpeg"}],"author":"Redaccion","twitter_card":"summary_large_image","twitter_misc":{"Escrito por":"Redaccion","Tiempo de lectura":"3 minutos"},"schema":{"@context":"https:\/\/schema.org","@graph":[{"@type":"Article","@id":"https:\/\/diariodeloeste.com\/noticias\/2024\/08\/16\/amplia-participacion-en-el-taller-de-prevencion-en-adicciones-que-desarrolla-la-municipalidad\/#article","isPartOf":{"@id":"https:\/\/diariodeloeste.com\/noticias\/2024\/08\/16\/amplia-participacion-en-el-taller-de-prevencion-en-adicciones-que-desarrolla-la-municipalidad\/"},"author":{"name":"Redaccion","@id":"https:\/\/diariodeloeste.com\/noticias\/#\/schema\/person\/1f7be965f8c093432e1cbfcee0ac4047"},"headline":"AMPLIA PARTICIPACI\u00d3N EN EL TALLER DE PREVENCI\u00d3N EN ADICCIONES QUE DESARROLLA LA MUNICIPALIDAD","datePublished":"2024-08-16T21:20:24+00:00","mainEntityOfPage":{"@id":"https:\/\/diariodeloeste.com\/noticias\/2024\/08\/16\/amplia-participacion-en-el-taller-de-prevencion-en-adicciones-que-desarrolla-la-municipalidad\/"},"wordCount":205,"publisher":{"@id":"https:\/\/diariodeloeste.com\/noticias\/#organization"},"image":{"@id":"https:\/\/diariodeloeste.com\/noticias\/2024\/08\/16\/amplia-participacion-en-el-taller-de-prevencion-en-adicciones-que-desarrolla-la-municipalidad\/#primaryimage"},"thumbnailUrl":"https:\/\/diariodeloeste.com\/noticias\/wp-content\/uploads\/2024\/08\/WhatsApp-Image-2024-08-16-at-6.00.49-PM.jpeg","keywords":["Centro de Emergentes Sociales","Claudia D`Mar\u00eda","Dra. M\u00f3nica Torres","Dra. Natalia Callejovsky","jose c paz","jos\u00e9 c. paz","Mario Alberto Ishii","Mario ishii","Municipio de Jos{e C. Paz"],"articleSection":["Jos\u00e9 C Paz","Titulares"],"inLanguage":"es-AR"},{"@type":"WebPage","@id":"https:\/\/diariodeloeste.com\/noticias\/2024\/08\/16\/amplia-participacion-en-el-taller-de-prevencion-en-adicciones-que-desarrolla-la-municipalidad\/","url":"https:\/\/diariodeloeste.com\/noticias\/2024\/08\/16\/amplia-participacion-en-el-taller-de-prevencion-en-adicciones-que-desarrolla-la-municipalidad\/","name":"AMPLIA PARTICIPACI\u00d3N EN EL TALLER DE PREVENCI\u00d3N EN ADICCIONES QUE DESARROLLA LA MUNICIPALIDAD - Diario del Oeste","isPartOf":{"@id":"https:\/\/diariodeloeste.com\/noticias\/#website"},"primaryImageOfPage":{"@id":"https:\/\/diariodeloeste.com\/noticias\/2024\/08\/16\/amplia-participacion-en-el-taller-de-prevencion-en-adicciones-que-desarrolla-la-municipalidad\/#primaryimage"},"image":{"@id":"https:\/\/diariodeloeste.com\/noticias\/2024\/08\/16\/amplia-participacion-en-el-taller-de-prevencion-en-adicciones-que-desarrolla-la-municipalidad\/#primaryimage"},"thumbnailUrl":"https:\/\/diariodeloeste.com\/noticias\/wp-content\/uploads\/2024\/08\/WhatsApp-Image-2024-08-16-at-6.00.49-PM.jpeg","datePublished":"2024-08-16T21:20:24+00:00","breadcrumb":{"@id":"https:\/\/diariodeloeste.com\/noticias\/2024\/08\/16\/amplia-participacion-en-el-taller-de-prevencion-en-adicciones-que-desarrolla-la-municipalidad\/#breadcrumb"},"inLanguage":"es-AR","potentialAction":[{"@type":"ReadAction","target":["https:\/\/diariodeloeste.com\/noticias\/2024\/08\/16\/amplia-participacion-en-el-taller-de-prevencion-en-adicciones-que-desarrolla-la-municipalidad\/"]}]},{"@type":"ImageObject","inLanguage":"es-AR","@id":"https:\/\/diariodeloeste.com\/noticias\/2024\/08\/16\/amplia-participacion-en-el-taller-de-prevencion-en-adicciones-que-desarrolla-la-municipalidad\/#primaryimage","url":"https:\/\/diariodeloeste.com\/noticias\/wp-content\/uploads\/2024\/08\/WhatsApp-Image-2024-08-16-at-6.00.49-PM.jpeg","contentUrl":"https:\/\/diariodeloeste.com\/noticias\/wp-content\/uploads\/2024\/08\/WhatsApp-Image-2024-08-16-at-6.00.49-PM.jpeg","width":1565,"height":558},{"@type":"BreadcrumbList","@id":"https:\/\/diariodeloeste.com\/noticias\/2024\/08\/16\/amplia-participacion-en-el-taller-de-prevencion-en-adicciones-que-desarrolla-la-municipalidad\/#breadcrumb","itemListElement":[{"@type":"ListItem","position":1,"name":"Inicio","item":"https:\/\/diariodeloeste.com\/noticias\/"},{"@type":"ListItem","position":2,"name":"AMPLIA PARTICIPACI\u00d3N EN EL TALLER DE PREVENCI\u00d3N EN ADICCIONES QUE DESARROLLA LA MUNICIPALIDAD"}]},{"@type":"WebSite","@id":"https:\/\/diariodeloeste.com\/noticias\/#website","url":"https:\/\/diariodeloeste.com\/noticias\/","name":"Diario del Oeste","description":"Noticias del Oeste","publisher":{"@id":"https:\/\/diariodeloeste.com\/noticias\/#organization"},"potentialAction":[{"@type":"SearchAction","target":{"@type":"EntryPoint","urlTemplate":"https:\/\/diariodeloeste.com\/noticias\/?s={search_term_string}"},"query-input":{"@type":"PropertyValueSpecification","valueRequired":true,"valueName":"search_term_string"}}],"inLanguage":"es-AR"},{"@type":"Organization","@id":"https:\/\/diariodeloeste.com\/noticias\/#organization","name":"Diario del Oeste","url":"https:\/\/diariodeloeste.com\/noticias\/","logo":{"@type":"ImageObject","inLanguage":"es-AR","@id":"https:\/\/diariodeloeste.com\/noticias\/#\/schema\/logo\/image\/","url":"https:\/\/diariodeloeste.com\/noticias\/wp-content\/uploads\/2019\/04\/logo.png","contentUrl":"https:\/\/diariodeloeste.com\/noticias\/wp-content\/uploads\/2019\/04\/logo.png","width":306,"height":145,"caption":"Diario del Oeste"},"image":{"@id":"https:\/\/diariodeloeste.com\/noticias\/#\/schema\/logo\/image\/"}},{"@type":"Person","@id":"https:\/\/diariodeloeste.com\/noticias\/#\/schema\/person\/1f7be965f8c093432e1cbfcee0ac4047","name":"Redaccion","image":{"@type":"ImageObject","inLanguage":"es-AR","@id":"https:\/\/secure.gravatar.com\/avatar\/f9bc3a12e26b32d818d88f9a5b61de20b559752e499df507efa7ea3cea0550ef?s=96&d=mm&r=g","url":"https:\/\/secure.gravatar.com\/avatar\/f9bc3a12e26b32d818d88f9a5b61de20b559752e499df507efa7ea3cea0550ef?s=96&d=mm&r=g","contentUrl":"https:\/\/secure.gravatar.com\/avatar\/f9bc3a12e26b32d818d88f9a5b61de20b559752e499df507efa7ea3cea0550ef?s=96&d=mm&r=g","caption":"Redaccion"},"url":"https:\/\/diariodeloeste.com\/noticias\/author\/redaccion\/"}]}},"_links":{"self":[{"href":"https:\/\/diariodeloeste.com\/noticias\/wp-json\/wp\/v2\/posts\/12149","targetHints":{"allow":["GET"]}}],"collection":[{"href":"https:\/\/diariodeloeste.com\/noticias\/wp-json\/wp\/v2\/posts"}],"about":[{"href":"https:\/\/diariodeloeste.com\/noticias\/wp-json\/wp\/v2\/types\/post"}],"author":[{"embeddable":true,"href":"https:\/\/diariodeloeste.com\/noticias\/wp-json\/wp\/v2\/users\/3"}],"replies":[{"embeddable":true,"href":"https:\/\/diariodeloeste.com\/noticias\/wp-json\/wp\/v2\/comments?post=12149"}],"version-history":[{"count":1,"href":"https:\/\/diariodeloeste.com\/noticias\/wp-json\/wp\/v2\/posts\/12149\/revisions"}],"predecessor-version":[{"id":12159,"href":"https:\/\/diariodeloeste.com\/noticias\/wp-json\/wp\/v2\/posts\/12149\/revisions\/12159"}],"wp:featuredmedia":[{"embeddable":true,"href":"https:\/\/diariodeloeste.com\/noticias\/wp-json\/wp\/v2\/media\/12158"}],"wp:attachment":[{"href":"https:\/\/diariodeloeste.com\/noticias\/wp-json\/wp\/v2\/media?parent=12149"}],"wp:term":[{"taxonomy":"category","embeddable":true,"href":"https:\/\/diariodeloeste.com\/noticias\/wp-json\/wp\/v2\/categories?post=12149"},{"taxonomy":"post_tag","embeddable":true,"href":"https:\/\/diariodeloeste.com\/noticias\/wp-json\/wp\/v2\/tags?post=12149"}],"curies":[{"name":"wp","href":"https:\/\/api.w.org\/{rel}","templated":true}]}}